{"id":9791,"date":"2023-08-14T14:36:00","date_gmt":"2023-08-14T12:36:00","guid":{"rendered":"https:\/\/fcspartaktrnava.com\/?p=9791"},"modified":"2023-08-14T14:36:34","modified_gmt":"2023-08-14T12:36:34","slug":"spartak-je-silny-ako-kolektiv","status":"publish","type":"post","link":"https:\/\/fcspartaktrnava.com\/en\/spartak-je-silny-ako-kolektiv\/","title":{"rendered":"Spartak je siln\u00fd ako kolekt\u00edv"},"content":{"rendered":"<p>Vo \u0161tvrtok od 20. hodiny sa v&nbsp;odvetnom z\u00e1pase 3. predkola Eur\u00f3pskej konferen\u010dnej ligy stretne v&nbsp;Trnave Spartak s&nbsp;Lechom Pozna\u0148. V&nbsp;prvom z\u00e1pase vyhrali Poliaci tesne 2:1, no v\u00fdsledok d\u00e1va \u0161ancu na postup do play off obom s\u00faperom.<\/p>\n\n\n\n<p>FC Spartak sa v&nbsp;kr\u00e1tkom \u010dase stretne v&nbsp;konfront\u00e1cii s&nbsp;tret\u00edm po\u013esk\u00fdm s\u00faperom. V&nbsp;roku 2018 vyradili zverenci tr\u00e9nera Radoslava L\u00e1tala Legiu Var\u0161ava v&nbsp;2. predkole Ligy majstrov po v\u00fdsledkoch 2:0 v Po\u013esku a&nbsp;0:1 doma. Vlani sa v&nbsp;rovnakej f\u00e1ze Eur\u00f3pskej konferen\u010dnej ligy ako teraz stretli s&nbsp;Rakowom Czestochowa. Bud\u00faci majster Po\u013eska vyhral v&nbsp;Trnave 2:0 a&nbsp;doma 1:0.<\/p>\n\n\n\n<p>K\u00fdm v&nbsp;predch\u00e1dzaj\u00facich konfront\u00e1ci\u00e1ch post\u00fapil t\u00edm, ktor\u00fd v&nbsp;\u00favodnom z\u00e1pase vyhral na p\u00f4de s\u00fapera. Tentoraz Lech uh\u00e1jil dom\u00e1cu p\u00f4du a&nbsp;o&nbsp;to ist\u00e9 sa pok\u00fasia aj spartakovci vo \u0161tvrtok na \u0160tadi\u00f3ne Antona Malatinsk\u00e9ho.<\/p>\n\n\n\n<p>Lech a&nbsp;Spartak sa stretli minul\u00fd t\u00fd\u017ede\u0148 po prv\u00fdkr\u00e1t, no viacero hr\u00e1\u010dov z&nbsp;k\u00e1dra Spartaka u\u017e proti Poznani hralo v&nbsp;drese in\u00fdch klubov po\u013eskej Ekstraklasy. V&nbsp;s\u00fa\u010dasnom k\u00e1dri sme nar\u00e1tali a\u017e dev\u00e4\u0165 futbalistov, ktor\u00ed u\u017e mali s&nbsp;Lechom t\u00fa \u010des\u0165, desiatym je tr\u00e9ner Michala Ga\u0161par\u00edka. Ten nast\u00fapil proti Poznani v&nbsp;drese G\u00f3rnika Zabrze a&nbsp;prehral 0:2.<\/p>\n\n\n\n<p>Najviac z\u00e1pasov zaznamenal proti Lechu Samuel \u0160tef\u00e1nik, ktor\u00fd do prv\u00e9ho z\u00e1pasu minul\u00fd t\u00fd\u017ede\u0148 nezasiahol. V&nbsp;drese Bialsko Bialej bol pri v\u00ed\u0165azstve 4:1, v \u010fal\u0161\u00edch 7 z\u00e1pasoch za Termalicu v\u0161ak z\u00edskal len jednu rem\u00edzu.<\/p>\n\n\n\n<p>Naj\u010derstvej\u0161iu sk\u00fasenos\u0165 m\u00e1 z&nbsp;minulej sez\u00f3ny Martin \u0160ulek. S&nbsp;Wislou Plock zhodne jeden z\u00e1pas vyhrali a&nbsp;jeden prehrali. V&nbsp;G\u00f3rniku Zabrze hr\u00e1vali aj Roman Proch\u00e1zka a&nbsp;Filip Bainovi\u010d. Spolu odohrali z\u00e1pas, v&nbsp;ktorom prehrali s&nbsp;Lechom 1:4 a&nbsp;\u010fal\u0161ie dva zvl\u00e1\u0161\u0165. Proch\u00e1zka v&nbsp;nich dva razy remizoval 1:1, Bainovi\u010d oba prehral 1:3.<\/p>\n\n\n\n<p>\u0160tyrikr\u00e1t nast\u00fapil v&nbsp;po\u013eskej lige proti Lechu Martin Bukata v&nbsp;drese Piastu Gliwice. Dva z\u00e1pasy remizoval a&nbsp;dva prehral. Trikr\u00e1t hral proti \u017eelezni\u010diarom z&nbsp;Lechu Martin Mikovi\u010d za Termalicu &nbsp;Nieciecza a&nbsp;dve sk\u00fasenosti m\u00e1 zo Zaglebia Lubin s&nbsp;Lechom Erik Daniel. Vo v\u0161etk\u00fdch piatich pr\u00edpadoch vyhralo mu\u017estvo z&nbsp;Poznane.<\/p>\n\n\n\n<p>Pred Tak\u00e1\u010dom, ktor\u00fd chytal proti Poznani vo \u0161tvrtok, st\u00e1li v&nbsp;br\u00e1nke aj Dobrivoj Rusov za Piast Gliwice a&nbsp;\u013dubo\u0161 Kamen\u00e1r za Slask Wroclaw. Rusov svoj z\u00e1pas prehral 1:5 a&nbsp;Kamen\u00e1r 0:3.<\/p>\n\n\n\n<p>Individu\u00e1lne bilancie s\u00fa v\u0161ak len takou novin\u00e1rskou hra\u010dkou, ktor\u00e9 nemaj\u00fa \u017eiadnu v\u00fdpovedn\u00fa hodnotu. Spartakovci u\u017e neraz dok\u00e1zali, \u017ee ako kolekt\u00edv dok\u00e1\u017eu zdola\u0165 aj s\u00fapera, ktor\u00fd m\u00e1 lep\u0161\u00edch jednotlivcov a&nbsp;na papieri drah\u0161\u00ed k\u00e1der. Sta\u010d\u00ed si spomen\u00fa\u0165 na m\u00e1jov\u00e9 fin\u00e1le poh\u00e1ra, kde sa Slovan hotoval na odplatu, ktor\u00fa bude musie\u0165 minim\u00e1lne o&nbsp;\u010fal\u0161\u00ed rok odlo\u017ei\u0165.<\/p>\n\n\n\n<p>Spartak Trnava je najsilnej\u0161\u00ed v z\u00e1pasoch, ke\u010f v\u0161etci dr\u017eia spolu \u2013 hr\u00e1\u010di na ihrisku, aj fan\u00fa\u0161ikovia na trib\u00fanach. V&nbsp;takom prostred\u00ed je mo\u017en\u00e9 zmaza\u0165 rozdiely, ktor\u00e9 by inde boli vidite\u013en\u00e9. Nie\u010do vy\u0161e troch dn\u00ed pred z\u00e1pasom je c\u00edti\u0165, \u017ee sa maxim\u00e1lne zodpovedne pripravuj\u00fa futbalisti, aj ich pr\u00edvr\u017eenci. Z\u00e1pas by mal by\u0165, podobne ako na spom\u00ednan\u00e9 fin\u00e1le Slovnaft cupu, vypredan\u00fd.<\/p>\n\n\n\n<p>V\u00a0predaji je e\u0161te nie\u010do viac ako tritis\u00edc vstupeniek, ktor\u00e9 sa daj\u00fa k\u00fapi\u0165 <a href=\"https:\/\/cityarena.maxiticket.sk\/fc-spartak-trnava-vs-lech-poznan-2023\" target=\"_blank\" rel=\"noreferrer noopener\">online<\/a>, vo fanshope, pr\u00edpadne v\u00a0pokladni na \u0160portovej ulici zajtra od 15:30 do 17:30. V\u00a0pr\u00edpade, \u017ee bud\u00fa e\u0161te vstupenky k\u00a0dispoz\u00edcii aj v\u00a0de\u0148 z\u00e1pasu, tak bud\u00fa otvoren\u00e9 pokladne aj vo \u0161tvrtok od 16. do 18.hodiny. Upozor\u0148ujeme fan\u00fa\u0161ikov, aby si n\u00e1kup vstupeniek nenech\u00e1vali na posledn\u00fa chv\u00ed\u013eu a\u00a0z\u00e1rove\u0148, aby pred z\u00e1pasom pri\u0161li na svoje miesta v\u00a0dostato\u010dnom predstihu. \u0160tadi\u00f3n bude otvoren\u00fd od 18. hodiny. Ke\u010f\u017ee ide o\u00a0rizikov\u00fd z\u00e1pas, vstupenky s\u00fa pred\u00e1van\u00e9 na meno a\u00a0pred vstupom bud\u00fa dvojstup\u0148ov\u00e9 kontroly.<\/p>","protected":false},"excerpt":{"rendered":"<p>Vo \u0161tvrtok od 20. hodiny sa v&nbsp;odvetnom z\u00e1pase&#8230;<\/p>","protected":false},"author":2,"featured_media":9696,"comment_status":"closed","ping_status":"closed","sticky":false,"template":"","format":"standard","meta":{"footnotes":""},"categories":[12],"tags":[],"class_list":["post-9791","post","type-post","status-publish","format-standard","has-post-thumbnail","hentry","category-spravy","post-number-1"],"yoast_head":"<!-- This site is optimized with the Yoast SEO plugin v27.1.1 - https:\/\/yoast.com\/product\/yoast-seo-wordpress\/ -->\n<title>Spartak je siln\u00fd ako kolekt\u00edv - FC Spartak Trnava<\/title>\n<meta name=\"robots\" content=\"index, follow, max-snippet:-1, max-image-preview:large, max-video-preview:-1\" \/>\n<link rel=\"canonical\" href=\"https:\/\/fcspartaktrnava.com\/en\/spartak-je-silny-ako-kolektiv\/\" \/>\n<meta name=\"twitter:label1\" content=\"Written by\" \/>\n\t<meta name=\"twitter:data1\" content=\"spartak\" \/>\n\t<meta name=\"twitter:label2\" content=\"Estimated reading time\" \/>\n\t<meta name=\"twitter:data2\" content=\"4 minutes\" \/>\n<script type=\"application\/ld+json\" class=\"yoast-schema-graph\">{\"@context\":\"https:\/\/schema.org\",\"@graph\":[{\"@type\":\"Article\",\"@id\":\"https:\/\/fcspartaktrnava.com\/spartak-je-silny-ako-kolektiv\/#article\",\"isPartOf\":{\"@id\":\"https:\/\/fcspartaktrnava.com\/spartak-je-silny-ako-kolektiv\/\"},\"author\":{\"name\":\"spartak\",\"@id\":\"https:\/\/fcspartaktrnava.com\/#\/schema\/person\/24bc5b254af14f71d7d8af178790aa75\"},\"headline\":\"Spartak je siln\u00fd ako kolekt\u00edv\",\"datePublished\":\"2023-08-14T12:36:00+00:00\",\"dateModified\":\"2023-08-14T12:36:34+00:00\",\"mainEntityOfPage\":{\"@id\":\"https:\/\/fcspartaktrnava.com\/spartak-je-silny-ako-kolektiv\/\"},\"wordCount\":743,\"publisher\":{\"@id\":\"https:\/\/fcspartaktrnava.com\/#organization\"},\"image\":{\"@id\":\"https:\/\/fcspartaktrnava.com\/spartak-je-silny-ako-kolektiv\/#primaryimage\"},\"thumbnailUrl\":\"https:\/\/fcspartaktrnava.com\/wp-content\/uploads\/2023\/08\/DSC_5144.jpg\",\"articleSection\":[\"Spr\u00e1vy\"],\"inLanguage\":\"en-GB\"},{\"@type\":\"WebPage\",\"@id\":\"https:\/\/fcspartaktrnava.com\/spartak-je-silny-ako-kolektiv\/\",\"url\":\"https:\/\/fcspartaktrnava.com\/spartak-je-silny-ako-kolektiv\/\",\"name\":\"Spartak je siln\u00fd ako kolekt\u00edv - FC Spartak Trnava\",\"isPartOf\":{\"@id\":\"https:\/\/fcspartaktrnava.com\/#website\"},\"primaryImageOfPage\":{\"@id\":\"https:\/\/fcspartaktrnava.com\/spartak-je-silny-ako-kolektiv\/#primaryimage\"},\"image\":{\"@id\":\"https:\/\/fcspartaktrnava.com\/spartak-je-silny-ako-kolektiv\/#primaryimage\"},\"thumbnailUrl\":\"https:\/\/fcspartaktrnava.com\/wp-content\/uploads\/2023\/08\/DSC_5144.jpg\",\"datePublished\":\"2023-08-14T12:36:00+00:00\",\"dateModified\":\"2023-08-14T12:36:34+00:00\",\"breadcrumb\":{\"@id\":\"https:\/\/fcspartaktrnava.com\/spartak-je-silny-ako-kolektiv\/#breadcrumb\"},\"inLanguage\":\"en-GB\",\"potentialAction\":[{\"@type\":\"ReadAction\",\"target\":[\"https:\/\/fcspartaktrnava.com\/spartak-je-silny-ako-kolektiv\/\"]}]},{\"@type\":\"ImageObject\",\"inLanguage\":\"en-GB\",\"@id\":\"https:\/\/fcspartaktrnava.com\/spartak-je-silny-ako-kolektiv\/#primaryimage\",\"url\":\"https:\/\/fcspartaktrnava.com\/wp-content\/uploads\/2023\/08\/DSC_5144.jpg\",\"contentUrl\":\"https:\/\/fcspartaktrnava.com\/wp-content\/uploads\/2023\/08\/DSC_5144.jpg\",\"width\":1500,\"height\":998},{\"@type\":\"BreadcrumbList\",\"@id\":\"https:\/\/fcspartaktrnava.com\/spartak-je-silny-ako-kolektiv\/#breadcrumb\",\"itemListElement\":[{\"@type\":\"ListItem\",\"position\":1,\"name\":\"Home\",\"item\":\"https:\/\/fcspartaktrnava.com\/\"},{\"@type\":\"ListItem\",\"position\":2,\"name\":\"Spartak je siln\u00fd ako kolekt\u00edv\"}]},{\"@type\":\"WebSite\",\"@id\":\"https:\/\/fcspartaktrnava.com\/#website\",\"url\":\"https:\/\/fcspartaktrnava.com\/\",\"name\":\"FC Spartak Trnava\",\"description\":\"ofici\u00e1lna webstr\u00e1nka futbalov\u00e9ho klubu\",\"publisher\":{\"@id\":\"https:\/\/fcspartaktrnava.com\/#organization\"},\"potentialAction\":[{\"@type\":\"SearchAction\",\"target\":{\"@type\":\"EntryPoint\",\"urlTemplate\":\"https:\/\/fcspartaktrnava.com\/?s={search_term_string}\"},\"query-input\":{\"@type\":\"PropertyValueSpecification\",\"valueRequired\":true,\"valueName\":\"search_term_string\"}}],\"inLanguage\":\"en-GB\"},{\"@type\":\"Organization\",\"@id\":\"https:\/\/fcspartaktrnava.com\/#organization\",\"name\":\"FC Spartak Trnava\",\"alternateName\":\"Spartak\",\"url\":\"https:\/\/fcspartaktrnava.com\/\",\"logo\":{\"@type\":\"ImageObject\",\"inLanguage\":\"en-GB\",\"@id\":\"https:\/\/fcspartaktrnava.com\/#\/schema\/logo\/image\/\",\"url\":\"https:\/\/fcspartaktrnava.com\/wp-content\/uploads\/2022\/08\/cropped-site_logo.png\",\"contentUrl\":\"https:\/\/fcspartaktrnava.com\/wp-content\/uploads\/2022\/08\/cropped-site_logo.png\",\"width\":140,\"height\":140,\"caption\":\"FC Spartak Trnava\"},\"image\":{\"@id\":\"https:\/\/fcspartaktrnava.com\/#\/schema\/logo\/image\/\"},\"sameAs\":[\"https:\/\/www.facebook.com\/SpartakTrnava\",\"https:\/\/x.com\/SpartakTrnava1\",\"https:\/\/www.instagram.com\/spartak_sk\/\"]},{\"@type\":\"Person\",\"@id\":\"https:\/\/fcspartaktrnava.com\/#\/schema\/person\/24bc5b254af14f71d7d8af178790aa75\",\"name\":\"spartak\",\"image\":{\"@type\":\"ImageObject\",\"inLanguage\":\"en-GB\",\"@id\":\"https:\/\/fcspartaktrnava.com\/#\/schema\/person\/image\/\",\"url\":\"https:\/\/secure.gravatar.com\/avatar\/f8ff8584f3fcf3909a11a6da9019f37749183b4015bca14e64556c52614cdc7f?s=96&d=mm&r=g\",\"contentUrl\":\"https:\/\/secure.gravatar.com\/avatar\/f8ff8584f3fcf3909a11a6da9019f37749183b4015bca14e64556c52614cdc7f?s=96&d=mm&r=g\",\"caption\":\"spartak\"},\"url\":\"https:\/\/fcspartaktrnava.com\/en\/author\/spartak\/\"}]}<\/script>\n<!-- \/ Yoast SEO plugin. -->","yoast_head_json":{"title":"Spartak je siln\u00fd ako kolekt\u00edv - FC Spartak Trnava","robots":{"index":"index","follow":"follow","max-snippet":"max-snippet:-1","max-image-preview":"max-image-preview:large","max-video-preview":"max-video-preview:-1"},"canonical":"https:\/\/fcspartaktrnava.com\/en\/spartak-je-silny-ako-kolektiv\/","twitter_misc":{"Written by":"spartak","Estimated reading time":"4 minutes"},"schema":{"@context":"https:\/\/schema.org","@graph":[{"@type":"Article","@id":"https:\/\/fcspartaktrnava.com\/spartak-je-silny-ako-kolektiv\/#article","isPartOf":{"@id":"https:\/\/fcspartaktrnava.com\/spartak-je-silny-ako-kolektiv\/"},"author":{"name":"spartak","@id":"https:\/\/fcspartaktrnava.com\/#\/schema\/person\/24bc5b254af14f71d7d8af178790aa75"},"headline":"Spartak je siln\u00fd ako kolekt\u00edv","datePublished":"2023-08-14T12:36:00+00:00","dateModified":"2023-08-14T12:36:34+00:00","mainEntityOfPage":{"@id":"https:\/\/fcspartaktrnava.com\/spartak-je-silny-ako-kolektiv\/"},"wordCount":743,"publisher":{"@id":"https:\/\/fcspartaktrnava.com\/#organization"},"image":{"@id":"https:\/\/fcspartaktrnava.com\/spartak-je-silny-ako-kolektiv\/#primaryimage"},"thumbnailUrl":"https:\/\/fcspartaktrnava.com\/wp-content\/uploads\/2023\/08\/DSC_5144.jpg","articleSection":["Spr\u00e1vy"],"inLanguage":"en-GB"},{"@type":"WebPage","@id":"https:\/\/fcspartaktrnava.com\/spartak-je-silny-ako-kolektiv\/","url":"https:\/\/fcspartaktrnava.com\/spartak-je-silny-ako-kolektiv\/","name":"Spartak je siln\u00fd ako kolekt\u00edv - FC Spartak Trnava","isPartOf":{"@id":"https:\/\/fcspartaktrnava.com\/#website"},"primaryImageOfPage":{"@id":"https:\/\/fcspartaktrnava.com\/spartak-je-silny-ako-kolektiv\/#primaryimage"},"image":{"@id":"https:\/\/fcspartaktrnava.com\/spartak-je-silny-ako-kolektiv\/#primaryimage"},"thumbnailUrl":"https:\/\/fcspartaktrnava.com\/wp-content\/uploads\/2023\/08\/DSC_5144.jpg","datePublished":"2023-08-14T12:36:00+00:00","dateModified":"2023-08-14T12:36:34+00:00","breadcrumb":{"@id":"https:\/\/fcspartaktrnava.com\/spartak-je-silny-ako-kolektiv\/#breadcrumb"},"inLanguage":"en-GB","potentialAction":[{"@type":"ReadAction","target":["https:\/\/fcspartaktrnava.com\/spartak-je-silny-ako-kolektiv\/"]}]},{"@type":"ImageObject","inLanguage":"en-GB","@id":"https:\/\/fcspartaktrnava.com\/spartak-je-silny-ako-kolektiv\/#primaryimage","url":"https:\/\/fcspartaktrnava.com\/wp-content\/uploads\/2023\/08\/DSC_5144.jpg","contentUrl":"https:\/\/fcspartaktrnava.com\/wp-content\/uploads\/2023\/08\/DSC_5144.jpg","width":1500,"height":998},{"@type":"BreadcrumbList","@id":"https:\/\/fcspartaktrnava.com\/spartak-je-silny-ako-kolektiv\/#breadcrumb","itemListElement":[{"@type":"ListItem","position":1,"name":"Home","item":"https:\/\/fcspartaktrnava.com\/"},{"@type":"ListItem","position":2,"name":"Spartak je siln\u00fd ako kolekt\u00edv"}]},{"@type":"WebSite","@id":"https:\/\/fcspartaktrnava.com\/#website","url":"https:\/\/fcspartaktrnava.com\/","name":"FC Spartak Trnava","description":"ofici\u00e1lna webstr\u00e1nka futbalov\u00e9ho klubu","publisher":{"@id":"https:\/\/fcspartaktrnava.com\/#organization"},"potentialAction":[{"@type":"SearchAction","target":{"@type":"EntryPoint","urlTemplate":"https:\/\/fcspartaktrnava.com\/?s={search_term_string}"},"query-input":{"@type":"PropertyValueSpecification","valueRequired":true,"valueName":"search_term_string"}}],"inLanguage":"en-GB"},{"@type":"Organization","@id":"https:\/\/fcspartaktrnava.com\/#organization","name":"FC Spartak Trnava","alternateName":"Spartak","url":"https:\/\/fcspartaktrnava.com\/","logo":{"@type":"ImageObject","inLanguage":"en-GB","@id":"https:\/\/fcspartaktrnava.com\/#\/schema\/logo\/image\/","url":"https:\/\/fcspartaktrnava.com\/wp-content\/uploads\/2022\/08\/cropped-site_logo.png","contentUrl":"https:\/\/fcspartaktrnava.com\/wp-content\/uploads\/2022\/08\/cropped-site_logo.png","width":140,"height":140,"caption":"FC Spartak Trnava"},"image":{"@id":"https:\/\/fcspartaktrnava.com\/#\/schema\/logo\/image\/"},"sameAs":["https:\/\/www.facebook.com\/SpartakTrnava","https:\/\/x.com\/SpartakTrnava1","https:\/\/www.instagram.com\/spartak_sk\/"]},{"@type":"Person","@id":"https:\/\/fcspartaktrnava.com\/#\/schema\/person\/24bc5b254af14f71d7d8af178790aa75","name":"spartak","image":{"@type":"ImageObject","inLanguage":"en-GB","@id":"https:\/\/fcspartaktrnava.com\/#\/schema\/person\/image\/","url":"https:\/\/secure.gravatar.com\/avatar\/f8ff8584f3fcf3909a11a6da9019f37749183b4015bca14e64556c52614cdc7f?s=96&d=mm&r=g","contentUrl":"https:\/\/secure.gravatar.com\/avatar\/f8ff8584f3fcf3909a11a6da9019f37749183b4015bca14e64556c52614cdc7f?s=96&d=mm&r=g","caption":"spartak"},"url":"https:\/\/fcspartaktrnava.com\/en\/author\/spartak\/"}]}},"_links":{"self":[{"href":"https:\/\/fcspartaktrnava.com\/en\/wp-json\/wp\/v2\/posts\/9791","targetHints":{"allow":["GET"]}}],"collection":[{"href":"https:\/\/fcspartaktrnava.com\/en\/wp-json\/wp\/v2\/posts"}],"about":[{"href":"https:\/\/fcspartaktrnava.com\/en\/wp-json\/wp\/v2\/types\/post"}],"author":[{"embeddable":true,"href":"https:\/\/fcspartaktrnava.com\/en\/wp-json\/wp\/v2\/users\/2"}],"replies":[{"embeddable":true,"href":"https:\/\/fcspartaktrnava.com\/en\/wp-json\/wp\/v2\/comments?post=9791"}],"version-history":[{"count":0,"href":"https:\/\/fcspartaktrnava.com\/en\/wp-json\/wp\/v2\/posts\/9791\/revisions"}],"wp:featuredmedia":[{"embeddable":true,"href":"https:\/\/fcspartaktrnava.com\/en\/wp-json\/wp\/v2\/media\/9696"}],"wp:attachment":[{"href":"https:\/\/fcspartaktrnava.com\/en\/wp-json\/wp\/v2\/media?parent=9791"}],"wp:term":[{"taxonomy":"category","embeddable":true,"href":"https:\/\/fcspartaktrnava.com\/en\/wp-json\/wp\/v2\/categories?post=9791"},{"taxonomy":"post_tag","embeddable":true,"href":"https:\/\/fcspartaktrnava.com\/en\/wp-json\/wp\/v2\/tags?post=9791"}],"curies":[{"name":"wp","href":"https:\/\/api.w.org\/{rel}","templated":true}]}}