{"id":9732,"date":"2023-08-13T20:16:23","date_gmt":"2023-08-13T18:16:23","guid":{"rendered":"https:\/\/fcspartaktrnava.com\/?p=9732"},"modified":"2023-08-13T20:16:24","modified_gmt":"2023-08-13T18:16:24","slug":"niektore-timy-odohrali-prvy-majstrovsky-zapas-ine-absolvovali-generalku","status":"publish","type":"post","link":"https:\/\/fcspartaktrnava.com\/en\/niektore-timy-odohrali-prvy-majstrovsky-zapas-ine-absolvovali-generalku\/","title":{"rendered":"Niektor\u00e9 t\u00edmy odohrali prv\u00fd majstrovsk\u00fd z\u00e1pas, in\u00e9 absolvovali gener\u00e1lku"},"content":{"rendered":"<p><strong>FC Spartak Trnava U19 \u2013 FC Ko\u0161ice U19 1:1 (0:0)<\/strong><\/p>\n\n\n\n<p>Dev\u00e4tn\u00e1stka odohrala prv\u00fd majstrovsk\u00fd z\u00e1pas v&nbsp;novej sez\u00f3ne proti nepr\u00edjemn\u00fdm Ko\u0161iciam. Po bezg\u00f3lovom prvom pol\u010dase videl jeden z&nbsp;hos\u0165uj\u00facich hr\u00e1\u010dov \u010derven\u00fa kartu, \u010do sme dok\u00e1zali pretavi\u0165 na otv\u00e1rac\u00ed g\u00f3l Lipovsk\u00e9ho. Bohu\u017eia\u013e, mu\u017estvu z&nbsp;v\u00fdchodu Slovenska sa podarilo v&nbsp;z\u00e1vere\u010dnej desa\u0165min\u00fatovke vyrovna\u0165 na kone\u010dn\u00fdch 1:1.<\/p>\n\n\n\n<p><strong>FCST U19: <\/strong>Tobias \u2013 Danihel (59. U\u0161\u010denko), Stano, Fan\u010dovi\u010d, Krchn\u00e1r (76. \u010cavojsk\u00fd), Horn\u00edk, Justh, Adamkovi\u010d (11. Henyig), Lipovsk\u00fd, Bil\u010d\u00edk (C), Mas\u00e1r<\/p>\n\n\n\n<p><strong>Goals: <\/strong>72. Lipovsk\u00fd<\/p>\n\n\n\n<p><strong>Yellow cards: <\/strong>Mas\u00e1r, Bil\u010d\u00edk, Horn\u00edk<\/p>\n\n\n\n<p><strong>Peter Ga\u017ei: \u201eProti jedn\u00e9mu z&nbsp;najlep\u0161\u00edch t\u00edmov v&nbsp;celej lige sme podali dobr\u00fd v\u00fdkon. Do 55. min\u00faty sme mali kontrolu nad z\u00e1pasom. Po likvida\u010dnom z\u00e1kroku na Danihela sme v\u0161ak stratili istotu v&nbsp;defenz\u00edve. Napriek tomu sa n\u00e1m podarilo da\u0165 zasl\u00fa\u017een\u00fd prv\u00fd g\u00f3l, kedy Lipovsk\u00fd vybojoval loptu pri vlastnom pokutovom \u00fazem\u00ed a&nbsp;s\u00e1m aj zakon\u010dil r\u00fdchly proti\u00fatok, na ktorom sa podie\u013eal Bil\u010d\u00edk a&nbsp;Henyig. Po na\u0161om zbyto\u010dnom faule s\u00faper vyrovnal strelou z&nbsp;priameho kopu. Do bud\u00facna mus\u00edme zlep\u0161i\u0165 detaily dohr\u00e1vania z\u00e1pasu pri veden\u00ed o&nbsp;jeden g\u00f3l.\u201c<\/strong><\/p>\n\n\n\n<p><strong>FC Spartak Trnava U17 \u2013 MFK Ru\u017eomberok U17 2:2 (1:0)<\/strong><\/p>\n\n\n\n<p>T\u00edmy mlad\u0161\u00edch dorastov odohraj\u00fa prv\u00e9 majstrovsk\u00e9 z\u00e1pasy s Ko\u0161icami v&nbsp;n\u00e1hradnom term\u00edne, a&nbsp;to 15. augusta, z&nbsp;d\u00f4vodu s\u00faperovej \u00fa\u010dasti na medzin\u00e1rodnom turnaji. Aj preto odohrali v&nbsp;stredu pr\u00edpravn\u00e9 z\u00e1pasy s&nbsp;rovesn\u00edkmi z&nbsp;Ru\u017eomberka.<\/p>\n\n\n\n<p><strong>FCST U17: <\/strong>Halada \u2013 Velick\u00fd, Pristach, Daniel, Turansk\u00fd \u2013 Farka\u0161, Konopka, Le\u017e\u00e1k \u2013 Trello, Priecel, Bukovsk\u00fd (Kraj\u010di, B\u00f6hmer, Duchovi\u010d, Kubovi\u010d, Bug\u00e1r, Kozachok, Kocian)<\/p>\n\n\n\n<p><strong>Goals: <\/strong>Le\u017e\u00e1k, Duchovi\u010d<\/p>\n\n\n\n<p><strong>Patrik Mal\u00fd: \u201eDo 70. min\u00faty hodnot\u00edm z\u00e1pas z&nbsp;na\u0161ej strany ve\u013emi pozit\u00edvne. Boli sme akt\u00edvni s&nbsp;loptou i&nbsp;bez nej a&nbsp;mali sme okrem g\u00f3lov \u010fal\u0161ie zauj\u00edmav\u00e9 situ\u00e1cie, ktor\u00e9 sme nedotiahli do konca. Po vystriedan\u00ed sme z\u00e1ver stretnutia bohu\u017eia\u013e nezvl\u00e1dli a&nbsp;inkasovali sme dva zbyto\u010dn\u00e9 g\u00f3ly.\u201c<\/strong><\/p>\n\n\n\n<p><strong>FC Spartak Trnava U16 \u2013 MFK Ru\u017eomberok U16 2:0 (2:0)<\/strong><\/p>\n\n\n\n<p>\u0160estn\u00e1stka si na rozdiel od svojich star\u0161\u00edch spoluhr\u00e1\u010dov dvojg\u00f3lov\u00e9 vedenie udr\u017eala a&nbsp;z\u00e1pas dotiahla do v\u00ed\u0165azn\u00e9ho konca.<\/p>\n\n\n\n<p><strong>FCST U16: <\/strong>Va\u010dok \u2013 Petrovi\u010d, Pittel, No\u0161ka, Rep\u00e1\u0148 \u2013 Tejzr, Ma\u0165o, Vlha \u2013 Flimmel, Pol\u0165\u00e1k, \u010ci\u010dmanec (Redenkovi\u010d, Tittel, Benkovsk\u00fd, Melia, Sobota, Vete\u0161ka, Terenkov)<\/p>\n\n\n\n<p><strong>Goals: <\/strong>\u010ci\u010dmanec, Ma\u0165o<\/p>\n\n\n\n<p><strong>Adam Chorvath: \u201eMali sme v\u00fdborn\u00fd vstup do z\u00e1pasu, hne\u010f v&nbsp;\u00favode sme dali pekn\u00fd g\u00f3l. Postupne v\u0161ak na\u0161a kvalita hry klesala, boli sme pr\u00edli\u0161 pas\u00edvni a&nbsp;kazili sme pr\u00edli\u0161 ve\u013ea jednoduch\u00fdch prihr\u00e1vok. Napriek tomu sme mali nieko\u013eko ve\u013emi dobr\u00fdch prechodov, po jednom z&nbsp;nich sme strelili aj druh\u00fd g\u00f3l. Celkovo v\u0161ak n\u00e1\u0161 v\u00fdkon nesp\u013a\u0148al parametre, ak\u00e9 od hr\u00e1\u010dov o\u010dak\u00e1vame.\u201c<\/strong><\/p>\n\n\n\n<p><strong>FC Spartak Trnava U15 \u2013 MTK Budape\u0161\u0165 U15 1:10 (0:3)<\/strong><\/p>\n\n\n\n<p>P\u00e4tn\u00e1stka dostala v&nbsp;pr\u00edpravnom z\u00e1pase s&nbsp;MTK Budape\u0161\u0165 ve\u013ek\u00fa futbalov\u00fa \u0161kolu a&nbsp;prehrala vysoko 1:10. D\u00f4vodom oklie\u0161tenej zostavy je \u00fa\u010das\u0165 siedmich reprezentantov nominovan\u00fdch do v\u00fdberu ZsFZ na turnaj Gejzu Princa v&nbsp;Poprade.<\/p>\n\n\n\n<p><strong>FCST U15: <\/strong>Slim\u00e1k \u2013 Magdolen, Feh\u00e9r, Bartovi\u010d, Studen\u00fd \u2013 U\u0161\u00e1k, Mego, Slov\u00e1k \u2013 \u0160venda, Fra\u0148o, Mi\u0161o (Pavelka \u2013 August\u00edn)<\/p>\n\n\n\n<p><strong>Goals: <\/strong>U\u0161\u00e1k<\/p>\n\n\n\n<p><strong>Tom\u00e1\u0161 K\u00e1nik: \u201eOkrem p\u00e1r momentov v&nbsp;prvom pol\u010dase sme s\u00faperovi nedok\u00e1zali konkurova\u0165 v&nbsp;\u017eiadnych hern\u00fdch \u010dinnostiach. V&nbsp;druhom pol\u010dase sa rozdiel v&nbsp;kvalite prejavil \u00faplne naplno, ke\u010f sme u\u017e nest\u00edhali v\u00f4bec a&nbsp;s\u00faper mal jednu g\u00f3lov\u00fa \u0161ancu za druhou.\u201c<\/strong><\/p>\n\n\n\n<p><strong>FC Spartak Trnava U14 \u2013 MTK Budape\u0161\u0165 U14 8:5 (5:0)<\/strong><\/p>\n\n\n\n<p>\u0160trn\u00e1stka zvl\u00e1dla svoj z\u00e1pas s&nbsp;Budape\u0161\u0165ou podstatne lep\u0161ie a&nbsp;zv\u00ed\u0165azili o&nbsp;tri g\u00f3ly v&nbsp;pomere 8:5, ke\u010f prv\u00fd pol\u010das vyhrali vysoko 5:0.<\/p>\n\n\n\n<p><strong>FCST U14: <\/strong>Vlkovi\u010d \u2013 Bo\u0161ansk\u00fd, Dreven\u00e1k, Kalam\u00e1r, Martinkovi\u010d, \u0160tip\u010d\u00e1k, Bo\u0161ka, Feni\u010d, \u010eurian, Kr\u00e1\u013eovi\u010d, Kasan, \u010euri\u0161, Pokus, Holb\u00edk, Rak\u00fas, Zaj\u00e1no\u0161, Tro\u0161upa, Sartini<\/p>\n\n\n\n<p><strong>Goals: <\/strong>3x Kasan, 2x Bo\u0161ka, Kr\u00e1\u013eovi\u010d, Feni\u010d, Tro\u0161upa<\/p>\n\n\n\n<p><strong>Oliver Burian: \u201eV poslednom pr\u00edpravnom z\u00e1pase sme narazili na ve\u013emi kvalitn\u00e9ho s\u00fapera, s&nbsp;ktor\u00fdm sme si mohli nastavi\u0165 zrkadlo ako na tom moment\u00e1lne ako t\u00edm a&nbsp;jednotlivci sme. Prv\u00fd pol\u010das sme predviedli vynikaj\u00faci v\u00fdkon vo v\u0161etk\u00fdch smeroch, boli sme prakticky dominantn\u00ed v&nbsp;ka\u017edom priestore ihriska, v\u0161ade sme boli r\u00fdchlej\u0161ie a&nbsp;s\u00fapera sme pustili k&nbsp;na\u0161ej polovici ihriska len zriedkavo. Za prv\u00fd pol\u010das mus\u00edm chalanov naozaj pochv\u00e1li\u0165, tak nejak si to predstavujeme a&nbsp;k&nbsp;ide\u00e1lnemu v\u00fdkonu ch\u00fdbala len v\u00e4\u010d\u0161ia efektivita v&nbsp;zakon\u010den\u00ed. V&nbsp;druhom pol\u010dase sme za\u010dali str\u00e1ca\u0165 lopty, hlavne v&nbsp;strede ihriska, kde sme s\u00fapera nedotl\u00e1\u010dali a dost\u00e1val sa tak k&nbsp;jednoduch\u00fdm prechodom do nebezpe\u010dn\u00fdch priestorov. Celkovo sme boli zbyto\u010dne neuv\u00e1\u017een\u00ed, nepresn\u00ed a&nbsp;ch\u00fdbal mi od niektor\u00fdch hr\u00e1\u010dov, ktor\u00ed nast\u00fapili v&nbsp;druhom pol\u010dase, v\u00e4\u010d\u0161\u00ed z\u00e1pal a&nbsp;t\u00fa\u017eba pobi\u0165 sa o&nbsp;v\u00e4\u010d\u0161iu minut\u00e1\u017e na ihrisku. Z\u00e1pas hodnot\u00edm ale ve\u013emi pozit\u00edvne, no uk\u00e1zal n\u00e1m aj miesto, kde m\u00e1me st\u00e1le ako t\u00edm rezervy a&nbsp;na \u010do sa mus\u00edme v&nbsp;tr\u00e9ningovom procese viac zamera\u0165, aby sme st\u00e1le napredovali a&nbsp;boli \u00faspe\u0161nej\u0161\u00ed aj ako t\u00edm, aj ako jednotlivci.\u201c<\/strong><\/p>\n\n\n\n<p>Trin\u00e1stka absolvovala po\u010das v\u00edkendu atrakt\u00edvny triangel s&nbsp;\u010desk\u00fdmi t\u00edmami, kedy sa v&nbsp;oboch pr\u00edpadoch te\u0161ila z v\u00ed\u0165azstva. V&nbsp;z\u00e1pase so Slaviou Praha strelecky explodoval Junas, ktor\u00fd sk\u00f3roval a\u017e \u0161tyrikr\u00e1t.<\/p>\n\n\n\n<p><strong>FCST \u2013 FC Zbrojovka Brno U13 4:3<\/strong> (Dvorsk\u00fd, Pol\u0165\u00e1k, Junas, Pie\u0161\u0165ansk\u00fd)<\/p>\n\n\n\n<p><strong>FCST \u2013 SK Slavia Praha U13 6:3 <\/strong>(4x Junas, Dvorsk\u00fd, Miklovi\u010d)<\/p>\n\n\n\n<p><strong>FCST U13: <\/strong>Mes\u00e1ro\u0161, Trebatick\u00fd, Hamb\u00e1lek \u2013 Rep\u00e1\u0148, Podolin\u010diak, Li\u010d\u00e1k, Mego, Mikulec, Mar\u010di\u0161, Koll\u00e1r, Bumbera, \u0160ima, Pol\u0165\u00e1k, Kohutovi\u010d, Miklovi\u010d, Pie\u0161\u0165ansk\u00fd, Strojn\u00fd, Junas, Dvorsk\u00fd, Fojta<\/p>\n\n\n\n<p><strong>Filip N\u00e1dask\u00fd: \u201eGener\u00e1lka na ligu n\u00e1m vy\u0161la na v\u00fdborn\u00fa. Mali sme mo\u017enos\u0165 odohra\u0165 triangel s\u00a0kvalitn\u00fdmi \u010desk\u00fdmi mu\u017estvami. Pri konfront\u00e1cii sme nesklamali a\u00a0dovol\u00edm si poveda\u0165, \u017ee sme milo prekvapili. V\u00a0oboch z\u00e1pasoch sme sa sna\u017eili hra\u0165 vysok\u00fd pressing, vytv\u00e1ra\u0165 na s\u00fapera tlak, \u010do sa n\u00e1m aj darilo a\u00a0z\u00edskavali sme tak nespo\u010detne ve\u013ea l\u00f4pt po chyb\u00e1ch s\u00fapera. Taktie\u017e sme boli nebezpe\u010dn\u00ed po r\u00fdchlych proti\u00fatokoch, ktor\u00e9 sa n\u00e1m darilo dotiahnu\u0165 a\u017e do \u00faspe\u0161n\u00e9ho konca. S\u00a0v\u00fdkonom a\u00a0predvedenou hrou v\u00a0dan\u00fdch z\u00e1pasoch som spokojn\u00fd a\u00a0ver\u00edm, \u017ee podobn\u00e9 v\u00fdkony bud\u00fa chlapci predv\u00e1dza\u0165 aj po\u010das celej ligovej sez\u00f3ny.\u201c<\/strong><\/p>\n\n\n<div class=\"wp-block-image\">\n<figure class=\"aligncenter size-large is-resized\"><img loading=\"lazy\" decoding=\"async\" src=\"https:\/\/fcspartaktrnava.com\/wp-content\/uploads\/2023\/08\/wu15-clnaok-1024x790.jpeg\" alt=\"\" class=\"wp-image-9734\" width=\"726\" height=\"560\" srcset=\"https:\/\/fcspartaktrnava.com\/wp-content\/uploads\/2023\/08\/wu15-clnaok-1024x790.jpeg 1024w, https:\/\/fcspartaktrnava.com\/wp-content\/uploads\/2023\/08\/wu15-clnaok-300x231.jpeg 300w, https:\/\/fcspartaktrnava.com\/wp-content\/uploads\/2023\/08\/wu15-clnaok-768x592.jpeg 768w, https:\/\/fcspartaktrnava.com\/wp-content\/uploads\/2023\/08\/wu15-clnaok-16x12.jpeg 16w, https:\/\/fcspartaktrnava.com\/wp-content\/uploads\/2023\/08\/wu15-clnaok.jpeg 1470w\" sizes=\"auto, (max-width: 726px) 100vw, 726px\" \/><\/figure>\n<\/div>\n\n\n<p>Rovnak\u00e9 konfront\u00e1cie \u010dakali aj na najmlad\u0161\u00edch \u017eiakov. \u017dia\u013e, v\u00fdsledkovo im to v\u00f4bec nevy\u0161lo pod\u013ea predst\u00e1v a&nbsp;oba z\u00e1pasy prehrali bez vsieten\u00e9ho g\u00f3lu.<\/p>\n\n\n\n<p><strong>FCST \u2013 FC Zbrojovka Brno U12 0:3<\/strong><\/p>\n\n\n\n<p><strong>FCST \u2013 SK Slavia Praha U12 0:4<\/strong><\/p>\n\n\n\n<p><strong>FCST U12: <\/strong>Kamen\u00e1r, Prokop \u2013 August\u00edn, Ba\u0161ty, Beli\u010dka, B\u00f6hman, Bul\u00edk, \u010cerve\u0148, Dul\u00edk, Franta, Hutta, Llanaj, Urdz\u00edk, Vir\u00e1g<\/p>\n\n\n\n<p><strong>R\u00f3bert Polakovi\u010d: \u201ePrv\u00fdch 10 min\u00fat z\u00e1pasu so Zbrojovkou Brno bolo z&nbsp;na\u0161ej strany v\u00fdborn\u00fdch. S\u00fapera sme akt\u00edvne vysoko nap\u00e1dali, ale nedok\u00e1zali sme z&nbsp;t\u00fdchto situ\u00e1ci\u00ed vy\u0165a\u017ei\u0165 viacej. Potom sa hra vyrovnala a&nbsp;s\u00faper dok\u00e1zal sk\u00f3rova\u0165 po na\u0161ej chybe v&nbsp;rozohr\u00e1vke. V&nbsp;druhom pol\u010dase pokra\u010dovala vyrovnan\u00e1 hra na obidvoch stran\u00e1ch, s\u00faper sa ale na rozdiel od n\u00e1s dok\u00e1zal presadi\u0165 e\u0161te dvakr\u00e1t a&nbsp;vyhral 3:0 po dobrom v\u00fdkone z&nbsp;na\u0161ej strany nezasl\u00fa\u017een\u00fdm rozdielom. Do druh\u00e9ho z\u00e1pasu sme vst\u00fapili ako vymenen\u00fd a&nbsp;Slavia za 20 min\u00fat rozhodla o&nbsp;svojom v\u00ed\u0165azstve 4:0. Potom sme si dok\u00e1zali vytvori\u0165 nieko\u013eko g\u00f3lov\u00fdch \u0161anc\u00ed aj my, ale bez \u017eelan\u00e9ho \u00faspechu. Druh\u00fd pol\u010das bolo na chalanoch c\u00edti\u0165 vy\u010derpanie a&nbsp;\u00fanavu, nedok\u00e1zali sme sa dlh\u0161ie udr\u017ea\u0165 na lopte a&nbsp;zasl\u00fa\u017eene sme prehrali.<\/strong><\/p>\n\n\n\n<p><strong>FC Spartak Trnava WA \u2013 FC Petr\u017ealka WA 1:0 (0:0)<\/strong><\/p>\n\n\n\n<p>Do koloto\u010da novej ligovej sez\u00f3ny vst\u00fapili aj na\u0161e \u017eeny. V&nbsp;dom\u00e1com z\u00e1pase s&nbsp;Petr\u017ealkou v\u0161etko smerovalo k&nbsp;tomu, \u017ee div\u00e1ci g\u00f3l neuvidia. Opak v\u0161ak v&nbsp;poslednej akcii z\u00e1pasu demon\u0161trovala \u017digov\u00e1, ktor\u00e1 rozhodla o&nbsp;najtesnej\u0161om v\u00ed\u0165azstve Trnavy 1:0.<\/p>\n\n\n\n<p><strong>FCST WA: <\/strong>Nemochovsk\u00e1 \u2013 Serv\u00e1tkov\u00e1, \u010ceriov\u00e1 (C), Randov\u00e1, Belicov\u00e1 (20. Pivar\u010diov\u00e1), \u017digov\u00e1, Horv\u00e1thov\u00e1, Ty\u010diakov\u00e1, Marti\u0161kov\u00e1, Trajl\u00ednkov\u00e1 (46. Tonkovi\u010dov\u00e1), Bederkov\u00e1<\/p>\n\n\n\n<p><strong>Goals: <\/strong>90. \u017digov\u00e1<\/p>\n\n\n\n<p><strong>Yellow cards: <\/strong>Serv\u00e1tkov\u00e1<\/p>\n\n\n\n<p><strong>Matej Chocina: \u201eDo \u00favodn\u00e9ho kola jesennej \u010dasti sme chceli vst\u00fapi\u0165 s&nbsp;odhodlan\u00edm a&nbsp;nasaden\u00edm \u010do najsk\u00f4r ovl\u00e1dnu\u0165 v\u00fdvoj z\u00e1pasu a&nbsp;diktova\u0165 tempo hry. S&nbsp;priebehom prv\u00e9ho pol\u010dasu som v\u0161ak nebol pr\u00edli\u0161 spokojn\u00fd, ke\u010f\u017ee sme boli pr\u00edli\u0161 nerv\u00f3zni, kazili sme \u013eahk\u00e9 prihr\u00e1vky a&nbsp;nevedeli sme sa dosta\u0165 do tempa. Ch\u00fdbala mi v\u00e4\u010d\u0161ia aktivita stredovej form\u00e1cie. S\u00faper sa sna\u017eil vyr\u00e1\u017ea\u0165 do r\u00fdchlych proti\u00fatokov, av\u0161ak dobre hraj\u00faca obrann\u00e1 \u0161tvorica si dok\u00e1zala s\u00faperky ustr\u00e1\u017ei\u0165. Do druh\u00e9ho pol\u010dasu sme chceli vst\u00fapi\u0165 akt\u00edvnej\u0161ie a&nbsp;r\u00fdchlo streli\u0165 \u00favodn\u00fd g\u00f3l stretnutia. Op\u00e4\u0165 n\u00e1m v\u0161ak ch\u00fdbal k\u00fasok \u0161\u0165astia a&nbsp;nedok\u00e1zali sme pretavi\u0165 na\u0161e \u00fasilie na g\u00f3l. Ten nakoniec pri\u0161iel po poslednom rohu v&nbsp;z\u00e1pase, kde \u017digov\u00e1 svoj\u00edm d\u00f4razom kone\u010dne zasunula loptu do siete. Som r\u00e1d, \u017ee sme dok\u00e1zali z\u00e1pas zvl\u00e1dnu\u0165 za tri body, av\u0161ak do \u010fal\u0161\u00edch z\u00e1pasov mus\u00edme na\u0161u hru ur\u010dite zlep\u0161i\u0165.\u201c<\/strong><\/p>\n\n\n\n<p><strong>KFC Kom\u00e1rno WA \u2013 FC Spartak Trnava WU19 10:2<\/strong><\/p>\n\n\n\n<p>Dorastenky si cez v\u00edkend zmerali sily s&nbsp;druholigov\u00fdm \u017eensk\u00fdm t\u00edmom z&nbsp;Kom\u00e1rna. Na\u0161e diev\u010dat\u00e1 \u0165ahali za krat\u0161\u00ed koniec a&nbsp;prehrali presved\u010divo 2:10.<\/p>\n\n\n\n<p><strong>FCST WU19: <\/strong>Nemochovsk\u00e1 \u2013 Horv\u00e1thov\u00e1, Vo\u0161\u010din\u00e1rov\u00e1, Stankov\u00e1, Reh\u00e1kov\u00e1 \u2013 Kri\u0161tofiakov\u00e1, Lehock\u00e1, Pol\u00e1\u010dkov\u00e1 \u2013 Pek\u00e1rov\u00e1, Hal\u00e1sov\u00e1, G\u00e1likov\u00e1 (Krupov\u00e1, He\u010dkov\u00e1, Volekov\u00e1, H. Ba\u010dikov\u00e1, E. Ba\u010dikov\u00e1, Eckerov\u00e1)<\/p>\n\n\n\n<p><strong>Goals: <\/strong>Pek\u00e1rov\u00e1, Hal\u00e1sov\u00e1<\/p>\n\n\n\n<p><strong>Vikt\u00f3ria \u010ceriov\u00e1: \u201eV sobotu sme odohrali n\u00e1\u0161 tret\u00ed pr\u00edpravn\u00fd z\u00e1pas so \u017eensk\u00fdm t\u00edmom z&nbsp;druhej ligy. Duel bol pre n\u00e1s n\u00e1ro\u010dn\u00fd, ke\u010f\u017ee sme hrali proti sk\u00fasenej\u0161iemu a&nbsp;vekom star\u0161iemu dru\u017estvu. Av\u0161ak napriek mnoh\u00fdm inkasovan\u00fdm g\u00f3lom sme sa prezentovali dobr\u00fdm hern\u00fdm prejavom a&nbsp;nadviazali sme na v\u00fdkony z&nbsp;predo\u0161l\u00fdch z\u00e1pasov. Diev\u010dat\u00e1 ur\u010dite chv\u00e1lim za v\u00fdkon, ich nasadenie a&nbsp;plnenie svojich hern\u00fdch \u00faloh. Pevne ver\u00edm, \u017ee n\u00e1s len tak\u00e9to \u0165a\u017ek\u00e9 z\u00e1pasy bud\u00fa pos\u00fava\u0165 vpred a&nbsp;pripravia n\u00e1s na na\u0161u ligu.\u201c<\/strong><\/p>\n\n\n\n<p><strong>FC Slovan Hlohovec U15 \u2013 FC Spartak Trnava WU15 1:3 (0:0)<\/strong><\/p>\n\n\n\n<p>\u017dia\u010dky si pre zmenu zmerali sily s&nbsp;chlapcami. Druholigov\u00fdch \u017eiakov z&nbsp;Hlohovca zdolali po bezg\u00f3lovom prvom pol\u010dase 3:1.<\/p>\n\n\n\n<p><strong>FCST WU15: <\/strong>Pre\u0161insk\u00e1 \u2013 Pavl\u00edkov\u00e1, Vl\u010dkov\u00e1, Zacharov\u00e1 \u2013 Hankociov\u00e1, Koll\u00e1rov\u00e1, Amrichov\u00e1 \u2013 Tan\u010dokov\u00e1, Tankov\u00e1, Hudecov\u00e1 (Jankovi\u010dov\u00e1, \u0160kult\u00e9tyov\u00e1, Mikulkov\u00e1)<\/p>\n\n\n\n<p><strong>Goals: <\/strong>Hudecov\u00e1, Tankov\u00e1, Tan\u010dokov\u00e1<\/p>\n\n\n\n<p><strong>R\u00f3bert Halada: \u201eDiev\u010dat\u00e1 nast\u00fapili proti svojim chlap\u010densk\u00fdm rovesn\u00edkom prv\u00fdkr\u00e1t v\u00a0hracom \u010dase 2&#215;40 min\u00fat, tak ako tomu bude aj v\u00a0samotnej sez\u00f3ne. Cie\u013eom bolo herne nadviaza\u0165 na minulot\u00fd\u017ed\u0148ov\u00fd \u00faspe\u0161n\u00fd medzin\u00e1rodn\u00fd turnaj. V\u00a0tejto f\u00e1ze pr\u00edpravy predviedli diev\u010dat\u00e1 v\u00fdborn\u00fd a\u00a0bojovn\u00fd kolekt\u00edvny v\u00fdkon. V\u00a0defenz\u00edvnej f\u00e1ze sa pohybovali v\u00a0spr\u00e1vnych priestoroch a\u00a0s\u00a0chlapcami sa neb\u00e1li \u00eds\u0165 aj do osobn\u00fdch s\u00fabojov. V\u00a0\u00fato\u010dnej f\u00e1ze dok\u00e1zali kombinova\u0165 stredom ihriska a\u00a0aj zatla\u010di\u0165 protivn\u00edka na jeho polovicu. Hlavne v\u00a0prvom pol\u010dase v\u00fdrazne prev\u00fd\u0161ili s\u00fapera streleck\u00fdmi pokusmi, no g\u00f3ly sa im podarilo streli\u0165 a\u017e v\u00a0tom druhom. Na celom t\u00edme je vidie\u0165 chu\u0165 sa neust\u00e1le zlep\u0161ova\u0165, st\u00e1le sa len spozn\u00e1vame. Diev\u010dat\u00e1m \u010fakujeme za v\u00fdborn\u00fa t\u00edmov\u00fa spolupr\u00e1cu.\u201c<\/strong><\/p>\n\n\n<div class=\"wp-block-image\">\n<figure class=\"aligncenter size-large is-resized\"><img loading=\"lazy\" decoding=\"async\" src=\"https:\/\/fcspartaktrnava.com\/wp-content\/uploads\/2023\/08\/Wu15-1024x768.jpeg\" alt=\"\" class=\"wp-image-9733\" width=\"748\" height=\"561\" srcset=\"https:\/\/fcspartaktrnava.com\/wp-content\/uploads\/2023\/08\/Wu15-1024x768.jpeg 1024w, https:\/\/fcspartaktrnava.com\/wp-content\/uploads\/2023\/08\/Wu15-300x225.jpeg 300w, https:\/\/fcspartaktrnava.com\/wp-content\/uploads\/2023\/08\/Wu15-768x576.jpeg 768w, https:\/\/fcspartaktrnava.com\/wp-content\/uploads\/2023\/08\/Wu15-1536x1152.jpeg 1536w, https:\/\/fcspartaktrnava.com\/wp-content\/uploads\/2023\/08\/Wu15-16x12.jpeg 16w, https:\/\/fcspartaktrnava.com\/wp-content\/uploads\/2023\/08\/Wu15.jpeg 1600w\" sizes=\"auto, (max-width: 748px) 100vw, 748px\" \/><\/figure>\n<\/div>","protected":false},"excerpt":{"rendered":"<p>FC Spartak Trnava U19 \u2013 FC Ko\u0161ice U19&#8230;<\/p>","protected":false},"author":2,"featured_media":9735,"comment_status":"closed","ping_status":"closed","sticky":false,"template":"","format":"standard","meta":{"footnotes":""},"categories":[52,12],"tags":[84,53],"class_list":["post-9732","post","type-post","status-publish","format-standard","has-post-thumbnail","hentry","category-mladez","category-spravy","tag-zeny","tag-mladez","post-number-1"],"yoast_head":"<!-- This site is optimized with the Yoast SEO plugin v27.1.1 - https:\/\/yoast.com\/product\/yoast-seo-wordpress\/ -->\n<title>Niektor\u00e9 t\u00edmy odohrali prv\u00fd majstrovsk\u00fd z\u00e1pas, in\u00e9 absolvovali gener\u00e1lku - FC Spartak Trnava<\/title>\n<meta name=\"robots\" content=\"index, follow, max-snippet:-1, max-image-preview:large, max-video-preview:-1\" \/>\n<link rel=\"canonical\" href=\"https:\/\/fcspartaktrnava.com\/en\/niektore-timy-odohrali-prvy-majstrovsky-zapas-ine-absolvovali-generalku\/\" \/>\n<meta name=\"twitter:label1\" content=\"Written by\" \/>\n\t<meta name=\"twitter:data1\" content=\"spartak\" \/>\n\t<meta name=\"twitter:label2\" content=\"Estimated reading time\" \/>\n\t<meta name=\"twitter:data2\" content=\"9 minutes\" \/>\n<script type=\"application\/ld+json\" class=\"yoast-schema-graph\">{\"@context\":\"https:\/\/schema.org\",\"@graph\":[{\"@type\":\"Article\",\"@id\":\"https:\/\/fcspartaktrnava.com\/niektore-timy-odohrali-prvy-majstrovsky-zapas-ine-absolvovali-generalku\/#article\",\"isPartOf\":{\"@id\":\"https:\/\/fcspartaktrnava.com\/niektore-timy-odohrali-prvy-majstrovsky-zapas-ine-absolvovali-generalku\/\"},\"author\":{\"name\":\"spartak\",\"@id\":\"https:\/\/fcspartaktrnava.com\/#\/schema\/person\/24bc5b254af14f71d7d8af178790aa75\"},\"headline\":\"Niektor\u00e9 t\u00edmy odohrali prv\u00fd majstrovsk\u00fd z\u00e1pas, in\u00e9 absolvovali gener\u00e1lku\",\"datePublished\":\"2023-08-13T18:16:23+00:00\",\"dateModified\":\"2023-08-13T18:16:24+00:00\",\"mainEntityOfPage\":{\"@id\":\"https:\/\/fcspartaktrnava.com\/niektore-timy-odohrali-prvy-majstrovsky-zapas-ine-absolvovali-generalku\/\"},\"wordCount\":2197,\"publisher\":{\"@id\":\"https:\/\/fcspartaktrnava.com\/#organization\"},\"image\":{\"@id\":\"https:\/\/fcspartaktrnava.com\/niektore-timy-odohrali-prvy-majstrovsky-zapas-ine-absolvovali-generalku\/#primaryimage\"},\"thumbnailUrl\":\"https:\/\/fcspartaktrnava.com\/wp-content\/uploads\/2023\/08\/U14-titulka.jpeg\",\"keywords\":[\"\u017eeny\",\"ml\u00e1de\u017e\"],\"articleSection\":[\"Ml\u00e1de\u017e\",\"Spr\u00e1vy\"],\"inLanguage\":\"en-GB\"},{\"@type\":\"WebPage\",\"@id\":\"https:\/\/fcspartaktrnava.com\/niektore-timy-odohrali-prvy-majstrovsky-zapas-ine-absolvovali-generalku\/\",\"url\":\"https:\/\/fcspartaktrnava.com\/niektore-timy-odohrali-prvy-majstrovsky-zapas-ine-absolvovali-generalku\/\",\"name\":\"Niektor\u00e9 t\u00edmy odohrali prv\u00fd majstrovsk\u00fd z\u00e1pas, in\u00e9 absolvovali gener\u00e1lku - FC Spartak Trnava\",\"isPartOf\":{\"@id\":\"https:\/\/fcspartaktrnava.com\/#website\"},\"primaryImageOfPage\":{\"@id\":\"https:\/\/fcspartaktrnava.com\/niektore-timy-odohrali-prvy-majstrovsky-zapas-ine-absolvovali-generalku\/#primaryimage\"},\"image\":{\"@id\":\"https:\/\/fcspartaktrnava.com\/niektore-timy-odohrali-prvy-majstrovsky-zapas-ine-absolvovali-generalku\/#primaryimage\"},\"thumbnailUrl\":\"https:\/\/fcspartaktrnava.com\/wp-content\/uploads\/2023\/08\/U14-titulka.jpeg\",\"datePublished\":\"2023-08-13T18:16:23+00:00\",\"dateModified\":\"2023-08-13T18:16:24+00:00\",\"breadcrumb\":{\"@id\":\"https:\/\/fcspartaktrnava.com\/niektore-timy-odohrali-prvy-majstrovsky-zapas-ine-absolvovali-generalku\/#breadcrumb\"},\"inLanguage\":\"en-GB\",\"potentialAction\":[{\"@type\":\"ReadAction\",\"target\":[\"https:\/\/fcspartaktrnava.com\/niektore-timy-odohrali-prvy-majstrovsky-zapas-ine-absolvovali-generalku\/\"]}]},{\"@type\":\"ImageObject\",\"inLanguage\":\"en-GB\",\"@id\":\"https:\/\/fcspartaktrnava.com\/niektore-timy-odohrali-prvy-majstrovsky-zapas-ine-absolvovali-generalku\/#primaryimage\",\"url\":\"https:\/\/fcspartaktrnava.com\/wp-content\/uploads\/2023\/08\/U14-titulka.jpeg\",\"contentUrl\":\"https:\/\/fcspartaktrnava.com\/wp-content\/uploads\/2023\/08\/U14-titulka.jpeg\",\"width\":2000,\"height\":1500},{\"@type\":\"BreadcrumbList\",\"@id\":\"https:\/\/fcspartaktrnava.com\/niektore-timy-odohrali-prvy-majstrovsky-zapas-ine-absolvovali-generalku\/#breadcrumb\",\"itemListElement\":[{\"@type\":\"ListItem\",\"position\":1,\"name\":\"Home\",\"item\":\"https:\/\/fcspartaktrnava.com\/\"},{\"@type\":\"ListItem\",\"position\":2,\"name\":\"Niektor\u00e9 t\u00edmy odohrali prv\u00fd majstrovsk\u00fd z\u00e1pas, in\u00e9 absolvovali gener\u00e1lku\"}]},{\"@type\":\"WebSite\",\"@id\":\"https:\/\/fcspartaktrnava.com\/#website\",\"url\":\"https:\/\/fcspartaktrnava.com\/\",\"name\":\"FC Spartak Trnava\",\"description\":\"ofici\u00e1lna webstr\u00e1nka futbalov\u00e9ho klubu\",\"publisher\":{\"@id\":\"https:\/\/fcspartaktrnava.com\/#organization\"},\"potentialAction\":[{\"@type\":\"SearchAction\",\"target\":{\"@type\":\"EntryPoint\",\"urlTemplate\":\"https:\/\/fcspartaktrnava.com\/?s={search_term_string}\"},\"query-input\":{\"@type\":\"PropertyValueSpecification\",\"valueRequired\":true,\"valueName\":\"search_term_string\"}}],\"inLanguage\":\"en-GB\"},{\"@type\":\"Organization\",\"@id\":\"https:\/\/fcspartaktrnava.com\/#organization\",\"name\":\"FC Spartak Trnava\",\"alternateName\":\"Spartak\",\"url\":\"https:\/\/fcspartaktrnava.com\/\",\"logo\":{\"@type\":\"ImageObject\",\"inLanguage\":\"en-GB\",\"@id\":\"https:\/\/fcspartaktrnava.com\/#\/schema\/logo\/image\/\",\"url\":\"https:\/\/fcspartaktrnava.com\/wp-content\/uploads\/2022\/08\/cropped-site_logo.png\",\"contentUrl\":\"https:\/\/fcspartaktrnava.com\/wp-content\/uploads\/2022\/08\/cropped-site_logo.png\",\"width\":140,\"height\":140,\"caption\":\"FC Spartak Trnava\"},\"image\":{\"@id\":\"https:\/\/fcspartaktrnava.com\/#\/schema\/logo\/image\/\"},\"sameAs\":[\"https:\/\/www.facebook.com\/SpartakTrnava\",\"https:\/\/x.com\/SpartakTrnava1\",\"https:\/\/www.instagram.com\/spartak_sk\/\"]},{\"@type\":\"Person\",\"@id\":\"https:\/\/fcspartaktrnava.com\/#\/schema\/person\/24bc5b254af14f71d7d8af178790aa75\",\"name\":\"spartak\",\"image\":{\"@type\":\"ImageObject\",\"inLanguage\":\"en-GB\",\"@id\":\"https:\/\/fcspartaktrnava.com\/#\/schema\/person\/image\/\",\"url\":\"https:\/\/secure.gravatar.com\/avatar\/f8ff8584f3fcf3909a11a6da9019f37749183b4015bca14e64556c52614cdc7f?s=96&d=mm&r=g\",\"contentUrl\":\"https:\/\/secure.gravatar.com\/avatar\/f8ff8584f3fcf3909a11a6da9019f37749183b4015bca14e64556c52614cdc7f?s=96&d=mm&r=g\",\"caption\":\"spartak\"},\"url\":\"https:\/\/fcspartaktrnava.com\/en\/author\/spartak\/\"}]}<\/script>\n<!-- \/ Yoast SEO plugin. -->","yoast_head_json":{"title":"Niektor\u00e9 t\u00edmy odohrali prv\u00fd majstrovsk\u00fd z\u00e1pas, in\u00e9 absolvovali gener\u00e1lku - FC Spartak Trnava","robots":{"index":"index","follow":"follow","max-snippet":"max-snippet:-1","max-image-preview":"max-image-preview:large","max-video-preview":"max-video-preview:-1"},"canonical":"https:\/\/fcspartaktrnava.com\/en\/niektore-timy-odohrali-prvy-majstrovsky-zapas-ine-absolvovali-generalku\/","twitter_misc":{"Written by":"spartak","Estimated reading time":"9 minutes"},"schema":{"@context":"https:\/\/schema.org","@graph":[{"@type":"Article","@id":"https:\/\/fcspartaktrnava.com\/niektore-timy-odohrali-prvy-majstrovsky-zapas-ine-absolvovali-generalku\/#article","isPartOf":{"@id":"https:\/\/fcspartaktrnava.com\/niektore-timy-odohrali-prvy-majstrovsky-zapas-ine-absolvovali-generalku\/"},"author":{"name":"spartak","@id":"https:\/\/fcspartaktrnava.com\/#\/schema\/person\/24bc5b254af14f71d7d8af178790aa75"},"headline":"Niektor\u00e9 t\u00edmy odohrali prv\u00fd majstrovsk\u00fd z\u00e1pas, in\u00e9 absolvovali gener\u00e1lku","datePublished":"2023-08-13T18:16:23+00:00","dateModified":"2023-08-13T18:16:24+00:00","mainEntityOfPage":{"@id":"https:\/\/fcspartaktrnava.com\/niektore-timy-odohrali-prvy-majstrovsky-zapas-ine-absolvovali-generalku\/"},"wordCount":2197,"publisher":{"@id":"https:\/\/fcspartaktrnava.com\/#organization"},"image":{"@id":"https:\/\/fcspartaktrnava.com\/niektore-timy-odohrali-prvy-majstrovsky-zapas-ine-absolvovali-generalku\/#primaryimage"},"thumbnailUrl":"https:\/\/fcspartaktrnava.com\/wp-content\/uploads\/2023\/08\/U14-titulka.jpeg","keywords":["\u017eeny","ml\u00e1de\u017e"],"articleSection":["Ml\u00e1de\u017e","Spr\u00e1vy"],"inLanguage":"en-GB"},{"@type":"WebPage","@id":"https:\/\/fcspartaktrnava.com\/niektore-timy-odohrali-prvy-majstrovsky-zapas-ine-absolvovali-generalku\/","url":"https:\/\/fcspartaktrnava.com\/niektore-timy-odohrali-prvy-majstrovsky-zapas-ine-absolvovali-generalku\/","name":"Niektor\u00e9 t\u00edmy odohrali prv\u00fd majstrovsk\u00fd z\u00e1pas, in\u00e9 absolvovali gener\u00e1lku - FC Spartak Trnava","isPartOf":{"@id":"https:\/\/fcspartaktrnava.com\/#website"},"primaryImageOfPage":{"@id":"https:\/\/fcspartaktrnava.com\/niektore-timy-odohrali-prvy-majstrovsky-zapas-ine-absolvovali-generalku\/#primaryimage"},"image":{"@id":"https:\/\/fcspartaktrnava.com\/niektore-timy-odohrali-prvy-majstrovsky-zapas-ine-absolvovali-generalku\/#primaryimage"},"thumbnailUrl":"https:\/\/fcspartaktrnava.com\/wp-content\/uploads\/2023\/08\/U14-titulka.jpeg","datePublished":"2023-08-13T18:16:23+00:00","dateModified":"2023-08-13T18:16:24+00:00","breadcrumb":{"@id":"https:\/\/fcspartaktrnava.com\/niektore-timy-odohrali-prvy-majstrovsky-zapas-ine-absolvovali-generalku\/#breadcrumb"},"inLanguage":"en-GB","potentialAction":[{"@type":"ReadAction","target":["https:\/\/fcspartaktrnava.com\/niektore-timy-odohrali-prvy-majstrovsky-zapas-ine-absolvovali-generalku\/"]}]},{"@type":"ImageObject","inLanguage":"en-GB","@id":"https:\/\/fcspartaktrnava.com\/niektore-timy-odohrali-prvy-majstrovsky-zapas-ine-absolvovali-generalku\/#primaryimage","url":"https:\/\/fcspartaktrnava.com\/wp-content\/uploads\/2023\/08\/U14-titulka.jpeg","contentUrl":"https:\/\/fcspartaktrnava.com\/wp-content\/uploads\/2023\/08\/U14-titulka.jpeg","width":2000,"height":1500},{"@type":"BreadcrumbList","@id":"https:\/\/fcspartaktrnava.com\/niektore-timy-odohrali-prvy-majstrovsky-zapas-ine-absolvovali-generalku\/#breadcrumb","itemListElement":[{"@type":"ListItem","position":1,"name":"Home","item":"https:\/\/fcspartaktrnava.com\/"},{"@type":"ListItem","position":2,"name":"Niektor\u00e9 t\u00edmy odohrali prv\u00fd majstrovsk\u00fd z\u00e1pas, in\u00e9 absolvovali gener\u00e1lku"}]},{"@type":"WebSite","@id":"https:\/\/fcspartaktrnava.com\/#website","url":"https:\/\/fcspartaktrnava.com\/","name":"FC Spartak Trnava","description":"ofici\u00e1lna webstr\u00e1nka futbalov\u00e9ho klubu","publisher":{"@id":"https:\/\/fcspartaktrnava.com\/#organization"},"potentialAction":[{"@type":"SearchAction","target":{"@type":"EntryPoint","urlTemplate":"https:\/\/fcspartaktrnava.com\/?s={search_term_string}"},"query-input":{"@type":"PropertyValueSpecification","valueRequired":true,"valueName":"search_term_string"}}],"inLanguage":"en-GB"},{"@type":"Organization","@id":"https:\/\/fcspartaktrnava.com\/#organization","name":"FC Spartak Trnava","alternateName":"Spartak","url":"https:\/\/fcspartaktrnava.com\/","logo":{"@type":"ImageObject","inLanguage":"en-GB","@id":"https:\/\/fcspartaktrnava.com\/#\/schema\/logo\/image\/","url":"https:\/\/fcspartaktrnava.com\/wp-content\/uploads\/2022\/08\/cropped-site_logo.png","contentUrl":"https:\/\/fcspartaktrnava.com\/wp-content\/uploads\/2022\/08\/cropped-site_logo.png","width":140,"height":140,"caption":"FC Spartak Trnava"},"image":{"@id":"https:\/\/fcspartaktrnava.com\/#\/schema\/logo\/image\/"},"sameAs":["https:\/\/www.facebook.com\/SpartakTrnava","https:\/\/x.com\/SpartakTrnava1","https:\/\/www.instagram.com\/spartak_sk\/"]},{"@type":"Person","@id":"https:\/\/fcspartaktrnava.com\/#\/schema\/person\/24bc5b254af14f71d7d8af178790aa75","name":"spartak","image":{"@type":"ImageObject","inLanguage":"en-GB","@id":"https:\/\/fcspartaktrnava.com\/#\/schema\/person\/image\/","url":"https:\/\/secure.gravatar.com\/avatar\/f8ff8584f3fcf3909a11a6da9019f37749183b4015bca14e64556c52614cdc7f?s=96&d=mm&r=g","contentUrl":"https:\/\/secure.gravatar.com\/avatar\/f8ff8584f3fcf3909a11a6da9019f37749183b4015bca14e64556c52614cdc7f?s=96&d=mm&r=g","caption":"spartak"},"url":"https:\/\/fcspartaktrnava.com\/en\/author\/spartak\/"}]}},"_links":{"self":[{"href":"https:\/\/fcspartaktrnava.com\/en\/wp-json\/wp\/v2\/posts\/9732","targetHints":{"allow":["GET"]}}],"collection":[{"href":"https:\/\/fcspartaktrnava.com\/en\/wp-json\/wp\/v2\/posts"}],"about":[{"href":"https:\/\/fcspartaktrnava.com\/en\/wp-json\/wp\/v2\/types\/post"}],"author":[{"embeddable":true,"href":"https:\/\/fcspartaktrnava.com\/en\/wp-json\/wp\/v2\/users\/2"}],"replies":[{"embeddable":true,"href":"https:\/\/fcspartaktrnava.com\/en\/wp-json\/wp\/v2\/comments?post=9732"}],"version-history":[{"count":0,"href":"https:\/\/fcspartaktrnava.com\/en\/wp-json\/wp\/v2\/posts\/9732\/revisions"}],"wp:featuredmedia":[{"embeddable":true,"href":"https:\/\/fcspartaktrnava.com\/en\/wp-json\/wp\/v2\/media\/9735"}],"wp:attachment":[{"href":"https:\/\/fcspartaktrnava.com\/en\/wp-json\/wp\/v2\/media?parent=9732"}],"wp:term":[{"taxonomy":"category","embeddable":true,"href":"https:\/\/fcspartaktrnava.com\/en\/wp-json\/wp\/v2\/categories?post=9732"},{"taxonomy":"post_tag","embeddable":true,"href":"https:\/\/fcspartaktrnava.com\/en\/wp-json\/wp\/v2\/tags?post=9732"}],"curies":[{"name":"wp","href":"https:\/\/api.w.org\/{rel}","templated":true}]}}