{"id":958,"date":"2022-08-30T13:51:00","date_gmt":"2022-08-30T13:51:00","guid":{"rendered":"https:\/\/fcspartaktrnava.com\/?p=958"},"modified":"2022-08-30T13:58:34","modified_gmt":"2022-08-30T13:58:34","slug":"na-zaver-prazdnin-privitame-liptovsky-mikulas","status":"publish","type":"post","link":"https:\/\/fcspartaktrnava.com\/en\/na-zaver-prazdnin-privitame-liptovsky-mikulas\/","title":{"rendered":"At the end of the holidays, we welcome Liptovsk\u00fd Mikul\u00e1\u0161"},"content":{"rendered":"<p>Tomorrow the football players from Trnava will play against Tatran Liptovsk\u00fd Mikul\u00e1\u0161. Last year's rookie finished 8th last year and remained among the elite. While the Spartans are not doing well against this year's newcomers, they were flawless with Liptovsk\u00fd Mikul\u00e1\u0161 last season. They would like to follow up on that tomorrow.<\/p>\n\n\n\n<p><strong><em>\"It is my first experience with Liptovsk\u00fd Mikul\u00e1\u0161. First of all, what will be important will be our presentation on the field. We have to read the opponent as well. The stronger ones suit us and we have more space for counterattacks. We are not doing so well in full defense. We need to solve the final phase better, create more scoring opportunities and convert them.\"<\/em><\/strong><em>\u00a0said Luk\u00e1\u0161 \u0160tetina, who was still active in the Czech league last year and was not involved in the 4:0 and 2:0 wins. The trio of Ristovski, Boateng and Cabral scored six goals equally. The first two are still in the team and could improve their account.<\/em><\/p>\n\n\n\r\n<div class=\"gg-post-video-yt-block gg-video-yt post-958 post type-post status-publish format-standard has-post-thumbnail hentry category-spravy tag-michal-gasparik post-number-1\">\r\n\t<div class=\"gg-video-inner\">\r\n\t\t\t\r\n\t\t<div class=\"gg-video-img\" style=\"background-image: url(https:\/\/i3.ytimg.com\/vi\/1nZOqh9Tbg4\/maxresdefault.jpg); padding-top:56.5%;\"><\/div>\r\n\t\t\t\t\t\t\r\n\t\t<div class=\"video-play-icon\"\r\n\t\t\tdata-video-id=\"1nZOqh9Tbg4\"\r\n\t\t\tdata-video-url=\"https:\/\/www.youtube.com\/watch?v=1nZOqh9Tbg4\"\r\n\t\t\tdata-video-date=\"Aug 30, 2022\"\r\n\t\t\tdata-video-title=\"Luk\u00e1\u0161 \u0160tetina: Do plnej obrany sa n\u00e1m \u0165a\u017e\u0161ie presadzuje\"\r\n\t\t\tdata-video-description=\"Zajtra nast\u00fapia trnavsk\u00ed futbalisti proti Tatranu Liptovsk\u00fd Mikul\u00e1\u0161....\">\r\n\t\t\t<svg xmlns=\"http:\/\/www.w3.org\/2000\/svg\" width=\"466.667\" height=\"600\" viewbox=\"166.667 0 466.667 600\" xml:space=\"preserve\"><path d=\"m166.667 0 466.667 300-466.667 300V0z\"\/><\/svg>\t\t<\/div>\r\n\t\t\r\n\t\t<div class=\"content-box\">\r\n\t\t\t<h3 class=\"video__title\">Luk\u00e1\u0161 \u0160tetina: It is more difficult for us to get into full defense<\/h3>\r\n\t\t<\/div>\r\n\t\t\t\t\t\t\t\t\t\t\t\t\t\t\t\t\t\t\t\t\t\r\n\t<\/div>\r\n<\/div>\n\n\n<p>While in the last home match against the strong Dunajsk\u00e1 Streda, Spartak presented a good game, last week they did not even dazzle with results against weaker opponents.\u00a0<strong><em>\"Usually we had very good first halves, but now with Skalica, the first half was not optimal. In the second, we ran into our game and it was fine, but we conceded. We only scored a goal and had one or two more chances to turn the game around. The same thing awaits us tomorrow. Most of the teams, even \u017dilina and Podbrezov\u00e1, who have high ball possession, hinder us here. We need to deal with it. For me, the key is the first goal, which opens and decides the matches. We will run at them from the start and I believe we will manage to score,\"\u00a0<\/em><\/strong><em>emphasizes coach Michal Ga\u0161par\u00edk. This season, he focused on improving offensive activity. Bigger wrinkles make him cheap conceded goals.<\/em><\/p>\n\n\n\r\n<div class=\"gg-post-video-yt-block gg-video-yt post-958 post type-post status-publish format-standard has-post-thumbnail hentry category-spravy tag-michal-gasparik post-number-2\">\r\n\t<div class=\"gg-video-inner\">\r\n\t\t\t\r\n\t\t<div class=\"gg-video-img\" style=\"background-image: url(https:\/\/i3.ytimg.com\/vi\/8kcwTrNUzRE\/maxresdefault.jpg); padding-top:56.5%;\"><\/div>\r\n\t\t\t\t\t\t\r\n\t\t<div class=\"video-play-icon\"\r\n\t\t\tdata-video-id=\"8kcwTrNUzRE\"\r\n\t\t\tdata-video-url=\"https:\/\/www.youtube.com\/watch?v=8kcwTrNUzRE\"\r\n\t\t\tdata-video-date=\"Aug 30, 2022\"\r\n\t\t\tdata-video-title=\"Michal Ga\u0161par\u00edk: Ver\u00edm, \u017ee vydolujeme 3 body doma\"\r\n\t\t\tdata-video-description=\"Zajtra nast\u00fapia trnavsk\u00ed futbalisti proti Tatranu Liptovsk\u00fd Mikul\u00e1\u0161....\">\r\n\t\t\t<svg xmlns=\"http:\/\/www.w3.org\/2000\/svg\" width=\"466.667\" height=\"600\" viewbox=\"166.667 0 466.667 600\" xml:space=\"preserve\"><path d=\"m166.667 0 466.667 300-466.667 300V0z\"\/><\/svg>\t\t<\/div>\r\n\t\t\r\n\t\t<div class=\"content-box\">\r\n\t\t\t<h3 class=\"video__title\">Michal Ga\u0161par\u00edk: I believe that we will get 3 points at home<\/h3>\r\n\t\t<\/div>\r\n\t\t\t\t\t\t\t\t\t\t\t\t\t\t\t\t\t\t\t\t\t\r\n\t<\/div>\r\n<\/div>\n\n\n<p><em><em><strong><em>\"This is what has changed. We have moved forward in the positional attack, also in the game to the full. Last season, however, it did not happen that we got a goal from the break. Now the opponent has three attacks per game and we cash in on that. We have dealt with this with the players and we need to avoid it. We have to keep a clean sheet in such matches.\"<\/em><\/strong><\/em><\/em><\/p>\n\n\n\n<p><em><em>The match starts tomorrow at 18:00 and tickets for the match are already on sale. Regular customers can also take another friend for free.<\/em><\/em><\/p>\n\n\n\n<p><em><em>More information at:<\/em><\/em><br><em><em><a href=\"https:\/\/fcspartaktrnava.com\/en\/clanek.asp\/?id=9152\">https:\/\/fcspartaktrnava.com\/clanek.asp?id=9152<\/a>.<\/em><\/em><\/p>\n\n\n\n<p><em><em>Due to the penalty, the north stand will be closed. More information at:<\/em><\/em><br><em><em><a href=\"https:\/\/fcspartaktrnava.com\/en\/clanek.asp\/?id=9154\">https:\/\/fcspartaktrnava.com\/clanek.asp?id=9154<\/a>.<\/em><\/em><\/p>","protected":false},"excerpt":{"rendered":"<p>Zajtra nast\u00fapia trnavsk\u00ed futbalisti proti Tatranu Liptovsk\u00fd Mikul\u00e1\u0161&#8230;.<\/p>","protected":false},"author":5,"featured_media":959,"comment_status":"closed","ping_status":"closed","sticky":false,"template":"","format":"standard","meta":{"footnotes":""},"categories":[12],"tags":[11],"class_list":["post-958","post","type-post","status-publish","format-standard","has-post-thumbnail","hentry","category-spravy","tag-michal-gasparik","post-number-3"],"yoast_head":"<!-- This site is optimized with the Yoast SEO plugin v27.1.1 - https:\/\/yoast.com\/product\/yoast-seo-wordpress\/ -->\n<title>Na z\u00e1ver pr\u00e1zdnin priv\u00edtame Liptovsk\u00fd Mikul\u00e1\u0161 - FC Spartak Trnava<\/title>\n<meta name=\"robots\" content=\"index, follow, max-snippet:-1, max-image-preview:large, max-video-preview:-1\" \/>\n<link rel=\"canonical\" href=\"https:\/\/fcspartaktrnava.com\/en\/na-zaver-prazdnin-privitame-liptovsky-mikulas\/\" \/>\n<meta name=\"twitter:label1\" content=\"Written by\" \/>\n\t<meta name=\"twitter:data1\" content=\"Samuel \u010eurinsk\u00fd\" \/>\n\t<meta name=\"twitter:label2\" content=\"Estimated reading time\" \/>\n\t<meta name=\"twitter:data2\" content=\"2 minutes\" \/>\n<script type=\"application\/ld+json\" class=\"yoast-schema-graph\">{\"@context\":\"https:\/\/schema.org\",\"@graph\":[{\"@type\":\"Article\",\"@id\":\"https:\/\/fcspartaktrnava.com\/en\/na-zaver-prazdnin-privitame-liptovsky-mikulas\/#article\",\"isPartOf\":{\"@id\":\"https:\/\/fcspartaktrnava.com\/en\/na-zaver-prazdnin-privitame-liptovsky-mikulas\/\"},\"author\":{\"name\":\"Samuel \u010eurinsk\u00fd\",\"@id\":\"https:\/\/fcspartaktrnava.com\/#\/schema\/person\/62c3c2562c3c56e4c0c8c2342c596ac0\"},\"headline\":\"Na z\u00e1ver pr\u00e1zdnin priv\u00edtame Liptovsk\u00fd Mikul\u00e1\u0161\",\"datePublished\":\"2022-08-30T13:51:00+00:00\",\"dateModified\":\"2022-08-30T13:58:34+00:00\",\"mainEntityOfPage\":{\"@id\":\"https:\/\/fcspartaktrnava.com\/en\/na-zaver-prazdnin-privitame-liptovsky-mikulas\/\"},\"wordCount\":507,\"publisher\":{\"@id\":\"https:\/\/fcspartaktrnava.com\/#organization\"},\"image\":{\"@id\":\"https:\/\/fcspartaktrnava.com\/en\/na-zaver-prazdnin-privitame-liptovsky-mikulas\/#primaryimage\"},\"thumbnailUrl\":\"https:\/\/fcspartaktrnava.com\/wp-content\/uploads\/2022\/08\/na-zaver-prazdnin-privitame-liptovsky.jpg\",\"keywords\":[\"Michal Ga\u0161par\u00edk\"],\"articleSection\":[\"Spr\u00e1vy\"],\"inLanguage\":\"en-GB\"},{\"@type\":\"WebPage\",\"@id\":\"https:\/\/fcspartaktrnava.com\/en\/na-zaver-prazdnin-privitame-liptovsky-mikulas\/\",\"url\":\"https:\/\/fcspartaktrnava.com\/en\/na-zaver-prazdnin-privitame-liptovsky-mikulas\/\",\"name\":\"Na z\u00e1ver pr\u00e1zdnin priv\u00edtame Liptovsk\u00fd Mikul\u00e1\u0161 - FC Spartak Trnava\",\"isPartOf\":{\"@id\":\"https:\/\/fcspartaktrnava.com\/#website\"},\"primaryImageOfPage\":{\"@id\":\"https:\/\/fcspartaktrnava.com\/en\/na-zaver-prazdnin-privitame-liptovsky-mikulas\/#primaryimage\"},\"image\":{\"@id\":\"https:\/\/fcspartaktrnava.com\/en\/na-zaver-prazdnin-privitame-liptovsky-mikulas\/#primaryimage\"},\"thumbnailUrl\":\"https:\/\/fcspartaktrnava.com\/wp-content\/uploads\/2022\/08\/na-zaver-prazdnin-privitame-liptovsky.jpg\",\"datePublished\":\"2022-08-30T13:51:00+00:00\",\"dateModified\":\"2022-08-30T13:58:34+00:00\",\"breadcrumb\":{\"@id\":\"https:\/\/fcspartaktrnava.com\/en\/na-zaver-prazdnin-privitame-liptovsky-mikulas\/#breadcrumb\"},\"inLanguage\":\"en-GB\",\"potentialAction\":[{\"@type\":\"ReadAction\",\"target\":[\"https:\/\/fcspartaktrnava.com\/en\/na-zaver-prazdnin-privitame-liptovsky-mikulas\/\"]}]},{\"@type\":\"ImageObject\",\"inLanguage\":\"en-GB\",\"@id\":\"https:\/\/fcspartaktrnava.com\/en\/na-zaver-prazdnin-privitame-liptovsky-mikulas\/#primaryimage\",\"url\":\"https:\/\/fcspartaktrnava.com\/wp-content\/uploads\/2022\/08\/na-zaver-prazdnin-privitame-liptovsky.jpg\",\"contentUrl\":\"https:\/\/fcspartaktrnava.com\/wp-content\/uploads\/2022\/08\/na-zaver-prazdnin-privitame-liptovsky.jpg\",\"width\":1300,\"height\":555},{\"@type\":\"BreadcrumbList\",\"@id\":\"https:\/\/fcspartaktrnava.com\/en\/na-zaver-prazdnin-privitame-liptovsky-mikulas\/#breadcrumb\",\"itemListElement\":[{\"@type\":\"ListItem\",\"position\":1,\"name\":\"Home\",\"item\":\"https:\/\/fcspartaktrnava.com\/\"},{\"@type\":\"ListItem\",\"position\":2,\"name\":\"Na z\u00e1ver pr\u00e1zdnin priv\u00edtame Liptovsk\u00fd Mikul\u00e1\u0161\"}]},{\"@type\":\"WebSite\",\"@id\":\"https:\/\/fcspartaktrnava.com\/#website\",\"url\":\"https:\/\/fcspartaktrnava.com\/\",\"name\":\"FC Spartak Trnava\",\"description\":\"ofici\u00e1lna webstr\u00e1nka futbalov\u00e9ho klubu\",\"publisher\":{\"@id\":\"https:\/\/fcspartaktrnava.com\/#organization\"},\"potentialAction\":[{\"@type\":\"SearchAction\",\"target\":{\"@type\":\"EntryPoint\",\"urlTemplate\":\"https:\/\/fcspartaktrnava.com\/?s={search_term_string}\"},\"query-input\":{\"@type\":\"PropertyValueSpecification\",\"valueRequired\":true,\"valueName\":\"search_term_string\"}}],\"inLanguage\":\"en-GB\"},{\"@type\":\"Organization\",\"@id\":\"https:\/\/fcspartaktrnava.com\/#organization\",\"name\":\"FC Spartak Trnava\",\"alternateName\":\"Spartak\",\"url\":\"https:\/\/fcspartaktrnava.com\/\",\"logo\":{\"@type\":\"ImageObject\",\"inLanguage\":\"en-GB\",\"@id\":\"https:\/\/fcspartaktrnava.com\/#\/schema\/logo\/image\/\",\"url\":\"https:\/\/fcspartaktrnava.com\/wp-content\/uploads\/2022\/08\/cropped-site_logo.png\",\"contentUrl\":\"https:\/\/fcspartaktrnava.com\/wp-content\/uploads\/2022\/08\/cropped-site_logo.png\",\"width\":140,\"height\":140,\"caption\":\"FC Spartak Trnava\"},\"image\":{\"@id\":\"https:\/\/fcspartaktrnava.com\/#\/schema\/logo\/image\/\"},\"sameAs\":[\"https:\/\/www.facebook.com\/SpartakTrnava\",\"https:\/\/x.com\/SpartakTrnava1\",\"https:\/\/www.instagram.com\/spartak_sk\/\"]},{\"@type\":\"Person\",\"@id\":\"https:\/\/fcspartaktrnava.com\/#\/schema\/person\/62c3c2562c3c56e4c0c8c2342c596ac0\",\"name\":\"Samuel \u010eurinsk\u00fd\",\"image\":{\"@type\":\"ImageObject\",\"inLanguage\":\"en-GB\",\"@id\":\"https:\/\/fcspartaktrnava.com\/#\/schema\/person\/image\/\",\"url\":\"https:\/\/secure.gravatar.com\/avatar\/af2fa02af92418b86ed742470664fe40056833fb68d84becf03f6ab02319257c?s=96&d=mm&r=g\",\"contentUrl\":\"https:\/\/secure.gravatar.com\/avatar\/af2fa02af92418b86ed742470664fe40056833fb68d84becf03f6ab02319257c?s=96&d=mm&r=g\",\"caption\":\"Samuel \u010eurinsk\u00fd\"},\"url\":\"https:\/\/fcspartaktrnava.com\/en\/author\/fcst-samuel\/\"}]}<\/script>\n<!-- \/ Yoast SEO plugin. -->","yoast_head_json":{"title":"Na z\u00e1ver pr\u00e1zdnin priv\u00edtame Liptovsk\u00fd Mikul\u00e1\u0161 - FC Spartak Trnava","robots":{"index":"index","follow":"follow","max-snippet":"max-snippet:-1","max-image-preview":"max-image-preview:large","max-video-preview":"max-video-preview:-1"},"canonical":"https:\/\/fcspartaktrnava.com\/en\/na-zaver-prazdnin-privitame-liptovsky-mikulas\/","twitter_misc":{"Written by":"Samuel \u010eurinsk\u00fd","Estimated reading time":"2 minutes"},"schema":{"@context":"https:\/\/schema.org","@graph":[{"@type":"Article","@id":"https:\/\/fcspartaktrnava.com\/en\/na-zaver-prazdnin-privitame-liptovsky-mikulas\/#article","isPartOf":{"@id":"https:\/\/fcspartaktrnava.com\/en\/na-zaver-prazdnin-privitame-liptovsky-mikulas\/"},"author":{"name":"Samuel \u010eurinsk\u00fd","@id":"https:\/\/fcspartaktrnava.com\/#\/schema\/person\/62c3c2562c3c56e4c0c8c2342c596ac0"},"headline":"Na z\u00e1ver pr\u00e1zdnin priv\u00edtame Liptovsk\u00fd Mikul\u00e1\u0161","datePublished":"2022-08-30T13:51:00+00:00","dateModified":"2022-08-30T13:58:34+00:00","mainEntityOfPage":{"@id":"https:\/\/fcspartaktrnava.com\/en\/na-zaver-prazdnin-privitame-liptovsky-mikulas\/"},"wordCount":507,"publisher":{"@id":"https:\/\/fcspartaktrnava.com\/#organization"},"image":{"@id":"https:\/\/fcspartaktrnava.com\/en\/na-zaver-prazdnin-privitame-liptovsky-mikulas\/#primaryimage"},"thumbnailUrl":"https:\/\/fcspartaktrnava.com\/wp-content\/uploads\/2022\/08\/na-zaver-prazdnin-privitame-liptovsky.jpg","keywords":["Michal Ga\u0161par\u00edk"],"articleSection":["Spr\u00e1vy"],"inLanguage":"en-GB"},{"@type":"WebPage","@id":"https:\/\/fcspartaktrnava.com\/en\/na-zaver-prazdnin-privitame-liptovsky-mikulas\/","url":"https:\/\/fcspartaktrnava.com\/en\/na-zaver-prazdnin-privitame-liptovsky-mikulas\/","name":"Na z\u00e1ver pr\u00e1zdnin priv\u00edtame Liptovsk\u00fd Mikul\u00e1\u0161 - FC Spartak Trnava","isPartOf":{"@id":"https:\/\/fcspartaktrnava.com\/#website"},"primaryImageOfPage":{"@id":"https:\/\/fcspartaktrnava.com\/en\/na-zaver-prazdnin-privitame-liptovsky-mikulas\/#primaryimage"},"image":{"@id":"https:\/\/fcspartaktrnava.com\/en\/na-zaver-prazdnin-privitame-liptovsky-mikulas\/#primaryimage"},"thumbnailUrl":"https:\/\/fcspartaktrnava.com\/wp-content\/uploads\/2022\/08\/na-zaver-prazdnin-privitame-liptovsky.jpg","datePublished":"2022-08-30T13:51:00+00:00","dateModified":"2022-08-30T13:58:34+00:00","breadcrumb":{"@id":"https:\/\/fcspartaktrnava.com\/en\/na-zaver-prazdnin-privitame-liptovsky-mikulas\/#breadcrumb"},"inLanguage":"en-GB","potentialAction":[{"@type":"ReadAction","target":["https:\/\/fcspartaktrnava.com\/en\/na-zaver-prazdnin-privitame-liptovsky-mikulas\/"]}]},{"@type":"ImageObject","inLanguage":"en-GB","@id":"https:\/\/fcspartaktrnava.com\/en\/na-zaver-prazdnin-privitame-liptovsky-mikulas\/#primaryimage","url":"https:\/\/fcspartaktrnava.com\/wp-content\/uploads\/2022\/08\/na-zaver-prazdnin-privitame-liptovsky.jpg","contentUrl":"https:\/\/fcspartaktrnava.com\/wp-content\/uploads\/2022\/08\/na-zaver-prazdnin-privitame-liptovsky.jpg","width":1300,"height":555},{"@type":"BreadcrumbList","@id":"https:\/\/fcspartaktrnava.com\/en\/na-zaver-prazdnin-privitame-liptovsky-mikulas\/#breadcrumb","itemListElement":[{"@type":"ListItem","position":1,"name":"Home","item":"https:\/\/fcspartaktrnava.com\/"},{"@type":"ListItem","position":2,"name":"Na z\u00e1ver pr\u00e1zdnin priv\u00edtame Liptovsk\u00fd Mikul\u00e1\u0161"}]},{"@type":"WebSite","@id":"https:\/\/fcspartaktrnava.com\/#website","url":"https:\/\/fcspartaktrnava.com\/","name":"FC Spartak Trnava","description":"ofici\u00e1lna webstr\u00e1nka futbalov\u00e9ho klubu","publisher":{"@id":"https:\/\/fcspartaktrnava.com\/#organization"},"potentialAction":[{"@type":"SearchAction","target":{"@type":"EntryPoint","urlTemplate":"https:\/\/fcspartaktrnava.com\/?s={search_term_string}"},"query-input":{"@type":"PropertyValueSpecification","valueRequired":true,"valueName":"search_term_string"}}],"inLanguage":"en-GB"},{"@type":"Organization","@id":"https:\/\/fcspartaktrnava.com\/#organization","name":"FC Spartak Trnava","alternateName":"Spartak","url":"https:\/\/fcspartaktrnava.com\/","logo":{"@type":"ImageObject","inLanguage":"en-GB","@id":"https:\/\/fcspartaktrnava.com\/#\/schema\/logo\/image\/","url":"https:\/\/fcspartaktrnava.com\/wp-content\/uploads\/2022\/08\/cropped-site_logo.png","contentUrl":"https:\/\/fcspartaktrnava.com\/wp-content\/uploads\/2022\/08\/cropped-site_logo.png","width":140,"height":140,"caption":"FC Spartak Trnava"},"image":{"@id":"https:\/\/fcspartaktrnava.com\/#\/schema\/logo\/image\/"},"sameAs":["https:\/\/www.facebook.com\/SpartakTrnava","https:\/\/x.com\/SpartakTrnava1","https:\/\/www.instagram.com\/spartak_sk\/"]},{"@type":"Person","@id":"https:\/\/fcspartaktrnava.com\/#\/schema\/person\/62c3c2562c3c56e4c0c8c2342c596ac0","name":"Samuel \u010eurinsk\u00fd","image":{"@type":"ImageObject","inLanguage":"en-GB","@id":"https:\/\/fcspartaktrnava.com\/#\/schema\/person\/image\/","url":"https:\/\/secure.gravatar.com\/avatar\/af2fa02af92418b86ed742470664fe40056833fb68d84becf03f6ab02319257c?s=96&d=mm&r=g","contentUrl":"https:\/\/secure.gravatar.com\/avatar\/af2fa02af92418b86ed742470664fe40056833fb68d84becf03f6ab02319257c?s=96&d=mm&r=g","caption":"Samuel \u010eurinsk\u00fd"},"url":"https:\/\/fcspartaktrnava.com\/en\/author\/fcst-samuel\/"}]}},"_links":{"self":[{"href":"https:\/\/fcspartaktrnava.com\/en\/wp-json\/wp\/v2\/posts\/958","targetHints":{"allow":["GET"]}}],"collection":[{"href":"https:\/\/fcspartaktrnava.com\/en\/wp-json\/wp\/v2\/posts"}],"about":[{"href":"https:\/\/fcspartaktrnava.com\/en\/wp-json\/wp\/v2\/types\/post"}],"author":[{"embeddable":true,"href":"https:\/\/fcspartaktrnava.com\/en\/wp-json\/wp\/v2\/users\/5"}],"replies":[{"embeddable":true,"href":"https:\/\/fcspartaktrnava.com\/en\/wp-json\/wp\/v2\/comments?post=958"}],"version-history":[{"count":0,"href":"https:\/\/fcspartaktrnava.com\/en\/wp-json\/wp\/v2\/posts\/958\/revisions"}],"wp:featuredmedia":[{"embeddable":true,"href":"https:\/\/fcspartaktrnava.com\/en\/wp-json\/wp\/v2\/media\/959"}],"wp:attachment":[{"href":"https:\/\/fcspartaktrnava.com\/en\/wp-json\/wp\/v2\/media?parent=958"}],"wp:term":[{"taxonomy":"category","embeddable":true,"href":"https:\/\/fcspartaktrnava.com\/en\/wp-json\/wp\/v2\/categories?post=958"},{"taxonomy":"post_tag","embeddable":true,"href":"https:\/\/fcspartaktrnava.com\/en\/wp-json\/wp\/v2\/tags?post=958"}],"curies":[{"name":"wp","href":"https:\/\/api.w.org\/{rel}","templated":true}]}}