{"id":9503,"date":"2023-08-09T13:52:16","date_gmt":"2023-08-09T11:52:16","guid":{"rendered":"https:\/\/fcspartaktrnava.com\/?p=9503"},"modified":"2023-08-09T13:52:17","modified_gmt":"2023-08-09T11:52:17","slug":"trnavcania-uz-su-v-poznani-vecer-sa-zoznamia-so-stadionom","status":"publish","type":"post","link":"https:\/\/fcspartaktrnava.com\/en\/trnavcania-uz-su-v-poznani-vecer-sa-zoznamia-so-stadionom\/","title":{"rendered":"Trnav\u010dania u\u017e s\u00fa v\u00a0Poznani, ve\u010der sa zozn\u00e1mia so \u0161tadi\u00f3nom"},"content":{"rendered":"<p>V\u00fdprava futbalistov Spartaka je u\u017e v&nbsp;po\u013eskej Poznani, kde sa zajtra stretne v&nbsp;s\u00faboji proti miestnemu Lechu v&nbsp;\u00favodnom z\u00e1pase 3. predkola Eur\u00f3pskej konferen\u010dnej ligy.<\/p>\n\n\n\n<p>Spartakovci cestovali charterom z&nbsp;Bratislavy priamo do viac ako polmili\u00f3novej Poznane. P\u00e4\u0165desiatmin\u00fatov\u00fd let prebehol hladko a&nbsp;futbalistov v\u00edtalo upr\u0161an\u00e9 mesto, ktor\u00e9 sa postupne rozjasnievalo.<\/p>\n\n\n\n<p>Do Po\u013eska odletel takmer kompletn\u00fd k\u00e1der, s&nbsp;v\u00fdnimkou \u0161tvrt\u00e9ho brank\u00e1ra Kamen\u00e1ra a&nbsp;zranen\u00e9ho Bolajiho. V\u010deraj\u0161\u00ed tr\u00e9ning absolvoval u\u017e aj Martin \u0160ulek, ktor\u00fd pauzoval od s\u00fastredenia kv\u00f4li zranenej achilovke.<\/p>\n\n\n\n<p><strong><em>\u201eIdeme tam v&nbsp;dobrej n\u00e1lade. S\u00fastredili sme sa na tento dvojz\u00e1pas. Odlo\u017eili sme nasleduj\u00face ligov\u00e9 kolo s&nbsp;Ko\u0161icami, tro\u0161ku sme rotovali zostavou so Zlat\u00fdmi Moravcami, aby sme boli \u010do najlep\u0161ie pripraven\u00ed na tento z\u00e1pas. Potrebujeme uhra\u0165 nejak\u00fd v\u00fdsledok, aby to bolo otvoren\u00e9 do dom\u00e1ceho z\u00e1pasu a&nbsp;tomu sme podriadili v\u0161etko,\u201c<\/em><\/strong> hovoril pred odletom Michal Ga\u0161par\u00edk.<\/p>\n\n\n\n<p>Tretiu sez\u00f3nu po sebe sa prebojoval so svoj\u00edm t\u00edmom do 3. predkola, no v&nbsp;predch\u00e1dzaj\u00facich ro\u010dn\u00edkoch to bola kone\u010dn\u00e1. <strong><em>\u201eSme tret\u00edkr\u00e1t v&nbsp;tre\u0165om predkole. Na slovensk\u00e9 pomery to mo\u017eno nie je tak\u00e9 zl\u00e9, lebo mu\u017estv\u00e1 vypad\u00e1vaj\u00fa aj sk\u00f4r, aj teraz u\u017e vypadli, ale v\u017edy je to o&nbsp;kvalite s\u00fapera. Chceme prekvapi\u0165, hoci viem, \u017ee je to \u0165a\u017ek\u00fd s\u00faper, ktor\u00e9ho v&nbsp;minulej sez\u00f3ne zastavil a\u017e finalista Fiorentina. D\u00e1me do toho v\u0161etko, na za\u010diatku je to st\u00e1le p\u00e4\u0165desiat na p\u00e4\u0165desiat a uvid\u00edme ako sa n\u00e1m podar\u00ed prv\u00fd z\u00e1pas, lebo to bude k\u013e\u00fa\u010dov\u00e9.\u201c<\/em><\/strong><\/p>\n\n\n\n<p>S\u00e1m Ga\u0161par\u00edk p\u00f4sobil svojho \u010dasu v\u00a0po\u013eskej lige a\u00a0v\u00a0t\u00edme m\u00e1 a\u017e dev\u00e4\u0165 hr\u00e1\u010dov, ktor\u00ed maj\u00fa sk\u00fasenosti z\u00a0p\u00f4sobenia v\u00a0niektorom t\u00edme Ekstraklasy. Poznatky v\u0161ak \u010derpal odinakia\u013e. <strong><em>\u201eAnal\u00fdzu m\u00e1me sk\u00f4r z\u00a0t\u00fdch posledn\u00fdch z\u00e1pasov a\u00a0komunikoval som aj s\u00a0Pa\u013eom Sta\u0148om, ktor\u00fd v\u00a0Po\u013esku tr\u00e9noval. Pre na\u0161ich hr\u00e1\u010dov, ktor\u00ed tam hrali to m\u00f4\u017ee by\u0165 plus, lebo bud\u00fa ma\u0165 sk\u00fasenosti s\u00a0publikom, so\u00a0\u0161tadi\u00f3nom, na ktorom m\u00f4\u017ee by\u0165 30-40 tis\u00edc \u013eud\u00ed.\u201c<\/em><\/strong><\/p>\n\n\n\n<figure class=\"wp-block-embed is-type-video is-provider-youtube wp-block-embed-youtube wp-embed-aspect-16-9 wp-has-aspect-ratio\"><div class=\"wp-block-embed__wrapper\">\n<iframe loading=\"lazy\" title=\"Michal Ga\u0161par\u00edk: Na z\u00e1pas s Lechom s\u00fa pripraven\u00ed v\u0161etci hr\u00e1\u010di\" width=\"500\" height=\"281\" src=\"https:\/\/www.youtube.com\/embed\/ROlnNfY-_qs?feature=oembed\" frameborder=\"0\" allow=\"accelerometer; autoplay; clipboard-write; encrypted-media; gyroscope; picture-in-picture; web-share\" referrerpolicy=\"strict-origin-when-cross-origin\" allowfullscreen><\/iframe>\n<\/div><\/figure>\n\n\n\n<p>Jedn\u00fdm z&nbsp;t\u00fdch, ktor\u00ed sa proti Poznani predstavili bol Martin Mikovi\u010d. Po\u010das svojho p\u00f4sobenia v&nbsp;Termalice Nieciecza hral proti Lechu trikr\u00e1t. <strong><em>\u201eOdkedy som tam ja hr\u00e1val, tak sa cel\u00e9 mu\u017estvo zmenilo, pozn\u00e1m mo\u017eno jedn\u00e9ho alebo dvoch hr\u00e1\u010dov. \u0160t\u00fdl v\u0161ak hraj\u00fa st\u00e1le ten ist\u00fd.\u201c<\/em><\/strong><\/p>\n\n\n\n<p>Spartaku nevy\u0161iel vstup do ligy, ke\u010f v\u00a0z\u00e1veroch z\u00e1pasoch pri\u0161li najsk\u00f4r o\u00a0rem\u00edzu s\u00a0Tren\u010d\u00ednom a\u00a0potom o\u00a0v\u00ed\u0165azstvo nad Zlat\u00fdmi Moravcami. <strong><em>\u201eToto je in\u00e1 s\u00fa\u0165a\u017e a\u00a0teraz sa koncentrujeme na poh\u00e1r. V\u00a0lige sa to e\u0161te d\u00e1 dobehn\u00fa\u0165, ale tu u\u017e na repar\u00e1t nebudeme ma\u0165 \u010das. Bolo by pekn\u00e9, keby sme post\u00fapili do play off. Ja som ho hral raz s\u00a0Z\u00fcrichom, v\u00e4\u010d\u0161inou vypadneme v\u00a0tom tre\u0165om predkole. Najvy\u0161\u0161\u00ed \u010das prehupn\u00fa\u0165 sa \u010falej.\u201c \u00a0<\/em><\/strong><\/p>\n\n\n\n<figure class=\"wp-block-embed is-type-video is-provider-youtube wp-block-embed-youtube wp-embed-aspect-16-9 wp-has-aspect-ratio\"><div class=\"wp-block-embed__wrapper\">\n<iframe loading=\"lazy\" title=\"Martin Mikovi\u010d: Na z\u00e1pas odch\u00e1dzame dobre naladen\u00ed\" width=\"500\" height=\"281\" src=\"https:\/\/www.youtube.com\/embed\/zVi2kT6wDaE?feature=oembed\" frameborder=\"0\" allow=\"accelerometer; autoplay; clipboard-write; encrypted-media; gyroscope; picture-in-picture; web-share\" referrerpolicy=\"strict-origin-when-cross-origin\" allowfullscreen><\/iframe>\n<\/div><\/figure>\n\n\n\n<p>Ve\u010der od 18. hodiny je napl\u00e1novan\u00fd tr\u00e9ning v&nbsp;dejisku zajtraj\u0161ieho z\u00e1pasu na majest\u00e1tnom \u0161tadi\u00f3ne INEA s&nbsp;viac ako 43-tis\u00edcovou kapacitou.<\/p>\n\n\n\n<p>V&nbsp;Poznani je pripraven\u00fd tento k\u00e1der<\/p>\n\n\n\n<p>Brank\u00e1ri: Tak\u00e1\u010d, Vantruba, Rusov<\/p>\n\n\n\n<p>Hr\u00e1\u010di v&nbsp;poli: Mikovi\u010d, \u0160tef\u00e1nik, Proch\u00e1zka, Bukata, Pe\u0148a, Kompan-Breznik, Oseni, Zeljkovi\u010d, Gorosito, K\u00f3\u0161a, \u0160tefina, Ofori, Ujlaky, Ko\u0161trna, Karhan, \u0160ulek, Ristovski, Azango, Djuri\u010din, Daniel, Bainovi\u010d. &nbsp;&nbsp;&nbsp;&nbsp;<\/p>","protected":false},"excerpt":{"rendered":"<p>V\u00fdprava futbalistov Spartaka je u\u017e v&nbsp;po\u013eskej Poznani, kde&#8230;<\/p>","protected":false},"author":2,"featured_media":9504,"comment_status":"closed","ping_status":"closed","sticky":false,"template":"","format":"standard","meta":{"footnotes":""},"categories":[41],"tags":[11],"class_list":["post-9503","post","type-post","status-publish","format-standard","has-post-thumbnail","hentry","category-intervju","tag-michal-gasparik","post-number-1"],"yoast_head":"<!-- This site is optimized with the Yoast SEO plugin v27.1.1 - https:\/\/yoast.com\/product\/yoast-seo-wordpress\/ -->\n<title>Trnav\u010dania u\u017e s\u00fa v\u00a0Poznani, ve\u010der sa zozn\u00e1mia so \u0161tadi\u00f3nom - FC Spartak Trnava<\/title>\n<meta name=\"robots\" content=\"index, follow, max-snippet:-1, max-image-preview:large, max-video-preview:-1\" \/>\n<link rel=\"canonical\" href=\"https:\/\/fcspartaktrnava.com\/en\/trnavcania-uz-su-v-poznani-vecer-sa-zoznamia-so-stadionom\/\" \/>\n<meta name=\"twitter:label1\" content=\"Written by\" \/>\n\t<meta name=\"twitter:data1\" content=\"spartak\" \/>\n\t<meta name=\"twitter:label2\" content=\"Estimated reading time\" \/>\n\t<meta name=\"twitter:data2\" content=\"3 minutes\" \/>\n<script type=\"application\/ld+json\" class=\"yoast-schema-graph\">{\"@context\":\"https:\/\/schema.org\",\"@graph\":[{\"@type\":\"Article\",\"@id\":\"https:\/\/fcspartaktrnava.com\/trnavcania-uz-su-v-poznani-vecer-sa-zoznamia-so-stadionom\/#article\",\"isPartOf\":{\"@id\":\"https:\/\/fcspartaktrnava.com\/trnavcania-uz-su-v-poznani-vecer-sa-zoznamia-so-stadionom\/\"},\"author\":{\"name\":\"spartak\",\"@id\":\"https:\/\/fcspartaktrnava.com\/#\/schema\/person\/24bc5b254af14f71d7d8af178790aa75\"},\"headline\":\"Trnav\u010dania u\u017e s\u00fa v\u00a0Poznani, ve\u010der sa zozn\u00e1mia so \u0161tadi\u00f3nom\",\"datePublished\":\"2023-08-09T11:52:16+00:00\",\"dateModified\":\"2023-08-09T11:52:17+00:00\",\"mainEntityOfPage\":{\"@id\":\"https:\/\/fcspartaktrnava.com\/trnavcania-uz-su-v-poznani-vecer-sa-zoznamia-so-stadionom\/\"},\"wordCount\":655,\"publisher\":{\"@id\":\"https:\/\/fcspartaktrnava.com\/#organization\"},\"image\":{\"@id\":\"https:\/\/fcspartaktrnava.com\/trnavcania-uz-su-v-poznani-vecer-sa-zoznamia-so-stadionom\/#primaryimage\"},\"thumbnailUrl\":\"https:\/\/fcspartaktrnava.com\/wp-content\/uploads\/2023\/08\/poznan-lietadlo-scaled.jpg\",\"keywords\":[\"Michal Ga\u0161par\u00edk\"],\"articleSection\":[\"Rozhovory\"],\"inLanguage\":\"en-GB\"},{\"@type\":\"WebPage\",\"@id\":\"https:\/\/fcspartaktrnava.com\/trnavcania-uz-su-v-poznani-vecer-sa-zoznamia-so-stadionom\/\",\"url\":\"https:\/\/fcspartaktrnava.com\/trnavcania-uz-su-v-poznani-vecer-sa-zoznamia-so-stadionom\/\",\"name\":\"Trnav\u010dania u\u017e s\u00fa v\u00a0Poznani, ve\u010der sa zozn\u00e1mia so \u0161tadi\u00f3nom - FC Spartak Trnava\",\"isPartOf\":{\"@id\":\"https:\/\/fcspartaktrnava.com\/#website\"},\"primaryImageOfPage\":{\"@id\":\"https:\/\/fcspartaktrnava.com\/trnavcania-uz-su-v-poznani-vecer-sa-zoznamia-so-stadionom\/#primaryimage\"},\"image\":{\"@id\":\"https:\/\/fcspartaktrnava.com\/trnavcania-uz-su-v-poznani-vecer-sa-zoznamia-so-stadionom\/#primaryimage\"},\"thumbnailUrl\":\"https:\/\/fcspartaktrnava.com\/wp-content\/uploads\/2023\/08\/poznan-lietadlo-scaled.jpg\",\"datePublished\":\"2023-08-09T11:52:16+00:00\",\"dateModified\":\"2023-08-09T11:52:17+00:00\",\"breadcrumb\":{\"@id\":\"https:\/\/fcspartaktrnava.com\/trnavcania-uz-su-v-poznani-vecer-sa-zoznamia-so-stadionom\/#breadcrumb\"},\"inLanguage\":\"en-GB\",\"potentialAction\":[{\"@type\":\"ReadAction\",\"target\":[\"https:\/\/fcspartaktrnava.com\/trnavcania-uz-su-v-poznani-vecer-sa-zoznamia-so-stadionom\/\"]}]},{\"@type\":\"ImageObject\",\"inLanguage\":\"en-GB\",\"@id\":\"https:\/\/fcspartaktrnava.com\/trnavcania-uz-su-v-poznani-vecer-sa-zoznamia-so-stadionom\/#primaryimage\",\"url\":\"https:\/\/fcspartaktrnava.com\/wp-content\/uploads\/2023\/08\/poznan-lietadlo-scaled.jpg\",\"contentUrl\":\"https:\/\/fcspartaktrnava.com\/wp-content\/uploads\/2023\/08\/poznan-lietadlo-scaled.jpg\",\"width\":2560,\"height\":1703},{\"@type\":\"BreadcrumbList\",\"@id\":\"https:\/\/fcspartaktrnava.com\/trnavcania-uz-su-v-poznani-vecer-sa-zoznamia-so-stadionom\/#breadcrumb\",\"itemListElement\":[{\"@type\":\"ListItem\",\"position\":1,\"name\":\"Home\",\"item\":\"https:\/\/fcspartaktrnava.com\/\"},{\"@type\":\"ListItem\",\"position\":2,\"name\":\"Trnav\u010dania u\u017e s\u00fa v\u00a0Poznani, ve\u010der sa zozn\u00e1mia so \u0161tadi\u00f3nom\"}]},{\"@type\":\"WebSite\",\"@id\":\"https:\/\/fcspartaktrnava.com\/#website\",\"url\":\"https:\/\/fcspartaktrnava.com\/\",\"name\":\"FC Spartak Trnava\",\"description\":\"ofici\u00e1lna webstr\u00e1nka futbalov\u00e9ho klubu\",\"publisher\":{\"@id\":\"https:\/\/fcspartaktrnava.com\/#organization\"},\"potentialAction\":[{\"@type\":\"SearchAction\",\"target\":{\"@type\":\"EntryPoint\",\"urlTemplate\":\"https:\/\/fcspartaktrnava.com\/?s={search_term_string}\"},\"query-input\":{\"@type\":\"PropertyValueSpecification\",\"valueRequired\":true,\"valueName\":\"search_term_string\"}}],\"inLanguage\":\"en-GB\"},{\"@type\":\"Organization\",\"@id\":\"https:\/\/fcspartaktrnava.com\/#organization\",\"name\":\"FC Spartak Trnava\",\"alternateName\":\"Spartak\",\"url\":\"https:\/\/fcspartaktrnava.com\/\",\"logo\":{\"@type\":\"ImageObject\",\"inLanguage\":\"en-GB\",\"@id\":\"https:\/\/fcspartaktrnava.com\/#\/schema\/logo\/image\/\",\"url\":\"https:\/\/fcspartaktrnava.com\/wp-content\/uploads\/2022\/08\/cropped-site_logo.png\",\"contentUrl\":\"https:\/\/fcspartaktrnava.com\/wp-content\/uploads\/2022\/08\/cropped-site_logo.png\",\"width\":140,\"height\":140,\"caption\":\"FC Spartak Trnava\"},\"image\":{\"@id\":\"https:\/\/fcspartaktrnava.com\/#\/schema\/logo\/image\/\"},\"sameAs\":[\"https:\/\/www.facebook.com\/SpartakTrnava\",\"https:\/\/x.com\/SpartakTrnava1\",\"https:\/\/www.instagram.com\/spartak_sk\/\"]},{\"@type\":\"Person\",\"@id\":\"https:\/\/fcspartaktrnava.com\/#\/schema\/person\/24bc5b254af14f71d7d8af178790aa75\",\"name\":\"spartak\",\"image\":{\"@type\":\"ImageObject\",\"inLanguage\":\"en-GB\",\"@id\":\"https:\/\/fcspartaktrnava.com\/#\/schema\/person\/image\/\",\"url\":\"https:\/\/secure.gravatar.com\/avatar\/f8ff8584f3fcf3909a11a6da9019f37749183b4015bca14e64556c52614cdc7f?s=96&d=mm&r=g\",\"contentUrl\":\"https:\/\/secure.gravatar.com\/avatar\/f8ff8584f3fcf3909a11a6da9019f37749183b4015bca14e64556c52614cdc7f?s=96&d=mm&r=g\",\"caption\":\"spartak\"},\"url\":\"https:\/\/fcspartaktrnava.com\/en\/author\/spartak\/\"}]}<\/script>\n<!-- \/ Yoast SEO plugin. -->","yoast_head_json":{"title":"Trnav\u010dania u\u017e s\u00fa v\u00a0Poznani, ve\u010der sa zozn\u00e1mia so \u0161tadi\u00f3nom - FC Spartak Trnava","robots":{"index":"index","follow":"follow","max-snippet":"max-snippet:-1","max-image-preview":"max-image-preview:large","max-video-preview":"max-video-preview:-1"},"canonical":"https:\/\/fcspartaktrnava.com\/en\/trnavcania-uz-su-v-poznani-vecer-sa-zoznamia-so-stadionom\/","twitter_misc":{"Written by":"spartak","Estimated reading time":"3 minutes"},"schema":{"@context":"https:\/\/schema.org","@graph":[{"@type":"Article","@id":"https:\/\/fcspartaktrnava.com\/trnavcania-uz-su-v-poznani-vecer-sa-zoznamia-so-stadionom\/#article","isPartOf":{"@id":"https:\/\/fcspartaktrnava.com\/trnavcania-uz-su-v-poznani-vecer-sa-zoznamia-so-stadionom\/"},"author":{"name":"spartak","@id":"https:\/\/fcspartaktrnava.com\/#\/schema\/person\/24bc5b254af14f71d7d8af178790aa75"},"headline":"Trnav\u010dania u\u017e s\u00fa v\u00a0Poznani, ve\u010der sa zozn\u00e1mia so \u0161tadi\u00f3nom","datePublished":"2023-08-09T11:52:16+00:00","dateModified":"2023-08-09T11:52:17+00:00","mainEntityOfPage":{"@id":"https:\/\/fcspartaktrnava.com\/trnavcania-uz-su-v-poznani-vecer-sa-zoznamia-so-stadionom\/"},"wordCount":655,"publisher":{"@id":"https:\/\/fcspartaktrnava.com\/#organization"},"image":{"@id":"https:\/\/fcspartaktrnava.com\/trnavcania-uz-su-v-poznani-vecer-sa-zoznamia-so-stadionom\/#primaryimage"},"thumbnailUrl":"https:\/\/fcspartaktrnava.com\/wp-content\/uploads\/2023\/08\/poznan-lietadlo-scaled.jpg","keywords":["Michal Ga\u0161par\u00edk"],"articleSection":["Rozhovory"],"inLanguage":"en-GB"},{"@type":"WebPage","@id":"https:\/\/fcspartaktrnava.com\/trnavcania-uz-su-v-poznani-vecer-sa-zoznamia-so-stadionom\/","url":"https:\/\/fcspartaktrnava.com\/trnavcania-uz-su-v-poznani-vecer-sa-zoznamia-so-stadionom\/","name":"Trnav\u010dania u\u017e s\u00fa v\u00a0Poznani, ve\u010der sa zozn\u00e1mia so \u0161tadi\u00f3nom - FC Spartak Trnava","isPartOf":{"@id":"https:\/\/fcspartaktrnava.com\/#website"},"primaryImageOfPage":{"@id":"https:\/\/fcspartaktrnava.com\/trnavcania-uz-su-v-poznani-vecer-sa-zoznamia-so-stadionom\/#primaryimage"},"image":{"@id":"https:\/\/fcspartaktrnava.com\/trnavcania-uz-su-v-poznani-vecer-sa-zoznamia-so-stadionom\/#primaryimage"},"thumbnailUrl":"https:\/\/fcspartaktrnava.com\/wp-content\/uploads\/2023\/08\/poznan-lietadlo-scaled.jpg","datePublished":"2023-08-09T11:52:16+00:00","dateModified":"2023-08-09T11:52:17+00:00","breadcrumb":{"@id":"https:\/\/fcspartaktrnava.com\/trnavcania-uz-su-v-poznani-vecer-sa-zoznamia-so-stadionom\/#breadcrumb"},"inLanguage":"en-GB","potentialAction":[{"@type":"ReadAction","target":["https:\/\/fcspartaktrnava.com\/trnavcania-uz-su-v-poznani-vecer-sa-zoznamia-so-stadionom\/"]}]},{"@type":"ImageObject","inLanguage":"en-GB","@id":"https:\/\/fcspartaktrnava.com\/trnavcania-uz-su-v-poznani-vecer-sa-zoznamia-so-stadionom\/#primaryimage","url":"https:\/\/fcspartaktrnava.com\/wp-content\/uploads\/2023\/08\/poznan-lietadlo-scaled.jpg","contentUrl":"https:\/\/fcspartaktrnava.com\/wp-content\/uploads\/2023\/08\/poznan-lietadlo-scaled.jpg","width":2560,"height":1703},{"@type":"BreadcrumbList","@id":"https:\/\/fcspartaktrnava.com\/trnavcania-uz-su-v-poznani-vecer-sa-zoznamia-so-stadionom\/#breadcrumb","itemListElement":[{"@type":"ListItem","position":1,"name":"Home","item":"https:\/\/fcspartaktrnava.com\/"},{"@type":"ListItem","position":2,"name":"Trnav\u010dania u\u017e s\u00fa v\u00a0Poznani, ve\u010der sa zozn\u00e1mia so \u0161tadi\u00f3nom"}]},{"@type":"WebSite","@id":"https:\/\/fcspartaktrnava.com\/#website","url":"https:\/\/fcspartaktrnava.com\/","name":"FC Spartak Trnava","description":"ofici\u00e1lna webstr\u00e1nka futbalov\u00e9ho klubu","publisher":{"@id":"https:\/\/fcspartaktrnava.com\/#organization"},"potentialAction":[{"@type":"SearchAction","target":{"@type":"EntryPoint","urlTemplate":"https:\/\/fcspartaktrnava.com\/?s={search_term_string}"},"query-input":{"@type":"PropertyValueSpecification","valueRequired":true,"valueName":"search_term_string"}}],"inLanguage":"en-GB"},{"@type":"Organization","@id":"https:\/\/fcspartaktrnava.com\/#organization","name":"FC Spartak Trnava","alternateName":"Spartak","url":"https:\/\/fcspartaktrnava.com\/","logo":{"@type":"ImageObject","inLanguage":"en-GB","@id":"https:\/\/fcspartaktrnava.com\/#\/schema\/logo\/image\/","url":"https:\/\/fcspartaktrnava.com\/wp-content\/uploads\/2022\/08\/cropped-site_logo.png","contentUrl":"https:\/\/fcspartaktrnava.com\/wp-content\/uploads\/2022\/08\/cropped-site_logo.png","width":140,"height":140,"caption":"FC Spartak Trnava"},"image":{"@id":"https:\/\/fcspartaktrnava.com\/#\/schema\/logo\/image\/"},"sameAs":["https:\/\/www.facebook.com\/SpartakTrnava","https:\/\/x.com\/SpartakTrnava1","https:\/\/www.instagram.com\/spartak_sk\/"]},{"@type":"Person","@id":"https:\/\/fcspartaktrnava.com\/#\/schema\/person\/24bc5b254af14f71d7d8af178790aa75","name":"spartak","image":{"@type":"ImageObject","inLanguage":"en-GB","@id":"https:\/\/fcspartaktrnava.com\/#\/schema\/person\/image\/","url":"https:\/\/secure.gravatar.com\/avatar\/f8ff8584f3fcf3909a11a6da9019f37749183b4015bca14e64556c52614cdc7f?s=96&d=mm&r=g","contentUrl":"https:\/\/secure.gravatar.com\/avatar\/f8ff8584f3fcf3909a11a6da9019f37749183b4015bca14e64556c52614cdc7f?s=96&d=mm&r=g","caption":"spartak"},"url":"https:\/\/fcspartaktrnava.com\/en\/author\/spartak\/"}]}},"_links":{"self":[{"href":"https:\/\/fcspartaktrnava.com\/en\/wp-json\/wp\/v2\/posts\/9503","targetHints":{"allow":["GET"]}}],"collection":[{"href":"https:\/\/fcspartaktrnava.com\/en\/wp-json\/wp\/v2\/posts"}],"about":[{"href":"https:\/\/fcspartaktrnava.com\/en\/wp-json\/wp\/v2\/types\/post"}],"author":[{"embeddable":true,"href":"https:\/\/fcspartaktrnava.com\/en\/wp-json\/wp\/v2\/users\/2"}],"replies":[{"embeddable":true,"href":"https:\/\/fcspartaktrnava.com\/en\/wp-json\/wp\/v2\/comments?post=9503"}],"version-history":[{"count":0,"href":"https:\/\/fcspartaktrnava.com\/en\/wp-json\/wp\/v2\/posts\/9503\/revisions"}],"wp:featuredmedia":[{"embeddable":true,"href":"https:\/\/fcspartaktrnava.com\/en\/wp-json\/wp\/v2\/media\/9504"}],"wp:attachment":[{"href":"https:\/\/fcspartaktrnava.com\/en\/wp-json\/wp\/v2\/media?parent=9503"}],"wp:term":[{"taxonomy":"category","embeddable":true,"href":"https:\/\/fcspartaktrnava.com\/en\/wp-json\/wp\/v2\/categories?post=9503"},{"taxonomy":"post_tag","embeddable":true,"href":"https:\/\/fcspartaktrnava.com\/en\/wp-json\/wp\/v2\/tags?post=9503"}],"curies":[{"name":"wp","href":"https:\/\/api.w.org\/{rel}","templated":true}]}}