{"id":9485,"date":"2023-08-08T08:19:06","date_gmt":"2023-08-08T06:19:06","guid":{"rendered":"https:\/\/fcspartaktrnava.com\/?p=9485"},"modified":"2023-08-08T08:19:06","modified_gmt":"2023-08-08T06:19:06","slug":"predstavujeme-supera-v-ekl-lech-poznan","status":"publish","type":"post","link":"https:\/\/fcspartaktrnava.com\/en\/predstavujeme-supera-v-ekl-lech-poznan\/","title":{"rendered":"Predstavujeme s\u00fapera v\u00a0EKL \u2013 Lech Pozna\u0148"},"content":{"rendered":"<p>V&nbsp;3. predkole Eur\u00f3pskej konferen\u010dnej&nbsp; ligy narazia futbalisti Spartaka na Lech Pozna\u0148. Klub vznikol v&nbsp;roku 1922, teda o&nbsp;rok sk\u00f4r ako Spartak a je pomenovan\u00fd pod\u013ea legend\u00e1rnej postavy po\u013esk\u00fdch dej\u00edn knie\u017ea\u0165a Lecha. S\u00eddli v&nbsp;polmili\u00f3novom meste Pozna\u0148, ktor\u00e9 je jedn\u00fdm z&nbsp;najv\u00e4\u010d\u0161\u00edch po\u013esk\u00fdch miest a&nbsp;s\u00eddlom Ve\u013ekopo\u013esk\u00e9ho vojvodstva.<\/p>\n\n\n\n<p>Po\u013esk\u00fd celok je 8-n\u00e1sobn\u00fd majster svojej krajiny, naposledy vyhral dom\u00e1cu s\u00fa\u0165a\u017e minul\u00fd rok, a&nbsp;6-n\u00e1sobn\u00fd v\u00ed\u0165az Po\u013esk\u00e9ho poh\u00e1ra. Azda najzn\u00e1mej\u0161\u00edm hr\u00e1\u010dom, ktor\u00fd obliekal dres Lechu je R\u00f3bert Lewandowski. V&nbsp;rokoch 2008 \u2013 2010 za\u0148ho strelil v&nbsp;58 z\u00e1pasoch 32 g\u00f3lov a&nbsp;prest\u00fapil do Borussie Dortmund.<\/p>\n\n\n\n<p>Ozdobou klubu je Mestsk\u00fd \u0161tadi\u00f3n v&nbsp;Poznani s&nbsp;kapacitou viac ako 43 tis\u00edc sedadiel. Ve\u013ekou rekon\u0161trukciou pre\u0161iel pred Eurom v&nbsp;roku 2012, ktor\u00e9 sa konali na Ukrajine a&nbsp;v&nbsp;Po\u013esku. O\u010dak\u00e1va sa, \u017ee na z\u00e1pas so Spartakom by mohol by\u0165 vypredan\u00fd. Na z\u00e1pase s&nbsp;Radomom bolo viac ako 23 tis\u00edc, na 2. predkolo proti \u017dalgirisu 26 tis\u00edc.<\/p>\n\n\n\n<p>Od leta minul\u00e9ho roka klub vedie Holan\u010fan John van der Brom, b\u00fdval\u00fd tr\u00e9ner Anderlechtu, Arnhemu, Utrechtu, Alkmaaru \u010di Genku. V&nbsp;minulej sez\u00f3ne sa so svoj\u00edm celkom dostal a\u017e do \u0161tvr\u0165fin\u00e1le Eur\u00f3pskej konferen\u010dnej ligy, kde vypadol s&nbsp;neskor\u0161\u00edm finalistom Fiorentinou. Zo skupiny post\u00fapil z&nbsp;2. miesta za Villarrealom, ktor\u00fd doma dok\u00e1zal zdola\u0165 3:0. V&nbsp;play off vyradili Poliaci n\u00f3rsky Bod\u00f8\/Glimt (0:0, 1:0), v&nbsp;osemfin\u00e1le vyradili hladko \u0161v\u00e9dsky <a href=\"https:\/\/en.wikipedia.org\/wiki\/Djurg%C3%A5rdens_IF_Fotboll\">Djurg\u00e5rdens IF<\/a> (2:0, 3:0). Vo \u0161tvr\u0165fin\u00e1le narazili na Fiorentinu, s&nbsp;ktorou doma prehrali 1:4, ale v&nbsp;odvete vyhr\u00e1vali v&nbsp;69. min\u00fate 3:0 a&nbsp;rodila sa senz\u00e1cia. Dom\u00e1ci v\u0161ak dvoma g\u00f3lmi prehru zmiernili a&nbsp;post\u00fapili \u010falej.<\/p>\n\n\n\n<p>Hodnotu k\u00e1dra odhaduje port\u00e1l transfermarkt na takmer 33 mili\u00f3nov eur. Najhodnotnej\u0161\u00edm by mal by\u0165 \u0161v\u00e9dsky stredopoliar Jesper\u00a0Karlstr\u00f6m s\u00a0trojmili\u00f3novou cenovkou. Okrem neho maj\u00fa Poliaci vo svojom t\u00edme 10 reprezentantov z\u00a0Gruz\u00ednska, Ir\u00e1nu, Slovinska, \u0160v\u00e9dska, Bosny, N\u00f3rska a\u00a0Po\u013eska. Polovica z\u00a0nich pri\u0161la pred touto sez\u00f3nou. Ir\u00e1nec Gholizadeh z\u00a0Charleroi, Slovinec Bla\u017ei\u010d z\u00a0Angers, Bosniak Hoti\u010d z\u00a0Br\u00fag, \u0160v\u00e9di Dagerstal z\u00a0Chimki a\u00a0Andersson z Djurgardenu.<\/p>\n\n\n\n<figure class=\"wp-block-image size-large\"><img loading=\"lazy\" decoding=\"async\" width=\"1024\" height=\"683\" src=\"https:\/\/fcspartaktrnava.com\/wp-content\/uploads\/2023\/08\/pereira-1024x683.jpg\" alt=\"\" class=\"wp-image-9486\" srcset=\"https:\/\/fcspartaktrnava.com\/wp-content\/uploads\/2023\/08\/pereira-1024x683.jpg 1024w, https:\/\/fcspartaktrnava.com\/wp-content\/uploads\/2023\/08\/pereira-300x200.jpg 300w, https:\/\/fcspartaktrnava.com\/wp-content\/uploads\/2023\/08\/pereira-768x512.jpg 768w, https:\/\/fcspartaktrnava.com\/wp-content\/uploads\/2023\/08\/pereira-1536x1024.jpg 1536w, https:\/\/fcspartaktrnava.com\/wp-content\/uploads\/2023\/08\/pereira-2048x1365.jpg 2048w, https:\/\/fcspartaktrnava.com\/wp-content\/uploads\/2023\/08\/pereira-18x12.jpg 18w\" sizes=\"auto, (max-width: 1024px) 100vw, 1024px\" \/><figcaption class=\"wp-element-caption\">Portugal\u010dan Joel Pereira v trnavskom drese, moment\u00e1lne patr\u00ed medzi najlep\u0161\u00edch nahr\u00e1va\u010dov v Lechu.<\/figcaption><\/figure>\n\n\n\n<p>Do minulej sez\u00f3ny hr\u00e1val v&nbsp;Lechu aj slovensk\u00fd reprezentant \u013dubom\u00edr \u0160atka, ktor\u00fd v\u0161ak prest\u00fapil do tureck\u00e9ho Samsunsporu. Zauj\u00edmav\u00fdm menom je portugalsk\u00fd prav\u00fd obranca Joel Pereira. V&nbsp;roku 2020 odohral za Spartak v&nbsp;jarnej \u010dasti 3 z\u00e1pasy.<\/p>\n\n\n\n<p>Lech by&nbsp;chcel nadviaza\u0165 na vla\u0148aj\u0161ie v\u00fdkony v&nbsp;poh\u00e1rovej Eur\u00f3pe. V&nbsp;Ekstraklase bol najlep\u0161\u00ed minuloro\u010dn\u00fd premo\u017eite\u013e Spartaka Rakow Czestochowa, Lech bol tret\u00ed za Legiou Var\u0161ava. V&nbsp;tejto sez\u00f3ne je zatia\u013e bez prehry. V&nbsp;lige vyhral v&nbsp;Gliwiciach 2:1 a&nbsp;doma zdolal Radomiak Radom 2:0. V&nbsp;2. predkole EKL si poradil v&nbsp;oboch z\u00e1pasoch s&nbsp;litovsk\u00fdm \u017dalgirisom Kauno, 3:1 doma 2:1 vonku.<\/p>\n\n\n\n<p>Naposledy nast\u00fapil v&nbsp;nede\u013eu v&nbsp;3. kole dom\u00e1cej ligy na ihrisku Zaglebia Lubin. Hoci v&nbsp;pol\u010dase prehr\u00e1val a&nbsp;od 50. min\u00faty hral v&nbsp;oslaben\u00ed, dok\u00e1zal v&nbsp;po\u010detnej nev\u00fdhode vyrovna\u0165 na kone\u010dn\u00fdch 1:1 Bla\u017ei\u010d.<\/p>\n\n\n\n<p>\u00davodn\u00fd z\u00e1pas v&nbsp;Poznani sa bude hra\u0165 tento \u0161tvrtok od 20. hodiny, odveta v&nbsp;Trnave je o&nbsp;t\u00fd\u017ede\u0148 nesk\u00f4r 17. augusta od 20. hodiny. Bli\u017e\u0161ie inform\u00e1cie o&nbsp;dom\u00e1com z\u00e1pase a&nbsp;predaji vstupeniek n\u00e1jdete <a href=\"https:\/\/fcspartaktrnava.com\/en\/predaj-vstupeniek-na-zapas-s-lechom-poznan\/\" target=\"_blank\" rel=\"noreferrer noopener\">tu<\/a>.<\/p>","protected":false},"excerpt":{"rendered":"<p>V&nbsp;3. predkole Eur\u00f3pskej konferen\u010dnej&nbsp; ligy narazia futbalisti Spartaka&#8230;<\/p>","protected":false},"author":2,"featured_media":9487,"comment_status":"closed","ping_status":"closed","sticky":false,"template":"","format":"standard","meta":{"footnotes":""},"categories":[12],"tags":[],"class_list":["post-9485","post","type-post","status-publish","format-standard","has-post-thumbnail","hentry","category-spravy","post-number-1"],"yoast_head":"<!-- This site is optimized with the Yoast SEO plugin v27.1.1 - https:\/\/yoast.com\/product\/yoast-seo-wordpress\/ -->\n<title>Predstavujeme s\u00fapera v\u00a0EKL \u2013 Lech Pozna\u0148 - FC Spartak Trnava<\/title>\n<meta name=\"robots\" content=\"index, follow, max-snippet:-1, max-image-preview:large, max-video-preview:-1\" \/>\n<link rel=\"canonical\" href=\"https:\/\/fcspartaktrnava.com\/en\/predstavujeme-supera-v-ekl-lech-poznan\/\" \/>\n<meta name=\"twitter:label1\" content=\"Written by\" \/>\n\t<meta name=\"twitter:data1\" content=\"spartak\" \/>\n\t<meta name=\"twitter:label2\" content=\"Estimated reading time\" \/>\n\t<meta name=\"twitter:data2\" content=\"3 minutes\" \/>\n<script type=\"application\/ld+json\" class=\"yoast-schema-graph\">{\"@context\":\"https:\/\/schema.org\",\"@graph\":[{\"@type\":\"Article\",\"@id\":\"https:\/\/fcspartaktrnava.com\/predstavujeme-supera-v-ekl-lech-poznan\/#article\",\"isPartOf\":{\"@id\":\"https:\/\/fcspartaktrnava.com\/predstavujeme-supera-v-ekl-lech-poznan\/\"},\"author\":{\"name\":\"spartak\",\"@id\":\"https:\/\/fcspartaktrnava.com\/#\/schema\/person\/24bc5b254af14f71d7d8af178790aa75\"},\"headline\":\"Predstavujeme s\u00fapera v\u00a0EKL \u2013 Lech Pozna\u0148\",\"datePublished\":\"2023-08-08T06:19:06+00:00\",\"mainEntityOfPage\":{\"@id\":\"https:\/\/fcspartaktrnava.com\/predstavujeme-supera-v-ekl-lech-poznan\/\"},\"wordCount\":657,\"publisher\":{\"@id\":\"https:\/\/fcspartaktrnava.com\/#organization\"},\"image\":{\"@id\":\"https:\/\/fcspartaktrnava.com\/predstavujeme-supera-v-ekl-lech-poznan\/#primaryimage\"},\"thumbnailUrl\":\"https:\/\/fcspartaktrnava.com\/wp-content\/uploads\/2023\/08\/lech-fans.jpg\",\"articleSection\":[\"Spr\u00e1vy\"],\"inLanguage\":\"en-GB\"},{\"@type\":\"WebPage\",\"@id\":\"https:\/\/fcspartaktrnava.com\/predstavujeme-supera-v-ekl-lech-poznan\/\",\"url\":\"https:\/\/fcspartaktrnava.com\/predstavujeme-supera-v-ekl-lech-poznan\/\",\"name\":\"Predstavujeme s\u00fapera v\u00a0EKL \u2013 Lech Pozna\u0148 - FC Spartak Trnava\",\"isPartOf\":{\"@id\":\"https:\/\/fcspartaktrnava.com\/#website\"},\"primaryImageOfPage\":{\"@id\":\"https:\/\/fcspartaktrnava.com\/predstavujeme-supera-v-ekl-lech-poznan\/#primaryimage\"},\"image\":{\"@id\":\"https:\/\/fcspartaktrnava.com\/predstavujeme-supera-v-ekl-lech-poznan\/#primaryimage\"},\"thumbnailUrl\":\"https:\/\/fcspartaktrnava.com\/wp-content\/uploads\/2023\/08\/lech-fans.jpg\",\"datePublished\":\"2023-08-08T06:19:06+00:00\",\"breadcrumb\":{\"@id\":\"https:\/\/fcspartaktrnava.com\/predstavujeme-supera-v-ekl-lech-poznan\/#breadcrumb\"},\"inLanguage\":\"en-GB\",\"potentialAction\":[{\"@type\":\"ReadAction\",\"target\":[\"https:\/\/fcspartaktrnava.com\/predstavujeme-supera-v-ekl-lech-poznan\/\"]}]},{\"@type\":\"ImageObject\",\"inLanguage\":\"en-GB\",\"@id\":\"https:\/\/fcspartaktrnava.com\/predstavujeme-supera-v-ekl-lech-poznan\/#primaryimage\",\"url\":\"https:\/\/fcspartaktrnava.com\/wp-content\/uploads\/2023\/08\/lech-fans.jpg\",\"contentUrl\":\"https:\/\/fcspartaktrnava.com\/wp-content\/uploads\/2023\/08\/lech-fans.jpg\",\"width\":1920,\"height\":1279},{\"@type\":\"BreadcrumbList\",\"@id\":\"https:\/\/fcspartaktrnava.com\/predstavujeme-supera-v-ekl-lech-poznan\/#breadcrumb\",\"itemListElement\":[{\"@type\":\"ListItem\",\"position\":1,\"name\":\"Home\",\"item\":\"https:\/\/fcspartaktrnava.com\/\"},{\"@type\":\"ListItem\",\"position\":2,\"name\":\"Predstavujeme s\u00fapera v\u00a0EKL \u2013 Lech Pozna\u0148\"}]},{\"@type\":\"WebSite\",\"@id\":\"https:\/\/fcspartaktrnava.com\/#website\",\"url\":\"https:\/\/fcspartaktrnava.com\/\",\"name\":\"FC Spartak Trnava\",\"description\":\"ofici\u00e1lna webstr\u00e1nka futbalov\u00e9ho klubu\",\"publisher\":{\"@id\":\"https:\/\/fcspartaktrnava.com\/#organization\"},\"potentialAction\":[{\"@type\":\"SearchAction\",\"target\":{\"@type\":\"EntryPoint\",\"urlTemplate\":\"https:\/\/fcspartaktrnava.com\/?s={search_term_string}\"},\"query-input\":{\"@type\":\"PropertyValueSpecification\",\"valueRequired\":true,\"valueName\":\"search_term_string\"}}],\"inLanguage\":\"en-GB\"},{\"@type\":\"Organization\",\"@id\":\"https:\/\/fcspartaktrnava.com\/#organization\",\"name\":\"FC Spartak Trnava\",\"alternateName\":\"Spartak\",\"url\":\"https:\/\/fcspartaktrnava.com\/\",\"logo\":{\"@type\":\"ImageObject\",\"inLanguage\":\"en-GB\",\"@id\":\"https:\/\/fcspartaktrnava.com\/#\/schema\/logo\/image\/\",\"url\":\"https:\/\/fcspartaktrnava.com\/wp-content\/uploads\/2022\/08\/cropped-site_logo.png\",\"contentUrl\":\"https:\/\/fcspartaktrnava.com\/wp-content\/uploads\/2022\/08\/cropped-site_logo.png\",\"width\":140,\"height\":140,\"caption\":\"FC Spartak Trnava\"},\"image\":{\"@id\":\"https:\/\/fcspartaktrnava.com\/#\/schema\/logo\/image\/\"},\"sameAs\":[\"https:\/\/www.facebook.com\/SpartakTrnava\",\"https:\/\/x.com\/SpartakTrnava1\",\"https:\/\/www.instagram.com\/spartak_sk\/\"]},{\"@type\":\"Person\",\"@id\":\"https:\/\/fcspartaktrnava.com\/#\/schema\/person\/24bc5b254af14f71d7d8af178790aa75\",\"name\":\"spartak\",\"image\":{\"@type\":\"ImageObject\",\"inLanguage\":\"en-GB\",\"@id\":\"https:\/\/fcspartaktrnava.com\/#\/schema\/person\/image\/\",\"url\":\"https:\/\/secure.gravatar.com\/avatar\/f8ff8584f3fcf3909a11a6da9019f37749183b4015bca14e64556c52614cdc7f?s=96&d=mm&r=g\",\"contentUrl\":\"https:\/\/secure.gravatar.com\/avatar\/f8ff8584f3fcf3909a11a6da9019f37749183b4015bca14e64556c52614cdc7f?s=96&d=mm&r=g\",\"caption\":\"spartak\"},\"url\":\"https:\/\/fcspartaktrnava.com\/en\/author\/spartak\/\"}]}<\/script>\n<!-- \/ Yoast SEO plugin. -->","yoast_head_json":{"title":"Predstavujeme s\u00fapera v\u00a0EKL \u2013 Lech Pozna\u0148 - FC Spartak Trnava","robots":{"index":"index","follow":"follow","max-snippet":"max-snippet:-1","max-image-preview":"max-image-preview:large","max-video-preview":"max-video-preview:-1"},"canonical":"https:\/\/fcspartaktrnava.com\/en\/predstavujeme-supera-v-ekl-lech-poznan\/","twitter_misc":{"Written by":"spartak","Estimated reading time":"3 minutes"},"schema":{"@context":"https:\/\/schema.org","@graph":[{"@type":"Article","@id":"https:\/\/fcspartaktrnava.com\/predstavujeme-supera-v-ekl-lech-poznan\/#article","isPartOf":{"@id":"https:\/\/fcspartaktrnava.com\/predstavujeme-supera-v-ekl-lech-poznan\/"},"author":{"name":"spartak","@id":"https:\/\/fcspartaktrnava.com\/#\/schema\/person\/24bc5b254af14f71d7d8af178790aa75"},"headline":"Predstavujeme s\u00fapera v\u00a0EKL \u2013 Lech Pozna\u0148","datePublished":"2023-08-08T06:19:06+00:00","mainEntityOfPage":{"@id":"https:\/\/fcspartaktrnava.com\/predstavujeme-supera-v-ekl-lech-poznan\/"},"wordCount":657,"publisher":{"@id":"https:\/\/fcspartaktrnava.com\/#organization"},"image":{"@id":"https:\/\/fcspartaktrnava.com\/predstavujeme-supera-v-ekl-lech-poznan\/#primaryimage"},"thumbnailUrl":"https:\/\/fcspartaktrnava.com\/wp-content\/uploads\/2023\/08\/lech-fans.jpg","articleSection":["Spr\u00e1vy"],"inLanguage":"en-GB"},{"@type":"WebPage","@id":"https:\/\/fcspartaktrnava.com\/predstavujeme-supera-v-ekl-lech-poznan\/","url":"https:\/\/fcspartaktrnava.com\/predstavujeme-supera-v-ekl-lech-poznan\/","name":"Predstavujeme s\u00fapera v\u00a0EKL \u2013 Lech Pozna\u0148 - FC Spartak Trnava","isPartOf":{"@id":"https:\/\/fcspartaktrnava.com\/#website"},"primaryImageOfPage":{"@id":"https:\/\/fcspartaktrnava.com\/predstavujeme-supera-v-ekl-lech-poznan\/#primaryimage"},"image":{"@id":"https:\/\/fcspartaktrnava.com\/predstavujeme-supera-v-ekl-lech-poznan\/#primaryimage"},"thumbnailUrl":"https:\/\/fcspartaktrnava.com\/wp-content\/uploads\/2023\/08\/lech-fans.jpg","datePublished":"2023-08-08T06:19:06+00:00","breadcrumb":{"@id":"https:\/\/fcspartaktrnava.com\/predstavujeme-supera-v-ekl-lech-poznan\/#breadcrumb"},"inLanguage":"en-GB","potentialAction":[{"@type":"ReadAction","target":["https:\/\/fcspartaktrnava.com\/predstavujeme-supera-v-ekl-lech-poznan\/"]}]},{"@type":"ImageObject","inLanguage":"en-GB","@id":"https:\/\/fcspartaktrnava.com\/predstavujeme-supera-v-ekl-lech-poznan\/#primaryimage","url":"https:\/\/fcspartaktrnava.com\/wp-content\/uploads\/2023\/08\/lech-fans.jpg","contentUrl":"https:\/\/fcspartaktrnava.com\/wp-content\/uploads\/2023\/08\/lech-fans.jpg","width":1920,"height":1279},{"@type":"BreadcrumbList","@id":"https:\/\/fcspartaktrnava.com\/predstavujeme-supera-v-ekl-lech-poznan\/#breadcrumb","itemListElement":[{"@type":"ListItem","position":1,"name":"Home","item":"https:\/\/fcspartaktrnava.com\/"},{"@type":"ListItem","position":2,"name":"Predstavujeme s\u00fapera v\u00a0EKL \u2013 Lech Pozna\u0148"}]},{"@type":"WebSite","@id":"https:\/\/fcspartaktrnava.com\/#website","url":"https:\/\/fcspartaktrnava.com\/","name":"FC Spartak Trnava","description":"ofici\u00e1lna webstr\u00e1nka futbalov\u00e9ho klubu","publisher":{"@id":"https:\/\/fcspartaktrnava.com\/#organization"},"potentialAction":[{"@type":"SearchAction","target":{"@type":"EntryPoint","urlTemplate":"https:\/\/fcspartaktrnava.com\/?s={search_term_string}"},"query-input":{"@type":"PropertyValueSpecification","valueRequired":true,"valueName":"search_term_string"}}],"inLanguage":"en-GB"},{"@type":"Organization","@id":"https:\/\/fcspartaktrnava.com\/#organization","name":"FC Spartak Trnava","alternateName":"Spartak","url":"https:\/\/fcspartaktrnava.com\/","logo":{"@type":"ImageObject","inLanguage":"en-GB","@id":"https:\/\/fcspartaktrnava.com\/#\/schema\/logo\/image\/","url":"https:\/\/fcspartaktrnava.com\/wp-content\/uploads\/2022\/08\/cropped-site_logo.png","contentUrl":"https:\/\/fcspartaktrnava.com\/wp-content\/uploads\/2022\/08\/cropped-site_logo.png","width":140,"height":140,"caption":"FC Spartak Trnava"},"image":{"@id":"https:\/\/fcspartaktrnava.com\/#\/schema\/logo\/image\/"},"sameAs":["https:\/\/www.facebook.com\/SpartakTrnava","https:\/\/x.com\/SpartakTrnava1","https:\/\/www.instagram.com\/spartak_sk\/"]},{"@type":"Person","@id":"https:\/\/fcspartaktrnava.com\/#\/schema\/person\/24bc5b254af14f71d7d8af178790aa75","name":"spartak","image":{"@type":"ImageObject","inLanguage":"en-GB","@id":"https:\/\/fcspartaktrnava.com\/#\/schema\/person\/image\/","url":"https:\/\/secure.gravatar.com\/avatar\/f8ff8584f3fcf3909a11a6da9019f37749183b4015bca14e64556c52614cdc7f?s=96&d=mm&r=g","contentUrl":"https:\/\/secure.gravatar.com\/avatar\/f8ff8584f3fcf3909a11a6da9019f37749183b4015bca14e64556c52614cdc7f?s=96&d=mm&r=g","caption":"spartak"},"url":"https:\/\/fcspartaktrnava.com\/en\/author\/spartak\/"}]}},"_links":{"self":[{"href":"https:\/\/fcspartaktrnava.com\/en\/wp-json\/wp\/v2\/posts\/9485","targetHints":{"allow":["GET"]}}],"collection":[{"href":"https:\/\/fcspartaktrnava.com\/en\/wp-json\/wp\/v2\/posts"}],"about":[{"href":"https:\/\/fcspartaktrnava.com\/en\/wp-json\/wp\/v2\/types\/post"}],"author":[{"embeddable":true,"href":"https:\/\/fcspartaktrnava.com\/en\/wp-json\/wp\/v2\/users\/2"}],"replies":[{"embeddable":true,"href":"https:\/\/fcspartaktrnava.com\/en\/wp-json\/wp\/v2\/comments?post=9485"}],"version-history":[{"count":0,"href":"https:\/\/fcspartaktrnava.com\/en\/wp-json\/wp\/v2\/posts\/9485\/revisions"}],"wp:featuredmedia":[{"embeddable":true,"href":"https:\/\/fcspartaktrnava.com\/en\/wp-json\/wp\/v2\/media\/9487"}],"wp:attachment":[{"href":"https:\/\/fcspartaktrnava.com\/en\/wp-json\/wp\/v2\/media?parent=9485"}],"wp:term":[{"taxonomy":"category","embeddable":true,"href":"https:\/\/fcspartaktrnava.com\/en\/wp-json\/wp\/v2\/categories?post=9485"},{"taxonomy":"post_tag","embeddable":true,"href":"https:\/\/fcspartaktrnava.com\/en\/wp-json\/wp\/v2\/tags?post=9485"}],"curies":[{"name":"wp","href":"https:\/\/api.w.org\/{rel}","templated":true}]}}