{"id":931,"date":"2022-08-29T14:06:38","date_gmt":"2022-08-29T14:06:38","guid":{"rendered":"https:\/\/fcspartaktrnava.com\/?p=931"},"modified":"2022-08-29T14:14:04","modified_gmt":"2022-08-29T14:14:04","slug":"s-novacikmi-to-v-tejto-sezone-zatial-nejde","status":"publish","type":"post","link":"https:\/\/fcspartaktrnava.com\/en\/s-novacikmi-to-v-tejto-sezone-zatial-nejde\/","title":{"rendered":"It's not going well with the rookies this season yet"},"content":{"rendered":"<p>Spartak is not doing well with newcomers this season. Bansk\u00e1 Bystrica won in Trnava when Depetris converted a penalty in the end, then Podbrezov\u00e1 drew 1:1, although its players rarely found themselves in the round of 16, and yesterday Skalica also opened a points account in the duels with Spartak. Trnava did not confirm their reputation as the best shooting team and forced the goalkeeper to make only one save.<\/p>\n\n\n\n<p><strong><em>\"There was a lack of quality, while the pace was significantly lower. We weren't good with the ball, we passed slowly. The opponent was also well prepared, it must be said. We did not assert ourselves easily. In the second half, it was already clear that if we increase the intensity, the quality is on our side and the question was whether we can turn it into a goal and get it to the last 16. We were already starting to play handball from it and there were few centered balls. In the end, a goal was scored after one, and Risto could still score a second goal after another. He had been planning it for a long time, he had nothing to lose there. He should have fired it over the crossbar with his left foot and I think he would have scored,\"<\/em><\/strong><em>&nbsp;said after the match Michal Ga\u0161par\u00edk, who had a difficult week. In the cup, the players let him down with their performance in Boler\u00e1z, and they didn't make up for it much even yesterday. They lost in both games, while it was confirmed that when the Spartans concede first, they have a big problem. The opponent goes to the limit of his possibilities and defends with all players. After that, the path to the goal is difficult. In both cases, the unfortunate run of one of the defending players helped.<\/em><\/p>\n\n\n\r\n<div class=\"gg-post-video-yt-block gg-video-yt post-931 post type-post status-publish format-standard has-post-thumbnail hentry category-spravy tag-michal-gasparik post-number-1\">\r\n\t<div class=\"gg-video-inner\">\r\n\t\t\t\r\n\t\t<div class=\"gg-video-img\" style=\"background-image: url(https:\/\/i3.ytimg.com\/vi\/u4bjgqIC72w\/maxresdefault.jpg); padding-top:56.5%;\"><\/div>\r\n\t\t\t\t\t\t\r\n\t\t<div class=\"video-play-icon\"\r\n\t\t\tdata-video-id=\"u4bjgqIC72w\"\r\n\t\t\tdata-video-url=\"https:\/\/www.youtube.com\/watch?v=u4bjgqIC72w\"\r\n\t\t\tdata-video-date=\"Aug 29, 2022\"\r\n\t\t\tdata-video-title=\"Tla\u010dov\u00e1 konferencia MFK Skalica vs. FC Spartak Trnava\"\r\n\t\t\tdata-video-description=\"Spartaku sa v tejto sez\u00f3ne s nov\u00e1\u010dikmi nedar\u00ed....\">\r\n\t\t\t<svg xmlns=\"http:\/\/www.w3.org\/2000\/svg\" width=\"466.667\" height=\"600\" viewbox=\"166.667 0 466.667 600\" xml:space=\"preserve\"><path d=\"m166.667 0 466.667 300-466.667 300V0z\"\/><\/svg>\t\t<\/div>\r\n\t\t\r\n\t\t<div class=\"content-box\">\r\n\t\t\t<h3 class=\"video__title\">Press conference MFK Skalica vs. FC Spartak Trnava<\/h3>\r\n\t\t<\/div>\r\n\t\t\t\t\t\t\t\t\t\t\t\t\t\t\t\t\t\t\t\t\t\r\n\t<\/div>\r\n<\/div>\n\n\n<p><strong><em>\"We overslept in the first half, we started playing from the 70th minute, and if we had played like that the whole match, we would have won. However, football is played for 90 minutes and we have to be happy for a point, because today we probably didn't even deserve that one.\"<\/em><\/strong><em>\u00a0admitted Kristi\u00e1n Ko\u0161trna.<\/em><\/p>\n\n\n\r\n<div class=\"gg-post-video-yt-block gg-video-yt post-931 post type-post status-publish format-standard has-post-thumbnail hentry category-spravy tag-michal-gasparik post-number-2\">\r\n\t<div class=\"gg-video-inner\">\r\n\t\t\t\r\n\t\t<div class=\"gg-video-img\" style=\"background-image: url(https:\/\/i3.ytimg.com\/vi\/gFp9Q9Pfa78\/maxresdefault.jpg); padding-top:56.5%;\"><\/div>\r\n\t\t\t\t\t\t\r\n\t\t<div class=\"video-play-icon\"\r\n\t\t\tdata-video-id=\"gFp9Q9Pfa78\"\r\n\t\t\tdata-video-url=\"https:\/\/www.youtube.com\/watch?v=gFp9Q9Pfa78\"\r\n\t\t\tdata-video-date=\"Aug 29, 2022\"\r\n\t\t\tdata-video-title=\" Kristi\u00e1n Ko\u0161trna: S bodom sme spokojn\u00ed, preto\u017ee sme si ho dnes nezasl\u00fa\u017eili\"\r\n\t\t\tdata-video-description=\"Spartaku sa v tejto sez\u00f3ne s nov\u00e1\u010dikmi nedar\u00ed....\">\r\n\t\t\t<svg xmlns=\"http:\/\/www.w3.org\/2000\/svg\" width=\"466.667\" height=\"600\" viewbox=\"166.667 0 466.667 600\" xml:space=\"preserve\"><path d=\"m166.667 0 466.667 300-466.667 300V0z\"\/><\/svg>\t\t<\/div>\r\n\t\t\r\n\t\t<div class=\"content-box\">\r\n\t\t\t<h3 class=\"video__title\"> Kristi\u00e1n Ko\u0161trna: We are satisfied with the point because we did not deserve it today<\/h3>\r\n\t\t<\/div>\r\n\t\t\t\t\t\t\t\t\t\t\t\t\t\t\t\t\t\t\t\t\t\r\n\t<\/div>\r\n<\/div>\n\n\n<p><em><em>On Wednesday, Trnava hosts Liptovsk\u00fd Mikul\u00e1\u0161, from whom you can't expect an open game either, but you have to jump on the wave again when the Spartans make the way to three points easier with the opening goal.<\/em><\/em><\/p>\n\n\n\n<p><em><em>More information about the match:\u00a0<a href=\"https:\/\/fcspartaktrnava.com\/en\/clanek.asp\/?id=9152\">https:\/\/fcspartaktrnava.com\/clanek.asp?id=9152<\/a><\/em><\/em><\/p>\n\n\n\n<div class=\"wp-block-buttons is-layout-flex wp-block-buttons-is-layout-flex\">\n<div class=\"wp-block-button aligncenter is-style-fill\"><a class=\"wp-block-button__link has-white-color has-text-color has-background\" href=\"https:\/\/fcspartaktrnava.com\/en\/galerii\/7-kolo-mfk-skalica-fc-spartak-trnava\/\" style=\"border-radius:0px;background-color:#d40133\">PHOTO GALLERY<\/a><\/div>\n<\/div>","protected":false},"excerpt":{"rendered":"<p>Spartaku sa v tejto sez\u00f3ne s nov\u00e1\u010dikmi nedar\u00ed&#8230;.<\/p>","protected":false},"author":5,"featured_media":932,"comment_status":"closed","ping_status":"closed","sticky":false,"template":"","format":"standard","meta":{"footnotes":""},"categories":[12],"tags":[11],"class_list":["post-931","post","type-post","status-publish","format-standard","has-post-thumbnail","hentry","category-spravy","tag-michal-gasparik","post-number-3"],"yoast_head":"<!-- This site is optimized with the Yoast SEO plugin v27.1.1 - https:\/\/yoast.com\/product\/yoast-seo-wordpress\/ -->\n<title>S nov\u00e1\u010dikmi to v tejto sez\u00f3ne zatia\u013e nejde - FC Spartak Trnava<\/title>\n<meta name=\"robots\" content=\"index, follow, max-snippet:-1, max-image-preview:large, max-video-preview:-1\" \/>\n<link rel=\"canonical\" href=\"https:\/\/fcspartaktrnava.com\/en\/s-novacikmi-to-v-tejto-sezone-zatial-nejde\/\" \/>\n<meta name=\"twitter:label1\" content=\"Written by\" \/>\n\t<meta name=\"twitter:data1\" content=\"Samuel \u010eurinsk\u00fd\" \/>\n\t<meta name=\"twitter:label2\" content=\"Estimated reading time\" \/>\n\t<meta name=\"twitter:data2\" content=\"2 minutes\" \/>\n<script type=\"application\/ld+json\" class=\"yoast-schema-graph\">{\"@context\":\"https:\/\/schema.org\",\"@graph\":[{\"@type\":\"Article\",\"@id\":\"https:\/\/fcspartaktrnava.com\/s-novacikmi-to-v-tejto-sezone-zatial-nejde\/#article\",\"isPartOf\":{\"@id\":\"https:\/\/fcspartaktrnava.com\/s-novacikmi-to-v-tejto-sezone-zatial-nejde\/\"},\"author\":{\"name\":\"Samuel \u010eurinsk\u00fd\",\"@id\":\"https:\/\/fcspartaktrnava.com\/#\/schema\/person\/62c3c2562c3c56e4c0c8c2342c596ac0\"},\"headline\":\"S nov\u00e1\u010dikmi to v tejto sez\u00f3ne zatia\u013e nejde\",\"datePublished\":\"2022-08-29T14:06:38+00:00\",\"dateModified\":\"2022-08-29T14:14:04+00:00\",\"mainEntityOfPage\":{\"@id\":\"https:\/\/fcspartaktrnava.com\/s-novacikmi-to-v-tejto-sezone-zatial-nejde\/\"},\"wordCount\":425,\"publisher\":{\"@id\":\"https:\/\/fcspartaktrnava.com\/#organization\"},\"image\":{\"@id\":\"https:\/\/fcspartaktrnava.com\/s-novacikmi-to-v-tejto-sezone-zatial-nejde\/#primaryimage\"},\"thumbnailUrl\":\"https:\/\/fcspartaktrnava.com\/wp-content\/uploads\/2022\/08\/s-novacikmi-to-v-tejto.jpg\",\"keywords\":[\"Michal Ga\u0161par\u00edk\"],\"articleSection\":[\"Spr\u00e1vy\"],\"inLanguage\":\"en-GB\"},{\"@type\":\"WebPage\",\"@id\":\"https:\/\/fcspartaktrnava.com\/s-novacikmi-to-v-tejto-sezone-zatial-nejde\/\",\"url\":\"https:\/\/fcspartaktrnava.com\/s-novacikmi-to-v-tejto-sezone-zatial-nejde\/\",\"name\":\"S nov\u00e1\u010dikmi to v tejto sez\u00f3ne zatia\u013e nejde - FC Spartak Trnava\",\"isPartOf\":{\"@id\":\"https:\/\/fcspartaktrnava.com\/#website\"},\"primaryImageOfPage\":{\"@id\":\"https:\/\/fcspartaktrnava.com\/s-novacikmi-to-v-tejto-sezone-zatial-nejde\/#primaryimage\"},\"image\":{\"@id\":\"https:\/\/fcspartaktrnava.com\/s-novacikmi-to-v-tejto-sezone-zatial-nejde\/#primaryimage\"},\"thumbnailUrl\":\"https:\/\/fcspartaktrnava.com\/wp-content\/uploads\/2022\/08\/s-novacikmi-to-v-tejto.jpg\",\"datePublished\":\"2022-08-29T14:06:38+00:00\",\"dateModified\":\"2022-08-29T14:14:04+00:00\",\"breadcrumb\":{\"@id\":\"https:\/\/fcspartaktrnava.com\/s-novacikmi-to-v-tejto-sezone-zatial-nejde\/#breadcrumb\"},\"inLanguage\":\"en-GB\",\"potentialAction\":[{\"@type\":\"ReadAction\",\"target\":[\"https:\/\/fcspartaktrnava.com\/s-novacikmi-to-v-tejto-sezone-zatial-nejde\/\"]}]},{\"@type\":\"ImageObject\",\"inLanguage\":\"en-GB\",\"@id\":\"https:\/\/fcspartaktrnava.com\/s-novacikmi-to-v-tejto-sezone-zatial-nejde\/#primaryimage\",\"url\":\"https:\/\/fcspartaktrnava.com\/wp-content\/uploads\/2022\/08\/s-novacikmi-to-v-tejto.jpg\",\"contentUrl\":\"https:\/\/fcspartaktrnava.com\/wp-content\/uploads\/2022\/08\/s-novacikmi-to-v-tejto.jpg\",\"width\":1300,\"height\":555},{\"@type\":\"BreadcrumbList\",\"@id\":\"https:\/\/fcspartaktrnava.com\/s-novacikmi-to-v-tejto-sezone-zatial-nejde\/#breadcrumb\",\"itemListElement\":[{\"@type\":\"ListItem\",\"position\":1,\"name\":\"Home\",\"item\":\"https:\/\/fcspartaktrnava.com\/\"},{\"@type\":\"ListItem\",\"position\":2,\"name\":\"S nov\u00e1\u010dikmi to v tejto sez\u00f3ne zatia\u013e nejde\"}]},{\"@type\":\"WebSite\",\"@id\":\"https:\/\/fcspartaktrnava.com\/#website\",\"url\":\"https:\/\/fcspartaktrnava.com\/\",\"name\":\"FC Spartak Trnava\",\"description\":\"ofici\u00e1lna webstr\u00e1nka futbalov\u00e9ho klubu\",\"publisher\":{\"@id\":\"https:\/\/fcspartaktrnava.com\/#organization\"},\"potentialAction\":[{\"@type\":\"SearchAction\",\"target\":{\"@type\":\"EntryPoint\",\"urlTemplate\":\"https:\/\/fcspartaktrnava.com\/?s={search_term_string}\"},\"query-input\":{\"@type\":\"PropertyValueSpecification\",\"valueRequired\":true,\"valueName\":\"search_term_string\"}}],\"inLanguage\":\"en-GB\"},{\"@type\":\"Organization\",\"@id\":\"https:\/\/fcspartaktrnava.com\/#organization\",\"name\":\"FC Spartak Trnava\",\"alternateName\":\"Spartak\",\"url\":\"https:\/\/fcspartaktrnava.com\/\",\"logo\":{\"@type\":\"ImageObject\",\"inLanguage\":\"en-GB\",\"@id\":\"https:\/\/fcspartaktrnava.com\/#\/schema\/logo\/image\/\",\"url\":\"https:\/\/fcspartaktrnava.com\/wp-content\/uploads\/2022\/08\/cropped-site_logo.png\",\"contentUrl\":\"https:\/\/fcspartaktrnava.com\/wp-content\/uploads\/2022\/08\/cropped-site_logo.png\",\"width\":140,\"height\":140,\"caption\":\"FC Spartak Trnava\"},\"image\":{\"@id\":\"https:\/\/fcspartaktrnava.com\/#\/schema\/logo\/image\/\"},\"sameAs\":[\"https:\/\/www.facebook.com\/SpartakTrnava\",\"https:\/\/x.com\/SpartakTrnava1\",\"https:\/\/www.instagram.com\/spartak_sk\/\"]},{\"@type\":\"Person\",\"@id\":\"https:\/\/fcspartaktrnava.com\/#\/schema\/person\/62c3c2562c3c56e4c0c8c2342c596ac0\",\"name\":\"Samuel \u010eurinsk\u00fd\",\"image\":{\"@type\":\"ImageObject\",\"inLanguage\":\"en-GB\",\"@id\":\"https:\/\/fcspartaktrnava.com\/#\/schema\/person\/image\/\",\"url\":\"https:\/\/secure.gravatar.com\/avatar\/af2fa02af92418b86ed742470664fe40056833fb68d84becf03f6ab02319257c?s=96&d=mm&r=g\",\"contentUrl\":\"https:\/\/secure.gravatar.com\/avatar\/af2fa02af92418b86ed742470664fe40056833fb68d84becf03f6ab02319257c?s=96&d=mm&r=g\",\"caption\":\"Samuel \u010eurinsk\u00fd\"},\"url\":\"https:\/\/fcspartaktrnava.com\/en\/author\/fcst-samuel\/\"}]}<\/script>\n<!-- \/ Yoast SEO plugin. -->","yoast_head_json":{"title":"S nov\u00e1\u010dikmi to v tejto sez\u00f3ne zatia\u013e nejde - FC Spartak Trnava","robots":{"index":"index","follow":"follow","max-snippet":"max-snippet:-1","max-image-preview":"max-image-preview:large","max-video-preview":"max-video-preview:-1"},"canonical":"https:\/\/fcspartaktrnava.com\/en\/s-novacikmi-to-v-tejto-sezone-zatial-nejde\/","twitter_misc":{"Written by":"Samuel \u010eurinsk\u00fd","Estimated reading time":"2 minutes"},"schema":{"@context":"https:\/\/schema.org","@graph":[{"@type":"Article","@id":"https:\/\/fcspartaktrnava.com\/s-novacikmi-to-v-tejto-sezone-zatial-nejde\/#article","isPartOf":{"@id":"https:\/\/fcspartaktrnava.com\/s-novacikmi-to-v-tejto-sezone-zatial-nejde\/"},"author":{"name":"Samuel \u010eurinsk\u00fd","@id":"https:\/\/fcspartaktrnava.com\/#\/schema\/person\/62c3c2562c3c56e4c0c8c2342c596ac0"},"headline":"S nov\u00e1\u010dikmi to v tejto sez\u00f3ne zatia\u013e nejde","datePublished":"2022-08-29T14:06:38+00:00","dateModified":"2022-08-29T14:14:04+00:00","mainEntityOfPage":{"@id":"https:\/\/fcspartaktrnava.com\/s-novacikmi-to-v-tejto-sezone-zatial-nejde\/"},"wordCount":425,"publisher":{"@id":"https:\/\/fcspartaktrnava.com\/#organization"},"image":{"@id":"https:\/\/fcspartaktrnava.com\/s-novacikmi-to-v-tejto-sezone-zatial-nejde\/#primaryimage"},"thumbnailUrl":"https:\/\/fcspartaktrnava.com\/wp-content\/uploads\/2022\/08\/s-novacikmi-to-v-tejto.jpg","keywords":["Michal Ga\u0161par\u00edk"],"articleSection":["Spr\u00e1vy"],"inLanguage":"en-GB"},{"@type":"WebPage","@id":"https:\/\/fcspartaktrnava.com\/s-novacikmi-to-v-tejto-sezone-zatial-nejde\/","url":"https:\/\/fcspartaktrnava.com\/s-novacikmi-to-v-tejto-sezone-zatial-nejde\/","name":"S nov\u00e1\u010dikmi to v tejto sez\u00f3ne zatia\u013e nejde - FC Spartak Trnava","isPartOf":{"@id":"https:\/\/fcspartaktrnava.com\/#website"},"primaryImageOfPage":{"@id":"https:\/\/fcspartaktrnava.com\/s-novacikmi-to-v-tejto-sezone-zatial-nejde\/#primaryimage"},"image":{"@id":"https:\/\/fcspartaktrnava.com\/s-novacikmi-to-v-tejto-sezone-zatial-nejde\/#primaryimage"},"thumbnailUrl":"https:\/\/fcspartaktrnava.com\/wp-content\/uploads\/2022\/08\/s-novacikmi-to-v-tejto.jpg","datePublished":"2022-08-29T14:06:38+00:00","dateModified":"2022-08-29T14:14:04+00:00","breadcrumb":{"@id":"https:\/\/fcspartaktrnava.com\/s-novacikmi-to-v-tejto-sezone-zatial-nejde\/#breadcrumb"},"inLanguage":"en-GB","potentialAction":[{"@type":"ReadAction","target":["https:\/\/fcspartaktrnava.com\/s-novacikmi-to-v-tejto-sezone-zatial-nejde\/"]}]},{"@type":"ImageObject","inLanguage":"en-GB","@id":"https:\/\/fcspartaktrnava.com\/s-novacikmi-to-v-tejto-sezone-zatial-nejde\/#primaryimage","url":"https:\/\/fcspartaktrnava.com\/wp-content\/uploads\/2022\/08\/s-novacikmi-to-v-tejto.jpg","contentUrl":"https:\/\/fcspartaktrnava.com\/wp-content\/uploads\/2022\/08\/s-novacikmi-to-v-tejto.jpg","width":1300,"height":555},{"@type":"BreadcrumbList","@id":"https:\/\/fcspartaktrnava.com\/s-novacikmi-to-v-tejto-sezone-zatial-nejde\/#breadcrumb","itemListElement":[{"@type":"ListItem","position":1,"name":"Home","item":"https:\/\/fcspartaktrnava.com\/"},{"@type":"ListItem","position":2,"name":"S nov\u00e1\u010dikmi to v tejto sez\u00f3ne zatia\u013e nejde"}]},{"@type":"WebSite","@id":"https:\/\/fcspartaktrnava.com\/#website","url":"https:\/\/fcspartaktrnava.com\/","name":"FC Spartak Trnava","description":"ofici\u00e1lna webstr\u00e1nka futbalov\u00e9ho klubu","publisher":{"@id":"https:\/\/fcspartaktrnava.com\/#organization"},"potentialAction":[{"@type":"SearchAction","target":{"@type":"EntryPoint","urlTemplate":"https:\/\/fcspartaktrnava.com\/?s={search_term_string}"},"query-input":{"@type":"PropertyValueSpecification","valueRequired":true,"valueName":"search_term_string"}}],"inLanguage":"en-GB"},{"@type":"Organization","@id":"https:\/\/fcspartaktrnava.com\/#organization","name":"FC Spartak Trnava","alternateName":"Spartak","url":"https:\/\/fcspartaktrnava.com\/","logo":{"@type":"ImageObject","inLanguage":"en-GB","@id":"https:\/\/fcspartaktrnava.com\/#\/schema\/logo\/image\/","url":"https:\/\/fcspartaktrnava.com\/wp-content\/uploads\/2022\/08\/cropped-site_logo.png","contentUrl":"https:\/\/fcspartaktrnava.com\/wp-content\/uploads\/2022\/08\/cropped-site_logo.png","width":140,"height":140,"caption":"FC Spartak Trnava"},"image":{"@id":"https:\/\/fcspartaktrnava.com\/#\/schema\/logo\/image\/"},"sameAs":["https:\/\/www.facebook.com\/SpartakTrnava","https:\/\/x.com\/SpartakTrnava1","https:\/\/www.instagram.com\/spartak_sk\/"]},{"@type":"Person","@id":"https:\/\/fcspartaktrnava.com\/#\/schema\/person\/62c3c2562c3c56e4c0c8c2342c596ac0","name":"Samuel \u010eurinsk\u00fd","image":{"@type":"ImageObject","inLanguage":"en-GB","@id":"https:\/\/fcspartaktrnava.com\/#\/schema\/person\/image\/","url":"https:\/\/secure.gravatar.com\/avatar\/af2fa02af92418b86ed742470664fe40056833fb68d84becf03f6ab02319257c?s=96&d=mm&r=g","contentUrl":"https:\/\/secure.gravatar.com\/avatar\/af2fa02af92418b86ed742470664fe40056833fb68d84becf03f6ab02319257c?s=96&d=mm&r=g","caption":"Samuel \u010eurinsk\u00fd"},"url":"https:\/\/fcspartaktrnava.com\/en\/author\/fcst-samuel\/"}]}},"_links":{"self":[{"href":"https:\/\/fcspartaktrnava.com\/en\/wp-json\/wp\/v2\/posts\/931","targetHints":{"allow":["GET"]}}],"collection":[{"href":"https:\/\/fcspartaktrnava.com\/en\/wp-json\/wp\/v2\/posts"}],"about":[{"href":"https:\/\/fcspartaktrnava.com\/en\/wp-json\/wp\/v2\/types\/post"}],"author":[{"embeddable":true,"href":"https:\/\/fcspartaktrnava.com\/en\/wp-json\/wp\/v2\/users\/5"}],"replies":[{"embeddable":true,"href":"https:\/\/fcspartaktrnava.com\/en\/wp-json\/wp\/v2\/comments?post=931"}],"version-history":[{"count":0,"href":"https:\/\/fcspartaktrnava.com\/en\/wp-json\/wp\/v2\/posts\/931\/revisions"}],"wp:featuredmedia":[{"embeddable":true,"href":"https:\/\/fcspartaktrnava.com\/en\/wp-json\/wp\/v2\/media\/932"}],"wp:attachment":[{"href":"https:\/\/fcspartaktrnava.com\/en\/wp-json\/wp\/v2\/media?parent=931"}],"wp:term":[{"taxonomy":"category","embeddable":true,"href":"https:\/\/fcspartaktrnava.com\/en\/wp-json\/wp\/v2\/categories?post=931"},{"taxonomy":"post_tag","embeddable":true,"href":"https:\/\/fcspartaktrnava.com\/en\/wp-json\/wp\/v2\/tags?post=931"}],"curies":[{"name":"wp","href":"https:\/\/api.w.org\/{rel}","templated":true}]}}