{"id":9289,"date":"2023-08-03T20:23:40","date_gmt":"2023-08-03T18:23:40","guid":{"rendered":"https:\/\/fcspartaktrnava.com\/?p=9289"},"modified":"2023-08-04T10:12:45","modified_gmt":"2023-08-04T08:12:45","slug":"suverenny-postup-do-dalsieho-kola","status":"publish","type":"post","link":"https:\/\/fcspartaktrnava.com\/en\/suverenny-postup-do-dalsieho-kola\/","title":{"rendered":"Suver\u00e9nny postup do \u010fal\u0161ieho kola"},"content":{"rendered":"<div class=\"wp-block-group\"><div class=\"wp-block-group__inner-container is-layout-flow wp-block-group-is-layout-flow\">\n<p class=\"has-text-align-center\" style=\"font-size:16px\">\u0160tadi\u00f3n Antona Malatinsk\u00e9ho, Eur\u00f3pska konferen\u010dn\u00e1 liga, 2. predkolo, 3. 8. 2023 o 17:30<\/p>\n\n\n\n<p class=\"has-text-align-center has-large-font-size\">FC SPARTAK TRNAVA<br>FK AUDA<\/p>\n\n\n\n<p class=\"has-text-align-center has-x-large-font-size\" style=\"font-style:normal;font-weight:600\">4:1 <\/p>\n<\/div><\/div>\n\n\n\n<div class=\"wp-block-group has-black-color has-text-color has-background\" style=\"background-color:#e2e7ec\"><div class=\"wp-block-group__inner-container is-layout-flow wp-block-group-is-layout-flow\">\n<p><strong>FC Spartak Trnava:<\/strong><\/p>\n\n\n\n<p>Tak\u00e1\u010d &#8211; &nbsp;Ko\u0161trna (65. Oseni), \u0160tetina (76. Pe\u0148a), K\u00f3\u0161a (46. Ujlaky), Mikovi\u010d (76. Kompan Breznik) \u2013 Proch\u00e1zka, Zeljkovi\u010d, Bainovi\u010d \u2013 Daniel (65. Azango), Djuri\u010din, Ofori<\/p>\n\n\n\n<p><strong>FK Auda:<\/strong><\/p>\n\n\n\n<p>Ozols \u2013 Korotkovs, Mikuli\u010d (73. Diawara) , Minkevi\u010ds, Attuqauaye (73. Piteo), Bretschneider (81. Resende) &nbsp;\u2013 Achol, Clemente (60. Saveljevs), Ogunnyiyi \u2013 Mane (46. Rubenis), Ramires &nbsp;&nbsp;<\/p>\n\n\n\n<p><strong>Goals:<\/strong> 36. Daniel (Mikovi\u010d), 38. Djuri\u010din (Mikovi\u010d), 45.+ \u0160tetina, 75. Proch\u00e1zka \u2013 88. Achol<\/p>\n\n\n\n<p><strong>Yellow cards:<\/strong> Mikovi\u010d, Ko\u0161trna \u2013 Achol<\/p>\n\n\n\n<p><strong>Judges:<\/strong> Cibelli \u2013 Sbrissa, Lengacher (v\u0161etci \u0160vaj\u010diarsko)<\/p>\n\n\n\n<p><strong>Spectators: <\/strong>7394<\/p>\n\n\n\n<p><strong>Half time:<\/strong> 3:0<\/p>\n\n\n\n<p><strong>Prv\u00fd z\u00e1pas <\/strong>1:1, (post\u00fapil Spartak)<\/p>\n<\/div><\/div>\n\n\n\n<p>Na odvetn\u00e9 stretnutie Eur\u00f3pskej konferen\u010dnej ligy proti FK Auda nast\u00fapili Trnav\u010dania pred viac ako siedmimi tis\u00edckami div\u00e1kov s&nbsp;Tak\u00e1\u010dom v&nbsp;br\u00e1ne, stred po\u013ea mali na starosti Proch\u00e1zka, Zeljkovi\u010d a&nbsp;Bainovi\u010d. Od prv\u00fdch min\u00fat dom\u00e1ci t\u00edm ur\u010doval hru, hostia sa iba br\u00e1nili, ojedinel\u00fa a&nbsp;slab\u00fa strelu poslal na dom\u00e1ceho brank\u00e1ra v&nbsp;deviatej min\u00fate Mane.<\/p>\n\n\n\n<p>Prv\u00fd g\u00f3l Spartaka mal v&nbsp;jeden\u00e1stej min\u00fate na kopa\u010dke Daniel, kr\u00eddeln\u00edk v\u0161ak nap\u00e1lil prudk\u00fa loptu iba do brank\u00e1ra Ozolsa. Ten ist\u00fd hr\u00e1\u010d mieril prudko po zemi aj v&nbsp;osemn\u00e1stej min\u00fate, ale&nbsp;sk\u00f3re nezmenil.<\/p>\n\n\n\n<p>Pri\u0161la v\u0161ak 36. min\u00fata, Mikovi\u010d vyhral d\u00f4le\u017eit\u00fd hlavi\u010dkov\u00fd s\u00faboj,&nbsp;vysunul na \u013eavej strane pr\u00e1ve Daniela a&nbsp;jeho technick\u00fd pokus zapadol presne na svoje miesto, teda za chrb\u00e1t brank\u00e1ra host\u00ed \u2013 1:0.<\/p>\n\n\n\n<p>O&nbsp;tri min\u00faty sa \u0161tadi\u00f3n otriasol op\u00e4\u0165 v&nbsp;z\u00e1kladoch, ke\u010f svoju druh\u00fa g\u00f3lov\u00fa prihr\u00e1vku adresoval Mikovi\u010d Djuri\u010dinovi a&nbsp;sk\u00fasen\u00fd strelec nezav\u00e1hal \u2013 2:0.<\/p>\n\n\n\n<p>Rozbehnut\u00ed andeli mali e\u0161te streleck\u00fd apet\u00edt a \u010fal\u0161\u00ed g\u00f3l pri\u0161iel v\u00a0\u00faplnom z\u00e1vere pol\u010dasu, ke\u010f po rohovom kope padla lopta medzi klbko hr\u00e1\u010dov a\u00a0\u0160tetina po\u013eahky poslal loptu do siete \u2013 3:0.<\/p>\n\n\n\n<figure class=\"wp-block-embed is-type-video is-provider-youtube wp-block-embed-youtube wp-embed-aspect-16-9 wp-has-aspect-ratio\"><div class=\"wp-block-embed__wrapper\">\n<iframe loading=\"lazy\" title=\"FC SPARTAK TRNAVA VS FK AUDA 2.PREDKOLO EUR\u00d3PSKEJ KONFEREN\u010cNEJ LIGY 2.Z\u00c1PAS (ZOSTRIH G\u00d3LOV)\" width=\"500\" height=\"281\" src=\"https:\/\/www.youtube.com\/embed\/Y5tiZ0-9sTs?feature=oembed\" frameborder=\"0\" allow=\"accelerometer; autoplay; clipboard-write; encrypted-media; gyroscope; picture-in-picture; web-share\" referrerpolicy=\"strict-origin-when-cross-origin\" allowfullscreen><\/iframe>\n<\/div><\/figure>\n\n\n\n<p>Tlak cel\u00e9ho prv\u00e9ho pol\u010dasu vy\u00fastil do troch g\u00f3lov v rozmedz\u00ed desiatich min\u00fat a&nbsp;Spartak u\u017e do prest\u00e1vky z\u00edskal n\u00e1skok a&nbsp;potrebn\u00fd pokoj na kopa\u010dky.<\/p>\n\n\n\n<p>Do druh\u00e9ho pol\u010dasu nahradil Ujlaky K\u00f3\u0161u a&nbsp;tlak Spartaka pokra\u010doval \u010falej. G\u00f3l na kopa\u010dke mal op\u00e4\u0165 Djuri\u010din, obrana Loty\u0161ov si v\u0161ak v&nbsp;tomto pr\u00edpade dala pozor a&nbsp;neinkasovala. Po jednozna\u010dnom v\u00fdsledku z&nbsp;prv\u00e9ho pol\u010dasu tempo hry v&nbsp;druhej \u010dasti opadlo, hr\u00e1\u010di Audy sa akoby zmierili s&nbsp;postupuj\u00facim do \u010fal\u0161ej f\u00e1ze s\u00fa\u0165a\u017ee a dom\u00e1ci t\u00edm si z\u00e1pas u\u017e\u00edval. Tr\u00e9ner Ga\u0161par\u00edk poslal do hry aj Oseniho s&nbsp;Azangom, obraz hry sa st\u00e1le nemenil a&nbsp;pribudol aj \u0161tvrt\u00fd g\u00f3l v&nbsp;sieti host\u00ed.<\/p>\n\n\n\n<p>Po akcii cez stred ihriska sa v&nbsp;75. min\u00fate predral Proch\u00e1zka do zakon\u010denia a&nbsp;jeho streleck\u00fd pokus skon\u010dil aj s&nbsp;prispen\u00edm hos\u0165uj\u00faceho obrancu za chrb\u00e1tom Ozolsa \u2013 4:0. V&nbsp;88. min\u00fate sa do\u010dkal aj loty\u0161sk\u00fd t\u00edm a&nbsp;po individu\u00e1lnej akcii sa presadil Achol a&nbsp;zn\u00ed\u017eil \u2013 4:1.<\/p>\n\n\n\n<p>Po presved\u010divom v\u00fdkone v\u00a0odvete sa Spartak po v\u00fdhre rozdielom triedy prebojoval do tretieho predkola Eur\u00f3pskej konferen\u010dnej ligy a\u00a0o\u00a0t\u00fd\u017ede\u0148 vyzve po\u013esk\u00fd Lech Pozna\u0148.<\/p>\n\n\n\n<figure class=\"wp-block-embed is-type-video is-provider-youtube wp-block-embed-youtube wp-embed-aspect-16-9 wp-has-aspect-ratio\"><div class=\"wp-block-embed__wrapper\">\n<iframe loading=\"lazy\" title=\"Michal Ga\u0161par\u00edk po odvete s FK Auda\" width=\"500\" height=\"281\" src=\"https:\/\/www.youtube.com\/embed\/BhkNGU0eh5c?feature=oembed\" frameborder=\"0\" allow=\"accelerometer; autoplay; clipboard-write; encrypted-media; gyroscope; picture-in-picture; web-share\" referrerpolicy=\"strict-origin-when-cross-origin\" allowfullscreen><\/iframe>\n<\/div><\/figure>\n\n\n\n<p class=\"has-vivid-red-color has-text-color has-medium-font-size\"><strong>POVEDAL PO Z\u00c1PASE:<\/strong><\/p>\n\n\n\n<p>Michal Ga\u0161par\u00edk (Spartak): <strong><em>\u201eTo, \u010do sme avizovali pred z\u00e1pasom, \u017ee chceme ma\u0165 dobr\u00fd prv\u00fd pol\u010das, tak v\u0161etko sa n\u00e1m do bodky splnilo. Chalani dobre kombinovali, cie\u013eom bolo zobra\u0165 im vysok\u00e9 dr\u017eanie lopty, ktor\u00fdm sa prezentuj\u00fa, a&nbsp;to sa n\u00e1m v&nbsp;prvom pol\u010dase darilo. Potrebovali sme, aby lopta r\u00fdchlo cirkulovala, aby sme mali zmeny \u0165a\u017eiska hry. Po t\u00fdch situ\u00e1ci\u00e1ch sme dali prv\u00e9 dva g\u00f3ly. Hrali sme vysoko, sna\u017eili sme sa s\u00fapera nap\u00e1da\u0165, kazi\u0165 ich rozohr\u00e1vku, \u010do sa n\u00e1m darilo. Prv\u00fd pol\u010das rozhodol o&nbsp;postupe, druh\u00fd pol\u010das sa iba dohr\u00e1val, mali sme ve\u013ea striedan\u00ed a&nbsp;na ihrisku bol trochu bordel. Chceli sme vidie\u0165 mlad\u00fdch nov\u00fdch chalanov, aby dostali pr\u00edle\u017eitos\u0165, aby sa o\u0165ukali. Druh\u00fd z\u00e1pas uk\u00e1zal n\u00e1\u0161 zasl\u00fa\u017een\u00fd postup.\u201c<\/em><\/strong><\/p>\n\n\n\n<div class=\"wp-block-buttons is-layout-flex wp-block-buttons-is-layout-flex\">\n<div class=\"wp-block-button aligncenter is-style-fill\"><a class=\"wp-block-button__link has-white-color has-text-color has-background wp-element-button\" href=\"https:\/\/fcspartaktrnava.com\/en\/media\/vsetky\/galerie\/\" style=\"border-radius:0px;background-color:#d40133\" target=\"_blank\" rel=\"noreferrer noopener\">PHOTO GALLERY<\/a><\/div>\n<\/div>","protected":false},"excerpt":{"rendered":"<p>\u0160tadi\u00f3n Antona Malatinsk\u00e9ho, Eur\u00f3pska konferen\u010dn\u00e1 liga, 2. predkolo,&#8230;<\/p>","protected":false},"author":2,"featured_media":9290,"comment_status":"closed","ping_status":"closed","sticky":false,"template":"","format":"standard","meta":{"footnotes":""},"categories":[12,20],"tags":[11],"class_list":["post-9289","post","type-post","status-publish","format-standard","has-post-thumbnail","hentry","category-spravy","category-zapas","tag-michal-gasparik","post-number-1"],"yoast_head":"<!-- This site is optimized with the Yoast SEO plugin v27.1.1 - https:\/\/yoast.com\/product\/yoast-seo-wordpress\/ -->\n<title>Suver\u00e9nny postup do \u010fal\u0161ieho kola - FC Spartak Trnava<\/title>\n<meta name=\"robots\" content=\"index, follow, max-snippet:-1, max-image-preview:large, max-video-preview:-1\" \/>\n<link rel=\"canonical\" href=\"https:\/\/fcspartaktrnava.com\/en\/suverenny-postup-do-dalsieho-kola\/\" \/>\n<meta name=\"twitter:label1\" content=\"Written by\" \/>\n\t<meta name=\"twitter:data1\" content=\"spartak\" \/>\n\t<meta name=\"twitter:label2\" content=\"Estimated reading time\" \/>\n\t<meta name=\"twitter:data2\" content=\"4 minutes\" \/>\n<script type=\"application\/ld+json\" class=\"yoast-schema-graph\">{\"@context\":\"https:\/\/schema.org\",\"@graph\":[{\"@type\":\"Article\",\"@id\":\"https:\/\/fcspartaktrnava.com\/suverenny-postup-do-dalsieho-kola\/#article\",\"isPartOf\":{\"@id\":\"https:\/\/fcspartaktrnava.com\/suverenny-postup-do-dalsieho-kola\/\"},\"author\":{\"name\":\"spartak\",\"@id\":\"https:\/\/fcspartaktrnava.com\/#\/schema\/person\/24bc5b254af14f71d7d8af178790aa75\"},\"headline\":\"Suver\u00e9nny postup do \u010fal\u0161ieho kola\",\"datePublished\":\"2023-08-03T18:23:40+00:00\",\"dateModified\":\"2023-08-04T08:12:45+00:00\",\"mainEntityOfPage\":{\"@id\":\"https:\/\/fcspartaktrnava.com\/suverenny-postup-do-dalsieho-kola\/\"},\"wordCount\":779,\"publisher\":{\"@id\":\"https:\/\/fcspartaktrnava.com\/#organization\"},\"image\":{\"@id\":\"https:\/\/fcspartaktrnava.com\/suverenny-postup-do-dalsieho-kola\/#primaryimage\"},\"thumbnailUrl\":\"https:\/\/fcspartaktrnava.com\/wp-content\/uploads\/2023\/08\/auda-odveta-scaled.jpg\",\"keywords\":[\"Michal Ga\u0161par\u00edk\"],\"articleSection\":[\"Spr\u00e1vy\",\"Z\u00e1pas\"],\"inLanguage\":\"en-GB\"},{\"@type\":\"WebPage\",\"@id\":\"https:\/\/fcspartaktrnava.com\/suverenny-postup-do-dalsieho-kola\/\",\"url\":\"https:\/\/fcspartaktrnava.com\/suverenny-postup-do-dalsieho-kola\/\",\"name\":\"Suver\u00e9nny postup do \u010fal\u0161ieho kola - FC Spartak Trnava\",\"isPartOf\":{\"@id\":\"https:\/\/fcspartaktrnava.com\/#website\"},\"primaryImageOfPage\":{\"@id\":\"https:\/\/fcspartaktrnava.com\/suverenny-postup-do-dalsieho-kola\/#primaryimage\"},\"image\":{\"@id\":\"https:\/\/fcspartaktrnava.com\/suverenny-postup-do-dalsieho-kola\/#primaryimage\"},\"thumbnailUrl\":\"https:\/\/fcspartaktrnava.com\/wp-content\/uploads\/2023\/08\/auda-odveta-scaled.jpg\",\"datePublished\":\"2023-08-03T18:23:40+00:00\",\"dateModified\":\"2023-08-04T08:12:45+00:00\",\"breadcrumb\":{\"@id\":\"https:\/\/fcspartaktrnava.com\/suverenny-postup-do-dalsieho-kola\/#breadcrumb\"},\"inLanguage\":\"en-GB\",\"potentialAction\":[{\"@type\":\"ReadAction\",\"target\":[\"https:\/\/fcspartaktrnava.com\/suverenny-postup-do-dalsieho-kola\/\"]}]},{\"@type\":\"ImageObject\",\"inLanguage\":\"en-GB\",\"@id\":\"https:\/\/fcspartaktrnava.com\/suverenny-postup-do-dalsieho-kola\/#primaryimage\",\"url\":\"https:\/\/fcspartaktrnava.com\/wp-content\/uploads\/2023\/08\/auda-odveta-scaled.jpg\",\"contentUrl\":\"https:\/\/fcspartaktrnava.com\/wp-content\/uploads\/2023\/08\/auda-odveta-scaled.jpg\",\"width\":2560,\"height\":1704},{\"@type\":\"BreadcrumbList\",\"@id\":\"https:\/\/fcspartaktrnava.com\/suverenny-postup-do-dalsieho-kola\/#breadcrumb\",\"itemListElement\":[{\"@type\":\"ListItem\",\"position\":1,\"name\":\"Home\",\"item\":\"https:\/\/fcspartaktrnava.com\/\"},{\"@type\":\"ListItem\",\"position\":2,\"name\":\"Suver\u00e9nny postup do \u010fal\u0161ieho kola\"}]},{\"@type\":\"WebSite\",\"@id\":\"https:\/\/fcspartaktrnava.com\/#website\",\"url\":\"https:\/\/fcspartaktrnava.com\/\",\"name\":\"FC Spartak Trnava\",\"description\":\"ofici\u00e1lna webstr\u00e1nka futbalov\u00e9ho klubu\",\"publisher\":{\"@id\":\"https:\/\/fcspartaktrnava.com\/#organization\"},\"potentialAction\":[{\"@type\":\"SearchAction\",\"target\":{\"@type\":\"EntryPoint\",\"urlTemplate\":\"https:\/\/fcspartaktrnava.com\/?s={search_term_string}\"},\"query-input\":{\"@type\":\"PropertyValueSpecification\",\"valueRequired\":true,\"valueName\":\"search_term_string\"}}],\"inLanguage\":\"en-GB\"},{\"@type\":\"Organization\",\"@id\":\"https:\/\/fcspartaktrnava.com\/#organization\",\"name\":\"FC Spartak Trnava\",\"alternateName\":\"Spartak\",\"url\":\"https:\/\/fcspartaktrnava.com\/\",\"logo\":{\"@type\":\"ImageObject\",\"inLanguage\":\"en-GB\",\"@id\":\"https:\/\/fcspartaktrnava.com\/#\/schema\/logo\/image\/\",\"url\":\"https:\/\/fcspartaktrnava.com\/wp-content\/uploads\/2022\/08\/cropped-site_logo.png\",\"contentUrl\":\"https:\/\/fcspartaktrnava.com\/wp-content\/uploads\/2022\/08\/cropped-site_logo.png\",\"width\":140,\"height\":140,\"caption\":\"FC Spartak Trnava\"},\"image\":{\"@id\":\"https:\/\/fcspartaktrnava.com\/#\/schema\/logo\/image\/\"},\"sameAs\":[\"https:\/\/www.facebook.com\/SpartakTrnava\",\"https:\/\/x.com\/SpartakTrnava1\",\"https:\/\/www.instagram.com\/spartak_sk\/\"]},{\"@type\":\"Person\",\"@id\":\"https:\/\/fcspartaktrnava.com\/#\/schema\/person\/24bc5b254af14f71d7d8af178790aa75\",\"name\":\"spartak\",\"image\":{\"@type\":\"ImageObject\",\"inLanguage\":\"en-GB\",\"@id\":\"https:\/\/fcspartaktrnava.com\/#\/schema\/person\/image\/\",\"url\":\"https:\/\/secure.gravatar.com\/avatar\/f8ff8584f3fcf3909a11a6da9019f37749183b4015bca14e64556c52614cdc7f?s=96&d=mm&r=g\",\"contentUrl\":\"https:\/\/secure.gravatar.com\/avatar\/f8ff8584f3fcf3909a11a6da9019f37749183b4015bca14e64556c52614cdc7f?s=96&d=mm&r=g\",\"caption\":\"spartak\"},\"url\":\"https:\/\/fcspartaktrnava.com\/en\/author\/spartak\/\"}]}<\/script>\n<!-- \/ Yoast SEO plugin. -->","yoast_head_json":{"title":"Suver\u00e9nny postup do \u010fal\u0161ieho kola - FC Spartak Trnava","robots":{"index":"index","follow":"follow","max-snippet":"max-snippet:-1","max-image-preview":"max-image-preview:large","max-video-preview":"max-video-preview:-1"},"canonical":"https:\/\/fcspartaktrnava.com\/en\/suverenny-postup-do-dalsieho-kola\/","twitter_misc":{"Written by":"spartak","Estimated reading time":"4 minutes"},"schema":{"@context":"https:\/\/schema.org","@graph":[{"@type":"Article","@id":"https:\/\/fcspartaktrnava.com\/suverenny-postup-do-dalsieho-kola\/#article","isPartOf":{"@id":"https:\/\/fcspartaktrnava.com\/suverenny-postup-do-dalsieho-kola\/"},"author":{"name":"spartak","@id":"https:\/\/fcspartaktrnava.com\/#\/schema\/person\/24bc5b254af14f71d7d8af178790aa75"},"headline":"Suver\u00e9nny postup do \u010fal\u0161ieho kola","datePublished":"2023-08-03T18:23:40+00:00","dateModified":"2023-08-04T08:12:45+00:00","mainEntityOfPage":{"@id":"https:\/\/fcspartaktrnava.com\/suverenny-postup-do-dalsieho-kola\/"},"wordCount":779,"publisher":{"@id":"https:\/\/fcspartaktrnava.com\/#organization"},"image":{"@id":"https:\/\/fcspartaktrnava.com\/suverenny-postup-do-dalsieho-kola\/#primaryimage"},"thumbnailUrl":"https:\/\/fcspartaktrnava.com\/wp-content\/uploads\/2023\/08\/auda-odveta-scaled.jpg","keywords":["Michal Ga\u0161par\u00edk"],"articleSection":["Spr\u00e1vy","Z\u00e1pas"],"inLanguage":"en-GB"},{"@type":"WebPage","@id":"https:\/\/fcspartaktrnava.com\/suverenny-postup-do-dalsieho-kola\/","url":"https:\/\/fcspartaktrnava.com\/suverenny-postup-do-dalsieho-kola\/","name":"Suver\u00e9nny postup do \u010fal\u0161ieho kola - FC Spartak Trnava","isPartOf":{"@id":"https:\/\/fcspartaktrnava.com\/#website"},"primaryImageOfPage":{"@id":"https:\/\/fcspartaktrnava.com\/suverenny-postup-do-dalsieho-kola\/#primaryimage"},"image":{"@id":"https:\/\/fcspartaktrnava.com\/suverenny-postup-do-dalsieho-kola\/#primaryimage"},"thumbnailUrl":"https:\/\/fcspartaktrnava.com\/wp-content\/uploads\/2023\/08\/auda-odveta-scaled.jpg","datePublished":"2023-08-03T18:23:40+00:00","dateModified":"2023-08-04T08:12:45+00:00","breadcrumb":{"@id":"https:\/\/fcspartaktrnava.com\/suverenny-postup-do-dalsieho-kola\/#breadcrumb"},"inLanguage":"en-GB","potentialAction":[{"@type":"ReadAction","target":["https:\/\/fcspartaktrnava.com\/suverenny-postup-do-dalsieho-kola\/"]}]},{"@type":"ImageObject","inLanguage":"en-GB","@id":"https:\/\/fcspartaktrnava.com\/suverenny-postup-do-dalsieho-kola\/#primaryimage","url":"https:\/\/fcspartaktrnava.com\/wp-content\/uploads\/2023\/08\/auda-odveta-scaled.jpg","contentUrl":"https:\/\/fcspartaktrnava.com\/wp-content\/uploads\/2023\/08\/auda-odveta-scaled.jpg","width":2560,"height":1704},{"@type":"BreadcrumbList","@id":"https:\/\/fcspartaktrnava.com\/suverenny-postup-do-dalsieho-kola\/#breadcrumb","itemListElement":[{"@type":"ListItem","position":1,"name":"Home","item":"https:\/\/fcspartaktrnava.com\/"},{"@type":"ListItem","position":2,"name":"Suver\u00e9nny postup do \u010fal\u0161ieho kola"}]},{"@type":"WebSite","@id":"https:\/\/fcspartaktrnava.com\/#website","url":"https:\/\/fcspartaktrnava.com\/","name":"FC Spartak Trnava","description":"ofici\u00e1lna webstr\u00e1nka futbalov\u00e9ho klubu","publisher":{"@id":"https:\/\/fcspartaktrnava.com\/#organization"},"potentialAction":[{"@type":"SearchAction","target":{"@type":"EntryPoint","urlTemplate":"https:\/\/fcspartaktrnava.com\/?s={search_term_string}"},"query-input":{"@type":"PropertyValueSpecification","valueRequired":true,"valueName":"search_term_string"}}],"inLanguage":"en-GB"},{"@type":"Organization","@id":"https:\/\/fcspartaktrnava.com\/#organization","name":"FC Spartak Trnava","alternateName":"Spartak","url":"https:\/\/fcspartaktrnava.com\/","logo":{"@type":"ImageObject","inLanguage":"en-GB","@id":"https:\/\/fcspartaktrnava.com\/#\/schema\/logo\/image\/","url":"https:\/\/fcspartaktrnava.com\/wp-content\/uploads\/2022\/08\/cropped-site_logo.png","contentUrl":"https:\/\/fcspartaktrnava.com\/wp-content\/uploads\/2022\/08\/cropped-site_logo.png","width":140,"height":140,"caption":"FC Spartak Trnava"},"image":{"@id":"https:\/\/fcspartaktrnava.com\/#\/schema\/logo\/image\/"},"sameAs":["https:\/\/www.facebook.com\/SpartakTrnava","https:\/\/x.com\/SpartakTrnava1","https:\/\/www.instagram.com\/spartak_sk\/"]},{"@type":"Person","@id":"https:\/\/fcspartaktrnava.com\/#\/schema\/person\/24bc5b254af14f71d7d8af178790aa75","name":"spartak","image":{"@type":"ImageObject","inLanguage":"en-GB","@id":"https:\/\/fcspartaktrnava.com\/#\/schema\/person\/image\/","url":"https:\/\/secure.gravatar.com\/avatar\/f8ff8584f3fcf3909a11a6da9019f37749183b4015bca14e64556c52614cdc7f?s=96&d=mm&r=g","contentUrl":"https:\/\/secure.gravatar.com\/avatar\/f8ff8584f3fcf3909a11a6da9019f37749183b4015bca14e64556c52614cdc7f?s=96&d=mm&r=g","caption":"spartak"},"url":"https:\/\/fcspartaktrnava.com\/en\/author\/spartak\/"}]}},"_links":{"self":[{"href":"https:\/\/fcspartaktrnava.com\/en\/wp-json\/wp\/v2\/posts\/9289","targetHints":{"allow":["GET"]}}],"collection":[{"href":"https:\/\/fcspartaktrnava.com\/en\/wp-json\/wp\/v2\/posts"}],"about":[{"href":"https:\/\/fcspartaktrnava.com\/en\/wp-json\/wp\/v2\/types\/post"}],"author":[{"embeddable":true,"href":"https:\/\/fcspartaktrnava.com\/en\/wp-json\/wp\/v2\/users\/2"}],"replies":[{"embeddable":true,"href":"https:\/\/fcspartaktrnava.com\/en\/wp-json\/wp\/v2\/comments?post=9289"}],"version-history":[{"count":0,"href":"https:\/\/fcspartaktrnava.com\/en\/wp-json\/wp\/v2\/posts\/9289\/revisions"}],"wp:featuredmedia":[{"embeddable":true,"href":"https:\/\/fcspartaktrnava.com\/en\/wp-json\/wp\/v2\/media\/9290"}],"wp:attachment":[{"href":"https:\/\/fcspartaktrnava.com\/en\/wp-json\/wp\/v2\/media?parent=9289"}],"wp:term":[{"taxonomy":"category","embeddable":true,"href":"https:\/\/fcspartaktrnava.com\/en\/wp-json\/wp\/v2\/categories?post=9289"},{"taxonomy":"post_tag","embeddable":true,"href":"https:\/\/fcspartaktrnava.com\/en\/wp-json\/wp\/v2\/tags?post=9289"}],"curies":[{"name":"wp","href":"https:\/\/api.w.org\/{rel}","templated":true}]}}