{"id":9226,"date":"2023-07-31T10:49:22","date_gmt":"2023-07-31T08:49:22","guid":{"rendered":"https:\/\/fcspartaktrnava.com\/?p=9226"},"modified":"2023-07-31T15:54:31","modified_gmt":"2023-07-31T13:54:31","slug":"spartakovska-mladez-ma-za-sebou-poriadne-nabity-program","status":"publish","type":"post","link":"https:\/\/fcspartaktrnava.com\/en\/spartakovska-mladez-ma-za-sebou-poriadne-nabity-program\/","title":{"rendered":"Spartakovsk\u00e1 ml\u00e1de\u017e m\u00e1 za sebou poriadne nabit\u00fd program"},"content":{"rendered":"<p><strong>FC Ban\u00edk Ostrava U19 \u2013 FC Spartak Trnava U19 6:1 (1:0)<\/strong><\/p>\n\n\n\n<p>V&nbsp;konfront\u00e1cii najstar\u0161\u00edch ml\u00e1de\u017en\u00edckych kateg\u00f3ri\u00ed ok\u00fasila na\u0161a dev\u00e4tn\u00e1stka silu Ban\u00edka z&nbsp;Ostravy. Po pol\u010das viedol \u010desk\u00fd v\u00fdber najtesnej\u0161\u00edm rozdielom, ale po v\u00fdmene str\u00e1n sme inkasovali a\u017e p\u00e4\u0165 g\u00f3lov.<\/p>\n\n\n\n<p><strong>FCST U19: <\/strong>Smie\u0161ko \u2013 Krchn\u00e1r, Turo\u0148, U\u0161\u010denko, \u010cavojsk\u00fd \u2013 Horn\u00edk, Karhan, Adamkovi\u010d \u2013 Lipovsk\u00fd, Hesko, Mas\u00e1r (Fuka, \u0160ebek, \u010eatel, Paulen, Moln\u00e1r, Trivunovi\u010d, Henyig)<\/p>\n\n\n\n<p><strong>Goals: <\/strong>Henyig<\/p>\n\n\n\n<p><strong>Peter Ga\u017ei: \u201e<\/strong>Do z\u00e1pasu sme nast\u00fapili bez d\u00f4le\u017eit\u00fdch hr\u00e1\u010dov na k\u013e\u00fa\u010dov\u00fdch poz\u00edci\u00e1ch. V&nbsp;defenz\u00edve sme spravili mno\u017estvo ch\u00fdb a&nbsp;prehrali sme ve\u013ea s\u00fabojov \u010di v&nbsp;strede, alebo na krajoch. Inkasovali sme \u0161es\u0165 g\u00f3lov, mohli sme e\u0161te v\u00fdrazne viac. V&nbsp;ofenz\u00edve sme nevedeli podr\u017ea\u0165 loptu v&nbsp;centr\u00e1lnych priestoroch. V&nbsp;z\u00e1pase sme mohli vidie\u0165, s&nbsp;k\u00fdm nem\u00f4\u017eeme do bud\u00facna po\u010d\u00edta\u0165.<strong>\u201c<\/strong><\/p>\n\n\n\n<p><strong>FC Ban\u00edk Ostrava U18 \u2013 FC Spartak Trnava U17 2:1 (1:1)<\/strong><\/p>\n\n\n\n<p>Sedemn\u00e1stka odohrala z\u00e1pas proti o rok star\u0161iemu ostravsk\u00e9mu v\u00fdberu. Napriek fyzickej v\u00fdhode zv\u00ed\u0165azili dom\u00e1ci iba o&nbsp;g\u00f3l.<\/p>\n\n\n\n<p><strong>FCST U17: <\/strong>H\u00faska \u2013 Velick\u00fd, Kraj\u010d\u00ed, Pristach, Bohmer, Kozachok, Pta\u010d\u00edn, Bug\u00e1r, Kocian, Priecel, Bukovsk\u00fd (Turansk\u00fd, Daniel, Konopka, Duchovi\u010d, Halada, Kubovi\u010d)<\/p>\n\n\n\n<p><strong>Goals: <\/strong>Bukovsk\u00fd<\/p>\n\n\n\n<p><strong>Patrik Mal\u00fd: \u201eV z\u00e1pase proti star\u0161ej kateg\u00f3rii sme sa uk\u00e1zali v&nbsp;pozit\u00edvnom svetle. Jedin\u00e9, \u010do n\u00e1s mrz\u00ed na z\u00e1pase, je kone\u010dn\u00fd v\u00fdsledok. Av\u0161ak proti fyzicky vyspelej\u0161iemu mu\u017estvu sme odohrali ve\u013emi dobr\u00fd z\u00e1pas. P\u00f4sobili sme organizovane a&nbsp;najm\u00e4 hr\u00e1\u010di predviedli ve\u013ea vec\u00ed, ktor\u00fdm sme sa venovali v&nbsp;tr\u00e9ningovom procese. Na druhej strane, mus\u00edme zv\u00fd\u0161i\u0165 efektivitu a&nbsp;zjednodu\u0161i\u0165 hru vo fin\u00e1lnej z\u00f3ne, nako\u013eko sme mali za stavu 1:1 dostatok pr\u00edle\u017eitost\u00ed zlomi\u0165 v\u00fdsledok na na\u0161u stranu.\u201c<\/strong><\/p>\n\n\n\n<p><strong>FC Spartak Trnava U16 \u2013 FC Ban\u00edk Ostrava U16 4:1 (2:1)<\/strong><\/p>\n\n\n\n<p>Z&nbsp;t\u00edmov dorastencov sa ako jedin\u00fdm podarilo zdola\u0165 Ban\u00edk Ostravu hr\u00e1\u010dom do 16 rokov. T\u00ed nastrie\u013eali \u010desk\u00e9mu s\u00faperovi v&nbsp;oboch pol\u010das zhodne po dva g\u00f3ly a&nbsp;zasl\u00fa\u017eene vyhrali rozdielom triedy 4:1.<\/p>\n\n\n\n<p><strong>FCST U16: <\/strong>Va\u010dok \u2013 Petrovi\u010d, Pittel, No\u0161ka, Rep\u00e1\u0148 \u2013 Benkovsk\u00fd, Vlha, Melia \u2013 Flimmel, Terenkov, Pol\u0165\u00e1k (Vete\u0161ka \u2013 \u0160tev\u00edk, Tejzr, Ma\u0165o, Sobota, Tittel, Redenkovi\u010d)<\/p>\n\n\n\n<p><strong>Goals: <\/strong>Melia, No\u0161ka, Rep\u00e1\u0148, Sobota<\/p>\n\n\n\n<p><strong>Adam Chorvath: \u201eOdohrali sme fyzicky ve\u013emi n\u00e1ro\u010dn\u00fd z\u00e1pas proti s\u00faperovi, ktor\u00fd m\u00e1 naozaj vysok\u00fa kvalitu. Podali sme ve\u013emi dobr\u00fd bojovn\u00fd v\u00fdkon v&nbsp;defenz\u00edve a&nbsp;pridali sme aj kvalitu v&nbsp;\u00fato\u010dnej f\u00e1ze, mali sme viacero r\u00fdchlych prechodov, po ktor\u00fdch sme boli nebezpe\u010dn\u00ed. Celkovo to bol vyrovnan\u00fd z\u00e1pas, no my sme si vytvorili viac \u010dist\u00fdch g\u00f3lov\u00fdch pr\u00edle\u017eitost\u00ed a&nbsp;boli sme aj dostato\u010dne efekt\u00edvni. Chalani si siahli na dno s\u00edl a&nbsp;zasl\u00fa\u017eene zv\u00ed\u0165azili. Ver\u00edm, \u017ee n\u00e1m toto v\u00ed\u0165azstvo dod\u00e1 e\u0161te v\u00e4\u010d\u0161ie sebavedomie do \u010fal\u0161\u00edch z\u00e1pasov.\u201c<\/strong><\/p>\n\n\n\n<p><strong>FC Spartak Trnava U15 \u2013 FK Hodon\u00edn U15 1:2 (0:0)<\/strong><\/p>\n\n\n\n<p>Na najstar\u0161iu \u017eiacku kateg\u00f3riu \u010dakal po\u010das uplynul\u00fdch siedmich dn\u00ed anglick\u00fd t\u00fd\u017ede\u0148 proti \u010desk\u00fdm s\u00faperom. V&nbsp;prvom z\u00e1pase si zverenci Tom\u00e1\u0161a K\u00e1nika zmerali sily s&nbsp;Hodon\u00ednom, s&nbsp;ktor\u00fdm s\u00edce vyhr\u00e1vali 1:0, no zo z\u00e1pasu napokon odch\u00e1dzali so sklonen\u00fdmi hlavami.<\/p>\n\n\n\n<p><strong>FCST U15:<\/strong><\/p>\n\n\n\n<p><strong>Goals: <\/strong>Mar\u010di\u0161<\/p>\n\n\n\n<p><strong>Tom\u00e1\u0161 K\u00e1nik: \u201eV strede druh\u00e9ho t\u00fd\u017ed\u0148a pr\u00edpravy sme mali mo\u017enos\u0165 odohra\u0165 pr\u00edpravn\u00fd z\u00e1pas s&nbsp;\u010desk\u00fdm s\u00faperom. Za\u010diatok z\u00e1pasu sme mali slab\u0161\u00ed a&nbsp;chv\u00ed\u013eu n\u00e1m trvalo, k\u00fdm sme sa dostali do hry. Zatia\u013e za najv\u00e4\u010d\u0161iu slabinu n\u00e1\u0161ho t\u00edmu pova\u017eujem kombina\u010dn\u00fa hru kr\u00e1tkymi prihr\u00e1vkami, kde m\u00e1me pr\u00edli\u0161 ve\u013ek\u00fa chybovos\u0165. V&nbsp;prvom pol\u010dase zahodili obidva t\u00edmy svoje pr\u00edle\u017eitosti. V&nbsp;druhom sa obraz hry zmenil, s\u00faper u\u017e br\u00e1nil v\u00e4\u010d\u0161inou v&nbsp;hlbokom bloku a my sme mali vysok\u00e9 dr\u017eanie lopty na jeho polovici. Po peknej akcii sme i\u0161li do vedenia, ale Hodon\u00edn z&nbsp;dvoch proti\u00fatokov z\u00e1pas oto\u010dil a&nbsp;my sme u\u017e nedok\u00e1zali reagova\u0165.\u201c<\/strong><\/p>\n\n\n\n<p><strong>FC Spartak Trnava U15 \u2013 FC Ban\u00edk Ostrava U15 0:6 (0:2)<\/strong><\/p>\n\n\n\n<p>Z\u00e1pas proti Ban\u00edku mal jednozna\u010dnej\u0161\u00ed v\u00fdsledok. N\u00e1\u0161 \u010desk\u00fd s\u00faper n\u00e1s prev\u00fd\u0161il vo v\u00e4\u010d\u0161ine hern\u00fdch \u010dinnost\u00ed, \u010domu zodpoved\u00e1 aj kone\u010dn\u00e9 sk\u00f3re z\u00e1pasu.<\/p>\n\n\n\n<p><strong>FCST U15:<\/strong><\/p>\n\n\n\n<p><strong>Tom\u00e1\u0161 K\u00e1nik: \u201eZ\u00e1pas proti Ban\u00edku Ostrava by som rozdelil na dve polovice. Do pribli\u017ene 50. min\u00faty sa hral zauj\u00edmav\u00fd z\u00e1pas z&nbsp;oboch str\u00e1n, my sme na rozdiel od s\u00fapera ale svoje pr\u00edle\u017eitosti nevyu\u017eili a&nbsp;prehr\u00e1vali sme o&nbsp;dva g\u00f3ly. Dobr\u00e9 veci sme uk\u00e1zali hlavne vo veden\u00ed \u00fatoku, ktor\u00e9 sme \u010dasto dok\u00e1zali pretavi\u0165 aj do zakon\u010denia. Tam n\u00e1m ale v\u017edy ch\u00fdbalo kvalitnej\u0161ie rie\u0161enie. Dobre n\u00e1m fungoval aj vysok\u00fd pressing, kde sme \u010dasto z\u00edskavali loptu v&nbsp;nebezpe\u010dn\u00fdch priestoroch. Po viacer\u00fdch striedaniach na na\u0161ej strane sa n\u00e1m ale \u00faplne rozsypal hern\u00fd syst\u00e9m a u\u017e n\u00e1m nefungovalo v\u00f4bec ni\u010d, \u010do s\u00faper pretavil do vysok\u00e9ho v\u00ed\u0165azstva. St\u00e1le n\u00e1s tr\u00e1pi ni\u017e\u0161ia kvalita v&nbsp;dr\u017ean\u00ed lopty, kde sa hlavne po na\u0161ich nepochopite\u013en\u00fdch strat\u00e1ch s\u00faper dost\u00e1val priamo\u010diarymi akciami do \u0161anc\u00ed. Takisto budeme pracova\u0165 na tom, \u017ee aj ke\u010f m\u00e1me loptu v&nbsp;dr\u017ean\u00ed, mus\u00edme by\u0165 st\u00e1le pripraven\u00ed na pr\u00edpadn\u00fa stratu a&nbsp;ma\u0165 lep\u0161ie v\u00fdchodiskov\u00e9 postavenie pre br\u00e1nenie \u00fatoku s\u00fapera.\u201c<\/strong><\/p>\n\n\n\n<p><strong>FC Spartak Trnava U14 \u2013 FK Hodon\u00edn U14 10:1 (4:0)<\/strong><\/p>\n\n\n\n<p>V&nbsp;stredu si s&nbsp;Hodon\u00ednom zmerali sily aj \u017eiaci do 14 rokov, ktor\u00ed svojmu s\u00faperovi nedali najmen\u0161iu \u0161ancu. Z\u00e1pas vyhrali vysoko 10:1.<\/p>\n\n\n\n<p><strong>FCST U14: <\/strong>Vlkovi\u010d, Volen\u00edk \u2013 Bo\u0161ansk\u00fd, \u010euri\u0161, Lenghardt, Kalam\u00e1r, Dreven\u00e1k, B\u00f6hmer, Martinkovi\u010d, Rak\u00fas, Bo\u0161ka, Feni\u010d, Zaj\u00e1no\u0161, Pokus, \u010eurian, Kr\u00e1\u013eovi\u010d, Kasan<\/p>\n\n\n\n<p><strong>Goals: <\/strong>2x Kasan, Martinkovi\u010d, Lenghardt, Zaj\u00e1no\u0161, \u010eurian, Pokus, Kr\u00e1\u013eovi\u010d, Kalam\u00e1r, Feni\u010d<\/p>\n\n\n\n<p><strong>Oliver Burian: \u201ePrv\u00fd pr\u00edpravn\u00fd z\u00e1pas bol jednozna\u010dne v&nbsp;na\u0161ej r\u00e9\u017eii. S\u00fapera sme prev\u00fd\u0161ili vo v\u0161etk\u00fdch smeroch, r\u00fdchlo a&nbsp;kvalitne sme kombinovali a&nbsp;vytv\u00e1rali sme si naozaj \u00factyhodn\u00e9 mno\u017estvo \u0161anc\u00ed. Mrzie\u0165 n\u00e1s m\u00f4\u017ee paradoxne v\u00fdsledn\u00e1 efektivita, kedy sme \u010dastokr\u00e1t volili zl\u00e9 rie\u0161enia a&nbsp;kedy n\u00e1m ch\u00fdbalo zachovanie v\u00e4\u010d\u0161ieho pokoja a&nbsp;rozvahy. So z\u00e1pasom a&nbsp;v\u00fdkonom som v\u0161ak spokojn\u00fd a&nbsp;ver\u00edm, \u017ee na\u0148 nadvia\u017eeme aj do \u010fal\u0161ieho tr\u00e9ningov\u00e9ho procesu.\u201c<\/strong><\/p>\n\n\n\n<p>Dva dni po z\u00e1pase s&nbsp;Hodon\u00ednom cestovala \u0161trn\u00e1stka na medzin\u00e1rodn\u00fd turnaj do Hradca Kr\u00e1lov\u00e9. V&nbsp;konkurencii 24 t\u00edmov obsadili mlad\u00ed spartakovci v\u00fdborn\u00e9 2. miesto, ke\u010f mali \u00factyhodn\u00e9 sk\u00f3re 31:2.<\/p>\n\n\n\n<p><strong>Skupina:<\/strong><\/p>\n\n\n\n<p>FCST \u2013 FC Hradec Kr\u00e1lov\u00e9 0:0<\/p>\n\n\n\n<p>FCST \u2013 FC ViOn Zlat\u00e9 Moravce 4:0<\/p>\n\n\n\n<p>FCST \u2013 FC Ban\u00edk Ostrava 1:0<\/p>\n\n\n\n<p>FCST \u2013 T\u0159eb\u00ed\u010d FA 7:1<\/p>\n\n\n\n<p>FCST \u2013 FK Ban\u00edk Most-Sou\u0161 8:0<\/p>\n\n\n\n<p><strong>Fin\u00e1lov\u00e1 skupina:<\/strong><\/p>\n\n\n\n<p>FCST \u2013 FK Mlad\u00e1 Boleslav 0:1<\/p>\n\n\n\n<p>FCST \u2013 AC Sparta Praha 2:0<\/p>\n\n\n\n<p>FCST \u2013 FC Zbrojovka Brno 6:0<\/p>\n\n\n\n<p>FCST \u2013 FC T\u00e1borsko akademie 1:0<\/p>\n\n\n\n<p>FCST \u2013 1. FC Slov\u00e1cko 2:0<\/p>\n\n\n\n<p><strong>FCST U14: <\/strong>Vlkovi\u010d \u2013 Bo\u0161ansk\u00fd, \u010euri\u0161, Lenghardt, Kalam\u00e1r, Dreven\u00e1k, B\u00f6hmer, Martinkovi\u010d, Rak\u00fas, Bo\u0161ka, Feni\u010d, Zaj\u00e1no\u0161, Holb\u00edk, \u0160tip\u010d\u00e1k, Pokus, \u010eurian, Kr\u00e1\u013eovi\u010d, Kasan<\/p>\n\n\n\n<p><strong>Oliver Burian: \u201eCez v\u00edkend sme odohrali naozaj ve\u013emi kvalitn\u00fd turnaj, kde sme sa porovnali s&nbsp;\u010deskou futbalovou \u0161pi\u010dkou. Obst\u00e1li sme viac ako dobre, ke\u010f sa n\u00e1m herne aj v\u00fdsledkovo darilo. V&nbsp;podstate sa ka\u017ed\u00fd jeden z\u00e1pas niesol v&nbsp;znamen\u00ed na\u0161ej hernej dominancie a&nbsp;s\u00faper len m\u00e1lokr\u00e1t dostal mo\u017enos\u0165 prejs\u0165 na na\u0161u obrann\u00fa polovicu ihriska. Za cel\u00fd turnaj sme pustili s\u00fapera k&nbsp;trom strel\u00e1m na na\u0161u br\u00e1nku, za \u010do si zasl\u00fa\u017ei na\u0161a defenz\u00edvna pr\u00e1ca cel\u00e9ho mu\u017estva obrovsk\u00fa pochvalu. V&nbsp;ofenz\u00edve sme boli dostato\u010dne r\u00fdchli, presn\u00ed a&nbsp;priamo\u010diari a&nbsp;tak sme si dok\u00e1zali v&nbsp;ka\u017edom z\u00e1pase vytvori\u0165 ve\u013ek\u00fd po\u010det \u0161anc\u00ed. V&nbsp;z\u00e1pase, kde sme stratili body k&nbsp;celkov\u00e9mu prvenstvu, n\u00e1s m\u00f4\u017ee mrzie\u0165 len na\u0161a efektivita, kedy sme mali s&nbsp;Mladou Boleslavou minim\u00e1lne 5 \u010dist\u00fdch g\u00f3lov\u00fdch \u0161anc\u00ed a&nbsp;s\u00faper n\u00e1m dal g\u00f3l z&nbsp;jedin\u00e9ho stretu s&nbsp;na\u0161ou obrannou polovicou. Celkovo v\u0161ak hodnot\u00edm turnaj ve\u013emi pozit\u00edvne, predviedli sme v\u00fdborn\u00e9 v\u00fdkony \u010di u\u017e individu\u00e1lne, ale aj t\u00edmov\u00fd a&nbsp;ver\u00edm, \u017ee to bude sl\u00fa\u017ei\u0165 ako pomyseln\u00fd motor do \u010fal\u0161ej pr\u00e1ce a&nbsp;postupn\u00e9ho systematick\u00e9ho napredovania.<\/strong><\/p>\n\n\n<div class=\"wp-block-image\">\n<figure class=\"aligncenter size-large is-resized\"><img loading=\"lazy\" decoding=\"async\" src=\"https:\/\/fcspartaktrnava.com\/wp-content\/uploads\/2023\/07\/original-8FE4612D-4DBF-4649-A46C-BA177A2B91C6.jpeg-768x1024.jpeg\" alt=\"\" class=\"wp-image-9228\" width=\"519\" height=\"692\" srcset=\"https:\/\/fcspartaktrnava.com\/wp-content\/uploads\/2023\/07\/original-8FE4612D-4DBF-4649-A46C-BA177A2B91C6.jpeg-768x1024.jpeg 768w, https:\/\/fcspartaktrnava.com\/wp-content\/uploads\/2023\/07\/original-8FE4612D-4DBF-4649-A46C-BA177A2B91C6.jpeg-225x300.jpeg 225w, https:\/\/fcspartaktrnava.com\/wp-content\/uploads\/2023\/07\/original-8FE4612D-4DBF-4649-A46C-BA177A2B91C6.jpeg-1152x1536.jpeg 1152w, https:\/\/fcspartaktrnava.com\/wp-content\/uploads\/2023\/07\/original-8FE4612D-4DBF-4649-A46C-BA177A2B91C6.jpeg-9x12.jpeg 9w, https:\/\/fcspartaktrnava.com\/wp-content\/uploads\/2023\/07\/original-8FE4612D-4DBF-4649-A46C-BA177A2B91C6.jpeg.jpeg 1536w\" sizes=\"auto, (max-width: 519px) 100vw, 519px\" \/><\/figure>\n<\/div>\n\n\n<p><strong>FC Slovan Hlohovec U13 \u2013 FC Spartak Trnava U13 2:15 (0:7)<\/strong><\/p>\n\n\n\n<p>P\u00f4vodne mali napl\u00e1novan\u00e9 \u017eiaci do trin\u00e1s\u0165 rokov dva pr\u00edpravn\u00e9 z\u00e1pasy, z&nbsp;ktor\u00fdch sa napokon uskuto\u010dnil iba ten v&nbsp;Hlohovci. S&nbsp;mu\u017estvom z&nbsp;ni\u017e\u0161ej s\u00fa\u0165a\u017ee si na\u0161i hr\u00e1\u010di poradili bez v\u00e4\u010d\u0161\u00edch probl\u00e9mov.<\/p>\n\n\n\n<p><strong>FCST U13: <\/strong>Trebatick\u00fd \u2013 Li\u010d\u00e1k, Mar\u010di\u0161, Mego, \u0160matl\u00e1nek, Tan\u010dokov\u00e1, Ujv\u00e1ry, Miklovi\u010d, Hrazd\u00e1lek, Pie\u0161\u0165ansk\u00fd, Junas (Krchn\u00e1k \u2013 Rep\u00e1\u0148, Koll\u00e1r, Pol\u00e1\u010dek, Poliak, Kohutovi\u010d, Fojta, \u0160ur\u00edk)<\/p>\n\n\n\n<p><strong>Goals: <\/strong>4x Junas, 2x Fojta, 2x Hrazd\u00edlek, 2x Pie\u0161\u0165ansk\u00fd, Kohutovi\u010d, Ujv\u00e1ry, Koll\u00e1r, Tan\u010dokov\u00e1, \u0160ur\u00edk<\/p>\n\n\n\n<p><strong>Filip N\u00e1dask\u00fd: \u201eV prvom t\u00fd\u017edni letnej pr\u00edpravy sme odohrali z\u00e1pas v&nbsp;Hlohovci, kde sme chceli vidie\u0165 ako s\u00fa na tom chlapci herne po letnej prest\u00e1vke. Taktie\u017e sme mali v&nbsp;mu\u017estve viacero hr\u00e1\u010dov na sk\u00fa\u0161ke, ktor\u00fdch sme chceli vidie\u0165 v&nbsp;z\u00e1pase. Ako u\u017e to vypl\u00fdva z&nbsp;v\u00fdsledku, herne sme dominovali a&nbsp;s\u00fapera sme prehrali vo v\u0161etk\u00fdch hern\u00fdch aspektoch. Taktie\u017e sa n\u00e1m v&nbsp;z\u00e1pase objavili situ\u00e1cie, na ktor\u00e9 si do bud\u00facna mus\u00edme da\u0165 pozor a&nbsp;v&nbsp;tr\u00e9ningovom procese na tom popracova\u0165.\u201c<\/strong><\/p>\n\n\n\n<p>Na rovnakom turnaji ako kateg\u00f3ria U14 sa v&nbsp;Hradci Kr\u00e1lov\u00e9 predstavili aj najmlad\u0161\u00ed \u017eiaci. T\u00ed obsadili v takisto nabitej konkurencii zahrani\u010dn\u00fdch t\u00edmov skvel\u00e9 piate miesto.<\/p>\n\n\n\n<p><strong>Skupina:<\/strong><\/p>\n\n\n\n<p>FCST \u2013 Zaglebia Sosnoviec 2:1<\/p>\n\n\n\n<p>FCST \u2013 FK Ban\u00edk Most-Sou\u0161 7:0<\/p>\n\n\n\n<p>FCST \u2013 FC T\u00e1borsko akademie 2:0<\/p>\n\n\n\n<p>FCST \u2013 FC Zl\u00edn 3:0<\/p>\n\n\n\n<p>FCST \u2013 FK Mlad\u00e1 Boleslav 1:3<\/p>\n\n\n\n<p><strong>Fin\u00e1lov\u00e1 skupina:<\/strong><\/p>\n\n\n\n<p>FCST \u2013 AC Sparta Praha 2:2<\/p>\n\n\n\n<p>FCST \u2013 SK Slavia Praha 2:1<\/p>\n\n\n\n<p>FCST \u2013 FC Hradec Kr\u00e1lov\u00e9 1:3<\/p>\n\n\n\n<p>FCST \u2013 FC Zbrojovka Brno 1:2<\/p>\n\n\n\n<p>FCST \u2013 FK Mlad\u00e1 Boleslav 2:1<\/p>\n\n\n\n<p>FCST \u2013 FC Petr\u017ealka 0:0<\/p>\n\n\n\n<p><strong>FCST U12: <\/strong>Martanovi\u010d, Kamen\u00e1r \u2013 Ba\u0161ty, Llanaj, Franta, B\u00f6hman, Vir\u00e1g, Beli\u010dka, Dul\u00edk, Hutta, Kr\u00e1\u013eovi\u010d, \u010cerve\u0148, August\u00edn, \u0160\u010dasn\u00fd<\/p>\n\n\n\n<p><strong>R\u00f3bert Polakovi\u010d: \u201eMedzin\u00e1rodn\u00fd turnaj n\u00e1m priniesol nie len kvalitn\u00fa konfront\u00e1ciu, ale aj priestor na spozn\u00e1vanie jednotliv\u00fdch hr\u00e1\u010dov. V&nbsp;z\u00e1kladnej skupine sme sa prezentovali akt\u00edvnym pressingom a&nbsp;s\u00faperov sme prehr\u00e1vali v&nbsp;jednotliv\u00fdch hern\u00fdch \u010dinnostiach jednotlivcov. Postup z&nbsp;prv\u00e9ho miesta do fin\u00e1lovej skupiny bol zasl\u00fa\u017een\u00fd. Tam sme mali mo\u017enos\u0165 konfrontova\u0165 sa s&nbsp;kvalitn\u00fdmi \u010desk\u00fdmi s\u00fapermi, kde sme sa ur\u010dite nestratili a&nbsp;zanechali sme dobr\u00fd dojem v\u010faka hernej str\u00e1nke, ktor\u00fa sme ukazovali na ihrisku. Ocenen\u00edm v\u00fdkonu cel\u00e9ho t\u00edmu bola cena pre Mattea Martanovi\u010da pre najlep\u0161ieho brank\u00e1ra turnaja. Prv\u00fd t\u00fd\u017ede\u0148 pr\u00edpravn\u00e9ho obdobia teda m\u00f4\u017eeme hodnoti\u0165 jedine pozit\u00edvne.\u201c<\/strong><\/p>\n\n\n\n<p><strong>FC Ban\u00edk Ostrava WA \u2013 FC Spartak Trnava WA 4:3 (3:0)<\/strong><\/p>\n\n\n\n<p>S&nbsp;B\u00e1nikom Ostrava si okrem \u0161tyroch chlap\u010densk\u00fdch t\u00edmov zmerali sily aj \u017eeny a dorastenky. Trnav\u010danky nevst\u00fapili do z\u00e1pasu v\u00f4bec ide\u00e1lne a&nbsp;prv\u00fd pol\u010das prehrali rozdielom triedy. Po v\u00fdmene str\u00e1n sa im v&nbsp;priebehu p\u00e1r min\u00fat podarilo vyrovna\u0165, no oto\u010dku sa im dokona\u0165 nepodarilo.<\/p>\n\n\n\n<p><strong>FCST WA: <\/strong>Nemochovsk\u00e1 \u2013 Serv\u00e1tkov\u00e1, V. \u010ceriov\u00e1, M. \u010ceriov\u00e1, Belicov\u00e1 \u2013 Cedulov\u00e1, Horv\u00e1thov\u00e1, Trajl\u00ednkov\u00e1 \u2013 Ty\u010diakov\u00e1, Bederkov\u00e1, Tonkovi\u010dov\u00e1<\/p>\n\n\n\n<p><strong>Goals: <\/strong>Tonkovi\u010dov\u00e1, V. \u010ceriov\u00e1, Ty\u010diakov\u00e1<\/p>\n\n\n\n<p><strong>Matej Chocina: \u201eZa\u010diatok z\u00e1pasu bol z&nbsp;na\u0161ej strany nekoncentrovan\u00fd a&nbsp;ve\u013emi rozh\u00e1ran\u00fd. Nevedeli sme n\u00e1js\u0165 svoj rytmus, nedo\u0165ahovali sme jednoduch\u00e9 situ\u00e1cie do konca. Ch\u00fdbal n\u00e1m pohyb na ihrisku a&nbsp;s\u00faper n\u00e1s zasl\u00fa\u017eene potrestal tromi g\u00f3lmi do pol\u010dasu. Druh\u00fd pol\u010das nast\u00fapilo na ihrisko \u00fapln\u00e9 vymenen\u00e9 dru\u017estvo a&nbsp;bolo to hne\u010f c\u00edti\u0165. Za\u010dali sme plni\u0165 na ihrisku veci, ktor\u00e9 sme cez pol\u010das pr\u00edzvukovali. S\u00fapera sme dostupovali, zr\u00fdchlili sme hru a vych\u00e1dzal n\u00e1m pressing pri rozohr\u00e1vke. V&nbsp;priebehu 15 min\u00fat sa n\u00e1m podarilo vyrovna\u0165 na 3:3 a&nbsp;pokojne sme pri troche \u0161\u0165astia mohli z\u00e1pas \u00faplne oto\u010di\u0165. V&nbsp;z\u00e1vere sme v\u0161ak op\u00e4\u0165 \u013eahko inkasovali a&nbsp;vyrovna\u0165 sme u\u017e nedok\u00e1zali. Bol to z\u00e1pas dvoch rozdielnych pol\u010dasov a&nbsp;treba, aby sme sa pou\u010dili z&nbsp;vlastn\u00fdch ch\u00fdb a&nbsp;na\u010falej na tr\u00e9ningoch tvrdo pracovali. Za druh\u00fd pol\u010das si diev\u010dat\u00e1 zasl\u00fa\u017eia pochvalu.\u201c<\/strong><\/p>\n\n\n\n<p><strong>FC Ban\u00edk Ostrava WU19 \u2013 FC Spartak Trnava WU19 1:0 (1:0)<\/strong><\/p>\n\n\n\n<p>Recept na Ban\u00edk nena\u0161li ani dorastenky, ktor\u00e9, podobne ako \u017eeny, prehrali najtesnej\u0161\u00edm rozdielom. V&nbsp;tomto pr\u00edpade bol v\u0161ak z\u00e1pas chudobnej\u0161\u00ed na g\u00f3ly. Ten padol iba jeden, bohu\u017eia\u013e, do trnavskej br\u00e1ny.<\/p>\n\n\n\n<p><strong>FCST WU19: <\/strong>Bukrotinov\u00e1 \u2013 Barutov\u00e1, Rehn\u00e1kov\u00e1, Stankov\u00e1, Horv\u00e1tov\u00e1 \u2013 Kri\u0161tofiakov\u00e1, Pol\u00e1\u010dkov\u00e1, Kr\u00fapov\u00e1 \u2013 Eckerov\u00e1, Hal\u00e1sov\u00e1, G\u00e1likov\u00e1 (Nemochovsk\u00e1 \u2013 H. Ba\u010d\u00edkov\u00e1, E. Ba\u010d\u00edkov\u00e1, Volekov\u00e1, Lehock\u00e1)<\/p>\n\n\n\n<p><strong>Vikt\u00f3ria \u010ceriov\u00e1: \u201eV sobotu sme odohrali n\u00e1\u0161 prv\u00fd pr\u00edpravn\u00fd z\u00e1pas s&nbsp;Ban\u00edkom Ostrava. V&nbsp;takomto zlo\u017een\u00ed sa diev\u010dat\u00e1 v&nbsp;z\u00e1pase videli prv\u00fdkr\u00e1t, ke\u010f\u017ee k&nbsp;n\u00e1m do t\u00edmu zav\u00edtali posily a&nbsp;taktie\u017e kon\u010diace hr\u00e1\u010dky zo \u017eia\u010dok. Pokyny do z\u00e1pasu boli jasn\u00e9, chceli sme sa prezentova\u0165 kon\u0161trukt\u00edvnym futbalom a&nbsp;uplat\u0148ova\u0165 postupn\u00fd \u00fatok, \u010do sa n\u00e1m najm\u00e4 v&nbsp;prvom pol\u010dase darilo. Do druh\u00e9ho pol\u010dasu sme vstupovali za v\u00fdsledku 0:1 po zlom vyst\u00fapen\u00ed proti hr\u00e1\u010dke. Diev\u010dat\u00e1 neust\u00e1le plnili pokyny tr\u00e9nerov a&nbsp;dost\u00e1vali sa do koncoviek. Bohu\u017eia\u013e, ani jedna neskon\u010dila v&nbsp;br\u00e1ne, \u010do znamen\u00e1, \u017ee jedn\u00fdm z&nbsp;prvkov, na ktorom mus\u00edme zapracova\u0165, je zakon\u010denie a&nbsp;zv\u00fd\u0161i\u0165 tak na\u0161u efektivitu.<\/strong><\/p>\n\n\n<div class=\"wp-block-image\">\n<figure class=\"aligncenter size-full is-resized\"><img loading=\"lazy\" decoding=\"async\" src=\"https:\/\/fcspartaktrnava.com\/wp-content\/uploads\/2023\/07\/original-3CEC58AC-E588-4721-B06F-28543A015EFF.jpeg.jpeg\" alt=\"\" class=\"wp-image-9229\" width=\"693\" height=\"454\" srcset=\"https:\/\/fcspartaktrnava.com\/wp-content\/uploads\/2023\/07\/original-3CEC58AC-E588-4721-B06F-28543A015EFF.jpeg.jpeg 924w, https:\/\/fcspartaktrnava.com\/wp-content\/uploads\/2023\/07\/original-3CEC58AC-E588-4721-B06F-28543A015EFF.jpeg-300x197.jpeg 300w, https:\/\/fcspartaktrnava.com\/wp-content\/uploads\/2023\/07\/original-3CEC58AC-E588-4721-B06F-28543A015EFF.jpeg-768x504.jpeg 768w, https:\/\/fcspartaktrnava.com\/wp-content\/uploads\/2023\/07\/original-3CEC58AC-E588-4721-B06F-28543A015EFF.jpeg-18x12.jpeg 18w\" sizes=\"auto, (max-width: 693px) 100vw, 693px\" \/><\/figure>\n<\/div>","protected":false},"excerpt":{"rendered":"<p>FC Ban\u00edk Ostrava U19 \u2013 FC Spartak Trnava&#8230;<\/p>","protected":false},"author":2,"featured_media":9227,"comment_status":"closed","ping_status":"closed","sticky":false,"template":"","format":"standard","meta":{"footnotes":""},"categories":[52,12],"tags":[84,53],"class_list":["post-9226","post","type-post","status-publish","format-standard","has-post-thumbnail","hentry","category-mladez","category-spravy","tag-zeny","tag-mladez","post-number-1"],"yoast_head":"<!-- This site is optimized with the Yoast SEO plugin v27.1.1 - https:\/\/yoast.com\/product\/yoast-seo-wordpress\/ -->\n<title>Spartakovsk\u00e1 ml\u00e1de\u017e m\u00e1 za sebou poriadne nabit\u00fd program - FC Spartak Trnava<\/title>\n<meta name=\"robots\" content=\"index, follow, max-snippet:-1, max-image-preview:large, max-video-preview:-1\" \/>\n<link rel=\"canonical\" href=\"https:\/\/fcspartaktrnava.com\/en\/spartakovska-mladez-ma-za-sebou-poriadne-nabity-program\/\" \/>\n<meta name=\"twitter:label1\" content=\"Written by\" \/>\n\t<meta name=\"twitter:data1\" content=\"spartak\" \/>\n\t<meta name=\"twitter:label2\" content=\"Estimated reading time\" \/>\n\t<meta name=\"twitter:data2\" content=\"11 minutes\" \/>\n<script type=\"application\/ld+json\" class=\"yoast-schema-graph\">{\"@context\":\"https:\/\/schema.org\",\"@graph\":[{\"@type\":\"Article\",\"@id\":\"https:\/\/fcspartaktrnava.com\/spartakovska-mladez-ma-za-sebou-poriadne-nabity-program\/#article\",\"isPartOf\":{\"@id\":\"https:\/\/fcspartaktrnava.com\/spartakovska-mladez-ma-za-sebou-poriadne-nabity-program\/\"},\"author\":{\"name\":\"spartak\",\"@id\":\"https:\/\/fcspartaktrnava.com\/#\/schema\/person\/24bc5b254af14f71d7d8af178790aa75\"},\"headline\":\"Spartakovsk\u00e1 ml\u00e1de\u017e m\u00e1 za sebou poriadne nabit\u00fd program\",\"datePublished\":\"2023-07-31T08:49:22+00:00\",\"dateModified\":\"2023-07-31T13:54:31+00:00\",\"mainEntityOfPage\":{\"@id\":\"https:\/\/fcspartaktrnava.com\/spartakovska-mladez-ma-za-sebou-poriadne-nabity-program\/\"},\"wordCount\":2538,\"publisher\":{\"@id\":\"https:\/\/fcspartaktrnava.com\/#organization\"},\"image\":{\"@id\":\"https:\/\/fcspartaktrnava.com\/spartakovska-mladez-ma-za-sebou-poriadne-nabity-program\/#primaryimage\"},\"thumbnailUrl\":\"https:\/\/fcspartaktrnava.com\/wp-content\/uploads\/2023\/07\/original-9B083768-8776-4FF7-B5F3-18DD443479F0.jpeg.jpeg\",\"keywords\":[\"\u017eeny\",\"ml\u00e1de\u017e\"],\"articleSection\":[\"Ml\u00e1de\u017e\",\"Spr\u00e1vy\"],\"inLanguage\":\"en-GB\"},{\"@type\":\"WebPage\",\"@id\":\"https:\/\/fcspartaktrnava.com\/spartakovska-mladez-ma-za-sebou-poriadne-nabity-program\/\",\"url\":\"https:\/\/fcspartaktrnava.com\/spartakovska-mladez-ma-za-sebou-poriadne-nabity-program\/\",\"name\":\"Spartakovsk\u00e1 ml\u00e1de\u017e m\u00e1 za sebou poriadne nabit\u00fd program - FC Spartak Trnava\",\"isPartOf\":{\"@id\":\"https:\/\/fcspartaktrnava.com\/#website\"},\"primaryImageOfPage\":{\"@id\":\"https:\/\/fcspartaktrnava.com\/spartakovska-mladez-ma-za-sebou-poriadne-nabity-program\/#primaryimage\"},\"image\":{\"@id\":\"https:\/\/fcspartaktrnava.com\/spartakovska-mladez-ma-za-sebou-poriadne-nabity-program\/#primaryimage\"},\"thumbnailUrl\":\"https:\/\/fcspartaktrnava.com\/wp-content\/uploads\/2023\/07\/original-9B083768-8776-4FF7-B5F3-18DD443479F0.jpeg.jpeg\",\"datePublished\":\"2023-07-31T08:49:22+00:00\",\"dateModified\":\"2023-07-31T13:54:31+00:00\",\"breadcrumb\":{\"@id\":\"https:\/\/fcspartaktrnava.com\/spartakovska-mladez-ma-za-sebou-poriadne-nabity-program\/#breadcrumb\"},\"inLanguage\":\"en-GB\",\"potentialAction\":[{\"@type\":\"ReadAction\",\"target\":[\"https:\/\/fcspartaktrnava.com\/spartakovska-mladez-ma-za-sebou-poriadne-nabity-program\/\"]}]},{\"@type\":\"ImageObject\",\"inLanguage\":\"en-GB\",\"@id\":\"https:\/\/fcspartaktrnava.com\/spartakovska-mladez-ma-za-sebou-poriadne-nabity-program\/#primaryimage\",\"url\":\"https:\/\/fcspartaktrnava.com\/wp-content\/uploads\/2023\/07\/original-9B083768-8776-4FF7-B5F3-18DD443479F0.jpeg.jpeg\",\"contentUrl\":\"https:\/\/fcspartaktrnava.com\/wp-content\/uploads\/2023\/07\/original-9B083768-8776-4FF7-B5F3-18DD443479F0.jpeg.jpeg\",\"width\":2048,\"height\":1536},{\"@type\":\"BreadcrumbList\",\"@id\":\"https:\/\/fcspartaktrnava.com\/spartakovska-mladez-ma-za-sebou-poriadne-nabity-program\/#breadcrumb\",\"itemListElement\":[{\"@type\":\"ListItem\",\"position\":1,\"name\":\"Home\",\"item\":\"https:\/\/fcspartaktrnava.com\/\"},{\"@type\":\"ListItem\",\"position\":2,\"name\":\"Spartakovsk\u00e1 ml\u00e1de\u017e m\u00e1 za sebou poriadne nabit\u00fd program\"}]},{\"@type\":\"WebSite\",\"@id\":\"https:\/\/fcspartaktrnava.com\/#website\",\"url\":\"https:\/\/fcspartaktrnava.com\/\",\"name\":\"FC Spartak Trnava\",\"description\":\"ofici\u00e1lna webstr\u00e1nka futbalov\u00e9ho klubu\",\"publisher\":{\"@id\":\"https:\/\/fcspartaktrnava.com\/#organization\"},\"potentialAction\":[{\"@type\":\"SearchAction\",\"target\":{\"@type\":\"EntryPoint\",\"urlTemplate\":\"https:\/\/fcspartaktrnava.com\/?s={search_term_string}\"},\"query-input\":{\"@type\":\"PropertyValueSpecification\",\"valueRequired\":true,\"valueName\":\"search_term_string\"}}],\"inLanguage\":\"en-GB\"},{\"@type\":\"Organization\",\"@id\":\"https:\/\/fcspartaktrnava.com\/#organization\",\"name\":\"FC Spartak Trnava\",\"alternateName\":\"Spartak\",\"url\":\"https:\/\/fcspartaktrnava.com\/\",\"logo\":{\"@type\":\"ImageObject\",\"inLanguage\":\"en-GB\",\"@id\":\"https:\/\/fcspartaktrnava.com\/#\/schema\/logo\/image\/\",\"url\":\"https:\/\/fcspartaktrnava.com\/wp-content\/uploads\/2022\/08\/cropped-site_logo.png\",\"contentUrl\":\"https:\/\/fcspartaktrnava.com\/wp-content\/uploads\/2022\/08\/cropped-site_logo.png\",\"width\":140,\"height\":140,\"caption\":\"FC Spartak Trnava\"},\"image\":{\"@id\":\"https:\/\/fcspartaktrnava.com\/#\/schema\/logo\/image\/\"},\"sameAs\":[\"https:\/\/www.facebook.com\/SpartakTrnava\",\"https:\/\/x.com\/SpartakTrnava1\",\"https:\/\/www.instagram.com\/spartak_sk\/\"]},{\"@type\":\"Person\",\"@id\":\"https:\/\/fcspartaktrnava.com\/#\/schema\/person\/24bc5b254af14f71d7d8af178790aa75\",\"name\":\"spartak\",\"image\":{\"@type\":\"ImageObject\",\"inLanguage\":\"en-GB\",\"@id\":\"https:\/\/fcspartaktrnava.com\/#\/schema\/person\/image\/\",\"url\":\"https:\/\/secure.gravatar.com\/avatar\/f8ff8584f3fcf3909a11a6da9019f37749183b4015bca14e64556c52614cdc7f?s=96&d=mm&r=g\",\"contentUrl\":\"https:\/\/secure.gravatar.com\/avatar\/f8ff8584f3fcf3909a11a6da9019f37749183b4015bca14e64556c52614cdc7f?s=96&d=mm&r=g\",\"caption\":\"spartak\"},\"url\":\"https:\/\/fcspartaktrnava.com\/en\/author\/spartak\/\"}]}<\/script>\n<!-- \/ Yoast SEO plugin. -->","yoast_head_json":{"title":"Spartakovsk\u00e1 ml\u00e1de\u017e m\u00e1 za sebou poriadne nabit\u00fd program - FC Spartak Trnava","robots":{"index":"index","follow":"follow","max-snippet":"max-snippet:-1","max-image-preview":"max-image-preview:large","max-video-preview":"max-video-preview:-1"},"canonical":"https:\/\/fcspartaktrnava.com\/en\/spartakovska-mladez-ma-za-sebou-poriadne-nabity-program\/","twitter_misc":{"Written by":"spartak","Estimated reading time":"11 minutes"},"schema":{"@context":"https:\/\/schema.org","@graph":[{"@type":"Article","@id":"https:\/\/fcspartaktrnava.com\/spartakovska-mladez-ma-za-sebou-poriadne-nabity-program\/#article","isPartOf":{"@id":"https:\/\/fcspartaktrnava.com\/spartakovska-mladez-ma-za-sebou-poriadne-nabity-program\/"},"author":{"name":"spartak","@id":"https:\/\/fcspartaktrnava.com\/#\/schema\/person\/24bc5b254af14f71d7d8af178790aa75"},"headline":"Spartakovsk\u00e1 ml\u00e1de\u017e m\u00e1 za sebou poriadne nabit\u00fd program","datePublished":"2023-07-31T08:49:22+00:00","dateModified":"2023-07-31T13:54:31+00:00","mainEntityOfPage":{"@id":"https:\/\/fcspartaktrnava.com\/spartakovska-mladez-ma-za-sebou-poriadne-nabity-program\/"},"wordCount":2538,"publisher":{"@id":"https:\/\/fcspartaktrnava.com\/#organization"},"image":{"@id":"https:\/\/fcspartaktrnava.com\/spartakovska-mladez-ma-za-sebou-poriadne-nabity-program\/#primaryimage"},"thumbnailUrl":"https:\/\/fcspartaktrnava.com\/wp-content\/uploads\/2023\/07\/original-9B083768-8776-4FF7-B5F3-18DD443479F0.jpeg.jpeg","keywords":["\u017eeny","ml\u00e1de\u017e"],"articleSection":["Ml\u00e1de\u017e","Spr\u00e1vy"],"inLanguage":"en-GB"},{"@type":"WebPage","@id":"https:\/\/fcspartaktrnava.com\/spartakovska-mladez-ma-za-sebou-poriadne-nabity-program\/","url":"https:\/\/fcspartaktrnava.com\/spartakovska-mladez-ma-za-sebou-poriadne-nabity-program\/","name":"Spartakovsk\u00e1 ml\u00e1de\u017e m\u00e1 za sebou poriadne nabit\u00fd program - FC Spartak Trnava","isPartOf":{"@id":"https:\/\/fcspartaktrnava.com\/#website"},"primaryImageOfPage":{"@id":"https:\/\/fcspartaktrnava.com\/spartakovska-mladez-ma-za-sebou-poriadne-nabity-program\/#primaryimage"},"image":{"@id":"https:\/\/fcspartaktrnava.com\/spartakovska-mladez-ma-za-sebou-poriadne-nabity-program\/#primaryimage"},"thumbnailUrl":"https:\/\/fcspartaktrnava.com\/wp-content\/uploads\/2023\/07\/original-9B083768-8776-4FF7-B5F3-18DD443479F0.jpeg.jpeg","datePublished":"2023-07-31T08:49:22+00:00","dateModified":"2023-07-31T13:54:31+00:00","breadcrumb":{"@id":"https:\/\/fcspartaktrnava.com\/spartakovska-mladez-ma-za-sebou-poriadne-nabity-program\/#breadcrumb"},"inLanguage":"en-GB","potentialAction":[{"@type":"ReadAction","target":["https:\/\/fcspartaktrnava.com\/spartakovska-mladez-ma-za-sebou-poriadne-nabity-program\/"]}]},{"@type":"ImageObject","inLanguage":"en-GB","@id":"https:\/\/fcspartaktrnava.com\/spartakovska-mladez-ma-za-sebou-poriadne-nabity-program\/#primaryimage","url":"https:\/\/fcspartaktrnava.com\/wp-content\/uploads\/2023\/07\/original-9B083768-8776-4FF7-B5F3-18DD443479F0.jpeg.jpeg","contentUrl":"https:\/\/fcspartaktrnava.com\/wp-content\/uploads\/2023\/07\/original-9B083768-8776-4FF7-B5F3-18DD443479F0.jpeg.jpeg","width":2048,"height":1536},{"@type":"BreadcrumbList","@id":"https:\/\/fcspartaktrnava.com\/spartakovska-mladez-ma-za-sebou-poriadne-nabity-program\/#breadcrumb","itemListElement":[{"@type":"ListItem","position":1,"name":"Home","item":"https:\/\/fcspartaktrnava.com\/"},{"@type":"ListItem","position":2,"name":"Spartakovsk\u00e1 ml\u00e1de\u017e m\u00e1 za sebou poriadne nabit\u00fd program"}]},{"@type":"WebSite","@id":"https:\/\/fcspartaktrnava.com\/#website","url":"https:\/\/fcspartaktrnava.com\/","name":"FC Spartak Trnava","description":"ofici\u00e1lna webstr\u00e1nka futbalov\u00e9ho klubu","publisher":{"@id":"https:\/\/fcspartaktrnava.com\/#organization"},"potentialAction":[{"@type":"SearchAction","target":{"@type":"EntryPoint","urlTemplate":"https:\/\/fcspartaktrnava.com\/?s={search_term_string}"},"query-input":{"@type":"PropertyValueSpecification","valueRequired":true,"valueName":"search_term_string"}}],"inLanguage":"en-GB"},{"@type":"Organization","@id":"https:\/\/fcspartaktrnava.com\/#organization","name":"FC Spartak Trnava","alternateName":"Spartak","url":"https:\/\/fcspartaktrnava.com\/","logo":{"@type":"ImageObject","inLanguage":"en-GB","@id":"https:\/\/fcspartaktrnava.com\/#\/schema\/logo\/image\/","url":"https:\/\/fcspartaktrnava.com\/wp-content\/uploads\/2022\/08\/cropped-site_logo.png","contentUrl":"https:\/\/fcspartaktrnava.com\/wp-content\/uploads\/2022\/08\/cropped-site_logo.png","width":140,"height":140,"caption":"FC Spartak Trnava"},"image":{"@id":"https:\/\/fcspartaktrnava.com\/#\/schema\/logo\/image\/"},"sameAs":["https:\/\/www.facebook.com\/SpartakTrnava","https:\/\/x.com\/SpartakTrnava1","https:\/\/www.instagram.com\/spartak_sk\/"]},{"@type":"Person","@id":"https:\/\/fcspartaktrnava.com\/#\/schema\/person\/24bc5b254af14f71d7d8af178790aa75","name":"spartak","image":{"@type":"ImageObject","inLanguage":"en-GB","@id":"https:\/\/fcspartaktrnava.com\/#\/schema\/person\/image\/","url":"https:\/\/secure.gravatar.com\/avatar\/f8ff8584f3fcf3909a11a6da9019f37749183b4015bca14e64556c52614cdc7f?s=96&d=mm&r=g","contentUrl":"https:\/\/secure.gravatar.com\/avatar\/f8ff8584f3fcf3909a11a6da9019f37749183b4015bca14e64556c52614cdc7f?s=96&d=mm&r=g","caption":"spartak"},"url":"https:\/\/fcspartaktrnava.com\/en\/author\/spartak\/"}]}},"_links":{"self":[{"href":"https:\/\/fcspartaktrnava.com\/en\/wp-json\/wp\/v2\/posts\/9226","targetHints":{"allow":["GET"]}}],"collection":[{"href":"https:\/\/fcspartaktrnava.com\/en\/wp-json\/wp\/v2\/posts"}],"about":[{"href":"https:\/\/fcspartaktrnava.com\/en\/wp-json\/wp\/v2\/types\/post"}],"author":[{"embeddable":true,"href":"https:\/\/fcspartaktrnava.com\/en\/wp-json\/wp\/v2\/users\/2"}],"replies":[{"embeddable":true,"href":"https:\/\/fcspartaktrnava.com\/en\/wp-json\/wp\/v2\/comments?post=9226"}],"version-history":[{"count":0,"href":"https:\/\/fcspartaktrnava.com\/en\/wp-json\/wp\/v2\/posts\/9226\/revisions"}],"wp:featuredmedia":[{"embeddable":true,"href":"https:\/\/fcspartaktrnava.com\/en\/wp-json\/wp\/v2\/media\/9227"}],"wp:attachment":[{"href":"https:\/\/fcspartaktrnava.com\/en\/wp-json\/wp\/v2\/media?parent=9226"}],"wp:term":[{"taxonomy":"category","embeddable":true,"href":"https:\/\/fcspartaktrnava.com\/en\/wp-json\/wp\/v2\/categories?post=9226"},{"taxonomy":"post_tag","embeddable":true,"href":"https:\/\/fcspartaktrnava.com\/en\/wp-json\/wp\/v2\/tags?post=9226"}],"curies":[{"name":"wp","href":"https:\/\/api.w.org\/{rel}","templated":true}]}}