{"id":9143,"date":"2023-07-30T20:51:01","date_gmt":"2023-07-30T18:51:01","guid":{"rendered":"https:\/\/fcspartaktrnava.com\/?p=9143"},"modified":"2023-07-31T15:37:40","modified_gmt":"2023-07-31T13:37:40","slug":"nestastny-vstup-do-sezony","status":"publish","type":"post","link":"https:\/\/fcspartaktrnava.com\/en\/nestastny-vstup-do-sezony\/","title":{"rendered":"Ne\u0161\u0165astn\u00fd vstup do sez\u00f3ny"},"content":{"rendered":"<div class=\"wp-block-group\"><div class=\"wp-block-group__inner-container is-layout-flow wp-block-group-is-layout-flow\">\n<p class=\"has-text-align-center\" style=\"font-size:16px\">\u0160tadi\u00f3n Antona Malatinsk\u00e9ho, Nik\u00e9 liga, 1. kolo, 30. 7. 2023 o 18:00<\/p>\n\n\n\n<p class=\"has-text-align-center has-large-font-size\">FC SPARTAK TRNAVA<br>AS TREN\u010c\u00cdN<\/p>\n\n\n\n<p class=\"has-text-align-center has-x-large-font-size\" style=\"font-style:normal;font-weight:600\">1:2 <\/p>\n<\/div><\/div>\n\n\n\n<div class=\"wp-block-group has-black-color has-text-color has-background\" style=\"background-color:#e2e7ec\"><div class=\"wp-block-group__inner-container is-layout-flow wp-block-group-is-layout-flow\">\n<p><strong>FC Spartak Trnava:<\/strong><\/p>\n\n\n\n<p> Vantruba \u2013 Ko\u0161trna, \u0160tetina (46. K\u00f3\u0161a), Gorosito, Mikovi\u010d \u2013 Zeljkovi\u010d \u2013 \u0160tef\u00e1nik (46. Oseni), Bukata (46. Bainovi\u010d) \u2013 Ofori, Djuri\u010din (77. Ristovski), Daniel (46. Azango)<\/p>\n\n\n\n<p><strong>AS Tren\u010d\u00edn<\/strong>:<\/p>\n\n\n\n<p>Vozinha \u2013 Kme\u0165, Bondarenko, Stojsavlevi\u010d, Kozlovsk\u00fd \u2013 Bari\u0161 \u2013 Gajdo\u0161, Ibrahim (62. Holl\u00fd) \u2013 Dos Santos (69. Gong), Kupusovi\u010d (69. Emeka), Soares (83. Demitra)<\/p>\n\n\n\n<p><strong>Goals:<\/strong> 59. Djuri\u010din (Zeljkovi\u010d) &#8211; 36. Kupusovi\u010d, 90.+ K\u00f3\u0161a vlastn\u00fd<\/p>\n\n\n\n<p><strong>Yellow cards:<\/strong> K\u00f3\u0161a &#8211; Bari\u0161, Stojsavljevi\u010d &nbsp;<\/p>\n\n\n\n<p><strong>Judges<\/strong>: Smol\u00e1k \u2013 Ferenc, Zemko<\/p>\n\n\n\n<p><strong>Spectators: <\/strong>4336<\/p>\n\n\n\n<p><strong>Half time:&nbsp;<\/strong>(0:1)<\/p>\n<\/div><\/div>\n\n\n\n<p>Na \u00favodn\u00e9 kolo ligov\u00e9ho ro\u010dn\u00edka 2023\/2024 nast\u00fapila na hrote trnavsk\u00e9ho \u00fatoku aj nov\u00e1 posila z&nbsp;Rak\u00faska. Djuri\u010din bol z kr\u00eddiel podporovan\u00fd Oforim a&nbsp;Danielom.<\/p>\n\n\n\n<p>Po opatrnom \u00favode ako prv\u00ed nebezpe\u010dne pohrozili hostia, prudk\u00fa loptu do \u0161estn\u00e1stky v&nbsp;dvadsiatej min\u00fate hlavi\u010dkoval mimo br\u00e1nky Dos Santos. N\u00e1sledn\u00e9 min\u00faty sa na tr\u00e1vniku striedali obe mu\u017estv\u00e1 v&nbsp;nepresnostiach a&nbsp;ani viacer\u00e9 mal\u00e9 zav\u00e1hania brank\u00e1ra host\u00ed nepriniesli \u010do i&nbsp;len strelu na jeho br\u00e1nku.<\/p>\n\n\n\n<p>Trest za pasivitu pri\u0161iel v&nbsp;36. min\u00fate, ke\u010f po \u013eavej strane unikol Soares a&nbsp;sp\u00e4tne prihral do pokutov\u00e9ho \u00fazemia Kupusovi\u010dovi, ktor\u00fd trafil presne \u2013 0:1. A\u017e po inkasovan\u00ed sa Trnav\u010dania dost\u00e1vali do tlaku a \u0161anc\u00ed, ale g\u00f3l do z\u00e1veru prv\u00e9ho pol\u010dasu nepri\u0161iel.<\/p>\n\n\n\n<p>Reakcia tr\u00e9nera Ga\u0161par\u00edka na v\u00fdkon v&nbsp;prvom pol\u010dase na seba nenechala dlho \u010daka\u0165 a&nbsp;do druh\u00e9ho dejstva pri\u0161li a\u017e \u0161tyri nov\u00e9 tv\u00e1re. Daniela nahradil Azango, \u0160tetinu K\u00f3\u0161a, \u0160tef\u00e1nika Oseni a&nbsp;Bukatu Bainovi\u010d.<\/p>\n\n\n\n<p>Spartak sa dost\u00e1val do hry, priame ohrozenie Vozinhu div\u00e1ci videli a\u017e v&nbsp;59. min\u00fate. Ko\u0161trna povozil na pravej strane obrancu, na\u0161iel Zeljkovi\u010da a&nbsp;ten po efektnej s\u0165ahova\u010dke na\u0161iel vo\u013en\u00e9ho Djuri\u010dina, ktor\u00fd nezaprel in\u0161tinkt strelca a&nbsp;presnou strelou k&nbsp;ty\u010di prekonal brank\u00e1ra Tren\u010d\u00edna \u2013 1:1.<\/p>\n\n\n\n<p>Pred Vantrubom nebezpe\u010dne zakon\u010doval op\u00e4\u0165 Kupusovi\u010d, po rohovom kope a&nbsp;strele z&nbsp;voleja v\u0161ak v&nbsp;66. min\u00fate na\u0161\u0165astie minul br\u00e1nku. Do vedenia mohol \u00eds\u0165 trnavsk\u00fd t\u00edm v&nbsp;73. min\u00fate, ale po dobrej prihr\u00e1vke od Djuri\u010dina zakon\u010doval Ofori iba do r\u00fak Vozinhu. Na z\u00e1vere\u010dn\u00e9 min\u00faty duelu vystriedal strelca dom\u00e1ceho g\u00f3lu Ristovski. G\u00f3l roka mohol v&nbsp;\u00favodnom kole streli\u0165 Mikovi\u010d, v&nbsp;81. min\u00fate si jeho projektil na\u0161iel cestu iba do brvna tren\u010dianskej br\u00e1nky. Podobn\u00fa strelu asi z&nbsp;35 metrov poslal na Vantrubu Kozlovsk\u00fd, ale trnavsk\u00fd brank\u00e1r loptu brav\u00farne vytla\u010dil v&nbsp;87. min\u00fate na rohov\u00fd kop.<\/p>\n\n\n\n<p>V&nbsp;nadstavenom \u010dase kopal Tren\u010d\u00edn rohov\u00fd kop, Kme\u0165ovu loptu do \u0161estn\u00e1stky Vantruba po odraze od spoluhr\u00e1\u010da podbehol a&nbsp;od K\u00f3\u0161u sa odrazila do vlastnej br\u00e1nky \u2013 1:2.<\/p>\n\n\n\n<p>Po prem\u00e1rnenom prvom pol\u010dase Trnav\u010dania svoj v\u00fdkon zlep\u0161ili, sk\u00f3re vyrovnali, dokonca siahali po v\u00fdhre, ale napokon si body odviezol po v\u00fdhre s\u00faper z\u00a0Tren\u010d\u00edna.<\/p>\n\n\n\n<figure class=\"wp-block-embed is-type-video is-provider-youtube wp-block-embed-youtube wp-embed-aspect-16-9 wp-has-aspect-ratio\"><div class=\"wp-block-embed__wrapper\">\n<iframe loading=\"lazy\" title=\"Tla\u010dov\u00e1 konferencia | FC Spartak Trnava vs. AS Tren\u010d\u00edn 1:2 (0:1)\" width=\"500\" height=\"281\" src=\"https:\/\/www.youtube.com\/embed\/5HejCXGZU_c?feature=oembed\" frameborder=\"0\" allow=\"accelerometer; autoplay; clipboard-write; encrypted-media; gyroscope; picture-in-picture; web-share\" referrerpolicy=\"strict-origin-when-cross-origin\" allowfullscreen><\/iframe>\n<\/div><\/figure>\n\n\n\n<p class=\"has-vivid-red-color has-text-color has-medium-font-size\"><strong>POVEDALI PO Z\u00c1PASE:<\/strong><\/p>\n\n\n\n<p>Michal Ga\u0161par\u00edk (Spartak): <strong><em>\u201eN\u00e1m dnes z\u00e1pas absol\u00fatne nevy\u0161iel, tak\u00fdto zl\u00fd pol\u010das sme doma e\u0161te nemali, Tren\u010d\u00edn dobre kombinoval a&nbsp;my sme boli pas\u00edvni v&nbsp;nap\u00e1dan\u00ed a&nbsp;ke\u010f sme lopty z\u00edskali, tak sme ich ihne\u010f stratili. Chalanov som nespozn\u00e1val. Cez pol\u010das n\u00e1m pomohli \u0161tyri striedania a&nbsp;druh\u00fd pol\u010das u\u017e bol otvoren\u00fd, futbal sa hral hore \u2013 dolu, mali sme \u0161ance my aj Tren\u010d\u00edn. Mohli sme to oto\u010di\u0165 vo svoj prospech a&nbsp;zobra\u0165 tri body, ale nakoniec sme si dali dve min\u00faty po nadstavenom \u010dase vlastn\u00fd g\u00f3l, \u010do bolo vyvrcholenie toho n\u00e1\u0161ho dne\u0161n\u00e9ho zl\u00e9ho z\u00e1pasu.\u201c<\/em><\/strong><\/p>\n\n\n\n<p><em>I<\/em>lija Stolica (Tren\u010d\u00edn):<strong> <em>\u201eChcem sa po\u010fakova\u0165 Spartaku a&nbsp;jeho \u013eudom za priv\u00edtanie. Je to m\u00f4j prv\u00fd z\u00e1pas na Slovensku a&nbsp;je tu skuto\u010dne skvel\u00e1 futbalov\u00e1 atmosf\u00e9ra. Mali sme korektn\u00fd z\u00e1pas. Gratulujem svojmu t\u00edmu k&nbsp;v\u00fdhre, je to pre n\u00e1s v\u00fdborn\u00fd \u0161tart do sez\u00f3ny. Viem, \u017ee Spartak hr\u00e1 eur\u00f3psky poh\u00e1r, m\u00e1m s&nbsp;t\u00fdm sk\u00fasenos\u0165 ako tr\u00e9ner, je to \u0165a\u017ek\u00e9 v&nbsp;tomto \u010dase zorganizova\u0165 mu\u017estvo a&nbsp;stoj\u00ed to ve\u013ea s\u00edl.\u201c<\/em><\/strong><\/p>","protected":false},"excerpt":{"rendered":"<p>\u0160tadi\u00f3n Antona Malatinsk\u00e9ho, Nik\u00e9 liga, 1. kolo, 30&#8230;.<\/p>","protected":false},"author":2,"featured_media":9144,"comment_status":"closed","ping_status":"closed","sticky":false,"template":"","format":"standard","meta":{"footnotes":""},"categories":[20],"tags":[11],"class_list":["post-9143","post","type-post","status-publish","format-standard","has-post-thumbnail","hentry","category-zapas","tag-michal-gasparik","post-number-1"],"yoast_head":"<!-- This site is optimized with the Yoast SEO plugin v27.1.1 - https:\/\/yoast.com\/product\/yoast-seo-wordpress\/ -->\n<title>Ne\u0161\u0165astn\u00fd vstup do sez\u00f3ny - FC Spartak Trnava<\/title>\n<meta name=\"robots\" content=\"index, follow, max-snippet:-1, max-image-preview:large, max-video-preview:-1\" \/>\n<link rel=\"canonical\" href=\"https:\/\/fcspartaktrnava.com\/en\/nestastny-vstup-do-sezony\/\" \/>\n<meta name=\"twitter:label1\" content=\"Written by\" \/>\n\t<meta name=\"twitter:data1\" content=\"spartak\" \/>\n\t<meta name=\"twitter:label2\" content=\"Estimated reading time\" \/>\n\t<meta name=\"twitter:data2\" content=\"4 minutes\" \/>\n<script type=\"application\/ld+json\" class=\"yoast-schema-graph\">{\"@context\":\"https:\/\/schema.org\",\"@graph\":[{\"@type\":\"Article\",\"@id\":\"https:\/\/fcspartaktrnava.com\/nestastny-vstup-do-sezony\/#article\",\"isPartOf\":{\"@id\":\"https:\/\/fcspartaktrnava.com\/nestastny-vstup-do-sezony\/\"},\"author\":{\"name\":\"spartak\",\"@id\":\"https:\/\/fcspartaktrnava.com\/#\/schema\/person\/24bc5b254af14f71d7d8af178790aa75\"},\"headline\":\"Ne\u0161\u0165astn\u00fd vstup do sez\u00f3ny\",\"datePublished\":\"2023-07-30T18:51:01+00:00\",\"dateModified\":\"2023-07-31T13:37:40+00:00\",\"mainEntityOfPage\":{\"@id\":\"https:\/\/fcspartaktrnava.com\/nestastny-vstup-do-sezony\/\"},\"wordCount\":767,\"publisher\":{\"@id\":\"https:\/\/fcspartaktrnava.com\/#organization\"},\"image\":{\"@id\":\"https:\/\/fcspartaktrnava.com\/nestastny-vstup-do-sezony\/#primaryimage\"},\"thumbnailUrl\":\"https:\/\/fcspartaktrnava.com\/wp-content\/uploads\/2023\/07\/trencin3007-scaled.jpg\",\"keywords\":[\"Michal Ga\u0161par\u00edk\"],\"articleSection\":[\"Z\u00e1pas\"],\"inLanguage\":\"en-GB\"},{\"@type\":\"WebPage\",\"@id\":\"https:\/\/fcspartaktrnava.com\/nestastny-vstup-do-sezony\/\",\"url\":\"https:\/\/fcspartaktrnava.com\/nestastny-vstup-do-sezony\/\",\"name\":\"Ne\u0161\u0165astn\u00fd vstup do sez\u00f3ny - FC Spartak Trnava\",\"isPartOf\":{\"@id\":\"https:\/\/fcspartaktrnava.com\/#website\"},\"primaryImageOfPage\":{\"@id\":\"https:\/\/fcspartaktrnava.com\/nestastny-vstup-do-sezony\/#primaryimage\"},\"image\":{\"@id\":\"https:\/\/fcspartaktrnava.com\/nestastny-vstup-do-sezony\/#primaryimage\"},\"thumbnailUrl\":\"https:\/\/fcspartaktrnava.com\/wp-content\/uploads\/2023\/07\/trencin3007-scaled.jpg\",\"datePublished\":\"2023-07-30T18:51:01+00:00\",\"dateModified\":\"2023-07-31T13:37:40+00:00\",\"breadcrumb\":{\"@id\":\"https:\/\/fcspartaktrnava.com\/nestastny-vstup-do-sezony\/#breadcrumb\"},\"inLanguage\":\"en-GB\",\"potentialAction\":[{\"@type\":\"ReadAction\",\"target\":[\"https:\/\/fcspartaktrnava.com\/nestastny-vstup-do-sezony\/\"]}]},{\"@type\":\"ImageObject\",\"inLanguage\":\"en-GB\",\"@id\":\"https:\/\/fcspartaktrnava.com\/nestastny-vstup-do-sezony\/#primaryimage\",\"url\":\"https:\/\/fcspartaktrnava.com\/wp-content\/uploads\/2023\/07\/trencin3007-scaled.jpg\",\"contentUrl\":\"https:\/\/fcspartaktrnava.com\/wp-content\/uploads\/2023\/07\/trencin3007-scaled.jpg\",\"width\":2560,\"height\":1703},{\"@type\":\"BreadcrumbList\",\"@id\":\"https:\/\/fcspartaktrnava.com\/nestastny-vstup-do-sezony\/#breadcrumb\",\"itemListElement\":[{\"@type\":\"ListItem\",\"position\":1,\"name\":\"Home\",\"item\":\"https:\/\/fcspartaktrnava.com\/\"},{\"@type\":\"ListItem\",\"position\":2,\"name\":\"Ne\u0161\u0165astn\u00fd vstup do sez\u00f3ny\"}]},{\"@type\":\"WebSite\",\"@id\":\"https:\/\/fcspartaktrnava.com\/#website\",\"url\":\"https:\/\/fcspartaktrnava.com\/\",\"name\":\"FC Spartak Trnava\",\"description\":\"ofici\u00e1lna webstr\u00e1nka futbalov\u00e9ho klubu\",\"publisher\":{\"@id\":\"https:\/\/fcspartaktrnava.com\/#organization\"},\"potentialAction\":[{\"@type\":\"SearchAction\",\"target\":{\"@type\":\"EntryPoint\",\"urlTemplate\":\"https:\/\/fcspartaktrnava.com\/?s={search_term_string}\"},\"query-input\":{\"@type\":\"PropertyValueSpecification\",\"valueRequired\":true,\"valueName\":\"search_term_string\"}}],\"inLanguage\":\"en-GB\"},{\"@type\":\"Organization\",\"@id\":\"https:\/\/fcspartaktrnava.com\/#organization\",\"name\":\"FC Spartak Trnava\",\"alternateName\":\"Spartak\",\"url\":\"https:\/\/fcspartaktrnava.com\/\",\"logo\":{\"@type\":\"ImageObject\",\"inLanguage\":\"en-GB\",\"@id\":\"https:\/\/fcspartaktrnava.com\/#\/schema\/logo\/image\/\",\"url\":\"https:\/\/fcspartaktrnava.com\/wp-content\/uploads\/2022\/08\/cropped-site_logo.png\",\"contentUrl\":\"https:\/\/fcspartaktrnava.com\/wp-content\/uploads\/2022\/08\/cropped-site_logo.png\",\"width\":140,\"height\":140,\"caption\":\"FC Spartak Trnava\"},\"image\":{\"@id\":\"https:\/\/fcspartaktrnava.com\/#\/schema\/logo\/image\/\"},\"sameAs\":[\"https:\/\/www.facebook.com\/SpartakTrnava\",\"https:\/\/x.com\/SpartakTrnava1\",\"https:\/\/www.instagram.com\/spartak_sk\/\"]},{\"@type\":\"Person\",\"@id\":\"https:\/\/fcspartaktrnava.com\/#\/schema\/person\/24bc5b254af14f71d7d8af178790aa75\",\"name\":\"spartak\",\"image\":{\"@type\":\"ImageObject\",\"inLanguage\":\"en-GB\",\"@id\":\"https:\/\/fcspartaktrnava.com\/#\/schema\/person\/image\/\",\"url\":\"https:\/\/secure.gravatar.com\/avatar\/f8ff8584f3fcf3909a11a6da9019f37749183b4015bca14e64556c52614cdc7f?s=96&d=mm&r=g\",\"contentUrl\":\"https:\/\/secure.gravatar.com\/avatar\/f8ff8584f3fcf3909a11a6da9019f37749183b4015bca14e64556c52614cdc7f?s=96&d=mm&r=g\",\"caption\":\"spartak\"},\"url\":\"https:\/\/fcspartaktrnava.com\/en\/author\/spartak\/\"}]}<\/script>\n<!-- \/ Yoast SEO plugin. -->","yoast_head_json":{"title":"Ne\u0161\u0165astn\u00fd vstup do sez\u00f3ny - FC Spartak Trnava","robots":{"index":"index","follow":"follow","max-snippet":"max-snippet:-1","max-image-preview":"max-image-preview:large","max-video-preview":"max-video-preview:-1"},"canonical":"https:\/\/fcspartaktrnava.com\/en\/nestastny-vstup-do-sezony\/","twitter_misc":{"Written by":"spartak","Estimated reading time":"4 minutes"},"schema":{"@context":"https:\/\/schema.org","@graph":[{"@type":"Article","@id":"https:\/\/fcspartaktrnava.com\/nestastny-vstup-do-sezony\/#article","isPartOf":{"@id":"https:\/\/fcspartaktrnava.com\/nestastny-vstup-do-sezony\/"},"author":{"name":"spartak","@id":"https:\/\/fcspartaktrnava.com\/#\/schema\/person\/24bc5b254af14f71d7d8af178790aa75"},"headline":"Ne\u0161\u0165astn\u00fd vstup do sez\u00f3ny","datePublished":"2023-07-30T18:51:01+00:00","dateModified":"2023-07-31T13:37:40+00:00","mainEntityOfPage":{"@id":"https:\/\/fcspartaktrnava.com\/nestastny-vstup-do-sezony\/"},"wordCount":767,"publisher":{"@id":"https:\/\/fcspartaktrnava.com\/#organization"},"image":{"@id":"https:\/\/fcspartaktrnava.com\/nestastny-vstup-do-sezony\/#primaryimage"},"thumbnailUrl":"https:\/\/fcspartaktrnava.com\/wp-content\/uploads\/2023\/07\/trencin3007-scaled.jpg","keywords":["Michal Ga\u0161par\u00edk"],"articleSection":["Z\u00e1pas"],"inLanguage":"en-GB"},{"@type":"WebPage","@id":"https:\/\/fcspartaktrnava.com\/nestastny-vstup-do-sezony\/","url":"https:\/\/fcspartaktrnava.com\/nestastny-vstup-do-sezony\/","name":"Ne\u0161\u0165astn\u00fd vstup do sez\u00f3ny - FC Spartak Trnava","isPartOf":{"@id":"https:\/\/fcspartaktrnava.com\/#website"},"primaryImageOfPage":{"@id":"https:\/\/fcspartaktrnava.com\/nestastny-vstup-do-sezony\/#primaryimage"},"image":{"@id":"https:\/\/fcspartaktrnava.com\/nestastny-vstup-do-sezony\/#primaryimage"},"thumbnailUrl":"https:\/\/fcspartaktrnava.com\/wp-content\/uploads\/2023\/07\/trencin3007-scaled.jpg","datePublished":"2023-07-30T18:51:01+00:00","dateModified":"2023-07-31T13:37:40+00:00","breadcrumb":{"@id":"https:\/\/fcspartaktrnava.com\/nestastny-vstup-do-sezony\/#breadcrumb"},"inLanguage":"en-GB","potentialAction":[{"@type":"ReadAction","target":["https:\/\/fcspartaktrnava.com\/nestastny-vstup-do-sezony\/"]}]},{"@type":"ImageObject","inLanguage":"en-GB","@id":"https:\/\/fcspartaktrnava.com\/nestastny-vstup-do-sezony\/#primaryimage","url":"https:\/\/fcspartaktrnava.com\/wp-content\/uploads\/2023\/07\/trencin3007-scaled.jpg","contentUrl":"https:\/\/fcspartaktrnava.com\/wp-content\/uploads\/2023\/07\/trencin3007-scaled.jpg","width":2560,"height":1703},{"@type":"BreadcrumbList","@id":"https:\/\/fcspartaktrnava.com\/nestastny-vstup-do-sezony\/#breadcrumb","itemListElement":[{"@type":"ListItem","position":1,"name":"Home","item":"https:\/\/fcspartaktrnava.com\/"},{"@type":"ListItem","position":2,"name":"Ne\u0161\u0165astn\u00fd vstup do sez\u00f3ny"}]},{"@type":"WebSite","@id":"https:\/\/fcspartaktrnava.com\/#website","url":"https:\/\/fcspartaktrnava.com\/","name":"FC Spartak Trnava","description":"ofici\u00e1lna webstr\u00e1nka futbalov\u00e9ho klubu","publisher":{"@id":"https:\/\/fcspartaktrnava.com\/#organization"},"potentialAction":[{"@type":"SearchAction","target":{"@type":"EntryPoint","urlTemplate":"https:\/\/fcspartaktrnava.com\/?s={search_term_string}"},"query-input":{"@type":"PropertyValueSpecification","valueRequired":true,"valueName":"search_term_string"}}],"inLanguage":"en-GB"},{"@type":"Organization","@id":"https:\/\/fcspartaktrnava.com\/#organization","name":"FC Spartak Trnava","alternateName":"Spartak","url":"https:\/\/fcspartaktrnava.com\/","logo":{"@type":"ImageObject","inLanguage":"en-GB","@id":"https:\/\/fcspartaktrnava.com\/#\/schema\/logo\/image\/","url":"https:\/\/fcspartaktrnava.com\/wp-content\/uploads\/2022\/08\/cropped-site_logo.png","contentUrl":"https:\/\/fcspartaktrnava.com\/wp-content\/uploads\/2022\/08\/cropped-site_logo.png","width":140,"height":140,"caption":"FC Spartak Trnava"},"image":{"@id":"https:\/\/fcspartaktrnava.com\/#\/schema\/logo\/image\/"},"sameAs":["https:\/\/www.facebook.com\/SpartakTrnava","https:\/\/x.com\/SpartakTrnava1","https:\/\/www.instagram.com\/spartak_sk\/"]},{"@type":"Person","@id":"https:\/\/fcspartaktrnava.com\/#\/schema\/person\/24bc5b254af14f71d7d8af178790aa75","name":"spartak","image":{"@type":"ImageObject","inLanguage":"en-GB","@id":"https:\/\/fcspartaktrnava.com\/#\/schema\/person\/image\/","url":"https:\/\/secure.gravatar.com\/avatar\/f8ff8584f3fcf3909a11a6da9019f37749183b4015bca14e64556c52614cdc7f?s=96&d=mm&r=g","contentUrl":"https:\/\/secure.gravatar.com\/avatar\/f8ff8584f3fcf3909a11a6da9019f37749183b4015bca14e64556c52614cdc7f?s=96&d=mm&r=g","caption":"spartak"},"url":"https:\/\/fcspartaktrnava.com\/en\/author\/spartak\/"}]}},"_links":{"self":[{"href":"https:\/\/fcspartaktrnava.com\/en\/wp-json\/wp\/v2\/posts\/9143","targetHints":{"allow":["GET"]}}],"collection":[{"href":"https:\/\/fcspartaktrnava.com\/en\/wp-json\/wp\/v2\/posts"}],"about":[{"href":"https:\/\/fcspartaktrnava.com\/en\/wp-json\/wp\/v2\/types\/post"}],"author":[{"embeddable":true,"href":"https:\/\/fcspartaktrnava.com\/en\/wp-json\/wp\/v2\/users\/2"}],"replies":[{"embeddable":true,"href":"https:\/\/fcspartaktrnava.com\/en\/wp-json\/wp\/v2\/comments?post=9143"}],"version-history":[{"count":0,"href":"https:\/\/fcspartaktrnava.com\/en\/wp-json\/wp\/v2\/posts\/9143\/revisions"}],"wp:featuredmedia":[{"embeddable":true,"href":"https:\/\/fcspartaktrnava.com\/en\/wp-json\/wp\/v2\/media\/9144"}],"wp:attachment":[{"href":"https:\/\/fcspartaktrnava.com\/en\/wp-json\/wp\/v2\/media?parent=9143"}],"wp:term":[{"taxonomy":"category","embeddable":true,"href":"https:\/\/fcspartaktrnava.com\/en\/wp-json\/wp\/v2\/categories?post=9143"},{"taxonomy":"post_tag","embeddable":true,"href":"https:\/\/fcspartaktrnava.com\/en\/wp-json\/wp\/v2\/tags?post=9143"}],"curies":[{"name":"wp","href":"https:\/\/api.w.org\/{rel}","templated":true}]}}