{"id":9089,"date":"2023-07-28T09:16:59","date_gmt":"2023-07-28T07:16:59","guid":{"rendered":"https:\/\/fcspartaktrnava.com\/?p=9089"},"modified":"2023-07-28T09:16:59","modified_gmt":"2023-07-28T07:16:59","slug":"v-trnave-to-bude-iny-zapas","status":"publish","type":"post","link":"https:\/\/fcspartaktrnava.com\/en\/v-trnave-to-bude-iny-zapas\/","title":{"rendered":"V\u00a0Trnave to bude in\u00fd z\u00e1pas"},"content":{"rendered":"<p>V\u010deraj\u0161\u00ed z\u00e1pas v&nbsp;Rige proti FC Auda bol takou nezn\u00e1mou pre hr\u00e1\u010dov, aj pre fan\u00fa\u0161ikov, ktor\u00ed sledovali z\u00e1pas v&nbsp;telev\u00edzii, \u010di pre t\u00fdch merali cestu na sever Eur\u00f3py. Priamo na \u0161tadi\u00f3ne ich bola necel\u00e1 stovka. Po \u00favode v\u0161ak mohli by\u0165 spokojn\u00ed, lebo taktovky sa pomerne skoro chopili Trnav\u010dania.<\/p>\n\n\n\n<p>Loty\u0161i sa s\u00edce sna\u017eili hra\u0165 s&nbsp;loptou na kr\u00e1tke prihr\u00e1vky, ale v&nbsp;bezpe\u010dnej vzdialenosti od br\u00e1nky a&nbsp;neubr\u00e1nili sa pri nap\u00e1dan\u00ed \u013eahk\u00fdm strat\u00e1m. V&nbsp;prvej polhodine z\u00e1pasu, ke\u010f sa hralo v&nbsp;rovnov\u00e1\u017enom stave, Spartak otvoril sk\u00f3re a&nbsp;mal \u010fal\u0161ie pr\u00edle\u017eitosti.<\/p>\n\n\n\n<p><strong><em>\u201eMali najsk\u00f4r oni jednu \u0161ancu, \u010do sme nezachytili a\u00a0Vany n\u00e1s tam podr\u017eal. Potom sme sa dostali v\u00fdborne do z\u00e1pasu, mali sme ve\u013ea ziskov a\u00a0podarilo sa n\u00e1m streli\u0165 r\u00fdchly g\u00f3l. V\u0161etko smerovalo k\u00a0tomu, \u017ee si ten z\u00e1pas dobre odohr\u00e1me,\u201c<\/em><\/strong> hovor\u00ed strelec n\u00e1\u0161ho jedin\u00e9ho g\u00f3lu Sebastian K\u00f3\u0161a. <strong><em>\u201e\u0160tandardky sme si cvi\u010dili, vedeli sme, \u017ee s\u00a0t\u00fdm maj probl\u00e9m. Prochy to v\u00fdborne vr\u00e1til dovn\u00fatra a\u00a0ja u\u017e som si to iba dosledoval a\u00a0t\u00e1 lopta si praktiky na\u0161la m\u0148a.\u201c<\/em><\/strong><\/p>\n\n\n\n<figure class=\"wp-block-embed is-type-video is-provider-youtube wp-block-embed-youtube wp-embed-aspect-16-9 wp-has-aspect-ratio\"><div class=\"wp-block-embed__wrapper\">\n<iframe loading=\"lazy\" title=\"Sebasti\u00e1n K\u00f3\u0161a po z\u00e1pase s FK Auda\" width=\"500\" height=\"281\" src=\"https:\/\/www.youtube.com\/embed\/Fy2ZOGL4dA8?feature=oembed\" frameborder=\"0\" allow=\"accelerometer; autoplay; clipboard-write; encrypted-media; gyroscope; picture-in-picture; web-share\" referrerpolicy=\"strict-origin-when-cross-origin\" allowfullscreen><\/iframe>\n<\/div><\/figure>\n\n\n\n<p>Nasledovali \u010fal\u0161ie pr\u00edle\u017eitosti, najm\u00e4 Danielova a&nbsp;Oforiho sa p\u00fdtali do br\u00e1nky. \u010casu bolo dostatok a&nbsp;sk\u00f4r alebo nesk\u00f4r by zrejme nejak\u00e1 skon\u010dila g\u00f3lom. No po nie\u010do vy\u0161e tridsiatich min\u00fatach sa Gorosito vlo\u017eil do \u0161m\u00fdka\u010dky na loptu, kde bol sk\u00f4r ako hr\u00e1\u010d, ktor\u00fd sa s\u00faboja ani nez\u00fa\u010dastnil, po odohran\u00ed lopty zotrva\u010dnos\u0165ou zasiahol aj hr\u00e1\u010da a&nbsp;rozhodca to pos\u00fadil ako faul na \u017elt\u00fa kartu. Ke\u010f\u017ee to bola druh\u00e1, musel Spartak dohr\u00e1va\u0165 v&nbsp;oslaben\u00ed. &nbsp;&nbsp;&nbsp;<\/p>\n\n\n\n<p><strong><em>\u201eSom ve\u013emi sklaman\u00fd. Prv\u00e1 \u017elt\u00e1 karta bola zbyto\u010dn\u00e1. Chcel som by\u0165 pri lopte sk\u00f4r, ale nestihol som to, ve\u013emi ma to mrz\u00ed. Pri tej druhej som bol sk\u00f4r pri lopte, e\u0161te som ju dobre som prihral a\u00a0neviem&#8230;Klob\u00fak dolu pred chalanmi, ktor\u00ed odohrali fantastick\u00fd z\u00e1pas, behali, br\u00e1nili. E\u0161te sa hr\u00e1 90 min\u00fat u\u00a0n\u00e1s a\u00a0to bude in\u00e9, \u0161anca bude, 11 na 11 to bude in\u00e9 a\u00a0ver\u00edm, \u017ee vyhr\u00e1me,\u201c<\/em><\/strong> povedal po z\u00e1pase sklaman\u00fd Argent\u00edn\u010dan. Zaradil sa k\u00a0dvojici Jendrek, Karhan, ktor\u00e1 rovnako ako on videla \u010derven\u00fa kartu pri\u00a0premi\u00e9re v\u00a0spartakovskom drese.<\/p>\n\n\n\n<figure class=\"wp-block-embed is-type-video is-provider-youtube wp-block-embed-youtube wp-embed-aspect-16-9 wp-has-aspect-ratio\"><div class=\"wp-block-embed__wrapper\">\n<iframe loading=\"lazy\" title=\"Nicolas Gorosito po z\u00e1pase s FK Auda\" width=\"500\" height=\"281\" src=\"https:\/\/www.youtube.com\/embed\/_JANMoTJlFE?feature=oembed\" frameborder=\"0\" allow=\"accelerometer; autoplay; clipboard-write; encrypted-media; gyroscope; picture-in-picture; web-share\" referrerpolicy=\"strict-origin-when-cross-origin\" allowfullscreen><\/iframe>\n<\/div><\/figure>\n\n\n\n<p>Trnav\u010dania napokon po\u010das dlh\u00e9 oslabenia inkasovali g\u00f3l, no je to vzh\u013eadom na priebeh prijate\u013en\u00fd v\u00fdsledok. V\u00e4\u010d\u0161\u00ed probl\u00e9m m\u00f4\u017ee by\u0165 strata stop\u00e9ra, ktor\u00fdch m\u00e1m Michal Ga\u0161par\u00edk nedostatok.<strong><em> \u201eUvid\u00edme ako to bude vyzera\u0165 so \u0160tetinom, \u010di bude nachystan\u00fd na odvetu. Teraz sme to lepili, \u017ee tam ostal Ko\u0161trna a&nbsp;potom sme pre\u0161li na piatich obrancov a&nbsp;bol tam Proch\u00e1zka aj Daniel. Je to nepr\u00edjemnos\u0165 pre n\u00e1s, ktor\u00fa potrebujeme \u010do najr\u00fdchlej\u0161ie vyrie\u0161i\u0165.\u201c<\/em><\/strong><\/p>\n\n\n\n<p>Tr\u00e9ner Spartaka to v\u0161ak vid\u00ed pred odvetou optimisticky a&nbsp;je presved\u010den\u00fd, \u017ee s&nbsp;podporou fan\u00fa\u0161ikov na dom\u00e1com \u0161tadi\u00f3ne potvrd\u00edme postup.<strong><em> \u201eBola rem\u00edza, tak to zatia\u013e vid\u00edm 50 na 50. Teraz hr\u00e1me doma a&nbsp;ver\u00edm, \u017ee n\u00e1s fan\u00fa\u0161ikovia pr\u00eddu povzbudi\u0165 tak, aby sme mali \u010do najv\u00e4\u010d\u0161iu podporu. Ten z\u00e1pas n\u00e1m uk\u00e1zal to, \u010do sme \u010dakali. Sna\u017eili sme ma\u0165 vysok\u00e9 postavenie, aby sme nar\u00fa\u0161ali ich rozohr\u00e1vku a&nbsp;z\u00edskali lopty, \u010do sa ve\u013eakr\u00e1t podarilo. Na na\u0161ej polovi\u010dke sme chceli ma\u0165 r\u00fdchly prechod. \u0160koda, \u017ee nepadol aspo\u0148 druh\u00fd g\u00f3l, boli na to \u0161ance.\u201c<\/em><\/strong><\/p>\n\n\n\n<p>Odveta je na programe vo \u0161tvrtok 3. augusta od 17. 30. E\u0161te predt\u00fdm \u010dak\u00e1 spartakovcov vstup do ligovej s\u00fa\u0165a\u017ee, op\u00e4\u0165 na \u0160tadi\u00f3ne Antona Malatinsk\u00e9ho a\u00a0narazia na AS Tren\u010d\u00edn. Hra\u0165 sa bude v\u00a0nede\u013eu <a href=\"https:\/\/fcspartaktrnava.com\/en\/na-trencin-znizene-vstupne\/\" target=\"_blank\" rel=\"noreferrer noopener\">30. j\u00fala od 18. hodiny<\/a>.<\/p>\n\n\n\n<div class=\"wp-block-buttons is-layout-flex wp-block-buttons-is-layout-flex\">\n<div class=\"wp-block-button aligncenter is-style-fill\"><a class=\"wp-block-button__link has-white-color has-text-color has-background wp-element-button\" href=\"https:\/\/fcspartaktrnava.com\/en\/na-trencin-znizene-vstupne\/\" style=\"border-radius:0px;background-color:#d40133\" target=\"_blank\" rel=\"noreferrer noopener\">PHOTO GALLERY<\/a><\/div>\n<\/div>","protected":false},"excerpt":{"rendered":"<p>V\u010deraj\u0161\u00ed z\u00e1pas v&nbsp;Rige proti FC Auda bol takou&#8230;<\/p>","protected":false},"author":2,"featured_media":9082,"comment_status":"closed","ping_status":"closed","sticky":false,"template":"","format":"standard","meta":{"footnotes":""},"categories":[41],"tags":[11],"class_list":["post-9089","post","type-post","status-publish","format-standard","has-post-thumbnail","hentry","category-intervju","tag-michal-gasparik","post-number-1"],"yoast_head":"<!-- This site is optimized with the Yoast SEO plugin v27.1.1 - https:\/\/yoast.com\/product\/yoast-seo-wordpress\/ -->\n<title>V\u00a0Trnave to bude in\u00fd z\u00e1pas - FC Spartak Trnava<\/title>\n<meta name=\"robots\" content=\"index, follow, max-snippet:-1, max-image-preview:large, max-video-preview:-1\" \/>\n<link rel=\"canonical\" href=\"https:\/\/fcspartaktrnava.com\/en\/v-trnave-to-bude-iny-zapas\/\" \/>\n<meta name=\"twitter:label1\" content=\"Written by\" \/>\n\t<meta name=\"twitter:data1\" content=\"spartak\" \/>\n\t<meta name=\"twitter:label2\" content=\"Estimated reading time\" \/>\n\t<meta name=\"twitter:data2\" content=\"3 minutes\" \/>\n<script type=\"application\/ld+json\" class=\"yoast-schema-graph\">{\"@context\":\"https:\/\/schema.org\",\"@graph\":[{\"@type\":\"Article\",\"@id\":\"https:\/\/fcspartaktrnava.com\/v-trnave-to-bude-iny-zapas\/#article\",\"isPartOf\":{\"@id\":\"https:\/\/fcspartaktrnava.com\/v-trnave-to-bude-iny-zapas\/\"},\"author\":{\"name\":\"spartak\",\"@id\":\"https:\/\/fcspartaktrnava.com\/#\/schema\/person\/24bc5b254af14f71d7d8af178790aa75\"},\"headline\":\"V\u00a0Trnave to bude in\u00fd z\u00e1pas\",\"datePublished\":\"2023-07-28T07:16:59+00:00\",\"mainEntityOfPage\":{\"@id\":\"https:\/\/fcspartaktrnava.com\/v-trnave-to-bude-iny-zapas\/\"},\"wordCount\":719,\"publisher\":{\"@id\":\"https:\/\/fcspartaktrnava.com\/#organization\"},\"image\":{\"@id\":\"https:\/\/fcspartaktrnava.com\/v-trnave-to-bude-iny-zapas\/#primaryimage\"},\"thumbnailUrl\":\"https:\/\/fcspartaktrnava.com\/wp-content\/uploads\/2023\/07\/DSC_0388-scaled.jpg\",\"keywords\":[\"Michal Ga\u0161par\u00edk\"],\"articleSection\":[\"Rozhovory\"],\"inLanguage\":\"en-GB\"},{\"@type\":\"WebPage\",\"@id\":\"https:\/\/fcspartaktrnava.com\/v-trnave-to-bude-iny-zapas\/\",\"url\":\"https:\/\/fcspartaktrnava.com\/v-trnave-to-bude-iny-zapas\/\",\"name\":\"V\u00a0Trnave to bude in\u00fd z\u00e1pas - FC Spartak Trnava\",\"isPartOf\":{\"@id\":\"https:\/\/fcspartaktrnava.com\/#website\"},\"primaryImageOfPage\":{\"@id\":\"https:\/\/fcspartaktrnava.com\/v-trnave-to-bude-iny-zapas\/#primaryimage\"},\"image\":{\"@id\":\"https:\/\/fcspartaktrnava.com\/v-trnave-to-bude-iny-zapas\/#primaryimage\"},\"thumbnailUrl\":\"https:\/\/fcspartaktrnava.com\/wp-content\/uploads\/2023\/07\/DSC_0388-scaled.jpg\",\"datePublished\":\"2023-07-28T07:16:59+00:00\",\"breadcrumb\":{\"@id\":\"https:\/\/fcspartaktrnava.com\/v-trnave-to-bude-iny-zapas\/#breadcrumb\"},\"inLanguage\":\"en-GB\",\"potentialAction\":[{\"@type\":\"ReadAction\",\"target\":[\"https:\/\/fcspartaktrnava.com\/v-trnave-to-bude-iny-zapas\/\"]}]},{\"@type\":\"ImageObject\",\"inLanguage\":\"en-GB\",\"@id\":\"https:\/\/fcspartaktrnava.com\/v-trnave-to-bude-iny-zapas\/#primaryimage\",\"url\":\"https:\/\/fcspartaktrnava.com\/wp-content\/uploads\/2023\/07\/DSC_0388-scaled.jpg\",\"contentUrl\":\"https:\/\/fcspartaktrnava.com\/wp-content\/uploads\/2023\/07\/DSC_0388-scaled.jpg\",\"width\":2560,\"height\":1707},{\"@type\":\"BreadcrumbList\",\"@id\":\"https:\/\/fcspartaktrnava.com\/v-trnave-to-bude-iny-zapas\/#breadcrumb\",\"itemListElement\":[{\"@type\":\"ListItem\",\"position\":1,\"name\":\"Home\",\"item\":\"https:\/\/fcspartaktrnava.com\/\"},{\"@type\":\"ListItem\",\"position\":2,\"name\":\"V\u00a0Trnave to bude in\u00fd z\u00e1pas\"}]},{\"@type\":\"WebSite\",\"@id\":\"https:\/\/fcspartaktrnava.com\/#website\",\"url\":\"https:\/\/fcspartaktrnava.com\/\",\"name\":\"FC Spartak Trnava\",\"description\":\"ofici\u00e1lna webstr\u00e1nka futbalov\u00e9ho klubu\",\"publisher\":{\"@id\":\"https:\/\/fcspartaktrnava.com\/#organization\"},\"potentialAction\":[{\"@type\":\"SearchAction\",\"target\":{\"@type\":\"EntryPoint\",\"urlTemplate\":\"https:\/\/fcspartaktrnava.com\/?s={search_term_string}\"},\"query-input\":{\"@type\":\"PropertyValueSpecification\",\"valueRequired\":true,\"valueName\":\"search_term_string\"}}],\"inLanguage\":\"en-GB\"},{\"@type\":\"Organization\",\"@id\":\"https:\/\/fcspartaktrnava.com\/#organization\",\"name\":\"FC Spartak Trnava\",\"alternateName\":\"Spartak\",\"url\":\"https:\/\/fcspartaktrnava.com\/\",\"logo\":{\"@type\":\"ImageObject\",\"inLanguage\":\"en-GB\",\"@id\":\"https:\/\/fcspartaktrnava.com\/#\/schema\/logo\/image\/\",\"url\":\"https:\/\/fcspartaktrnava.com\/wp-content\/uploads\/2022\/08\/cropped-site_logo.png\",\"contentUrl\":\"https:\/\/fcspartaktrnava.com\/wp-content\/uploads\/2022\/08\/cropped-site_logo.png\",\"width\":140,\"height\":140,\"caption\":\"FC Spartak Trnava\"},\"image\":{\"@id\":\"https:\/\/fcspartaktrnava.com\/#\/schema\/logo\/image\/\"},\"sameAs\":[\"https:\/\/www.facebook.com\/SpartakTrnava\",\"https:\/\/x.com\/SpartakTrnava1\",\"https:\/\/www.instagram.com\/spartak_sk\/\"]},{\"@type\":\"Person\",\"@id\":\"https:\/\/fcspartaktrnava.com\/#\/schema\/person\/24bc5b254af14f71d7d8af178790aa75\",\"name\":\"spartak\",\"image\":{\"@type\":\"ImageObject\",\"inLanguage\":\"en-GB\",\"@id\":\"https:\/\/fcspartaktrnava.com\/#\/schema\/person\/image\/\",\"url\":\"https:\/\/secure.gravatar.com\/avatar\/f8ff8584f3fcf3909a11a6da9019f37749183b4015bca14e64556c52614cdc7f?s=96&d=mm&r=g\",\"contentUrl\":\"https:\/\/secure.gravatar.com\/avatar\/f8ff8584f3fcf3909a11a6da9019f37749183b4015bca14e64556c52614cdc7f?s=96&d=mm&r=g\",\"caption\":\"spartak\"},\"url\":\"https:\/\/fcspartaktrnava.com\/en\/author\/spartak\/\"}]}<\/script>\n<!-- \/ Yoast SEO plugin. -->","yoast_head_json":{"title":"V\u00a0Trnave to bude in\u00fd z\u00e1pas - FC Spartak Trnava","robots":{"index":"index","follow":"follow","max-snippet":"max-snippet:-1","max-image-preview":"max-image-preview:large","max-video-preview":"max-video-preview:-1"},"canonical":"https:\/\/fcspartaktrnava.com\/en\/v-trnave-to-bude-iny-zapas\/","twitter_misc":{"Written by":"spartak","Estimated reading time":"3 minutes"},"schema":{"@context":"https:\/\/schema.org","@graph":[{"@type":"Article","@id":"https:\/\/fcspartaktrnava.com\/v-trnave-to-bude-iny-zapas\/#article","isPartOf":{"@id":"https:\/\/fcspartaktrnava.com\/v-trnave-to-bude-iny-zapas\/"},"author":{"name":"spartak","@id":"https:\/\/fcspartaktrnava.com\/#\/schema\/person\/24bc5b254af14f71d7d8af178790aa75"},"headline":"V\u00a0Trnave to bude in\u00fd z\u00e1pas","datePublished":"2023-07-28T07:16:59+00:00","mainEntityOfPage":{"@id":"https:\/\/fcspartaktrnava.com\/v-trnave-to-bude-iny-zapas\/"},"wordCount":719,"publisher":{"@id":"https:\/\/fcspartaktrnava.com\/#organization"},"image":{"@id":"https:\/\/fcspartaktrnava.com\/v-trnave-to-bude-iny-zapas\/#primaryimage"},"thumbnailUrl":"https:\/\/fcspartaktrnava.com\/wp-content\/uploads\/2023\/07\/DSC_0388-scaled.jpg","keywords":["Michal Ga\u0161par\u00edk"],"articleSection":["Rozhovory"],"inLanguage":"en-GB"},{"@type":"WebPage","@id":"https:\/\/fcspartaktrnava.com\/v-trnave-to-bude-iny-zapas\/","url":"https:\/\/fcspartaktrnava.com\/v-trnave-to-bude-iny-zapas\/","name":"V\u00a0Trnave to bude in\u00fd z\u00e1pas - FC Spartak Trnava","isPartOf":{"@id":"https:\/\/fcspartaktrnava.com\/#website"},"primaryImageOfPage":{"@id":"https:\/\/fcspartaktrnava.com\/v-trnave-to-bude-iny-zapas\/#primaryimage"},"image":{"@id":"https:\/\/fcspartaktrnava.com\/v-trnave-to-bude-iny-zapas\/#primaryimage"},"thumbnailUrl":"https:\/\/fcspartaktrnava.com\/wp-content\/uploads\/2023\/07\/DSC_0388-scaled.jpg","datePublished":"2023-07-28T07:16:59+00:00","breadcrumb":{"@id":"https:\/\/fcspartaktrnava.com\/v-trnave-to-bude-iny-zapas\/#breadcrumb"},"inLanguage":"en-GB","potentialAction":[{"@type":"ReadAction","target":["https:\/\/fcspartaktrnava.com\/v-trnave-to-bude-iny-zapas\/"]}]},{"@type":"ImageObject","inLanguage":"en-GB","@id":"https:\/\/fcspartaktrnava.com\/v-trnave-to-bude-iny-zapas\/#primaryimage","url":"https:\/\/fcspartaktrnava.com\/wp-content\/uploads\/2023\/07\/DSC_0388-scaled.jpg","contentUrl":"https:\/\/fcspartaktrnava.com\/wp-content\/uploads\/2023\/07\/DSC_0388-scaled.jpg","width":2560,"height":1707},{"@type":"BreadcrumbList","@id":"https:\/\/fcspartaktrnava.com\/v-trnave-to-bude-iny-zapas\/#breadcrumb","itemListElement":[{"@type":"ListItem","position":1,"name":"Home","item":"https:\/\/fcspartaktrnava.com\/"},{"@type":"ListItem","position":2,"name":"V\u00a0Trnave to bude in\u00fd z\u00e1pas"}]},{"@type":"WebSite","@id":"https:\/\/fcspartaktrnava.com\/#website","url":"https:\/\/fcspartaktrnava.com\/","name":"FC Spartak Trnava","description":"ofici\u00e1lna webstr\u00e1nka futbalov\u00e9ho klubu","publisher":{"@id":"https:\/\/fcspartaktrnava.com\/#organization"},"potentialAction":[{"@type":"SearchAction","target":{"@type":"EntryPoint","urlTemplate":"https:\/\/fcspartaktrnava.com\/?s={search_term_string}"},"query-input":{"@type":"PropertyValueSpecification","valueRequired":true,"valueName":"search_term_string"}}],"inLanguage":"en-GB"},{"@type":"Organization","@id":"https:\/\/fcspartaktrnava.com\/#organization","name":"FC Spartak Trnava","alternateName":"Spartak","url":"https:\/\/fcspartaktrnava.com\/","logo":{"@type":"ImageObject","inLanguage":"en-GB","@id":"https:\/\/fcspartaktrnava.com\/#\/schema\/logo\/image\/","url":"https:\/\/fcspartaktrnava.com\/wp-content\/uploads\/2022\/08\/cropped-site_logo.png","contentUrl":"https:\/\/fcspartaktrnava.com\/wp-content\/uploads\/2022\/08\/cropped-site_logo.png","width":140,"height":140,"caption":"FC Spartak Trnava"},"image":{"@id":"https:\/\/fcspartaktrnava.com\/#\/schema\/logo\/image\/"},"sameAs":["https:\/\/www.facebook.com\/SpartakTrnava","https:\/\/x.com\/SpartakTrnava1","https:\/\/www.instagram.com\/spartak_sk\/"]},{"@type":"Person","@id":"https:\/\/fcspartaktrnava.com\/#\/schema\/person\/24bc5b254af14f71d7d8af178790aa75","name":"spartak","image":{"@type":"ImageObject","inLanguage":"en-GB","@id":"https:\/\/fcspartaktrnava.com\/#\/schema\/person\/image\/","url":"https:\/\/secure.gravatar.com\/avatar\/f8ff8584f3fcf3909a11a6da9019f37749183b4015bca14e64556c52614cdc7f?s=96&d=mm&r=g","contentUrl":"https:\/\/secure.gravatar.com\/avatar\/f8ff8584f3fcf3909a11a6da9019f37749183b4015bca14e64556c52614cdc7f?s=96&d=mm&r=g","caption":"spartak"},"url":"https:\/\/fcspartaktrnava.com\/en\/author\/spartak\/"}]}},"_links":{"self":[{"href":"https:\/\/fcspartaktrnava.com\/en\/wp-json\/wp\/v2\/posts\/9089","targetHints":{"allow":["GET"]}}],"collection":[{"href":"https:\/\/fcspartaktrnava.com\/en\/wp-json\/wp\/v2\/posts"}],"about":[{"href":"https:\/\/fcspartaktrnava.com\/en\/wp-json\/wp\/v2\/types\/post"}],"author":[{"embeddable":true,"href":"https:\/\/fcspartaktrnava.com\/en\/wp-json\/wp\/v2\/users\/2"}],"replies":[{"embeddable":true,"href":"https:\/\/fcspartaktrnava.com\/en\/wp-json\/wp\/v2\/comments?post=9089"}],"version-history":[{"count":0,"href":"https:\/\/fcspartaktrnava.com\/en\/wp-json\/wp\/v2\/posts\/9089\/revisions"}],"wp:featuredmedia":[{"embeddable":true,"href":"https:\/\/fcspartaktrnava.com\/en\/wp-json\/wp\/v2\/media\/9082"}],"wp:attachment":[{"href":"https:\/\/fcspartaktrnava.com\/en\/wp-json\/wp\/v2\/media?parent=9089"}],"wp:term":[{"taxonomy":"category","embeddable":true,"href":"https:\/\/fcspartaktrnava.com\/en\/wp-json\/wp\/v2\/categories?post=9089"},{"taxonomy":"post_tag","embeddable":true,"href":"https:\/\/fcspartaktrnava.com\/en\/wp-json\/wp\/v2\/tags?post=9089"}],"curies":[{"name":"wp","href":"https:\/\/api.w.org\/{rel}","templated":true}]}}