{"id":8922,"date":"2023-07-25T22:27:01","date_gmt":"2023-07-25T20:27:01","guid":{"rendered":"https:\/\/fcspartaktrnava.com\/?p=8922"},"modified":"2023-07-26T15:43:50","modified_gmt":"2023-07-26T13:43:50","slug":"spartakovci-su-uz-v-rige","status":"publish","type":"post","link":"https:\/\/fcspartaktrnava.com\/en\/spartakovci-su-uz-v-rige\/","title":{"rendered":"Spartakovci s\u00fa u\u017e v Rige"},"content":{"rendered":"<p>Futbalisti Spartaka dnes absolvovali posledn\u00fd tr\u00e9ning na Slovensku pred odletom do Rigy, kde sa vo \u0161tvrtok stretn\u00fa s&nbsp;loty\u0161sk\u00fdm celkom FK Auda. S&nbsp;v\u00fdpravou necestovali len Jakub Paur a&nbsp;zranen\u00e1 dvojica obrancov Martin \u0160ulek, Kazeem Bolaji. Nech\u00fdbal v\u0161ak Luk\u00e1\u0161 \u0160tetina, ktor\u00fd u\u017e za\u010dal tr\u00e9nova\u0165, no jeho \u0161tart v&nbsp;ostrom z\u00e1pase je e\u0161te vzh\u013eadom na tr\u00e9ningov\u00e9 manko neist\u00fd.<\/p>\n\n\n\n<p><strong><em>\u201eIdeme tam na tri noci, potrebujeme ma\u0165 hr\u00e1\u010dov aj v&nbsp;tr\u00e9ningovom procese. U\u017e je stopercentne pripraven\u00fd, len to nem\u00e1me vysk\u00fa\u0161an\u00e9 v&nbsp;z\u00e1pase. Po Valencii vypadli e\u0161te nejak\u00ed hr\u00e1\u010di, ale u\u017e sa dali dokopy. Ko\u0161trna mal probl\u00e9m, Djuri\u010din vypadol na p\u00e1r dn\u00ed kv\u00f4li vir\u00f3ze, ale dnes tr\u00e9novali a&nbsp;cestuj\u00fa s&nbsp;nami. Tr\u00e9noval aj \u0160tef\u00e1nik, ktor\u00fd bude v&nbsp;z\u00e1kladnej zostave. Chyta\u0165 mal Tak\u00e1\u010d, ale jeho \u0161tart ot\u00e1zny\u201c<\/em><\/strong> povedal pred odletom tr\u00e9ner Michal Ga\u0161par\u00edk.<\/p>\n\n\n\n<p>Auda je moment\u00e1lne po 23. kol\u00e1ch loty\u0161skej ligy na 5. mieste a&nbsp;ke\u010f\u017ee tamoj\u0161ia s\u00fa\u0165a\u017e sa hr\u00e1 od jari do jesene, je v&nbsp;strede sez\u00f3ny. <strong><em>\u201eJe to mierna v\u00fdhoda, ale nerie\u0161il by som to, lebo my sme mali dobr\u00fa pr\u00edpravu a&nbsp;kvalitn\u00fdch s\u00faperov. Sme pripraven\u00ed. Na\u0161ou v\u00fdhodou je, \u017ee sa nehr\u00e1 na ich \u0161tadi\u00f3ne a&nbsp;nemaj\u00fa tam umel\u00fa tr\u00e1vu, na ktor\u00fa s\u00fa zvyknut\u00ed. Je to akoby na neutr\u00e1lnom ihrisku.\u201c<\/em><\/strong><\/p>\n\n\n\n<p>P\u00f4jde o&nbsp;prv\u00fa konfront\u00e1ciu trnavsk\u00e9ho klubu s&nbsp;loty\u0161sk\u00fdm futbalom. Navy\u0161e to nie je klub z&nbsp;hlavn\u00e9ho mesta, ale celok z&nbsp;men\u0161ieho mesta, ktor\u00fd podobne ako Spartak vyhral dom\u00e1ci poh\u00e1r. V&nbsp;Eur\u00f3pe pomerne nezn\u00e1my klub, no v&nbsp;dne\u0161nej dobe modern\u00fdch technol\u00f3gi\u00ed sa u\u017e ned\u00e1 utaji\u0165 ni\u010d a&nbsp;Trnav\u010dania si ho pozorne na\u0161tudovali. <strong><em>\u201eJe to zauj\u00edmav\u00fd t\u00edm, sna\u017eia sa hra\u0165 futbal, maj\u00fa tam kvalitn\u00fdch hr\u00e1\u010dov a&nbsp;hraj\u00fa tak\u00fd \u0161t\u00fdl, ktor\u00fd by n\u00e1m mohol vyhovova\u0165. Chc\u00fa hra\u0165 kon\u0161trukt\u00edvne, na ve\u013ea prihr\u00e1vok. My ich nebudeme chcie\u0165 nech\u00e1va\u0165, aby si to prihr\u00e1vali a&nbsp;to\u010dili, ur\u010dite im to chceme nar\u00fa\u0161a\u0165 o&nbsp;vysokom pressingu,\u201c<\/em><\/strong> hovor\u00ed Roman Proch\u00e1zka, ktor\u00fd sa u\u017e nevie do\u010dka\u0165, kedy vybehne na hraciu plochu.<\/p>\n\n\n\n<p><strong><em>\u201ePr\u00edpravn\u00e9 z\u00e1pasy s\u00fa jedna vec a\u00a0ostr\u00fd \u0161tart, liga a\u00a0Konferen\u010dn\u00e1 liga je nie\u010do in\u00e9. Uvid\u00edme ako sa s\u00a0t\u00fdm vysporiadame, ale mysl\u00edm, \u017ee sme pripraven\u00ed a\u00a0mali by sme to zvl\u00e1dnu\u0165. Ja sa na \u0161tart te\u0161\u00edm, m\u00e1m r\u00e1d s\u00fa\u0165a\u017en\u00e9 z\u00e1pasy, dok\u00e1\u017eem sa na ne viac koncentrova\u0165 a\u00a0motivova\u0165.\u201c<\/em><\/strong><\/p>\n\n\n\n<figure class=\"wp-block-embed is-type-video is-provider-youtube wp-block-embed-youtube wp-embed-aspect-16-9 wp-has-aspect-ratio\"><div class=\"wp-block-embed__wrapper\">\n<iframe loading=\"lazy\" title=\"Roman Proch\u00e1zka: Tak\u00e9to z\u00e1pasy m\u00e1m r\u00e1d a te\u0161\u00edm sa na ne\" width=\"500\" height=\"281\" src=\"https:\/\/www.youtube.com\/embed\/ghKk5LvfMiE?feature=oembed\" frameborder=\"0\" allow=\"accelerometer; autoplay; clipboard-write; encrypted-media; gyroscope; picture-in-picture; web-share\" referrerpolicy=\"strict-origin-when-cross-origin\" allowfullscreen><\/iframe>\n<\/div><\/figure>\n\n\n\n<p>Podobn\u00fd nedo\u010dkav\u00fd pocit za\u017e\u00edvaj\u00fa aj ostatn\u00ed hr\u00e1\u010di z&nbsp;k\u00e1dra, najm\u00e4 t\u00ed nov\u00ed, ktor\u00ed sa bud\u00fa chcie\u0165 uk\u00e1za\u0165 po prestupe do Spartaka. <strong><em>\u201eVid\u00edm na chlapcoch, \u017ee sa te\u0161ia na z\u00e1pas, pr\u00edpravy bolo dos\u0165. V&nbsp;t\u00fdch pr\u00edpravn\u00fdch z\u00e1pasoch bojujeme o&nbsp;nejak\u00e9 fleky v&nbsp;zostave, ale st\u00e1le to nie je adrenal\u00edn s\u00fa\u0165a\u017en\u00e9ho z\u00e1pasu. Vo \u0161tvrtok to vyvrchol\u00ed. Konkurencia v&nbsp;t\u00edme je ve\u013ek\u00e1, men\u00e1 na papieri vyzeraj\u00fa zauj\u00edmavo, ale u\u017e tu tak\u00fdch bolo ve\u013ea. Rozhoduje sa na hracej ploche a&nbsp;tam mus\u00ed hr\u00e1\u010d vyda\u0165 zo seba v\u0161etko. Potom to do seba zapadne, mu\u017estvo ho bude re\u0161pektova\u0165 a&nbsp;z\u00edska si aj div\u00e1kov,\u201c<\/em><\/strong> povedal pred odletom Martin Mikovi\u010d.<\/p>\n\n\n\n<p>Spartakovci doleteli do hlavn\u00e9ho mesta Loty\u0161ska kr\u00e1tko po 22. hodine miestneho \u010dasu a&nbsp;presunuli sa do hotela. Zajtra ich \u010dak\u00e1 predz\u00e1pasov\u00fd tr\u00e9ning na ihrisku Skonta Riga, kde sa bude vo \u0161tvrtok hra\u0165 z\u00e1pas.<\/p>","protected":false},"excerpt":{"rendered":"<p>Futbalisti Spartaka dnes absolvovali posledn\u00fd tr\u00e9ning na Slovensku&#8230;<\/p>","protected":false},"author":2,"featured_media":8923,"comment_status":"closed","ping_status":"closed","sticky":false,"template":"","format":"standard","meta":{"footnotes":""},"categories":[41],"tags":[11],"class_list":["post-8922","post","type-post","status-publish","format-standard","has-post-thumbnail","hentry","category-intervju","tag-michal-gasparik","post-number-1"],"yoast_head":"<!-- This site is optimized with the Yoast SEO plugin v27.1.1 - https:\/\/yoast.com\/product\/yoast-seo-wordpress\/ -->\n<title>Spartakovci s\u00fa u\u017e v Rige - FC Spartak Trnava<\/title>\n<meta name=\"robots\" content=\"index, follow, max-snippet:-1, max-image-preview:large, max-video-preview:-1\" \/>\n<link rel=\"canonical\" href=\"https:\/\/fcspartaktrnava.com\/en\/spartakovci-su-uz-v-rige\/\" \/>\n<meta name=\"twitter:label1\" content=\"Written by\" \/>\n\t<meta name=\"twitter:data1\" content=\"spartak\" \/>\n\t<meta name=\"twitter:label2\" content=\"Estimated reading time\" \/>\n\t<meta name=\"twitter:data2\" content=\"3 minutes\" \/>\n<script type=\"application\/ld+json\" class=\"yoast-schema-graph\">{\"@context\":\"https:\/\/schema.org\",\"@graph\":[{\"@type\":\"Article\",\"@id\":\"https:\/\/fcspartaktrnava.com\/spartakovci-su-uz-v-rige\/#article\",\"isPartOf\":{\"@id\":\"https:\/\/fcspartaktrnava.com\/spartakovci-su-uz-v-rige\/\"},\"author\":{\"name\":\"spartak\",\"@id\":\"https:\/\/fcspartaktrnava.com\/#\/schema\/person\/24bc5b254af14f71d7d8af178790aa75\"},\"headline\":\"Spartakovci s\u00fa u\u017e v Rige\",\"datePublished\":\"2023-07-25T20:27:01+00:00\",\"dateModified\":\"2023-07-26T13:43:50+00:00\",\"mainEntityOfPage\":{\"@id\":\"https:\/\/fcspartaktrnava.com\/spartakovci-su-uz-v-rige\/\"},\"wordCount\":664,\"publisher\":{\"@id\":\"https:\/\/fcspartaktrnava.com\/#organization\"},\"image\":{\"@id\":\"https:\/\/fcspartaktrnava.com\/spartakovci-su-uz-v-rige\/#primaryimage\"},\"thumbnailUrl\":\"https:\/\/fcspartaktrnava.com\/wp-content\/uploads\/2023\/07\/riga-prilet.jpg\",\"keywords\":[\"Michal Ga\u0161par\u00edk\"],\"articleSection\":[\"Rozhovory\"],\"inLanguage\":\"en-GB\"},{\"@type\":\"WebPage\",\"@id\":\"https:\/\/fcspartaktrnava.com\/spartakovci-su-uz-v-rige\/\",\"url\":\"https:\/\/fcspartaktrnava.com\/spartakovci-su-uz-v-rige\/\",\"name\":\"Spartakovci s\u00fa u\u017e v Rige - FC Spartak Trnava\",\"isPartOf\":{\"@id\":\"https:\/\/fcspartaktrnava.com\/#website\"},\"primaryImageOfPage\":{\"@id\":\"https:\/\/fcspartaktrnava.com\/spartakovci-su-uz-v-rige\/#primaryimage\"},\"image\":{\"@id\":\"https:\/\/fcspartaktrnava.com\/spartakovci-su-uz-v-rige\/#primaryimage\"},\"thumbnailUrl\":\"https:\/\/fcspartaktrnava.com\/wp-content\/uploads\/2023\/07\/riga-prilet.jpg\",\"datePublished\":\"2023-07-25T20:27:01+00:00\",\"dateModified\":\"2023-07-26T13:43:50+00:00\",\"breadcrumb\":{\"@id\":\"https:\/\/fcspartaktrnava.com\/spartakovci-su-uz-v-rige\/#breadcrumb\"},\"inLanguage\":\"en-GB\",\"potentialAction\":[{\"@type\":\"ReadAction\",\"target\":[\"https:\/\/fcspartaktrnava.com\/spartakovci-su-uz-v-rige\/\"]}]},{\"@type\":\"ImageObject\",\"inLanguage\":\"en-GB\",\"@id\":\"https:\/\/fcspartaktrnava.com\/spartakovci-su-uz-v-rige\/#primaryimage\",\"url\":\"https:\/\/fcspartaktrnava.com\/wp-content\/uploads\/2023\/07\/riga-prilet.jpg\",\"contentUrl\":\"https:\/\/fcspartaktrnava.com\/wp-content\/uploads\/2023\/07\/riga-prilet.jpg\",\"width\":1440,\"height\":1440},{\"@type\":\"BreadcrumbList\",\"@id\":\"https:\/\/fcspartaktrnava.com\/spartakovci-su-uz-v-rige\/#breadcrumb\",\"itemListElement\":[{\"@type\":\"ListItem\",\"position\":1,\"name\":\"Home\",\"item\":\"https:\/\/fcspartaktrnava.com\/\"},{\"@type\":\"ListItem\",\"position\":2,\"name\":\"Spartakovci s\u00fa u\u017e v Rige\"}]},{\"@type\":\"WebSite\",\"@id\":\"https:\/\/fcspartaktrnava.com\/#website\",\"url\":\"https:\/\/fcspartaktrnava.com\/\",\"name\":\"FC Spartak Trnava\",\"description\":\"ofici\u00e1lna webstr\u00e1nka futbalov\u00e9ho klubu\",\"publisher\":{\"@id\":\"https:\/\/fcspartaktrnava.com\/#organization\"},\"potentialAction\":[{\"@type\":\"SearchAction\",\"target\":{\"@type\":\"EntryPoint\",\"urlTemplate\":\"https:\/\/fcspartaktrnava.com\/?s={search_term_string}\"},\"query-input\":{\"@type\":\"PropertyValueSpecification\",\"valueRequired\":true,\"valueName\":\"search_term_string\"}}],\"inLanguage\":\"en-GB\"},{\"@type\":\"Organization\",\"@id\":\"https:\/\/fcspartaktrnava.com\/#organization\",\"name\":\"FC Spartak Trnava\",\"alternateName\":\"Spartak\",\"url\":\"https:\/\/fcspartaktrnava.com\/\",\"logo\":{\"@type\":\"ImageObject\",\"inLanguage\":\"en-GB\",\"@id\":\"https:\/\/fcspartaktrnava.com\/#\/schema\/logo\/image\/\",\"url\":\"https:\/\/fcspartaktrnava.com\/wp-content\/uploads\/2022\/08\/cropped-site_logo.png\",\"contentUrl\":\"https:\/\/fcspartaktrnava.com\/wp-content\/uploads\/2022\/08\/cropped-site_logo.png\",\"width\":140,\"height\":140,\"caption\":\"FC Spartak Trnava\"},\"image\":{\"@id\":\"https:\/\/fcspartaktrnava.com\/#\/schema\/logo\/image\/\"},\"sameAs\":[\"https:\/\/www.facebook.com\/SpartakTrnava\",\"https:\/\/x.com\/SpartakTrnava1\",\"https:\/\/www.instagram.com\/spartak_sk\/\"]},{\"@type\":\"Person\",\"@id\":\"https:\/\/fcspartaktrnava.com\/#\/schema\/person\/24bc5b254af14f71d7d8af178790aa75\",\"name\":\"spartak\",\"image\":{\"@type\":\"ImageObject\",\"inLanguage\":\"en-GB\",\"@id\":\"https:\/\/fcspartaktrnava.com\/#\/schema\/person\/image\/\",\"url\":\"https:\/\/secure.gravatar.com\/avatar\/f8ff8584f3fcf3909a11a6da9019f37749183b4015bca14e64556c52614cdc7f?s=96&d=mm&r=g\",\"contentUrl\":\"https:\/\/secure.gravatar.com\/avatar\/f8ff8584f3fcf3909a11a6da9019f37749183b4015bca14e64556c52614cdc7f?s=96&d=mm&r=g\",\"caption\":\"spartak\"},\"url\":\"https:\/\/fcspartaktrnava.com\/en\/author\/spartak\/\"}]}<\/script>\n<!-- \/ Yoast SEO plugin. -->","yoast_head_json":{"title":"Spartakovci s\u00fa u\u017e v Rige - FC Spartak Trnava","robots":{"index":"index","follow":"follow","max-snippet":"max-snippet:-1","max-image-preview":"max-image-preview:large","max-video-preview":"max-video-preview:-1"},"canonical":"https:\/\/fcspartaktrnava.com\/en\/spartakovci-su-uz-v-rige\/","twitter_misc":{"Written by":"spartak","Estimated reading time":"3 minutes"},"schema":{"@context":"https:\/\/schema.org","@graph":[{"@type":"Article","@id":"https:\/\/fcspartaktrnava.com\/spartakovci-su-uz-v-rige\/#article","isPartOf":{"@id":"https:\/\/fcspartaktrnava.com\/spartakovci-su-uz-v-rige\/"},"author":{"name":"spartak","@id":"https:\/\/fcspartaktrnava.com\/#\/schema\/person\/24bc5b254af14f71d7d8af178790aa75"},"headline":"Spartakovci s\u00fa u\u017e v Rige","datePublished":"2023-07-25T20:27:01+00:00","dateModified":"2023-07-26T13:43:50+00:00","mainEntityOfPage":{"@id":"https:\/\/fcspartaktrnava.com\/spartakovci-su-uz-v-rige\/"},"wordCount":664,"publisher":{"@id":"https:\/\/fcspartaktrnava.com\/#organization"},"image":{"@id":"https:\/\/fcspartaktrnava.com\/spartakovci-su-uz-v-rige\/#primaryimage"},"thumbnailUrl":"https:\/\/fcspartaktrnava.com\/wp-content\/uploads\/2023\/07\/riga-prilet.jpg","keywords":["Michal Ga\u0161par\u00edk"],"articleSection":["Rozhovory"],"inLanguage":"en-GB"},{"@type":"WebPage","@id":"https:\/\/fcspartaktrnava.com\/spartakovci-su-uz-v-rige\/","url":"https:\/\/fcspartaktrnava.com\/spartakovci-su-uz-v-rige\/","name":"Spartakovci s\u00fa u\u017e v Rige - FC Spartak Trnava","isPartOf":{"@id":"https:\/\/fcspartaktrnava.com\/#website"},"primaryImageOfPage":{"@id":"https:\/\/fcspartaktrnava.com\/spartakovci-su-uz-v-rige\/#primaryimage"},"image":{"@id":"https:\/\/fcspartaktrnava.com\/spartakovci-su-uz-v-rige\/#primaryimage"},"thumbnailUrl":"https:\/\/fcspartaktrnava.com\/wp-content\/uploads\/2023\/07\/riga-prilet.jpg","datePublished":"2023-07-25T20:27:01+00:00","dateModified":"2023-07-26T13:43:50+00:00","breadcrumb":{"@id":"https:\/\/fcspartaktrnava.com\/spartakovci-su-uz-v-rige\/#breadcrumb"},"inLanguage":"en-GB","potentialAction":[{"@type":"ReadAction","target":["https:\/\/fcspartaktrnava.com\/spartakovci-su-uz-v-rige\/"]}]},{"@type":"ImageObject","inLanguage":"en-GB","@id":"https:\/\/fcspartaktrnava.com\/spartakovci-su-uz-v-rige\/#primaryimage","url":"https:\/\/fcspartaktrnava.com\/wp-content\/uploads\/2023\/07\/riga-prilet.jpg","contentUrl":"https:\/\/fcspartaktrnava.com\/wp-content\/uploads\/2023\/07\/riga-prilet.jpg","width":1440,"height":1440},{"@type":"BreadcrumbList","@id":"https:\/\/fcspartaktrnava.com\/spartakovci-su-uz-v-rige\/#breadcrumb","itemListElement":[{"@type":"ListItem","position":1,"name":"Home","item":"https:\/\/fcspartaktrnava.com\/"},{"@type":"ListItem","position":2,"name":"Spartakovci s\u00fa u\u017e v Rige"}]},{"@type":"WebSite","@id":"https:\/\/fcspartaktrnava.com\/#website","url":"https:\/\/fcspartaktrnava.com\/","name":"FC Spartak Trnava","description":"ofici\u00e1lna webstr\u00e1nka futbalov\u00e9ho klubu","publisher":{"@id":"https:\/\/fcspartaktrnava.com\/#organization"},"potentialAction":[{"@type":"SearchAction","target":{"@type":"EntryPoint","urlTemplate":"https:\/\/fcspartaktrnava.com\/?s={search_term_string}"},"query-input":{"@type":"PropertyValueSpecification","valueRequired":true,"valueName":"search_term_string"}}],"inLanguage":"en-GB"},{"@type":"Organization","@id":"https:\/\/fcspartaktrnava.com\/#organization","name":"FC Spartak Trnava","alternateName":"Spartak","url":"https:\/\/fcspartaktrnava.com\/","logo":{"@type":"ImageObject","inLanguage":"en-GB","@id":"https:\/\/fcspartaktrnava.com\/#\/schema\/logo\/image\/","url":"https:\/\/fcspartaktrnava.com\/wp-content\/uploads\/2022\/08\/cropped-site_logo.png","contentUrl":"https:\/\/fcspartaktrnava.com\/wp-content\/uploads\/2022\/08\/cropped-site_logo.png","width":140,"height":140,"caption":"FC Spartak Trnava"},"image":{"@id":"https:\/\/fcspartaktrnava.com\/#\/schema\/logo\/image\/"},"sameAs":["https:\/\/www.facebook.com\/SpartakTrnava","https:\/\/x.com\/SpartakTrnava1","https:\/\/www.instagram.com\/spartak_sk\/"]},{"@type":"Person","@id":"https:\/\/fcspartaktrnava.com\/#\/schema\/person\/24bc5b254af14f71d7d8af178790aa75","name":"spartak","image":{"@type":"ImageObject","inLanguage":"en-GB","@id":"https:\/\/fcspartaktrnava.com\/#\/schema\/person\/image\/","url":"https:\/\/secure.gravatar.com\/avatar\/f8ff8584f3fcf3909a11a6da9019f37749183b4015bca14e64556c52614cdc7f?s=96&d=mm&r=g","contentUrl":"https:\/\/secure.gravatar.com\/avatar\/f8ff8584f3fcf3909a11a6da9019f37749183b4015bca14e64556c52614cdc7f?s=96&d=mm&r=g","caption":"spartak"},"url":"https:\/\/fcspartaktrnava.com\/en\/author\/spartak\/"}]}},"_links":{"self":[{"href":"https:\/\/fcspartaktrnava.com\/en\/wp-json\/wp\/v2\/posts\/8922","targetHints":{"allow":["GET"]}}],"collection":[{"href":"https:\/\/fcspartaktrnava.com\/en\/wp-json\/wp\/v2\/posts"}],"about":[{"href":"https:\/\/fcspartaktrnava.com\/en\/wp-json\/wp\/v2\/types\/post"}],"author":[{"embeddable":true,"href":"https:\/\/fcspartaktrnava.com\/en\/wp-json\/wp\/v2\/users\/2"}],"replies":[{"embeddable":true,"href":"https:\/\/fcspartaktrnava.com\/en\/wp-json\/wp\/v2\/comments?post=8922"}],"version-history":[{"count":0,"href":"https:\/\/fcspartaktrnava.com\/en\/wp-json\/wp\/v2\/posts\/8922\/revisions"}],"wp:featuredmedia":[{"embeddable":true,"href":"https:\/\/fcspartaktrnava.com\/en\/wp-json\/wp\/v2\/media\/8923"}],"wp:attachment":[{"href":"https:\/\/fcspartaktrnava.com\/en\/wp-json\/wp\/v2\/media?parent=8922"}],"wp:term":[{"taxonomy":"category","embeddable":true,"href":"https:\/\/fcspartaktrnava.com\/en\/wp-json\/wp\/v2\/categories?post=8922"},{"taxonomy":"post_tag","embeddable":true,"href":"https:\/\/fcspartaktrnava.com\/en\/wp-json\/wp\/v2\/tags?post=8922"}],"curies":[{"name":"wp","href":"https:\/\/api.w.org\/{rel}","templated":true}]}}