{"id":8910,"date":"2023-07-23T11:55:38","date_gmt":"2023-07-23T09:55:38","guid":{"rendered":"https:\/\/fcspartaktrnava.com\/?p=8910"},"modified":"2023-07-23T13:47:34","modified_gmt":"2023-07-23T11:47:34","slug":"dostojny-vrchol-storocnice-klubu","status":"publish","type":"post","link":"https:\/\/fcspartaktrnava.com\/en\/dostojny-vrchol-storocnice-klubu\/","title":{"rendered":"D\u00f4stojn\u00fd vrchol storo\u010dnice klubu"},"content":{"rendered":"<p>V\u010deraj\u0161\u00ed de\u0148 bol vydaren\u00fdm vyvrcholen\u00edm osl\u00e1v storo\u010dnice klubu ak\u00fdm je Spartak Trnava. V&nbsp;skratke mo\u017eno poveda\u0165, \u017ee tam bolo v\u0161etko, \u010do k&nbsp;dobr\u00e9mu z\u00e1pasu, ch\u00fdbala jedine g\u00f3lov\u00e1 rados\u0165, aby si zaplnen\u00e9 trib\u00fany mohli z&nbsp;pln\u00e9ho hrdla zakri\u010da\u0165. Pritom ani k&nbsp;tomu nebolo \u010faleko, lebo Marco Djuri\u010din mal mo\u017enos\u0165 posla\u0165 Spartak do vedenia u\u017e v&nbsp;\u00favode z\u00e1pasu. Penaltu v\u0161ak nepremenil a&nbsp;pri svojej druhej \u0161anci trafil ty\u010dku.<\/p>\n\n\n\n<p>Mari na druhej strane pon\u00faknut\u00fa mo\u017enos\u0165 kopa\u0165 \u0161tandardku z&nbsp;bieleho bodu vyu\u017eil a&nbsp;v\u010faka tomu Valencia vyhrala 1:0. V\u00fdsledok v\u0161ak v&nbsp;tomto pr\u00edpade nebol d\u00f4le\u017eit\u00fd. Ove\u013ea podstatnej\u0161ie bolo, \u017ee si v\u0161etci akt\u00e9ri z\u00e1pas u\u017eili.<\/p>\n\n\n\n<figure class=\"wp-block-gallery has-nested-images columns-default is-cropped wp-block-gallery-1 is-layout-flex wp-block-gallery-is-layout-flex\">\n<figure class=\"wp-block-image size-large\"><img loading=\"lazy\" decoding=\"async\" width=\"1024\" height=\"683\" data-id=\"8827\" src=\"https:\/\/fcspartaktrnava.com\/wp-content\/uploads\/2023\/07\/362937877_772820861511022_1332082951818304004_n-1024x683.jpg\" alt=\"\" class=\"wp-image-8827\" srcset=\"https:\/\/fcspartaktrnava.com\/wp-content\/uploads\/2023\/07\/362937877_772820861511022_1332082951818304004_n-1024x683.jpg 1024w, https:\/\/fcspartaktrnava.com\/wp-content\/uploads\/2023\/07\/362937877_772820861511022_1332082951818304004_n-300x200.jpg 300w, https:\/\/fcspartaktrnava.com\/wp-content\/uploads\/2023\/07\/362937877_772820861511022_1332082951818304004_n-768x512.jpg 768w, https:\/\/fcspartaktrnava.com\/wp-content\/uploads\/2023\/07\/362937877_772820861511022_1332082951818304004_n-1536x1024.jpg 1536w, https:\/\/fcspartaktrnava.com\/wp-content\/uploads\/2023\/07\/362937877_772820861511022_1332082951818304004_n-18x12.jpg 18w, https:\/\/fcspartaktrnava.com\/wp-content\/uploads\/2023\/07\/362937877_772820861511022_1332082951818304004_n.jpg 2048w\" sizes=\"auto, (max-width: 1024px) 100vw, 1024px\" \/><\/figure>\n\n\n\n<figure class=\"wp-block-image size-large\"><img loading=\"lazy\" decoding=\"async\" width=\"1024\" height=\"682\" data-id=\"8833\" src=\"https:\/\/fcspartaktrnava.com\/wp-content\/uploads\/2023\/07\/DSC_8496-1024x682.jpg\" alt=\"\" class=\"wp-image-8833\" srcset=\"https:\/\/fcspartaktrnava.com\/wp-content\/uploads\/2023\/07\/DSC_8496-1024x682.jpg 1024w, https:\/\/fcspartaktrnava.com\/wp-content\/uploads\/2023\/07\/DSC_8496-300x200.jpg 300w, https:\/\/fcspartaktrnava.com\/wp-content\/uploads\/2023\/07\/DSC_8496-768x512.jpg 768w, https:\/\/fcspartaktrnava.com\/wp-content\/uploads\/2023\/07\/DSC_8496-18x12.jpg 18w, https:\/\/fcspartaktrnava.com\/wp-content\/uploads\/2023\/07\/DSC_8496.jpg 1520w\" sizes=\"auto, (max-width: 1024px) 100vw, 1024px\" \/><\/figure>\n\n\n\n<figure class=\"wp-block-image size-large\"><img loading=\"lazy\" decoding=\"async\" width=\"1024\" height=\"682\" data-id=\"8837\" src=\"https:\/\/fcspartaktrnava.com\/wp-content\/uploads\/2023\/07\/DSC_8537-1024x682.jpg\" alt=\"\" class=\"wp-image-8837\" srcset=\"https:\/\/fcspartaktrnava.com\/wp-content\/uploads\/2023\/07\/DSC_8537-1024x682.jpg 1024w, https:\/\/fcspartaktrnava.com\/wp-content\/uploads\/2023\/07\/DSC_8537-300x200.jpg 300w, https:\/\/fcspartaktrnava.com\/wp-content\/uploads\/2023\/07\/DSC_8537-768x512.jpg 768w, https:\/\/fcspartaktrnava.com\/wp-content\/uploads\/2023\/07\/DSC_8537-18x12.jpg 18w, https:\/\/fcspartaktrnava.com\/wp-content\/uploads\/2023\/07\/DSC_8537.jpg 1520w\" sizes=\"auto, (max-width: 1024px) 100vw, 1024px\" \/><\/figure>\n\n\n\n<figure class=\"wp-block-image size-large\"><img loading=\"lazy\" decoding=\"async\" width=\"1024\" height=\"681\" data-id=\"8881\" src=\"https:\/\/fcspartaktrnava.com\/wp-content\/uploads\/2023\/07\/DSC_8807-1024x681.jpg\" alt=\"\" class=\"wp-image-8881\" srcset=\"https:\/\/fcspartaktrnava.com\/wp-content\/uploads\/2023\/07\/DSC_8807-1024x681.jpg 1024w, https:\/\/fcspartaktrnava.com\/wp-content\/uploads\/2023\/07\/DSC_8807-300x200.jpg 300w, https:\/\/fcspartaktrnava.com\/wp-content\/uploads\/2023\/07\/DSC_8807-768x511.jpg 768w, https:\/\/fcspartaktrnava.com\/wp-content\/uploads\/2023\/07\/DSC_8807-18x12.jpg 18w, https:\/\/fcspartaktrnava.com\/wp-content\/uploads\/2023\/07\/DSC_8807.jpg 1520w\" sizes=\"auto, (max-width: 1024px) 100vw, 1024px\" \/><\/figure>\n<\/figure>\n\n\n\n<p>U\u017e od prv\u00e9ho poludnia sa v&nbsp;okol\u00ed \u0161tadi\u00f3na za\u010dali zbieha\u0165 prv\u00ed fan\u00fa\u0161ikovia, ktor\u00ed sa dve hodiny mohli zabavi\u0165 vo fanz\u00f3ne a&nbsp;vari ani jedno die\u0165a, ktor\u00e9 sa zapojilo do niektorej zo s\u00fa\u0165a\u017e\u00ed neodi\u0161lo bez odmeny.<\/p>\n\n\n\n<p>Od 14. hodiny sa otvorili br\u00e1ny \u0161tadi\u00f3na a&nbsp;fan\u00fa\u0161ikovia v&nbsp;spartakovsk\u00fdch farb\u00e1ch si za\u010dali h\u013eada\u0165 svoje miesta. Do z\u00e1pasovej n\u00e1lady sa ich sna\u017eili dosta\u0165 trnavsk\u00e9 kapely Hudba z&nbsp;Marsu a&nbsp;Bystr\u00edk Banda. Zop\u00e1r \u0161\u0165astlivcov sa v&nbsp;prest\u00e1vkach dostalo aj priamo na hraciu plochu a&nbsp;t\u00ed naj\u0161\u0165astnej\u0161\u00ed si vykopali dres a&nbsp;permanentku na najbli\u017e\u0161iu sez\u00f3nu.<\/p>\n\n\n\n<p>Po rozcvi\u010dke oboch t\u00edmov a s&nbsp;bl\u00ed\u017eiacou sa 18. hodinou bolo c\u00edti\u0165, \u017ee sa chyst\u00e1 nie\u010do v\u00fdnimo\u010dn\u00e9. Pred sl\u00e1vnym s\u00faperom sa chceli predvies\u0165 aj fan\u00fa\u0161ikovia, ktor\u00ed pripravili gigantick\u00e9 choreo cez cel\u00fa z\u00e1padn\u00fa a&nbsp;severn\u00fa trib\u00fanu. V&nbsp;symbolickom \u010dase 19:23 pri ob\u010derstovacej prest\u00e1vke odp\u00e1lili oh\u0148ostroj a&nbsp;po\u010das cel\u00e9ho z\u00e1pasu mohutne povzbudzovali bez oh\u013eadu na nepriazniv\u00fd v\u00fdvoj sk\u00f3re.<\/p>\n\n\n\n<p>V\u010deraj\u0161ok pripomenul nielen to, \u017ee Spartak osl\u00e1vil svoje okr\u00fahle jubileum, ale aj skuto\u010dnos\u0165, \u017ee tak\u00e9to n\u00e1v\u0161tevy a\u00a0atmosf\u00e9ra neb\u00fdvali na \u0160tadi\u00f3ne Antona Malatinsk\u00e9ho ni\u010d\u00edm v\u00fdnimo\u010dn\u00fdm ani v\u00a0dom\u00e1cej s\u00fa\u0165a\u017ei. V\u0161etci pr\u00edtomn\u00ed by isto ocenili, keby sa rados\u0165 z futbalu znova vr\u00e1tila.<\/p>\n\n\n\n<div class=\"wp-block-buttons is-layout-flex wp-block-buttons-is-layout-flex\">\n<div class=\"wp-block-button aligncenter is-style-fill\"><a class=\"wp-block-button__link has-white-color has-text-color has-background wp-element-button\" href=\"https:\/\/fcspartaktrnava.com\/en\/galerii\/oslava-storocnice-klubu\/\" style=\"border-radius:0px;background-color:#d40133\" target=\"_blank\" rel=\"noreferrer noopener\">PHOTO GALLERY<\/a><\/div>\n<\/div>","protected":false},"excerpt":{"rendered":"<p>V\u010deraj\u0161\u00ed de\u0148 bol vydaren\u00fdm vyvrcholen\u00edm osl\u00e1v storo\u010dnice klubu&#8230;<\/p>","protected":false},"author":2,"featured_media":8832,"comment_status":"closed","ping_status":"closed","sticky":false,"template":"","format":"standard","meta":{"footnotes":""},"categories":[12],"tags":[],"class_list":["post-8910","post","type-post","status-publish","format-standard","has-post-thumbnail","hentry","category-spravy","post-number-1"],"yoast_head":"<!-- This site is optimized with the Yoast SEO plugin v27.1.1 - https:\/\/yoast.com\/product\/yoast-seo-wordpress\/ -->\n<title>D\u00f4stojn\u00fd vrchol storo\u010dnice klubu - FC Spartak Trnava<\/title>\n<meta name=\"robots\" content=\"index, follow, max-snippet:-1, max-image-preview:large, max-video-preview:-1\" \/>\n<link rel=\"canonical\" href=\"https:\/\/fcspartaktrnava.com\/en\/dostojny-vrchol-storocnice-klubu\/\" \/>\n<meta name=\"twitter:label1\" content=\"Written by\" \/>\n\t<meta name=\"twitter:data1\" content=\"spartak\" \/>\n\t<meta name=\"twitter:label2\" content=\"Estimated reading time\" \/>\n\t<meta name=\"twitter:data2\" content=\"3 minutes\" \/>\n<script type=\"application\/ld+json\" class=\"yoast-schema-graph\">{\"@context\":\"https:\/\/schema.org\",\"@graph\":[{\"@type\":\"Article\",\"@id\":\"https:\/\/fcspartaktrnava.com\/dostojny-vrchol-storocnice-klubu\/#article\",\"isPartOf\":{\"@id\":\"https:\/\/fcspartaktrnava.com\/dostojny-vrchol-storocnice-klubu\/\"},\"author\":{\"name\":\"spartak\",\"@id\":\"https:\/\/fcspartaktrnava.com\/#\/schema\/person\/24bc5b254af14f71d7d8af178790aa75\"},\"headline\":\"D\u00f4stojn\u00fd vrchol storo\u010dnice klubu\",\"datePublished\":\"2023-07-23T09:55:38+00:00\",\"dateModified\":\"2023-07-23T11:47:34+00:00\",\"mainEntityOfPage\":{\"@id\":\"https:\/\/fcspartaktrnava.com\/dostojny-vrchol-storocnice-klubu\/\"},\"wordCount\":415,\"publisher\":{\"@id\":\"https:\/\/fcspartaktrnava.com\/#organization\"},\"image\":{\"@id\":\"https:\/\/fcspartaktrnava.com\/dostojny-vrchol-storocnice-klubu\/#primaryimage\"},\"thumbnailUrl\":\"https:\/\/fcspartaktrnava.com\/wp-content\/uploads\/2023\/07\/DSC_8484.jpg\",\"articleSection\":[\"Spr\u00e1vy\"],\"inLanguage\":\"en-GB\"},{\"@type\":\"WebPage\",\"@id\":\"https:\/\/fcspartaktrnava.com\/dostojny-vrchol-storocnice-klubu\/\",\"url\":\"https:\/\/fcspartaktrnava.com\/dostojny-vrchol-storocnice-klubu\/\",\"name\":\"D\u00f4stojn\u00fd vrchol storo\u010dnice klubu - FC Spartak Trnava\",\"isPartOf\":{\"@id\":\"https:\/\/fcspartaktrnava.com\/#website\"},\"primaryImageOfPage\":{\"@id\":\"https:\/\/fcspartaktrnava.com\/dostojny-vrchol-storocnice-klubu\/#primaryimage\"},\"image\":{\"@id\":\"https:\/\/fcspartaktrnava.com\/dostojny-vrchol-storocnice-klubu\/#primaryimage\"},\"thumbnailUrl\":\"https:\/\/fcspartaktrnava.com\/wp-content\/uploads\/2023\/07\/DSC_8484.jpg\",\"datePublished\":\"2023-07-23T09:55:38+00:00\",\"dateModified\":\"2023-07-23T11:47:34+00:00\",\"breadcrumb\":{\"@id\":\"https:\/\/fcspartaktrnava.com\/dostojny-vrchol-storocnice-klubu\/#breadcrumb\"},\"inLanguage\":\"en-GB\",\"potentialAction\":[{\"@type\":\"ReadAction\",\"target\":[\"https:\/\/fcspartaktrnava.com\/dostojny-vrchol-storocnice-klubu\/\"]}]},{\"@type\":\"ImageObject\",\"inLanguage\":\"en-GB\",\"@id\":\"https:\/\/fcspartaktrnava.com\/dostojny-vrchol-storocnice-klubu\/#primaryimage\",\"url\":\"https:\/\/fcspartaktrnava.com\/wp-content\/uploads\/2023\/07\/DSC_8484.jpg\",\"contentUrl\":\"https:\/\/fcspartaktrnava.com\/wp-content\/uploads\/2023\/07\/DSC_8484.jpg\",\"width\":1520,\"height\":1013},{\"@type\":\"BreadcrumbList\",\"@id\":\"https:\/\/fcspartaktrnava.com\/dostojny-vrchol-storocnice-klubu\/#breadcrumb\",\"itemListElement\":[{\"@type\":\"ListItem\",\"position\":1,\"name\":\"Home\",\"item\":\"https:\/\/fcspartaktrnava.com\/\"},{\"@type\":\"ListItem\",\"position\":2,\"name\":\"D\u00f4stojn\u00fd vrchol storo\u010dnice klubu\"}]},{\"@type\":\"WebSite\",\"@id\":\"https:\/\/fcspartaktrnava.com\/#website\",\"url\":\"https:\/\/fcspartaktrnava.com\/\",\"name\":\"FC Spartak Trnava\",\"description\":\"ofici\u00e1lna webstr\u00e1nka futbalov\u00e9ho klubu\",\"publisher\":{\"@id\":\"https:\/\/fcspartaktrnava.com\/#organization\"},\"potentialAction\":[{\"@type\":\"SearchAction\",\"target\":{\"@type\":\"EntryPoint\",\"urlTemplate\":\"https:\/\/fcspartaktrnava.com\/?s={search_term_string}\"},\"query-input\":{\"@type\":\"PropertyValueSpecification\",\"valueRequired\":true,\"valueName\":\"search_term_string\"}}],\"inLanguage\":\"en-GB\"},{\"@type\":\"Organization\",\"@id\":\"https:\/\/fcspartaktrnava.com\/#organization\",\"name\":\"FC Spartak Trnava\",\"alternateName\":\"Spartak\",\"url\":\"https:\/\/fcspartaktrnava.com\/\",\"logo\":{\"@type\":\"ImageObject\",\"inLanguage\":\"en-GB\",\"@id\":\"https:\/\/fcspartaktrnava.com\/#\/schema\/logo\/image\/\",\"url\":\"https:\/\/fcspartaktrnava.com\/wp-content\/uploads\/2022\/08\/cropped-site_logo.png\",\"contentUrl\":\"https:\/\/fcspartaktrnava.com\/wp-content\/uploads\/2022\/08\/cropped-site_logo.png\",\"width\":140,\"height\":140,\"caption\":\"FC Spartak Trnava\"},\"image\":{\"@id\":\"https:\/\/fcspartaktrnava.com\/#\/schema\/logo\/image\/\"},\"sameAs\":[\"https:\/\/www.facebook.com\/SpartakTrnava\",\"https:\/\/x.com\/SpartakTrnava1\",\"https:\/\/www.instagram.com\/spartak_sk\/\"]},{\"@type\":\"Person\",\"@id\":\"https:\/\/fcspartaktrnava.com\/#\/schema\/person\/24bc5b254af14f71d7d8af178790aa75\",\"name\":\"spartak\",\"image\":{\"@type\":\"ImageObject\",\"inLanguage\":\"en-GB\",\"@id\":\"https:\/\/fcspartaktrnava.com\/#\/schema\/person\/image\/\",\"url\":\"https:\/\/secure.gravatar.com\/avatar\/f8ff8584f3fcf3909a11a6da9019f37749183b4015bca14e64556c52614cdc7f?s=96&d=mm&r=g\",\"contentUrl\":\"https:\/\/secure.gravatar.com\/avatar\/f8ff8584f3fcf3909a11a6da9019f37749183b4015bca14e64556c52614cdc7f?s=96&d=mm&r=g\",\"caption\":\"spartak\"},\"url\":\"https:\/\/fcspartaktrnava.com\/en\/author\/spartak\/\"}]}<\/script>\n<!-- \/ Yoast SEO plugin. -->","yoast_head_json":{"title":"D\u00f4stojn\u00fd vrchol storo\u010dnice klubu - FC Spartak Trnava","robots":{"index":"index","follow":"follow","max-snippet":"max-snippet:-1","max-image-preview":"max-image-preview:large","max-video-preview":"max-video-preview:-1"},"canonical":"https:\/\/fcspartaktrnava.com\/en\/dostojny-vrchol-storocnice-klubu\/","twitter_misc":{"Written by":"spartak","Estimated reading time":"3 minutes"},"schema":{"@context":"https:\/\/schema.org","@graph":[{"@type":"Article","@id":"https:\/\/fcspartaktrnava.com\/dostojny-vrchol-storocnice-klubu\/#article","isPartOf":{"@id":"https:\/\/fcspartaktrnava.com\/dostojny-vrchol-storocnice-klubu\/"},"author":{"name":"spartak","@id":"https:\/\/fcspartaktrnava.com\/#\/schema\/person\/24bc5b254af14f71d7d8af178790aa75"},"headline":"D\u00f4stojn\u00fd vrchol storo\u010dnice klubu","datePublished":"2023-07-23T09:55:38+00:00","dateModified":"2023-07-23T11:47:34+00:00","mainEntityOfPage":{"@id":"https:\/\/fcspartaktrnava.com\/dostojny-vrchol-storocnice-klubu\/"},"wordCount":415,"publisher":{"@id":"https:\/\/fcspartaktrnava.com\/#organization"},"image":{"@id":"https:\/\/fcspartaktrnava.com\/dostojny-vrchol-storocnice-klubu\/#primaryimage"},"thumbnailUrl":"https:\/\/fcspartaktrnava.com\/wp-content\/uploads\/2023\/07\/DSC_8484.jpg","articleSection":["Spr\u00e1vy"],"inLanguage":"en-GB"},{"@type":"WebPage","@id":"https:\/\/fcspartaktrnava.com\/dostojny-vrchol-storocnice-klubu\/","url":"https:\/\/fcspartaktrnava.com\/dostojny-vrchol-storocnice-klubu\/","name":"D\u00f4stojn\u00fd vrchol storo\u010dnice klubu - FC Spartak Trnava","isPartOf":{"@id":"https:\/\/fcspartaktrnava.com\/#website"},"primaryImageOfPage":{"@id":"https:\/\/fcspartaktrnava.com\/dostojny-vrchol-storocnice-klubu\/#primaryimage"},"image":{"@id":"https:\/\/fcspartaktrnava.com\/dostojny-vrchol-storocnice-klubu\/#primaryimage"},"thumbnailUrl":"https:\/\/fcspartaktrnava.com\/wp-content\/uploads\/2023\/07\/DSC_8484.jpg","datePublished":"2023-07-23T09:55:38+00:00","dateModified":"2023-07-23T11:47:34+00:00","breadcrumb":{"@id":"https:\/\/fcspartaktrnava.com\/dostojny-vrchol-storocnice-klubu\/#breadcrumb"},"inLanguage":"en-GB","potentialAction":[{"@type":"ReadAction","target":["https:\/\/fcspartaktrnava.com\/dostojny-vrchol-storocnice-klubu\/"]}]},{"@type":"ImageObject","inLanguage":"en-GB","@id":"https:\/\/fcspartaktrnava.com\/dostojny-vrchol-storocnice-klubu\/#primaryimage","url":"https:\/\/fcspartaktrnava.com\/wp-content\/uploads\/2023\/07\/DSC_8484.jpg","contentUrl":"https:\/\/fcspartaktrnava.com\/wp-content\/uploads\/2023\/07\/DSC_8484.jpg","width":1520,"height":1013},{"@type":"BreadcrumbList","@id":"https:\/\/fcspartaktrnava.com\/dostojny-vrchol-storocnice-klubu\/#breadcrumb","itemListElement":[{"@type":"ListItem","position":1,"name":"Home","item":"https:\/\/fcspartaktrnava.com\/"},{"@type":"ListItem","position":2,"name":"D\u00f4stojn\u00fd vrchol storo\u010dnice klubu"}]},{"@type":"WebSite","@id":"https:\/\/fcspartaktrnava.com\/#website","url":"https:\/\/fcspartaktrnava.com\/","name":"FC Spartak Trnava","description":"ofici\u00e1lna webstr\u00e1nka futbalov\u00e9ho klubu","publisher":{"@id":"https:\/\/fcspartaktrnava.com\/#organization"},"potentialAction":[{"@type":"SearchAction","target":{"@type":"EntryPoint","urlTemplate":"https:\/\/fcspartaktrnava.com\/?s={search_term_string}"},"query-input":{"@type":"PropertyValueSpecification","valueRequired":true,"valueName":"search_term_string"}}],"inLanguage":"en-GB"},{"@type":"Organization","@id":"https:\/\/fcspartaktrnava.com\/#organization","name":"FC Spartak Trnava","alternateName":"Spartak","url":"https:\/\/fcspartaktrnava.com\/","logo":{"@type":"ImageObject","inLanguage":"en-GB","@id":"https:\/\/fcspartaktrnava.com\/#\/schema\/logo\/image\/","url":"https:\/\/fcspartaktrnava.com\/wp-content\/uploads\/2022\/08\/cropped-site_logo.png","contentUrl":"https:\/\/fcspartaktrnava.com\/wp-content\/uploads\/2022\/08\/cropped-site_logo.png","width":140,"height":140,"caption":"FC Spartak Trnava"},"image":{"@id":"https:\/\/fcspartaktrnava.com\/#\/schema\/logo\/image\/"},"sameAs":["https:\/\/www.facebook.com\/SpartakTrnava","https:\/\/x.com\/SpartakTrnava1","https:\/\/www.instagram.com\/spartak_sk\/"]},{"@type":"Person","@id":"https:\/\/fcspartaktrnava.com\/#\/schema\/person\/24bc5b254af14f71d7d8af178790aa75","name":"spartak","image":{"@type":"ImageObject","inLanguage":"en-GB","@id":"https:\/\/fcspartaktrnava.com\/#\/schema\/person\/image\/","url":"https:\/\/secure.gravatar.com\/avatar\/f8ff8584f3fcf3909a11a6da9019f37749183b4015bca14e64556c52614cdc7f?s=96&d=mm&r=g","contentUrl":"https:\/\/secure.gravatar.com\/avatar\/f8ff8584f3fcf3909a11a6da9019f37749183b4015bca14e64556c52614cdc7f?s=96&d=mm&r=g","caption":"spartak"},"url":"https:\/\/fcspartaktrnava.com\/en\/author\/spartak\/"}]}},"_links":{"self":[{"href":"https:\/\/fcspartaktrnava.com\/en\/wp-json\/wp\/v2\/posts\/8910","targetHints":{"allow":["GET"]}}],"collection":[{"href":"https:\/\/fcspartaktrnava.com\/en\/wp-json\/wp\/v2\/posts"}],"about":[{"href":"https:\/\/fcspartaktrnava.com\/en\/wp-json\/wp\/v2\/types\/post"}],"author":[{"embeddable":true,"href":"https:\/\/fcspartaktrnava.com\/en\/wp-json\/wp\/v2\/users\/2"}],"replies":[{"embeddable":true,"href":"https:\/\/fcspartaktrnava.com\/en\/wp-json\/wp\/v2\/comments?post=8910"}],"version-history":[{"count":0,"href":"https:\/\/fcspartaktrnava.com\/en\/wp-json\/wp\/v2\/posts\/8910\/revisions"}],"wp:featuredmedia":[{"embeddable":true,"href":"https:\/\/fcspartaktrnava.com\/en\/wp-json\/wp\/v2\/media\/8832"}],"wp:attachment":[{"href":"https:\/\/fcspartaktrnava.com\/en\/wp-json\/wp\/v2\/media?parent=8910"}],"wp:term":[{"taxonomy":"category","embeddable":true,"href":"https:\/\/fcspartaktrnava.com\/en\/wp-json\/wp\/v2\/categories?post=8910"},{"taxonomy":"post_tag","embeddable":true,"href":"https:\/\/fcspartaktrnava.com\/en\/wp-json\/wp\/v2\/tags?post=8910"}],"curies":[{"name":"wp","href":"https:\/\/api.w.org\/{rel}","templated":true}]}}