{"id":8577,"date":"2023-07-14T12:10:47","date_gmt":"2023-07-14T10:10:47","guid":{"rendered":"https:\/\/fcspartaktrnava.com\/?p=8577"},"modified":"2023-07-14T15:08:41","modified_gmt":"2023-07-14T13:08:41","slug":"na-futbal-uz-len-s-kartou-alebo-mobilom","status":"publish","type":"post","link":"https:\/\/fcspartaktrnava.com\/en\/na-futbal-uz-len-s-kartou-alebo-mobilom\/","title":{"rendered":"Na futbal u\u017e len s\u00a0kartou alebo mobilom"},"content":{"rendered":"<p>Od novej sez\u00f3ny sa bude v&nbsp;priestoroch \u0161tadi\u00f3na da\u0165 plati\u0165 len bezhotovostne. Klub zav\u00e1dza novinku u\u017e od najbli\u017e\u0161ieho dom\u00e1ceho z\u00e1pasu 22. j\u00fala proti Valencii a&nbsp;bude plati\u0165 aj vo v\u0161etk\u00fdch stretnutiach na \u0160tadi\u00f3ne Antona Malatinsk\u00e9ho.<\/p>\n\n\n\n<p>Vedenie klubu sa pre t\u00fato zmenu rozhodlo kv\u00f4li zr\u00fdchleniu a&nbsp;zefekt\u00edvneniu servisu pri obsluhe v&nbsp;bufetoch. Odstr\u00e1nen\u00edm platieb v&nbsp;hotovosti sa skr\u00e1ti \u010das potrebn\u00fd na obsluhu, nako\u013eko pred\u00e1vaj\u00faci sa nemus\u00ed zaobera\u0165 manipul\u00e1ciou s hotovos\u0165ou, vr\u00e1ten\u00edm drobn\u00fdch alebo kontrolou falo\u0161n\u00fdch bankoviek. Z\u00e1kazn\u00edci bud\u00fa obsl\u00fa\u017een\u00ed r\u00fdchlej\u0161ie a&nbsp;pohodlnej\u0161ie a \u00faplne sa odb\u00faraj\u00fa aj pr\u00edpadn\u00e9 chyby pri vyd\u00e1van\u00ed.<\/p>\n\n\n\n<p>S\u00fa\u010das\u0165ou tejto zmeny bude zv\u00fd\u0161enie po\u010dtu rozn\u00e1\u0161a\u010dov tovaru na \u0161tadi\u00f3ne, v\u010faka ktor\u00fdm si m\u00f4\u017eete futbal u\u017e\u00edva\u0165 bez preru\u0161enia po\u010das cel\u00e9ho z\u00e1pasu a&nbsp;vyhn\u00fa\u0165 sa tak mo\u017en\u00fdm radom pred za\u010diatkom z\u00e1pasu a po\u010das pol\u010dasovej prest\u00e1vky.<\/p>\n\n\n\n<p>Plati\u0165 sa bude da\u0165 kartou, mobilom \u010di inteligentn\u00fdmi hodinkami, v&nbsp;z\u00e1vislosti od mo\u017enosti konkr\u00e9tnej banky. Sta\u010d\u00ed pribl\u00ed\u017ei\u0165 kartu alebo mobil k platobn\u00e9mu termin\u00e1lu a platba je uskuto\u010dnen\u00e1. &nbsp;<\/p>\n\n\n\n<p>Nezanedbate\u013en\u00e1 je isto aj bezpe\u010dnos\u0165. Netreba nosi\u0165 hotovos\u0165 so sebou a\u00a0b\u00e1\u0165 jej straty. Ak strat\u00edte pe\u0148a\u017eenku s hotovos\u0165ou, m\u00f4\u017eete pr\u00eds\u0165 o peniaze nav\u017edy. V pr\u00edpade straty alebo kr\u00e1de\u017ee karty m\u00f4\u017eete banku kontaktova\u0165 a zablokova\u0165 ju, \u010d\u00edm minimalizujete riziko straty pe\u0148az\u00ed.<\/p>\n\n\n\n<p>Nezabudli sme na fan\u00fa\u0161ikov, ktor\u00ed nemaj\u00fa platobn\u00fa kartu, \u010di u\u017e deti alebo d\u00f4chodcov, klub pripravuje rie\u0161enie vo forme kariet, ktor\u00e9 bude mo\u017en\u00e9 zak\u00fapi\u0165 pred z\u00e1pasom vo fanshope, na pokladni a na \u0161tadi\u00f3ne v hotovosti. <\/p>\n\n\n\n<p>#niktonezostanebezpiva<\/p>\n\n\n\n<figure class=\"wp-block-image size-large\"><img loading=\"lazy\" decoding=\"async\" width=\"1024\" height=\"1024\" src=\"https:\/\/fcspartaktrnava.com\/wp-content\/uploads\/2023\/07\/CASHLESS-SAM-4-002-1024x1024.png\" alt=\"\" class=\"wp-image-8579\" srcset=\"https:\/\/fcspartaktrnava.com\/wp-content\/uploads\/2023\/07\/CASHLESS-SAM-4-002-1024x1024.png 1024w, https:\/\/fcspartaktrnava.com\/wp-content\/uploads\/2023\/07\/CASHLESS-SAM-4-002-300x300.png 300w, https:\/\/fcspartaktrnava.com\/wp-content\/uploads\/2023\/07\/CASHLESS-SAM-4-002-150x150.png 150w, https:\/\/fcspartaktrnava.com\/wp-content\/uploads\/2023\/07\/CASHLESS-SAM-4-002-768x768.png 768w, https:\/\/fcspartaktrnava.com\/wp-content\/uploads\/2023\/07\/CASHLESS-SAM-4-002-12x12.png 12w, https:\/\/fcspartaktrnava.com\/wp-content\/uploads\/2023\/07\/CASHLESS-SAM-4-002.png 1080w\" sizes=\"auto, (max-width: 1024px) 100vw, 1024px\" \/><\/figure>\n\n\n\n<p><strong>Poh\u00e1re u\u017e nebud\u00fa z\u00e1lohovan\u00e9<\/strong><\/p>\n\n\n\n<p>Od novej sez\u00f3ny z\u00e1rove\u0148 kon\u010d\u00ed predaj n\u00e1pojov v z\u00e1lohovan\u00fdch poh\u00e1roch. Spartak v\u0161ak st\u00e1le db\u00e1 na nezvy\u0161ovanie environment\u00e1lnej z\u00e1\u0165a\u017ee a po\u010das jeho z\u00e1pasov sa bud\u00fa n\u00e1poje pred\u00e1va\u0165 v jednorazov\u00fdch kompostovate\u013en\u00fdch poh\u00e1roch, ktor\u00e9 s\u00fa vyroben\u00e9 z biologicky rozlo\u017eite\u013en\u00fdch materi\u00e1lov, ako s\u00fa napr\u00edklad rastlinn\u00e9 vl\u00e1kna, papier alebo \u0161krob. Po ich pou\u017eit\u00ed sa m\u00f4\u017eu rozlo\u017ei\u0165 v kompostovom prostred\u00ed a prispie\u0165 k vytv\u00e1raniu \u017eiv\u00edn pre p\u00f4du. To znamen\u00e1, \u017ee nezanech\u00e1vaj\u00fa pretrv\u00e1vaj\u00faci ekologick\u00fd odtla\u010dok a s\u00fa \u0161etrnej\u0161ie k \u017eivotn\u00e9mu prostrediu. Namiesto plastov\u00e9ho odpadu vytvor\u00edme u\u017eito\u010dn\u00fd kompost.<\/p>\n\n\n\n<p>Doteraz pou\u017e\u00edvan\u00e9 fan\u00fa\u0161ikovsk\u00e9 poh\u00e1re so spartakovskou tematikou bude mo\u017en\u00e9 zak\u00fapi\u0165 v&nbsp;klubovom fanshope.<\/p>\n\n\n\n<p><\/p>","protected":false},"excerpt":{"rendered":"<p>Od novej sez\u00f3ny sa bude v&nbsp;priestoroch \u0161tadi\u00f3na da\u0165&#8230;<\/p>","protected":false},"author":2,"featured_media":8578,"comment_status":"closed","ping_status":"closed","sticky":false,"template":"","format":"standard","meta":{"footnotes":""},"categories":[12],"tags":[92],"class_list":["post-8577","post","type-post","status-publish","format-standard","has-post-thumbnail","hentry","category-spravy","tag-cashless","post-number-1"],"yoast_head":"<!-- This site is optimized with the Yoast SEO plugin v27.1.1 - https:\/\/yoast.com\/product\/yoast-seo-wordpress\/ -->\n<title>Na futbal u\u017e len s\u00a0kartou alebo mobilom - FC Spartak Trnava<\/title>\n<meta name=\"robots\" content=\"index, follow, max-snippet:-1, max-image-preview:large, max-video-preview:-1\" \/>\n<link rel=\"canonical\" href=\"https:\/\/fcspartaktrnava.com\/en\/na-futbal-uz-len-s-kartou-alebo-mobilom\/\" \/>\n<meta name=\"twitter:label1\" content=\"Written by\" \/>\n\t<meta name=\"twitter:data1\" content=\"spartak\" \/>\n\t<meta name=\"twitter:label2\" content=\"Estimated reading time\" \/>\n\t<meta name=\"twitter:data2\" content=\"2 minutes\" \/>\n<script type=\"application\/ld+json\" class=\"yoast-schema-graph\">{\"@context\":\"https:\/\/schema.org\",\"@graph\":[{\"@type\":\"Article\",\"@id\":\"https:\/\/fcspartaktrnava.com\/na-futbal-uz-len-s-kartou-alebo-mobilom\/#article\",\"isPartOf\":{\"@id\":\"https:\/\/fcspartaktrnava.com\/na-futbal-uz-len-s-kartou-alebo-mobilom\/\"},\"author\":{\"name\":\"spartak\",\"@id\":\"https:\/\/fcspartaktrnava.com\/#\/schema\/person\/24bc5b254af14f71d7d8af178790aa75\"},\"headline\":\"Na futbal u\u017e len s\u00a0kartou alebo mobilom\",\"datePublished\":\"2023-07-14T10:10:47+00:00\",\"dateModified\":\"2023-07-14T13:08:41+00:00\",\"mainEntityOfPage\":{\"@id\":\"https:\/\/fcspartaktrnava.com\/na-futbal-uz-len-s-kartou-alebo-mobilom\/\"},\"wordCount\":478,\"publisher\":{\"@id\":\"https:\/\/fcspartaktrnava.com\/#organization\"},\"image\":{\"@id\":\"https:\/\/fcspartaktrnava.com\/na-futbal-uz-len-s-kartou-alebo-mobilom\/#primaryimage\"},\"thumbnailUrl\":\"https:\/\/fcspartaktrnava.com\/wp-content\/uploads\/2023\/07\/cashless-foto.jpg\",\"keywords\":[\"cashless\"],\"articleSection\":[\"Spr\u00e1vy\"],\"inLanguage\":\"en-GB\"},{\"@type\":\"WebPage\",\"@id\":\"https:\/\/fcspartaktrnava.com\/na-futbal-uz-len-s-kartou-alebo-mobilom\/\",\"url\":\"https:\/\/fcspartaktrnava.com\/na-futbal-uz-len-s-kartou-alebo-mobilom\/\",\"name\":\"Na futbal u\u017e len s\u00a0kartou alebo mobilom - FC Spartak Trnava\",\"isPartOf\":{\"@id\":\"https:\/\/fcspartaktrnava.com\/#website\"},\"primaryImageOfPage\":{\"@id\":\"https:\/\/fcspartaktrnava.com\/na-futbal-uz-len-s-kartou-alebo-mobilom\/#primaryimage\"},\"image\":{\"@id\":\"https:\/\/fcspartaktrnava.com\/na-futbal-uz-len-s-kartou-alebo-mobilom\/#primaryimage\"},\"thumbnailUrl\":\"https:\/\/fcspartaktrnava.com\/wp-content\/uploads\/2023\/07\/cashless-foto.jpg\",\"datePublished\":\"2023-07-14T10:10:47+00:00\",\"dateModified\":\"2023-07-14T13:08:41+00:00\",\"breadcrumb\":{\"@id\":\"https:\/\/fcspartaktrnava.com\/na-futbal-uz-len-s-kartou-alebo-mobilom\/#breadcrumb\"},\"inLanguage\":\"en-GB\",\"potentialAction\":[{\"@type\":\"ReadAction\",\"target\":[\"https:\/\/fcspartaktrnava.com\/na-futbal-uz-len-s-kartou-alebo-mobilom\/\"]}]},{\"@type\":\"ImageObject\",\"inLanguage\":\"en-GB\",\"@id\":\"https:\/\/fcspartaktrnava.com\/na-futbal-uz-len-s-kartou-alebo-mobilom\/#primaryimage\",\"url\":\"https:\/\/fcspartaktrnava.com\/wp-content\/uploads\/2023\/07\/cashless-foto.jpg\",\"contentUrl\":\"https:\/\/fcspartaktrnava.com\/wp-content\/uploads\/2023\/07\/cashless-foto.jpg\",\"width\":1440,\"height\":697},{\"@type\":\"BreadcrumbList\",\"@id\":\"https:\/\/fcspartaktrnava.com\/na-futbal-uz-len-s-kartou-alebo-mobilom\/#breadcrumb\",\"itemListElement\":[{\"@type\":\"ListItem\",\"position\":1,\"name\":\"Home\",\"item\":\"https:\/\/fcspartaktrnava.com\/\"},{\"@type\":\"ListItem\",\"position\":2,\"name\":\"Na futbal u\u017e len s\u00a0kartou alebo mobilom\"}]},{\"@type\":\"WebSite\",\"@id\":\"https:\/\/fcspartaktrnava.com\/#website\",\"url\":\"https:\/\/fcspartaktrnava.com\/\",\"name\":\"FC Spartak Trnava\",\"description\":\"ofici\u00e1lna webstr\u00e1nka futbalov\u00e9ho klubu\",\"publisher\":{\"@id\":\"https:\/\/fcspartaktrnava.com\/#organization\"},\"potentialAction\":[{\"@type\":\"SearchAction\",\"target\":{\"@type\":\"EntryPoint\",\"urlTemplate\":\"https:\/\/fcspartaktrnava.com\/?s={search_term_string}\"},\"query-input\":{\"@type\":\"PropertyValueSpecification\",\"valueRequired\":true,\"valueName\":\"search_term_string\"}}],\"inLanguage\":\"en-GB\"},{\"@type\":\"Organization\",\"@id\":\"https:\/\/fcspartaktrnava.com\/#organization\",\"name\":\"FC Spartak Trnava\",\"alternateName\":\"Spartak\",\"url\":\"https:\/\/fcspartaktrnava.com\/\",\"logo\":{\"@type\":\"ImageObject\",\"inLanguage\":\"en-GB\",\"@id\":\"https:\/\/fcspartaktrnava.com\/#\/schema\/logo\/image\/\",\"url\":\"https:\/\/fcspartaktrnava.com\/wp-content\/uploads\/2022\/08\/cropped-site_logo.png\",\"contentUrl\":\"https:\/\/fcspartaktrnava.com\/wp-content\/uploads\/2022\/08\/cropped-site_logo.png\",\"width\":140,\"height\":140,\"caption\":\"FC Spartak Trnava\"},\"image\":{\"@id\":\"https:\/\/fcspartaktrnava.com\/#\/schema\/logo\/image\/\"},\"sameAs\":[\"https:\/\/www.facebook.com\/SpartakTrnava\",\"https:\/\/x.com\/SpartakTrnava1\",\"https:\/\/www.instagram.com\/spartak_sk\/\"]},{\"@type\":\"Person\",\"@id\":\"https:\/\/fcspartaktrnava.com\/#\/schema\/person\/24bc5b254af14f71d7d8af178790aa75\",\"name\":\"spartak\",\"image\":{\"@type\":\"ImageObject\",\"inLanguage\":\"en-GB\",\"@id\":\"https:\/\/fcspartaktrnava.com\/#\/schema\/person\/image\/\",\"url\":\"https:\/\/secure.gravatar.com\/avatar\/f8ff8584f3fcf3909a11a6da9019f37749183b4015bca14e64556c52614cdc7f?s=96&d=mm&r=g\",\"contentUrl\":\"https:\/\/secure.gravatar.com\/avatar\/f8ff8584f3fcf3909a11a6da9019f37749183b4015bca14e64556c52614cdc7f?s=96&d=mm&r=g\",\"caption\":\"spartak\"},\"url\":\"https:\/\/fcspartaktrnava.com\/en\/author\/spartak\/\"}]}<\/script>\n<!-- \/ Yoast SEO plugin. -->","yoast_head_json":{"title":"Na futbal u\u017e len s\u00a0kartou alebo mobilom - FC Spartak Trnava","robots":{"index":"index","follow":"follow","max-snippet":"max-snippet:-1","max-image-preview":"max-image-preview:large","max-video-preview":"max-video-preview:-1"},"canonical":"https:\/\/fcspartaktrnava.com\/en\/na-futbal-uz-len-s-kartou-alebo-mobilom\/","twitter_misc":{"Written by":"spartak","Estimated reading time":"2 minutes"},"schema":{"@context":"https:\/\/schema.org","@graph":[{"@type":"Article","@id":"https:\/\/fcspartaktrnava.com\/na-futbal-uz-len-s-kartou-alebo-mobilom\/#article","isPartOf":{"@id":"https:\/\/fcspartaktrnava.com\/na-futbal-uz-len-s-kartou-alebo-mobilom\/"},"author":{"name":"spartak","@id":"https:\/\/fcspartaktrnava.com\/#\/schema\/person\/24bc5b254af14f71d7d8af178790aa75"},"headline":"Na futbal u\u017e len s\u00a0kartou alebo mobilom","datePublished":"2023-07-14T10:10:47+00:00","dateModified":"2023-07-14T13:08:41+00:00","mainEntityOfPage":{"@id":"https:\/\/fcspartaktrnava.com\/na-futbal-uz-len-s-kartou-alebo-mobilom\/"},"wordCount":478,"publisher":{"@id":"https:\/\/fcspartaktrnava.com\/#organization"},"image":{"@id":"https:\/\/fcspartaktrnava.com\/na-futbal-uz-len-s-kartou-alebo-mobilom\/#primaryimage"},"thumbnailUrl":"https:\/\/fcspartaktrnava.com\/wp-content\/uploads\/2023\/07\/cashless-foto.jpg","keywords":["cashless"],"articleSection":["Spr\u00e1vy"],"inLanguage":"en-GB"},{"@type":"WebPage","@id":"https:\/\/fcspartaktrnava.com\/na-futbal-uz-len-s-kartou-alebo-mobilom\/","url":"https:\/\/fcspartaktrnava.com\/na-futbal-uz-len-s-kartou-alebo-mobilom\/","name":"Na futbal u\u017e len s\u00a0kartou alebo mobilom - FC Spartak Trnava","isPartOf":{"@id":"https:\/\/fcspartaktrnava.com\/#website"},"primaryImageOfPage":{"@id":"https:\/\/fcspartaktrnava.com\/na-futbal-uz-len-s-kartou-alebo-mobilom\/#primaryimage"},"image":{"@id":"https:\/\/fcspartaktrnava.com\/na-futbal-uz-len-s-kartou-alebo-mobilom\/#primaryimage"},"thumbnailUrl":"https:\/\/fcspartaktrnava.com\/wp-content\/uploads\/2023\/07\/cashless-foto.jpg","datePublished":"2023-07-14T10:10:47+00:00","dateModified":"2023-07-14T13:08:41+00:00","breadcrumb":{"@id":"https:\/\/fcspartaktrnava.com\/na-futbal-uz-len-s-kartou-alebo-mobilom\/#breadcrumb"},"inLanguage":"en-GB","potentialAction":[{"@type":"ReadAction","target":["https:\/\/fcspartaktrnava.com\/na-futbal-uz-len-s-kartou-alebo-mobilom\/"]}]},{"@type":"ImageObject","inLanguage":"en-GB","@id":"https:\/\/fcspartaktrnava.com\/na-futbal-uz-len-s-kartou-alebo-mobilom\/#primaryimage","url":"https:\/\/fcspartaktrnava.com\/wp-content\/uploads\/2023\/07\/cashless-foto.jpg","contentUrl":"https:\/\/fcspartaktrnava.com\/wp-content\/uploads\/2023\/07\/cashless-foto.jpg","width":1440,"height":697},{"@type":"BreadcrumbList","@id":"https:\/\/fcspartaktrnava.com\/na-futbal-uz-len-s-kartou-alebo-mobilom\/#breadcrumb","itemListElement":[{"@type":"ListItem","position":1,"name":"Home","item":"https:\/\/fcspartaktrnava.com\/"},{"@type":"ListItem","position":2,"name":"Na futbal u\u017e len s\u00a0kartou alebo mobilom"}]},{"@type":"WebSite","@id":"https:\/\/fcspartaktrnava.com\/#website","url":"https:\/\/fcspartaktrnava.com\/","name":"FC Spartak Trnava","description":"ofici\u00e1lna webstr\u00e1nka futbalov\u00e9ho klubu","publisher":{"@id":"https:\/\/fcspartaktrnava.com\/#organization"},"potentialAction":[{"@type":"SearchAction","target":{"@type":"EntryPoint","urlTemplate":"https:\/\/fcspartaktrnava.com\/?s={search_term_string}"},"query-input":{"@type":"PropertyValueSpecification","valueRequired":true,"valueName":"search_term_string"}}],"inLanguage":"en-GB"},{"@type":"Organization","@id":"https:\/\/fcspartaktrnava.com\/#organization","name":"FC Spartak Trnava","alternateName":"Spartak","url":"https:\/\/fcspartaktrnava.com\/","logo":{"@type":"ImageObject","inLanguage":"en-GB","@id":"https:\/\/fcspartaktrnava.com\/#\/schema\/logo\/image\/","url":"https:\/\/fcspartaktrnava.com\/wp-content\/uploads\/2022\/08\/cropped-site_logo.png","contentUrl":"https:\/\/fcspartaktrnava.com\/wp-content\/uploads\/2022\/08\/cropped-site_logo.png","width":140,"height":140,"caption":"FC Spartak Trnava"},"image":{"@id":"https:\/\/fcspartaktrnava.com\/#\/schema\/logo\/image\/"},"sameAs":["https:\/\/www.facebook.com\/SpartakTrnava","https:\/\/x.com\/SpartakTrnava1","https:\/\/www.instagram.com\/spartak_sk\/"]},{"@type":"Person","@id":"https:\/\/fcspartaktrnava.com\/#\/schema\/person\/24bc5b254af14f71d7d8af178790aa75","name":"spartak","image":{"@type":"ImageObject","inLanguage":"en-GB","@id":"https:\/\/fcspartaktrnava.com\/#\/schema\/person\/image\/","url":"https:\/\/secure.gravatar.com\/avatar\/f8ff8584f3fcf3909a11a6da9019f37749183b4015bca14e64556c52614cdc7f?s=96&d=mm&r=g","contentUrl":"https:\/\/secure.gravatar.com\/avatar\/f8ff8584f3fcf3909a11a6da9019f37749183b4015bca14e64556c52614cdc7f?s=96&d=mm&r=g","caption":"spartak"},"url":"https:\/\/fcspartaktrnava.com\/en\/author\/spartak\/"}]}},"_links":{"self":[{"href":"https:\/\/fcspartaktrnava.com\/en\/wp-json\/wp\/v2\/posts\/8577","targetHints":{"allow":["GET"]}}],"collection":[{"href":"https:\/\/fcspartaktrnava.com\/en\/wp-json\/wp\/v2\/posts"}],"about":[{"href":"https:\/\/fcspartaktrnava.com\/en\/wp-json\/wp\/v2\/types\/post"}],"author":[{"embeddable":true,"href":"https:\/\/fcspartaktrnava.com\/en\/wp-json\/wp\/v2\/users\/2"}],"replies":[{"embeddable":true,"href":"https:\/\/fcspartaktrnava.com\/en\/wp-json\/wp\/v2\/comments?post=8577"}],"version-history":[{"count":0,"href":"https:\/\/fcspartaktrnava.com\/en\/wp-json\/wp\/v2\/posts\/8577\/revisions"}],"wp:featuredmedia":[{"embeddable":true,"href":"https:\/\/fcspartaktrnava.com\/en\/wp-json\/wp\/v2\/media\/8578"}],"wp:attachment":[{"href":"https:\/\/fcspartaktrnava.com\/en\/wp-json\/wp\/v2\/media?parent=8577"}],"wp:term":[{"taxonomy":"category","embeddable":true,"href":"https:\/\/fcspartaktrnava.com\/en\/wp-json\/wp\/v2\/categories?post=8577"},{"taxonomy":"post_tag","embeddable":true,"href":"https:\/\/fcspartaktrnava.com\/en\/wp-json\/wp\/v2\/tags?post=8577"}],"curies":[{"name":"wp","href":"https:\/\/api.w.org\/{rel}","templated":true}]}}