{"id":8436,"date":"2023-07-06T10:16:20","date_gmt":"2023-07-06T08:16:20","guid":{"rendered":"https:\/\/fcspartaktrnava.com\/?p=8436"},"modified":"2023-07-06T10:16:20","modified_gmt":"2023-07-06T08:16:20","slug":"sturm-ipswich-a-potom-valencia","status":"publish","type":"post","link":"https:\/\/fcspartaktrnava.com\/en\/sturm-ipswich-a-potom-valencia\/","title":{"rendered":"Sturm, Ipswich a\u00a0potom Valencia"},"content":{"rendered":"<p>Spartak \u010dak\u00e1 druh\u00fd blok pr\u00edpravy s&nbsp;tromi zauj\u00edmav\u00fdmi s\u00fapermi. U\u017e t\u00fato sobotu 8. j\u00fala nast\u00fapia Trnav\u010dania v&nbsp;rak\u00faskej obci Bad Blumau od 15. h s&nbsp;rak\u00faskym Sturmom Graz. O&nbsp;t\u00fd\u017ede\u0148 nesk\u00f4r si zmeraj\u00fa sily s&nbsp;nov\u00e1\u010dikom druhej najvy\u0161\u0161ej anglickej s\u00fa\u0165a\u017ee Ipswichom Town. Pr\u00e1ve tento z\u00e1pas m\u00f4\u017ee by\u0165 atrakt\u00edvny aj pre fan\u00fa\u0161ikov, ke\u010f\u017ee sa bude hra\u0165 s\u00edce tie\u017e v&nbsp;Rak\u00fasku, ale ne\u010faleko v&nbsp;obci Laa an der Thaya od 11 h. Vyvrcholenie pr\u00edpravy bude na \u0160tadi\u00f3ne Antona Malatinsk\u00e9ho v&nbsp;sobotu 22. j\u00fala z\u00e1pasom so \u0161panielskou Valenciou od 18. hodiny.<\/p>\n\n\n\n<p><strong><em>\u201eV t\u00fdchto z\u00e1pasoch u\u017e nebude tak\u00e9 mas\u00edvne striedanie, preto\u017ee t\u00ed najmlad\u0161\u00ed chalani sa presun\u00fa do Mal\u017een\u00edc, kde bud\u00fa v&nbsp;tr\u00e9ningovom procese a&nbsp;bud\u00fa tam ma\u0165 aj pr\u00edpravn\u00e9 z\u00e1pasy. \u010co sa n\u00e1\u0161ho k\u00e1dra t\u00fdka, tak pokia\u013e m\u00e1m 15-16 kvalitn\u00fdch hr\u00e1\u010dov, tak k&nbsp;tej rot\u00e1cii m\u00f4\u017ee pr\u00eds\u0165. Ka\u017ed\u00e1 poz\u00edcia je moment\u00e1lne otvoren\u00e1, chalani sa o&nbsp;to pobij\u00fa. N\u00e1s v\u0161ak bud\u00fa \u010daka\u0165 z\u00e1pasy \u0161tvrtok \u2013 nede\u013ea, ver\u00edm, \u017ee sa n\u00e1m bude v&nbsp;Eur\u00f3pe dari\u0165 postupova\u0165 \u010do najdlh\u0161ie, tak\u017ee potrebujeme v\u0161etk\u00fdch a ur\u010dite to nebude o&nbsp;desiatich hr\u00e1\u010doch,\u201c<\/em><\/strong> povedal Michal Ga\u0161par\u00edk.<\/p>","protected":false},"excerpt":{"rendered":"<p>Spartak \u010dak\u00e1 druh\u00fd blok pr\u00edpravy s&nbsp;tromi zauj\u00edmav\u00fdmi s\u00fapermi&#8230;.<\/p>","protected":false},"author":2,"featured_media":8399,"comment_status":"closed","ping_status":"closed","sticky":false,"template":"","format":"standard","meta":{"footnotes":""},"categories":[12],"tags":[11],"class_list":["post-8436","post","type-post","status-publish","format-standard","has-post-thumbnail","hentry","category-spravy","tag-michal-gasparik","post-number-1"],"yoast_head":"<!-- This site is optimized with the Yoast SEO plugin v27.1.1 - https:\/\/yoast.com\/product\/yoast-seo-wordpress\/ -->\n<title>Sturm, Ipswich a\u00a0potom Valencia - FC Spartak Trnava<\/title>\n<meta name=\"robots\" content=\"index, follow, max-snippet:-1, max-image-preview:large, max-video-preview:-1\" \/>\n<link rel=\"canonical\" href=\"https:\/\/fcspartaktrnava.com\/en\/sturm-ipswich-a-potom-valencia\/\" \/>\n<meta name=\"twitter:label1\" content=\"Written by\" \/>\n\t<meta name=\"twitter:data1\" content=\"spartak\" \/>\n\t<meta name=\"twitter:label2\" content=\"Estimated reading time\" \/>\n\t<meta name=\"twitter:data2\" content=\"1 minute\" \/>\n<script type=\"application\/ld+json\" class=\"yoast-schema-graph\">{\"@context\":\"https:\/\/schema.org\",\"@graph\":[{\"@type\":\"Article\",\"@id\":\"https:\/\/fcspartaktrnava.com\/sturm-ipswich-a-potom-valencia\/#article\",\"isPartOf\":{\"@id\":\"https:\/\/fcspartaktrnava.com\/sturm-ipswich-a-potom-valencia\/\"},\"author\":{\"name\":\"spartak\",\"@id\":\"https:\/\/fcspartaktrnava.com\/#\/schema\/person\/24bc5b254af14f71d7d8af178790aa75\"},\"headline\":\"Sturm, Ipswich a\u00a0potom Valencia\",\"datePublished\":\"2023-07-06T08:16:20+00:00\",\"mainEntityOfPage\":{\"@id\":\"https:\/\/fcspartaktrnava.com\/sturm-ipswich-a-potom-valencia\/\"},\"wordCount\":254,\"publisher\":{\"@id\":\"https:\/\/fcspartaktrnava.com\/#organization\"},\"image\":{\"@id\":\"https:\/\/fcspartaktrnava.com\/sturm-ipswich-a-potom-valencia\/#primaryimage\"},\"thumbnailUrl\":\"https:\/\/fcspartaktrnava.com\/wp-content\/uploads\/2023\/07\/DSC_5175.jpg\",\"keywords\":[\"Michal Ga\u0161par\u00edk\"],\"articleSection\":[\"Spr\u00e1vy\"],\"inLanguage\":\"en-GB\"},{\"@type\":\"WebPage\",\"@id\":\"https:\/\/fcspartaktrnava.com\/sturm-ipswich-a-potom-valencia\/\",\"url\":\"https:\/\/fcspartaktrnava.com\/sturm-ipswich-a-potom-valencia\/\",\"name\":\"Sturm, Ipswich a\u00a0potom Valencia - FC Spartak Trnava\",\"isPartOf\":{\"@id\":\"https:\/\/fcspartaktrnava.com\/#website\"},\"primaryImageOfPage\":{\"@id\":\"https:\/\/fcspartaktrnava.com\/sturm-ipswich-a-potom-valencia\/#primaryimage\"},\"image\":{\"@id\":\"https:\/\/fcspartaktrnava.com\/sturm-ipswich-a-potom-valencia\/#primaryimage\"},\"thumbnailUrl\":\"https:\/\/fcspartaktrnava.com\/wp-content\/uploads\/2023\/07\/DSC_5175.jpg\",\"datePublished\":\"2023-07-06T08:16:20+00:00\",\"breadcrumb\":{\"@id\":\"https:\/\/fcspartaktrnava.com\/sturm-ipswich-a-potom-valencia\/#breadcrumb\"},\"inLanguage\":\"en-GB\",\"potentialAction\":[{\"@type\":\"ReadAction\",\"target\":[\"https:\/\/fcspartaktrnava.com\/sturm-ipswich-a-potom-valencia\/\"]}]},{\"@type\":\"ImageObject\",\"inLanguage\":\"en-GB\",\"@id\":\"https:\/\/fcspartaktrnava.com\/sturm-ipswich-a-potom-valencia\/#primaryimage\",\"url\":\"https:\/\/fcspartaktrnava.com\/wp-content\/uploads\/2023\/07\/DSC_5175.jpg\",\"contentUrl\":\"https:\/\/fcspartaktrnava.com\/wp-content\/uploads\/2023\/07\/DSC_5175.jpg\",\"width\":1520,\"height\":1013},{\"@type\":\"BreadcrumbList\",\"@id\":\"https:\/\/fcspartaktrnava.com\/sturm-ipswich-a-potom-valencia\/#breadcrumb\",\"itemListElement\":[{\"@type\":\"ListItem\",\"position\":1,\"name\":\"Home\",\"item\":\"https:\/\/fcspartaktrnava.com\/\"},{\"@type\":\"ListItem\",\"position\":2,\"name\":\"Sturm, Ipswich a\u00a0potom Valencia\"}]},{\"@type\":\"WebSite\",\"@id\":\"https:\/\/fcspartaktrnava.com\/#website\",\"url\":\"https:\/\/fcspartaktrnava.com\/\",\"name\":\"FC Spartak Trnava\",\"description\":\"ofici\u00e1lna webstr\u00e1nka futbalov\u00e9ho klubu\",\"publisher\":{\"@id\":\"https:\/\/fcspartaktrnava.com\/#organization\"},\"potentialAction\":[{\"@type\":\"SearchAction\",\"target\":{\"@type\":\"EntryPoint\",\"urlTemplate\":\"https:\/\/fcspartaktrnava.com\/?s={search_term_string}\"},\"query-input\":{\"@type\":\"PropertyValueSpecification\",\"valueRequired\":true,\"valueName\":\"search_term_string\"}}],\"inLanguage\":\"en-GB\"},{\"@type\":\"Organization\",\"@id\":\"https:\/\/fcspartaktrnava.com\/#organization\",\"name\":\"FC Spartak Trnava\",\"alternateName\":\"Spartak\",\"url\":\"https:\/\/fcspartaktrnava.com\/\",\"logo\":{\"@type\":\"ImageObject\",\"inLanguage\":\"en-GB\",\"@id\":\"https:\/\/fcspartaktrnava.com\/#\/schema\/logo\/image\/\",\"url\":\"https:\/\/fcspartaktrnava.com\/wp-content\/uploads\/2022\/08\/cropped-site_logo.png\",\"contentUrl\":\"https:\/\/fcspartaktrnava.com\/wp-content\/uploads\/2022\/08\/cropped-site_logo.png\",\"width\":140,\"height\":140,\"caption\":\"FC Spartak Trnava\"},\"image\":{\"@id\":\"https:\/\/fcspartaktrnava.com\/#\/schema\/logo\/image\/\"},\"sameAs\":[\"https:\/\/www.facebook.com\/SpartakTrnava\",\"https:\/\/x.com\/SpartakTrnava1\",\"https:\/\/www.instagram.com\/spartak_sk\/\"]},{\"@type\":\"Person\",\"@id\":\"https:\/\/fcspartaktrnava.com\/#\/schema\/person\/24bc5b254af14f71d7d8af178790aa75\",\"name\":\"spartak\",\"image\":{\"@type\":\"ImageObject\",\"inLanguage\":\"en-GB\",\"@id\":\"https:\/\/fcspartaktrnava.com\/#\/schema\/person\/image\/\",\"url\":\"https:\/\/secure.gravatar.com\/avatar\/f8ff8584f3fcf3909a11a6da9019f37749183b4015bca14e64556c52614cdc7f?s=96&d=mm&r=g\",\"contentUrl\":\"https:\/\/secure.gravatar.com\/avatar\/f8ff8584f3fcf3909a11a6da9019f37749183b4015bca14e64556c52614cdc7f?s=96&d=mm&r=g\",\"caption\":\"spartak\"},\"url\":\"https:\/\/fcspartaktrnava.com\/en\/author\/spartak\/\"}]}<\/script>\n<!-- \/ Yoast SEO plugin. -->","yoast_head_json":{"title":"Sturm, Ipswich a\u00a0potom Valencia - FC Spartak Trnava","robots":{"index":"index","follow":"follow","max-snippet":"max-snippet:-1","max-image-preview":"max-image-preview:large","max-video-preview":"max-video-preview:-1"},"canonical":"https:\/\/fcspartaktrnava.com\/en\/sturm-ipswich-a-potom-valencia\/","twitter_misc":{"Written by":"spartak","Estimated reading time":"1 minute"},"schema":{"@context":"https:\/\/schema.org","@graph":[{"@type":"Article","@id":"https:\/\/fcspartaktrnava.com\/sturm-ipswich-a-potom-valencia\/#article","isPartOf":{"@id":"https:\/\/fcspartaktrnava.com\/sturm-ipswich-a-potom-valencia\/"},"author":{"name":"spartak","@id":"https:\/\/fcspartaktrnava.com\/#\/schema\/person\/24bc5b254af14f71d7d8af178790aa75"},"headline":"Sturm, Ipswich a\u00a0potom Valencia","datePublished":"2023-07-06T08:16:20+00:00","mainEntityOfPage":{"@id":"https:\/\/fcspartaktrnava.com\/sturm-ipswich-a-potom-valencia\/"},"wordCount":254,"publisher":{"@id":"https:\/\/fcspartaktrnava.com\/#organization"},"image":{"@id":"https:\/\/fcspartaktrnava.com\/sturm-ipswich-a-potom-valencia\/#primaryimage"},"thumbnailUrl":"https:\/\/fcspartaktrnava.com\/wp-content\/uploads\/2023\/07\/DSC_5175.jpg","keywords":["Michal Ga\u0161par\u00edk"],"articleSection":["Spr\u00e1vy"],"inLanguage":"en-GB"},{"@type":"WebPage","@id":"https:\/\/fcspartaktrnava.com\/sturm-ipswich-a-potom-valencia\/","url":"https:\/\/fcspartaktrnava.com\/sturm-ipswich-a-potom-valencia\/","name":"Sturm, Ipswich a\u00a0potom Valencia - FC Spartak Trnava","isPartOf":{"@id":"https:\/\/fcspartaktrnava.com\/#website"},"primaryImageOfPage":{"@id":"https:\/\/fcspartaktrnava.com\/sturm-ipswich-a-potom-valencia\/#primaryimage"},"image":{"@id":"https:\/\/fcspartaktrnava.com\/sturm-ipswich-a-potom-valencia\/#primaryimage"},"thumbnailUrl":"https:\/\/fcspartaktrnava.com\/wp-content\/uploads\/2023\/07\/DSC_5175.jpg","datePublished":"2023-07-06T08:16:20+00:00","breadcrumb":{"@id":"https:\/\/fcspartaktrnava.com\/sturm-ipswich-a-potom-valencia\/#breadcrumb"},"inLanguage":"en-GB","potentialAction":[{"@type":"ReadAction","target":["https:\/\/fcspartaktrnava.com\/sturm-ipswich-a-potom-valencia\/"]}]},{"@type":"ImageObject","inLanguage":"en-GB","@id":"https:\/\/fcspartaktrnava.com\/sturm-ipswich-a-potom-valencia\/#primaryimage","url":"https:\/\/fcspartaktrnava.com\/wp-content\/uploads\/2023\/07\/DSC_5175.jpg","contentUrl":"https:\/\/fcspartaktrnava.com\/wp-content\/uploads\/2023\/07\/DSC_5175.jpg","width":1520,"height":1013},{"@type":"BreadcrumbList","@id":"https:\/\/fcspartaktrnava.com\/sturm-ipswich-a-potom-valencia\/#breadcrumb","itemListElement":[{"@type":"ListItem","position":1,"name":"Home","item":"https:\/\/fcspartaktrnava.com\/"},{"@type":"ListItem","position":2,"name":"Sturm, Ipswich a\u00a0potom Valencia"}]},{"@type":"WebSite","@id":"https:\/\/fcspartaktrnava.com\/#website","url":"https:\/\/fcspartaktrnava.com\/","name":"FC Spartak Trnava","description":"ofici\u00e1lna webstr\u00e1nka futbalov\u00e9ho klubu","publisher":{"@id":"https:\/\/fcspartaktrnava.com\/#organization"},"potentialAction":[{"@type":"SearchAction","target":{"@type":"EntryPoint","urlTemplate":"https:\/\/fcspartaktrnava.com\/?s={search_term_string}"},"query-input":{"@type":"PropertyValueSpecification","valueRequired":true,"valueName":"search_term_string"}}],"inLanguage":"en-GB"},{"@type":"Organization","@id":"https:\/\/fcspartaktrnava.com\/#organization","name":"FC Spartak Trnava","alternateName":"Spartak","url":"https:\/\/fcspartaktrnava.com\/","logo":{"@type":"ImageObject","inLanguage":"en-GB","@id":"https:\/\/fcspartaktrnava.com\/#\/schema\/logo\/image\/","url":"https:\/\/fcspartaktrnava.com\/wp-content\/uploads\/2022\/08\/cropped-site_logo.png","contentUrl":"https:\/\/fcspartaktrnava.com\/wp-content\/uploads\/2022\/08\/cropped-site_logo.png","width":140,"height":140,"caption":"FC Spartak Trnava"},"image":{"@id":"https:\/\/fcspartaktrnava.com\/#\/schema\/logo\/image\/"},"sameAs":["https:\/\/www.facebook.com\/SpartakTrnava","https:\/\/x.com\/SpartakTrnava1","https:\/\/www.instagram.com\/spartak_sk\/"]},{"@type":"Person","@id":"https:\/\/fcspartaktrnava.com\/#\/schema\/person\/24bc5b254af14f71d7d8af178790aa75","name":"spartak","image":{"@type":"ImageObject","inLanguage":"en-GB","@id":"https:\/\/fcspartaktrnava.com\/#\/schema\/person\/image\/","url":"https:\/\/secure.gravatar.com\/avatar\/f8ff8584f3fcf3909a11a6da9019f37749183b4015bca14e64556c52614cdc7f?s=96&d=mm&r=g","contentUrl":"https:\/\/secure.gravatar.com\/avatar\/f8ff8584f3fcf3909a11a6da9019f37749183b4015bca14e64556c52614cdc7f?s=96&d=mm&r=g","caption":"spartak"},"url":"https:\/\/fcspartaktrnava.com\/en\/author\/spartak\/"}]}},"_links":{"self":[{"href":"https:\/\/fcspartaktrnava.com\/en\/wp-json\/wp\/v2\/posts\/8436","targetHints":{"allow":["GET"]}}],"collection":[{"href":"https:\/\/fcspartaktrnava.com\/en\/wp-json\/wp\/v2\/posts"}],"about":[{"href":"https:\/\/fcspartaktrnava.com\/en\/wp-json\/wp\/v2\/types\/post"}],"author":[{"embeddable":true,"href":"https:\/\/fcspartaktrnava.com\/en\/wp-json\/wp\/v2\/users\/2"}],"replies":[{"embeddable":true,"href":"https:\/\/fcspartaktrnava.com\/en\/wp-json\/wp\/v2\/comments?post=8436"}],"version-history":[{"count":0,"href":"https:\/\/fcspartaktrnava.com\/en\/wp-json\/wp\/v2\/posts\/8436\/revisions"}],"wp:featuredmedia":[{"embeddable":true,"href":"https:\/\/fcspartaktrnava.com\/en\/wp-json\/wp\/v2\/media\/8399"}],"wp:attachment":[{"href":"https:\/\/fcspartaktrnava.com\/en\/wp-json\/wp\/v2\/media?parent=8436"}],"wp:term":[{"taxonomy":"category","embeddable":true,"href":"https:\/\/fcspartaktrnava.com\/en\/wp-json\/wp\/v2\/categories?post=8436"},{"taxonomy":"post_tag","embeddable":true,"href":"https:\/\/fcspartaktrnava.com\/en\/wp-json\/wp\/v2\/tags?post=8436"}],"curies":[{"name":"wp","href":"https:\/\/api.w.org\/{rel}","templated":true}]}}