{"id":8352,"date":"2023-07-03T09:41:47","date_gmt":"2023-07-03T07:41:47","guid":{"rendered":"https:\/\/fcspartaktrnava.com\/?p=8352"},"modified":"2023-07-03T09:42:49","modified_gmt":"2023-07-03T07:42:49","slug":"najvyssia-slovenska-futbalova-sutaz-ponesie-nazov-nike-liga","status":"publish","type":"post","link":"https:\/\/fcspartaktrnava.com\/en\/najvyssia-slovenska-futbalova-sutaz-ponesie-nazov-nike-liga\/","title":{"rendered":"Najvy\u0161\u0161ia slovensk\u00e1 futbalov\u00e1 s\u00fa\u0165a\u017e ponesie n\u00e1zov Nik\u00e9 liga"},"content":{"rendered":"<figure class=\"wp-block-image size-full\"><a href=\"https:\/\/cityarena.maxiticket.sk\/fc-spartak-trnava-vs-valencia-cf-2023\"><img loading=\"lazy\" decoding=\"async\" width=\"960\" height=\"120\" src=\"https:\/\/fcspartaktrnava.com\/wp-content\/uploads\/2023\/06\/FCST-2324-zaklad_1-960-\u00d7-120-px-1.png\" alt=\"\" class=\"wp-image-8188\" srcset=\"https:\/\/fcspartaktrnava.com\/wp-content\/uploads\/2023\/06\/FCST-2324-zaklad_1-960-\u00d7-120-px-1.png 960w, https:\/\/fcspartaktrnava.com\/wp-content\/uploads\/2023\/06\/FCST-2324-zaklad_1-960-\u00d7-120-px-1-300x38.png 300w, https:\/\/fcspartaktrnava.com\/wp-content\/uploads\/2023\/06\/FCST-2324-zaklad_1-960-\u00d7-120-px-1-768x96.png 768w, https:\/\/fcspartaktrnava.com\/wp-content\/uploads\/2023\/06\/FCST-2324-zaklad_1-960-\u00d7-120-px-1-18x2.png 18w\" sizes=\"auto, (max-width: 960px) 100vw, 960px\" \/><\/a><\/figure>\n\n\n\n<p><em>Slovensk\u00fd ligov\u00fd futbal vstupuje do novej sez\u00f3ny s v\u00fdraznou posilou. Nov\u00fdm titul\u00e1rnym partnerom s\u00fa\u0165a\u017ee sa stala st\u00e1vkov\u00e1 spolo\u010dnos\u0165 Nik\u00e9. Od sez\u00f3ny 2023\/24 ponesie najvy\u0161\u0161ia slovensk\u00e1 futbalov\u00e1 s\u00fa\u0165a\u017e n\u00e1zov Nik\u00e9 liga.&nbsp;<\/em><\/p>\n\n\n\n<p>Vz\u00e1jomn\u00e9 partnerstvo ozn\u00e1mili z\u00e1stupcovia \u00danie ligov\u00fdch klubov a&nbsp;Nik\u00e9 na spolo\u010dnej tla\u010dovej konferencii v Bratislave, kde symbolicky v&nbsp;sobotu zah\u00e1jili nov\u00fd ro\u010dn\u00edk \u00favodn\u00fdm v\u00fdkopom. \u00daLK Marketing a&nbsp;Nik\u00e9 sa dohodli na trojro\u010dnej spolupr\u00e1ci s&nbsp;\u010fal\u0161ou opciou. Nov\u00e1 spolupr\u00e1ca na \u00farovni titul\u00e1rneho partnerstva je v\u00fdznamn\u00fdm m\u00ed\u013enikom v&nbsp;tridsa\u0165ro\u010dnej hist\u00f3rii najvy\u0161\u0161ej slovenskej ligy. Ide o&nbsp;historicky najvy\u0161\u0161ie finan\u010dn\u00e9 partnerstvo na \u00farovni centr\u00e1lnych marketingov\u00fdch pr\u00e1v v&nbsp;hist\u00f3rii samostatnej ligy.&nbsp;<\/p>\n\n\n\n<p><strong>\u201eJe to pre n\u00e1s v\u00fdznamn\u00fd krok k&nbsp;stabiliz\u00e1cii a&nbsp;e\u0161te v\u00e4\u010d\u0161ej profesionaliz\u00e1cii slovensk\u00e9ho ligov\u00e9ho futbalu. Ide o&nbsp;najvy\u0161\u0161ie finan\u010dn\u00e9 partnerstvo v&nbsp;hist\u00f3rii samostatnej ligy. V&nbsp;spolo\u010dnosti Nik\u00e9 sme na\u0161li partnera, ktor\u00fd s&nbsp;nami chce \u0165aha\u0165 za jeden povraz. Spolo\u010dn\u00fdmi silami chceme na\u0161u ligu rozv\u00edja\u0165, a&nbsp;to po \u0161portovej, aj marketingovej str\u00e1nke,\u201c<\/strong> povedal prezident \u00danie ligov\u00fdch klubov Ivan Koz\u00e1k.&nbsp;&nbsp;<\/p>\n\n\n\n<p>O&nbsp;v\u00fdznamnom kroku vo viac ako 32-ro\u010dnej hist\u00f3rii Nik\u00e9 hovor\u00ed aj gener\u00e1lny riadite\u013e st\u00e1vkovej spolo\u010dnosti Otto Berger. <strong>\u201eToto je \u010fal\u0161\u00ed ve\u013emi v\u00fdznamn\u00fd m\u00ed\u013enik v&nbsp;na\u0161ej hist\u00f3rii. M\u00e1m ve\u013ek\u00fa rados\u0165 a&nbsp;sme na to mimoriadne hrd\u00ed, \u017ee na\u0161a Nik\u00e9 je partnerom najlep\u0161ej \u0161portovkyne na Slovensku Petry Vlhovej a&nbsp;odteraz u\u017e aj najsledovanej\u0161ej a&nbsp;najpopul\u00e1rnej\u0161ej klubovej s\u00fa\u0165a\u017ee u&nbsp;n\u00e1s.\u201c&nbsp;<\/strong><\/p>\n\n\n\n<p>Nik\u00e9 liga vstupuje do novej sez\u00f3ny aj s&nbsp;nov\u00fdm logom. Jeho podstatu vysvet\u013euje v\u00fdkonn\u00fd riadite\u013e spolo\u010dnosti Nik\u00e9 Ing. Roman Berger: <strong>\u201eNa\u0161\u00edm z\u00e1merom bolo pripravi\u0165 v&nbsp;spolupr\u00e1ci s&nbsp;\u00daLK modern\u00e9 a&nbsp;energick\u00e9 logo. Mysl\u00edm si, \u017ee sa to podarilo. Jeho podstatou je prich\u00e1dzaj\u00faca lopta, ktor\u00e1 je neodmyslite\u013enou s\u00fa\u010das\u0165ou ka\u017ed\u00e9ho futbalov\u00e9ho z\u00e1pasu. Svojim pohybom zv\u00fdraz\u0148uje, \u017ee futbal je atrakt\u00edvna a dynamick\u00e1 hra.\u201c<\/strong><\/p>\n\n\n\n<p>V&nbsp;novej sez\u00f3ne \u00daLK s&nbsp;Nik\u00e9 chystaj\u00fa aj \u010fal\u0161ie aktivity. \u0164ah\u00e1kom pre fan\u00fa\u0161ikov bude Z\u00e1pas mesiaca, fanz\u00f3ny, Nik\u00e9 liga na dedine, ale aj aktivity v&nbsp;online priestore ako popul\u00e1rna Fantasy liga, \u010di nieko\u013eko noviniek. \u201e<strong>Novinkou je prvok na drese majstrovsk\u00e9ho t\u00edmu. Jeho hr\u00e1\u010di bud\u00fa ma\u0165 na hrudi symbol trofeje. Chyst\u00e1me \u0161peci\u00e1lny content na soci\u00e1lne siete, chyst\u00e1me eventy. Napl\u00e1novan\u00e9 m\u00e1me CSR aktivity, kde prostredn\u00edctvom n\u00e1\u0161ho Fondu pre bud\u00facnos\u0165 \u0161portu chceme podporova\u0165 \u0161portov\u00e9 talenty<\/strong>,\u201c hovor\u00ed v\u00fdkonn\u00fd riadite\u013e Nik\u00e9 Roman Berger a&nbsp;dod\u00e1va prianie: <strong>\u201eChceme, aby Nik\u00e9 liga bola atrakt\u00edvna pre v\u0161etky vekov\u00e9 kateg\u00f3rie. Aby si cestu na \u0161tadi\u00f3ny nach\u00e1dzalo \u010d\u00edm \u010falej t\u00fdm viac fan\u00fa\u0161ikov. Aby sa o&nbsp;Nik\u00e9 ligu \u013eudia zauj\u00edmali v&nbsp;online priestore, aby o&nbsp;nej diskutovali v\u0161ade.\u201c<\/strong>&nbsp;<\/p>\n\n\n\n<p>\u0160tart nov\u00e9ho ro\u010dn\u00edka Nik\u00e9 ligy je v&nbsp;piatok 28. j\u00fala. \u00davodn\u00fdm z\u00e1pasom bude region\u00e1lne derby MFK Dukla Bansk\u00e1 Bystrica \u2013 FK \u017deleziarne Podbrezov\u00e1 (28. j\u00fala o&nbsp;20:30 hod.). Najv\u00e4\u010d\u0161\u00edm \u0165ah\u00e1kom 1. kola bude duel nov\u00e1\u010dika sez\u00f3ny FC Ko\u0161ice s&nbsp;majstrovsk\u00fdm Slovanom Bratislava (sobota 28.9. o&nbsp;20:30 hod). V\u0161etky z\u00e1pasy Nik\u00e9 ligy bud\u00fa rovnako ako v&nbsp;uplynulej sez\u00f3ne dostupn\u00e9 na\u017eivo v&nbsp;streamovacej platforme Voyo a&nbsp;dva vybran\u00e9 duely bud\u00fa vysielan\u00e9 prostredn\u00edctvom line\u00e1rnej TV (Dajto a&nbsp;Nova Sport). Nov\u00e1\u010dikom Nik\u00e9 ligy s\u00fa Ko\u0161ice, titul bude obhajova\u0165 Slovan Bratislava, ktor\u00fd m\u00f4\u017ee v&nbsp;sez\u00f3ne 2023\/24 z\u00edska\u0165 u\u017e \u0161iesty majstrovsk\u00fd titul v&nbsp;rade.&nbsp;<\/p>","protected":false},"excerpt":{"rendered":"<p>Slovensk\u00fd ligov\u00fd futbal vstupuje do novej sez\u00f3ny s&#8230;<\/p>","protected":false},"author":2,"featured_media":8353,"comment_status":"closed","ping_status":"closed","sticky":false,"template":"","format":"standard","meta":{"footnotes":""},"categories":[12],"tags":[],"class_list":["post-8352","post","type-post","status-publish","format-standard","has-post-thumbnail","hentry","category-spravy","post-number-1"],"yoast_head":"<!-- This site is optimized with the Yoast SEO plugin v27.1.1 - https:\/\/yoast.com\/product\/yoast-seo-wordpress\/ -->\n<title>Najvy\u0161\u0161ia slovensk\u00e1 futbalov\u00e1 s\u00fa\u0165a\u017e ponesie n\u00e1zov Nik\u00e9 liga - FC Spartak Trnava<\/title>\n<meta name=\"robots\" content=\"index, follow, max-snippet:-1, max-image-preview:large, max-video-preview:-1\" \/>\n<link rel=\"canonical\" href=\"https:\/\/fcspartaktrnava.com\/en\/najvyssia-slovenska-futbalova-sutaz-ponesie-nazov-nike-liga\/\" \/>\n<meta name=\"twitter:label1\" content=\"Written by\" \/>\n\t<meta name=\"twitter:data1\" content=\"spartak\" \/>\n\t<meta name=\"twitter:label2\" content=\"Estimated reading time\" \/>\n\t<meta name=\"twitter:data2\" content=\"3 minutes\" \/>\n<script type=\"application\/ld+json\" class=\"yoast-schema-graph\">{\"@context\":\"https:\/\/schema.org\",\"@graph\":[{\"@type\":\"Article\",\"@id\":\"https:\/\/fcspartaktrnava.com\/najvyssia-slovenska-futbalova-sutaz-ponesie-nazov-nike-liga\/#article\",\"isPartOf\":{\"@id\":\"https:\/\/fcspartaktrnava.com\/najvyssia-slovenska-futbalova-sutaz-ponesie-nazov-nike-liga\/\"},\"author\":{\"name\":\"spartak\",\"@id\":\"https:\/\/fcspartaktrnava.com\/#\/schema\/person\/24bc5b254af14f71d7d8af178790aa75\"},\"headline\":\"Najvy\u0161\u0161ia slovensk\u00e1 futbalov\u00e1 s\u00fa\u0165a\u017e ponesie n\u00e1zov Nik\u00e9 liga\",\"datePublished\":\"2023-07-03T07:41:47+00:00\",\"dateModified\":\"2023-07-03T07:42:49+00:00\",\"mainEntityOfPage\":{\"@id\":\"https:\/\/fcspartaktrnava.com\/najvyssia-slovenska-futbalova-sutaz-ponesie-nazov-nike-liga\/\"},\"wordCount\":695,\"publisher\":{\"@id\":\"https:\/\/fcspartaktrnava.com\/#organization\"},\"image\":{\"@id\":\"https:\/\/fcspartaktrnava.com\/najvyssia-slovenska-futbalova-sutaz-ponesie-nazov-nike-liga\/#primaryimage\"},\"thumbnailUrl\":\"https:\/\/fcspartaktrnava.com\/wp-content\/uploads\/2023\/07\/20230701NIKE_LIGA_6-scaled.jpg\",\"articleSection\":[\"Spr\u00e1vy\"],\"inLanguage\":\"en-GB\"},{\"@type\":\"WebPage\",\"@id\":\"https:\/\/fcspartaktrnava.com\/najvyssia-slovenska-futbalova-sutaz-ponesie-nazov-nike-liga\/\",\"url\":\"https:\/\/fcspartaktrnava.com\/najvyssia-slovenska-futbalova-sutaz-ponesie-nazov-nike-liga\/\",\"name\":\"Najvy\u0161\u0161ia slovensk\u00e1 futbalov\u00e1 s\u00fa\u0165a\u017e ponesie n\u00e1zov Nik\u00e9 liga - FC Spartak Trnava\",\"isPartOf\":{\"@id\":\"https:\/\/fcspartaktrnava.com\/#website\"},\"primaryImageOfPage\":{\"@id\":\"https:\/\/fcspartaktrnava.com\/najvyssia-slovenska-futbalova-sutaz-ponesie-nazov-nike-liga\/#primaryimage\"},\"image\":{\"@id\":\"https:\/\/fcspartaktrnava.com\/najvyssia-slovenska-futbalova-sutaz-ponesie-nazov-nike-liga\/#primaryimage\"},\"thumbnailUrl\":\"https:\/\/fcspartaktrnava.com\/wp-content\/uploads\/2023\/07\/20230701NIKE_LIGA_6-scaled.jpg\",\"datePublished\":\"2023-07-03T07:41:47+00:00\",\"dateModified\":\"2023-07-03T07:42:49+00:00\",\"breadcrumb\":{\"@id\":\"https:\/\/fcspartaktrnava.com\/najvyssia-slovenska-futbalova-sutaz-ponesie-nazov-nike-liga\/#breadcrumb\"},\"inLanguage\":\"en-GB\",\"potentialAction\":[{\"@type\":\"ReadAction\",\"target\":[\"https:\/\/fcspartaktrnava.com\/najvyssia-slovenska-futbalova-sutaz-ponesie-nazov-nike-liga\/\"]}]},{\"@type\":\"ImageObject\",\"inLanguage\":\"en-GB\",\"@id\":\"https:\/\/fcspartaktrnava.com\/najvyssia-slovenska-futbalova-sutaz-ponesie-nazov-nike-liga\/#primaryimage\",\"url\":\"https:\/\/fcspartaktrnava.com\/wp-content\/uploads\/2023\/07\/20230701NIKE_LIGA_6-scaled.jpg\",\"contentUrl\":\"https:\/\/fcspartaktrnava.com\/wp-content\/uploads\/2023\/07\/20230701NIKE_LIGA_6-scaled.jpg\",\"width\":1828,\"height\":2560},{\"@type\":\"BreadcrumbList\",\"@id\":\"https:\/\/fcspartaktrnava.com\/najvyssia-slovenska-futbalova-sutaz-ponesie-nazov-nike-liga\/#breadcrumb\",\"itemListElement\":[{\"@type\":\"ListItem\",\"position\":1,\"name\":\"Home\",\"item\":\"https:\/\/fcspartaktrnava.com\/\"},{\"@type\":\"ListItem\",\"position\":2,\"name\":\"Najvy\u0161\u0161ia slovensk\u00e1 futbalov\u00e1 s\u00fa\u0165a\u017e ponesie n\u00e1zov Nik\u00e9 liga\"}]},{\"@type\":\"WebSite\",\"@id\":\"https:\/\/fcspartaktrnava.com\/#website\",\"url\":\"https:\/\/fcspartaktrnava.com\/\",\"name\":\"FC Spartak Trnava\",\"description\":\"ofici\u00e1lna webstr\u00e1nka futbalov\u00e9ho klubu\",\"publisher\":{\"@id\":\"https:\/\/fcspartaktrnava.com\/#organization\"},\"potentialAction\":[{\"@type\":\"SearchAction\",\"target\":{\"@type\":\"EntryPoint\",\"urlTemplate\":\"https:\/\/fcspartaktrnava.com\/?s={search_term_string}\"},\"query-input\":{\"@type\":\"PropertyValueSpecification\",\"valueRequired\":true,\"valueName\":\"search_term_string\"}}],\"inLanguage\":\"en-GB\"},{\"@type\":\"Organization\",\"@id\":\"https:\/\/fcspartaktrnava.com\/#organization\",\"name\":\"FC Spartak Trnava\",\"alternateName\":\"Spartak\",\"url\":\"https:\/\/fcspartaktrnava.com\/\",\"logo\":{\"@type\":\"ImageObject\",\"inLanguage\":\"en-GB\",\"@id\":\"https:\/\/fcspartaktrnava.com\/#\/schema\/logo\/image\/\",\"url\":\"https:\/\/fcspartaktrnava.com\/wp-content\/uploads\/2022\/08\/cropped-site_logo.png\",\"contentUrl\":\"https:\/\/fcspartaktrnava.com\/wp-content\/uploads\/2022\/08\/cropped-site_logo.png\",\"width\":140,\"height\":140,\"caption\":\"FC Spartak Trnava\"},\"image\":{\"@id\":\"https:\/\/fcspartaktrnava.com\/#\/schema\/logo\/image\/\"},\"sameAs\":[\"https:\/\/www.facebook.com\/SpartakTrnava\",\"https:\/\/x.com\/SpartakTrnava1\",\"https:\/\/www.instagram.com\/spartak_sk\/\"]},{\"@type\":\"Person\",\"@id\":\"https:\/\/fcspartaktrnava.com\/#\/schema\/person\/24bc5b254af14f71d7d8af178790aa75\",\"name\":\"spartak\",\"image\":{\"@type\":\"ImageObject\",\"inLanguage\":\"en-GB\",\"@id\":\"https:\/\/fcspartaktrnava.com\/#\/schema\/person\/image\/\",\"url\":\"https:\/\/secure.gravatar.com\/avatar\/f8ff8584f3fcf3909a11a6da9019f37749183b4015bca14e64556c52614cdc7f?s=96&d=mm&r=g\",\"contentUrl\":\"https:\/\/secure.gravatar.com\/avatar\/f8ff8584f3fcf3909a11a6da9019f37749183b4015bca14e64556c52614cdc7f?s=96&d=mm&r=g\",\"caption\":\"spartak\"},\"url\":\"https:\/\/fcspartaktrnava.com\/en\/author\/spartak\/\"}]}<\/script>\n<!-- \/ Yoast SEO plugin. -->","yoast_head_json":{"title":"Najvy\u0161\u0161ia slovensk\u00e1 futbalov\u00e1 s\u00fa\u0165a\u017e ponesie n\u00e1zov Nik\u00e9 liga - FC Spartak Trnava","robots":{"index":"index","follow":"follow","max-snippet":"max-snippet:-1","max-image-preview":"max-image-preview:large","max-video-preview":"max-video-preview:-1"},"canonical":"https:\/\/fcspartaktrnava.com\/en\/najvyssia-slovenska-futbalova-sutaz-ponesie-nazov-nike-liga\/","twitter_misc":{"Written by":"spartak","Estimated reading time":"3 minutes"},"schema":{"@context":"https:\/\/schema.org","@graph":[{"@type":"Article","@id":"https:\/\/fcspartaktrnava.com\/najvyssia-slovenska-futbalova-sutaz-ponesie-nazov-nike-liga\/#article","isPartOf":{"@id":"https:\/\/fcspartaktrnava.com\/najvyssia-slovenska-futbalova-sutaz-ponesie-nazov-nike-liga\/"},"author":{"name":"spartak","@id":"https:\/\/fcspartaktrnava.com\/#\/schema\/person\/24bc5b254af14f71d7d8af178790aa75"},"headline":"Najvy\u0161\u0161ia slovensk\u00e1 futbalov\u00e1 s\u00fa\u0165a\u017e ponesie n\u00e1zov Nik\u00e9 liga","datePublished":"2023-07-03T07:41:47+00:00","dateModified":"2023-07-03T07:42:49+00:00","mainEntityOfPage":{"@id":"https:\/\/fcspartaktrnava.com\/najvyssia-slovenska-futbalova-sutaz-ponesie-nazov-nike-liga\/"},"wordCount":695,"publisher":{"@id":"https:\/\/fcspartaktrnava.com\/#organization"},"image":{"@id":"https:\/\/fcspartaktrnava.com\/najvyssia-slovenska-futbalova-sutaz-ponesie-nazov-nike-liga\/#primaryimage"},"thumbnailUrl":"https:\/\/fcspartaktrnava.com\/wp-content\/uploads\/2023\/07\/20230701NIKE_LIGA_6-scaled.jpg","articleSection":["Spr\u00e1vy"],"inLanguage":"en-GB"},{"@type":"WebPage","@id":"https:\/\/fcspartaktrnava.com\/najvyssia-slovenska-futbalova-sutaz-ponesie-nazov-nike-liga\/","url":"https:\/\/fcspartaktrnava.com\/najvyssia-slovenska-futbalova-sutaz-ponesie-nazov-nike-liga\/","name":"Najvy\u0161\u0161ia slovensk\u00e1 futbalov\u00e1 s\u00fa\u0165a\u017e ponesie n\u00e1zov Nik\u00e9 liga - FC Spartak Trnava","isPartOf":{"@id":"https:\/\/fcspartaktrnava.com\/#website"},"primaryImageOfPage":{"@id":"https:\/\/fcspartaktrnava.com\/najvyssia-slovenska-futbalova-sutaz-ponesie-nazov-nike-liga\/#primaryimage"},"image":{"@id":"https:\/\/fcspartaktrnava.com\/najvyssia-slovenska-futbalova-sutaz-ponesie-nazov-nike-liga\/#primaryimage"},"thumbnailUrl":"https:\/\/fcspartaktrnava.com\/wp-content\/uploads\/2023\/07\/20230701NIKE_LIGA_6-scaled.jpg","datePublished":"2023-07-03T07:41:47+00:00","dateModified":"2023-07-03T07:42:49+00:00","breadcrumb":{"@id":"https:\/\/fcspartaktrnava.com\/najvyssia-slovenska-futbalova-sutaz-ponesie-nazov-nike-liga\/#breadcrumb"},"inLanguage":"en-GB","potentialAction":[{"@type":"ReadAction","target":["https:\/\/fcspartaktrnava.com\/najvyssia-slovenska-futbalova-sutaz-ponesie-nazov-nike-liga\/"]}]},{"@type":"ImageObject","inLanguage":"en-GB","@id":"https:\/\/fcspartaktrnava.com\/najvyssia-slovenska-futbalova-sutaz-ponesie-nazov-nike-liga\/#primaryimage","url":"https:\/\/fcspartaktrnava.com\/wp-content\/uploads\/2023\/07\/20230701NIKE_LIGA_6-scaled.jpg","contentUrl":"https:\/\/fcspartaktrnava.com\/wp-content\/uploads\/2023\/07\/20230701NIKE_LIGA_6-scaled.jpg","width":1828,"height":2560},{"@type":"BreadcrumbList","@id":"https:\/\/fcspartaktrnava.com\/najvyssia-slovenska-futbalova-sutaz-ponesie-nazov-nike-liga\/#breadcrumb","itemListElement":[{"@type":"ListItem","position":1,"name":"Home","item":"https:\/\/fcspartaktrnava.com\/"},{"@type":"ListItem","position":2,"name":"Najvy\u0161\u0161ia slovensk\u00e1 futbalov\u00e1 s\u00fa\u0165a\u017e ponesie n\u00e1zov Nik\u00e9 liga"}]},{"@type":"WebSite","@id":"https:\/\/fcspartaktrnava.com\/#website","url":"https:\/\/fcspartaktrnava.com\/","name":"FC Spartak Trnava","description":"ofici\u00e1lna webstr\u00e1nka futbalov\u00e9ho klubu","publisher":{"@id":"https:\/\/fcspartaktrnava.com\/#organization"},"potentialAction":[{"@type":"SearchAction","target":{"@type":"EntryPoint","urlTemplate":"https:\/\/fcspartaktrnava.com\/?s={search_term_string}"},"query-input":{"@type":"PropertyValueSpecification","valueRequired":true,"valueName":"search_term_string"}}],"inLanguage":"en-GB"},{"@type":"Organization","@id":"https:\/\/fcspartaktrnava.com\/#organization","name":"FC Spartak Trnava","alternateName":"Spartak","url":"https:\/\/fcspartaktrnava.com\/","logo":{"@type":"ImageObject","inLanguage":"en-GB","@id":"https:\/\/fcspartaktrnava.com\/#\/schema\/logo\/image\/","url":"https:\/\/fcspartaktrnava.com\/wp-content\/uploads\/2022\/08\/cropped-site_logo.png","contentUrl":"https:\/\/fcspartaktrnava.com\/wp-content\/uploads\/2022\/08\/cropped-site_logo.png","width":140,"height":140,"caption":"FC Spartak Trnava"},"image":{"@id":"https:\/\/fcspartaktrnava.com\/#\/schema\/logo\/image\/"},"sameAs":["https:\/\/www.facebook.com\/SpartakTrnava","https:\/\/x.com\/SpartakTrnava1","https:\/\/www.instagram.com\/spartak_sk\/"]},{"@type":"Person","@id":"https:\/\/fcspartaktrnava.com\/#\/schema\/person\/24bc5b254af14f71d7d8af178790aa75","name":"spartak","image":{"@type":"ImageObject","inLanguage":"en-GB","@id":"https:\/\/fcspartaktrnava.com\/#\/schema\/person\/image\/","url":"https:\/\/secure.gravatar.com\/avatar\/f8ff8584f3fcf3909a11a6da9019f37749183b4015bca14e64556c52614cdc7f?s=96&d=mm&r=g","contentUrl":"https:\/\/secure.gravatar.com\/avatar\/f8ff8584f3fcf3909a11a6da9019f37749183b4015bca14e64556c52614cdc7f?s=96&d=mm&r=g","caption":"spartak"},"url":"https:\/\/fcspartaktrnava.com\/en\/author\/spartak\/"}]}},"_links":{"self":[{"href":"https:\/\/fcspartaktrnava.com\/en\/wp-json\/wp\/v2\/posts\/8352","targetHints":{"allow":["GET"]}}],"collection":[{"href":"https:\/\/fcspartaktrnava.com\/en\/wp-json\/wp\/v2\/posts"}],"about":[{"href":"https:\/\/fcspartaktrnava.com\/en\/wp-json\/wp\/v2\/types\/post"}],"author":[{"embeddable":true,"href":"https:\/\/fcspartaktrnava.com\/en\/wp-json\/wp\/v2\/users\/2"}],"replies":[{"embeddable":true,"href":"https:\/\/fcspartaktrnava.com\/en\/wp-json\/wp\/v2\/comments?post=8352"}],"version-history":[{"count":0,"href":"https:\/\/fcspartaktrnava.com\/en\/wp-json\/wp\/v2\/posts\/8352\/revisions"}],"wp:featuredmedia":[{"embeddable":true,"href":"https:\/\/fcspartaktrnava.com\/en\/wp-json\/wp\/v2\/media\/8353"}],"wp:attachment":[{"href":"https:\/\/fcspartaktrnava.com\/en\/wp-json\/wp\/v2\/media?parent=8352"}],"wp:term":[{"taxonomy":"category","embeddable":true,"href":"https:\/\/fcspartaktrnava.com\/en\/wp-json\/wp\/v2\/categories?post=8352"},{"taxonomy":"post_tag","embeddable":true,"href":"https:\/\/fcspartaktrnava.com\/en\/wp-json\/wp\/v2\/tags?post=8352"}],"curies":[{"name":"wp","href":"https:\/\/api.w.org\/{rel}","templated":true}]}}