{"id":8268,"date":"2023-06-29T09:19:20","date_gmt":"2023-06-29T07:19:20","guid":{"rendered":"https:\/\/fcspartaktrnava.com\/?p=8268"},"modified":"2023-06-29T09:20:30","modified_gmt":"2023-06-29T07:20:30","slug":"sulek-uz-aj-ako-kapitan","status":"publish","type":"post","link":"https:\/\/fcspartaktrnava.com\/en\/sulek-uz-aj-ako-kapitan\/","title":{"rendered":"\u0160ulek u\u017e aj ako kapit\u00e1n"},"content":{"rendered":"<figure class=\"wp-block-image size-full\"><a href=\"https:\/\/cityarena.maxiticket.sk\/fc-spartak-trnava-vs-valencia-cf-2023\"><img loading=\"lazy\" decoding=\"async\" width=\"960\" height=\"120\" src=\"https:\/\/fcspartaktrnava.com\/wp-content\/uploads\/2023\/06\/FCST-2324-zaklad_1-960-\u00d7-120-px-1.png\" alt=\"\" class=\"wp-image-8188\" srcset=\"https:\/\/fcspartaktrnava.com\/wp-content\/uploads\/2023\/06\/FCST-2324-zaklad_1-960-\u00d7-120-px-1.png 960w, https:\/\/fcspartaktrnava.com\/wp-content\/uploads\/2023\/06\/FCST-2324-zaklad_1-960-\u00d7-120-px-1-300x38.png 300w, https:\/\/fcspartaktrnava.com\/wp-content\/uploads\/2023\/06\/FCST-2324-zaklad_1-960-\u00d7-120-px-1-768x96.png 768w, https:\/\/fcspartaktrnava.com\/wp-content\/uploads\/2023\/06\/FCST-2324-zaklad_1-960-\u00d7-120-px-1-18x2.png 18w\" sizes=\"auto, (max-width: 960px) 100vw, 960px\" \/><\/a><\/figure>\n\n\n\n<p>Zatia\u013e posledn\u00fdm pr\u00edrastkom do k\u00e1dra Michala Ga\u0161par\u00edka je dvadsa\u0165p\u00e4\u0165ro\u010dn\u00fd slovensk\u00fd futbalista Martin \u0160ulek. Posledn\u00fa sez\u00f3nu str\u00e1vil v&nbsp;po\u013eskom klube Wisla Plock, no vr\u00e1til sa na Slovensko a&nbsp;Spartak bude po Tren\u010d\u00edne a&nbsp;Seredi jeho tre\u0165ou ligovou zast\u00e1vkou.<\/p>\n\n\n\n<p><strong><em>\u201eV&nbsp;Po\u013esku sa udiali nejak\u00e9 veci, vypadli sme z&nbsp;ligy a&nbsp;n\u00e1sledne sa mi ozval tr\u00e9ner Ga\u0161par\u00edk, \u017ee \u010di by som nechcel pr\u00eds\u0165 nasp\u00e4\u0165 na Slovensko do Trnavy, lebo maj\u00fa o&nbsp;m\u0148a z\u00e1ujem. Rie\u0161il som to s&nbsp;agentom, aj v&nbsp;Po\u013esku cez Wislu, kde mi dali s\u00fahlas na prestup. V&nbsp;priebehu troch &#8211; \u0161tyroch dn\u00ed sa to v\u0161etko vybavilo,\u201c<\/em><\/strong> hovor\u00ed futbalista, ktor\u00e9ho viedol v&nbsp;Po\u013esku Pavol Sta\u0148o a&nbsp;aj na jeho odpor\u00fa\u010danie sa zrodil presun do Spartaka.<\/p>\n\n\n\n<p>\u0160ulek m\u00e1 na svojom konte viac ako 150 ligov\u00fdch z\u00e1pasov na Slovensku. Proti Trnave nastupoval zatia\u013e iba ako s\u00faper. Trnavsk\u00fd \u0161tadi\u00f3n v\u0161ak pozn\u00e1 dokonalo, ke\u010f\u017ee pred rokom ho mala ako domovsk\u00fd aj Sere\u010f, za ktor\u00fa hr\u00e1val. <strong><em>\u201eOdkedy som odi\u0161iel, tak som slovensk\u00fa ligu pr\u00edli\u0161 nesledoval, ale \u010do si pam\u00e4t\u00e1m, tak z\u00e1pasy proti Trnave mali dobr\u00e9 tempo, gr\u00e1dy. V\u00e4\u010d\u0161inu chalanov pozn\u00e1m, z&nbsp;videnia \u010di osobne.\u201c<\/em><\/strong><\/p>\n\n\n\n<p>Za v\u00fdpravou \u010derveno-\u010diernych odletel a\u017e o\u00a0de\u0148 nesk\u00f4r, lebo napriek zr\u00fdchlen\u00e9mu prestupu nestihol odchod do Slovinska. V\u00a0oboch pr\u00edpravn\u00fdch z\u00e1pasoch proti chorv\u00e1tskym celkom v\u0161ak nast\u00fapil. <strong><em>\u201eV\u00a0priebehu dvadsiatich hod\u00edn som ukon\u010dil svoje p\u00f4sobenie v\u00a0Po\u013esku, pri\u0161iel som na Slovensko a\u00a0okam\u017eite som sa pres\u00faval sem do Slovinska. Jeden de\u0148 som mal na oddych, no u\u017e na druh\u00fd de\u0148 bol z\u00e1pas a\u00a0bol som pripraven\u00fd, v\u00a0tom by som nevidel probl\u00e9m.\u201c<\/em><\/strong><\/p>\n\n\n\n<figure class=\"wp-block-gallery has-nested-images columns-default is-cropped wp-block-gallery-1 is-layout-flex wp-block-gallery-is-layout-flex\">\n<figure class=\"wp-block-image size-large\"><img loading=\"lazy\" decoding=\"async\" width=\"1024\" height=\"683\" data-id=\"8201\" src=\"https:\/\/fcspartaktrnava.com\/wp-content\/uploads\/2023\/06\/DSC_2885-1024x683.jpg\" alt=\"\" class=\"wp-image-8201\" srcset=\"https:\/\/fcspartaktrnava.com\/wp-content\/uploads\/2023\/06\/DSC_2885-1024x683.jpg 1024w, https:\/\/fcspartaktrnava.com\/wp-content\/uploads\/2023\/06\/DSC_2885-300x200.jpg 300w, https:\/\/fcspartaktrnava.com\/wp-content\/uploads\/2023\/06\/DSC_2885-768x512.jpg 768w, https:\/\/fcspartaktrnava.com\/wp-content\/uploads\/2023\/06\/DSC_2885-18x12.jpg 18w, https:\/\/fcspartaktrnava.com\/wp-content\/uploads\/2023\/06\/DSC_2885.jpg 1500w\" sizes=\"auto, (max-width: 1024px) 100vw, 1024px\" \/><\/figure>\n\n\n\n<figure class=\"wp-block-image size-large\"><img loading=\"lazy\" decoding=\"async\" width=\"1024\" height=\"683\" data-id=\"8215\" src=\"https:\/\/fcspartaktrnava.com\/wp-content\/uploads\/2023\/06\/DSC_2944-1024x683.jpg\" alt=\"\" class=\"wp-image-8215\" srcset=\"https:\/\/fcspartaktrnava.com\/wp-content\/uploads\/2023\/06\/DSC_2944-1024x683.jpg 1024w, https:\/\/fcspartaktrnava.com\/wp-content\/uploads\/2023\/06\/DSC_2944-300x200.jpg 300w, https:\/\/fcspartaktrnava.com\/wp-content\/uploads\/2023\/06\/DSC_2944-768x512.jpg 768w, https:\/\/fcspartaktrnava.com\/wp-content\/uploads\/2023\/06\/DSC_2944-18x12.jpg 18w, https:\/\/fcspartaktrnava.com\/wp-content\/uploads\/2023\/06\/DSC_2944.jpg 1500w\" sizes=\"auto, (max-width: 1024px) 100vw, 1024px\" \/><\/figure>\n\n\n\n<figure class=\"wp-block-image size-large\"><img loading=\"lazy\" decoding=\"async\" width=\"667\" height=\"1000\" data-id=\"8232\" src=\"https:\/\/fcspartaktrnava.com\/wp-content\/uploads\/2023\/06\/DSC_3002.jpg\" alt=\"\" class=\"wp-image-8232\" srcset=\"https:\/\/fcspartaktrnava.com\/wp-content\/uploads\/2023\/06\/DSC_3002.jpg 667w, https:\/\/fcspartaktrnava.com\/wp-content\/uploads\/2023\/06\/DSC_3002-200x300.jpg 200w, https:\/\/fcspartaktrnava.com\/wp-content\/uploads\/2023\/06\/DSC_3002-8x12.jpg 8w\" sizes=\"auto, (max-width: 667px) 100vw, 667px\" \/><\/figure>\n<\/figure>\n\n\n\n<p>Proti Rijeke odohral \u0160ulek pol\u010das na poste prav\u00e9ho obrancu, proti Hajduku si zahral v&nbsp;prvom pol\u010dase&nbsp; na rovnakom poste, no v&nbsp;druhom si vysk\u00fa\u0161al aj poz\u00edciu stop\u00e9ra. <strong><em>\u201eMy sme za\u010d\u00ednali pr\u00edpravu a\u017e 19. j\u00fana, o&nbsp;p\u00e1r dn\u00ed nesk\u00f4r ako Trnava, tak\u017ee v&nbsp;tom prvom z\u00e1pase som c\u00edtil \u00fanavu e\u0161te. V&nbsp;tom druhom u\u017e si mysl\u00edm, \u017ee to bolo lep\u0161ie. Pomaly sa do toho dost\u00e1vam. Tr\u00e9ner n\u00e1m ukazuje vide\u00e1 a&nbsp;taktiky, ktor\u00e9 by chcel hra\u0165. Je to nie\u010do in\u00e9 ako sme hrali v&nbsp;Po\u013esku, ale postupne sa na to aklimatizujem.\u201c<\/em><\/strong><\/p>\n\n\n\n<p>Pr\u00edsko\u010dn\u00e9 e\u0161te klubov\u00ed v\u00fdbercovia nestihli, ale ob\u013e\u00faben\u00fdm trikom s&nbsp;kapit\u00e1nskou p\u00e1skou u\u017e dali najavo, \u017ee zhovievavos\u0165 sa v&nbsp;Trnave v&nbsp;tomto oh\u013eade nenos\u00ed. <strong><em>\u201eE\u0161te nebolo ni\u010d, akur\u00e1t proti Hajduku ma dali za kapit\u00e1na, tak\u017ee to ma bude nie\u010do st\u00e1\u0165.\u201c<\/em><\/strong><\/p>\n\n\n\n<p>Po n\u00e1vrate zo s\u00fastredenia \u010dak\u00e1 Trnav\u010danov pr\u00e1ve \u0160ulekov b\u00fdval\u00fd klub. V\u00a0utorok od 17. hodiny nast\u00fapia zverenci Michala Ga\u0161par\u00edka v\u00a0\u010cerven\u00edku proti Wisle Plock.<\/p>\n\n\n\n<figure class=\"wp-block-embed is-type-video is-provider-youtube wp-block-embed-youtube wp-embed-aspect-16-9 wp-has-aspect-ratio\"><div class=\"wp-block-embed__wrapper\">\n<iframe loading=\"lazy\" title=\"Martin \u0160ulek: V\u00e4\u010d\u0161inu spoluhr\u00e1\u010dov pozn\u00e1m z ligy\" width=\"500\" height=\"281\" src=\"https:\/\/www.youtube.com\/embed\/Mae1aOee5OE?feature=oembed\" frameborder=\"0\" allow=\"accelerometer; autoplay; clipboard-write; encrypted-media; gyroscope; picture-in-picture; web-share\" referrerpolicy=\"strict-origin-when-cross-origin\" allowfullscreen><\/iframe>\n<\/div><\/figure>","protected":false},"excerpt":{"rendered":"<p>Zatia\u013e posledn\u00fdm pr\u00edrastkom do k\u00e1dra Michala Ga\u0161par\u00edka je&#8230;<\/p>","protected":false},"author":2,"featured_media":8206,"comment_status":"closed","ping_status":"closed","sticky":false,"template":"","format":"standard","meta":{"footnotes":""},"categories":[41],"tags":[91],"class_list":["post-8268","post","type-post","status-publish","format-standard","has-post-thumbnail","hentry","category-intervju","tag-sustredenie-slovinsko-2","post-number-1"],"yoast_head":"<!-- This site is optimized with the Yoast SEO plugin v27.1.1 - https:\/\/yoast.com\/product\/yoast-seo-wordpress\/ -->\n<title>\u0160ulek u\u017e aj ako kapit\u00e1n - FC Spartak Trnava<\/title>\n<meta name=\"robots\" content=\"index, follow, max-snippet:-1, max-image-preview:large, max-video-preview:-1\" \/>\n<link rel=\"canonical\" href=\"https:\/\/fcspartaktrnava.com\/en\/sulek-uz-aj-ako-kapitan\/\" \/>\n<meta name=\"twitter:label1\" content=\"Written by\" \/>\n\t<meta name=\"twitter:data1\" content=\"spartak\" \/>\n\t<meta name=\"twitter:label2\" content=\"Estimated reading time\" \/>\n\t<meta name=\"twitter:data2\" content=\"3 minutes\" \/>\n<script type=\"application\/ld+json\" class=\"yoast-schema-graph\">{\"@context\":\"https:\/\/schema.org\",\"@graph\":[{\"@type\":\"Article\",\"@id\":\"https:\/\/fcspartaktrnava.com\/sulek-uz-aj-ako-kapitan\/#article\",\"isPartOf\":{\"@id\":\"https:\/\/fcspartaktrnava.com\/sulek-uz-aj-ako-kapitan\/\"},\"author\":{\"name\":\"spartak\",\"@id\":\"https:\/\/fcspartaktrnava.com\/#\/schema\/person\/24bc5b254af14f71d7d8af178790aa75\"},\"headline\":\"\u0160ulek u\u017e aj ako kapit\u00e1n\",\"datePublished\":\"2023-06-29T07:19:20+00:00\",\"dateModified\":\"2023-06-29T07:20:30+00:00\",\"mainEntityOfPage\":{\"@id\":\"https:\/\/fcspartaktrnava.com\/sulek-uz-aj-ako-kapitan\/\"},\"wordCount\":547,\"publisher\":{\"@id\":\"https:\/\/fcspartaktrnava.com\/#organization\"},\"image\":{\"@id\":\"https:\/\/fcspartaktrnava.com\/sulek-uz-aj-ako-kapitan\/#primaryimage\"},\"thumbnailUrl\":\"https:\/\/fcspartaktrnava.com\/wp-content\/uploads\/2023\/06\/DSC_2904.jpg\",\"keywords\":[\"sustredenie Slovinsko\"],\"articleSection\":[\"Rozhovory\"],\"inLanguage\":\"en-GB\"},{\"@type\":\"WebPage\",\"@id\":\"https:\/\/fcspartaktrnava.com\/sulek-uz-aj-ako-kapitan\/\",\"url\":\"https:\/\/fcspartaktrnava.com\/sulek-uz-aj-ako-kapitan\/\",\"name\":\"\u0160ulek u\u017e aj ako kapit\u00e1n - FC Spartak Trnava\",\"isPartOf\":{\"@id\":\"https:\/\/fcspartaktrnava.com\/#website\"},\"primaryImageOfPage\":{\"@id\":\"https:\/\/fcspartaktrnava.com\/sulek-uz-aj-ako-kapitan\/#primaryimage\"},\"image\":{\"@id\":\"https:\/\/fcspartaktrnava.com\/sulek-uz-aj-ako-kapitan\/#primaryimage\"},\"thumbnailUrl\":\"https:\/\/fcspartaktrnava.com\/wp-content\/uploads\/2023\/06\/DSC_2904.jpg\",\"datePublished\":\"2023-06-29T07:19:20+00:00\",\"dateModified\":\"2023-06-29T07:20:30+00:00\",\"breadcrumb\":{\"@id\":\"https:\/\/fcspartaktrnava.com\/sulek-uz-aj-ako-kapitan\/#breadcrumb\"},\"inLanguage\":\"en-GB\",\"potentialAction\":[{\"@type\":\"ReadAction\",\"target\":[\"https:\/\/fcspartaktrnava.com\/sulek-uz-aj-ako-kapitan\/\"]}]},{\"@type\":\"ImageObject\",\"inLanguage\":\"en-GB\",\"@id\":\"https:\/\/fcspartaktrnava.com\/sulek-uz-aj-ako-kapitan\/#primaryimage\",\"url\":\"https:\/\/fcspartaktrnava.com\/wp-content\/uploads\/2023\/06\/DSC_2904.jpg\",\"contentUrl\":\"https:\/\/fcspartaktrnava.com\/wp-content\/uploads\/2023\/06\/DSC_2904.jpg\",\"width\":1500,\"height\":1000},{\"@type\":\"BreadcrumbList\",\"@id\":\"https:\/\/fcspartaktrnava.com\/sulek-uz-aj-ako-kapitan\/#breadcrumb\",\"itemListElement\":[{\"@type\":\"ListItem\",\"position\":1,\"name\":\"Home\",\"item\":\"https:\/\/fcspartaktrnava.com\/\"},{\"@type\":\"ListItem\",\"position\":2,\"name\":\"\u0160ulek u\u017e aj ako kapit\u00e1n\"}]},{\"@type\":\"WebSite\",\"@id\":\"https:\/\/fcspartaktrnava.com\/#website\",\"url\":\"https:\/\/fcspartaktrnava.com\/\",\"name\":\"FC Spartak Trnava\",\"description\":\"ofici\u00e1lna webstr\u00e1nka futbalov\u00e9ho klubu\",\"publisher\":{\"@id\":\"https:\/\/fcspartaktrnava.com\/#organization\"},\"potentialAction\":[{\"@type\":\"SearchAction\",\"target\":{\"@type\":\"EntryPoint\",\"urlTemplate\":\"https:\/\/fcspartaktrnava.com\/?s={search_term_string}\"},\"query-input\":{\"@type\":\"PropertyValueSpecification\",\"valueRequired\":true,\"valueName\":\"search_term_string\"}}],\"inLanguage\":\"en-GB\"},{\"@type\":\"Organization\",\"@id\":\"https:\/\/fcspartaktrnava.com\/#organization\",\"name\":\"FC Spartak Trnava\",\"alternateName\":\"Spartak\",\"url\":\"https:\/\/fcspartaktrnava.com\/\",\"logo\":{\"@type\":\"ImageObject\",\"inLanguage\":\"en-GB\",\"@id\":\"https:\/\/fcspartaktrnava.com\/#\/schema\/logo\/image\/\",\"url\":\"https:\/\/fcspartaktrnava.com\/wp-content\/uploads\/2022\/08\/cropped-site_logo.png\",\"contentUrl\":\"https:\/\/fcspartaktrnava.com\/wp-content\/uploads\/2022\/08\/cropped-site_logo.png\",\"width\":140,\"height\":140,\"caption\":\"FC Spartak Trnava\"},\"image\":{\"@id\":\"https:\/\/fcspartaktrnava.com\/#\/schema\/logo\/image\/\"},\"sameAs\":[\"https:\/\/www.facebook.com\/SpartakTrnava\",\"https:\/\/x.com\/SpartakTrnava1\",\"https:\/\/www.instagram.com\/spartak_sk\/\"]},{\"@type\":\"Person\",\"@id\":\"https:\/\/fcspartaktrnava.com\/#\/schema\/person\/24bc5b254af14f71d7d8af178790aa75\",\"name\":\"spartak\",\"image\":{\"@type\":\"ImageObject\",\"inLanguage\":\"en-GB\",\"@id\":\"https:\/\/fcspartaktrnava.com\/#\/schema\/person\/image\/\",\"url\":\"https:\/\/secure.gravatar.com\/avatar\/f8ff8584f3fcf3909a11a6da9019f37749183b4015bca14e64556c52614cdc7f?s=96&d=mm&r=g\",\"contentUrl\":\"https:\/\/secure.gravatar.com\/avatar\/f8ff8584f3fcf3909a11a6da9019f37749183b4015bca14e64556c52614cdc7f?s=96&d=mm&r=g\",\"caption\":\"spartak\"},\"url\":\"https:\/\/fcspartaktrnava.com\/en\/author\/spartak\/\"}]}<\/script>\n<!-- \/ Yoast SEO plugin. -->","yoast_head_json":{"title":"\u0160ulek u\u017e aj ako kapit\u00e1n - FC Spartak Trnava","robots":{"index":"index","follow":"follow","max-snippet":"max-snippet:-1","max-image-preview":"max-image-preview:large","max-video-preview":"max-video-preview:-1"},"canonical":"https:\/\/fcspartaktrnava.com\/en\/sulek-uz-aj-ako-kapitan\/","twitter_misc":{"Written by":"spartak","Estimated reading time":"3 minutes"},"schema":{"@context":"https:\/\/schema.org","@graph":[{"@type":"Article","@id":"https:\/\/fcspartaktrnava.com\/sulek-uz-aj-ako-kapitan\/#article","isPartOf":{"@id":"https:\/\/fcspartaktrnava.com\/sulek-uz-aj-ako-kapitan\/"},"author":{"name":"spartak","@id":"https:\/\/fcspartaktrnava.com\/#\/schema\/person\/24bc5b254af14f71d7d8af178790aa75"},"headline":"\u0160ulek u\u017e aj ako kapit\u00e1n","datePublished":"2023-06-29T07:19:20+00:00","dateModified":"2023-06-29T07:20:30+00:00","mainEntityOfPage":{"@id":"https:\/\/fcspartaktrnava.com\/sulek-uz-aj-ako-kapitan\/"},"wordCount":547,"publisher":{"@id":"https:\/\/fcspartaktrnava.com\/#organization"},"image":{"@id":"https:\/\/fcspartaktrnava.com\/sulek-uz-aj-ako-kapitan\/#primaryimage"},"thumbnailUrl":"https:\/\/fcspartaktrnava.com\/wp-content\/uploads\/2023\/06\/DSC_2904.jpg","keywords":["sustredenie Slovinsko"],"articleSection":["Rozhovory"],"inLanguage":"en-GB"},{"@type":"WebPage","@id":"https:\/\/fcspartaktrnava.com\/sulek-uz-aj-ako-kapitan\/","url":"https:\/\/fcspartaktrnava.com\/sulek-uz-aj-ako-kapitan\/","name":"\u0160ulek u\u017e aj ako kapit\u00e1n - FC Spartak Trnava","isPartOf":{"@id":"https:\/\/fcspartaktrnava.com\/#website"},"primaryImageOfPage":{"@id":"https:\/\/fcspartaktrnava.com\/sulek-uz-aj-ako-kapitan\/#primaryimage"},"image":{"@id":"https:\/\/fcspartaktrnava.com\/sulek-uz-aj-ako-kapitan\/#primaryimage"},"thumbnailUrl":"https:\/\/fcspartaktrnava.com\/wp-content\/uploads\/2023\/06\/DSC_2904.jpg","datePublished":"2023-06-29T07:19:20+00:00","dateModified":"2023-06-29T07:20:30+00:00","breadcrumb":{"@id":"https:\/\/fcspartaktrnava.com\/sulek-uz-aj-ako-kapitan\/#breadcrumb"},"inLanguage":"en-GB","potentialAction":[{"@type":"ReadAction","target":["https:\/\/fcspartaktrnava.com\/sulek-uz-aj-ako-kapitan\/"]}]},{"@type":"ImageObject","inLanguage":"en-GB","@id":"https:\/\/fcspartaktrnava.com\/sulek-uz-aj-ako-kapitan\/#primaryimage","url":"https:\/\/fcspartaktrnava.com\/wp-content\/uploads\/2023\/06\/DSC_2904.jpg","contentUrl":"https:\/\/fcspartaktrnava.com\/wp-content\/uploads\/2023\/06\/DSC_2904.jpg","width":1500,"height":1000},{"@type":"BreadcrumbList","@id":"https:\/\/fcspartaktrnava.com\/sulek-uz-aj-ako-kapitan\/#breadcrumb","itemListElement":[{"@type":"ListItem","position":1,"name":"Home","item":"https:\/\/fcspartaktrnava.com\/"},{"@type":"ListItem","position":2,"name":"\u0160ulek u\u017e aj ako kapit\u00e1n"}]},{"@type":"WebSite","@id":"https:\/\/fcspartaktrnava.com\/#website","url":"https:\/\/fcspartaktrnava.com\/","name":"FC Spartak Trnava","description":"ofici\u00e1lna webstr\u00e1nka futbalov\u00e9ho klubu","publisher":{"@id":"https:\/\/fcspartaktrnava.com\/#organization"},"potentialAction":[{"@type":"SearchAction","target":{"@type":"EntryPoint","urlTemplate":"https:\/\/fcspartaktrnava.com\/?s={search_term_string}"},"query-input":{"@type":"PropertyValueSpecification","valueRequired":true,"valueName":"search_term_string"}}],"inLanguage":"en-GB"},{"@type":"Organization","@id":"https:\/\/fcspartaktrnava.com\/#organization","name":"FC Spartak Trnava","alternateName":"Spartak","url":"https:\/\/fcspartaktrnava.com\/","logo":{"@type":"ImageObject","inLanguage":"en-GB","@id":"https:\/\/fcspartaktrnava.com\/#\/schema\/logo\/image\/","url":"https:\/\/fcspartaktrnava.com\/wp-content\/uploads\/2022\/08\/cropped-site_logo.png","contentUrl":"https:\/\/fcspartaktrnava.com\/wp-content\/uploads\/2022\/08\/cropped-site_logo.png","width":140,"height":140,"caption":"FC Spartak Trnava"},"image":{"@id":"https:\/\/fcspartaktrnava.com\/#\/schema\/logo\/image\/"},"sameAs":["https:\/\/www.facebook.com\/SpartakTrnava","https:\/\/x.com\/SpartakTrnava1","https:\/\/www.instagram.com\/spartak_sk\/"]},{"@type":"Person","@id":"https:\/\/fcspartaktrnava.com\/#\/schema\/person\/24bc5b254af14f71d7d8af178790aa75","name":"spartak","image":{"@type":"ImageObject","inLanguage":"en-GB","@id":"https:\/\/fcspartaktrnava.com\/#\/schema\/person\/image\/","url":"https:\/\/secure.gravatar.com\/avatar\/f8ff8584f3fcf3909a11a6da9019f37749183b4015bca14e64556c52614cdc7f?s=96&d=mm&r=g","contentUrl":"https:\/\/secure.gravatar.com\/avatar\/f8ff8584f3fcf3909a11a6da9019f37749183b4015bca14e64556c52614cdc7f?s=96&d=mm&r=g","caption":"spartak"},"url":"https:\/\/fcspartaktrnava.com\/en\/author\/spartak\/"}]}},"_links":{"self":[{"href":"https:\/\/fcspartaktrnava.com\/en\/wp-json\/wp\/v2\/posts\/8268","targetHints":{"allow":["GET"]}}],"collection":[{"href":"https:\/\/fcspartaktrnava.com\/en\/wp-json\/wp\/v2\/posts"}],"about":[{"href":"https:\/\/fcspartaktrnava.com\/en\/wp-json\/wp\/v2\/types\/post"}],"author":[{"embeddable":true,"href":"https:\/\/fcspartaktrnava.com\/en\/wp-json\/wp\/v2\/users\/2"}],"replies":[{"embeddable":true,"href":"https:\/\/fcspartaktrnava.com\/en\/wp-json\/wp\/v2\/comments?post=8268"}],"version-history":[{"count":0,"href":"https:\/\/fcspartaktrnava.com\/en\/wp-json\/wp\/v2\/posts\/8268\/revisions"}],"wp:featuredmedia":[{"embeddable":true,"href":"https:\/\/fcspartaktrnava.com\/en\/wp-json\/wp\/v2\/media\/8206"}],"wp:attachment":[{"href":"https:\/\/fcspartaktrnava.com\/en\/wp-json\/wp\/v2\/media?parent=8268"}],"wp:term":[{"taxonomy":"category","embeddable":true,"href":"https:\/\/fcspartaktrnava.com\/en\/wp-json\/wp\/v2\/categories?post=8268"},{"taxonomy":"post_tag","embeddable":true,"href":"https:\/\/fcspartaktrnava.com\/en\/wp-json\/wp\/v2\/tags?post=8268"}],"curies":[{"name":"wp","href":"https:\/\/api.w.org\/{rel}","templated":true}]}}