{"id":8143,"date":"2023-06-23T17:51:55","date_gmt":"2023-06-23T15:51:55","guid":{"rendered":"https:\/\/fcspartaktrnava.com\/?p=8143"},"modified":"2023-06-24T12:29:31","modified_gmt":"2023-06-24T10:29:31","slug":"prveho-supera-vedie-exspartakovec","status":"publish","type":"post","link":"https:\/\/fcspartaktrnava.com\/en\/prveho-supera-vedie-exspartakovec\/","title":{"rendered":"Prv\u00e9ho s\u00fapera vedie exspartakovec"},"content":{"rendered":"\n<figure class=\"wp-block-image size-full\"><a href=\"https:\/\/cityarena.maxiticket.sk\/fc-spartak-trnava-vs-valencia-cf-2023\"><img loading=\"lazy\" decoding=\"async\" width=\"960\" height=\"120\" src=\"https:\/\/fcspartaktrnava.com\/wp-content\/uploads\/2023\/06\/valencia-banner.png\" alt=\"\" class=\"wp-image-8133\" srcset=\"https:\/\/fcspartaktrnava.com\/wp-content\/uploads\/2023\/06\/valencia-banner.png 960w, https:\/\/fcspartaktrnava.com\/wp-content\/uploads\/2023\/06\/valencia-banner-300x38.png 300w, https:\/\/fcspartaktrnava.com\/wp-content\/uploads\/2023\/06\/valencia-banner-768x96.png 768w, https:\/\/fcspartaktrnava.com\/wp-content\/uploads\/2023\/06\/valencia-banner-18x2.png 18w\" sizes=\"auto, (max-width: 960px) 100vw, 960px\" \/><\/a><\/figure>\n\n\n\n<p>U\u017e zajtra \u010dak\u00e1 futbalistov Spartaka Trnava prv\u00fd s\u00faper v&nbsp;pr\u00edpravnom obdob\u00ed a&nbsp;bude to hne\u010f zauj\u00edmav\u00fd protivn\u00edk \u2013 HNK Rijeka. \u0160tvrt\u00e9 mu\u017estvo najvy\u0161\u0161ej chorv\u00e1tskej s\u00fa\u0165a\u017ee si podobne ako Spartak vybojovalo \u00fa\u010das\u0165 v&nbsp;Eur\u00f3pskej konferen\u010dnej lige. Tie\u017e za\u010d\u00ednaj\u00fa a\u017e v&nbsp;2. predkole, kde narazia na postupuj\u00faceho z&nbsp;dvojice &nbsp;KF Dukagjini (Kosovo) \u2013 Europa FC (Gibraltar).<\/p>\n\n\n\n<p>Tr\u00e9nerom Rijeky je Sergej Jakirovi\u010d, ktor\u00fd v&nbsp;sez\u00f3ne 1997\/98 obliekal aj dres trnavsk\u00e9ho Spartaka. Do Rijeky pri\u0161iel vlani v&nbsp;novembri, ke\u010f predt\u00fdm tr\u00e9noval bosniacky Zrijnski Mostar. Jeho t\u00edm sa v&nbsp;play off Konferen\u010dnej ligy stretol so Slovanom, s&nbsp;ktor\u00fdm vypadol a\u017e po penaltovom rozstrele. \u010eal\u0161\u00edm hr\u00e1\u010dom, ktor\u00fd sp\u00e1ja oba kluby je Milan Ristovski, ktor\u00fd do Spartaka pred dvoma rokmi prest\u00fapil pr\u00e1ve z&nbsp;Rijeky. <\/p>\n\n\n\n<figure class=\"wp-block-gallery has-nested-images columns-default is-cropped wp-block-gallery-1 is-layout-flex wp-block-gallery-is-layout-flex\">\n<figure class=\"wp-block-image size-large\"><img loading=\"lazy\" decoding=\"async\" width=\"346\" height=\"491\" data-id=\"8145\" src=\"https:\/\/fcspartaktrnava.com\/wp-content\/uploads\/2023\/06\/jakirovic.jpg\" alt=\"\" class=\"wp-image-8145\" srcset=\"https:\/\/fcspartaktrnava.com\/wp-content\/uploads\/2023\/06\/jakirovic.jpg 346w, https:\/\/fcspartaktrnava.com\/wp-content\/uploads\/2023\/06\/jakirovic-211x300.jpg 211w, https:\/\/fcspartaktrnava.com\/wp-content\/uploads\/2023\/06\/jakirovic-8x12.jpg 8w\" sizes=\"auto, (max-width: 346px) 100vw, 346px\" \/><figcaption class=\"wp-element-caption\">Sergej Jakirovi\u010d ako hr\u00e1\u010d \u0160partaka<\/figcaption><\/figure>\n\n\n\n<figure class=\"wp-block-image size-large\"><img loading=\"lazy\" decoding=\"async\" width=\"500\" height=\"592\" data-id=\"8146\" src=\"https:\/\/fcspartaktrnava.com\/wp-content\/uploads\/2023\/06\/Sergej-Jakirovic-1.png\" alt=\"\" class=\"wp-image-8146\" srcset=\"https:\/\/fcspartaktrnava.com\/wp-content\/uploads\/2023\/06\/Sergej-Jakirovic-1.png 500w, https:\/\/fcspartaktrnava.com\/wp-content\/uploads\/2023\/06\/Sergej-Jakirovic-1-253x300.png 253w, https:\/\/fcspartaktrnava.com\/wp-content\/uploads\/2023\/06\/Sergej-Jakirovic-1-10x12.png 10w\" sizes=\"auto, (max-width: 500px) 100vw, 500px\" \/><figcaption class=\"wp-element-caption\">Sergej Jakirovi\u010d ako tr\u00e9ner Rijeky<\/figcaption><\/figure>\n<\/figure>\n\n\n\n<p>Najdrah\u0161\u00edmi hr\u00e1\u010dmi k\u00e1dra Rijeky s\u00fa iba 20-ro\u010dn\u00ed mlad\u00edci Matija Frigan a Veldin Hod\u017ea s&nbsp;odhadovan\u00fdmi hodnotami 3,5 resp. 3 mili\u00f3ny eur. Frigan bol so 14 g\u00f3lmi najlep\u0161\u00edm strelcom mu\u017estva a druh\u00fdm najlep\u0161\u00edm v&nbsp;celej lige. V&nbsp;mu\u017estve s\u00fa aj reprezentanti Zambie Emmanuel Banda, Alb\u00e1nska Lindon Selahi a&nbsp;\u010ciernej Hory Andrija Vuk\u010devi\u010d.<\/p>\n\n\n\n<figure class=\"wp-block-embed is-type-video is-provider-youtube wp-block-embed-youtube wp-embed-aspect-16-9 wp-has-aspect-ratio\"><div class=\"wp-block-embed__wrapper\">\n<iframe loading=\"lazy\" title=\"Michal Ga\u0161par\u00edk: Hne\u010f prv\u00fd z\u00e1pas v pr\u00edprave sme vybrali siln\u00e9ho s\u00fapera\" width=\"500\" height=\"281\" src=\"https:\/\/www.youtube.com\/embed\/MGN2YYiVLME?feature=oembed\" frameborder=\"0\" allow=\"accelerometer; autoplay; clipboard-write; encrypted-media; gyroscope; picture-in-picture; web-share\" referrerpolicy=\"strict-origin-when-cross-origin\" allowfullscreen><\/iframe>\n<\/div><\/figure>\n\n\n\n<p><strong><em>\u201eJe to trocha zmena, \u017ee sme hne\u010f na prv\u00fd z\u00e1pas vybrali \u0165a\u017ek\u00e9ho s\u00fapera. Inokedy m\u00e1vame na rozbeh niekoho slab\u0161ieho, ale t\u00fdm, \u017ee v&nbsp;tejto pr\u00edprave sme zvoli o&nbsp;nie\u010do menej z\u00e1pasov, tak sme i\u0161li do kvality. Hne\u010f prv\u00fd z\u00e1pas n\u00e1s prever\u00ed a&nbsp;mysl\u00edm, \u017ee je to v&nbsp;poriadku, lebo u\u017e sme absolvovali ve\u013ea tr\u00e9ningov\u00fdch jednotiek. D\u00e1me \u0161ancu cel\u00e9mu k\u00e1dru, aj niektor\u00fdm mlad\u00fdm chalanom z&nbsp;dorastu. Strieda\u0165 budeme po 45 min\u00fatach. O\u010dak\u00e1vam dobr\u00fd z\u00e1pas, bude sa to hra\u0165 na hlavnom \u0161tadi\u00f3ne, m\u00f4\u017eu pr\u00eds\u0165 aj \u013eudia, tak\u017ee to bude pred n\u00e1v\u0161tevou a&nbsp;pre n\u00e1s to bude prv\u00e1 eur\u00f3pska previerka,\u201c<\/em><\/strong> povedal pred z\u00e1pasom tr\u00e9ner Spartaka Trnava Michal Ga\u0161par\u00edk.<\/p>\n\n\n\n<p>Z\u00e1pas sa bude hra\u0165 od 18.30  na \u0160tadi\u00f3ne Rujevica v\u00a0Rijeke, no bude napokon bez pritomnosti verejnosti.<\/p>\n\n\n\n<p>Sledova\u0165 ho bude mo\u017en\u00e9 na\u017eivo na ofici\u00e1lnom kan\u00e1li chorv\u00e1tskeho klubu.<\/p>\n\n\n\n<figure class=\"wp-block-embed is-type-video is-provider-youtube wp-block-embed-youtube wp-embed-aspect-4-3 wp-has-aspect-ratio\"><div class=\"wp-block-embed__wrapper\">\n<iframe loading=\"lazy\" title=\"[LIVE STREAM] HNK Rijeka - Spartak Trnava \/\/24.06.2023 @ 18:30\" width=\"500\" height=\"281\" src=\"https:\/\/www.youtube.com\/embed\/RGr2esHtzvs?feature=oembed\" frameborder=\"0\" allow=\"accelerometer; autoplay; clipboard-write; encrypted-media; gyroscope; picture-in-picture; web-share\" referrerpolicy=\"strict-origin-when-cross-origin\" allowfullscreen><\/iframe>\n<\/div><\/figure>\n","protected":false},"excerpt":{"rendered":"<p>U\u017e zajtra \u010dak\u00e1 futbalistov Spartaka Trnava prv\u00fd s\u00faper&#8230;<\/p>","protected":false},"author":2,"featured_media":8147,"comment_status":"closed","ping_status":"closed","sticky":false,"template":"","format":"standard","meta":{"footnotes":""},"categories":[30],"tags":[11,88],"class_list":["post-8143","post","type-post","status-publish","format-standard","has-post-thumbnail","hentry","category-priprava","tag-michal-gasparik","tag-sustredenie-slovinsko","post-number-1"],"yoast_head":"<!-- This site is optimized with the Yoast SEO plugin v27.1.1 - https:\/\/yoast.com\/product\/yoast-seo-wordpress\/ -->\n<title>Prv\u00e9ho s\u00fapera vedie exspartakovec - FC Spartak Trnava<\/title>\n<meta name=\"robots\" content=\"index, follow, max-snippet:-1, max-image-preview:large, max-video-preview:-1\" \/>\n<link rel=\"canonical\" href=\"https:\/\/fcspartaktrnava.com\/en\/prveho-supera-vedie-exspartakovec\/\" \/>\n<meta name=\"twitter:label1\" content=\"Written by\" \/>\n\t<meta name=\"twitter:data1\" content=\"spartak\" \/>\n\t<meta name=\"twitter:label2\" content=\"Estimated reading time\" \/>\n\t<meta name=\"twitter:data2\" content=\"3 minutes\" \/>\n<script type=\"application\/ld+json\" class=\"yoast-schema-graph\">{\"@context\":\"https:\/\/schema.org\",\"@graph\":[{\"@type\":\"Article\",\"@id\":\"https:\/\/fcspartaktrnava.com\/prveho-supera-vedie-exspartakovec\/#article\",\"isPartOf\":{\"@id\":\"https:\/\/fcspartaktrnava.com\/prveho-supera-vedie-exspartakovec\/\"},\"author\":{\"name\":\"spartak\",\"@id\":\"https:\/\/fcspartaktrnava.com\/#\/schema\/person\/24bc5b254af14f71d7d8af178790aa75\"},\"headline\":\"Prv\u00e9ho s\u00fapera vedie exspartakovec\",\"datePublished\":\"2023-06-23T15:51:55+00:00\",\"dateModified\":\"2023-06-24T10:29:31+00:00\",\"mainEntityOfPage\":{\"@id\":\"https:\/\/fcspartaktrnava.com\/prveho-supera-vedie-exspartakovec\/\"},\"wordCount\":438,\"publisher\":{\"@id\":\"https:\/\/fcspartaktrnava.com\/#organization\"},\"image\":{\"@id\":\"https:\/\/fcspartaktrnava.com\/prveho-supera-vedie-exspartakovec\/#primaryimage\"},\"thumbnailUrl\":\"https:\/\/fcspartaktrnava.com\/wp-content\/uploads\/2023\/06\/rijeka-tim.jpg\",\"keywords\":[\"Michal Ga\u0161par\u00edk\",\"s\u00fastredenie Slovinsko\"],\"articleSection\":[\"Pr\u00edprava\"],\"inLanguage\":\"en-GB\"},{\"@type\":\"WebPage\",\"@id\":\"https:\/\/fcspartaktrnava.com\/prveho-supera-vedie-exspartakovec\/\",\"url\":\"https:\/\/fcspartaktrnava.com\/prveho-supera-vedie-exspartakovec\/\",\"name\":\"Prv\u00e9ho s\u00fapera vedie exspartakovec - FC Spartak Trnava\",\"isPartOf\":{\"@id\":\"https:\/\/fcspartaktrnava.com\/#website\"},\"primaryImageOfPage\":{\"@id\":\"https:\/\/fcspartaktrnava.com\/prveho-supera-vedie-exspartakovec\/#primaryimage\"},\"image\":{\"@id\":\"https:\/\/fcspartaktrnava.com\/prveho-supera-vedie-exspartakovec\/#primaryimage\"},\"thumbnailUrl\":\"https:\/\/fcspartaktrnava.com\/wp-content\/uploads\/2023\/06\/rijeka-tim.jpg\",\"datePublished\":\"2023-06-23T15:51:55+00:00\",\"dateModified\":\"2023-06-24T10:29:31+00:00\",\"breadcrumb\":{\"@id\":\"https:\/\/fcspartaktrnava.com\/prveho-supera-vedie-exspartakovec\/#breadcrumb\"},\"inLanguage\":\"en-GB\",\"potentialAction\":[{\"@type\":\"ReadAction\",\"target\":[\"https:\/\/fcspartaktrnava.com\/prveho-supera-vedie-exspartakovec\/\"]}]},{\"@type\":\"ImageObject\",\"inLanguage\":\"en-GB\",\"@id\":\"https:\/\/fcspartaktrnava.com\/prveho-supera-vedie-exspartakovec\/#primaryimage\",\"url\":\"https:\/\/fcspartaktrnava.com\/wp-content\/uploads\/2023\/06\/rijeka-tim.jpg\",\"contentUrl\":\"https:\/\/fcspartaktrnava.com\/wp-content\/uploads\/2023\/06\/rijeka-tim.jpg\",\"width\":1600,\"height\":800},{\"@type\":\"BreadcrumbList\",\"@id\":\"https:\/\/fcspartaktrnava.com\/prveho-supera-vedie-exspartakovec\/#breadcrumb\",\"itemListElement\":[{\"@type\":\"ListItem\",\"position\":1,\"name\":\"Home\",\"item\":\"https:\/\/fcspartaktrnava.com\/\"},{\"@type\":\"ListItem\",\"position\":2,\"name\":\"Prv\u00e9ho s\u00fapera vedie exspartakovec\"}]},{\"@type\":\"WebSite\",\"@id\":\"https:\/\/fcspartaktrnava.com\/#website\",\"url\":\"https:\/\/fcspartaktrnava.com\/\",\"name\":\"FC Spartak Trnava\",\"description\":\"ofici\u00e1lna webstr\u00e1nka futbalov\u00e9ho klubu\",\"publisher\":{\"@id\":\"https:\/\/fcspartaktrnava.com\/#organization\"},\"potentialAction\":[{\"@type\":\"SearchAction\",\"target\":{\"@type\":\"EntryPoint\",\"urlTemplate\":\"https:\/\/fcspartaktrnava.com\/?s={search_term_string}\"},\"query-input\":{\"@type\":\"PropertyValueSpecification\",\"valueRequired\":true,\"valueName\":\"search_term_string\"}}],\"inLanguage\":\"en-GB\"},{\"@type\":\"Organization\",\"@id\":\"https:\/\/fcspartaktrnava.com\/#organization\",\"name\":\"FC Spartak Trnava\",\"alternateName\":\"Spartak\",\"url\":\"https:\/\/fcspartaktrnava.com\/\",\"logo\":{\"@type\":\"ImageObject\",\"inLanguage\":\"en-GB\",\"@id\":\"https:\/\/fcspartaktrnava.com\/#\/schema\/logo\/image\/\",\"url\":\"https:\/\/fcspartaktrnava.com\/wp-content\/uploads\/2022\/08\/cropped-site_logo.png\",\"contentUrl\":\"https:\/\/fcspartaktrnava.com\/wp-content\/uploads\/2022\/08\/cropped-site_logo.png\",\"width\":140,\"height\":140,\"caption\":\"FC Spartak Trnava\"},\"image\":{\"@id\":\"https:\/\/fcspartaktrnava.com\/#\/schema\/logo\/image\/\"},\"sameAs\":[\"https:\/\/www.facebook.com\/SpartakTrnava\",\"https:\/\/x.com\/SpartakTrnava1\",\"https:\/\/www.instagram.com\/spartak_sk\/\"]},{\"@type\":\"Person\",\"@id\":\"https:\/\/fcspartaktrnava.com\/#\/schema\/person\/24bc5b254af14f71d7d8af178790aa75\",\"name\":\"spartak\",\"image\":{\"@type\":\"ImageObject\",\"inLanguage\":\"en-GB\",\"@id\":\"https:\/\/fcspartaktrnava.com\/#\/schema\/person\/image\/\",\"url\":\"https:\/\/secure.gravatar.com\/avatar\/f8ff8584f3fcf3909a11a6da9019f37749183b4015bca14e64556c52614cdc7f?s=96&d=mm&r=g\",\"contentUrl\":\"https:\/\/secure.gravatar.com\/avatar\/f8ff8584f3fcf3909a11a6da9019f37749183b4015bca14e64556c52614cdc7f?s=96&d=mm&r=g\",\"caption\":\"spartak\"},\"url\":\"https:\/\/fcspartaktrnava.com\/en\/author\/spartak\/\"}]}<\/script>\n<!-- \/ Yoast SEO plugin. -->","yoast_head_json":{"title":"Prv\u00e9ho s\u00fapera vedie exspartakovec - FC Spartak Trnava","robots":{"index":"index","follow":"follow","max-snippet":"max-snippet:-1","max-image-preview":"max-image-preview:large","max-video-preview":"max-video-preview:-1"},"canonical":"https:\/\/fcspartaktrnava.com\/en\/prveho-supera-vedie-exspartakovec\/","twitter_misc":{"Written by":"spartak","Estimated reading time":"3 minutes"},"schema":{"@context":"https:\/\/schema.org","@graph":[{"@type":"Article","@id":"https:\/\/fcspartaktrnava.com\/prveho-supera-vedie-exspartakovec\/#article","isPartOf":{"@id":"https:\/\/fcspartaktrnava.com\/prveho-supera-vedie-exspartakovec\/"},"author":{"name":"spartak","@id":"https:\/\/fcspartaktrnava.com\/#\/schema\/person\/24bc5b254af14f71d7d8af178790aa75"},"headline":"Prv\u00e9ho s\u00fapera vedie exspartakovec","datePublished":"2023-06-23T15:51:55+00:00","dateModified":"2023-06-24T10:29:31+00:00","mainEntityOfPage":{"@id":"https:\/\/fcspartaktrnava.com\/prveho-supera-vedie-exspartakovec\/"},"wordCount":438,"publisher":{"@id":"https:\/\/fcspartaktrnava.com\/#organization"},"image":{"@id":"https:\/\/fcspartaktrnava.com\/prveho-supera-vedie-exspartakovec\/#primaryimage"},"thumbnailUrl":"https:\/\/fcspartaktrnava.com\/wp-content\/uploads\/2023\/06\/rijeka-tim.jpg","keywords":["Michal Ga\u0161par\u00edk","s\u00fastredenie Slovinsko"],"articleSection":["Pr\u00edprava"],"inLanguage":"en-GB"},{"@type":"WebPage","@id":"https:\/\/fcspartaktrnava.com\/prveho-supera-vedie-exspartakovec\/","url":"https:\/\/fcspartaktrnava.com\/prveho-supera-vedie-exspartakovec\/","name":"Prv\u00e9ho s\u00fapera vedie exspartakovec - FC Spartak Trnava","isPartOf":{"@id":"https:\/\/fcspartaktrnava.com\/#website"},"primaryImageOfPage":{"@id":"https:\/\/fcspartaktrnava.com\/prveho-supera-vedie-exspartakovec\/#primaryimage"},"image":{"@id":"https:\/\/fcspartaktrnava.com\/prveho-supera-vedie-exspartakovec\/#primaryimage"},"thumbnailUrl":"https:\/\/fcspartaktrnava.com\/wp-content\/uploads\/2023\/06\/rijeka-tim.jpg","datePublished":"2023-06-23T15:51:55+00:00","dateModified":"2023-06-24T10:29:31+00:00","breadcrumb":{"@id":"https:\/\/fcspartaktrnava.com\/prveho-supera-vedie-exspartakovec\/#breadcrumb"},"inLanguage":"en-GB","potentialAction":[{"@type":"ReadAction","target":["https:\/\/fcspartaktrnava.com\/prveho-supera-vedie-exspartakovec\/"]}]},{"@type":"ImageObject","inLanguage":"en-GB","@id":"https:\/\/fcspartaktrnava.com\/prveho-supera-vedie-exspartakovec\/#primaryimage","url":"https:\/\/fcspartaktrnava.com\/wp-content\/uploads\/2023\/06\/rijeka-tim.jpg","contentUrl":"https:\/\/fcspartaktrnava.com\/wp-content\/uploads\/2023\/06\/rijeka-tim.jpg","width":1600,"height":800},{"@type":"BreadcrumbList","@id":"https:\/\/fcspartaktrnava.com\/prveho-supera-vedie-exspartakovec\/#breadcrumb","itemListElement":[{"@type":"ListItem","position":1,"name":"Home","item":"https:\/\/fcspartaktrnava.com\/"},{"@type":"ListItem","position":2,"name":"Prv\u00e9ho s\u00fapera vedie exspartakovec"}]},{"@type":"WebSite","@id":"https:\/\/fcspartaktrnava.com\/#website","url":"https:\/\/fcspartaktrnava.com\/","name":"FC Spartak Trnava","description":"ofici\u00e1lna webstr\u00e1nka futbalov\u00e9ho klubu","publisher":{"@id":"https:\/\/fcspartaktrnava.com\/#organization"},"potentialAction":[{"@type":"SearchAction","target":{"@type":"EntryPoint","urlTemplate":"https:\/\/fcspartaktrnava.com\/?s={search_term_string}"},"query-input":{"@type":"PropertyValueSpecification","valueRequired":true,"valueName":"search_term_string"}}],"inLanguage":"en-GB"},{"@type":"Organization","@id":"https:\/\/fcspartaktrnava.com\/#organization","name":"FC Spartak Trnava","alternateName":"Spartak","url":"https:\/\/fcspartaktrnava.com\/","logo":{"@type":"ImageObject","inLanguage":"en-GB","@id":"https:\/\/fcspartaktrnava.com\/#\/schema\/logo\/image\/","url":"https:\/\/fcspartaktrnava.com\/wp-content\/uploads\/2022\/08\/cropped-site_logo.png","contentUrl":"https:\/\/fcspartaktrnava.com\/wp-content\/uploads\/2022\/08\/cropped-site_logo.png","width":140,"height":140,"caption":"FC Spartak Trnava"},"image":{"@id":"https:\/\/fcspartaktrnava.com\/#\/schema\/logo\/image\/"},"sameAs":["https:\/\/www.facebook.com\/SpartakTrnava","https:\/\/x.com\/SpartakTrnava1","https:\/\/www.instagram.com\/spartak_sk\/"]},{"@type":"Person","@id":"https:\/\/fcspartaktrnava.com\/#\/schema\/person\/24bc5b254af14f71d7d8af178790aa75","name":"spartak","image":{"@type":"ImageObject","inLanguage":"en-GB","@id":"https:\/\/fcspartaktrnava.com\/#\/schema\/person\/image\/","url":"https:\/\/secure.gravatar.com\/avatar\/f8ff8584f3fcf3909a11a6da9019f37749183b4015bca14e64556c52614cdc7f?s=96&d=mm&r=g","contentUrl":"https:\/\/secure.gravatar.com\/avatar\/f8ff8584f3fcf3909a11a6da9019f37749183b4015bca14e64556c52614cdc7f?s=96&d=mm&r=g","caption":"spartak"},"url":"https:\/\/fcspartaktrnava.com\/en\/author\/spartak\/"}]}},"_links":{"self":[{"href":"https:\/\/fcspartaktrnava.com\/en\/wp-json\/wp\/v2\/posts\/8143","targetHints":{"allow":["GET"]}}],"collection":[{"href":"https:\/\/fcspartaktrnava.com\/en\/wp-json\/wp\/v2\/posts"}],"about":[{"href":"https:\/\/fcspartaktrnava.com\/en\/wp-json\/wp\/v2\/types\/post"}],"author":[{"embeddable":true,"href":"https:\/\/fcspartaktrnava.com\/en\/wp-json\/wp\/v2\/users\/2"}],"replies":[{"embeddable":true,"href":"https:\/\/fcspartaktrnava.com\/en\/wp-json\/wp\/v2\/comments?post=8143"}],"version-history":[{"count":0,"href":"https:\/\/fcspartaktrnava.com\/en\/wp-json\/wp\/v2\/posts\/8143\/revisions"}],"wp:featuredmedia":[{"embeddable":true,"href":"https:\/\/fcspartaktrnava.com\/en\/wp-json\/wp\/v2\/media\/8147"}],"wp:attachment":[{"href":"https:\/\/fcspartaktrnava.com\/en\/wp-json\/wp\/v2\/media?parent=8143"}],"wp:term":[{"taxonomy":"category","embeddable":true,"href":"https:\/\/fcspartaktrnava.com\/en\/wp-json\/wp\/v2\/categories?post=8143"},{"taxonomy":"post_tag","embeddable":true,"href":"https:\/\/fcspartaktrnava.com\/en\/wp-json\/wp\/v2\/tags?post=8143"}],"curies":[{"name":"wp","href":"https:\/\/api.w.org\/{rel}","templated":true}]}}