{"id":8138,"date":"2023-06-23T11:57:23","date_gmt":"2023-06-23T09:57:23","guid":{"rendered":"https:\/\/fcspartaktrnava.com\/?p=8138"},"modified":"2023-06-23T11:57:23","modified_gmt":"2023-06-23T09:57:23","slug":"martin-sulek-prestupil-do-spartaka","status":"publish","type":"post","link":"https:\/\/fcspartaktrnava.com\/en\/martin-sulek-prestupil-do-spartaka\/","title":{"rendered":"Martin \u0160ulek prest\u00fapil do Spartaka"},"content":{"rendered":"<figure class=\"wp-block-image size-full\"><a href=\"https:\/\/cityarena.maxiticket.sk\/fc-spartak-trnava-vs-valencia-cf-2023\"><img loading=\"lazy\" decoding=\"async\" width=\"960\" height=\"120\" src=\"https:\/\/fcspartaktrnava.com\/wp-content\/uploads\/2023\/06\/valencia-banner.png\" alt=\"\" class=\"wp-image-8133\" srcset=\"https:\/\/fcspartaktrnava.com\/wp-content\/uploads\/2023\/06\/valencia-banner.png 960w, https:\/\/fcspartaktrnava.com\/wp-content\/uploads\/2023\/06\/valencia-banner-300x38.png 300w, https:\/\/fcspartaktrnava.com\/wp-content\/uploads\/2023\/06\/valencia-banner-768x96.png 768w, https:\/\/fcspartaktrnava.com\/wp-content\/uploads\/2023\/06\/valencia-banner-18x2.png 18w\" sizes=\"auto, (max-width: 960px) 100vw, 960px\" \/><\/a><\/figure>\n\n\n\n<p>Za v\u00fdpravou Spartaka Trnava dnes odletel aj Martin \u0160ulek. E\u0161te pred odchodom stihol podp\u00edsa\u0165 dvojro\u010dn\u00fa zmluvu s&nbsp;trnavsk\u00fdm klubom a&nbsp;bude naplno k&nbsp;dispoz\u00edcii tr\u00e9nerom na s\u00fastreden\u00ed v&nbsp;Slovinsku.<\/p>\n\n\n\n<p>Dvadsa\u0165p\u00e4\u0165ro\u010dn\u00fd futbalista je odchovancom tren\u010dianskeho futbalu a&nbsp;naposledy hr\u00e1val v&nbsp;po\u013eskom celku Wisla Plock. Prv\u00fd ligov\u00fd z\u00e1pas odohral u\u017e ako sedemn\u00e1s\u0165ro\u010dn\u00fd za Tren\u010d\u00edn, ktor\u00e9mu bol vern\u00fd \u0161es\u0165 a&nbsp;pol roka. Zvy\u0161ok sez\u00f3ny dohral v&nbsp;Seredi. T\u00fa minul\u00fa absolvoval vo Wisle pod veden\u00edm slovensk\u00e9ho tr\u00e9nera Pavla Sta\u0148a.<\/p>\n\n\n\n<p>Dovedna v&nbsp;na\u0161ej najvy\u0161\u0161ej s\u00fa\u0165a\u017ei odohral 155 z\u00e1pasov a&nbsp;strelil 5 g\u00f3lov. Dvadsa\u0165 duelov m\u00e1 na svojom konte v&nbsp;Ekstraklase. Zo s\u00fa\u010dasn\u00e9ho k\u00e1dra si stihol zahra\u0165 s&nbsp;Azangom a&nbsp;Paurom.<\/p>\n\n\n\n<p>Martin \u0160ulek je prav\u00fdm obrancom, no dok\u00e1\u017ee alternova\u0165 aj na stop\u00e9rskom poste, \u010di ako defenz\u00edvny z\u00e1lo\u017en\u00edk. Bol stabiln\u00fdm \u010dlenom ml\u00e1de\u017en\u00edckych reprezent\u00e1ci\u00ed, len v&nbsp;dvadsa\u0165jednotke odohral 17 z\u00e1pasov a&nbsp;dva razy obliekol aj dres slovensk\u00e9ho \u00e1\u010dka.<\/p>\n\n\n\n<p>Zauj\u00edmavos\u0165ou bude, \u017ee po n\u00e1vrate zo s\u00fastredenia sa m\u00f4\u017ee hne\u010f predstavi\u0165 v pr\u00edpravnom z\u00e1pase proti svojmu b\u00fdval\u00e9mu zamestn\u00e1vate\u013eovi. 4. j\u00fala sa toti\u017e Spartak stretne s Wislou Plock. <\/p>","protected":false},"excerpt":{"rendered":"<p>Za v\u00fdpravou Spartaka Trnava dnes odletel aj Martin&#8230;<\/p>","protected":false},"author":2,"featured_media":8140,"comment_status":"closed","ping_status":"closed","sticky":false,"template":"","format":"standard","meta":{"footnotes":""},"categories":[12],"tags":[],"class_list":["post-8138","post","type-post","status-publish","format-standard","has-post-thumbnail","hentry","category-spravy","post-number-1"],"yoast_head":"<!-- This site is optimized with the Yoast SEO plugin v27.1.1 - https:\/\/yoast.com\/product\/yoast-seo-wordpress\/ -->\n<title>Martin \u0160ulek prest\u00fapil do Spartaka - FC Spartak Trnava<\/title>\n<meta name=\"robots\" content=\"index, follow, max-snippet:-1, max-image-preview:large, max-video-preview:-1\" \/>\n<link rel=\"canonical\" href=\"https:\/\/fcspartaktrnava.com\/en\/martin-sulek-prestupil-do-spartaka\/\" \/>\n<meta name=\"twitter:label1\" content=\"Written by\" \/>\n\t<meta name=\"twitter:data1\" content=\"spartak\" \/>\n\t<meta name=\"twitter:label2\" content=\"Estimated reading time\" \/>\n\t<meta name=\"twitter:data2\" content=\"2 minutes\" \/>\n<script type=\"application\/ld+json\" class=\"yoast-schema-graph\">{\"@context\":\"https:\/\/schema.org\",\"@graph\":[{\"@type\":\"Article\",\"@id\":\"https:\/\/fcspartaktrnava.com\/martin-sulek-prestupil-do-spartaka\/#article\",\"isPartOf\":{\"@id\":\"https:\/\/fcspartaktrnava.com\/martin-sulek-prestupil-do-spartaka\/\"},\"author\":{\"name\":\"spartak\",\"@id\":\"https:\/\/fcspartaktrnava.com\/#\/schema\/person\/24bc5b254af14f71d7d8af178790aa75\"},\"headline\":\"Martin \u0160ulek prest\u00fapil do Spartaka\",\"datePublished\":\"2023-06-23T09:57:23+00:00\",\"mainEntityOfPage\":{\"@id\":\"https:\/\/fcspartaktrnava.com\/martin-sulek-prestupil-do-spartaka\/\"},\"wordCount\":246,\"publisher\":{\"@id\":\"https:\/\/fcspartaktrnava.com\/#organization\"},\"image\":{\"@id\":\"https:\/\/fcspartaktrnava.com\/martin-sulek-prestupil-do-spartaka\/#primaryimage\"},\"thumbnailUrl\":\"https:\/\/fcspartaktrnava.com\/wp-content\/uploads\/2023\/06\/DSC_2294-scaled.jpg\",\"articleSection\":[\"Spr\u00e1vy\"],\"inLanguage\":\"en-GB\"},{\"@type\":\"WebPage\",\"@id\":\"https:\/\/fcspartaktrnava.com\/martin-sulek-prestupil-do-spartaka\/\",\"url\":\"https:\/\/fcspartaktrnava.com\/martin-sulek-prestupil-do-spartaka\/\",\"name\":\"Martin \u0160ulek prest\u00fapil do Spartaka - FC Spartak Trnava\",\"isPartOf\":{\"@id\":\"https:\/\/fcspartaktrnava.com\/#website\"},\"primaryImageOfPage\":{\"@id\":\"https:\/\/fcspartaktrnava.com\/martin-sulek-prestupil-do-spartaka\/#primaryimage\"},\"image\":{\"@id\":\"https:\/\/fcspartaktrnava.com\/martin-sulek-prestupil-do-spartaka\/#primaryimage\"},\"thumbnailUrl\":\"https:\/\/fcspartaktrnava.com\/wp-content\/uploads\/2023\/06\/DSC_2294-scaled.jpg\",\"datePublished\":\"2023-06-23T09:57:23+00:00\",\"breadcrumb\":{\"@id\":\"https:\/\/fcspartaktrnava.com\/martin-sulek-prestupil-do-spartaka\/#breadcrumb\"},\"inLanguage\":\"en-GB\",\"potentialAction\":[{\"@type\":\"ReadAction\",\"target\":[\"https:\/\/fcspartaktrnava.com\/martin-sulek-prestupil-do-spartaka\/\"]}]},{\"@type\":\"ImageObject\",\"inLanguage\":\"en-GB\",\"@id\":\"https:\/\/fcspartaktrnava.com\/martin-sulek-prestupil-do-spartaka\/#primaryimage\",\"url\":\"https:\/\/fcspartaktrnava.com\/wp-content\/uploads\/2023\/06\/DSC_2294-scaled.jpg\",\"contentUrl\":\"https:\/\/fcspartaktrnava.com\/wp-content\/uploads\/2023\/06\/DSC_2294-scaled.jpg\",\"width\":2560,\"height\":1707},{\"@type\":\"BreadcrumbList\",\"@id\":\"https:\/\/fcspartaktrnava.com\/martin-sulek-prestupil-do-spartaka\/#breadcrumb\",\"itemListElement\":[{\"@type\":\"ListItem\",\"position\":1,\"name\":\"Home\",\"item\":\"https:\/\/fcspartaktrnava.com\/\"},{\"@type\":\"ListItem\",\"position\":2,\"name\":\"Martin \u0160ulek prest\u00fapil do Spartaka\"}]},{\"@type\":\"WebSite\",\"@id\":\"https:\/\/fcspartaktrnava.com\/#website\",\"url\":\"https:\/\/fcspartaktrnava.com\/\",\"name\":\"FC Spartak Trnava\",\"description\":\"ofici\u00e1lna webstr\u00e1nka futbalov\u00e9ho klubu\",\"publisher\":{\"@id\":\"https:\/\/fcspartaktrnava.com\/#organization\"},\"potentialAction\":[{\"@type\":\"SearchAction\",\"target\":{\"@type\":\"EntryPoint\",\"urlTemplate\":\"https:\/\/fcspartaktrnava.com\/?s={search_term_string}\"},\"query-input\":{\"@type\":\"PropertyValueSpecification\",\"valueRequired\":true,\"valueName\":\"search_term_string\"}}],\"inLanguage\":\"en-GB\"},{\"@type\":\"Organization\",\"@id\":\"https:\/\/fcspartaktrnava.com\/#organization\",\"name\":\"FC Spartak Trnava\",\"alternateName\":\"Spartak\",\"url\":\"https:\/\/fcspartaktrnava.com\/\",\"logo\":{\"@type\":\"ImageObject\",\"inLanguage\":\"en-GB\",\"@id\":\"https:\/\/fcspartaktrnava.com\/#\/schema\/logo\/image\/\",\"url\":\"https:\/\/fcspartaktrnava.com\/wp-content\/uploads\/2022\/08\/cropped-site_logo.png\",\"contentUrl\":\"https:\/\/fcspartaktrnava.com\/wp-content\/uploads\/2022\/08\/cropped-site_logo.png\",\"width\":140,\"height\":140,\"caption\":\"FC Spartak Trnava\"},\"image\":{\"@id\":\"https:\/\/fcspartaktrnava.com\/#\/schema\/logo\/image\/\"},\"sameAs\":[\"https:\/\/www.facebook.com\/SpartakTrnava\",\"https:\/\/x.com\/SpartakTrnava1\",\"https:\/\/www.instagram.com\/spartak_sk\/\"]},{\"@type\":\"Person\",\"@id\":\"https:\/\/fcspartaktrnava.com\/#\/schema\/person\/24bc5b254af14f71d7d8af178790aa75\",\"name\":\"spartak\",\"image\":{\"@type\":\"ImageObject\",\"inLanguage\":\"en-GB\",\"@id\":\"https:\/\/fcspartaktrnava.com\/#\/schema\/person\/image\/\",\"url\":\"https:\/\/secure.gravatar.com\/avatar\/f8ff8584f3fcf3909a11a6da9019f37749183b4015bca14e64556c52614cdc7f?s=96&d=mm&r=g\",\"contentUrl\":\"https:\/\/secure.gravatar.com\/avatar\/f8ff8584f3fcf3909a11a6da9019f37749183b4015bca14e64556c52614cdc7f?s=96&d=mm&r=g\",\"caption\":\"spartak\"},\"url\":\"https:\/\/fcspartaktrnava.com\/en\/author\/spartak\/\"}]}<\/script>\n<!-- \/ Yoast SEO plugin. -->","yoast_head_json":{"title":"Martin \u0160ulek prest\u00fapil do Spartaka - FC Spartak Trnava","robots":{"index":"index","follow":"follow","max-snippet":"max-snippet:-1","max-image-preview":"max-image-preview:large","max-video-preview":"max-video-preview:-1"},"canonical":"https:\/\/fcspartaktrnava.com\/en\/martin-sulek-prestupil-do-spartaka\/","twitter_misc":{"Written by":"spartak","Estimated reading time":"2 minutes"},"schema":{"@context":"https:\/\/schema.org","@graph":[{"@type":"Article","@id":"https:\/\/fcspartaktrnava.com\/martin-sulek-prestupil-do-spartaka\/#article","isPartOf":{"@id":"https:\/\/fcspartaktrnava.com\/martin-sulek-prestupil-do-spartaka\/"},"author":{"name":"spartak","@id":"https:\/\/fcspartaktrnava.com\/#\/schema\/person\/24bc5b254af14f71d7d8af178790aa75"},"headline":"Martin \u0160ulek prest\u00fapil do Spartaka","datePublished":"2023-06-23T09:57:23+00:00","mainEntityOfPage":{"@id":"https:\/\/fcspartaktrnava.com\/martin-sulek-prestupil-do-spartaka\/"},"wordCount":246,"publisher":{"@id":"https:\/\/fcspartaktrnava.com\/#organization"},"image":{"@id":"https:\/\/fcspartaktrnava.com\/martin-sulek-prestupil-do-spartaka\/#primaryimage"},"thumbnailUrl":"https:\/\/fcspartaktrnava.com\/wp-content\/uploads\/2023\/06\/DSC_2294-scaled.jpg","articleSection":["Spr\u00e1vy"],"inLanguage":"en-GB"},{"@type":"WebPage","@id":"https:\/\/fcspartaktrnava.com\/martin-sulek-prestupil-do-spartaka\/","url":"https:\/\/fcspartaktrnava.com\/martin-sulek-prestupil-do-spartaka\/","name":"Martin \u0160ulek prest\u00fapil do Spartaka - FC Spartak Trnava","isPartOf":{"@id":"https:\/\/fcspartaktrnava.com\/#website"},"primaryImageOfPage":{"@id":"https:\/\/fcspartaktrnava.com\/martin-sulek-prestupil-do-spartaka\/#primaryimage"},"image":{"@id":"https:\/\/fcspartaktrnava.com\/martin-sulek-prestupil-do-spartaka\/#primaryimage"},"thumbnailUrl":"https:\/\/fcspartaktrnava.com\/wp-content\/uploads\/2023\/06\/DSC_2294-scaled.jpg","datePublished":"2023-06-23T09:57:23+00:00","breadcrumb":{"@id":"https:\/\/fcspartaktrnava.com\/martin-sulek-prestupil-do-spartaka\/#breadcrumb"},"inLanguage":"en-GB","potentialAction":[{"@type":"ReadAction","target":["https:\/\/fcspartaktrnava.com\/martin-sulek-prestupil-do-spartaka\/"]}]},{"@type":"ImageObject","inLanguage":"en-GB","@id":"https:\/\/fcspartaktrnava.com\/martin-sulek-prestupil-do-spartaka\/#primaryimage","url":"https:\/\/fcspartaktrnava.com\/wp-content\/uploads\/2023\/06\/DSC_2294-scaled.jpg","contentUrl":"https:\/\/fcspartaktrnava.com\/wp-content\/uploads\/2023\/06\/DSC_2294-scaled.jpg","width":2560,"height":1707},{"@type":"BreadcrumbList","@id":"https:\/\/fcspartaktrnava.com\/martin-sulek-prestupil-do-spartaka\/#breadcrumb","itemListElement":[{"@type":"ListItem","position":1,"name":"Home","item":"https:\/\/fcspartaktrnava.com\/"},{"@type":"ListItem","position":2,"name":"Martin \u0160ulek prest\u00fapil do Spartaka"}]},{"@type":"WebSite","@id":"https:\/\/fcspartaktrnava.com\/#website","url":"https:\/\/fcspartaktrnava.com\/","name":"FC Spartak Trnava","description":"ofici\u00e1lna webstr\u00e1nka futbalov\u00e9ho klubu","publisher":{"@id":"https:\/\/fcspartaktrnava.com\/#organization"},"potentialAction":[{"@type":"SearchAction","target":{"@type":"EntryPoint","urlTemplate":"https:\/\/fcspartaktrnava.com\/?s={search_term_string}"},"query-input":{"@type":"PropertyValueSpecification","valueRequired":true,"valueName":"search_term_string"}}],"inLanguage":"en-GB"},{"@type":"Organization","@id":"https:\/\/fcspartaktrnava.com\/#organization","name":"FC Spartak Trnava","alternateName":"Spartak","url":"https:\/\/fcspartaktrnava.com\/","logo":{"@type":"ImageObject","inLanguage":"en-GB","@id":"https:\/\/fcspartaktrnava.com\/#\/schema\/logo\/image\/","url":"https:\/\/fcspartaktrnava.com\/wp-content\/uploads\/2022\/08\/cropped-site_logo.png","contentUrl":"https:\/\/fcspartaktrnava.com\/wp-content\/uploads\/2022\/08\/cropped-site_logo.png","width":140,"height":140,"caption":"FC Spartak Trnava"},"image":{"@id":"https:\/\/fcspartaktrnava.com\/#\/schema\/logo\/image\/"},"sameAs":["https:\/\/www.facebook.com\/SpartakTrnava","https:\/\/x.com\/SpartakTrnava1","https:\/\/www.instagram.com\/spartak_sk\/"]},{"@type":"Person","@id":"https:\/\/fcspartaktrnava.com\/#\/schema\/person\/24bc5b254af14f71d7d8af178790aa75","name":"spartak","image":{"@type":"ImageObject","inLanguage":"en-GB","@id":"https:\/\/fcspartaktrnava.com\/#\/schema\/person\/image\/","url":"https:\/\/secure.gravatar.com\/avatar\/f8ff8584f3fcf3909a11a6da9019f37749183b4015bca14e64556c52614cdc7f?s=96&d=mm&r=g","contentUrl":"https:\/\/secure.gravatar.com\/avatar\/f8ff8584f3fcf3909a11a6da9019f37749183b4015bca14e64556c52614cdc7f?s=96&d=mm&r=g","caption":"spartak"},"url":"https:\/\/fcspartaktrnava.com\/en\/author\/spartak\/"}]}},"_links":{"self":[{"href":"https:\/\/fcspartaktrnava.com\/en\/wp-json\/wp\/v2\/posts\/8138","targetHints":{"allow":["GET"]}}],"collection":[{"href":"https:\/\/fcspartaktrnava.com\/en\/wp-json\/wp\/v2\/posts"}],"about":[{"href":"https:\/\/fcspartaktrnava.com\/en\/wp-json\/wp\/v2\/types\/post"}],"author":[{"embeddable":true,"href":"https:\/\/fcspartaktrnava.com\/en\/wp-json\/wp\/v2\/users\/2"}],"replies":[{"embeddable":true,"href":"https:\/\/fcspartaktrnava.com\/en\/wp-json\/wp\/v2\/comments?post=8138"}],"version-history":[{"count":0,"href":"https:\/\/fcspartaktrnava.com\/en\/wp-json\/wp\/v2\/posts\/8138\/revisions"}],"wp:featuredmedia":[{"embeddable":true,"href":"https:\/\/fcspartaktrnava.com\/en\/wp-json\/wp\/v2\/media\/8140"}],"wp:attachment":[{"href":"https:\/\/fcspartaktrnava.com\/en\/wp-json\/wp\/v2\/media?parent=8138"}],"wp:term":[{"taxonomy":"category","embeddable":true,"href":"https:\/\/fcspartaktrnava.com\/en\/wp-json\/wp\/v2\/categories?post=8138"},{"taxonomy":"post_tag","embeddable":true,"href":"https:\/\/fcspartaktrnava.com\/en\/wp-json\/wp\/v2\/tags?post=8138"}],"curies":[{"name":"wp","href":"https:\/\/api.w.org\/{rel}","templated":true}]}}