{"id":8122,"date":"2023-06-20T12:03:13","date_gmt":"2023-06-20T10:03:13","guid":{"rendered":"https:\/\/fcspartaktrnava.com\/?p=8122"},"modified":"2023-07-19T16:46:18","modified_gmt":"2023-07-19T14:46:18","slug":"do-trnavy-pride-spanielsky-gigant","status":"publish","type":"post","link":"https:\/\/fcspartaktrnava.com\/en\/do-trnavy-pride-spanielsky-gigant\/","title":{"rendered":"Do Trnavy pr\u00edde \u0161panielsky gigant"},"content":{"rendered":"<p>Spartak Trnava si v&nbsp;tomto roku pripom\u00edna okr\u00fahle st\u00e9 v\u00fdro\u010die do svojho vzniku. Klub si jubileum po\u010das cel\u00e9ho roka pripom\u00ednal viacer\u00fdmi sp\u00f4sobmi, no hlavn\u00e9 oslavy vyvrcholia v\u00fdro\u010dn\u00fdm z\u00e1pasom proti atrakt\u00edvnemu s\u00faperovi. T\u00fdm bude napokon \u0161panielsky ve\u013ekoklub CF Valencia. Gratulant z&nbsp;La Ligy pr\u00edde do Trnavy v sobotu 22. j\u00fala, aby si na \u0160tadi\u00f3ne Antona Malatinsk\u00e9ho od 18. hodiny zmeral sily so Spartakom Trnava.<\/p>\n\n\n\n<p>Valenciu asi nie je treba prestavova\u0165. Je to tradi\u010dn\u00fd \u00fa\u010dastn\u00edk kvalitnej La Ligy, kde dok\u00e1\u017ee vo vydaren\u00fdch sez\u00f3nach konkurova\u0165 Realu a&nbsp;Barcelone. V&nbsp;novom tis\u00edcro\u010d\u00ed \u0161panielske tituly okrem t\u00fdchto dvoch svetov\u00fdch gigantov dok\u00e1zali z\u00edska\u0165 len Atl\u00e9tico Madrid a&nbsp;pr\u00e1ve Valencia. Dokopy m\u00e1 na svojom konte 6 majstrovsk\u00fdch titulov a&nbsp;8 v\u00ed\u0165azstiev v&nbsp;dom\u00e1com poh\u00e1ri. Naj\u010derstvej\u0161\u00edm prvenstvom v&nbsp;Copa del Rey je triumf z&nbsp;roku 2019, ke\u010f vo fin\u00e1le vyhrala Valencia nad Barcelonou.<\/p>\n\n\n\n<p>Raz vyhrala aj \u0161panielsky Superpoh\u00e1r (1999 &#8211; Barcelona), tri razy dominovala Valencia celkovo v&nbsp;Poh\u00e1ri UEFA (1962 &#8211; Barcelona, 1963 &#8211; Dinamo Z\u00e1hreb, 2004 \u2013 Olympique Marseille), dvakr\u00e1t vyhrala eur\u00f3psky Superpoh\u00e1r (1981 \u2013 Nottingham Forrest, 2004 \u2013 FC Porto). Vo svojej klubovej vitr\u00edne m\u00e1 aj Poh\u00e1r v\u00ed\u0165azov poh\u00e1rov z&nbsp;rok 1980, ke\u010f vo fin\u00e1le zdolala Arsenal.<\/p>\n\n\n\n<p>Z&nbsp;najsl\u00e1vnej\u0161\u00edch trofej\u00ed ch\u00fdba \u0160panielom len celkov\u00fd triumf v&nbsp;Lige majstrov. Dvakr\u00e1t im ch\u00fdbal posledn\u00fd krok. V&nbsp;roku 2000 prehrali vo fin\u00e1le s&nbsp;Realom Madrid. O&nbsp;rok nesk\u00f4r boli e\u0161te bli\u017e\u0161ie, ale po nerozhodnom v\u00fdsledku s&nbsp;Bayernom Mn\u00edchov prehrali po penaltovom rozstrele.<\/p>\n\n\n\n<p>Biely dres s&nbsp;netopierom v&nbsp;znaku obliekali v&nbsp;minulosti tak\u00ed sl\u00e1vni hr\u00e1\u010di ako napr\u00edklad argent\u00ednsky majster sveta Mario Kempes, Gaizka Mendieta, Santiago Ca\u0148izares, Pablo Aimar, David Villa \u010di David Silva. Najv\u00e4\u010d\u0161ou hviezdou s\u00fa\u010dasn\u00e9ho k\u00e1dra tr\u00e9nera Rubena Baraju je bez sporu uruguajsk\u00fd kanonier Edinson Cavani. &nbsp;&nbsp;<\/p>\n\n\n\n<p>Samotn\u00fd z\u00e1pas bude ma\u0165 v\u00fdkop od 18. hodiny, no to nebude jedin\u00fd, ale hlavn\u00fd bod programu pre v\u0161etk\u00fdch fan\u00fa\u0161ikov Spartaka.<\/p>\n\n\n\n<p>U\u017e od 12. hodiny bude v&nbsp;priestoroch pred City arenou otvoren\u00e1 moderovan\u00e1 fanz\u00f3na, kde sa bud\u00fa m\u00f4c\u0165 najm\u00e4 t\u00ed men\u0161\u00ed zabavi\u0165 pri r\u00f4znych s\u00fa\u0165a\u017eiach a&nbsp;vyhra\u0165 r\u00f4zne ceny. Br\u00e1ny \u0161tadi\u00f3na sa otvoria u\u017e od 14. hodiny a&nbsp;pred samotn\u00fdm z\u00e1pasom sa bud\u00fa o&nbsp;dobr\u00fa n\u00e1ladu stara\u0165 popul\u00e1rni trnavsk\u00ed hudobn\u00edci a fan\u00fa\u0161ikovia si m\u00f4\u017eu v s\u00fa\u0165a\u017eiach zahra\u0165 o ceny.<\/p>\n\n\n\n<p>Po\u010das prest\u00e1vok medzi vyst\u00fapeniami bude mo\u017en\u00e9 zahra\u0165 si priamo na hracej ploche o&nbsp;atrakt\u00edvne ceny.<\/p>\n\n\n\n<figure class=\"wp-block-image size-large\"><img loading=\"lazy\" decoding=\"async\" width=\"1024\" height=\"1024\" src=\"https:\/\/fcspartaktrnava.com\/wp-content\/uploads\/2023\/06\/Valencia-promo-1024x1024.png\" alt=\"\" class=\"wp-image-8123\" srcset=\"https:\/\/fcspartaktrnava.com\/wp-content\/uploads\/2023\/06\/Valencia-promo-1024x1024.png 1024w, https:\/\/fcspartaktrnava.com\/wp-content\/uploads\/2023\/06\/Valencia-promo-300x300.png 300w, https:\/\/fcspartaktrnava.com\/wp-content\/uploads\/2023\/06\/Valencia-promo-150x150.png 150w, https:\/\/fcspartaktrnava.com\/wp-content\/uploads\/2023\/06\/Valencia-promo-768x768.png 768w, https:\/\/fcspartaktrnava.com\/wp-content\/uploads\/2023\/06\/Valencia-promo-12x12.png 12w, https:\/\/fcspartaktrnava.com\/wp-content\/uploads\/2023\/06\/Valencia-promo.png 1080w\" sizes=\"auto, (max-width: 1024px) 100vw, 1024px\" \/><\/figure>\n\n\n\n<p><strong>Predaj l\u00edstkov<\/strong><\/p>\n\n\n\n<p>Do konca mesiaca bude mo\u017en\u00e9 zak\u00fapi\u0165 vstupenky na z\u00e1pas za zv\u00fdhodnen\u00fa cenu. K\u00fapi\u0165 sa bud\u00fa da\u0165 v&nbsp;sieti <a href=\"https:\/\/cityarena.maxiticket.sk\/fc-spartak-trnava-vs-valencia-cf-2023\">maxiticket <\/a>a v&nbsp;klubovom fanshope po\u010das otv\u00e1rac\u00edch hod\u00edn. Majitelia permanentiek na nov\u00fa sez\u00f3nu maj\u00fa rezervovan\u00e9 svoje miesta do konca mesiaca a&nbsp;maj\u00fa na vstupenky 10-percentn\u00fa z\u013eavu, ktor\u00fa si m\u00f4\u017eu uplatni\u0165 aj \u010dlenovia RODZINY. Sta\u010d\u00ed do pol\u00ed\u010dka na z\u013eavov\u00fd kup\u00f3n vlo\u017ei\u0165 k\u00f3d zo svojej \u010dlenskej karty.<\/p>\n\n\n\n<p><strong>Cenn\u00edk do 30.6.2023<\/strong><\/p>\n\n\n\n<p>Sektory 1-6, 11-17, 29-34, 42-48&nbsp;<strong>15 \u20ac<\/strong><\/p>\n\n\n\n<p>Sektory 7-10, 20-23, 18-20, 26-28, 35-41&nbsp;<strong>20 \u20ac<\/strong><\/p>\n\n\n\n<p>Sektory 21-23, 25 (ko\u017een\u00e9 sedadl\u00e1):&nbsp;<strong>25 \u20ac<\/strong><br>40% z\u013eava \u2013 do 12 rokov, seniori, Z\u0164P, Z\u0164P-S sprievod*<\/p>\n\n\n\n<p><strong>Biznis vstupenky<\/strong><\/p>\n\n\n\n<p>Sektory B2, B5, B7 (bez cateringu):&nbsp;<strong>27 \u20ac<\/strong><\/p>\n\n\n\n<p>Sektory B3, B6 (bez cateringu):&nbsp;<strong>33 \u20ac<\/strong><br><br><\/p>\n\n\n\n<p><strong>Cenn\u00edk od 1.7.2023<\/strong><\/p>\n\n\n\n<p>Sektory 1-6, 11-17, 29-34, 42-48&nbsp;<strong>18 \u20ac<\/strong><\/p>\n\n\n\n<p>Sektory 7-10, 20-23, 18-20, 26-28, 35-41&nbsp;<strong>25 \u20ac<\/strong><\/p>\n\n\n\n<p>Sektory 21-23, 25 (ko\u017een\u00e9 sedadl\u00e1):&nbsp;<strong>30 \u20ac<\/strong><br>40% z\u013eava \u2013 do 12 rokov, seniori, Z\u0164P, Z\u0164P-S sprievod*<\/p>\n\n\n\n<p><strong>Biznis vstupenky<\/strong><\/p>\n\n\n\n<p>Sektory B2, B5, B7 (bez cateringu): 30<strong>&nbsp;\u20ac<\/strong><\/p>\n\n\n\n<p>Sektory B3, B6 (bez cateringu):&nbsp;<strong>38 \u20ac<\/strong><\/p>\n\n\n\n<p>Do biznisu nie je mo\u017en\u00e9 uplatni\u0165 si \u017eiadne z\u013eavy pre deti, d\u00f4chodcov a Z\u0164P.<\/p>\n\n\n\n<p>V pr\u00edpade z\u00e1ujmu o k\u00fapu biznis a VIP permanentn\u00fdch vstupeniek s cateringom kontaktujte pros\u00edm mailom&nbsp;<a href=\"mailto:marketing@fcspartaktrnava.com\" target=\"_blank\" rel=\"noreferrer noopener\">marketing@fcspartaktrnava.com<\/a>.<\/p>\n\n\n\n<p><br><em>* pri k\u00fape z\u013eavnenej vstupenky je potrebn\u00e9 preuk\u00e1za\u0165 sa pr\u00edslu\u0161n\u00fdm dokladom a dr\u017eite\u013e takejto vstupenky je povinn\u00fd ma\u0165 tento doklad pri sebe aj pri vstupe na \u0161tadi\u00f3n. V pr\u00edpade, \u017ee bude z\u013eavnen\u00e1 vstupenka zneu\u017eit\u00e1, bude okam\u017eite znefunk\u010dnen\u00e1 bez n\u00e1hrady.<\/em><\/p>\n\n\n\n<p><strong>Program<\/strong><\/p>\n\n\n\n<p>12:00 otvorenie fanz\u00f3ny<\/p>\n\n\n\n<p>14:00 otvorenie \u0160tadi\u00f3na Antona Malatinsk\u00e9ho<\/p>\n\n\n\n<p>15:00 koncert skupiny Hudba z Marsu<\/p>\n\n\n\n<p>16:00 koncert skupiny Bystr\u00edk Banda<\/p>\n\n\n\n<p>v prest\u00e1vkach fan\u00fa\u0161ikovsk\u00e9 s\u00fa\u0165a\u017ee o zauj\u00edmav\u00e9 ceny<\/p>\n\n\n\n<p>18:00 z\u00e1pas FC Spartak Trnava \u2013 Valencia CF<\/p>","protected":false},"excerpt":{"rendered":"<p>Spartak Trnava si v&nbsp;tomto roku pripom\u00edna okr\u00fahle st\u00e9&#8230;<\/p>","protected":false},"author":2,"featured_media":7322,"comment_status":"closed","ping_status":"closed","sticky":false,"template":"","format":"standard","meta":{"footnotes":""},"categories":[30],"tags":[86],"class_list":["post-8122","post","type-post","status-publish","format-standard","has-post-thumbnail","hentry","category-priprava","tag-valencia","post-number-1"],"yoast_head":"<!-- This site is optimized with the Yoast SEO plugin v27.1.1 - https:\/\/yoast.com\/product\/yoast-seo-wordpress\/ -->\n<title>Do Trnavy pr\u00edde \u0161panielsky gigant - FC Spartak Trnava<\/title>\n<meta name=\"robots\" content=\"index, follow, max-snippet:-1, max-image-preview:large, max-video-preview:-1\" \/>\n<link rel=\"canonical\" href=\"https:\/\/fcspartaktrnava.com\/en\/do-trnavy-pride-spanielsky-gigant\/\" \/>\n<meta name=\"twitter:label1\" content=\"Written by\" \/>\n\t<meta name=\"twitter:data1\" content=\"spartak\" \/>\n\t<meta name=\"twitter:label2\" content=\"Estimated reading time\" \/>\n\t<meta name=\"twitter:data2\" content=\"4 minutes\" \/>\n<script type=\"application\/ld+json\" class=\"yoast-schema-graph\">{\"@context\":\"https:\/\/schema.org\",\"@graph\":[{\"@type\":\"Article\",\"@id\":\"https:\/\/fcspartaktrnava.com\/do-trnavy-pride-spanielsky-gigant\/#article\",\"isPartOf\":{\"@id\":\"https:\/\/fcspartaktrnava.com\/do-trnavy-pride-spanielsky-gigant\/\"},\"author\":{\"name\":\"spartak\",\"@id\":\"https:\/\/fcspartaktrnava.com\/#\/schema\/person\/24bc5b254af14f71d7d8af178790aa75\"},\"headline\":\"Do Trnavy pr\u00edde \u0161panielsky gigant\",\"datePublished\":\"2023-06-20T10:03:13+00:00\",\"dateModified\":\"2023-07-19T14:46:18+00:00\",\"mainEntityOfPage\":{\"@id\":\"https:\/\/fcspartaktrnava.com\/do-trnavy-pride-spanielsky-gigant\/\"},\"wordCount\":796,\"publisher\":{\"@id\":\"https:\/\/fcspartaktrnava.com\/#organization\"},\"image\":{\"@id\":\"https:\/\/fcspartaktrnava.com\/do-trnavy-pride-spanielsky-gigant\/#primaryimage\"},\"thumbnailUrl\":\"https:\/\/fcspartaktrnava.com\/wp-content\/uploads\/2023\/05\/DSC_2906.jpg\",\"keywords\":[\"valencia\"],\"articleSection\":[\"Pr\u00edprava\"],\"inLanguage\":\"en-GB\"},{\"@type\":\"WebPage\",\"@id\":\"https:\/\/fcspartaktrnava.com\/do-trnavy-pride-spanielsky-gigant\/\",\"url\":\"https:\/\/fcspartaktrnava.com\/do-trnavy-pride-spanielsky-gigant\/\",\"name\":\"Do Trnavy pr\u00edde \u0161panielsky gigant - FC Spartak Trnava\",\"isPartOf\":{\"@id\":\"https:\/\/fcspartaktrnava.com\/#website\"},\"primaryImageOfPage\":{\"@id\":\"https:\/\/fcspartaktrnava.com\/do-trnavy-pride-spanielsky-gigant\/#primaryimage\"},\"image\":{\"@id\":\"https:\/\/fcspartaktrnava.com\/do-trnavy-pride-spanielsky-gigant\/#primaryimage\"},\"thumbnailUrl\":\"https:\/\/fcspartaktrnava.com\/wp-content\/uploads\/2023\/05\/DSC_2906.jpg\",\"datePublished\":\"2023-06-20T10:03:13+00:00\",\"dateModified\":\"2023-07-19T14:46:18+00:00\",\"breadcrumb\":{\"@id\":\"https:\/\/fcspartaktrnava.com\/do-trnavy-pride-spanielsky-gigant\/#breadcrumb\"},\"inLanguage\":\"en-GB\",\"potentialAction\":[{\"@type\":\"ReadAction\",\"target\":[\"https:\/\/fcspartaktrnava.com\/do-trnavy-pride-spanielsky-gigant\/\"]}]},{\"@type\":\"ImageObject\",\"inLanguage\":\"en-GB\",\"@id\":\"https:\/\/fcspartaktrnava.com\/do-trnavy-pride-spanielsky-gigant\/#primaryimage\",\"url\":\"https:\/\/fcspartaktrnava.com\/wp-content\/uploads\/2023\/05\/DSC_2906.jpg\",\"contentUrl\":\"https:\/\/fcspartaktrnava.com\/wp-content\/uploads\/2023\/05\/DSC_2906.jpg\",\"width\":1520,\"height\":1011},{\"@type\":\"BreadcrumbList\",\"@id\":\"https:\/\/fcspartaktrnava.com\/do-trnavy-pride-spanielsky-gigant\/#breadcrumb\",\"itemListElement\":[{\"@type\":\"ListItem\",\"position\":1,\"name\":\"Home\",\"item\":\"https:\/\/fcspartaktrnava.com\/\"},{\"@type\":\"ListItem\",\"position\":2,\"name\":\"Do Trnavy pr\u00edde \u0161panielsky gigant\"}]},{\"@type\":\"WebSite\",\"@id\":\"https:\/\/fcspartaktrnava.com\/#website\",\"url\":\"https:\/\/fcspartaktrnava.com\/\",\"name\":\"FC Spartak Trnava\",\"description\":\"ofici\u00e1lna webstr\u00e1nka futbalov\u00e9ho klubu\",\"publisher\":{\"@id\":\"https:\/\/fcspartaktrnava.com\/#organization\"},\"potentialAction\":[{\"@type\":\"SearchAction\",\"target\":{\"@type\":\"EntryPoint\",\"urlTemplate\":\"https:\/\/fcspartaktrnava.com\/?s={search_term_string}\"},\"query-input\":{\"@type\":\"PropertyValueSpecification\",\"valueRequired\":true,\"valueName\":\"search_term_string\"}}],\"inLanguage\":\"en-GB\"},{\"@type\":\"Organization\",\"@id\":\"https:\/\/fcspartaktrnava.com\/#organization\",\"name\":\"FC Spartak Trnava\",\"alternateName\":\"Spartak\",\"url\":\"https:\/\/fcspartaktrnava.com\/\",\"logo\":{\"@type\":\"ImageObject\",\"inLanguage\":\"en-GB\",\"@id\":\"https:\/\/fcspartaktrnava.com\/#\/schema\/logo\/image\/\",\"url\":\"https:\/\/fcspartaktrnava.com\/wp-content\/uploads\/2022\/08\/cropped-site_logo.png\",\"contentUrl\":\"https:\/\/fcspartaktrnava.com\/wp-content\/uploads\/2022\/08\/cropped-site_logo.png\",\"width\":140,\"height\":140,\"caption\":\"FC Spartak Trnava\"},\"image\":{\"@id\":\"https:\/\/fcspartaktrnava.com\/#\/schema\/logo\/image\/\"},\"sameAs\":[\"https:\/\/www.facebook.com\/SpartakTrnava\",\"https:\/\/x.com\/SpartakTrnava1\",\"https:\/\/www.instagram.com\/spartak_sk\/\"]},{\"@type\":\"Person\",\"@id\":\"https:\/\/fcspartaktrnava.com\/#\/schema\/person\/24bc5b254af14f71d7d8af178790aa75\",\"name\":\"spartak\",\"image\":{\"@type\":\"ImageObject\",\"inLanguage\":\"en-GB\",\"@id\":\"https:\/\/fcspartaktrnava.com\/#\/schema\/person\/image\/\",\"url\":\"https:\/\/secure.gravatar.com\/avatar\/f8ff8584f3fcf3909a11a6da9019f37749183b4015bca14e64556c52614cdc7f?s=96&d=mm&r=g\",\"contentUrl\":\"https:\/\/secure.gravatar.com\/avatar\/f8ff8584f3fcf3909a11a6da9019f37749183b4015bca14e64556c52614cdc7f?s=96&d=mm&r=g\",\"caption\":\"spartak\"},\"url\":\"https:\/\/fcspartaktrnava.com\/en\/author\/spartak\/\"}]}<\/script>\n<!-- \/ Yoast SEO plugin. -->","yoast_head_json":{"title":"Do Trnavy pr\u00edde \u0161panielsky gigant - FC Spartak Trnava","robots":{"index":"index","follow":"follow","max-snippet":"max-snippet:-1","max-image-preview":"max-image-preview:large","max-video-preview":"max-video-preview:-1"},"canonical":"https:\/\/fcspartaktrnava.com\/en\/do-trnavy-pride-spanielsky-gigant\/","twitter_misc":{"Written by":"spartak","Estimated reading time":"4 minutes"},"schema":{"@context":"https:\/\/schema.org","@graph":[{"@type":"Article","@id":"https:\/\/fcspartaktrnava.com\/do-trnavy-pride-spanielsky-gigant\/#article","isPartOf":{"@id":"https:\/\/fcspartaktrnava.com\/do-trnavy-pride-spanielsky-gigant\/"},"author":{"name":"spartak","@id":"https:\/\/fcspartaktrnava.com\/#\/schema\/person\/24bc5b254af14f71d7d8af178790aa75"},"headline":"Do Trnavy pr\u00edde \u0161panielsky gigant","datePublished":"2023-06-20T10:03:13+00:00","dateModified":"2023-07-19T14:46:18+00:00","mainEntityOfPage":{"@id":"https:\/\/fcspartaktrnava.com\/do-trnavy-pride-spanielsky-gigant\/"},"wordCount":796,"publisher":{"@id":"https:\/\/fcspartaktrnava.com\/#organization"},"image":{"@id":"https:\/\/fcspartaktrnava.com\/do-trnavy-pride-spanielsky-gigant\/#primaryimage"},"thumbnailUrl":"https:\/\/fcspartaktrnava.com\/wp-content\/uploads\/2023\/05\/DSC_2906.jpg","keywords":["valencia"],"articleSection":["Pr\u00edprava"],"inLanguage":"en-GB"},{"@type":"WebPage","@id":"https:\/\/fcspartaktrnava.com\/do-trnavy-pride-spanielsky-gigant\/","url":"https:\/\/fcspartaktrnava.com\/do-trnavy-pride-spanielsky-gigant\/","name":"Do Trnavy pr\u00edde \u0161panielsky gigant - FC Spartak Trnava","isPartOf":{"@id":"https:\/\/fcspartaktrnava.com\/#website"},"primaryImageOfPage":{"@id":"https:\/\/fcspartaktrnava.com\/do-trnavy-pride-spanielsky-gigant\/#primaryimage"},"image":{"@id":"https:\/\/fcspartaktrnava.com\/do-trnavy-pride-spanielsky-gigant\/#primaryimage"},"thumbnailUrl":"https:\/\/fcspartaktrnava.com\/wp-content\/uploads\/2023\/05\/DSC_2906.jpg","datePublished":"2023-06-20T10:03:13+00:00","dateModified":"2023-07-19T14:46:18+00:00","breadcrumb":{"@id":"https:\/\/fcspartaktrnava.com\/do-trnavy-pride-spanielsky-gigant\/#breadcrumb"},"inLanguage":"en-GB","potentialAction":[{"@type":"ReadAction","target":["https:\/\/fcspartaktrnava.com\/do-trnavy-pride-spanielsky-gigant\/"]}]},{"@type":"ImageObject","inLanguage":"en-GB","@id":"https:\/\/fcspartaktrnava.com\/do-trnavy-pride-spanielsky-gigant\/#primaryimage","url":"https:\/\/fcspartaktrnava.com\/wp-content\/uploads\/2023\/05\/DSC_2906.jpg","contentUrl":"https:\/\/fcspartaktrnava.com\/wp-content\/uploads\/2023\/05\/DSC_2906.jpg","width":1520,"height":1011},{"@type":"BreadcrumbList","@id":"https:\/\/fcspartaktrnava.com\/do-trnavy-pride-spanielsky-gigant\/#breadcrumb","itemListElement":[{"@type":"ListItem","position":1,"name":"Home","item":"https:\/\/fcspartaktrnava.com\/"},{"@type":"ListItem","position":2,"name":"Do Trnavy pr\u00edde \u0161panielsky gigant"}]},{"@type":"WebSite","@id":"https:\/\/fcspartaktrnava.com\/#website","url":"https:\/\/fcspartaktrnava.com\/","name":"FC Spartak Trnava","description":"ofici\u00e1lna webstr\u00e1nka futbalov\u00e9ho klubu","publisher":{"@id":"https:\/\/fcspartaktrnava.com\/#organization"},"potentialAction":[{"@type":"SearchAction","target":{"@type":"EntryPoint","urlTemplate":"https:\/\/fcspartaktrnava.com\/?s={search_term_string}"},"query-input":{"@type":"PropertyValueSpecification","valueRequired":true,"valueName":"search_term_string"}}],"inLanguage":"en-GB"},{"@type":"Organization","@id":"https:\/\/fcspartaktrnava.com\/#organization","name":"FC Spartak Trnava","alternateName":"Spartak","url":"https:\/\/fcspartaktrnava.com\/","logo":{"@type":"ImageObject","inLanguage":"en-GB","@id":"https:\/\/fcspartaktrnava.com\/#\/schema\/logo\/image\/","url":"https:\/\/fcspartaktrnava.com\/wp-content\/uploads\/2022\/08\/cropped-site_logo.png","contentUrl":"https:\/\/fcspartaktrnava.com\/wp-content\/uploads\/2022\/08\/cropped-site_logo.png","width":140,"height":140,"caption":"FC Spartak Trnava"},"image":{"@id":"https:\/\/fcspartaktrnava.com\/#\/schema\/logo\/image\/"},"sameAs":["https:\/\/www.facebook.com\/SpartakTrnava","https:\/\/x.com\/SpartakTrnava1","https:\/\/www.instagram.com\/spartak_sk\/"]},{"@type":"Person","@id":"https:\/\/fcspartaktrnava.com\/#\/schema\/person\/24bc5b254af14f71d7d8af178790aa75","name":"spartak","image":{"@type":"ImageObject","inLanguage":"en-GB","@id":"https:\/\/fcspartaktrnava.com\/#\/schema\/person\/image\/","url":"https:\/\/secure.gravatar.com\/avatar\/f8ff8584f3fcf3909a11a6da9019f37749183b4015bca14e64556c52614cdc7f?s=96&d=mm&r=g","contentUrl":"https:\/\/secure.gravatar.com\/avatar\/f8ff8584f3fcf3909a11a6da9019f37749183b4015bca14e64556c52614cdc7f?s=96&d=mm&r=g","caption":"spartak"},"url":"https:\/\/fcspartaktrnava.com\/en\/author\/spartak\/"}]}},"_links":{"self":[{"href":"https:\/\/fcspartaktrnava.com\/en\/wp-json\/wp\/v2\/posts\/8122","targetHints":{"allow":["GET"]}}],"collection":[{"href":"https:\/\/fcspartaktrnava.com\/en\/wp-json\/wp\/v2\/posts"}],"about":[{"href":"https:\/\/fcspartaktrnava.com\/en\/wp-json\/wp\/v2\/types\/post"}],"author":[{"embeddable":true,"href":"https:\/\/fcspartaktrnava.com\/en\/wp-json\/wp\/v2\/users\/2"}],"replies":[{"embeddable":true,"href":"https:\/\/fcspartaktrnava.com\/en\/wp-json\/wp\/v2\/comments?post=8122"}],"version-history":[{"count":0,"href":"https:\/\/fcspartaktrnava.com\/en\/wp-json\/wp\/v2\/posts\/8122\/revisions"}],"wp:featuredmedia":[{"embeddable":true,"href":"https:\/\/fcspartaktrnava.com\/en\/wp-json\/wp\/v2\/media\/7322"}],"wp:attachment":[{"href":"https:\/\/fcspartaktrnava.com\/en\/wp-json\/wp\/v2\/media?parent=8122"}],"wp:term":[{"taxonomy":"category","embeddable":true,"href":"https:\/\/fcspartaktrnava.com\/en\/wp-json\/wp\/v2\/categories?post=8122"},{"taxonomy":"post_tag","embeddable":true,"href":"https:\/\/fcspartaktrnava.com\/en\/wp-json\/wp\/v2\/tags?post=8122"}],"curies":[{"name":"wp","href":"https:\/\/api.w.org\/{rel}","templated":true}]}}