{"id":798,"date":"2022-08-17T12:31:00","date_gmt":"2022-08-17T12:31:00","guid":{"rendered":"https:\/\/fcspartaktrnava.com\/?p=798"},"modified":"2022-08-24T09:01:36","modified_gmt":"2022-08-24T09:01:36","slug":"nech-je-proti-dunajskej-strede-prava-futbalova-kulisa","status":"publish","type":"post","link":"https:\/\/fcspartaktrnava.com\/en\/nech-je-proti-dunajskej-strede-prava-futbalova-kulisa\/","title":{"rendered":"Let it be the right football backdrop against Dunajsk\u00e1 Streda"},"content":{"rendered":"<p>Already on Saturday, Spartak Trnava will meet Dunajsk\u00e1 Streda in the St\u00e1di\u00f3n Anton Malatinsk\u00fd in a match. Both rivals have finished their performance in the 3rd preliminary round of the European Conference League and will devote their full attention to domestic competitions.<\/p>\n\n\n\n<p>DAC has a new coach, after a long time a Slovak coach. Adrian Gula promises progress after last year's fourth place. After five rounds, his team is in second place with eleven points, Spartak has three less.<\/p>\n\n\n\n<p>In the last round, both of Saturday's rivals won smoothly and improved their appetite after being dropped from Europe. D. Streda outclassed Dukla Bansk\u00e1 Bystrica 3:0 at home, when Krstovi\u010d scored his fourth goal in the league and is in second place in the scorers' table. The Montenegrin footballer also added five goals in the Conference League and is definitely in scoring form.<\/p>\n\n\n\n<p>It is interesting that the Syrian football player Ammar Ramadan, who wore the Trnava jersey last season and opened his scoring account in the Fortuna League in the last round, transferred to the club from \u017ditn\u00e9 ostrov.<\/p>\n\n\n\n<p>Despite the fact that Spartak did not have a good start to the season, it is the team that shoots most often in the fall, just ahead of Dunajsk\u00e1 Streda, so a two-sided offensive performance can be expected. The people of Trnava scored ten times, the people of Dunajskredo scored one goal less.<\/p>\n\n\n\n<p>The mutual balance of the last matches speaks in favor of Spartak. He ended last season with a narrow 1-0 win after Yusuf's goal, before that there were two 1-1 draws and in the opening match of last season, Trnava won easily 3-0 away.<\/p>\n\n\n\n<p>Let's believe that this balance will continue and that the players in Michalovce have improved their shooting taste, which they will translate into goals in the next home match, which starts on Saturday, August 20, from 6 p.m.<\/p>\n\n\n\n<p>In the match, for which a large group of fans of the guests are also preparing and a true football backdrop is expected, they will also need traditional support from the stands. Tickets are already on sale online at&nbsp;<a href=\"https:\/\/cityarena.maxiticket.sk\/fc-spartak-trnava-vs-fc-dac-1904-dunajska-streda-2022-3\">https:\/\/cityarena.maxiticket.sk\/fc-spartak-trnava-vs-fc-dac-1904-dunajska-streda-2022-3<\/a>, or in the official Spartak fan shop at the stadium from 9:30 a.m. to 5 p.m. or on the day of the match from 4 p.m. at the box office on \u0160portova Street.<\/p>\n\n\n\n<p>After the \"night\" matches, a children's sector will be prepared again, where mothers with children or organized groups of children under 14 are welcome. The condition is to register your participation by e-mail at&nbsp;<a href=\"mailto:office@fcspartaktrnava.com\">office@fcspartaktrnava.com<\/a>&nbsp;by Friday at the latest. Competitions for interesting prizes and club souvenirs will be prepared for children before the match and during the break.<\/p>","protected":false},"excerpt":{"rendered":"<p>U\u017e v sobotu sa v \u0161l\u00e1gri kola stretn\u00fa&#8230;<\/p>","protected":false},"author":5,"featured_media":799,"comment_status":"closed","ping_status":"closed","sticky":false,"template":"","format":"standard","meta":{"footnotes":""},"categories":[12],"tags":[],"class_list":["post-798","post","type-post","status-publish","format-standard","has-post-thumbnail","hentry","category-spravy","post-number-1"],"yoast_head":"<!-- This site is optimized with the Yoast SEO plugin v27.1.1 - https:\/\/yoast.com\/product\/yoast-seo-wordpress\/ -->\n<title>Nech je proti Dunajskej Strede prav\u00e1 futbalov\u00e1 kulisa - FC Spartak Trnava<\/title>\n<meta name=\"robots\" content=\"index, follow, max-snippet:-1, max-image-preview:large, max-video-preview:-1\" \/>\n<link rel=\"canonical\" href=\"https:\/\/fcspartaktrnava.com\/en\/nech-je-proti-dunajskej-strede-prava-futbalova-kulisa\/\" \/>\n<meta name=\"twitter:label1\" content=\"Written by\" \/>\n\t<meta name=\"twitter:data1\" content=\"Samuel \u010eurinsk\u00fd\" \/>\n\t<meta name=\"twitter:label2\" content=\"Estimated reading time\" \/>\n\t<meta name=\"twitter:data2\" content=\"2 minutes\" \/>\n<script type=\"application\/ld+json\" class=\"yoast-schema-graph\">{\"@context\":\"https:\/\/schema.org\",\"@graph\":[{\"@type\":\"Article\",\"@id\":\"https:\/\/fcspartaktrnava.com\/en\/nech-je-proti-dunajskej-strede-prava-futbalova-kulisa\/#article\",\"isPartOf\":{\"@id\":\"https:\/\/fcspartaktrnava.com\/en\/nech-je-proti-dunajskej-strede-prava-futbalova-kulisa\/\"},\"author\":{\"name\":\"Samuel \u010eurinsk\u00fd\",\"@id\":\"https:\/\/fcspartaktrnava.com\/#\/schema\/person\/62c3c2562c3c56e4c0c8c2342c596ac0\"},\"headline\":\"Nech je proti Dunajskej Strede prav\u00e1 futbalov\u00e1 kulisa\",\"datePublished\":\"2022-08-17T12:31:00+00:00\",\"dateModified\":\"2022-08-24T09:01:36+00:00\",\"mainEntityOfPage\":{\"@id\":\"https:\/\/fcspartaktrnava.com\/en\/nech-je-proti-dunajskej-strede-prava-futbalova-kulisa\/\"},\"wordCount\":476,\"publisher\":{\"@id\":\"https:\/\/fcspartaktrnava.com\/#organization\"},\"image\":{\"@id\":\"https:\/\/fcspartaktrnava.com\/en\/nech-je-proti-dunajskej-strede-prava-futbalova-kulisa\/#primaryimage\"},\"thumbnailUrl\":\"https:\/\/fcspartaktrnava.com\/wp-content\/uploads\/2022\/08\/nech-je-proti-dunajskej-strede.jpg\",\"articleSection\":[\"Spr\u00e1vy\"],\"inLanguage\":\"en-GB\"},{\"@type\":\"WebPage\",\"@id\":\"https:\/\/fcspartaktrnava.com\/en\/nech-je-proti-dunajskej-strede-prava-futbalova-kulisa\/\",\"url\":\"https:\/\/fcspartaktrnava.com\/en\/nech-je-proti-dunajskej-strede-prava-futbalova-kulisa\/\",\"name\":\"Nech je proti Dunajskej Strede prav\u00e1 futbalov\u00e1 kulisa - FC Spartak Trnava\",\"isPartOf\":{\"@id\":\"https:\/\/fcspartaktrnava.com\/#website\"},\"primaryImageOfPage\":{\"@id\":\"https:\/\/fcspartaktrnava.com\/en\/nech-je-proti-dunajskej-strede-prava-futbalova-kulisa\/#primaryimage\"},\"image\":{\"@id\":\"https:\/\/fcspartaktrnava.com\/en\/nech-je-proti-dunajskej-strede-prava-futbalova-kulisa\/#primaryimage\"},\"thumbnailUrl\":\"https:\/\/fcspartaktrnava.com\/wp-content\/uploads\/2022\/08\/nech-je-proti-dunajskej-strede.jpg\",\"datePublished\":\"2022-08-17T12:31:00+00:00\",\"dateModified\":\"2022-08-24T09:01:36+00:00\",\"breadcrumb\":{\"@id\":\"https:\/\/fcspartaktrnava.com\/en\/nech-je-proti-dunajskej-strede-prava-futbalova-kulisa\/#breadcrumb\"},\"inLanguage\":\"en-GB\",\"potentialAction\":[{\"@type\":\"ReadAction\",\"target\":[\"https:\/\/fcspartaktrnava.com\/en\/nech-je-proti-dunajskej-strede-prava-futbalova-kulisa\/\"]}]},{\"@type\":\"ImageObject\",\"inLanguage\":\"en-GB\",\"@id\":\"https:\/\/fcspartaktrnava.com\/en\/nech-je-proti-dunajskej-strede-prava-futbalova-kulisa\/#primaryimage\",\"url\":\"https:\/\/fcspartaktrnava.com\/wp-content\/uploads\/2022\/08\/nech-je-proti-dunajskej-strede.jpg\",\"contentUrl\":\"https:\/\/fcspartaktrnava.com\/wp-content\/uploads\/2022\/08\/nech-je-proti-dunajskej-strede.jpg\",\"width\":1300,\"height\":555},{\"@type\":\"BreadcrumbList\",\"@id\":\"https:\/\/fcspartaktrnava.com\/en\/nech-je-proti-dunajskej-strede-prava-futbalova-kulisa\/#breadcrumb\",\"itemListElement\":[{\"@type\":\"ListItem\",\"position\":1,\"name\":\"Home\",\"item\":\"https:\/\/fcspartaktrnava.com\/\"},{\"@type\":\"ListItem\",\"position\":2,\"name\":\"Nech je proti Dunajskej Strede prav\u00e1 futbalov\u00e1 kulisa\"}]},{\"@type\":\"WebSite\",\"@id\":\"https:\/\/fcspartaktrnava.com\/#website\",\"url\":\"https:\/\/fcspartaktrnava.com\/\",\"name\":\"FC Spartak Trnava\",\"description\":\"ofici\u00e1lna webstr\u00e1nka futbalov\u00e9ho klubu\",\"publisher\":{\"@id\":\"https:\/\/fcspartaktrnava.com\/#organization\"},\"potentialAction\":[{\"@type\":\"SearchAction\",\"target\":{\"@type\":\"EntryPoint\",\"urlTemplate\":\"https:\/\/fcspartaktrnava.com\/?s={search_term_string}\"},\"query-input\":{\"@type\":\"PropertyValueSpecification\",\"valueRequired\":true,\"valueName\":\"search_term_string\"}}],\"inLanguage\":\"en-GB\"},{\"@type\":\"Organization\",\"@id\":\"https:\/\/fcspartaktrnava.com\/#organization\",\"name\":\"FC Spartak Trnava\",\"alternateName\":\"Spartak\",\"url\":\"https:\/\/fcspartaktrnava.com\/\",\"logo\":{\"@type\":\"ImageObject\",\"inLanguage\":\"en-GB\",\"@id\":\"https:\/\/fcspartaktrnava.com\/#\/schema\/logo\/image\/\",\"url\":\"https:\/\/fcspartaktrnava.com\/wp-content\/uploads\/2022\/08\/cropped-site_logo.png\",\"contentUrl\":\"https:\/\/fcspartaktrnava.com\/wp-content\/uploads\/2022\/08\/cropped-site_logo.png\",\"width\":140,\"height\":140,\"caption\":\"FC Spartak Trnava\"},\"image\":{\"@id\":\"https:\/\/fcspartaktrnava.com\/#\/schema\/logo\/image\/\"},\"sameAs\":[\"https:\/\/www.facebook.com\/SpartakTrnava\",\"https:\/\/x.com\/SpartakTrnava1\",\"https:\/\/www.instagram.com\/spartak_sk\/\"]},{\"@type\":\"Person\",\"@id\":\"https:\/\/fcspartaktrnava.com\/#\/schema\/person\/62c3c2562c3c56e4c0c8c2342c596ac0\",\"name\":\"Samuel \u010eurinsk\u00fd\",\"image\":{\"@type\":\"ImageObject\",\"inLanguage\":\"en-GB\",\"@id\":\"https:\/\/fcspartaktrnava.com\/#\/schema\/person\/image\/\",\"url\":\"https:\/\/secure.gravatar.com\/avatar\/af2fa02af92418b86ed742470664fe40056833fb68d84becf03f6ab02319257c?s=96&d=mm&r=g\",\"contentUrl\":\"https:\/\/secure.gravatar.com\/avatar\/af2fa02af92418b86ed742470664fe40056833fb68d84becf03f6ab02319257c?s=96&d=mm&r=g\",\"caption\":\"Samuel \u010eurinsk\u00fd\"},\"url\":\"https:\/\/fcspartaktrnava.com\/en\/author\/fcst-samuel\/\"}]}<\/script>\n<!-- \/ Yoast SEO plugin. -->","yoast_head_json":{"title":"Nech je proti Dunajskej Strede prav\u00e1 futbalov\u00e1 kulisa - FC Spartak Trnava","robots":{"index":"index","follow":"follow","max-snippet":"max-snippet:-1","max-image-preview":"max-image-preview:large","max-video-preview":"max-video-preview:-1"},"canonical":"https:\/\/fcspartaktrnava.com\/en\/nech-je-proti-dunajskej-strede-prava-futbalova-kulisa\/","twitter_misc":{"Written by":"Samuel \u010eurinsk\u00fd","Estimated reading time":"2 minutes"},"schema":{"@context":"https:\/\/schema.org","@graph":[{"@type":"Article","@id":"https:\/\/fcspartaktrnava.com\/en\/nech-je-proti-dunajskej-strede-prava-futbalova-kulisa\/#article","isPartOf":{"@id":"https:\/\/fcspartaktrnava.com\/en\/nech-je-proti-dunajskej-strede-prava-futbalova-kulisa\/"},"author":{"name":"Samuel \u010eurinsk\u00fd","@id":"https:\/\/fcspartaktrnava.com\/#\/schema\/person\/62c3c2562c3c56e4c0c8c2342c596ac0"},"headline":"Nech je proti Dunajskej Strede prav\u00e1 futbalov\u00e1 kulisa","datePublished":"2022-08-17T12:31:00+00:00","dateModified":"2022-08-24T09:01:36+00:00","mainEntityOfPage":{"@id":"https:\/\/fcspartaktrnava.com\/en\/nech-je-proti-dunajskej-strede-prava-futbalova-kulisa\/"},"wordCount":476,"publisher":{"@id":"https:\/\/fcspartaktrnava.com\/#organization"},"image":{"@id":"https:\/\/fcspartaktrnava.com\/en\/nech-je-proti-dunajskej-strede-prava-futbalova-kulisa\/#primaryimage"},"thumbnailUrl":"https:\/\/fcspartaktrnava.com\/wp-content\/uploads\/2022\/08\/nech-je-proti-dunajskej-strede.jpg","articleSection":["Spr\u00e1vy"],"inLanguage":"en-GB"},{"@type":"WebPage","@id":"https:\/\/fcspartaktrnava.com\/en\/nech-je-proti-dunajskej-strede-prava-futbalova-kulisa\/","url":"https:\/\/fcspartaktrnava.com\/en\/nech-je-proti-dunajskej-strede-prava-futbalova-kulisa\/","name":"Nech je proti Dunajskej Strede prav\u00e1 futbalov\u00e1 kulisa - FC Spartak Trnava","isPartOf":{"@id":"https:\/\/fcspartaktrnava.com\/#website"},"primaryImageOfPage":{"@id":"https:\/\/fcspartaktrnava.com\/en\/nech-je-proti-dunajskej-strede-prava-futbalova-kulisa\/#primaryimage"},"image":{"@id":"https:\/\/fcspartaktrnava.com\/en\/nech-je-proti-dunajskej-strede-prava-futbalova-kulisa\/#primaryimage"},"thumbnailUrl":"https:\/\/fcspartaktrnava.com\/wp-content\/uploads\/2022\/08\/nech-je-proti-dunajskej-strede.jpg","datePublished":"2022-08-17T12:31:00+00:00","dateModified":"2022-08-24T09:01:36+00:00","breadcrumb":{"@id":"https:\/\/fcspartaktrnava.com\/en\/nech-je-proti-dunajskej-strede-prava-futbalova-kulisa\/#breadcrumb"},"inLanguage":"en-GB","potentialAction":[{"@type":"ReadAction","target":["https:\/\/fcspartaktrnava.com\/en\/nech-je-proti-dunajskej-strede-prava-futbalova-kulisa\/"]}]},{"@type":"ImageObject","inLanguage":"en-GB","@id":"https:\/\/fcspartaktrnava.com\/en\/nech-je-proti-dunajskej-strede-prava-futbalova-kulisa\/#primaryimage","url":"https:\/\/fcspartaktrnava.com\/wp-content\/uploads\/2022\/08\/nech-je-proti-dunajskej-strede.jpg","contentUrl":"https:\/\/fcspartaktrnava.com\/wp-content\/uploads\/2022\/08\/nech-je-proti-dunajskej-strede.jpg","width":1300,"height":555},{"@type":"BreadcrumbList","@id":"https:\/\/fcspartaktrnava.com\/en\/nech-je-proti-dunajskej-strede-prava-futbalova-kulisa\/#breadcrumb","itemListElement":[{"@type":"ListItem","position":1,"name":"Home","item":"https:\/\/fcspartaktrnava.com\/"},{"@type":"ListItem","position":2,"name":"Nech je proti Dunajskej Strede prav\u00e1 futbalov\u00e1 kulisa"}]},{"@type":"WebSite","@id":"https:\/\/fcspartaktrnava.com\/#website","url":"https:\/\/fcspartaktrnava.com\/","name":"FC Spartak Trnava","description":"ofici\u00e1lna webstr\u00e1nka futbalov\u00e9ho klubu","publisher":{"@id":"https:\/\/fcspartaktrnava.com\/#organization"},"potentialAction":[{"@type":"SearchAction","target":{"@type":"EntryPoint","urlTemplate":"https:\/\/fcspartaktrnava.com\/?s={search_term_string}"},"query-input":{"@type":"PropertyValueSpecification","valueRequired":true,"valueName":"search_term_string"}}],"inLanguage":"en-GB"},{"@type":"Organization","@id":"https:\/\/fcspartaktrnava.com\/#organization","name":"FC Spartak Trnava","alternateName":"Spartak","url":"https:\/\/fcspartaktrnava.com\/","logo":{"@type":"ImageObject","inLanguage":"en-GB","@id":"https:\/\/fcspartaktrnava.com\/#\/schema\/logo\/image\/","url":"https:\/\/fcspartaktrnava.com\/wp-content\/uploads\/2022\/08\/cropped-site_logo.png","contentUrl":"https:\/\/fcspartaktrnava.com\/wp-content\/uploads\/2022\/08\/cropped-site_logo.png","width":140,"height":140,"caption":"FC Spartak Trnava"},"image":{"@id":"https:\/\/fcspartaktrnava.com\/#\/schema\/logo\/image\/"},"sameAs":["https:\/\/www.facebook.com\/SpartakTrnava","https:\/\/x.com\/SpartakTrnava1","https:\/\/www.instagram.com\/spartak_sk\/"]},{"@type":"Person","@id":"https:\/\/fcspartaktrnava.com\/#\/schema\/person\/62c3c2562c3c56e4c0c8c2342c596ac0","name":"Samuel \u010eurinsk\u00fd","image":{"@type":"ImageObject","inLanguage":"en-GB","@id":"https:\/\/fcspartaktrnava.com\/#\/schema\/person\/image\/","url":"https:\/\/secure.gravatar.com\/avatar\/af2fa02af92418b86ed742470664fe40056833fb68d84becf03f6ab02319257c?s=96&d=mm&r=g","contentUrl":"https:\/\/secure.gravatar.com\/avatar\/af2fa02af92418b86ed742470664fe40056833fb68d84becf03f6ab02319257c?s=96&d=mm&r=g","caption":"Samuel \u010eurinsk\u00fd"},"url":"https:\/\/fcspartaktrnava.com\/en\/author\/fcst-samuel\/"}]}},"_links":{"self":[{"href":"https:\/\/fcspartaktrnava.com\/en\/wp-json\/wp\/v2\/posts\/798","targetHints":{"allow":["GET"]}}],"collection":[{"href":"https:\/\/fcspartaktrnava.com\/en\/wp-json\/wp\/v2\/posts"}],"about":[{"href":"https:\/\/fcspartaktrnava.com\/en\/wp-json\/wp\/v2\/types\/post"}],"author":[{"embeddable":true,"href":"https:\/\/fcspartaktrnava.com\/en\/wp-json\/wp\/v2\/users\/5"}],"replies":[{"embeddable":true,"href":"https:\/\/fcspartaktrnava.com\/en\/wp-json\/wp\/v2\/comments?post=798"}],"version-history":[{"count":0,"href":"https:\/\/fcspartaktrnava.com\/en\/wp-json\/wp\/v2\/posts\/798\/revisions"}],"wp:featuredmedia":[{"embeddable":true,"href":"https:\/\/fcspartaktrnava.com\/en\/wp-json\/wp\/v2\/media\/799"}],"wp:attachment":[{"href":"https:\/\/fcspartaktrnava.com\/en\/wp-json\/wp\/v2\/media?parent=798"}],"wp:term":[{"taxonomy":"category","embeddable":true,"href":"https:\/\/fcspartaktrnava.com\/en\/wp-json\/wp\/v2\/categories?post=798"},{"taxonomy":"post_tag","embeddable":true,"href":"https:\/\/fcspartaktrnava.com\/en\/wp-json\/wp\/v2\/tags?post=798"}],"curies":[{"name":"wp","href":"https:\/\/api.w.org\/{rel}","templated":true}]}}