{"id":7967,"date":"2023-06-15T12:02:28","date_gmt":"2023-06-15T12:02:28","guid":{"rendered":"https:\/\/fcspartaktrnava.com\/?p=7967"},"modified":"2023-06-15T12:02:28","modified_gmt":"2023-06-15T12:02:28","slug":"silna-brankarska-zostava-aj-zmena-kapitana","status":"publish","type":"post","link":"https:\/\/fcspartaktrnava.com\/en\/silna-brankarska-zostava-aj-zmena-kapitana\/","title":{"rendered":"Siln\u00e1 brank\u00e1rska zostava, aj zmena kapit\u00e1na"},"content":{"rendered":"<p>Na prv\u00fd tr\u00e9ning sa te\u0161ili aj viacer\u00ed hr\u00e1\u010di, mnoh\u00ed boli pln\u00ed o\u010dak\u00e1vania, \u010do prinesie nov\u00e1 sez\u00f3na, nov\u00e1 v\u00fdzva. Na \u00faplne \u010distom liste by chcel za\u010da\u0165 brank\u00e1r Dobrivoj Rusov. Kv\u00f4li zraneniam, n\u00e1sledn\u00fdm oper\u00e1ci\u00e1m a&nbsp;rekonvalescencii vynechal takmer dva roky. Vla\u0148aj\u0161iu sez\u00f3nu stihol a\u017e v&nbsp;samom z\u00e1vere, no u\u017e je pripraven\u00fd. Posilnil u\u017e beztak kvalitn\u00fa brank\u00e1rsku zostavu s&nbsp;Vantrubom, Tak\u00e1\u010dom, Kamen\u00e1rom i&nbsp;mlad\u00fdm Vasilom a&nbsp;tr\u00e9ner g\u00f3lmanov Pavel Kamesch bude ma\u0165 pr\u00edjemn\u00e9 starosti vybra\u0165 z\u00e1pasov\u00fa jednotku.<\/p>\n\n\n\n<p>Dobo Rusov v\u0161ak nevn\u00edma boj o&nbsp;brank\u00e1rsky post ako to najd\u00f4le\u017eitej\u0161ie v&nbsp;jeho s\u00fa\u010dasnej kari\u00e9re. <strong><em>\u201eAsi ka\u017ed\u00fd mi potvrd\u00ed, \u017ee si v\u0161etci u\u017e\u00edvame t\u00fato brank\u00e1rsku partiu a&nbsp;ja osobne by som o&nbsp;\u0148u nechcel pr\u00eds\u0165. Kie\u017e by z&nbsp;nej nikto neodi\u0161iel, hoci niekto by sa to asi pozeral inak. Ja sa ka\u017ed\u00fd de\u0148 te\u0161\u00edm do roboty. Jasn\u00e9, \u017ee prirodzen\u00e1 rivalita tam je, a&nbsp;to n\u00e1s m\u00f4\u017ee pos\u00fava\u0165. \u010ci bude chyta\u0165 jeden alebo druh\u00fd, t\u00ed \u010fal\u0161\u00ed mu bud\u00fa d\u00fdcha\u0165 na chrb\u00e1t, a&nbsp;to je dobre. Mimo toho v\u0161ak m\u00e1me dobr\u00e9 vz\u0165ahy a&nbsp;m\u00e1me sa radi.\u201c<\/em><\/strong><\/p>\n\n\n\n<figure class=\"wp-block-embed is-type-video is-provider-youtube wp-block-embed-youtube wp-embed-aspect-16-9 wp-has-aspect-ratio\"><div class=\"wp-block-embed__wrapper\">\n<iframe loading=\"lazy\" title=\"Dobrivoj Rusov: Medzi brank\u00e1rmi m\u00e1me prirodzen\u00fa rivalitu\" width=\"500\" height=\"281\" src=\"https:\/\/www.youtube.com\/embed\/CpC0aIAtjC0?feature=oembed\" frameborder=\"0\" allow=\"accelerometer; autoplay; clipboard-write; encrypted-media; gyroscope; picture-in-picture; web-share\" referrerpolicy=\"strict-origin-when-cross-origin\" allowfullscreen><\/iframe>\n<\/div><\/figure>\n\n\n\n<p>Na rozdiel od Rusova, ktor\u00fd sa na konci sez\u00f3ny vr\u00e1til, Martin Mikovi\u010d musel kv\u00f4li oper\u00e1cii vynecha\u0165 takmer cel\u00fa nadstavbu. Aj on sa v\u0161ak dal v&nbsp;pauze definit\u00edvne dokopy a&nbsp;ako s\u00e1m povedal, u\u017e mu ch\u00fdba len svalov\u00e1 hmota na stehne a&nbsp;z\u00e1pasov\u00e1 prax. Po\u010das absencie Rusova nosil preva\u017ene on kapit\u00e1nsku p\u00e1sku, ktor\u00fa je teraz pripraven\u00fd odovzda\u0165 sp\u00e4\u0165.<\/p>\n\n\n\n<p><strong><em>\u201ePre m\u0148a je to jasn\u00e9. Dobo bol kapit\u00e1n u\u017e predt\u00fdm, ne\u017e som ja pri\u0161iel. Potom sa zranil a&nbsp;prevzal som to ja, no teraz, ke\u010f je v&nbsp;plnom tr\u00e9ningu a&nbsp;nasaden\u00ed, tak je to pre m\u0148a kapit\u00e1n \u010d\u00edslo jeden.\u201c<\/em><\/strong><\/p>\n\n\n\n<figure class=\"wp-block-embed is-type-video is-provider-youtube wp-block-embed-youtube wp-embed-aspect-16-9 wp-has-aspect-ratio\"><div class=\"wp-block-embed__wrapper\">\n<iframe loading=\"lazy\" title=\"Martin Mikovi\u010d: Koleno dr\u017e\u00ed, som pripraven\u00fd do pln\u00e9ho tr\u00e9ningu\" width=\"500\" height=\"281\" src=\"https:\/\/www.youtube.com\/embed\/L_vFUusKpIM?feature=oembed\" frameborder=\"0\" allow=\"accelerometer; autoplay; clipboard-write; encrypted-media; gyroscope; picture-in-picture; web-share\" referrerpolicy=\"strict-origin-when-cross-origin\" allowfullscreen><\/iframe>\n<\/div><\/figure>\n\n\n\n<p>Jedin\u00fdm \u00fapln\u00fdm nov\u00e1\u010dikom na zraze bol srbsk\u00fd futbalista Filip Bainovi\u010d. V&nbsp;uplynulom ro\u010dn\u00edku bol najlep\u0161\u00edm strelcom Tren\u010d\u00edna, ktor\u00fd s&nbsp;kapit\u00e1nskou p\u00e1skou pom\u00e1hal zachr\u00e1ni\u0165 v&nbsp;lige. To sa podarilo a&nbsp;aj pod\u013ea vlastn\u00fdch sa posunul v&nbsp;kari\u00e9re \u010falej a&nbsp;prest\u00fapil do Spartaka.<\/p>\n\n\n\n<p>Sk\u00fasen\u00fd, \u010doskoro 27-ro\u010dn\u00fd futbalista, p\u00f4sobil okrem srbskej a&nbsp;slovenskej ligy aj v&nbsp;po\u013eskej najvy\u0161\u0161ej lige, no a\u017e v&nbsp;spartakovskom drese bude ma\u0165 pr\u00edle\u017eitos\u0165 zahra\u0165 si v&nbsp;poh\u00e1rovej Eur\u00f3pe. <strong><em>\u201ePre m\u0148a s\u00fa to ve\u013emi pekn\u00e9 z\u00e1pasy a&nbsp;ve\u013emi sa na ne te\u0161\u00edm. Ver\u00edm, \u017ee dostaneme dobr\u00e9ho s\u00fapera. Ka\u017ed\u00fd bude chcie\u0165 post\u00fapi\u0165 \u010do naj\u010falej, no to sa budeme sna\u017ei\u0165 aj my.\u201c<\/em><\/strong><\/p>\n\n\n\n<p>Na prestupe tren\u010dianskeho kapit\u00e1na mal podiel aj Martin \u0160krtel, ktor\u00fd ho pozorne sledoval v&nbsp;z\u00e1pasoch a&nbsp;napokon aj pomohol sprostredkova\u0165 jeho pr\u00edchod do Trnavy. <strong><em>\u201eAj takto by som chcel Martinovi \u0160krtelovi poveda\u0165 ve\u013ek\u00e9 \u010fakujem. Mal som s&nbsp;n\u00edm ve\u013ea rozhovorov o&nbsp;t\u00edme a&nbsp;on bol jedn\u00fdm z&nbsp;rozhoduj\u00facich d\u00f4vodov, pre\u010do som teraz tu.\u201c<\/em><\/strong><br>U\u017e na zajtraj\u0161om tr\u00e9ningu by sa k&nbsp;t\u00edmu mal prida\u0165 aj \u010fal\u0161\u00ed Extren\u010dan Philip Azango.<\/p>\n\n\n\n<figure class=\"wp-block-embed is-type-video is-provider-youtube wp-block-embed-youtube wp-embed-aspect-16-9 wp-has-aspect-ratio\"><div class=\"wp-block-embed__wrapper\">\n<iframe loading=\"lazy\" title=\"Filip Bainovi\u010d: Budem hra\u0165 tam, kde ma bude tr\u00e9ner potrebova\u0165\" width=\"500\" height=\"281\" src=\"https:\/\/www.youtube.com\/embed\/2jJBypmrj_M?feature=oembed\" frameborder=\"0\" allow=\"accelerometer; autoplay; clipboard-write; encrypted-media; gyroscope; picture-in-picture; web-share\" referrerpolicy=\"strict-origin-when-cross-origin\" allowfullscreen><\/iframe>\n<\/div><\/figure>","protected":false},"excerpt":{"rendered":"<p>Na prv\u00fd tr\u00e9ning sa te\u0161ili aj viacer\u00ed hr\u00e1\u010di,&#8230;<\/p>","protected":false},"author":2,"featured_media":7972,"comment_status":"closed","ping_status":"closed","sticky":false,"template":"","format":"standard","meta":{"footnotes":""},"categories":[30,19],"tags":[],"class_list":["post-7967","post","type-post","status-publish","format-standard","has-post-thumbnail","hentry","category-priprava","category-trening","post-number-1"],"yoast_head":"<!-- This site is optimized with the Yoast SEO plugin v27.1.1 - https:\/\/yoast.com\/product\/yoast-seo-wordpress\/ -->\n<title>Siln\u00e1 brank\u00e1rska zostava, aj zmena kapit\u00e1na - FC Spartak Trnava<\/title>\n<meta name=\"robots\" content=\"index, follow, max-snippet:-1, max-image-preview:large, max-video-preview:-1\" \/>\n<link rel=\"canonical\" href=\"https:\/\/fcspartaktrnava.com\/en\/silna-brankarska-zostava-aj-zmena-kapitana\/\" \/>\n<meta name=\"twitter:label1\" content=\"Written by\" \/>\n\t<meta name=\"twitter:data1\" content=\"spartak\" \/>\n\t<meta name=\"twitter:label2\" content=\"Estimated reading time\" \/>\n\t<meta name=\"twitter:data2\" content=\"3 minutes\" \/>\n<script type=\"application\/ld+json\" class=\"yoast-schema-graph\">{\"@context\":\"https:\/\/schema.org\",\"@graph\":[{\"@type\":\"Article\",\"@id\":\"https:\/\/fcspartaktrnava.com\/silna-brankarska-zostava-aj-zmena-kapitana\/#article\",\"isPartOf\":{\"@id\":\"https:\/\/fcspartaktrnava.com\/silna-brankarska-zostava-aj-zmena-kapitana\/\"},\"author\":{\"name\":\"spartak\",\"@id\":\"https:\/\/fcspartaktrnava.com\/#\/schema\/person\/24bc5b254af14f71d7d8af178790aa75\"},\"headline\":\"Siln\u00e1 brank\u00e1rska zostava, aj zmena kapit\u00e1na\",\"datePublished\":\"2023-06-15T12:02:28+00:00\",\"mainEntityOfPage\":{\"@id\":\"https:\/\/fcspartaktrnava.com\/silna-brankarska-zostava-aj-zmena-kapitana\/\"},\"wordCount\":625,\"publisher\":{\"@id\":\"https:\/\/fcspartaktrnava.com\/#organization\"},\"image\":{\"@id\":\"https:\/\/fcspartaktrnava.com\/silna-brankarska-zostava-aj-zmena-kapitana\/#primaryimage\"},\"thumbnailUrl\":\"https:\/\/fcspartaktrnava.com\/wp-content\/uploads\/2023\/06\/DSC_1009-scaled.jpg\",\"articleSection\":[\"Pr\u00edprava\",\"Tr\u00e9ning\"],\"inLanguage\":\"en-GB\"},{\"@type\":\"WebPage\",\"@id\":\"https:\/\/fcspartaktrnava.com\/silna-brankarska-zostava-aj-zmena-kapitana\/\",\"url\":\"https:\/\/fcspartaktrnava.com\/silna-brankarska-zostava-aj-zmena-kapitana\/\",\"name\":\"Siln\u00e1 brank\u00e1rska zostava, aj zmena kapit\u00e1na - FC Spartak Trnava\",\"isPartOf\":{\"@id\":\"https:\/\/fcspartaktrnava.com\/#website\"},\"primaryImageOfPage\":{\"@id\":\"https:\/\/fcspartaktrnava.com\/silna-brankarska-zostava-aj-zmena-kapitana\/#primaryimage\"},\"image\":{\"@id\":\"https:\/\/fcspartaktrnava.com\/silna-brankarska-zostava-aj-zmena-kapitana\/#primaryimage\"},\"thumbnailUrl\":\"https:\/\/fcspartaktrnava.com\/wp-content\/uploads\/2023\/06\/DSC_1009-scaled.jpg\",\"datePublished\":\"2023-06-15T12:02:28+00:00\",\"breadcrumb\":{\"@id\":\"https:\/\/fcspartaktrnava.com\/silna-brankarska-zostava-aj-zmena-kapitana\/#breadcrumb\"},\"inLanguage\":\"en-GB\",\"potentialAction\":[{\"@type\":\"ReadAction\",\"target\":[\"https:\/\/fcspartaktrnava.com\/silna-brankarska-zostava-aj-zmena-kapitana\/\"]}]},{\"@type\":\"ImageObject\",\"inLanguage\":\"en-GB\",\"@id\":\"https:\/\/fcspartaktrnava.com\/silna-brankarska-zostava-aj-zmena-kapitana\/#primaryimage\",\"url\":\"https:\/\/fcspartaktrnava.com\/wp-content\/uploads\/2023\/06\/DSC_1009-scaled.jpg\",\"contentUrl\":\"https:\/\/fcspartaktrnava.com\/wp-content\/uploads\/2023\/06\/DSC_1009-scaled.jpg\",\"width\":2560,\"height\":1706},{\"@type\":\"BreadcrumbList\",\"@id\":\"https:\/\/fcspartaktrnava.com\/silna-brankarska-zostava-aj-zmena-kapitana\/#breadcrumb\",\"itemListElement\":[{\"@type\":\"ListItem\",\"position\":1,\"name\":\"Home\",\"item\":\"https:\/\/fcspartaktrnava.com\/\"},{\"@type\":\"ListItem\",\"position\":2,\"name\":\"Siln\u00e1 brank\u00e1rska zostava, aj zmena kapit\u00e1na\"}]},{\"@type\":\"WebSite\",\"@id\":\"https:\/\/fcspartaktrnava.com\/#website\",\"url\":\"https:\/\/fcspartaktrnava.com\/\",\"name\":\"FC Spartak Trnava\",\"description\":\"ofici\u00e1lna webstr\u00e1nka futbalov\u00e9ho klubu\",\"publisher\":{\"@id\":\"https:\/\/fcspartaktrnava.com\/#organization\"},\"potentialAction\":[{\"@type\":\"SearchAction\",\"target\":{\"@type\":\"EntryPoint\",\"urlTemplate\":\"https:\/\/fcspartaktrnava.com\/?s={search_term_string}\"},\"query-input\":{\"@type\":\"PropertyValueSpecification\",\"valueRequired\":true,\"valueName\":\"search_term_string\"}}],\"inLanguage\":\"en-GB\"},{\"@type\":\"Organization\",\"@id\":\"https:\/\/fcspartaktrnava.com\/#organization\",\"name\":\"FC Spartak Trnava\",\"alternateName\":\"Spartak\",\"url\":\"https:\/\/fcspartaktrnava.com\/\",\"logo\":{\"@type\":\"ImageObject\",\"inLanguage\":\"en-GB\",\"@id\":\"https:\/\/fcspartaktrnava.com\/#\/schema\/logo\/image\/\",\"url\":\"https:\/\/fcspartaktrnava.com\/wp-content\/uploads\/2022\/08\/cropped-site_logo.png\",\"contentUrl\":\"https:\/\/fcspartaktrnava.com\/wp-content\/uploads\/2022\/08\/cropped-site_logo.png\",\"width\":140,\"height\":140,\"caption\":\"FC Spartak Trnava\"},\"image\":{\"@id\":\"https:\/\/fcspartaktrnava.com\/#\/schema\/logo\/image\/\"},\"sameAs\":[\"https:\/\/www.facebook.com\/SpartakTrnava\",\"https:\/\/x.com\/SpartakTrnava1\",\"https:\/\/www.instagram.com\/spartak_sk\/\"]},{\"@type\":\"Person\",\"@id\":\"https:\/\/fcspartaktrnava.com\/#\/schema\/person\/24bc5b254af14f71d7d8af178790aa75\",\"name\":\"spartak\",\"image\":{\"@type\":\"ImageObject\",\"inLanguage\":\"en-GB\",\"@id\":\"https:\/\/fcspartaktrnava.com\/#\/schema\/person\/image\/\",\"url\":\"https:\/\/secure.gravatar.com\/avatar\/f8ff8584f3fcf3909a11a6da9019f37749183b4015bca14e64556c52614cdc7f?s=96&d=mm&r=g\",\"contentUrl\":\"https:\/\/secure.gravatar.com\/avatar\/f8ff8584f3fcf3909a11a6da9019f37749183b4015bca14e64556c52614cdc7f?s=96&d=mm&r=g\",\"caption\":\"spartak\"},\"url\":\"https:\/\/fcspartaktrnava.com\/en\/author\/spartak\/\"}]}<\/script>\n<!-- \/ Yoast SEO plugin. -->","yoast_head_json":{"title":"Siln\u00e1 brank\u00e1rska zostava, aj zmena kapit\u00e1na - FC Spartak Trnava","robots":{"index":"index","follow":"follow","max-snippet":"max-snippet:-1","max-image-preview":"max-image-preview:large","max-video-preview":"max-video-preview:-1"},"canonical":"https:\/\/fcspartaktrnava.com\/en\/silna-brankarska-zostava-aj-zmena-kapitana\/","twitter_misc":{"Written by":"spartak","Estimated reading time":"3 minutes"},"schema":{"@context":"https:\/\/schema.org","@graph":[{"@type":"Article","@id":"https:\/\/fcspartaktrnava.com\/silna-brankarska-zostava-aj-zmena-kapitana\/#article","isPartOf":{"@id":"https:\/\/fcspartaktrnava.com\/silna-brankarska-zostava-aj-zmena-kapitana\/"},"author":{"name":"spartak","@id":"https:\/\/fcspartaktrnava.com\/#\/schema\/person\/24bc5b254af14f71d7d8af178790aa75"},"headline":"Siln\u00e1 brank\u00e1rska zostava, aj zmena kapit\u00e1na","datePublished":"2023-06-15T12:02:28+00:00","mainEntityOfPage":{"@id":"https:\/\/fcspartaktrnava.com\/silna-brankarska-zostava-aj-zmena-kapitana\/"},"wordCount":625,"publisher":{"@id":"https:\/\/fcspartaktrnava.com\/#organization"},"image":{"@id":"https:\/\/fcspartaktrnava.com\/silna-brankarska-zostava-aj-zmena-kapitana\/#primaryimage"},"thumbnailUrl":"https:\/\/fcspartaktrnava.com\/wp-content\/uploads\/2023\/06\/DSC_1009-scaled.jpg","articleSection":["Pr\u00edprava","Tr\u00e9ning"],"inLanguage":"en-GB"},{"@type":"WebPage","@id":"https:\/\/fcspartaktrnava.com\/silna-brankarska-zostava-aj-zmena-kapitana\/","url":"https:\/\/fcspartaktrnava.com\/silna-brankarska-zostava-aj-zmena-kapitana\/","name":"Siln\u00e1 brank\u00e1rska zostava, aj zmena kapit\u00e1na - FC Spartak Trnava","isPartOf":{"@id":"https:\/\/fcspartaktrnava.com\/#website"},"primaryImageOfPage":{"@id":"https:\/\/fcspartaktrnava.com\/silna-brankarska-zostava-aj-zmena-kapitana\/#primaryimage"},"image":{"@id":"https:\/\/fcspartaktrnava.com\/silna-brankarska-zostava-aj-zmena-kapitana\/#primaryimage"},"thumbnailUrl":"https:\/\/fcspartaktrnava.com\/wp-content\/uploads\/2023\/06\/DSC_1009-scaled.jpg","datePublished":"2023-06-15T12:02:28+00:00","breadcrumb":{"@id":"https:\/\/fcspartaktrnava.com\/silna-brankarska-zostava-aj-zmena-kapitana\/#breadcrumb"},"inLanguage":"en-GB","potentialAction":[{"@type":"ReadAction","target":["https:\/\/fcspartaktrnava.com\/silna-brankarska-zostava-aj-zmena-kapitana\/"]}]},{"@type":"ImageObject","inLanguage":"en-GB","@id":"https:\/\/fcspartaktrnava.com\/silna-brankarska-zostava-aj-zmena-kapitana\/#primaryimage","url":"https:\/\/fcspartaktrnava.com\/wp-content\/uploads\/2023\/06\/DSC_1009-scaled.jpg","contentUrl":"https:\/\/fcspartaktrnava.com\/wp-content\/uploads\/2023\/06\/DSC_1009-scaled.jpg","width":2560,"height":1706},{"@type":"BreadcrumbList","@id":"https:\/\/fcspartaktrnava.com\/silna-brankarska-zostava-aj-zmena-kapitana\/#breadcrumb","itemListElement":[{"@type":"ListItem","position":1,"name":"Home","item":"https:\/\/fcspartaktrnava.com\/"},{"@type":"ListItem","position":2,"name":"Siln\u00e1 brank\u00e1rska zostava, aj zmena kapit\u00e1na"}]},{"@type":"WebSite","@id":"https:\/\/fcspartaktrnava.com\/#website","url":"https:\/\/fcspartaktrnava.com\/","name":"FC Spartak Trnava","description":"ofici\u00e1lna webstr\u00e1nka futbalov\u00e9ho klubu","publisher":{"@id":"https:\/\/fcspartaktrnava.com\/#organization"},"potentialAction":[{"@type":"SearchAction","target":{"@type":"EntryPoint","urlTemplate":"https:\/\/fcspartaktrnava.com\/?s={search_term_string}"},"query-input":{"@type":"PropertyValueSpecification","valueRequired":true,"valueName":"search_term_string"}}],"inLanguage":"en-GB"},{"@type":"Organization","@id":"https:\/\/fcspartaktrnava.com\/#organization","name":"FC Spartak Trnava","alternateName":"Spartak","url":"https:\/\/fcspartaktrnava.com\/","logo":{"@type":"ImageObject","inLanguage":"en-GB","@id":"https:\/\/fcspartaktrnava.com\/#\/schema\/logo\/image\/","url":"https:\/\/fcspartaktrnava.com\/wp-content\/uploads\/2022\/08\/cropped-site_logo.png","contentUrl":"https:\/\/fcspartaktrnava.com\/wp-content\/uploads\/2022\/08\/cropped-site_logo.png","width":140,"height":140,"caption":"FC Spartak Trnava"},"image":{"@id":"https:\/\/fcspartaktrnava.com\/#\/schema\/logo\/image\/"},"sameAs":["https:\/\/www.facebook.com\/SpartakTrnava","https:\/\/x.com\/SpartakTrnava1","https:\/\/www.instagram.com\/spartak_sk\/"]},{"@type":"Person","@id":"https:\/\/fcspartaktrnava.com\/#\/schema\/person\/24bc5b254af14f71d7d8af178790aa75","name":"spartak","image":{"@type":"ImageObject","inLanguage":"en-GB","@id":"https:\/\/fcspartaktrnava.com\/#\/schema\/person\/image\/","url":"https:\/\/secure.gravatar.com\/avatar\/f8ff8584f3fcf3909a11a6da9019f37749183b4015bca14e64556c52614cdc7f?s=96&d=mm&r=g","contentUrl":"https:\/\/secure.gravatar.com\/avatar\/f8ff8584f3fcf3909a11a6da9019f37749183b4015bca14e64556c52614cdc7f?s=96&d=mm&r=g","caption":"spartak"},"url":"https:\/\/fcspartaktrnava.com\/en\/author\/spartak\/"}]}},"_links":{"self":[{"href":"https:\/\/fcspartaktrnava.com\/en\/wp-json\/wp\/v2\/posts\/7967","targetHints":{"allow":["GET"]}}],"collection":[{"href":"https:\/\/fcspartaktrnava.com\/en\/wp-json\/wp\/v2\/posts"}],"about":[{"href":"https:\/\/fcspartaktrnava.com\/en\/wp-json\/wp\/v2\/types\/post"}],"author":[{"embeddable":true,"href":"https:\/\/fcspartaktrnava.com\/en\/wp-json\/wp\/v2\/users\/2"}],"replies":[{"embeddable":true,"href":"https:\/\/fcspartaktrnava.com\/en\/wp-json\/wp\/v2\/comments?post=7967"}],"version-history":[{"count":0,"href":"https:\/\/fcspartaktrnava.com\/en\/wp-json\/wp\/v2\/posts\/7967\/revisions"}],"wp:featuredmedia":[{"embeddable":true,"href":"https:\/\/fcspartaktrnava.com\/en\/wp-json\/wp\/v2\/media\/7972"}],"wp:attachment":[{"href":"https:\/\/fcspartaktrnava.com\/en\/wp-json\/wp\/v2\/media?parent=7967"}],"wp:term":[{"taxonomy":"category","embeddable":true,"href":"https:\/\/fcspartaktrnava.com\/en\/wp-json\/wp\/v2\/categories?post=7967"},{"taxonomy":"post_tag","embeddable":true,"href":"https:\/\/fcspartaktrnava.com\/en\/wp-json\/wp\/v2\/tags?post=7967"}],"curies":[{"name":"wp","href":"https:\/\/api.w.org\/{rel}","templated":true}]}}