{"id":7965,"date":"2023-06-15T09:42:38","date_gmt":"2023-06-15T09:42:38","guid":{"rendered":"https:\/\/fcspartaktrnava.com\/?p=7965"},"modified":"2023-06-15T12:14:11","modified_gmt":"2023-06-15T12:14:11","slug":"spartakovci-zacali-s-pripravou-na-novu-sezonu","status":"publish","type":"post","link":"https:\/\/fcspartaktrnava.com\/en\/spartakovci-zacali-s-pripravou-na-novu-sezonu\/","title":{"rendered":"Spartakovci za\u010dali s\u00a0pr\u00edpravou na nov\u00fa sez\u00f3nu"},"content":{"rendered":"<p>Futbalistov Spartaka dnes \u010dakal \u00favodn\u00fd zraz pred \u0161tartom pr\u00edpravy na nov\u00fd ro\u010dn\u00edk s\u00fa\u0165a\u017ee. Na prvom stretnut\u00ed na ihrisk\u00e1ch Lokomot\u00edvy Trnava bolo dovedna 16 hr\u00e1\u010dov v&nbsp;poli a&nbsp;5 brank\u00e1ri. \u00daplne nov\u00fdm hr\u00e1\u010dom bol Filip Bainovi\u010d, iba individu\u00e1lne tr\u00e9noval Kazeem Bolaji.<\/p>\n\n\n\n<p>Okrem futbalistov, ktor\u00fdm sa skon\u010dila v&nbsp;Spartaku zmluva alebo hos\u0165ovanie, ch\u00fdbal K\u00f3\u0161a, ktor\u00fd mal n\u00e1ro\u010dn\u00e9 leto. Najsk\u00f4r absolvoval majstrovstv\u00e1 sveta do 20 rokov v&nbsp;Argent\u00edne a&nbsp;potom aj reprezenta\u010dn\u00fd kemp, tak dostal dlh\u0161ie vo\u013eno a&nbsp;k&nbsp;mu\u017estvu sa pripoj\u00ed v&nbsp;pondelok. Zajtra pribudne do k\u00e1dra aj druh\u00fd nov\u00e1\u010dik Azango, ktor\u00fd len dnes prilieta na Slovensko.<\/p>\n\n\n\n<p>Nielen hr\u00e1\u010di, ale tr\u00e9neri a&nbsp;realiza\u010dn\u00fd t\u00edm si odd\u00fdchli a&nbsp;po\u010das triapolt\u00fd\u017ed\u0148ovej dovolenky stihli toho viac. <strong><em>\u201eDovolenku som tr\u00e1vil najm\u00e4 h\u013eadan\u00edm hr\u00e1\u010dov. Ale stihol som si aj odpo\u010din\u00fa\u0165, bol som s&nbsp;rodinou v&nbsp;Turecku aj v&nbsp;\u0160panielsku,\u201c<\/em><\/strong> hovoril pred prv\u00fdm tr\u00e9ningom hlavn\u00fd tr\u00e9ner Michal Ga\u0161par\u00edk, ktor\u00fd v&nbsp;Spartaku za\u010d\u00edna tretiu sez\u00f3nu. V&nbsp;t\u00fdch predch\u00e1dzaj\u00facich skon\u010dilo mu\u017estvo zaka\u017ed\u00fdm na tre\u0165om mieste a&nbsp;v&nbsp;3. predkole Eur\u00f3pskej konferen\u010dnej ligy.<\/p>\n\n\n\n<p><strong><em>\u201e\u010co sa t\u00fdka poh\u00e1rovej Eur\u00f3py, tak ve\u013ea bude z\u00e1le\u017ea\u0165 od&nbsp;\u017erebu, ale ver\u00edm, \u017ee p\u00f4jdeme od z\u00e1pasu k&nbsp;z\u00e1pasu a&nbsp;t\u00fdch k\u00f4l bude viac. Tretie miesto v&nbsp;lige bolo re\u00e1lne odzrkadlenie na\u0161ej kvality a&nbsp;ciele nebud\u00fa ni\u017e\u0161ie ani t\u00fato sez\u00f3nu. Dva razy po sebe sme vyhrali Slovensk\u00fd poh\u00e1r, neviem \u010di je re\u00e1lne z\u00edska\u0165 trofej tret\u00edkr\u00e1t po sebe.\u201c<\/em><\/strong><\/p>\n\n\n\n<figure class=\"wp-block-embed is-type-video is-provider-youtube wp-block-embed-youtube wp-embed-aspect-16-9 wp-has-aspect-ratio\"><div class=\"wp-block-embed__wrapper\">\n<iframe loading=\"lazy\" title=\"Michal Ga\u0161par\u00edk: Prest\u00e1vku som vyu\u017eil na h\u013eadanie hr\u00e1\u010dov a oddych\" width=\"500\" height=\"281\" src=\"https:\/\/www.youtube.com\/embed\/bnETvA4TRPQ?feature=oembed\" frameborder=\"0\" allow=\"accelerometer; autoplay; clipboard-write; encrypted-media; gyroscope; picture-in-picture; web-share\" referrerpolicy=\"strict-origin-when-cross-origin\" allowfullscreen><\/iframe>\n<\/div><\/figure>\n\n\n\n<p>Na konci sez\u00f3ny sa skon\u010dili zmluvy a\u00a0hos\u0165ovania Savvidisovi, \u010curmovi, Azevedovi, Twardzikovi, Taiwovi, Olejn\u00edkovi. Nov\u00e9 kluby si m\u00f4\u017eu h\u013eada\u0165 aj Tumma, Paur a\u00a0Ristovski, ktor\u00fd je na reprezenta\u010dnom zraze Severn\u00e9ho Maced\u00f3nska. Do pr\u00edpravy v\u0161ak nasko\u010dili \u00fato\u010dn\u00edci Ikugar s\u00a0Boatengom, ktor\u00ed jar str\u00e1vili na hos\u0165ovaniach a\u00a0maj\u00fa e\u0161te zmluvu v\u00a0Spartaku. <strong><em>\u201eIkugara e\u0161te chceme p\u00e1r dni vidie\u0165, lebo v\u00a0Moravciach to mal \u0165a\u017e\u0161ie, hrali in\u00fdm syst\u00e9mom. S\u00a0Boatengom ner\u00e1tame, ale m\u00e1 platn\u00fa zmluvu a\u00a0umo\u017en\u00edme t\u00fdmto chalanom s\u00a0nami tr\u00e9nova\u0165.\u201c<\/em><\/strong><\/p>\n\n\n\n<p>Ch\u00fdbal najlep\u0161\u00ed hr\u00e1\u010d jari Abdulrahman Taiwo, ktor\u00fd v&nbsp;Spartaku hos\u0165oval do konca sez\u00f3ny a&nbsp;klub z&nbsp;Trnavy prejavil z\u00e1ujem o&nbsp;jeho zotrvanie. Pokra\u010dovaniu v&nbsp;\u010derveno-\u010diernom drese by sa nebr\u00e1nil ani samotn\u00fd hr\u00e1\u010d, ale svojimi v\u00fdkonmi si urobil v\u00fdborn\u00fa reklamu a&nbsp;z\u00e1ujemcov o&nbsp;jeho slu\u017eby je viacero. <strong><em>\u201eMy sme ponuku dali, ale s\u00fa v tom kluby, ktor\u00e9 dok\u00e1\u017eu da\u0165 viac. Svoje slovo m\u00e1 aj samotn\u00fd hr\u00e1\u010d, \u017ee pokia\u013e tu chce osta\u0165, tak to m\u00f4\u017ee zav\u00e1\u017ei\u0165.\u201c<\/em><\/strong><\/p>\n\n\n\n<p>Ka\u017edop\u00e1dne, odch\u00e1dzaj\u00facich bude treba nahradi\u0165, tak\u017ee Michal Ga\u0161par\u00edk pozorne sleduje viacer\u00fdch hr\u00e1\u010dov, ktor\u00ed by mohli pribudn\u00fa\u0165 do jeho t\u00edmu a r\u00e1d ho omladil. <strong><em>\u201eAj v&nbsp;na\u0161ej lige m\u00e1m vytipovan\u00e9ho niekoho, uvid\u00edme, \u010di je to mo\u017en\u00e9, ale hlavne h\u013ead\u00e1me v&nbsp;zahrani\u010d\u00ed. Mysl\u00edm, \u017ee potrebujeme \u0161tyroch \u010fal\u0161\u00edch hr\u00e1\u010dov, mo\u017eno piatich, ale so \u0161tyrmi by som bol spokojn\u00fd a&nbsp;k\u00e1der by mal adekv\u00e1tnu kvalitu. Mo\u017eno e\u0161te v&nbsp;tomto t\u00fd\u017edni by sme mohli predstavi\u0165 \u010fal\u0161iu posilu. M\u00e1me z\u00e1ujem o&nbsp;hr\u00e1\u010dov do defenz\u00edvy aj do ofenz\u00edvy. Sna\u017e\u00edme sa mu\u017estvo trochu okysli\u010di\u0165 a&nbsp;omladi\u0165.\u201c<\/em><\/strong><\/p>\n\n\n\n<p><strong>Prv\u00fd tr\u00e9ning absolvovali<\/strong><\/p>\n\n\n\n<p>brank\u00e1ri: Tak\u00e1\u010d, Rusov, Vantruba, Kamen\u00e1r, Vasil<\/p>\n\n\n\n<p>hr\u00e1\u010di v&nbsp;poli: Mikovi\u010d, Proch\u00e1zka, Ko\u0161trna, \u0160tetina, Bainovi\u010d, Paur, \u0160tef\u00e1nik, Bukata, Ujlaky, Karhan, Daniel, Oseni, Bolaji, Boateng, Ikugar, Ofori.<\/p>\n\n\n\n<p>Po \u0161tarte v&nbsp;dom\u00e1cich podmienkach odch\u00e1dzaj\u00fa spartakovci 22. j\u00fana na s\u00fastredenie do Slovinska, kde odohraj\u00fa aj dve pr\u00edpravn\u00e9 stretnutia s&nbsp;NK Rijeka (24. 6.) a Hajdukom Split (28. 6.). Prv\u00fd j\u00falov\u00fd de\u0148 sa vr\u00e1tia na Slovensko a&nbsp;pred ostr\u00fdm \u0161tartom do sez\u00f3ny odohraj\u00fa e\u0161te \u0161tyri z\u00e1pasy so zahrani\u010dn\u00fdmi s\u00fapermi.<\/p>","protected":false},"excerpt":{"rendered":"<p>Futbalistov Spartaka dnes \u010dakal \u00favodn\u00fd zraz pred \u0161tartom&#8230;<\/p>","protected":false},"author":2,"featured_media":7966,"comment_status":"closed","ping_status":"closed","sticky":false,"template":"","format":"standard","meta":{"footnotes":""},"categories":[30,19],"tags":[11],"class_list":["post-7965","post","type-post","status-publish","format-standard","has-post-thumbnail","hentry","category-priprava","category-trening","tag-michal-gasparik","post-number-1"],"yoast_head":"<!-- This site is optimized with the Yoast SEO plugin v27.1.1 - https:\/\/yoast.com\/product\/yoast-seo-wordpress\/ -->\n<title>Spartakovci za\u010dali s\u00a0pr\u00edpravou na nov\u00fa sez\u00f3nu - FC Spartak Trnava<\/title>\n<meta name=\"robots\" content=\"index, follow, max-snippet:-1, max-image-preview:large, max-video-preview:-1\" \/>\n<link rel=\"canonical\" href=\"https:\/\/fcspartaktrnava.com\/en\/spartakovci-zacali-s-pripravou-na-novu-sezonu\/\" \/>\n<meta name=\"twitter:label1\" content=\"Written by\" \/>\n\t<meta name=\"twitter:data1\" content=\"spartak\" \/>\n\t<meta name=\"twitter:label2\" content=\"Estimated reading time\" \/>\n\t<meta name=\"twitter:data2\" content=\"3 minutes\" \/>\n<script type=\"application\/ld+json\" class=\"yoast-schema-graph\">{\"@context\":\"https:\/\/schema.org\",\"@graph\":[{\"@type\":\"Article\",\"@id\":\"https:\/\/fcspartaktrnava.com\/spartakovci-zacali-s-pripravou-na-novu-sezonu\/#article\",\"isPartOf\":{\"@id\":\"https:\/\/fcspartaktrnava.com\/spartakovci-zacali-s-pripravou-na-novu-sezonu\/\"},\"author\":{\"name\":\"spartak\",\"@id\":\"https:\/\/fcspartaktrnava.com\/#\/schema\/person\/24bc5b254af14f71d7d8af178790aa75\"},\"headline\":\"Spartakovci za\u010dali s\u00a0pr\u00edpravou na nov\u00fa sez\u00f3nu\",\"datePublished\":\"2023-06-15T09:42:38+00:00\",\"dateModified\":\"2023-06-15T12:14:11+00:00\",\"mainEntityOfPage\":{\"@id\":\"https:\/\/fcspartaktrnava.com\/spartakovci-zacali-s-pripravou-na-novu-sezonu\/\"},\"wordCount\":763,\"publisher\":{\"@id\":\"https:\/\/fcspartaktrnava.com\/#organization\"},\"image\":{\"@id\":\"https:\/\/fcspartaktrnava.com\/spartakovci-zacali-s-pripravou-na-novu-sezonu\/#primaryimage\"},\"thumbnailUrl\":\"https:\/\/fcspartaktrnava.com\/wp-content\/uploads\/2023\/06\/prvy-zraz.jpg\",\"keywords\":[\"Michal Ga\u0161par\u00edk\"],\"articleSection\":[\"Pr\u00edprava\",\"Tr\u00e9ning\"],\"inLanguage\":\"en-GB\"},{\"@type\":\"WebPage\",\"@id\":\"https:\/\/fcspartaktrnava.com\/spartakovci-zacali-s-pripravou-na-novu-sezonu\/\",\"url\":\"https:\/\/fcspartaktrnava.com\/spartakovci-zacali-s-pripravou-na-novu-sezonu\/\",\"name\":\"Spartakovci za\u010dali s\u00a0pr\u00edpravou na nov\u00fa sez\u00f3nu - FC Spartak Trnava\",\"isPartOf\":{\"@id\":\"https:\/\/fcspartaktrnava.com\/#website\"},\"primaryImageOfPage\":{\"@id\":\"https:\/\/fcspartaktrnava.com\/spartakovci-zacali-s-pripravou-na-novu-sezonu\/#primaryimage\"},\"image\":{\"@id\":\"https:\/\/fcspartaktrnava.com\/spartakovci-zacali-s-pripravou-na-novu-sezonu\/#primaryimage\"},\"thumbnailUrl\":\"https:\/\/fcspartaktrnava.com\/wp-content\/uploads\/2023\/06\/prvy-zraz.jpg\",\"datePublished\":\"2023-06-15T09:42:38+00:00\",\"dateModified\":\"2023-06-15T12:14:11+00:00\",\"breadcrumb\":{\"@id\":\"https:\/\/fcspartaktrnava.com\/spartakovci-zacali-s-pripravou-na-novu-sezonu\/#breadcrumb\"},\"inLanguage\":\"en-GB\",\"potentialAction\":[{\"@type\":\"ReadAction\",\"target\":[\"https:\/\/fcspartaktrnava.com\/spartakovci-zacali-s-pripravou-na-novu-sezonu\/\"]}]},{\"@type\":\"ImageObject\",\"inLanguage\":\"en-GB\",\"@id\":\"https:\/\/fcspartaktrnava.com\/spartakovci-zacali-s-pripravou-na-novu-sezonu\/#primaryimage\",\"url\":\"https:\/\/fcspartaktrnava.com\/wp-content\/uploads\/2023\/06\/prvy-zraz.jpg\",\"contentUrl\":\"https:\/\/fcspartaktrnava.com\/wp-content\/uploads\/2023\/06\/prvy-zraz.jpg\",\"width\":1548,\"height\":1030},{\"@type\":\"BreadcrumbList\",\"@id\":\"https:\/\/fcspartaktrnava.com\/spartakovci-zacali-s-pripravou-na-novu-sezonu\/#breadcrumb\",\"itemListElement\":[{\"@type\":\"ListItem\",\"position\":1,\"name\":\"Home\",\"item\":\"https:\/\/fcspartaktrnava.com\/\"},{\"@type\":\"ListItem\",\"position\":2,\"name\":\"Spartakovci za\u010dali s\u00a0pr\u00edpravou na nov\u00fa sez\u00f3nu\"}]},{\"@type\":\"WebSite\",\"@id\":\"https:\/\/fcspartaktrnava.com\/#website\",\"url\":\"https:\/\/fcspartaktrnava.com\/\",\"name\":\"FC Spartak Trnava\",\"description\":\"ofici\u00e1lna webstr\u00e1nka futbalov\u00e9ho klubu\",\"publisher\":{\"@id\":\"https:\/\/fcspartaktrnava.com\/#organization\"},\"potentialAction\":[{\"@type\":\"SearchAction\",\"target\":{\"@type\":\"EntryPoint\",\"urlTemplate\":\"https:\/\/fcspartaktrnava.com\/?s={search_term_string}\"},\"query-input\":{\"@type\":\"PropertyValueSpecification\",\"valueRequired\":true,\"valueName\":\"search_term_string\"}}],\"inLanguage\":\"en-GB\"},{\"@type\":\"Organization\",\"@id\":\"https:\/\/fcspartaktrnava.com\/#organization\",\"name\":\"FC Spartak Trnava\",\"alternateName\":\"Spartak\",\"url\":\"https:\/\/fcspartaktrnava.com\/\",\"logo\":{\"@type\":\"ImageObject\",\"inLanguage\":\"en-GB\",\"@id\":\"https:\/\/fcspartaktrnava.com\/#\/schema\/logo\/image\/\",\"url\":\"https:\/\/fcspartaktrnava.com\/wp-content\/uploads\/2022\/08\/cropped-site_logo.png\",\"contentUrl\":\"https:\/\/fcspartaktrnava.com\/wp-content\/uploads\/2022\/08\/cropped-site_logo.png\",\"width\":140,\"height\":140,\"caption\":\"FC Spartak Trnava\"},\"image\":{\"@id\":\"https:\/\/fcspartaktrnava.com\/#\/schema\/logo\/image\/\"},\"sameAs\":[\"https:\/\/www.facebook.com\/SpartakTrnava\",\"https:\/\/x.com\/SpartakTrnava1\",\"https:\/\/www.instagram.com\/spartak_sk\/\"]},{\"@type\":\"Person\",\"@id\":\"https:\/\/fcspartaktrnava.com\/#\/schema\/person\/24bc5b254af14f71d7d8af178790aa75\",\"name\":\"spartak\",\"image\":{\"@type\":\"ImageObject\",\"inLanguage\":\"en-GB\",\"@id\":\"https:\/\/fcspartaktrnava.com\/#\/schema\/person\/image\/\",\"url\":\"https:\/\/secure.gravatar.com\/avatar\/f8ff8584f3fcf3909a11a6da9019f37749183b4015bca14e64556c52614cdc7f?s=96&d=mm&r=g\",\"contentUrl\":\"https:\/\/secure.gravatar.com\/avatar\/f8ff8584f3fcf3909a11a6da9019f37749183b4015bca14e64556c52614cdc7f?s=96&d=mm&r=g\",\"caption\":\"spartak\"},\"url\":\"https:\/\/fcspartaktrnava.com\/en\/author\/spartak\/\"}]}<\/script>\n<!-- \/ Yoast SEO plugin. -->","yoast_head_json":{"title":"Spartakovci za\u010dali s\u00a0pr\u00edpravou na nov\u00fa sez\u00f3nu - FC Spartak Trnava","robots":{"index":"index","follow":"follow","max-snippet":"max-snippet:-1","max-image-preview":"max-image-preview:large","max-video-preview":"max-video-preview:-1"},"canonical":"https:\/\/fcspartaktrnava.com\/en\/spartakovci-zacali-s-pripravou-na-novu-sezonu\/","twitter_misc":{"Written by":"spartak","Estimated reading time":"3 minutes"},"schema":{"@context":"https:\/\/schema.org","@graph":[{"@type":"Article","@id":"https:\/\/fcspartaktrnava.com\/spartakovci-zacali-s-pripravou-na-novu-sezonu\/#article","isPartOf":{"@id":"https:\/\/fcspartaktrnava.com\/spartakovci-zacali-s-pripravou-na-novu-sezonu\/"},"author":{"name":"spartak","@id":"https:\/\/fcspartaktrnava.com\/#\/schema\/person\/24bc5b254af14f71d7d8af178790aa75"},"headline":"Spartakovci za\u010dali s\u00a0pr\u00edpravou na nov\u00fa sez\u00f3nu","datePublished":"2023-06-15T09:42:38+00:00","dateModified":"2023-06-15T12:14:11+00:00","mainEntityOfPage":{"@id":"https:\/\/fcspartaktrnava.com\/spartakovci-zacali-s-pripravou-na-novu-sezonu\/"},"wordCount":763,"publisher":{"@id":"https:\/\/fcspartaktrnava.com\/#organization"},"image":{"@id":"https:\/\/fcspartaktrnava.com\/spartakovci-zacali-s-pripravou-na-novu-sezonu\/#primaryimage"},"thumbnailUrl":"https:\/\/fcspartaktrnava.com\/wp-content\/uploads\/2023\/06\/prvy-zraz.jpg","keywords":["Michal Ga\u0161par\u00edk"],"articleSection":["Pr\u00edprava","Tr\u00e9ning"],"inLanguage":"en-GB"},{"@type":"WebPage","@id":"https:\/\/fcspartaktrnava.com\/spartakovci-zacali-s-pripravou-na-novu-sezonu\/","url":"https:\/\/fcspartaktrnava.com\/spartakovci-zacali-s-pripravou-na-novu-sezonu\/","name":"Spartakovci za\u010dali s\u00a0pr\u00edpravou na nov\u00fa sez\u00f3nu - FC Spartak Trnava","isPartOf":{"@id":"https:\/\/fcspartaktrnava.com\/#website"},"primaryImageOfPage":{"@id":"https:\/\/fcspartaktrnava.com\/spartakovci-zacali-s-pripravou-na-novu-sezonu\/#primaryimage"},"image":{"@id":"https:\/\/fcspartaktrnava.com\/spartakovci-zacali-s-pripravou-na-novu-sezonu\/#primaryimage"},"thumbnailUrl":"https:\/\/fcspartaktrnava.com\/wp-content\/uploads\/2023\/06\/prvy-zraz.jpg","datePublished":"2023-06-15T09:42:38+00:00","dateModified":"2023-06-15T12:14:11+00:00","breadcrumb":{"@id":"https:\/\/fcspartaktrnava.com\/spartakovci-zacali-s-pripravou-na-novu-sezonu\/#breadcrumb"},"inLanguage":"en-GB","potentialAction":[{"@type":"ReadAction","target":["https:\/\/fcspartaktrnava.com\/spartakovci-zacali-s-pripravou-na-novu-sezonu\/"]}]},{"@type":"ImageObject","inLanguage":"en-GB","@id":"https:\/\/fcspartaktrnava.com\/spartakovci-zacali-s-pripravou-na-novu-sezonu\/#primaryimage","url":"https:\/\/fcspartaktrnava.com\/wp-content\/uploads\/2023\/06\/prvy-zraz.jpg","contentUrl":"https:\/\/fcspartaktrnava.com\/wp-content\/uploads\/2023\/06\/prvy-zraz.jpg","width":1548,"height":1030},{"@type":"BreadcrumbList","@id":"https:\/\/fcspartaktrnava.com\/spartakovci-zacali-s-pripravou-na-novu-sezonu\/#breadcrumb","itemListElement":[{"@type":"ListItem","position":1,"name":"Home","item":"https:\/\/fcspartaktrnava.com\/"},{"@type":"ListItem","position":2,"name":"Spartakovci za\u010dali s\u00a0pr\u00edpravou na nov\u00fa sez\u00f3nu"}]},{"@type":"WebSite","@id":"https:\/\/fcspartaktrnava.com\/#website","url":"https:\/\/fcspartaktrnava.com\/","name":"FC Spartak Trnava","description":"ofici\u00e1lna webstr\u00e1nka futbalov\u00e9ho klubu","publisher":{"@id":"https:\/\/fcspartaktrnava.com\/#organization"},"potentialAction":[{"@type":"SearchAction","target":{"@type":"EntryPoint","urlTemplate":"https:\/\/fcspartaktrnava.com\/?s={search_term_string}"},"query-input":{"@type":"PropertyValueSpecification","valueRequired":true,"valueName":"search_term_string"}}],"inLanguage":"en-GB"},{"@type":"Organization","@id":"https:\/\/fcspartaktrnava.com\/#organization","name":"FC Spartak Trnava","alternateName":"Spartak","url":"https:\/\/fcspartaktrnava.com\/","logo":{"@type":"ImageObject","inLanguage":"en-GB","@id":"https:\/\/fcspartaktrnava.com\/#\/schema\/logo\/image\/","url":"https:\/\/fcspartaktrnava.com\/wp-content\/uploads\/2022\/08\/cropped-site_logo.png","contentUrl":"https:\/\/fcspartaktrnava.com\/wp-content\/uploads\/2022\/08\/cropped-site_logo.png","width":140,"height":140,"caption":"FC Spartak Trnava"},"image":{"@id":"https:\/\/fcspartaktrnava.com\/#\/schema\/logo\/image\/"},"sameAs":["https:\/\/www.facebook.com\/SpartakTrnava","https:\/\/x.com\/SpartakTrnava1","https:\/\/www.instagram.com\/spartak_sk\/"]},{"@type":"Person","@id":"https:\/\/fcspartaktrnava.com\/#\/schema\/person\/24bc5b254af14f71d7d8af178790aa75","name":"spartak","image":{"@type":"ImageObject","inLanguage":"en-GB","@id":"https:\/\/fcspartaktrnava.com\/#\/schema\/person\/image\/","url":"https:\/\/secure.gravatar.com\/avatar\/f8ff8584f3fcf3909a11a6da9019f37749183b4015bca14e64556c52614cdc7f?s=96&d=mm&r=g","contentUrl":"https:\/\/secure.gravatar.com\/avatar\/f8ff8584f3fcf3909a11a6da9019f37749183b4015bca14e64556c52614cdc7f?s=96&d=mm&r=g","caption":"spartak"},"url":"https:\/\/fcspartaktrnava.com\/en\/author\/spartak\/"}]}},"_links":{"self":[{"href":"https:\/\/fcspartaktrnava.com\/en\/wp-json\/wp\/v2\/posts\/7965","targetHints":{"allow":["GET"]}}],"collection":[{"href":"https:\/\/fcspartaktrnava.com\/en\/wp-json\/wp\/v2\/posts"}],"about":[{"href":"https:\/\/fcspartaktrnava.com\/en\/wp-json\/wp\/v2\/types\/post"}],"author":[{"embeddable":true,"href":"https:\/\/fcspartaktrnava.com\/en\/wp-json\/wp\/v2\/users\/2"}],"replies":[{"embeddable":true,"href":"https:\/\/fcspartaktrnava.com\/en\/wp-json\/wp\/v2\/comments?post=7965"}],"version-history":[{"count":0,"href":"https:\/\/fcspartaktrnava.com\/en\/wp-json\/wp\/v2\/posts\/7965\/revisions"}],"wp:featuredmedia":[{"embeddable":true,"href":"https:\/\/fcspartaktrnava.com\/en\/wp-json\/wp\/v2\/media\/7966"}],"wp:attachment":[{"href":"https:\/\/fcspartaktrnava.com\/en\/wp-json\/wp\/v2\/media?parent=7965"}],"wp:term":[{"taxonomy":"category","embeddable":true,"href":"https:\/\/fcspartaktrnava.com\/en\/wp-json\/wp\/v2\/categories?post=7965"},{"taxonomy":"post_tag","embeddable":true,"href":"https:\/\/fcspartaktrnava.com\/en\/wp-json\/wp\/v2\/tags?post=7965"}],"curies":[{"name":"wp","href":"https:\/\/api.w.org\/{rel}","templated":true}]}}