{"id":7934,"date":"2023-06-07T08:56:32","date_gmt":"2023-06-07T08:56:32","guid":{"rendered":"https:\/\/fcspartaktrnava.com\/?p=7934"},"modified":"2023-06-07T08:56:33","modified_gmt":"2023-06-07T08:56:33","slug":"fc-spartak-trnava-spusta-predaj-permanentiek","status":"publish","type":"post","link":"https:\/\/fcspartaktrnava.com\/en\/fc-spartak-trnava-spusta-predaj-permanentiek\/","title":{"rendered":"FC Spartak Trnava sp\u00fa\u0161\u0165a predaj permanentiek"},"content":{"rendered":"<p>Aj t\u00e1 pr\u00e1ve skon\u010den\u00e1 sez\u00f3na bola, podobne ako t\u00e1 predch\u00e1dzaj\u00faca, zav\u0155\u0161en\u00e1 poh\u00e1rov\u00fdm triumfom a&nbsp;Spartak si vybojoval miestenku v&nbsp;Eur\u00f3pskej konferen\u010dnej lige. Okamihom sez\u00f3ny bolo bez sporu fin\u00e1le Slovensk\u00e9ho poh\u00e1ra, po\u010das ktor\u00e9ho bol \u0160tadi\u00f3n Antona Malatinsk\u00e9ho vypredan\u00fd.<\/p>\n\n\n\n<p>Uk\u00e1zalo sa, \u017ee Spartak m\u00e1 st\u00e1le tis\u00edce vern\u00fdch fan\u00fa\u0161ikov, ktor\u00ed dok\u00e1\u017eu zaplni\u0165 trib\u00fany. Aj v\u010faka mas\u00edvnej podpore z\u00a0h\u013eadiska sa futbalistom v\u00a0\u010diernych dresoch podarilo zdola\u0165 svojho belas\u00e9ho rivala. Siahli si na dno svojich s\u00edl a\u00a0uk\u00e1zali, \u017ee nie v\u00a0ka\u017edom z\u00e1pase rozhoduje trhov\u00e1 hodnota futbalistov.<\/p>\n\n\n\n<p>S&nbsp;takouto silou v&nbsp;chrbte sa daj\u00fa pos\u00fava\u0165 hranice a&nbsp;rados\u0165 z&nbsp;toho m\u00e1 v&nbsp;kone\u010dnom d\u00f4sledku cel\u00e1 spartakovsk\u00e1 rodina.<\/p>\n\n\n\n<p>Pre t\u00fdch najvernej\u0161\u00edch, ktor\u00ed chodia na Spartak a&nbsp;nie na s\u00fapera, je mo\u017enos\u0165 zak\u00fapi\u0165 si pre nasleduj\u00faci ro\u010dn\u00edk celosez\u00f3nnu permanentku.<\/p>\n\n\n\n<p>S\u00fa\u010dasn\u00ed majitelia si m\u00f4\u017eu svoje permanentky pred\u013a\u017ei\u0165 do 15. j\u00fala s\u00a0t\u00fdm, \u017ee bud\u00fa ma\u0165 rezervovan\u00e9 svoje miesta na trib\u00fane. Po tomto term\u00edne p\u00f4jdu do predaja v\u0161etky miesta, ktor\u00e9 neboli obsaden\u00e9. Zvy\u0161ok miest na \u0161tadi\u00f3ne s\u00a0v\u00fdnimkou ju\u017enej trib\u00fany je vo vo\u013enom predaji od dne\u0161n\u00e9ho d\u0148a.<\/p>\n\n\n\n<figure class=\"wp-block-image size-large\"><img loading=\"lazy\" decoding=\"async\" width=\"1024\" height=\"380\" src=\"https:\/\/fcspartaktrnava.com\/wp-content\/uploads\/2023\/06\/perms-1-1024x380.jpg\" alt=\"\" class=\"wp-image-7938\" srcset=\"https:\/\/fcspartaktrnava.com\/wp-content\/uploads\/2023\/06\/perms-1-1024x380.jpg 1024w, https:\/\/fcspartaktrnava.com\/wp-content\/uploads\/2023\/06\/perms-1-300x111.jpg 300w, https:\/\/fcspartaktrnava.com\/wp-content\/uploads\/2023\/06\/perms-1-768x285.jpg 768w, https:\/\/fcspartaktrnava.com\/wp-content\/uploads\/2023\/06\/perms-1-18x7.jpg 18w, https:\/\/fcspartaktrnava.com\/wp-content\/uploads\/2023\/06\/perms-1.jpg 1400w\" sizes=\"auto, (max-width: 1024px) 100vw, 1024px\" \/><\/figure>\n\n\n\n<p><strong>Cenn\u00edk permanentky sez\u00f3na 2023\/24:<\/strong><\/p>\n\n\n\n<p>Sektory 1-6, 29-34: <strong>119 \u20ac<\/strong><\/p>\n\n\n\n<p>Sektory 7-8, 20-23, 19-23, 25-27, 35-40: <strong>139 \u20ac<\/strong><\/p>\n\n\n\n<p>Sektory 21-23, 25 (ko\u017een\u00e9 sedadl\u00e1): <strong>169 \u20ac<\/strong><\/p>\n\n\n\n<p>40% z\u013eava &#8211; die\u0165a od 6 rokov do 15 rokov, seniori, Z\u0164P, Z\u0164P-S sprievod*<\/p>\n\n\n\n<p><strong>Biznis permanentky<\/strong><\/p>\n\n\n\n<p>Sektory B2, B5, B7 (bez cateringu): <strong>209 \u20ac<\/strong><\/p>\n\n\n\n<p>Sektory B3, B6 (bez cateringu): <strong>289 \u20ac<\/strong><\/p>\n\n\n\n<p>&#8211; Do biznisu nie je mo\u017en\u00e9 uplatni\u0165 si \u017eiadne z\u013eavy pre deti, d\u00f4chodcov a Z\u0164P.<\/p>\n\n\n\n<p>V&nbsp;pr\u00edpade z\u00e1ujmu o&nbsp;k\u00fapu biznis a&nbsp;VIP permanentn\u00fdch vstupeniek s&nbsp;cateringom kontaktujte pros\u00edm mailom <a href=\"mailto:marketing@fcspartaktrnava.com\">marketing@fcspartaktrnava.com<\/a>.<\/p>\n\n\n\n<p>\u010clenovia RODZINY si m\u00f4\u017eu pri k\u00fape permanentky uplatni\u0165 svoje z\u013eavy<strong> &#8211; VERN\u00cd 5 %, HRD\u00cd 10 %, ODDAN\u00ddM <\/strong>sa automaticky permanentka pred\u013a\u017ei do novej sez\u00f3ny.<\/p>\n\n\n\n<p>N\u00e1kup z\u013eavnenej permanentky pre \u010dlenov RODZINY je mo\u017en\u00fd iba online. <\/p>\n\n\n\n<p><em>* &nbsp;pri k\u00fape z\u013eavnenej permanentky je potrebn\u00e9 preuk\u00e1za\u0165 sa pr\u00edslu\u0161n\u00fdm dokladom a&nbsp;dr\u017eite\u013e takejto permanentky je povinn\u00fd ma\u0165 tento doklad pri sebe aj pri vstupe na \u0161tadi\u00f3n. V&nbsp;pr\u00edpade, \u017ee bude z\u013eavnen\u00e1 permanentka zneu\u017eit\u00e1 bude okam\u017eite znefunk\u010dnen\u00e1 bez n\u00e1hrady. &nbsp;<\/em><\/p>\n\n\n\n<p><strong>V\u00fdhody permanentky pre sez\u00f3nu 2023\/24:<\/strong><\/p>\n\n\n\n<ul class=\"wp-block-list\">\n<li>vstup na v\u0161etky dom\u00e1ce z\u00e1pasy Fortuna ligy<\/li>\n\n\n\n<li>vstup na v\u0161etky dom\u00e1ce z\u00e1pasy Slovnaft cupu (okrem fin\u00e1lov\u00e9ho z\u00e1pasu)<\/li>\n\n\n\n<li>vstup na \u00favodn\u00fd z\u00e1pas v Eur\u00f3pskej konferen\u010dnej lige (2. predkolo)<\/li>\n\n\n\n<li>predkupn\u00e9 pr\u00e1vo na v\u00fdro\u010dn\u00fd z\u00e1pas k&nbsp;oslav\u00e1m storo\u010dnice klubu<\/li>\n\n\n\n<li>predkupn\u00e9 pr\u00e1vo na \u010fal\u0161ie z\u00e1pasy Eur\u00f3pskej konferen\u010dnej ligy<\/li>\n\n\n\n<li>10 percentn\u00e1 z\u013eava na n\u00e1kup v ofici\u00e1lnom fanshope&nbsp;<a href=\"http:\/\/www.fcstore.sk\/\">www.fcstore.sk<\/a><\/li>\n\n\n\n<li>\u010fal\u0161ie z\u013eavy u partnerov klubu, ktor\u00e9 s\u00fa priebe\u017ene dop\u013a\u0148an\u00e9 a s\u00fa uveden\u00e9 na:&nbsp;<a href=\"https:\/\/fcspartaktrnava.com\/en\/zobraz.asp\/?t=Permanentkari\">https:\/\/fcspartaktrnava.com\/zobraz.asp?t=Permanentkari<\/a><\/li>\n<\/ul>\n\n\n\n<p><strong>Permanentka sa oplat\u00ed<\/strong><\/p>\n\n\n\n<p>Spartak odohr\u00e1 v&nbsp;nadch\u00e1dzaj\u00facej sez\u00f3ne 16 dom\u00e1cich z\u00e1pasov \u2013 11 v&nbsp;z\u00e1kladnej \u010dasti a&nbsp;\u010fal\u0161\u00edch 5 v&nbsp;nadstavbe. U\u017e teraz je ist\u00e9 minim\u00e1lne jedno dom\u00e1ce stretnutie v&nbsp;EKL. Neist\u00fd je po\u010det z\u00e1pasov v&nbsp;Slovnaft Cupe. V&nbsp;minulej sez\u00f3ne to boli dva duely. Celkovo teda permanentk\u00e1r mohol pr\u00eds\u0165 na 19 z\u00e1pasov. Pri cene 119 \u20ac za permanentku to vych\u00e1dza na takmer 40% percentn\u00fa \u00fasporu ako pri k\u00fape samostatn\u00fdch vstupeniek. Permanentk\u00e1ra tak jeden z\u00e1pas vych\u00e1dza nie\u010do vy\u0161e 6 eur, a&nbsp;to bez st\u00e1tia v&nbsp;rade pri pokladni.<\/p>\n\n\n\n<p><strong>Predaj online:<\/strong><\/p>\n\n\n\n<p><a href=\"https:\/\/cityarena.maxiticket.sk\/fc-spartak-trnava-permanentka-20232024\" target=\"_blank\" rel=\"noreferrer noopener\">https:\/\/cityarena.maxiticket.sk\/fc-spartak-trnava-permanentka-20232024<\/a><\/p>\n\n\n\n<p><strong>Predaj na pokladniach<\/strong><\/p>\n\n\n\n<p>Na pokladniach na \u0160portovej ulici sa bud\u00fa da\u0165 permanentky pred\u013a\u017ei\u0165 a&nbsp;zak\u00fapi\u0165 v&nbsp;t\u00fdchto term\u00ednoch:<\/p>\n\n\n\n<p>13. 6. od 15:30 &#8211; do 17:30 h<\/p>\n\n\n\n<p>27. 6. od  15:30 &#8211; do 17:30 h<\/p>\n\n\n\n<p>11. 7. od  15:30 &#8211; do 17:30 h<\/p>\n\n\n\n<p>18. 7. od  15:30 &#8211; do 17:30 h<\/p>\n\n\n\n<figure class=\"wp-block-embed is-type-video is-provider-youtube wp-block-embed-youtube wp-embed-aspect-16-9 wp-has-aspect-ratio\"><div class=\"wp-block-embed__wrapper\">\n<iframe loading=\"lazy\" title=\"Permanentky v predaji\" width=\"500\" height=\"281\" src=\"https:\/\/www.youtube.com\/embed\/n7jIC6uWza0?feature=oembed\" frameborder=\"0\" allow=\"accelerometer; autoplay; clipboard-write; encrypted-media; gyroscope; picture-in-picture; web-share\" referrerpolicy=\"strict-origin-when-cross-origin\" allowfullscreen><\/iframe>\n<\/div><\/figure>\n\n\n\n<p><strong>Kategoriz\u00e1cia vstupeniek<\/strong><\/p>\n\n\n\n<p>Klub od novej sez\u00f3ny prich\u00e1dza s&nbsp;kategoriz\u00e1ciou vstupeniek pod\u013ea predpokladanej atraktivity z\u00e1pasu. Pre permanentk\u00e1rov sa ni\u010d nemen\u00ed, no jednotliv\u00e9 vstupn\u00e9 bude rozdielne v&nbsp;z\u00e1vislosti od s\u00fapera. <\/p>\n\n\n\n<p><strong>Cenn\u00edk vstupeniek na z\u00e1pasy &#8211; sez\u00f3na 2023\/24:<\/strong><\/p>\n\n\n\n<figure class=\"wp-block-table\"><table class=\"has-fixed-layout\"><tbody><tr><td>&nbsp;<\/td><td>Sektory<br>1-6. 29-34<\/td><td>Sektory <br>7-8, 18-23, 25-28, 35-40<\/td><td>Sektory<br>21-23, 25 (ko\u017een\u00e9 sedadl\u00e1)<\/td><td>Sektory<br>B2, B5, B7 (bez cateringu)<\/td><td>Sektory<br>B3, B6 (bez cateringu)<\/td><\/tr><tr><td>1. kateg\u00f3ria<\/td><td>12<\/td><td>14<\/td><td>18<\/td><td>24<\/td><td>30<\/td><\/tr><tr><td><strong>2. kateg\u00f3ria<\/strong><\/td><td><strong>10<\/strong><\/td><td><strong>12<\/strong><\/td><td><strong>15<\/strong><\/td><td><strong>20<\/strong><\/td><td><strong>25<\/strong><\/td><\/tr><tr><td>3. kateg\u00f3ria<\/td><td>8<\/td><td>10<\/td><td>12<\/td><td>16<\/td><td>20<\/td><\/tr><\/tbody><\/table><\/figure>\n\n\n\n<p><\/p>\n\n\n\n<p><strong>1. kateg\u00f3ria<\/strong> \u2013 Slovan, Dunajsk\u00e1 Streda, Ko\u0161ice<\/p>\n\n\n\n<p><strong>2. kateg\u00f3ria<\/strong> \u2013 Podbrezov\u00e1, Bansk\u00e1 Bystrica, \u017dilina, Ru\u017eomberok,<\/p>\n\n\n\n<p><strong>3. kateg\u00f3ria<\/strong> \u2013 ViOn, Michalovce, Tren\u010d\u00edn, Skalica<\/p>","protected":false},"excerpt":{"rendered":"<p>Aj t\u00e1 pr\u00e1ve skon\u010den\u00e1 sez\u00f3na bola, podobne ako&#8230;<\/p>","protected":false},"author":2,"featured_media":7288,"comment_status":"closed","ping_status":"closed","sticky":false,"template":"","format":"standard","meta":{"footnotes":""},"categories":[12],"tags":[],"class_list":["post-7934","post","type-post","status-publish","format-standard","has-post-thumbnail","hentry","category-spravy","post-number-1"],"yoast_head":"<!-- This site is optimized with the Yoast SEO plugin v27.1.1 - https:\/\/yoast.com\/product\/yoast-seo-wordpress\/ -->\n<title>FC Spartak Trnava sp\u00fa\u0161\u0165a predaj permanentiek - FC Spartak Trnava<\/title>\n<meta name=\"robots\" content=\"index, follow, max-snippet:-1, max-image-preview:large, max-video-preview:-1\" \/>\n<link rel=\"canonical\" href=\"https:\/\/fcspartaktrnava.com\/en\/fc-spartak-trnava-spusta-predaj-permanentiek\/\" \/>\n<meta name=\"twitter:label1\" content=\"Written by\" \/>\n\t<meta name=\"twitter:data1\" content=\"spartak\" \/>\n\t<meta name=\"twitter:label2\" content=\"Estimated reading time\" \/>\n\t<meta name=\"twitter:data2\" content=\"4 minutes\" \/>\n<script type=\"application\/ld+json\" class=\"yoast-schema-graph\">{\"@context\":\"https:\/\/schema.org\",\"@graph\":[{\"@type\":\"Article\",\"@id\":\"https:\/\/fcspartaktrnava.com\/fc-spartak-trnava-spusta-predaj-permanentiek\/#article\",\"isPartOf\":{\"@id\":\"https:\/\/fcspartaktrnava.com\/fc-spartak-trnava-spusta-predaj-permanentiek\/\"},\"author\":{\"name\":\"spartak\",\"@id\":\"https:\/\/fcspartaktrnava.com\/#\/schema\/person\/24bc5b254af14f71d7d8af178790aa75\"},\"headline\":\"FC Spartak Trnava sp\u00fa\u0161\u0165a predaj permanentiek\",\"datePublished\":\"2023-06-07T08:56:32+00:00\",\"dateModified\":\"2023-06-07T08:56:33+00:00\",\"mainEntityOfPage\":{\"@id\":\"https:\/\/fcspartaktrnava.com\/fc-spartak-trnava-spusta-predaj-permanentiek\/\"},\"wordCount\":811,\"publisher\":{\"@id\":\"https:\/\/fcspartaktrnava.com\/#organization\"},\"image\":{\"@id\":\"https:\/\/fcspartaktrnava.com\/fc-spartak-trnava-spusta-predaj-permanentiek\/#primaryimage\"},\"thumbnailUrl\":\"https:\/\/fcspartaktrnava.com\/wp-content\/uploads\/2023\/05\/DSC_3530-scaled.jpg\",\"articleSection\":[\"Spr\u00e1vy\"],\"inLanguage\":\"en-GB\"},{\"@type\":\"WebPage\",\"@id\":\"https:\/\/fcspartaktrnava.com\/fc-spartak-trnava-spusta-predaj-permanentiek\/\",\"url\":\"https:\/\/fcspartaktrnava.com\/fc-spartak-trnava-spusta-predaj-permanentiek\/\",\"name\":\"FC Spartak Trnava sp\u00fa\u0161\u0165a predaj permanentiek - FC Spartak Trnava\",\"isPartOf\":{\"@id\":\"https:\/\/fcspartaktrnava.com\/#website\"},\"primaryImageOfPage\":{\"@id\":\"https:\/\/fcspartaktrnava.com\/fc-spartak-trnava-spusta-predaj-permanentiek\/#primaryimage\"},\"image\":{\"@id\":\"https:\/\/fcspartaktrnava.com\/fc-spartak-trnava-spusta-predaj-permanentiek\/#primaryimage\"},\"thumbnailUrl\":\"https:\/\/fcspartaktrnava.com\/wp-content\/uploads\/2023\/05\/DSC_3530-scaled.jpg\",\"datePublished\":\"2023-06-07T08:56:32+00:00\",\"dateModified\":\"2023-06-07T08:56:33+00:00\",\"breadcrumb\":{\"@id\":\"https:\/\/fcspartaktrnava.com\/fc-spartak-trnava-spusta-predaj-permanentiek\/#breadcrumb\"},\"inLanguage\":\"en-GB\",\"potentialAction\":[{\"@type\":\"ReadAction\",\"target\":[\"https:\/\/fcspartaktrnava.com\/fc-spartak-trnava-spusta-predaj-permanentiek\/\"]}]},{\"@type\":\"ImageObject\",\"inLanguage\":\"en-GB\",\"@id\":\"https:\/\/fcspartaktrnava.com\/fc-spartak-trnava-spusta-predaj-permanentiek\/#primaryimage\",\"url\":\"https:\/\/fcspartaktrnava.com\/wp-content\/uploads\/2023\/05\/DSC_3530-scaled.jpg\",\"contentUrl\":\"https:\/\/fcspartaktrnava.com\/wp-content\/uploads\/2023\/05\/DSC_3530-scaled.jpg\",\"width\":2560,\"height\":1707},{\"@type\":\"BreadcrumbList\",\"@id\":\"https:\/\/fcspartaktrnava.com\/fc-spartak-trnava-spusta-predaj-permanentiek\/#breadcrumb\",\"itemListElement\":[{\"@type\":\"ListItem\",\"position\":1,\"name\":\"Home\",\"item\":\"https:\/\/fcspartaktrnava.com\/\"},{\"@type\":\"ListItem\",\"position\":2,\"name\":\"FC Spartak Trnava sp\u00fa\u0161\u0165a predaj permanentiek\"}]},{\"@type\":\"WebSite\",\"@id\":\"https:\/\/fcspartaktrnava.com\/#website\",\"url\":\"https:\/\/fcspartaktrnava.com\/\",\"name\":\"FC Spartak Trnava\",\"description\":\"ofici\u00e1lna webstr\u00e1nka futbalov\u00e9ho klubu\",\"publisher\":{\"@id\":\"https:\/\/fcspartaktrnava.com\/#organization\"},\"potentialAction\":[{\"@type\":\"SearchAction\",\"target\":{\"@type\":\"EntryPoint\",\"urlTemplate\":\"https:\/\/fcspartaktrnava.com\/?s={search_term_string}\"},\"query-input\":{\"@type\":\"PropertyValueSpecification\",\"valueRequired\":true,\"valueName\":\"search_term_string\"}}],\"inLanguage\":\"en-GB\"},{\"@type\":\"Organization\",\"@id\":\"https:\/\/fcspartaktrnava.com\/#organization\",\"name\":\"FC Spartak Trnava\",\"alternateName\":\"Spartak\",\"url\":\"https:\/\/fcspartaktrnava.com\/\",\"logo\":{\"@type\":\"ImageObject\",\"inLanguage\":\"en-GB\",\"@id\":\"https:\/\/fcspartaktrnava.com\/#\/schema\/logo\/image\/\",\"url\":\"https:\/\/fcspartaktrnava.com\/wp-content\/uploads\/2022\/08\/cropped-site_logo.png\",\"contentUrl\":\"https:\/\/fcspartaktrnava.com\/wp-content\/uploads\/2022\/08\/cropped-site_logo.png\",\"width\":140,\"height\":140,\"caption\":\"FC Spartak Trnava\"},\"image\":{\"@id\":\"https:\/\/fcspartaktrnava.com\/#\/schema\/logo\/image\/\"},\"sameAs\":[\"https:\/\/www.facebook.com\/SpartakTrnava\",\"https:\/\/x.com\/SpartakTrnava1\",\"https:\/\/www.instagram.com\/spartak_sk\/\"]},{\"@type\":\"Person\",\"@id\":\"https:\/\/fcspartaktrnava.com\/#\/schema\/person\/24bc5b254af14f71d7d8af178790aa75\",\"name\":\"spartak\",\"image\":{\"@type\":\"ImageObject\",\"inLanguage\":\"en-GB\",\"@id\":\"https:\/\/fcspartaktrnava.com\/#\/schema\/person\/image\/\",\"url\":\"https:\/\/secure.gravatar.com\/avatar\/f8ff8584f3fcf3909a11a6da9019f37749183b4015bca14e64556c52614cdc7f?s=96&d=mm&r=g\",\"contentUrl\":\"https:\/\/secure.gravatar.com\/avatar\/f8ff8584f3fcf3909a11a6da9019f37749183b4015bca14e64556c52614cdc7f?s=96&d=mm&r=g\",\"caption\":\"spartak\"},\"url\":\"https:\/\/fcspartaktrnava.com\/en\/author\/spartak\/\"}]}<\/script>\n<!-- \/ Yoast SEO plugin. -->","yoast_head_json":{"title":"FC Spartak Trnava sp\u00fa\u0161\u0165a predaj permanentiek - FC Spartak Trnava","robots":{"index":"index","follow":"follow","max-snippet":"max-snippet:-1","max-image-preview":"max-image-preview:large","max-video-preview":"max-video-preview:-1"},"canonical":"https:\/\/fcspartaktrnava.com\/en\/fc-spartak-trnava-spusta-predaj-permanentiek\/","twitter_misc":{"Written by":"spartak","Estimated reading time":"4 minutes"},"schema":{"@context":"https:\/\/schema.org","@graph":[{"@type":"Article","@id":"https:\/\/fcspartaktrnava.com\/fc-spartak-trnava-spusta-predaj-permanentiek\/#article","isPartOf":{"@id":"https:\/\/fcspartaktrnava.com\/fc-spartak-trnava-spusta-predaj-permanentiek\/"},"author":{"name":"spartak","@id":"https:\/\/fcspartaktrnava.com\/#\/schema\/person\/24bc5b254af14f71d7d8af178790aa75"},"headline":"FC Spartak Trnava sp\u00fa\u0161\u0165a predaj permanentiek","datePublished":"2023-06-07T08:56:32+00:00","dateModified":"2023-06-07T08:56:33+00:00","mainEntityOfPage":{"@id":"https:\/\/fcspartaktrnava.com\/fc-spartak-trnava-spusta-predaj-permanentiek\/"},"wordCount":811,"publisher":{"@id":"https:\/\/fcspartaktrnava.com\/#organization"},"image":{"@id":"https:\/\/fcspartaktrnava.com\/fc-spartak-trnava-spusta-predaj-permanentiek\/#primaryimage"},"thumbnailUrl":"https:\/\/fcspartaktrnava.com\/wp-content\/uploads\/2023\/05\/DSC_3530-scaled.jpg","articleSection":["Spr\u00e1vy"],"inLanguage":"en-GB"},{"@type":"WebPage","@id":"https:\/\/fcspartaktrnava.com\/fc-spartak-trnava-spusta-predaj-permanentiek\/","url":"https:\/\/fcspartaktrnava.com\/fc-spartak-trnava-spusta-predaj-permanentiek\/","name":"FC Spartak Trnava sp\u00fa\u0161\u0165a predaj permanentiek - FC Spartak Trnava","isPartOf":{"@id":"https:\/\/fcspartaktrnava.com\/#website"},"primaryImageOfPage":{"@id":"https:\/\/fcspartaktrnava.com\/fc-spartak-trnava-spusta-predaj-permanentiek\/#primaryimage"},"image":{"@id":"https:\/\/fcspartaktrnava.com\/fc-spartak-trnava-spusta-predaj-permanentiek\/#primaryimage"},"thumbnailUrl":"https:\/\/fcspartaktrnava.com\/wp-content\/uploads\/2023\/05\/DSC_3530-scaled.jpg","datePublished":"2023-06-07T08:56:32+00:00","dateModified":"2023-06-07T08:56:33+00:00","breadcrumb":{"@id":"https:\/\/fcspartaktrnava.com\/fc-spartak-trnava-spusta-predaj-permanentiek\/#breadcrumb"},"inLanguage":"en-GB","potentialAction":[{"@type":"ReadAction","target":["https:\/\/fcspartaktrnava.com\/fc-spartak-trnava-spusta-predaj-permanentiek\/"]}]},{"@type":"ImageObject","inLanguage":"en-GB","@id":"https:\/\/fcspartaktrnava.com\/fc-spartak-trnava-spusta-predaj-permanentiek\/#primaryimage","url":"https:\/\/fcspartaktrnava.com\/wp-content\/uploads\/2023\/05\/DSC_3530-scaled.jpg","contentUrl":"https:\/\/fcspartaktrnava.com\/wp-content\/uploads\/2023\/05\/DSC_3530-scaled.jpg","width":2560,"height":1707},{"@type":"BreadcrumbList","@id":"https:\/\/fcspartaktrnava.com\/fc-spartak-trnava-spusta-predaj-permanentiek\/#breadcrumb","itemListElement":[{"@type":"ListItem","position":1,"name":"Home","item":"https:\/\/fcspartaktrnava.com\/"},{"@type":"ListItem","position":2,"name":"FC Spartak Trnava sp\u00fa\u0161\u0165a predaj permanentiek"}]},{"@type":"WebSite","@id":"https:\/\/fcspartaktrnava.com\/#website","url":"https:\/\/fcspartaktrnava.com\/","name":"FC Spartak Trnava","description":"ofici\u00e1lna webstr\u00e1nka futbalov\u00e9ho klubu","publisher":{"@id":"https:\/\/fcspartaktrnava.com\/#organization"},"potentialAction":[{"@type":"SearchAction","target":{"@type":"EntryPoint","urlTemplate":"https:\/\/fcspartaktrnava.com\/?s={search_term_string}"},"query-input":{"@type":"PropertyValueSpecification","valueRequired":true,"valueName":"search_term_string"}}],"inLanguage":"en-GB"},{"@type":"Organization","@id":"https:\/\/fcspartaktrnava.com\/#organization","name":"FC Spartak Trnava","alternateName":"Spartak","url":"https:\/\/fcspartaktrnava.com\/","logo":{"@type":"ImageObject","inLanguage":"en-GB","@id":"https:\/\/fcspartaktrnava.com\/#\/schema\/logo\/image\/","url":"https:\/\/fcspartaktrnava.com\/wp-content\/uploads\/2022\/08\/cropped-site_logo.png","contentUrl":"https:\/\/fcspartaktrnava.com\/wp-content\/uploads\/2022\/08\/cropped-site_logo.png","width":140,"height":140,"caption":"FC Spartak Trnava"},"image":{"@id":"https:\/\/fcspartaktrnava.com\/#\/schema\/logo\/image\/"},"sameAs":["https:\/\/www.facebook.com\/SpartakTrnava","https:\/\/x.com\/SpartakTrnava1","https:\/\/www.instagram.com\/spartak_sk\/"]},{"@type":"Person","@id":"https:\/\/fcspartaktrnava.com\/#\/schema\/person\/24bc5b254af14f71d7d8af178790aa75","name":"spartak","image":{"@type":"ImageObject","inLanguage":"en-GB","@id":"https:\/\/fcspartaktrnava.com\/#\/schema\/person\/image\/","url":"https:\/\/secure.gravatar.com\/avatar\/f8ff8584f3fcf3909a11a6da9019f37749183b4015bca14e64556c52614cdc7f?s=96&d=mm&r=g","contentUrl":"https:\/\/secure.gravatar.com\/avatar\/f8ff8584f3fcf3909a11a6da9019f37749183b4015bca14e64556c52614cdc7f?s=96&d=mm&r=g","caption":"spartak"},"url":"https:\/\/fcspartaktrnava.com\/en\/author\/spartak\/"}]}},"_links":{"self":[{"href":"https:\/\/fcspartaktrnava.com\/en\/wp-json\/wp\/v2\/posts\/7934","targetHints":{"allow":["GET"]}}],"collection":[{"href":"https:\/\/fcspartaktrnava.com\/en\/wp-json\/wp\/v2\/posts"}],"about":[{"href":"https:\/\/fcspartaktrnava.com\/en\/wp-json\/wp\/v2\/types\/post"}],"author":[{"embeddable":true,"href":"https:\/\/fcspartaktrnava.com\/en\/wp-json\/wp\/v2\/users\/2"}],"replies":[{"embeddable":true,"href":"https:\/\/fcspartaktrnava.com\/en\/wp-json\/wp\/v2\/comments?post=7934"}],"version-history":[{"count":0,"href":"https:\/\/fcspartaktrnava.com\/en\/wp-json\/wp\/v2\/posts\/7934\/revisions"}],"wp:featuredmedia":[{"embeddable":true,"href":"https:\/\/fcspartaktrnava.com\/en\/wp-json\/wp\/v2\/media\/7288"}],"wp:attachment":[{"href":"https:\/\/fcspartaktrnava.com\/en\/wp-json\/wp\/v2\/media?parent=7934"}],"wp:term":[{"taxonomy":"category","embeddable":true,"href":"https:\/\/fcspartaktrnava.com\/en\/wp-json\/wp\/v2\/categories?post=7934"},{"taxonomy":"post_tag","embeddable":true,"href":"https:\/\/fcspartaktrnava.com\/en\/wp-json\/wp\/v2\/tags?post=7934"}],"curies":[{"name":"wp","href":"https:\/\/api.w.org\/{rel}","templated":true}]}}