{"id":7929,"date":"2023-06-06T07:12:05","date_gmt":"2023-06-06T07:12:05","guid":{"rendered":"https:\/\/fcspartaktrnava.com\/?p=7929"},"modified":"2023-06-06T08:53:18","modified_gmt":"2023-06-06T08:53:18","slug":"bukata-sa-ozenil-a-pokracuje-v-spartaku","status":"publish","type":"post","link":"https:\/\/fcspartaktrnava.com\/en\/bukata-sa-ozenil-a-pokracuje-v-spartaku\/","title":{"rendered":"Bukata sa o\u017eenil a\u00a0pokra\u010duje v\u00a0Spartaku"},"content":{"rendered":"<p>Stredopoliar Martin Bukata mal skuto\u010dne ru\u0161n\u00fa dovolenku. Na minul\u00fd piatok si napl\u00e1noval svadbu a&nbsp;zobral si za \u017eenu svoju dlhoro\u010dn\u00fa priate\u013eku Lauru, s&nbsp;ktorou maj\u00fa spolo\u010dn\u00e9ho syn\u010deka Martina.<\/p>\n\n\n\n<p><strong><em>\u201eBolo to super! S\u00edce zhon, bolo treba zariadi\u0165 ve\u013e vec\u00ed, ale v\u0161etci sme si to u\u017eili, zabavili sme sa perfektne a&nbsp;je \u0161koda, \u017ee u\u017e to skon\u010dilo. Na svadbe boli aj Roman Proch\u00e1zka, Dobrivoj Rusov, Tom\u00e1\u0161 Priszt\u00e1cs a&nbsp;Martin Bohunick\u00fd s&nbsp;rodinami. Nech\u00fdbali ani moji b\u00fdval\u00ed spoluhr\u00e1\u010di z&nbsp;Ko\u0161\u00edc, \u010di susedia zo \u0160pa\u010diniec,\u201c<\/em><\/strong> povedal kr\u00e1tko po sob\u00e1\u0161i trnavsk\u00fd futbalista.<\/p>\n\n\n\n<p>Tradi\u010dn\u00fa dovolenku pri mori teda obetoval a\u00a0cel\u00fd \u010das str\u00e1vil v\u00a0\u0161irokom kruhu rodiny a\u00a0priate\u013eov. <strong><em>\u201eNa svadobnej ceste sme e\u0161te neboli. Kone\u010dne sme chceli nejak\u00fd \u010das str\u00e1vi\u0165 doma na v\u00fdchode s\u00a0rodinou. Samozrejme, chodili sme na v\u00fdlety, tri dni sme str\u00e1vili v\u0161etci traja v\u00a0\u010cesku a\u00a0bolo n\u00e1m dobre. K\u00a0moru sa toto leto asi nedostaneme.\u201c<\/em><\/strong><\/p>\n\n\n\n<figure class=\"wp-block-gallery has-nested-images columns-default is-cropped wp-block-gallery-1 is-layout-flex wp-block-gallery-is-layout-flex\">\n<figure class=\"wp-block-image size-large\"><img loading=\"lazy\" decoding=\"async\" width=\"970\" height=\"1024\" data-id=\"7931\" src=\"https:\/\/fcspartaktrnava.com\/wp-content\/uploads\/2023\/06\/WhatsApp-Image-2023-06-05-at-22.04.41-970x1024.jpeg\" alt=\"\" class=\"wp-image-7931\" srcset=\"https:\/\/fcspartaktrnava.com\/wp-content\/uploads\/2023\/06\/WhatsApp-Image-2023-06-05-at-22.04.41-970x1024.jpeg 970w, https:\/\/fcspartaktrnava.com\/wp-content\/uploads\/2023\/06\/WhatsApp-Image-2023-06-05-at-22.04.41-284x300.jpeg 284w, https:\/\/fcspartaktrnava.com\/wp-content\/uploads\/2023\/06\/WhatsApp-Image-2023-06-05-at-22.04.41-768x811.jpeg 768w, https:\/\/fcspartaktrnava.com\/wp-content\/uploads\/2023\/06\/WhatsApp-Image-2023-06-05-at-22.04.41-1455x1536.jpeg 1455w, https:\/\/fcspartaktrnava.com\/wp-content\/uploads\/2023\/06\/WhatsApp-Image-2023-06-05-at-22.04.41-11x12.jpeg 11w, https:\/\/fcspartaktrnava.com\/wp-content\/uploads\/2023\/06\/WhatsApp-Image-2023-06-05-at-22.04.41.jpeg 1940w\" sizes=\"auto, (max-width: 970px) 100vw, 970px\" \/><\/figure>\n\n\n\n<figure class=\"wp-block-image size-large\"><img loading=\"lazy\" decoding=\"async\" width=\"768\" height=\"1024\" data-id=\"7932\" src=\"https:\/\/fcspartaktrnava.com\/wp-content\/uploads\/2023\/06\/WhatsApp-Image-2023-06-05-at-22.04.42-768x1024.jpeg\" alt=\"\" class=\"wp-image-7932\" srcset=\"https:\/\/fcspartaktrnava.com\/wp-content\/uploads\/2023\/06\/WhatsApp-Image-2023-06-05-at-22.04.42-768x1024.jpeg 768w, https:\/\/fcspartaktrnava.com\/wp-content\/uploads\/2023\/06\/WhatsApp-Image-2023-06-05-at-22.04.42-225x300.jpeg 225w, https:\/\/fcspartaktrnava.com\/wp-content\/uploads\/2023\/06\/WhatsApp-Image-2023-06-05-at-22.04.42-1152x1536.jpeg 1152w, https:\/\/fcspartaktrnava.com\/wp-content\/uploads\/2023\/06\/WhatsApp-Image-2023-06-05-at-22.04.42-9x12.jpeg 9w, https:\/\/fcspartaktrnava.com\/wp-content\/uploads\/2023\/06\/WhatsApp-Image-2023-06-05-at-22.04.42.jpeg 1536w\" sizes=\"auto, (max-width: 768px) 100vw, 768px\" \/><\/figure>\n\n\n\n<figure class=\"wp-block-image size-large\"><img loading=\"lazy\" decoding=\"async\" width=\"762\" height=\"1024\" data-id=\"7930\" src=\"https:\/\/fcspartaktrnava.com\/wp-content\/uploads\/2023\/06\/WhatsApp-Image-2023-06-05-at-22.06.51.jpeg\" alt=\"\" class=\"wp-image-7930\" srcset=\"https:\/\/fcspartaktrnava.com\/wp-content\/uploads\/2023\/06\/WhatsApp-Image-2023-06-05-at-22.06.51.jpeg 762w, https:\/\/fcspartaktrnava.com\/wp-content\/uploads\/2023\/06\/WhatsApp-Image-2023-06-05-at-22.06.51-223x300.jpeg 223w, https:\/\/fcspartaktrnava.com\/wp-content\/uploads\/2023\/06\/WhatsApp-Image-2023-06-05-at-22.06.51-9x12.jpeg 9w\" sizes=\"auto, (max-width: 762px) 100vw, 762px\" \/><\/figure>\n<\/figure>\n\n\n\n<p>\u010co m\u00f4\u017ee pote\u0161i\u0165 fan\u00fa\u0161ikov Spartaka najviac je to, \u017ee Bukata bude aj najbli\u017e\u0161ie dva roky pokra\u010dova\u0165 v&nbsp;\u010derveno-\u010diernom drese. Po sez\u00f3ne sa mu s\u00edce skon\u010d\u00ed zmluva, ale dostal ponuku na pred\u013a\u017eenie kontraktu a&nbsp;s&nbsp;klubom sa dohodol na zotrvan\u00ed. <strong><em>\u201eM\u00f4\u017eem poveda\u0165, \u017ee u\u017e v&nbsp;predstihu sme prihl\u00e1sili n\u00e1\u0161ho syna do \u0161koly v&nbsp;\u0160pa\u010dinciach, kde sme sa usadili, lebo sme verili, \u017ee sa dohodneme. Sme tu ako rodina spokojn\u00ed so \u017eivotom a&nbsp;ja aj futbalovo. Te\u0161\u00edme sa, \u017ee budeme pokra\u010dova\u0165 a&nbsp;\u017ee mi klub dal ponuku na zotrvanie. Som presved\u010den\u00fd, \u017ee m\u00e1me na viac a&nbsp;ja urob\u00edm maximum pre to, aby som pomohol na ihrisku k&nbsp;\u00faspechom.\u201c<\/em><\/strong><\/p>\n\n\n\n<p>Sk\u00fasen\u00fd stredopoliar pri\u0161iel do Spartaka pred dvoma rokmi vo v\u0161etk\u00fdch s\u00fa\u0165a\u017eiach odohral okr\u00fahlych 100 z\u00e1pasov a&nbsp;strelil 16 g\u00f3lov. V&nbsp;najbli\u017e\u0161\u00edch dvoch rokoch m\u00f4\u017ee teda svoje \u0161tarty zdvojn\u00e1sobi\u0165, lebo tr\u00e9ner Michal Ga\u0161par\u00edk s&nbsp;n\u00edm aj na\u010falej po\u010d\u00edta. \u201e<strong><em>Som r\u00e1d, \u017ee aj Bukata pred\u013a\u017eil zmluvu s&nbsp;nami, aj ke\u010f mal aj in\u00e9 ponuky. Je to zauj\u00edmav\u00e1 typol\u00f3gia hr\u00e1\u010da, ktor\u00fd sa hod\u00ed do spartakovskeho prostredia. Ka\u017ed\u00fa sez\u00f3nu m\u00e1 ve\u013emi sol\u00eddne \u010d\u00edsla, a ke\u010f je vo forme, tak je pilierom z\u00e1kladnej zostavy. Ver\u00edm, \u017ee sa mu bud\u00fa vyh\u00fdba\u0165 zranenia a bude pr\u00ednosom aj v nasleduj\u00facom obdob\u00ed,\u201c<\/em><\/strong> vyjadril sa na margo Bukatovho zotrvania v&nbsp;klube tr\u00e9ner Michal Ga\u0161par\u00edk.<\/p>","protected":false},"excerpt":{"rendered":"<p>Stredopoliar Martin Bukata mal skuto\u010dne ru\u0161n\u00fa dovolenku. Na&#8230;<\/p>","protected":false},"author":2,"featured_media":7673,"comment_status":"closed","ping_status":"closed","sticky":false,"template":"","format":"standard","meta":{"footnotes":""},"categories":[41],"tags":[11],"class_list":["post-7929","post","type-post","status-publish","format-standard","has-post-thumbnail","hentry","category-intervju","tag-michal-gasparik","post-number-1"],"yoast_head":"<!-- This site is optimized with the Yoast SEO plugin v27.1.1 - https:\/\/yoast.com\/product\/yoast-seo-wordpress\/ -->\n<title>Bukata sa o\u017eenil a\u00a0pokra\u010duje v\u00a0Spartaku - FC Spartak Trnava<\/title>\n<meta name=\"robots\" content=\"index, follow, max-snippet:-1, max-image-preview:large, max-video-preview:-1\" \/>\n<link rel=\"canonical\" href=\"https:\/\/fcspartaktrnava.com\/en\/bukata-sa-ozenil-a-pokracuje-v-spartaku\/\" \/>\n<meta name=\"twitter:label1\" content=\"Written by\" \/>\n\t<meta name=\"twitter:data1\" content=\"spartak\" \/>\n\t<meta name=\"twitter:label2\" content=\"Estimated reading time\" \/>\n\t<meta name=\"twitter:data2\" content=\"3 minutes\" \/>\n<script type=\"application\/ld+json\" class=\"yoast-schema-graph\">{\"@context\":\"https:\/\/schema.org\",\"@graph\":[{\"@type\":\"Article\",\"@id\":\"https:\/\/fcspartaktrnava.com\/bukata-sa-ozenil-a-pokracuje-v-spartaku\/#article\",\"isPartOf\":{\"@id\":\"https:\/\/fcspartaktrnava.com\/bukata-sa-ozenil-a-pokracuje-v-spartaku\/\"},\"author\":{\"name\":\"spartak\",\"@id\":\"https:\/\/fcspartaktrnava.com\/#\/schema\/person\/24bc5b254af14f71d7d8af178790aa75\"},\"headline\":\"Bukata sa o\u017eenil a\u00a0pokra\u010duje v\u00a0Spartaku\",\"datePublished\":\"2023-06-06T07:12:05+00:00\",\"dateModified\":\"2023-06-06T08:53:18+00:00\",\"mainEntityOfPage\":{\"@id\":\"https:\/\/fcspartaktrnava.com\/bukata-sa-ozenil-a-pokracuje-v-spartaku\/\"},\"wordCount\":466,\"publisher\":{\"@id\":\"https:\/\/fcspartaktrnava.com\/#organization\"},\"image\":{\"@id\":\"https:\/\/fcspartaktrnava.com\/bukata-sa-ozenil-a-pokracuje-v-spartaku\/#primaryimage\"},\"thumbnailUrl\":\"https:\/\/fcspartaktrnava.com\/wp-content\/uploads\/2023\/05\/DSC_6548.jpg\",\"keywords\":[\"Michal Ga\u0161par\u00edk\"],\"articleSection\":[\"Rozhovory\"],\"inLanguage\":\"en-GB\"},{\"@type\":\"WebPage\",\"@id\":\"https:\/\/fcspartaktrnava.com\/bukata-sa-ozenil-a-pokracuje-v-spartaku\/\",\"url\":\"https:\/\/fcspartaktrnava.com\/bukata-sa-ozenil-a-pokracuje-v-spartaku\/\",\"name\":\"Bukata sa o\u017eenil a\u00a0pokra\u010duje v\u00a0Spartaku - FC Spartak Trnava\",\"isPartOf\":{\"@id\":\"https:\/\/fcspartaktrnava.com\/#website\"},\"primaryImageOfPage\":{\"@id\":\"https:\/\/fcspartaktrnava.com\/bukata-sa-ozenil-a-pokracuje-v-spartaku\/#primaryimage\"},\"image\":{\"@id\":\"https:\/\/fcspartaktrnava.com\/bukata-sa-ozenil-a-pokracuje-v-spartaku\/#primaryimage\"},\"thumbnailUrl\":\"https:\/\/fcspartaktrnava.com\/wp-content\/uploads\/2023\/05\/DSC_6548.jpg\",\"datePublished\":\"2023-06-06T07:12:05+00:00\",\"dateModified\":\"2023-06-06T08:53:18+00:00\",\"breadcrumb\":{\"@id\":\"https:\/\/fcspartaktrnava.com\/bukata-sa-ozenil-a-pokracuje-v-spartaku\/#breadcrumb\"},\"inLanguage\":\"en-GB\",\"potentialAction\":[{\"@type\":\"ReadAction\",\"target\":[\"https:\/\/fcspartaktrnava.com\/bukata-sa-ozenil-a-pokracuje-v-spartaku\/\"]}]},{\"@type\":\"ImageObject\",\"inLanguage\":\"en-GB\",\"@id\":\"https:\/\/fcspartaktrnava.com\/bukata-sa-ozenil-a-pokracuje-v-spartaku\/#primaryimage\",\"url\":\"https:\/\/fcspartaktrnava.com\/wp-content\/uploads\/2023\/05\/DSC_6548.jpg\",\"contentUrl\":\"https:\/\/fcspartaktrnava.com\/wp-content\/uploads\/2023\/05\/DSC_6548.jpg\",\"width\":1500,\"height\":1000},{\"@type\":\"BreadcrumbList\",\"@id\":\"https:\/\/fcspartaktrnava.com\/bukata-sa-ozenil-a-pokracuje-v-spartaku\/#breadcrumb\",\"itemListElement\":[{\"@type\":\"ListItem\",\"position\":1,\"name\":\"Home\",\"item\":\"https:\/\/fcspartaktrnava.com\/\"},{\"@type\":\"ListItem\",\"position\":2,\"name\":\"Bukata sa o\u017eenil a\u00a0pokra\u010duje v\u00a0Spartaku\"}]},{\"@type\":\"WebSite\",\"@id\":\"https:\/\/fcspartaktrnava.com\/#website\",\"url\":\"https:\/\/fcspartaktrnava.com\/\",\"name\":\"FC Spartak Trnava\",\"description\":\"ofici\u00e1lna webstr\u00e1nka futbalov\u00e9ho klubu\",\"publisher\":{\"@id\":\"https:\/\/fcspartaktrnava.com\/#organization\"},\"potentialAction\":[{\"@type\":\"SearchAction\",\"target\":{\"@type\":\"EntryPoint\",\"urlTemplate\":\"https:\/\/fcspartaktrnava.com\/?s={search_term_string}\"},\"query-input\":{\"@type\":\"PropertyValueSpecification\",\"valueRequired\":true,\"valueName\":\"search_term_string\"}}],\"inLanguage\":\"en-GB\"},{\"@type\":\"Organization\",\"@id\":\"https:\/\/fcspartaktrnava.com\/#organization\",\"name\":\"FC Spartak Trnava\",\"alternateName\":\"Spartak\",\"url\":\"https:\/\/fcspartaktrnava.com\/\",\"logo\":{\"@type\":\"ImageObject\",\"inLanguage\":\"en-GB\",\"@id\":\"https:\/\/fcspartaktrnava.com\/#\/schema\/logo\/image\/\",\"url\":\"https:\/\/fcspartaktrnava.com\/wp-content\/uploads\/2022\/08\/cropped-site_logo.png\",\"contentUrl\":\"https:\/\/fcspartaktrnava.com\/wp-content\/uploads\/2022\/08\/cropped-site_logo.png\",\"width\":140,\"height\":140,\"caption\":\"FC Spartak Trnava\"},\"image\":{\"@id\":\"https:\/\/fcspartaktrnava.com\/#\/schema\/logo\/image\/\"},\"sameAs\":[\"https:\/\/www.facebook.com\/SpartakTrnava\",\"https:\/\/x.com\/SpartakTrnava1\",\"https:\/\/www.instagram.com\/spartak_sk\/\"]},{\"@type\":\"Person\",\"@id\":\"https:\/\/fcspartaktrnava.com\/#\/schema\/person\/24bc5b254af14f71d7d8af178790aa75\",\"name\":\"spartak\",\"image\":{\"@type\":\"ImageObject\",\"inLanguage\":\"en-GB\",\"@id\":\"https:\/\/fcspartaktrnava.com\/#\/schema\/person\/image\/\",\"url\":\"https:\/\/secure.gravatar.com\/avatar\/f8ff8584f3fcf3909a11a6da9019f37749183b4015bca14e64556c52614cdc7f?s=96&d=mm&r=g\",\"contentUrl\":\"https:\/\/secure.gravatar.com\/avatar\/f8ff8584f3fcf3909a11a6da9019f37749183b4015bca14e64556c52614cdc7f?s=96&d=mm&r=g\",\"caption\":\"spartak\"},\"url\":\"https:\/\/fcspartaktrnava.com\/en\/author\/spartak\/\"}]}<\/script>\n<!-- \/ Yoast SEO plugin. -->","yoast_head_json":{"title":"Bukata sa o\u017eenil a\u00a0pokra\u010duje v\u00a0Spartaku - FC Spartak Trnava","robots":{"index":"index","follow":"follow","max-snippet":"max-snippet:-1","max-image-preview":"max-image-preview:large","max-video-preview":"max-video-preview:-1"},"canonical":"https:\/\/fcspartaktrnava.com\/en\/bukata-sa-ozenil-a-pokracuje-v-spartaku\/","twitter_misc":{"Written by":"spartak","Estimated reading time":"3 minutes"},"schema":{"@context":"https:\/\/schema.org","@graph":[{"@type":"Article","@id":"https:\/\/fcspartaktrnava.com\/bukata-sa-ozenil-a-pokracuje-v-spartaku\/#article","isPartOf":{"@id":"https:\/\/fcspartaktrnava.com\/bukata-sa-ozenil-a-pokracuje-v-spartaku\/"},"author":{"name":"spartak","@id":"https:\/\/fcspartaktrnava.com\/#\/schema\/person\/24bc5b254af14f71d7d8af178790aa75"},"headline":"Bukata sa o\u017eenil a\u00a0pokra\u010duje v\u00a0Spartaku","datePublished":"2023-06-06T07:12:05+00:00","dateModified":"2023-06-06T08:53:18+00:00","mainEntityOfPage":{"@id":"https:\/\/fcspartaktrnava.com\/bukata-sa-ozenil-a-pokracuje-v-spartaku\/"},"wordCount":466,"publisher":{"@id":"https:\/\/fcspartaktrnava.com\/#organization"},"image":{"@id":"https:\/\/fcspartaktrnava.com\/bukata-sa-ozenil-a-pokracuje-v-spartaku\/#primaryimage"},"thumbnailUrl":"https:\/\/fcspartaktrnava.com\/wp-content\/uploads\/2023\/05\/DSC_6548.jpg","keywords":["Michal Ga\u0161par\u00edk"],"articleSection":["Rozhovory"],"inLanguage":"en-GB"},{"@type":"WebPage","@id":"https:\/\/fcspartaktrnava.com\/bukata-sa-ozenil-a-pokracuje-v-spartaku\/","url":"https:\/\/fcspartaktrnava.com\/bukata-sa-ozenil-a-pokracuje-v-spartaku\/","name":"Bukata sa o\u017eenil a\u00a0pokra\u010duje v\u00a0Spartaku - FC Spartak Trnava","isPartOf":{"@id":"https:\/\/fcspartaktrnava.com\/#website"},"primaryImageOfPage":{"@id":"https:\/\/fcspartaktrnava.com\/bukata-sa-ozenil-a-pokracuje-v-spartaku\/#primaryimage"},"image":{"@id":"https:\/\/fcspartaktrnava.com\/bukata-sa-ozenil-a-pokracuje-v-spartaku\/#primaryimage"},"thumbnailUrl":"https:\/\/fcspartaktrnava.com\/wp-content\/uploads\/2023\/05\/DSC_6548.jpg","datePublished":"2023-06-06T07:12:05+00:00","dateModified":"2023-06-06T08:53:18+00:00","breadcrumb":{"@id":"https:\/\/fcspartaktrnava.com\/bukata-sa-ozenil-a-pokracuje-v-spartaku\/#breadcrumb"},"inLanguage":"en-GB","potentialAction":[{"@type":"ReadAction","target":["https:\/\/fcspartaktrnava.com\/bukata-sa-ozenil-a-pokracuje-v-spartaku\/"]}]},{"@type":"ImageObject","inLanguage":"en-GB","@id":"https:\/\/fcspartaktrnava.com\/bukata-sa-ozenil-a-pokracuje-v-spartaku\/#primaryimage","url":"https:\/\/fcspartaktrnava.com\/wp-content\/uploads\/2023\/05\/DSC_6548.jpg","contentUrl":"https:\/\/fcspartaktrnava.com\/wp-content\/uploads\/2023\/05\/DSC_6548.jpg","width":1500,"height":1000},{"@type":"BreadcrumbList","@id":"https:\/\/fcspartaktrnava.com\/bukata-sa-ozenil-a-pokracuje-v-spartaku\/#breadcrumb","itemListElement":[{"@type":"ListItem","position":1,"name":"Home","item":"https:\/\/fcspartaktrnava.com\/"},{"@type":"ListItem","position":2,"name":"Bukata sa o\u017eenil a\u00a0pokra\u010duje v\u00a0Spartaku"}]},{"@type":"WebSite","@id":"https:\/\/fcspartaktrnava.com\/#website","url":"https:\/\/fcspartaktrnava.com\/","name":"FC Spartak Trnava","description":"ofici\u00e1lna webstr\u00e1nka futbalov\u00e9ho klubu","publisher":{"@id":"https:\/\/fcspartaktrnava.com\/#organization"},"potentialAction":[{"@type":"SearchAction","target":{"@type":"EntryPoint","urlTemplate":"https:\/\/fcspartaktrnava.com\/?s={search_term_string}"},"query-input":{"@type":"PropertyValueSpecification","valueRequired":true,"valueName":"search_term_string"}}],"inLanguage":"en-GB"},{"@type":"Organization","@id":"https:\/\/fcspartaktrnava.com\/#organization","name":"FC Spartak Trnava","alternateName":"Spartak","url":"https:\/\/fcspartaktrnava.com\/","logo":{"@type":"ImageObject","inLanguage":"en-GB","@id":"https:\/\/fcspartaktrnava.com\/#\/schema\/logo\/image\/","url":"https:\/\/fcspartaktrnava.com\/wp-content\/uploads\/2022\/08\/cropped-site_logo.png","contentUrl":"https:\/\/fcspartaktrnava.com\/wp-content\/uploads\/2022\/08\/cropped-site_logo.png","width":140,"height":140,"caption":"FC Spartak Trnava"},"image":{"@id":"https:\/\/fcspartaktrnava.com\/#\/schema\/logo\/image\/"},"sameAs":["https:\/\/www.facebook.com\/SpartakTrnava","https:\/\/x.com\/SpartakTrnava1","https:\/\/www.instagram.com\/spartak_sk\/"]},{"@type":"Person","@id":"https:\/\/fcspartaktrnava.com\/#\/schema\/person\/24bc5b254af14f71d7d8af178790aa75","name":"spartak","image":{"@type":"ImageObject","inLanguage":"en-GB","@id":"https:\/\/fcspartaktrnava.com\/#\/schema\/person\/image\/","url":"https:\/\/secure.gravatar.com\/avatar\/f8ff8584f3fcf3909a11a6da9019f37749183b4015bca14e64556c52614cdc7f?s=96&d=mm&r=g","contentUrl":"https:\/\/secure.gravatar.com\/avatar\/f8ff8584f3fcf3909a11a6da9019f37749183b4015bca14e64556c52614cdc7f?s=96&d=mm&r=g","caption":"spartak"},"url":"https:\/\/fcspartaktrnava.com\/en\/author\/spartak\/"}]}},"_links":{"self":[{"href":"https:\/\/fcspartaktrnava.com\/en\/wp-json\/wp\/v2\/posts\/7929","targetHints":{"allow":["GET"]}}],"collection":[{"href":"https:\/\/fcspartaktrnava.com\/en\/wp-json\/wp\/v2\/posts"}],"about":[{"href":"https:\/\/fcspartaktrnava.com\/en\/wp-json\/wp\/v2\/types\/post"}],"author":[{"embeddable":true,"href":"https:\/\/fcspartaktrnava.com\/en\/wp-json\/wp\/v2\/users\/2"}],"replies":[{"embeddable":true,"href":"https:\/\/fcspartaktrnava.com\/en\/wp-json\/wp\/v2\/comments?post=7929"}],"version-history":[{"count":0,"href":"https:\/\/fcspartaktrnava.com\/en\/wp-json\/wp\/v2\/posts\/7929\/revisions"}],"wp:featuredmedia":[{"embeddable":true,"href":"https:\/\/fcspartaktrnava.com\/en\/wp-json\/wp\/v2\/media\/7673"}],"wp:attachment":[{"href":"https:\/\/fcspartaktrnava.com\/en\/wp-json\/wp\/v2\/media?parent=7929"}],"wp:term":[{"taxonomy":"category","embeddable":true,"href":"https:\/\/fcspartaktrnava.com\/en\/wp-json\/wp\/v2\/categories?post=7929"},{"taxonomy":"post_tag","embeddable":true,"href":"https:\/\/fcspartaktrnava.com\/en\/wp-json\/wp\/v2\/tags?post=7929"}],"curies":[{"name":"wp","href":"https:\/\/api.w.org\/{rel}","templated":true}]}}