{"id":7927,"date":"2023-06-06T07:13:08","date_gmt":"2023-06-06T07:13:08","guid":{"rendered":"https:\/\/fcspartaktrnava.com\/?p=7927"},"modified":"2023-06-06T07:13:09","modified_gmt":"2023-06-06T07:13:09","slug":"hladame-najvernejsieho-fanusika-z-detskeho-sektora","status":"publish","type":"post","link":"https:\/\/fcspartaktrnava.com\/en\/hladame-najvernejsieho-fanusika-z-detskeho-sektora\/","title":{"rendered":"H\u013ead\u00e1me najvernej\u0161ieho fan\u00fa\u0161ika z\u00a0detsk\u00e9ho sektora"},"content":{"rendered":"<p>V&nbsp;pr\u00e1ve skon\u010denej sez\u00f3ne by sme chceli&nbsp; po\u010fakova\u0165 aj na\u0161im najmen\u0161\u00edm fan\u00fa\u0161ikom, resp. rodin\u00e1m a&nbsp;organizovan\u00fdm skupin\u00e1m za podporu po\u010das cel\u00e9ho roka. V&nbsp;detskom sektore uk\u00e1zali, \u017ee n\u00e1m na \u0161tadi\u00f3ne vyrast\u00e1 nov\u00e1 gener\u00e1cia fan\u00fa\u0161ikov. Po\u010das celej sez\u00f3ny sme sa sna\u017eili na\u0161ich najmen\u0161\u00edch prekvapi\u0165, \u010di u\u017e anima\u010dn\u00fdm programom, s\u00fa\u0165a\u017eami, autogrami\u00e1dou alebo vo\u013en\u00fdmi vstupmi do kina a&nbsp;aquaparku.<\/p>\n\n\n\n<p>Okrem toho v\u0161etk\u00e9ho sme na za\u010diatku sez\u00f3ny s\u013e\u00fabili, \u017ee deti, ktor\u00e9 nav\u0161t\u00edvia v\u0161etky ligov\u00e9 z\u00e1pasy (okrem rizikov\u00fdch) bud\u00fa m\u00f4c\u0165 z\u00edska\u0165 kompletn\u00fd origin\u00e1lny hr\u00e1\u010dsky dres s&nbsp;podpismi cel\u00e9ho k\u00e1dra. Sta\u010d\u00ed, ak n\u00e1m po\u0161lete foto karti\u010dky s&nbsp;nazbieran\u00fdmi pe\u010diatkami na mail <a href=\"mailto:office@fcspartaktrnava.com\">office@fcspartaktrnava.com<\/a> a&nbsp;my vy\u017erebujeme z t\u00fdch najoddanej\u0161\u00edch.<\/p>","protected":false},"excerpt":{"rendered":"<p>V&nbsp;pr\u00e1ve skon\u010denej sez\u00f3ne by sme chceli&nbsp; po\u010fakova\u0165 aj&#8230;<\/p>","protected":false},"author":2,"featured_media":7727,"comment_status":"closed","ping_status":"closed","sticky":false,"template":"","format":"standard","meta":{"footnotes":""},"categories":[12],"tags":[],"class_list":["post-7927","post","type-post","status-publish","format-standard","has-post-thumbnail","hentry","category-spravy","post-number-1"],"yoast_head":"<!-- This site is optimized with the Yoast SEO plugin v27.1.1 - https:\/\/yoast.com\/product\/yoast-seo-wordpress\/ -->\n<title>H\u013ead\u00e1me najvernej\u0161ieho fan\u00fa\u0161ika z\u00a0detsk\u00e9ho sektora - FC Spartak Trnava<\/title>\n<meta name=\"robots\" content=\"index, follow, max-snippet:-1, max-image-preview:large, max-video-preview:-1\" \/>\n<link rel=\"canonical\" href=\"https:\/\/fcspartaktrnava.com\/en\/hladame-najvernejsieho-fanusika-z-detskeho-sektora\/\" \/>\n<meta name=\"twitter:label1\" content=\"Written by\" \/>\n\t<meta name=\"twitter:data1\" content=\"spartak\" \/>\n\t<meta name=\"twitter:label2\" content=\"Estimated reading time\" \/>\n\t<meta name=\"twitter:data2\" content=\"1 minute\" \/>\n<script type=\"application\/ld+json\" class=\"yoast-schema-graph\">{\"@context\":\"https:\/\/schema.org\",\"@graph\":[{\"@type\":\"Article\",\"@id\":\"https:\/\/fcspartaktrnava.com\/hladame-najvernejsieho-fanusika-z-detskeho-sektora\/#article\",\"isPartOf\":{\"@id\":\"https:\/\/fcspartaktrnava.com\/hladame-najvernejsieho-fanusika-z-detskeho-sektora\/\"},\"author\":{\"name\":\"spartak\",\"@id\":\"https:\/\/fcspartaktrnava.com\/#\/schema\/person\/24bc5b254af14f71d7d8af178790aa75\"},\"headline\":\"H\u013ead\u00e1me najvernej\u0161ieho fan\u00fa\u0161ika z\u00a0detsk\u00e9ho sektora\",\"datePublished\":\"2023-06-06T07:13:08+00:00\",\"dateModified\":\"2023-06-06T07:13:09+00:00\",\"mainEntityOfPage\":{\"@id\":\"https:\/\/fcspartaktrnava.com\/hladame-najvernejsieho-fanusika-z-detskeho-sektora\/\"},\"wordCount\":176,\"publisher\":{\"@id\":\"https:\/\/fcspartaktrnava.com\/#organization\"},\"image\":{\"@id\":\"https:\/\/fcspartaktrnava.com\/hladame-najvernejsieho-fanusika-z-detskeho-sektora\/#primaryimage\"},\"thumbnailUrl\":\"https:\/\/fcspartaktrnava.com\/wp-content\/uploads\/2023\/05\/DSC_6801.jpg\",\"articleSection\":[\"Spr\u00e1vy\"],\"inLanguage\":\"en-GB\"},{\"@type\":\"WebPage\",\"@id\":\"https:\/\/fcspartaktrnava.com\/hladame-najvernejsieho-fanusika-z-detskeho-sektora\/\",\"url\":\"https:\/\/fcspartaktrnava.com\/hladame-najvernejsieho-fanusika-z-detskeho-sektora\/\",\"name\":\"H\u013ead\u00e1me najvernej\u0161ieho fan\u00fa\u0161ika z\u00a0detsk\u00e9ho sektora - FC Spartak Trnava\",\"isPartOf\":{\"@id\":\"https:\/\/fcspartaktrnava.com\/#website\"},\"primaryImageOfPage\":{\"@id\":\"https:\/\/fcspartaktrnava.com\/hladame-najvernejsieho-fanusika-z-detskeho-sektora\/#primaryimage\"},\"image\":{\"@id\":\"https:\/\/fcspartaktrnava.com\/hladame-najvernejsieho-fanusika-z-detskeho-sektora\/#primaryimage\"},\"thumbnailUrl\":\"https:\/\/fcspartaktrnava.com\/wp-content\/uploads\/2023\/05\/DSC_6801.jpg\",\"datePublished\":\"2023-06-06T07:13:08+00:00\",\"dateModified\":\"2023-06-06T07:13:09+00:00\",\"breadcrumb\":{\"@id\":\"https:\/\/fcspartaktrnava.com\/hladame-najvernejsieho-fanusika-z-detskeho-sektora\/#breadcrumb\"},\"inLanguage\":\"en-GB\",\"potentialAction\":[{\"@type\":\"ReadAction\",\"target\":[\"https:\/\/fcspartaktrnava.com\/hladame-najvernejsieho-fanusika-z-detskeho-sektora\/\"]}]},{\"@type\":\"ImageObject\",\"inLanguage\":\"en-GB\",\"@id\":\"https:\/\/fcspartaktrnava.com\/hladame-najvernejsieho-fanusika-z-detskeho-sektora\/#primaryimage\",\"url\":\"https:\/\/fcspartaktrnava.com\/wp-content\/uploads\/2023\/05\/DSC_6801.jpg\",\"contentUrl\":\"https:\/\/fcspartaktrnava.com\/wp-content\/uploads\/2023\/05\/DSC_6801.jpg\",\"width\":1500,\"height\":998},{\"@type\":\"BreadcrumbList\",\"@id\":\"https:\/\/fcspartaktrnava.com\/hladame-najvernejsieho-fanusika-z-detskeho-sektora\/#breadcrumb\",\"itemListElement\":[{\"@type\":\"ListItem\",\"position\":1,\"name\":\"Home\",\"item\":\"https:\/\/fcspartaktrnava.com\/\"},{\"@type\":\"ListItem\",\"position\":2,\"name\":\"H\u013ead\u00e1me najvernej\u0161ieho fan\u00fa\u0161ika z\u00a0detsk\u00e9ho sektora\"}]},{\"@type\":\"WebSite\",\"@id\":\"https:\/\/fcspartaktrnava.com\/#website\",\"url\":\"https:\/\/fcspartaktrnava.com\/\",\"name\":\"FC Spartak Trnava\",\"description\":\"ofici\u00e1lna webstr\u00e1nka futbalov\u00e9ho klubu\",\"publisher\":{\"@id\":\"https:\/\/fcspartaktrnava.com\/#organization\"},\"potentialAction\":[{\"@type\":\"SearchAction\",\"target\":{\"@type\":\"EntryPoint\",\"urlTemplate\":\"https:\/\/fcspartaktrnava.com\/?s={search_term_string}\"},\"query-input\":{\"@type\":\"PropertyValueSpecification\",\"valueRequired\":true,\"valueName\":\"search_term_string\"}}],\"inLanguage\":\"en-GB\"},{\"@type\":\"Organization\",\"@id\":\"https:\/\/fcspartaktrnava.com\/#organization\",\"name\":\"FC Spartak Trnava\",\"alternateName\":\"Spartak\",\"url\":\"https:\/\/fcspartaktrnava.com\/\",\"logo\":{\"@type\":\"ImageObject\",\"inLanguage\":\"en-GB\",\"@id\":\"https:\/\/fcspartaktrnava.com\/#\/schema\/logo\/image\/\",\"url\":\"https:\/\/fcspartaktrnava.com\/wp-content\/uploads\/2022\/08\/cropped-site_logo.png\",\"contentUrl\":\"https:\/\/fcspartaktrnava.com\/wp-content\/uploads\/2022\/08\/cropped-site_logo.png\",\"width\":140,\"height\":140,\"caption\":\"FC Spartak Trnava\"},\"image\":{\"@id\":\"https:\/\/fcspartaktrnava.com\/#\/schema\/logo\/image\/\"},\"sameAs\":[\"https:\/\/www.facebook.com\/SpartakTrnava\",\"https:\/\/x.com\/SpartakTrnava1\",\"https:\/\/www.instagram.com\/spartak_sk\/\"]},{\"@type\":\"Person\",\"@id\":\"https:\/\/fcspartaktrnava.com\/#\/schema\/person\/24bc5b254af14f71d7d8af178790aa75\",\"name\":\"spartak\",\"image\":{\"@type\":\"ImageObject\",\"inLanguage\":\"en-GB\",\"@id\":\"https:\/\/fcspartaktrnava.com\/#\/schema\/person\/image\/\",\"url\":\"https:\/\/secure.gravatar.com\/avatar\/f8ff8584f3fcf3909a11a6da9019f37749183b4015bca14e64556c52614cdc7f?s=96&d=mm&r=g\",\"contentUrl\":\"https:\/\/secure.gravatar.com\/avatar\/f8ff8584f3fcf3909a11a6da9019f37749183b4015bca14e64556c52614cdc7f?s=96&d=mm&r=g\",\"caption\":\"spartak\"},\"url\":\"https:\/\/fcspartaktrnava.com\/en\/author\/spartak\/\"}]}<\/script>\n<!-- \/ Yoast SEO plugin. -->","yoast_head_json":{"title":"H\u013ead\u00e1me najvernej\u0161ieho fan\u00fa\u0161ika z\u00a0detsk\u00e9ho sektora - FC Spartak Trnava","robots":{"index":"index","follow":"follow","max-snippet":"max-snippet:-1","max-image-preview":"max-image-preview:large","max-video-preview":"max-video-preview:-1"},"canonical":"https:\/\/fcspartaktrnava.com\/en\/hladame-najvernejsieho-fanusika-z-detskeho-sektora\/","twitter_misc":{"Written by":"spartak","Estimated reading time":"1 minute"},"schema":{"@context":"https:\/\/schema.org","@graph":[{"@type":"Article","@id":"https:\/\/fcspartaktrnava.com\/hladame-najvernejsieho-fanusika-z-detskeho-sektora\/#article","isPartOf":{"@id":"https:\/\/fcspartaktrnava.com\/hladame-najvernejsieho-fanusika-z-detskeho-sektora\/"},"author":{"name":"spartak","@id":"https:\/\/fcspartaktrnava.com\/#\/schema\/person\/24bc5b254af14f71d7d8af178790aa75"},"headline":"H\u013ead\u00e1me najvernej\u0161ieho fan\u00fa\u0161ika z\u00a0detsk\u00e9ho sektora","datePublished":"2023-06-06T07:13:08+00:00","dateModified":"2023-06-06T07:13:09+00:00","mainEntityOfPage":{"@id":"https:\/\/fcspartaktrnava.com\/hladame-najvernejsieho-fanusika-z-detskeho-sektora\/"},"wordCount":176,"publisher":{"@id":"https:\/\/fcspartaktrnava.com\/#organization"},"image":{"@id":"https:\/\/fcspartaktrnava.com\/hladame-najvernejsieho-fanusika-z-detskeho-sektora\/#primaryimage"},"thumbnailUrl":"https:\/\/fcspartaktrnava.com\/wp-content\/uploads\/2023\/05\/DSC_6801.jpg","articleSection":["Spr\u00e1vy"],"inLanguage":"en-GB"},{"@type":"WebPage","@id":"https:\/\/fcspartaktrnava.com\/hladame-najvernejsieho-fanusika-z-detskeho-sektora\/","url":"https:\/\/fcspartaktrnava.com\/hladame-najvernejsieho-fanusika-z-detskeho-sektora\/","name":"H\u013ead\u00e1me najvernej\u0161ieho fan\u00fa\u0161ika z\u00a0detsk\u00e9ho sektora - FC Spartak Trnava","isPartOf":{"@id":"https:\/\/fcspartaktrnava.com\/#website"},"primaryImageOfPage":{"@id":"https:\/\/fcspartaktrnava.com\/hladame-najvernejsieho-fanusika-z-detskeho-sektora\/#primaryimage"},"image":{"@id":"https:\/\/fcspartaktrnava.com\/hladame-najvernejsieho-fanusika-z-detskeho-sektora\/#primaryimage"},"thumbnailUrl":"https:\/\/fcspartaktrnava.com\/wp-content\/uploads\/2023\/05\/DSC_6801.jpg","datePublished":"2023-06-06T07:13:08+00:00","dateModified":"2023-06-06T07:13:09+00:00","breadcrumb":{"@id":"https:\/\/fcspartaktrnava.com\/hladame-najvernejsieho-fanusika-z-detskeho-sektora\/#breadcrumb"},"inLanguage":"en-GB","potentialAction":[{"@type":"ReadAction","target":["https:\/\/fcspartaktrnava.com\/hladame-najvernejsieho-fanusika-z-detskeho-sektora\/"]}]},{"@type":"ImageObject","inLanguage":"en-GB","@id":"https:\/\/fcspartaktrnava.com\/hladame-najvernejsieho-fanusika-z-detskeho-sektora\/#primaryimage","url":"https:\/\/fcspartaktrnava.com\/wp-content\/uploads\/2023\/05\/DSC_6801.jpg","contentUrl":"https:\/\/fcspartaktrnava.com\/wp-content\/uploads\/2023\/05\/DSC_6801.jpg","width":1500,"height":998},{"@type":"BreadcrumbList","@id":"https:\/\/fcspartaktrnava.com\/hladame-najvernejsieho-fanusika-z-detskeho-sektora\/#breadcrumb","itemListElement":[{"@type":"ListItem","position":1,"name":"Home","item":"https:\/\/fcspartaktrnava.com\/"},{"@type":"ListItem","position":2,"name":"H\u013ead\u00e1me najvernej\u0161ieho fan\u00fa\u0161ika z\u00a0detsk\u00e9ho sektora"}]},{"@type":"WebSite","@id":"https:\/\/fcspartaktrnava.com\/#website","url":"https:\/\/fcspartaktrnava.com\/","name":"FC Spartak Trnava","description":"ofici\u00e1lna webstr\u00e1nka futbalov\u00e9ho klubu","publisher":{"@id":"https:\/\/fcspartaktrnava.com\/#organization"},"potentialAction":[{"@type":"SearchAction","target":{"@type":"EntryPoint","urlTemplate":"https:\/\/fcspartaktrnava.com\/?s={search_term_string}"},"query-input":{"@type":"PropertyValueSpecification","valueRequired":true,"valueName":"search_term_string"}}],"inLanguage":"en-GB"},{"@type":"Organization","@id":"https:\/\/fcspartaktrnava.com\/#organization","name":"FC Spartak Trnava","alternateName":"Spartak","url":"https:\/\/fcspartaktrnava.com\/","logo":{"@type":"ImageObject","inLanguage":"en-GB","@id":"https:\/\/fcspartaktrnava.com\/#\/schema\/logo\/image\/","url":"https:\/\/fcspartaktrnava.com\/wp-content\/uploads\/2022\/08\/cropped-site_logo.png","contentUrl":"https:\/\/fcspartaktrnava.com\/wp-content\/uploads\/2022\/08\/cropped-site_logo.png","width":140,"height":140,"caption":"FC Spartak Trnava"},"image":{"@id":"https:\/\/fcspartaktrnava.com\/#\/schema\/logo\/image\/"},"sameAs":["https:\/\/www.facebook.com\/SpartakTrnava","https:\/\/x.com\/SpartakTrnava1","https:\/\/www.instagram.com\/spartak_sk\/"]},{"@type":"Person","@id":"https:\/\/fcspartaktrnava.com\/#\/schema\/person\/24bc5b254af14f71d7d8af178790aa75","name":"spartak","image":{"@type":"ImageObject","inLanguage":"en-GB","@id":"https:\/\/fcspartaktrnava.com\/#\/schema\/person\/image\/","url":"https:\/\/secure.gravatar.com\/avatar\/f8ff8584f3fcf3909a11a6da9019f37749183b4015bca14e64556c52614cdc7f?s=96&d=mm&r=g","contentUrl":"https:\/\/secure.gravatar.com\/avatar\/f8ff8584f3fcf3909a11a6da9019f37749183b4015bca14e64556c52614cdc7f?s=96&d=mm&r=g","caption":"spartak"},"url":"https:\/\/fcspartaktrnava.com\/en\/author\/spartak\/"}]}},"_links":{"self":[{"href":"https:\/\/fcspartaktrnava.com\/en\/wp-json\/wp\/v2\/posts\/7927","targetHints":{"allow":["GET"]}}],"collection":[{"href":"https:\/\/fcspartaktrnava.com\/en\/wp-json\/wp\/v2\/posts"}],"about":[{"href":"https:\/\/fcspartaktrnava.com\/en\/wp-json\/wp\/v2\/types\/post"}],"author":[{"embeddable":true,"href":"https:\/\/fcspartaktrnava.com\/en\/wp-json\/wp\/v2\/users\/2"}],"replies":[{"embeddable":true,"href":"https:\/\/fcspartaktrnava.com\/en\/wp-json\/wp\/v2\/comments?post=7927"}],"version-history":[{"count":0,"href":"https:\/\/fcspartaktrnava.com\/en\/wp-json\/wp\/v2\/posts\/7927\/revisions"}],"wp:featuredmedia":[{"embeddable":true,"href":"https:\/\/fcspartaktrnava.com\/en\/wp-json\/wp\/v2\/media\/7727"}],"wp:attachment":[{"href":"https:\/\/fcspartaktrnava.com\/en\/wp-json\/wp\/v2\/media?parent=7927"}],"wp:term":[{"taxonomy":"category","embeddable":true,"href":"https:\/\/fcspartaktrnava.com\/en\/wp-json\/wp\/v2\/categories?post=7927"},{"taxonomy":"post_tag","embeddable":true,"href":"https:\/\/fcspartaktrnava.com\/en\/wp-json\/wp\/v2\/tags?post=7927"}],"curies":[{"name":"wp","href":"https:\/\/api.w.org\/{rel}","templated":true}]}}