{"id":788,"date":"2022-08-21T13:49:00","date_gmt":"2022-08-21T13:49:00","guid":{"rendered":"https:\/\/fcspartaktrnava.com\/?p=788"},"modified":"2022-08-23T13:58:13","modified_gmt":"2022-08-23T13:58:13","slug":"cez-prestavku-si-nakreslili-signal-ktory-hned-po-nej-zahrali","status":"publish","type":"post","link":"https:\/\/fcspartaktrnava.com\/en\/cez-prestavku-si-nakreslili-signal-ktory-hned-po-nej-zahrali\/","title":{"rendered":"During the break, they drew a signal, which they played right after it"},"content":{"rendered":"<p>Because of matches like yesterday's, it's worth going to football, and those who haven't been can get banned. That is a very brief summary of the football match between Spartak and Dunajsk\u00e1 Streda, but let's look at it in more detail.<\/p>\n\n\n\n<p>Attractive offensive football was rightly expected from these two teams and they fulfilled this expectation from the beginning. The home fans could be pleased that the red and black were definitely more active, who finally found a goal and scored nine goals in the other three matches. Erik Daniel scored the first one after a quarter of an hour, who, after penetrating from the wing, caught the unprepared goalkeeper with a shot to the near post and opened his scoring account in Spartak.<\/p>\n\n\n\n<p><strong><em>\"Today was an excellent match from both sides, which was decided by teamwork. We gave a very good, honest performance. We did not let Dunajsk\u00e1 Streda into clear chances, even when we were one less. They only had a standard beam there. I think we were the better team today,\"<\/em><\/strong><em>\u00a0said midfielder Martin Bukata, who scored the decisive third goal. In tennis jargon, it was a rebreak, as shortly before that the guests had reduced the score to 1:2. Against Michalovci, Bukata rested, but this time he was among the best on the field and showed the coach that he is to be reckoned with.<\/em><\/p>\n\n\n\r\n<div class=\"gg-post-video-yt-block gg-video-yt post-788 post type-post status-publish format-standard has-post-thumbnail hentry category-spravy post-number-1\">\r\n\t<div class=\"gg-video-inner\">\r\n\t\t\t\r\n\t\t<div class=\"gg-video-img\" style=\"background-image: url(https:\/\/i3.ytimg.com\/vi\/F2cAA1gWLk4\/maxresdefault.jpg); padding-top:56.5%;\"><\/div>\r\n\t\t\t\t\t\t\r\n\t\t<div class=\"video-play-icon\"\r\n\t\t\tdata-video-id=\"F2cAA1gWLk4\"\r\n\t\t\tdata-video-url=\"https:\/\/www.youtube.com\/watch?v=F2cAA1gWLk4\"\r\n\t\t\tdata-video-date=\"Aug 21, 2022\"\r\n\t\t\tdata-video-title=\"Ohlasy po z\u00e1pase - Martin Bukata: Ver\u00edm, \u017ee sa to teraz oto\u010dilo a \u0161ance budeme premie\u0148a\u0165 aj na\u010falej\"\r\n\t\t\tdata-video-description=\"Kv\u00f4li z\u00e1pasom ako bol to v\u010deraj\u0161\u00ed sa oplat\u00ed...\">\r\n\t\t\t<svg xmlns=\"http:\/\/www.w3.org\/2000\/svg\" width=\"466.667\" height=\"600\" viewbox=\"166.667 0 466.667 600\" xml:space=\"preserve\"><path d=\"m166.667 0 466.667 300-466.667 300V0z\"\/><\/svg>\t\t<\/div>\r\n\t\t\r\n\t\t<div class=\"content-box\">\r\n\t\t\t<h3 class=\"video__title\">Feedback after the match - Martin Bukata: I believe that things have turned around now and we will continue to convert chances<\/h3>\r\n\t\t<\/div>\r\n\t\t\t\t\t\t\t\t\t\t\t\t\t\t\t\t\t\t\t\t\t\r\n\t<\/div>\r\n<\/div>\n\n\n<p>This season, Spartak is a specialist in quick goals right after the play. He has already scored several times in the opening seconds of halves. Yesterday, it was possible immediately after the change of sides, when captain Martin Mikovi\u010d scored after one and a half years.\u00a0<strong><em>\"We got the first signal we talked about earlier in the cabin. The coaches read them again, and I'm glad that I got there. It's an important three points, but I'm there to make sure we don't get them. Older people in Trnava remember that the opponent was always uncomfortable for the first ten minutes, and Spartak usually won one, two nil. We want to build on that, and I have to say that it's working out for us now and I hope it will last.\"<\/em><\/strong><em>\u00a0said Mikovi\u010d, and coach Ga\u0161par\u00edk confirmed his words<\/em><\/p>\n\n\n\n<p><em>.<strong><em>\"It was a rehearsed signal at halftime. We reacted to the opponent's position and tried to take advantage of it right away<\/em><\/strong>\u00a0<strong><em>\"It was a rehearsed signal at halftime. We reacted to the opponent's position and tried to take advantage of it right away<\/em><\/strong>\u00a0Samuel \u0160tef\u00e1nik took care of Mikovi\u0107's goal with a pass, which proves that his arrival was a good choice. With two goals and three assists, he is the most productive Trnava player so far.<\/em><\/p>\n\n\n\r\n<div class=\"gg-post-video-yt-block gg-video-yt post-788 post type-post status-publish format-standard has-post-thumbnail hentry category-spravy post-number-2\">\r\n\t<div class=\"gg-video-inner\">\r\n\t\t\t\r\n\t\t<div class=\"gg-video-img\" style=\"background-image: url(https:\/\/i3.ytimg.com\/vi\/XFs7hOL75cY\/maxresdefault.jpg); padding-top:56.5%;\"><\/div>\r\n\t\t\t\t\t\t\r\n\t\t<div class=\"video-play-icon\"\r\n\t\t\tdata-video-id=\"XFs7hOL75cY\"\r\n\t\t\tdata-video-url=\"https:\/\/www.youtube.com\/watch?v=XFs7hOL75cY\"\r\n\t\t\tdata-video-date=\"Aug 21, 2022\"\r\n\t\t\tdata-video-title=\"Ohlasy po z\u00e1pase - Martin Mikovi\u010d: Za cel\u00fd z\u00e1pas sme zasl\u00fa\u017eene vyhrali\"\r\n\t\t\tdata-video-description=\"Kv\u00f4li z\u00e1pasom ako bol to v\u010deraj\u0161\u00ed sa oplat\u00ed...\">\r\n\t\t\t<svg xmlns=\"http:\/\/www.w3.org\/2000\/svg\" width=\"466.667\" height=\"600\" viewbox=\"166.667 0 466.667 600\" xml:space=\"preserve\"><path d=\"m166.667 0 466.667 300-466.667 300V0z\"\/><\/svg>\t\t<\/div>\r\n\t\t\r\n\t\t<div class=\"content-box\">\r\n\t\t\t<h3 class=\"video__title\">Feedback after the match - Martin Mikovi\u010d: We deservedly won the whole match<\/h3>\r\n\t\t<\/div>\r\n\t\t\t\t\t\t\t\t\t\t\t\t\t\t\t\t\t\t\t\t\t\r\n\t<\/div>\r\n<\/div>\n\n\n<p><em><em>However, Mikovi\u010d did not finish yesterday's match, because after an hour of play he saw a red card in the hands of referee Smol\u00e1k. The second tackle was a clear yellow, but he didn't like the first one from the first half.<strong><em>\u00a0\"From my point of view, I hit a clean ball, but the referee told me that I hit his legs. I wouldn't be offended at all for that intervention before I wanted to interrupt K\u00e1cer in the middle, if he gave me a card, I'll say OK. Before the second one, I hit K\u00e1\u010der in the leg and it bounced off him running to the penalty area. The first reaction was to pull it a little, but in that speed I didn't realize that I had one card. It was a teenage mistake, but hats off to the team for managing it for thirty minutes.\"<\/em><\/strong><\/em><\/em><\/p>\n\n\n\n<p><em><em>His teammates finally held their captain and secured the victory, now it will probably be Mikovi\u010d's turn to get revenge.<\/em><\/em><\/p>\n\n\n\n<p><em><em>Spartak thus reached second place in the table after yesterday. If he continues this performance in the next four rounds, he can meet the first against the second again in the upcoming derby, which will be on the program on September 18, and that would be a charge like thunder again!<\/em><\/em><\/p>\n\n\n\n<div class=\"wp-block-buttons is-layout-flex wp-block-buttons-is-layout-flex\">\n<div class=\"wp-block-button aligncenter is-style-fill\"><a class=\"wp-block-button__link has-white-color has-text-color has-background\" href=\"https:\/\/fcspartaktrnava.com\/en\/galerii\/6-kolo-fc-spartak-trnava-fc-dac-dunajska-streda\/\" style=\"border-radius:0px;background-color:#d40133\">PHOTO GALLERY<\/a><\/div>\n<\/div>","protected":false},"excerpt":{"rendered":"<p>Kv\u00f4li z\u00e1pasom ako bol to v\u010deraj\u0161\u00ed sa oplat\u00ed&#8230;<\/p>","protected":false},"author":5,"featured_media":789,"comment_status":"closed","ping_status":"closed","sticky":false,"template":"","format":"standard","meta":{"footnotes":""},"categories":[12],"tags":[],"class_list":["post-788","post","type-post","status-publish","format-standard","has-post-thumbnail","hentry","category-spravy","post-number-3"],"yoast_head":"<!-- This site is optimized with the Yoast SEO plugin v27.1.1 - https:\/\/yoast.com\/product\/yoast-seo-wordpress\/ -->\n<title>Cez prest\u00e1vku si nakreslili sign\u00e1l, ktor\u00fd hne\u010f po nej zahrali - FC Spartak Trnava<\/title>\n<meta name=\"robots\" content=\"index, follow, max-snippet:-1, max-image-preview:large, max-video-preview:-1\" \/>\n<link rel=\"canonical\" href=\"https:\/\/fcspartaktrnava.com\/en\/cez-prestavku-si-nakreslili-signal-ktory-hned-po-nej-zahrali\/\" \/>\n<meta name=\"twitter:label1\" content=\"Written by\" \/>\n\t<meta name=\"twitter:data1\" content=\"Samuel \u010eurinsk\u00fd\" \/>\n\t<meta name=\"twitter:label2\" content=\"Estimated reading time\" \/>\n\t<meta name=\"twitter:data2\" content=\"4 minutes\" \/>\n<script type=\"application\/ld+json\" class=\"yoast-schema-graph\">{\"@context\":\"https:\/\/schema.org\",\"@graph\":[{\"@type\":\"Article\",\"@id\":\"https:\/\/fcspartaktrnava.com\/en\/cez-prestavku-si-nakreslili-signal-ktory-hned-po-nej-zahrali\/#article\",\"isPartOf\":{\"@id\":\"https:\/\/fcspartaktrnava.com\/en\/cez-prestavku-si-nakreslili-signal-ktory-hned-po-nej-zahrali\/\"},\"author\":{\"name\":\"Samuel \u010eurinsk\u00fd\",\"@id\":\"https:\/\/fcspartaktrnava.com\/#\/schema\/person\/62c3c2562c3c56e4c0c8c2342c596ac0\"},\"headline\":\"Cez prest\u00e1vku si nakreslili sign\u00e1l, ktor\u00fd hne\u010f po nej zahrali\",\"datePublished\":\"2022-08-21T13:49:00+00:00\",\"dateModified\":\"2022-08-23T13:58:13+00:00\",\"mainEntityOfPage\":{\"@id\":\"https:\/\/fcspartaktrnava.com\/en\/cez-prestavku-si-nakreslili-signal-ktory-hned-po-nej-zahrali\/\"},\"wordCount\":762,\"publisher\":{\"@id\":\"https:\/\/fcspartaktrnava.com\/#organization\"},\"image\":{\"@id\":\"https:\/\/fcspartaktrnava.com\/en\/cez-prestavku-si-nakreslili-signal-ktory-hned-po-nej-zahrali\/#primaryimage\"},\"thumbnailUrl\":\"https:\/\/fcspartaktrnava.com\/wp-content\/uploads\/2022\/08\/Cez-prestavku-si-nakreslili-signal.jpg\",\"articleSection\":[\"Spr\u00e1vy\"],\"inLanguage\":\"en-GB\"},{\"@type\":\"WebPage\",\"@id\":\"https:\/\/fcspartaktrnava.com\/en\/cez-prestavku-si-nakreslili-signal-ktory-hned-po-nej-zahrali\/\",\"url\":\"https:\/\/fcspartaktrnava.com\/en\/cez-prestavku-si-nakreslili-signal-ktory-hned-po-nej-zahrali\/\",\"name\":\"Cez prest\u00e1vku si nakreslili sign\u00e1l, ktor\u00fd hne\u010f po nej zahrali - FC Spartak Trnava\",\"isPartOf\":{\"@id\":\"https:\/\/fcspartaktrnava.com\/#website\"},\"primaryImageOfPage\":{\"@id\":\"https:\/\/fcspartaktrnava.com\/en\/cez-prestavku-si-nakreslili-signal-ktory-hned-po-nej-zahrali\/#primaryimage\"},\"image\":{\"@id\":\"https:\/\/fcspartaktrnava.com\/en\/cez-prestavku-si-nakreslili-signal-ktory-hned-po-nej-zahrali\/#primaryimage\"},\"thumbnailUrl\":\"https:\/\/fcspartaktrnava.com\/wp-content\/uploads\/2022\/08\/Cez-prestavku-si-nakreslili-signal.jpg\",\"datePublished\":\"2022-08-21T13:49:00+00:00\",\"dateModified\":\"2022-08-23T13:58:13+00:00\",\"breadcrumb\":{\"@id\":\"https:\/\/fcspartaktrnava.com\/en\/cez-prestavku-si-nakreslili-signal-ktory-hned-po-nej-zahrali\/#breadcrumb\"},\"inLanguage\":\"en-GB\",\"potentialAction\":[{\"@type\":\"ReadAction\",\"target\":[\"https:\/\/fcspartaktrnava.com\/en\/cez-prestavku-si-nakreslili-signal-ktory-hned-po-nej-zahrali\/\"]}]},{\"@type\":\"ImageObject\",\"inLanguage\":\"en-GB\",\"@id\":\"https:\/\/fcspartaktrnava.com\/en\/cez-prestavku-si-nakreslili-signal-ktory-hned-po-nej-zahrali\/#primaryimage\",\"url\":\"https:\/\/fcspartaktrnava.com\/wp-content\/uploads\/2022\/08\/Cez-prestavku-si-nakreslili-signal.jpg\",\"contentUrl\":\"https:\/\/fcspartaktrnava.com\/wp-content\/uploads\/2022\/08\/Cez-prestavku-si-nakreslili-signal.jpg\",\"width\":1300,\"height\":555},{\"@type\":\"BreadcrumbList\",\"@id\":\"https:\/\/fcspartaktrnava.com\/en\/cez-prestavku-si-nakreslili-signal-ktory-hned-po-nej-zahrali\/#breadcrumb\",\"itemListElement\":[{\"@type\":\"ListItem\",\"position\":1,\"name\":\"Home\",\"item\":\"https:\/\/fcspartaktrnava.com\/\"},{\"@type\":\"ListItem\",\"position\":2,\"name\":\"Cez prest\u00e1vku si nakreslili sign\u00e1l, ktor\u00fd hne\u010f po nej zahrali\"}]},{\"@type\":\"WebSite\",\"@id\":\"https:\/\/fcspartaktrnava.com\/#website\",\"url\":\"https:\/\/fcspartaktrnava.com\/\",\"name\":\"FC Spartak Trnava\",\"description\":\"ofici\u00e1lna webstr\u00e1nka futbalov\u00e9ho klubu\",\"publisher\":{\"@id\":\"https:\/\/fcspartaktrnava.com\/#organization\"},\"potentialAction\":[{\"@type\":\"SearchAction\",\"target\":{\"@type\":\"EntryPoint\",\"urlTemplate\":\"https:\/\/fcspartaktrnava.com\/?s={search_term_string}\"},\"query-input\":{\"@type\":\"PropertyValueSpecification\",\"valueRequired\":true,\"valueName\":\"search_term_string\"}}],\"inLanguage\":\"en-GB\"},{\"@type\":\"Organization\",\"@id\":\"https:\/\/fcspartaktrnava.com\/#organization\",\"name\":\"FC Spartak Trnava\",\"alternateName\":\"Spartak\",\"url\":\"https:\/\/fcspartaktrnava.com\/\",\"logo\":{\"@type\":\"ImageObject\",\"inLanguage\":\"en-GB\",\"@id\":\"https:\/\/fcspartaktrnava.com\/#\/schema\/logo\/image\/\",\"url\":\"https:\/\/fcspartaktrnava.com\/wp-content\/uploads\/2022\/08\/cropped-site_logo.png\",\"contentUrl\":\"https:\/\/fcspartaktrnava.com\/wp-content\/uploads\/2022\/08\/cropped-site_logo.png\",\"width\":140,\"height\":140,\"caption\":\"FC Spartak Trnava\"},\"image\":{\"@id\":\"https:\/\/fcspartaktrnava.com\/#\/schema\/logo\/image\/\"},\"sameAs\":[\"https:\/\/www.facebook.com\/SpartakTrnava\",\"https:\/\/x.com\/SpartakTrnava1\",\"https:\/\/www.instagram.com\/spartak_sk\/\"]},{\"@type\":\"Person\",\"@id\":\"https:\/\/fcspartaktrnava.com\/#\/schema\/person\/62c3c2562c3c56e4c0c8c2342c596ac0\",\"name\":\"Samuel \u010eurinsk\u00fd\",\"image\":{\"@type\":\"ImageObject\",\"inLanguage\":\"en-GB\",\"@id\":\"https:\/\/fcspartaktrnava.com\/#\/schema\/person\/image\/\",\"url\":\"https:\/\/secure.gravatar.com\/avatar\/af2fa02af92418b86ed742470664fe40056833fb68d84becf03f6ab02319257c?s=96&d=mm&r=g\",\"contentUrl\":\"https:\/\/secure.gravatar.com\/avatar\/af2fa02af92418b86ed742470664fe40056833fb68d84becf03f6ab02319257c?s=96&d=mm&r=g\",\"caption\":\"Samuel \u010eurinsk\u00fd\"},\"url\":\"https:\/\/fcspartaktrnava.com\/en\/author\/fcst-samuel\/\"}]}<\/script>\n<!-- \/ Yoast SEO plugin. -->","yoast_head_json":{"title":"Cez prest\u00e1vku si nakreslili sign\u00e1l, ktor\u00fd hne\u010f po nej zahrali - FC Spartak Trnava","robots":{"index":"index","follow":"follow","max-snippet":"max-snippet:-1","max-image-preview":"max-image-preview:large","max-video-preview":"max-video-preview:-1"},"canonical":"https:\/\/fcspartaktrnava.com\/en\/cez-prestavku-si-nakreslili-signal-ktory-hned-po-nej-zahrali\/","twitter_misc":{"Written by":"Samuel \u010eurinsk\u00fd","Estimated reading time":"4 minutes"},"schema":{"@context":"https:\/\/schema.org","@graph":[{"@type":"Article","@id":"https:\/\/fcspartaktrnava.com\/en\/cez-prestavku-si-nakreslili-signal-ktory-hned-po-nej-zahrali\/#article","isPartOf":{"@id":"https:\/\/fcspartaktrnava.com\/en\/cez-prestavku-si-nakreslili-signal-ktory-hned-po-nej-zahrali\/"},"author":{"name":"Samuel \u010eurinsk\u00fd","@id":"https:\/\/fcspartaktrnava.com\/#\/schema\/person\/62c3c2562c3c56e4c0c8c2342c596ac0"},"headline":"Cez prest\u00e1vku si nakreslili sign\u00e1l, ktor\u00fd hne\u010f po nej zahrali","datePublished":"2022-08-21T13:49:00+00:00","dateModified":"2022-08-23T13:58:13+00:00","mainEntityOfPage":{"@id":"https:\/\/fcspartaktrnava.com\/en\/cez-prestavku-si-nakreslili-signal-ktory-hned-po-nej-zahrali\/"},"wordCount":762,"publisher":{"@id":"https:\/\/fcspartaktrnava.com\/#organization"},"image":{"@id":"https:\/\/fcspartaktrnava.com\/en\/cez-prestavku-si-nakreslili-signal-ktory-hned-po-nej-zahrali\/#primaryimage"},"thumbnailUrl":"https:\/\/fcspartaktrnava.com\/wp-content\/uploads\/2022\/08\/Cez-prestavku-si-nakreslili-signal.jpg","articleSection":["Spr\u00e1vy"],"inLanguage":"en-GB"},{"@type":"WebPage","@id":"https:\/\/fcspartaktrnava.com\/en\/cez-prestavku-si-nakreslili-signal-ktory-hned-po-nej-zahrali\/","url":"https:\/\/fcspartaktrnava.com\/en\/cez-prestavku-si-nakreslili-signal-ktory-hned-po-nej-zahrali\/","name":"Cez prest\u00e1vku si nakreslili sign\u00e1l, ktor\u00fd hne\u010f po nej zahrali - FC Spartak Trnava","isPartOf":{"@id":"https:\/\/fcspartaktrnava.com\/#website"},"primaryImageOfPage":{"@id":"https:\/\/fcspartaktrnava.com\/en\/cez-prestavku-si-nakreslili-signal-ktory-hned-po-nej-zahrali\/#primaryimage"},"image":{"@id":"https:\/\/fcspartaktrnava.com\/en\/cez-prestavku-si-nakreslili-signal-ktory-hned-po-nej-zahrali\/#primaryimage"},"thumbnailUrl":"https:\/\/fcspartaktrnava.com\/wp-content\/uploads\/2022\/08\/Cez-prestavku-si-nakreslili-signal.jpg","datePublished":"2022-08-21T13:49:00+00:00","dateModified":"2022-08-23T13:58:13+00:00","breadcrumb":{"@id":"https:\/\/fcspartaktrnava.com\/en\/cez-prestavku-si-nakreslili-signal-ktory-hned-po-nej-zahrali\/#breadcrumb"},"inLanguage":"en-GB","potentialAction":[{"@type":"ReadAction","target":["https:\/\/fcspartaktrnava.com\/en\/cez-prestavku-si-nakreslili-signal-ktory-hned-po-nej-zahrali\/"]}]},{"@type":"ImageObject","inLanguage":"en-GB","@id":"https:\/\/fcspartaktrnava.com\/en\/cez-prestavku-si-nakreslili-signal-ktory-hned-po-nej-zahrali\/#primaryimage","url":"https:\/\/fcspartaktrnava.com\/wp-content\/uploads\/2022\/08\/Cez-prestavku-si-nakreslili-signal.jpg","contentUrl":"https:\/\/fcspartaktrnava.com\/wp-content\/uploads\/2022\/08\/Cez-prestavku-si-nakreslili-signal.jpg","width":1300,"height":555},{"@type":"BreadcrumbList","@id":"https:\/\/fcspartaktrnava.com\/en\/cez-prestavku-si-nakreslili-signal-ktory-hned-po-nej-zahrali\/#breadcrumb","itemListElement":[{"@type":"ListItem","position":1,"name":"Home","item":"https:\/\/fcspartaktrnava.com\/"},{"@type":"ListItem","position":2,"name":"Cez prest\u00e1vku si nakreslili sign\u00e1l, ktor\u00fd hne\u010f po nej zahrali"}]},{"@type":"WebSite","@id":"https:\/\/fcspartaktrnava.com\/#website","url":"https:\/\/fcspartaktrnava.com\/","name":"FC Spartak Trnava","description":"ofici\u00e1lna webstr\u00e1nka futbalov\u00e9ho klubu","publisher":{"@id":"https:\/\/fcspartaktrnava.com\/#organization"},"potentialAction":[{"@type":"SearchAction","target":{"@type":"EntryPoint","urlTemplate":"https:\/\/fcspartaktrnava.com\/?s={search_term_string}"},"query-input":{"@type":"PropertyValueSpecification","valueRequired":true,"valueName":"search_term_string"}}],"inLanguage":"en-GB"},{"@type":"Organization","@id":"https:\/\/fcspartaktrnava.com\/#organization","name":"FC Spartak Trnava","alternateName":"Spartak","url":"https:\/\/fcspartaktrnava.com\/","logo":{"@type":"ImageObject","inLanguage":"en-GB","@id":"https:\/\/fcspartaktrnava.com\/#\/schema\/logo\/image\/","url":"https:\/\/fcspartaktrnava.com\/wp-content\/uploads\/2022\/08\/cropped-site_logo.png","contentUrl":"https:\/\/fcspartaktrnava.com\/wp-content\/uploads\/2022\/08\/cropped-site_logo.png","width":140,"height":140,"caption":"FC Spartak Trnava"},"image":{"@id":"https:\/\/fcspartaktrnava.com\/#\/schema\/logo\/image\/"},"sameAs":["https:\/\/www.facebook.com\/SpartakTrnava","https:\/\/x.com\/SpartakTrnava1","https:\/\/www.instagram.com\/spartak_sk\/"]},{"@type":"Person","@id":"https:\/\/fcspartaktrnava.com\/#\/schema\/person\/62c3c2562c3c56e4c0c8c2342c596ac0","name":"Samuel \u010eurinsk\u00fd","image":{"@type":"ImageObject","inLanguage":"en-GB","@id":"https:\/\/fcspartaktrnava.com\/#\/schema\/person\/image\/","url":"https:\/\/secure.gravatar.com\/avatar\/af2fa02af92418b86ed742470664fe40056833fb68d84becf03f6ab02319257c?s=96&d=mm&r=g","contentUrl":"https:\/\/secure.gravatar.com\/avatar\/af2fa02af92418b86ed742470664fe40056833fb68d84becf03f6ab02319257c?s=96&d=mm&r=g","caption":"Samuel \u010eurinsk\u00fd"},"url":"https:\/\/fcspartaktrnava.com\/en\/author\/fcst-samuel\/"}]}},"_links":{"self":[{"href":"https:\/\/fcspartaktrnava.com\/en\/wp-json\/wp\/v2\/posts\/788","targetHints":{"allow":["GET"]}}],"collection":[{"href":"https:\/\/fcspartaktrnava.com\/en\/wp-json\/wp\/v2\/posts"}],"about":[{"href":"https:\/\/fcspartaktrnava.com\/en\/wp-json\/wp\/v2\/types\/post"}],"author":[{"embeddable":true,"href":"https:\/\/fcspartaktrnava.com\/en\/wp-json\/wp\/v2\/users\/5"}],"replies":[{"embeddable":true,"href":"https:\/\/fcspartaktrnava.com\/en\/wp-json\/wp\/v2\/comments?post=788"}],"version-history":[{"count":0,"href":"https:\/\/fcspartaktrnava.com\/en\/wp-json\/wp\/v2\/posts\/788\/revisions"}],"wp:featuredmedia":[{"embeddable":true,"href":"https:\/\/fcspartaktrnava.com\/en\/wp-json\/wp\/v2\/media\/789"}],"wp:attachment":[{"href":"https:\/\/fcspartaktrnava.com\/en\/wp-json\/wp\/v2\/media?parent=788"}],"wp:term":[{"taxonomy":"category","embeddable":true,"href":"https:\/\/fcspartaktrnava.com\/en\/wp-json\/wp\/v2\/categories?post=788"},{"taxonomy":"post_tag","embeddable":true,"href":"https:\/\/fcspartaktrnava.com\/en\/wp-json\/wp\/v2\/tags?post=788"}],"curies":[{"name":"wp","href":"https:\/\/api.w.org\/{rel}","templated":true}]}}