{"id":7764,"date":"2023-05-21T13:39:34","date_gmt":"2023-05-21T13:39:34","guid":{"rendered":"https:\/\/fcspartaktrnava.com\/?p=7764"},"modified":"2023-05-21T13:39:35","modified_gmt":"2023-05-21T13:39:35","slug":"vaskov-premierovy-rusov-po-roku","status":"publish","type":"post","link":"https:\/\/fcspartaktrnava.com\/en\/vaskov-premierovy-rusov-po-roku\/","title":{"rendered":"Va\u0161kov premi\u00e9rov\u00fd, Rusov po roku"},"content":{"rendered":"<p>V\u010deraj\u0161\u00ed rozl\u00fa\u010dkov\u00fd z\u00e1pas so sez\u00f3nou u\u017e pre t\u00edmy neznamenal \u017eiadny pr\u00ednos v&nbsp;tabu\u013ekovom postaven\u00ed, no v&nbsp;trnavskom drese bol v\u00fdnimo\u010dn\u00fd pre dvoch hr\u00e1\u010dov. Po vy\u0161e roku sa do br\u00e1nky postavil Dobrivoj Rusov a&nbsp;\u00faplne prv\u00fd ligov\u00fd z\u00e1pas si prip\u00edsal mlad\u00fd stop\u00e9r Tom\u00e1\u0161 Juraj Va\u0161ko.<\/p>\n\n\n\n<p><strong><em>\u201eJa som v noci ani nespal, tak som sa te\u0161il na svoj debut, pr\u00e1ve tu v Trnave. Ke\u010f som si d\u00e1val dres a poslali ma rozcvi\u010dova\u0165, tak som mal zimomriavky po celom tele. Bol som nerv\u00f3zny, ale budem na to spom\u00edna\u0165 ako na v\u00ed\u0165azn\u00fd z\u00e1pas a pekn\u00e9 ukon\u010denie sez\u00f3ny s tret\u00edm miestom,\u201c<\/em><\/strong> hovoril po z\u00e1pase s&nbsp;roztrasen\u00fdm hlasom v&nbsp;jednom zo svojich prv\u00fdch rozhovorov 19-ro\u010dn\u00fd stop\u00e9r.<\/p>\n\n\n\n<p>Michal Ga\u0161par\u00edk ho poslal na ihrisko \u0161tvr\u0165hodinu pred koncom, ke\u010f striedal Luk\u00e1\u0161a \u0160tetinu a&nbsp;postavil sa na jeho miesto v&nbsp;strede obrannej form\u00e1cie. <strong><em>\u201eLuk\u00e1\u0161 to ani nevie, on bol m\u00f4j ve\u013ek\u00fd vzor. Sledoval som v Sparte ka\u017ed\u00fd jeden jeho z\u00e1pas, e\u0161te som mu ani nepovedal. To, \u017ee som striedal pr\u00e1ve jeho mi privodilo e\u0161te v\u00e4\u010d\u0161ie nervozitu.\u201c<\/em><\/strong><\/p>\n\n\n\n<p>Va\u0161ko si z\u00e1pas u\u017eil, aj \u010fakova\u010dku po z\u00e1pase. Bola to pre\u0148ho odmena za vydaren\u00fa sez\u00f3nu v&nbsp;trnavskej dev\u00e4tn\u00e1stke a&nbsp;z\u00e1rove\u0148 pr\u00eds\u013eub do bud\u00facnosti, \u017ee by t\u00fdch z\u00e1pasov mohlo by\u0165 aj viac.<strong><em> \u201eBol to m\u00f4j prv\u00fd z\u00e1pas, chcel som sa do toho nejako dosta\u0165, nejak\u00fdm dobr\u00fdm s\u00fabojom. Bol som tam s Addom, nejako som ho dotla\u010dil, myslel som, \u017ee ho zachyt\u00edm, ale \u0161koda toho g\u00f3lu. E\u0161te \u017ee mi vy\u0161la t\u00e1 obrann\u00e1 hlavi\u010dka ku koncu po rohu, tak som mal tak\u00fd dobr\u00fd pocit, \u017ee som nie\u010do spravil pre mu\u017estvo.\u201c<\/em><\/strong><\/p>\n\n\n\n<p>Tridsa\u0165ro\u010dn\u00fd brank\u00e1r Dobrivoj Rusov za\u017eil svoj debut u\u017e poriadne d\u00e1vno, no ten v\u010deraj\u0161\u00ed z\u00e1pas mal aj pre neho zvl\u00e1\u0161tnu pr\u00edchu\u0165. Na ligov\u00fd z\u00e1pas sa postavil po viac ako 13 mesiacoch.<\/p>\n\n\n\n<p><strong><em>\u201eVe\u013emi som sa te\u0161il na ten z\u00e1pas. Bolo vidno, \u017ee je rozhodnut\u00e9 a&nbsp;z\u00e1pas bol otvoren\u00fd. Mysl\u00edm, \u017ee to bol dobr\u00fd v\u00fdsledok. Lep\u0161ie ako by to malo skon\u010di\u0165 0:0. Dostal som dva g\u00f3ly, \u010do som pr\u00edli\u0161 nechcel, ale z\u00e1pas sa musel fan\u00fa\u0161ikom p\u00e1\u010di\u0165,\u201c<\/em><\/strong> hovoril po stretnut\u00ed a&nbsp;kr\u00e1tko sa pristavil aj pri svojom v\u00fdkone.<strong><em> \u201eBoli tam tak\u00e9 mal\u00e9 chybi\u010dky. Tr\u00e9ner Kamesch mi hovoril, \u017ee si m\u00e1m urobi\u0165 tak\u00fd z\u00e1pas, v&nbsp;ktorom si na seba nebudem bra\u0165 ve\u013ea a&nbsp;aby som nevym\u00fd\u0161\u013eal nejak\u00e9 veci. Je ve\u013emi n\u00e1ro\u010dn\u00e9 sa na tak\u00fdto z\u00e1pas pripravi\u0165. Ver\u00edm, \u017ee postupne to bude od z\u00e1pasu k z\u00e1pasu lep\u0161ie. P\u00f4jdem sa e\u0161te rozchyta\u0165 do Mal\u017een\u00edc.\u201c<\/em><\/strong><\/p>\n\n\n\n<p>Cel\u00fd rozhovor s\u00a0Dobrivojom Rusovom si m\u00f4\u017eete pozrie\u0165 na klubovom youtube kan\u00e1li:<\/p>\n\n\n\n<figure class=\"wp-block-embed is-type-video is-provider-youtube wp-block-embed-youtube wp-embed-aspect-16-9 wp-has-aspect-ratio\"><div class=\"wp-block-embed__wrapper\">\n<iframe loading=\"lazy\" title=\"Dobrivoj Rusov po z\u00e1pase so \u017dilinou\" width=\"500\" height=\"281\" src=\"https:\/\/www.youtube.com\/embed\/fYlnZnjx1Fk?feature=oembed\" frameborder=\"0\" allow=\"accelerometer; autoplay; clipboard-write; encrypted-media; gyroscope; picture-in-picture; web-share\" referrerpolicy=\"strict-origin-when-cross-origin\" allowfullscreen><\/iframe>\n<\/div><\/figure>","protected":false},"excerpt":{"rendered":"<p>V\u010deraj\u0161\u00ed rozl\u00fa\u010dkov\u00fd z\u00e1pas so sez\u00f3nou u\u017e pre t\u00edmy&#8230;<\/p>","protected":false},"author":2,"featured_media":7752,"comment_status":"closed","ping_status":"closed","sticky":false,"template":"","format":"standard","meta":{"footnotes":""},"categories":[12],"tags":[],"class_list":["post-7764","post","type-post","status-publish","format-standard","has-post-thumbnail","hentry","category-spravy","post-number-1"],"yoast_head":"<!-- This site is optimized with the Yoast SEO plugin v27.1.1 - https:\/\/yoast.com\/product\/yoast-seo-wordpress\/ -->\n<title>Va\u0161kov premi\u00e9rov\u00fd, Rusov po roku - FC Spartak Trnava<\/title>\n<meta name=\"robots\" content=\"index, follow, max-snippet:-1, max-image-preview:large, max-video-preview:-1\" \/>\n<link rel=\"canonical\" href=\"https:\/\/fcspartaktrnava.com\/en\/vaskov-premierovy-rusov-po-roku\/\" \/>\n<meta name=\"twitter:label1\" content=\"Written by\" \/>\n\t<meta name=\"twitter:data1\" content=\"spartak\" \/>\n\t<meta name=\"twitter:label2\" content=\"Estimated reading time\" \/>\n\t<meta name=\"twitter:data2\" content=\"3 minutes\" \/>\n<script type=\"application\/ld+json\" class=\"yoast-schema-graph\">{\"@context\":\"https:\/\/schema.org\",\"@graph\":[{\"@type\":\"Article\",\"@id\":\"https:\/\/fcspartaktrnava.com\/vaskov-premierovy-rusov-po-roku\/#article\",\"isPartOf\":{\"@id\":\"https:\/\/fcspartaktrnava.com\/vaskov-premierovy-rusov-po-roku\/\"},\"author\":{\"name\":\"spartak\",\"@id\":\"https:\/\/fcspartaktrnava.com\/#\/schema\/person\/24bc5b254af14f71d7d8af178790aa75\"},\"headline\":\"Va\u0161kov premi\u00e9rov\u00fd, Rusov po roku\",\"datePublished\":\"2023-05-21T13:39:34+00:00\",\"dateModified\":\"2023-05-21T13:39:35+00:00\",\"mainEntityOfPage\":{\"@id\":\"https:\/\/fcspartaktrnava.com\/vaskov-premierovy-rusov-po-roku\/\"},\"wordCount\":551,\"publisher\":{\"@id\":\"https:\/\/fcspartaktrnava.com\/#organization\"},\"image\":{\"@id\":\"https:\/\/fcspartaktrnava.com\/vaskov-premierovy-rusov-po-roku\/#primaryimage\"},\"thumbnailUrl\":\"https:\/\/fcspartaktrnava.com\/wp-content\/uploads\/2023\/05\/DSC_6958.jpg\",\"articleSection\":[\"Spr\u00e1vy\"],\"inLanguage\":\"en-GB\"},{\"@type\":\"WebPage\",\"@id\":\"https:\/\/fcspartaktrnava.com\/vaskov-premierovy-rusov-po-roku\/\",\"url\":\"https:\/\/fcspartaktrnava.com\/vaskov-premierovy-rusov-po-roku\/\",\"name\":\"Va\u0161kov premi\u00e9rov\u00fd, Rusov po roku - FC Spartak Trnava\",\"isPartOf\":{\"@id\":\"https:\/\/fcspartaktrnava.com\/#website\"},\"primaryImageOfPage\":{\"@id\":\"https:\/\/fcspartaktrnava.com\/vaskov-premierovy-rusov-po-roku\/#primaryimage\"},\"image\":{\"@id\":\"https:\/\/fcspartaktrnava.com\/vaskov-premierovy-rusov-po-roku\/#primaryimage\"},\"thumbnailUrl\":\"https:\/\/fcspartaktrnava.com\/wp-content\/uploads\/2023\/05\/DSC_6958.jpg\",\"datePublished\":\"2023-05-21T13:39:34+00:00\",\"dateModified\":\"2023-05-21T13:39:35+00:00\",\"breadcrumb\":{\"@id\":\"https:\/\/fcspartaktrnava.com\/vaskov-premierovy-rusov-po-roku\/#breadcrumb\"},\"inLanguage\":\"en-GB\",\"potentialAction\":[{\"@type\":\"ReadAction\",\"target\":[\"https:\/\/fcspartaktrnava.com\/vaskov-premierovy-rusov-po-roku\/\"]}]},{\"@type\":\"ImageObject\",\"inLanguage\":\"en-GB\",\"@id\":\"https:\/\/fcspartaktrnava.com\/vaskov-premierovy-rusov-po-roku\/#primaryimage\",\"url\":\"https:\/\/fcspartaktrnava.com\/wp-content\/uploads\/2023\/05\/DSC_6958.jpg\",\"contentUrl\":\"https:\/\/fcspartaktrnava.com\/wp-content\/uploads\/2023\/05\/DSC_6958.jpg\",\"width\":1500,\"height\":1000},{\"@type\":\"BreadcrumbList\",\"@id\":\"https:\/\/fcspartaktrnava.com\/vaskov-premierovy-rusov-po-roku\/#breadcrumb\",\"itemListElement\":[{\"@type\":\"ListItem\",\"position\":1,\"name\":\"Home\",\"item\":\"https:\/\/fcspartaktrnava.com\/\"},{\"@type\":\"ListItem\",\"position\":2,\"name\":\"Va\u0161kov premi\u00e9rov\u00fd, Rusov po roku\"}]},{\"@type\":\"WebSite\",\"@id\":\"https:\/\/fcspartaktrnava.com\/#website\",\"url\":\"https:\/\/fcspartaktrnava.com\/\",\"name\":\"FC Spartak Trnava\",\"description\":\"ofici\u00e1lna webstr\u00e1nka futbalov\u00e9ho klubu\",\"publisher\":{\"@id\":\"https:\/\/fcspartaktrnava.com\/#organization\"},\"potentialAction\":[{\"@type\":\"SearchAction\",\"target\":{\"@type\":\"EntryPoint\",\"urlTemplate\":\"https:\/\/fcspartaktrnava.com\/?s={search_term_string}\"},\"query-input\":{\"@type\":\"PropertyValueSpecification\",\"valueRequired\":true,\"valueName\":\"search_term_string\"}}],\"inLanguage\":\"en-GB\"},{\"@type\":\"Organization\",\"@id\":\"https:\/\/fcspartaktrnava.com\/#organization\",\"name\":\"FC Spartak Trnava\",\"alternateName\":\"Spartak\",\"url\":\"https:\/\/fcspartaktrnava.com\/\",\"logo\":{\"@type\":\"ImageObject\",\"inLanguage\":\"en-GB\",\"@id\":\"https:\/\/fcspartaktrnava.com\/#\/schema\/logo\/image\/\",\"url\":\"https:\/\/fcspartaktrnava.com\/wp-content\/uploads\/2022\/08\/cropped-site_logo.png\",\"contentUrl\":\"https:\/\/fcspartaktrnava.com\/wp-content\/uploads\/2022\/08\/cropped-site_logo.png\",\"width\":140,\"height\":140,\"caption\":\"FC Spartak Trnava\"},\"image\":{\"@id\":\"https:\/\/fcspartaktrnava.com\/#\/schema\/logo\/image\/\"},\"sameAs\":[\"https:\/\/www.facebook.com\/SpartakTrnava\",\"https:\/\/x.com\/SpartakTrnava1\",\"https:\/\/www.instagram.com\/spartak_sk\/\"]},{\"@type\":\"Person\",\"@id\":\"https:\/\/fcspartaktrnava.com\/#\/schema\/person\/24bc5b254af14f71d7d8af178790aa75\",\"name\":\"spartak\",\"image\":{\"@type\":\"ImageObject\",\"inLanguage\":\"en-GB\",\"@id\":\"https:\/\/fcspartaktrnava.com\/#\/schema\/person\/image\/\",\"url\":\"https:\/\/secure.gravatar.com\/avatar\/f8ff8584f3fcf3909a11a6da9019f37749183b4015bca14e64556c52614cdc7f?s=96&d=mm&r=g\",\"contentUrl\":\"https:\/\/secure.gravatar.com\/avatar\/f8ff8584f3fcf3909a11a6da9019f37749183b4015bca14e64556c52614cdc7f?s=96&d=mm&r=g\",\"caption\":\"spartak\"},\"url\":\"https:\/\/fcspartaktrnava.com\/en\/author\/spartak\/\"}]}<\/script>\n<!-- \/ Yoast SEO plugin. -->","yoast_head_json":{"title":"Va\u0161kov premi\u00e9rov\u00fd, Rusov po roku - FC Spartak Trnava","robots":{"index":"index","follow":"follow","max-snippet":"max-snippet:-1","max-image-preview":"max-image-preview:large","max-video-preview":"max-video-preview:-1"},"canonical":"https:\/\/fcspartaktrnava.com\/en\/vaskov-premierovy-rusov-po-roku\/","twitter_misc":{"Written by":"spartak","Estimated reading time":"3 minutes"},"schema":{"@context":"https:\/\/schema.org","@graph":[{"@type":"Article","@id":"https:\/\/fcspartaktrnava.com\/vaskov-premierovy-rusov-po-roku\/#article","isPartOf":{"@id":"https:\/\/fcspartaktrnava.com\/vaskov-premierovy-rusov-po-roku\/"},"author":{"name":"spartak","@id":"https:\/\/fcspartaktrnava.com\/#\/schema\/person\/24bc5b254af14f71d7d8af178790aa75"},"headline":"Va\u0161kov premi\u00e9rov\u00fd, Rusov po roku","datePublished":"2023-05-21T13:39:34+00:00","dateModified":"2023-05-21T13:39:35+00:00","mainEntityOfPage":{"@id":"https:\/\/fcspartaktrnava.com\/vaskov-premierovy-rusov-po-roku\/"},"wordCount":551,"publisher":{"@id":"https:\/\/fcspartaktrnava.com\/#organization"},"image":{"@id":"https:\/\/fcspartaktrnava.com\/vaskov-premierovy-rusov-po-roku\/#primaryimage"},"thumbnailUrl":"https:\/\/fcspartaktrnava.com\/wp-content\/uploads\/2023\/05\/DSC_6958.jpg","articleSection":["Spr\u00e1vy"],"inLanguage":"en-GB"},{"@type":"WebPage","@id":"https:\/\/fcspartaktrnava.com\/vaskov-premierovy-rusov-po-roku\/","url":"https:\/\/fcspartaktrnava.com\/vaskov-premierovy-rusov-po-roku\/","name":"Va\u0161kov premi\u00e9rov\u00fd, Rusov po roku - FC Spartak Trnava","isPartOf":{"@id":"https:\/\/fcspartaktrnava.com\/#website"},"primaryImageOfPage":{"@id":"https:\/\/fcspartaktrnava.com\/vaskov-premierovy-rusov-po-roku\/#primaryimage"},"image":{"@id":"https:\/\/fcspartaktrnava.com\/vaskov-premierovy-rusov-po-roku\/#primaryimage"},"thumbnailUrl":"https:\/\/fcspartaktrnava.com\/wp-content\/uploads\/2023\/05\/DSC_6958.jpg","datePublished":"2023-05-21T13:39:34+00:00","dateModified":"2023-05-21T13:39:35+00:00","breadcrumb":{"@id":"https:\/\/fcspartaktrnava.com\/vaskov-premierovy-rusov-po-roku\/#breadcrumb"},"inLanguage":"en-GB","potentialAction":[{"@type":"ReadAction","target":["https:\/\/fcspartaktrnava.com\/vaskov-premierovy-rusov-po-roku\/"]}]},{"@type":"ImageObject","inLanguage":"en-GB","@id":"https:\/\/fcspartaktrnava.com\/vaskov-premierovy-rusov-po-roku\/#primaryimage","url":"https:\/\/fcspartaktrnava.com\/wp-content\/uploads\/2023\/05\/DSC_6958.jpg","contentUrl":"https:\/\/fcspartaktrnava.com\/wp-content\/uploads\/2023\/05\/DSC_6958.jpg","width":1500,"height":1000},{"@type":"BreadcrumbList","@id":"https:\/\/fcspartaktrnava.com\/vaskov-premierovy-rusov-po-roku\/#breadcrumb","itemListElement":[{"@type":"ListItem","position":1,"name":"Home","item":"https:\/\/fcspartaktrnava.com\/"},{"@type":"ListItem","position":2,"name":"Va\u0161kov premi\u00e9rov\u00fd, Rusov po roku"}]},{"@type":"WebSite","@id":"https:\/\/fcspartaktrnava.com\/#website","url":"https:\/\/fcspartaktrnava.com\/","name":"FC Spartak Trnava","description":"ofici\u00e1lna webstr\u00e1nka futbalov\u00e9ho klubu","publisher":{"@id":"https:\/\/fcspartaktrnava.com\/#organization"},"potentialAction":[{"@type":"SearchAction","target":{"@type":"EntryPoint","urlTemplate":"https:\/\/fcspartaktrnava.com\/?s={search_term_string}"},"query-input":{"@type":"PropertyValueSpecification","valueRequired":true,"valueName":"search_term_string"}}],"inLanguage":"en-GB"},{"@type":"Organization","@id":"https:\/\/fcspartaktrnava.com\/#organization","name":"FC Spartak Trnava","alternateName":"Spartak","url":"https:\/\/fcspartaktrnava.com\/","logo":{"@type":"ImageObject","inLanguage":"en-GB","@id":"https:\/\/fcspartaktrnava.com\/#\/schema\/logo\/image\/","url":"https:\/\/fcspartaktrnava.com\/wp-content\/uploads\/2022\/08\/cropped-site_logo.png","contentUrl":"https:\/\/fcspartaktrnava.com\/wp-content\/uploads\/2022\/08\/cropped-site_logo.png","width":140,"height":140,"caption":"FC Spartak Trnava"},"image":{"@id":"https:\/\/fcspartaktrnava.com\/#\/schema\/logo\/image\/"},"sameAs":["https:\/\/www.facebook.com\/SpartakTrnava","https:\/\/x.com\/SpartakTrnava1","https:\/\/www.instagram.com\/spartak_sk\/"]},{"@type":"Person","@id":"https:\/\/fcspartaktrnava.com\/#\/schema\/person\/24bc5b254af14f71d7d8af178790aa75","name":"spartak","image":{"@type":"ImageObject","inLanguage":"en-GB","@id":"https:\/\/fcspartaktrnava.com\/#\/schema\/person\/image\/","url":"https:\/\/secure.gravatar.com\/avatar\/f8ff8584f3fcf3909a11a6da9019f37749183b4015bca14e64556c52614cdc7f?s=96&d=mm&r=g","contentUrl":"https:\/\/secure.gravatar.com\/avatar\/f8ff8584f3fcf3909a11a6da9019f37749183b4015bca14e64556c52614cdc7f?s=96&d=mm&r=g","caption":"spartak"},"url":"https:\/\/fcspartaktrnava.com\/en\/author\/spartak\/"}]}},"_links":{"self":[{"href":"https:\/\/fcspartaktrnava.com\/en\/wp-json\/wp\/v2\/posts\/7764","targetHints":{"allow":["GET"]}}],"collection":[{"href":"https:\/\/fcspartaktrnava.com\/en\/wp-json\/wp\/v2\/posts"}],"about":[{"href":"https:\/\/fcspartaktrnava.com\/en\/wp-json\/wp\/v2\/types\/post"}],"author":[{"embeddable":true,"href":"https:\/\/fcspartaktrnava.com\/en\/wp-json\/wp\/v2\/users\/2"}],"replies":[{"embeddable":true,"href":"https:\/\/fcspartaktrnava.com\/en\/wp-json\/wp\/v2\/comments?post=7764"}],"version-history":[{"count":0,"href":"https:\/\/fcspartaktrnava.com\/en\/wp-json\/wp\/v2\/posts\/7764\/revisions"}],"wp:featuredmedia":[{"embeddable":true,"href":"https:\/\/fcspartaktrnava.com\/en\/wp-json\/wp\/v2\/media\/7752"}],"wp:attachment":[{"href":"https:\/\/fcspartaktrnava.com\/en\/wp-json\/wp\/v2\/media?parent=7764"}],"wp:term":[{"taxonomy":"category","embeddable":true,"href":"https:\/\/fcspartaktrnava.com\/en\/wp-json\/wp\/v2\/categories?post=7764"},{"taxonomy":"post_tag","embeddable":true,"href":"https:\/\/fcspartaktrnava.com\/en\/wp-json\/wp\/v2\/tags?post=7764"}],"curies":[{"name":"wp","href":"https:\/\/api.w.org\/{rel}","templated":true}]}}