{"id":7614,"date":"2023-05-16T10:02:51","date_gmt":"2023-05-16T10:02:51","guid":{"rendered":"https:\/\/fcspartaktrnava.com\/?p=7614"},"modified":"2023-05-16T10:02:52","modified_gmt":"2023-05-16T10:02:52","slug":"kosa-si-praje-s-reprezentaciou-postup","status":"publish","type":"post","link":"https:\/\/fcspartaktrnava.com\/en\/kosa-si-praje-s-reprezentaciou-postup\/","title":{"rendered":"K\u00f3\u0161a si praje s\u00a0reprezent\u00e1ciou postup"},"content":{"rendered":"<p>Na posledn\u00fd ligov\u00fd z\u00e1pas so \u017dilinou nebud\u00fa tr\u00e9nerovi Ga\u0161par\u00edkovi k&nbsp;dispoz\u00edcii dvaja mlad\u00ed stop\u00e9ri \u2013 Sebastian K\u00f3\u0161a a&nbsp;Marek Ujlaky. Obaja sa prebojovali do z\u00e1vere\u010dnej nomin\u00e1cie Alberta Rusn\u00e1ka na svetov\u00fd \u0161ampion\u00e1t do 20 rokov, ktor\u00e9 sa uskuto\u010dnia v&nbsp;Argent\u00edne. K\u00fdm Ujlaky bol po chorobe a&nbsp;tr\u00e9ner ho proti \u017diline po\u0161etril, K\u00f3\u0161a odohral cel\u00fd z\u00e1pas.<\/p>\n\n\n\n<p><strong><em>\u201eJe to pr\u00edjemn\u00e1 vec,&nbsp;nie je \u010das na \u00fanavu a&nbsp;som r\u00e1d, \u017ee m\u00f4\u017eem reprezentova\u0165 na\u0161u krajinu,\u201c<\/em><\/strong> povedal po z\u00e1pase 19-ro\u010dn\u00fd stop\u00e9r, ktor\u00fd v&nbsp;tejto sez\u00f3ne odohral 27 ligov\u00fdch z\u00e1pasov, 7 v&nbsp;Slovnaft Cupe a&nbsp;2 v&nbsp;Konferen\u010dnej lige. Dal v&nbsp;nich 3 g\u00f3ly, \u010do nie je na obrancu zl\u00e1 vizitka.<\/p>\n\n\n\n<p>Po\u010das prv\u00e9ho m\u00e1jov\u00e9ho d\u0148a obh\u00e1jil v\u00ed\u0165azstvo v\u00a0Slovenskom poh\u00e1ri a\u00a0sez\u00f3nu si m\u00f4\u017ee pred\u013a\u017ei\u0165 t\u00fdm najlep\u0161\u00edm sp\u00f4sobom. <strong><em>\u201eTie em\u00f3cie ani nem\u00f4\u017eu by\u0165 lep\u0161ie. V\u00ed\u0165azstvo v\u00a0poh\u00e1ri, cez v\u00edkend sme potvrdili tretie miesto v\u00a0tabu\u013eke a\u00a0teraz majstrovstv\u00e1 sveta. Ver\u00edm, \u017ee sa n\u00e1m podar\u00ed prep\u00edsa\u0165 hist\u00f3riu a\u00a0podar\u00ed sa n\u00e1m vybojova\u0165 \u00faspech.\u201c<\/em><\/strong><\/p>\n\n\n\n<figure class=\"wp-block-gallery has-nested-images columns-default is-cropped wp-block-gallery-1 is-layout-flex wp-block-gallery-is-layout-flex\">\n<figure class=\"wp-block-image size-large\"><img loading=\"lazy\" decoding=\"async\" width=\"1024\" height=\"683\" data-id=\"7502\" src=\"https:\/\/fcspartaktrnava.com\/wp-content\/uploads\/2023\/05\/DSC_4397-1024x683.jpg\" alt=\"\" class=\"wp-image-7502\" srcset=\"https:\/\/fcspartaktrnava.com\/wp-content\/uploads\/2023\/05\/DSC_4397-1024x683.jpg 1024w, https:\/\/fcspartaktrnava.com\/wp-content\/uploads\/2023\/05\/DSC_4397-300x200.jpg 300w, https:\/\/fcspartaktrnava.com\/wp-content\/uploads\/2023\/05\/DSC_4397-768x512.jpg 768w, https:\/\/fcspartaktrnava.com\/wp-content\/uploads\/2023\/05\/DSC_4397-18x12.jpg 18w, https:\/\/fcspartaktrnava.com\/wp-content\/uploads\/2023\/05\/DSC_4397.jpg 1500w\" sizes=\"auto, (max-width: 1024px) 100vw, 1024px\" \/><\/figure>\n\n\n\n<figure class=\"wp-block-image size-large\"><img loading=\"lazy\" decoding=\"async\" width=\"1024\" height=\"682\" data-id=\"7398\" src=\"https:\/\/fcspartaktrnava.com\/wp-content\/uploads\/2023\/05\/DSC_3340-1024x682.jpg\" alt=\"\" class=\"wp-image-7398\" srcset=\"https:\/\/fcspartaktrnava.com\/wp-content\/uploads\/2023\/05\/DSC_3340-1024x682.jpg 1024w, https:\/\/fcspartaktrnava.com\/wp-content\/uploads\/2023\/05\/DSC_3340-300x200.jpg 300w, https:\/\/fcspartaktrnava.com\/wp-content\/uploads\/2023\/05\/DSC_3340-768x512.jpg 768w, https:\/\/fcspartaktrnava.com\/wp-content\/uploads\/2023\/05\/DSC_3340-18x12.jpg 18w, https:\/\/fcspartaktrnava.com\/wp-content\/uploads\/2023\/05\/DSC_3340.jpg 1520w\" sizes=\"auto, (max-width: 1024px) 100vw, 1024px\" \/><\/figure>\n<\/figure>\n\n\n\n<p>Obaja Trnav\u010dania vytvorili siln\u00fa stop\u00e9rsku dvojicu u\u017e na vla\u0148aj\u0161om \u0161ampion\u00e1te do 19 rokov, ktor\u00fd sa konal na Slovensku a&nbsp;na\u0161i hrali z\u00e1pasy v&nbsp;Trnave. Rozhoduj\u00faci z\u00e1pas o&nbsp;5. miesto, ktor\u00e9 znamenalo miestenku na MS do 20 rokov odohral K\u00f3\u0161a s&nbsp;kapit\u00e1nskou p\u00e1skou a&nbsp;aj teraz od neho bud\u00fa tr\u00e9neri o\u010dak\u00e1va\u0165, \u017ee bude jedn\u00fdm z&nbsp;l\u00eddrov<strong><em>. \u201eSom s&nbsp;t\u00fdm stoto\u017enen\u00fd, tr\u00e9neri mi to pr\u00edzvukuj\u00fa a&nbsp;budem robi\u0165 v\u0161etko, \u010do m\u00f4\u017eem pre m\u00f4j t\u00edm a&nbsp;d\u00fafam, \u017ee budem pr\u00ednosom.\u201c<\/em><\/strong><\/p>\n\n\n\n<p>\u0160ampion\u00e1t sa za\u010d\u00edna 20. m\u00e1ja a\u00a0Slov\u00e1ci bud\u00fa ma\u0165 v\u00a0skupine USA, Ekv\u00e1dor a\u00a0Fid\u017ei. Zo \u0161iestich skup\u00edn post\u00fapia dvaja najlep\u0161\u00ed, plus \u0161tyri najlep\u0161ie t\u00edmy umiestnen\u00e9 na 3. mieste tabu\u013eky. Na postup bude potrebn\u00e9 vyhra\u0165 aspo\u0148 jeden z\u00e1pas, pr\u00edpadn\u00e9 \u0161tyri body by zna\u010dili takmer istotu postupu do vyra\u010fovacej f\u00e1ze, po ktorej v\u0161etci hr\u00e1\u010di t\u00fa\u017eia. <strong><em>\u201ePapierovo sme mohli dosta\u0165 slab\u0161\u00edch, aj silnej\u0161\u00edch. Je to v\u00a0na\u0161ich ruk\u00e1ch, a\u00a0ke\u010f sa dobre priprav\u00edme, tak je to hrate\u013en\u00e9. Ideme s\u00a0jednozna\u010dn\u00fdm nastaven\u00edm, \u017ee chceme post\u00fapi\u0165 zo skupiny a\u00a0ni\u010d in\u00e9 pre n\u00e1s neexistuje. Nech\u00e1me na ihrisku v\u0161etko. Budujeme to okolo partie a\u00a0bolo to vidno aj na majstrovstv\u00e1ch Eur\u00f3py, kde sme sa nezlomili, aj ke\u010f n\u00e1m nevy\u0161li tie prv\u00e9 dva z\u00e1pasy. Tam sa uk\u00e1zala sila kvalita kolekt\u00edvu.\u201c<\/em><\/strong><\/p>\n\n\n\n<figure class=\"wp-block-embed is-type-video is-provider-youtube wp-block-embed-youtube wp-embed-aspect-16-9 wp-has-aspect-ratio\"><div class=\"wp-block-embed__wrapper\">\n<iframe loading=\"lazy\" title=\"Sebasti\u00e1n K\u00f3\u0161a po z\u00e1pase s Podbrezovou\" width=\"500\" height=\"281\" src=\"https:\/\/www.youtube.com\/embed\/2cedsQ_k5zU?feature=oembed\" frameborder=\"0\" allow=\"accelerometer; autoplay; clipboard-write; encrypted-media; gyroscope; picture-in-picture; web-share\" referrerpolicy=\"strict-origin-when-cross-origin\" allowfullscreen><\/iframe>\n<\/div><\/figure>\n\n\n\n<p>Spartakovci pred\u010dasne splnili svoje ciele, ktor\u00fdmi bola obhajoba 3. prie\u010dky v&nbsp;tabu\u013eke a&nbsp;z\u00e1rove\u0148 aj triumf v&nbsp;Slovnaft Cupe. Preto sa Michal Ga\u0161par\u00edk m\u00f4\u017ee zaob\u00eds\u0165 aj bez jedn\u00e9ho z&nbsp;najvy\u0165a\u017eenej\u0161\u00edch hr\u00e1\u010dov zo svojho k\u00e1dra<strong><em>. \u201eJa by som mu \u017eelal, aby sa tam predal. Zasl\u00fa\u017ei si to, lebo u\u017e dlho hr\u00e1 v&nbsp;na\u0161ej lige a&nbsp;v&nbsp;je v&nbsp;takom veku, kedy by sa mohol aj spe\u0148a\u017ei\u0165 a&nbsp;profitoval by z&nbsp;toho aj klub. Ver\u00edm, \u017ee tam bude l\u00edder, \u017ee odohr\u00e1 dobr\u00fd turnaj a&nbsp;\u017ee mu to pom\u00f4\u017ee posun\u00fa\u0165 sa v&nbsp;kari\u00e9re.\u201c<\/em><\/strong><\/p>\n\n\n\n<p><strong>Program Slovenska na MS:<\/strong><\/p>\n\n\n\n<p>20. 5. o&nbsp;23:00: Slovensko \u2013 Fid\u017ei<\/p>\n\n\n\n<p>23. 5. o&nbsp;23:00: Slovensko \u2013 Ekv\u00e1dor<\/p>\n\n\n\n<p>26. 5. o&nbsp;20:00: Slovensko &#8211; USA<\/p>","protected":false},"excerpt":{"rendered":"<p>Na posledn\u00fd ligov\u00fd z\u00e1pas so \u017dilinou nebud\u00fa tr\u00e9nerovi&#8230;<\/p>","protected":false},"author":2,"featured_media":7543,"comment_status":"closed","ping_status":"closed","sticky":false,"template":"","format":"standard","meta":{"footnotes":""},"categories":[41],"tags":[],"class_list":["post-7614","post","type-post","status-publish","format-standard","has-post-thumbnail","hentry","category-intervju","post-number-1"],"yoast_head":"<!-- This site is optimized with the Yoast SEO plugin v27.1.1 - https:\/\/yoast.com\/product\/yoast-seo-wordpress\/ -->\n<title>K\u00f3\u0161a si praje s\u00a0reprezent\u00e1ciou postup - FC Spartak Trnava<\/title>\n<meta name=\"robots\" content=\"index, follow, max-snippet:-1, max-image-preview:large, max-video-preview:-1\" \/>\n<link rel=\"canonical\" href=\"https:\/\/fcspartaktrnava.com\/en\/kosa-si-praje-s-reprezentaciou-postup\/\" \/>\n<meta name=\"twitter:label1\" content=\"Written by\" \/>\n\t<meta name=\"twitter:data1\" content=\"spartak\" \/>\n\t<meta name=\"twitter:label2\" content=\"Estimated reading time\" \/>\n\t<meta name=\"twitter:data2\" content=\"3 minutes\" \/>\n<script type=\"application\/ld+json\" class=\"yoast-schema-graph\">{\"@context\":\"https:\/\/schema.org\",\"@graph\":[{\"@type\":\"Article\",\"@id\":\"https:\/\/fcspartaktrnava.com\/kosa-si-praje-s-reprezentaciou-postup\/#article\",\"isPartOf\":{\"@id\":\"https:\/\/fcspartaktrnava.com\/kosa-si-praje-s-reprezentaciou-postup\/\"},\"author\":{\"name\":\"spartak\",\"@id\":\"https:\/\/fcspartaktrnava.com\/#\/schema\/person\/24bc5b254af14f71d7d8af178790aa75\"},\"headline\":\"K\u00f3\u0161a si praje s\u00a0reprezent\u00e1ciou postup\",\"datePublished\":\"2023-05-16T10:02:51+00:00\",\"dateModified\":\"2023-05-16T10:02:52+00:00\",\"mainEntityOfPage\":{\"@id\":\"https:\/\/fcspartaktrnava.com\/kosa-si-praje-s-reprezentaciou-postup\/\"},\"wordCount\":649,\"publisher\":{\"@id\":\"https:\/\/fcspartaktrnava.com\/#organization\"},\"image\":{\"@id\":\"https:\/\/fcspartaktrnava.com\/kosa-si-praje-s-reprezentaciou-postup\/#primaryimage\"},\"thumbnailUrl\":\"https:\/\/fcspartaktrnava.com\/wp-content\/uploads\/2023\/05\/DSC_5320.jpg\",\"articleSection\":[\"Rozhovory\"],\"inLanguage\":\"en-GB\"},{\"@type\":\"WebPage\",\"@id\":\"https:\/\/fcspartaktrnava.com\/kosa-si-praje-s-reprezentaciou-postup\/\",\"url\":\"https:\/\/fcspartaktrnava.com\/kosa-si-praje-s-reprezentaciou-postup\/\",\"name\":\"K\u00f3\u0161a si praje s\u00a0reprezent\u00e1ciou postup - FC Spartak Trnava\",\"isPartOf\":{\"@id\":\"https:\/\/fcspartaktrnava.com\/#website\"},\"primaryImageOfPage\":{\"@id\":\"https:\/\/fcspartaktrnava.com\/kosa-si-praje-s-reprezentaciou-postup\/#primaryimage\"},\"image\":{\"@id\":\"https:\/\/fcspartaktrnava.com\/kosa-si-praje-s-reprezentaciou-postup\/#primaryimage\"},\"thumbnailUrl\":\"https:\/\/fcspartaktrnava.com\/wp-content\/uploads\/2023\/05\/DSC_5320.jpg\",\"datePublished\":\"2023-05-16T10:02:51+00:00\",\"dateModified\":\"2023-05-16T10:02:52+00:00\",\"breadcrumb\":{\"@id\":\"https:\/\/fcspartaktrnava.com\/kosa-si-praje-s-reprezentaciou-postup\/#breadcrumb\"},\"inLanguage\":\"en-GB\",\"potentialAction\":[{\"@type\":\"ReadAction\",\"target\":[\"https:\/\/fcspartaktrnava.com\/kosa-si-praje-s-reprezentaciou-postup\/\"]}]},{\"@type\":\"ImageObject\",\"inLanguage\":\"en-GB\",\"@id\":\"https:\/\/fcspartaktrnava.com\/kosa-si-praje-s-reprezentaciou-postup\/#primaryimage\",\"url\":\"https:\/\/fcspartaktrnava.com\/wp-content\/uploads\/2023\/05\/DSC_5320.jpg\",\"contentUrl\":\"https:\/\/fcspartaktrnava.com\/wp-content\/uploads\/2023\/05\/DSC_5320.jpg\",\"width\":1520,\"height\":1013},{\"@type\":\"BreadcrumbList\",\"@id\":\"https:\/\/fcspartaktrnava.com\/kosa-si-praje-s-reprezentaciou-postup\/#breadcrumb\",\"itemListElement\":[{\"@type\":\"ListItem\",\"position\":1,\"name\":\"Home\",\"item\":\"https:\/\/fcspartaktrnava.com\/\"},{\"@type\":\"ListItem\",\"position\":2,\"name\":\"K\u00f3\u0161a si praje s\u00a0reprezent\u00e1ciou postup\"}]},{\"@type\":\"WebSite\",\"@id\":\"https:\/\/fcspartaktrnava.com\/#website\",\"url\":\"https:\/\/fcspartaktrnava.com\/\",\"name\":\"FC Spartak Trnava\",\"description\":\"ofici\u00e1lna webstr\u00e1nka futbalov\u00e9ho klubu\",\"publisher\":{\"@id\":\"https:\/\/fcspartaktrnava.com\/#organization\"},\"potentialAction\":[{\"@type\":\"SearchAction\",\"target\":{\"@type\":\"EntryPoint\",\"urlTemplate\":\"https:\/\/fcspartaktrnava.com\/?s={search_term_string}\"},\"query-input\":{\"@type\":\"PropertyValueSpecification\",\"valueRequired\":true,\"valueName\":\"search_term_string\"}}],\"inLanguage\":\"en-GB\"},{\"@type\":\"Organization\",\"@id\":\"https:\/\/fcspartaktrnava.com\/#organization\",\"name\":\"FC Spartak Trnava\",\"alternateName\":\"Spartak\",\"url\":\"https:\/\/fcspartaktrnava.com\/\",\"logo\":{\"@type\":\"ImageObject\",\"inLanguage\":\"en-GB\",\"@id\":\"https:\/\/fcspartaktrnava.com\/#\/schema\/logo\/image\/\",\"url\":\"https:\/\/fcspartaktrnava.com\/wp-content\/uploads\/2022\/08\/cropped-site_logo.png\",\"contentUrl\":\"https:\/\/fcspartaktrnava.com\/wp-content\/uploads\/2022\/08\/cropped-site_logo.png\",\"width\":140,\"height\":140,\"caption\":\"FC Spartak Trnava\"},\"image\":{\"@id\":\"https:\/\/fcspartaktrnava.com\/#\/schema\/logo\/image\/\"},\"sameAs\":[\"https:\/\/www.facebook.com\/SpartakTrnava\",\"https:\/\/x.com\/SpartakTrnava1\",\"https:\/\/www.instagram.com\/spartak_sk\/\"]},{\"@type\":\"Person\",\"@id\":\"https:\/\/fcspartaktrnava.com\/#\/schema\/person\/24bc5b254af14f71d7d8af178790aa75\",\"name\":\"spartak\",\"image\":{\"@type\":\"ImageObject\",\"inLanguage\":\"en-GB\",\"@id\":\"https:\/\/fcspartaktrnava.com\/#\/schema\/person\/image\/\",\"url\":\"https:\/\/secure.gravatar.com\/avatar\/f8ff8584f3fcf3909a11a6da9019f37749183b4015bca14e64556c52614cdc7f?s=96&d=mm&r=g\",\"contentUrl\":\"https:\/\/secure.gravatar.com\/avatar\/f8ff8584f3fcf3909a11a6da9019f37749183b4015bca14e64556c52614cdc7f?s=96&d=mm&r=g\",\"caption\":\"spartak\"},\"url\":\"https:\/\/fcspartaktrnava.com\/en\/author\/spartak\/\"}]}<\/script>\n<!-- \/ Yoast SEO plugin. -->","yoast_head_json":{"title":"K\u00f3\u0161a si praje s\u00a0reprezent\u00e1ciou postup - FC Spartak Trnava","robots":{"index":"index","follow":"follow","max-snippet":"max-snippet:-1","max-image-preview":"max-image-preview:large","max-video-preview":"max-video-preview:-1"},"canonical":"https:\/\/fcspartaktrnava.com\/en\/kosa-si-praje-s-reprezentaciou-postup\/","twitter_misc":{"Written by":"spartak","Estimated reading time":"3 minutes"},"schema":{"@context":"https:\/\/schema.org","@graph":[{"@type":"Article","@id":"https:\/\/fcspartaktrnava.com\/kosa-si-praje-s-reprezentaciou-postup\/#article","isPartOf":{"@id":"https:\/\/fcspartaktrnava.com\/kosa-si-praje-s-reprezentaciou-postup\/"},"author":{"name":"spartak","@id":"https:\/\/fcspartaktrnava.com\/#\/schema\/person\/24bc5b254af14f71d7d8af178790aa75"},"headline":"K\u00f3\u0161a si praje s\u00a0reprezent\u00e1ciou postup","datePublished":"2023-05-16T10:02:51+00:00","dateModified":"2023-05-16T10:02:52+00:00","mainEntityOfPage":{"@id":"https:\/\/fcspartaktrnava.com\/kosa-si-praje-s-reprezentaciou-postup\/"},"wordCount":649,"publisher":{"@id":"https:\/\/fcspartaktrnava.com\/#organization"},"image":{"@id":"https:\/\/fcspartaktrnava.com\/kosa-si-praje-s-reprezentaciou-postup\/#primaryimage"},"thumbnailUrl":"https:\/\/fcspartaktrnava.com\/wp-content\/uploads\/2023\/05\/DSC_5320.jpg","articleSection":["Rozhovory"],"inLanguage":"en-GB"},{"@type":"WebPage","@id":"https:\/\/fcspartaktrnava.com\/kosa-si-praje-s-reprezentaciou-postup\/","url":"https:\/\/fcspartaktrnava.com\/kosa-si-praje-s-reprezentaciou-postup\/","name":"K\u00f3\u0161a si praje s\u00a0reprezent\u00e1ciou postup - FC Spartak Trnava","isPartOf":{"@id":"https:\/\/fcspartaktrnava.com\/#website"},"primaryImageOfPage":{"@id":"https:\/\/fcspartaktrnava.com\/kosa-si-praje-s-reprezentaciou-postup\/#primaryimage"},"image":{"@id":"https:\/\/fcspartaktrnava.com\/kosa-si-praje-s-reprezentaciou-postup\/#primaryimage"},"thumbnailUrl":"https:\/\/fcspartaktrnava.com\/wp-content\/uploads\/2023\/05\/DSC_5320.jpg","datePublished":"2023-05-16T10:02:51+00:00","dateModified":"2023-05-16T10:02:52+00:00","breadcrumb":{"@id":"https:\/\/fcspartaktrnava.com\/kosa-si-praje-s-reprezentaciou-postup\/#breadcrumb"},"inLanguage":"en-GB","potentialAction":[{"@type":"ReadAction","target":["https:\/\/fcspartaktrnava.com\/kosa-si-praje-s-reprezentaciou-postup\/"]}]},{"@type":"ImageObject","inLanguage":"en-GB","@id":"https:\/\/fcspartaktrnava.com\/kosa-si-praje-s-reprezentaciou-postup\/#primaryimage","url":"https:\/\/fcspartaktrnava.com\/wp-content\/uploads\/2023\/05\/DSC_5320.jpg","contentUrl":"https:\/\/fcspartaktrnava.com\/wp-content\/uploads\/2023\/05\/DSC_5320.jpg","width":1520,"height":1013},{"@type":"BreadcrumbList","@id":"https:\/\/fcspartaktrnava.com\/kosa-si-praje-s-reprezentaciou-postup\/#breadcrumb","itemListElement":[{"@type":"ListItem","position":1,"name":"Home","item":"https:\/\/fcspartaktrnava.com\/"},{"@type":"ListItem","position":2,"name":"K\u00f3\u0161a si praje s\u00a0reprezent\u00e1ciou postup"}]},{"@type":"WebSite","@id":"https:\/\/fcspartaktrnava.com\/#website","url":"https:\/\/fcspartaktrnava.com\/","name":"FC Spartak Trnava","description":"ofici\u00e1lna webstr\u00e1nka futbalov\u00e9ho klubu","publisher":{"@id":"https:\/\/fcspartaktrnava.com\/#organization"},"potentialAction":[{"@type":"SearchAction","target":{"@type":"EntryPoint","urlTemplate":"https:\/\/fcspartaktrnava.com\/?s={search_term_string}"},"query-input":{"@type":"PropertyValueSpecification","valueRequired":true,"valueName":"search_term_string"}}],"inLanguage":"en-GB"},{"@type":"Organization","@id":"https:\/\/fcspartaktrnava.com\/#organization","name":"FC Spartak Trnava","alternateName":"Spartak","url":"https:\/\/fcspartaktrnava.com\/","logo":{"@type":"ImageObject","inLanguage":"en-GB","@id":"https:\/\/fcspartaktrnava.com\/#\/schema\/logo\/image\/","url":"https:\/\/fcspartaktrnava.com\/wp-content\/uploads\/2022\/08\/cropped-site_logo.png","contentUrl":"https:\/\/fcspartaktrnava.com\/wp-content\/uploads\/2022\/08\/cropped-site_logo.png","width":140,"height":140,"caption":"FC Spartak Trnava"},"image":{"@id":"https:\/\/fcspartaktrnava.com\/#\/schema\/logo\/image\/"},"sameAs":["https:\/\/www.facebook.com\/SpartakTrnava","https:\/\/x.com\/SpartakTrnava1","https:\/\/www.instagram.com\/spartak_sk\/"]},{"@type":"Person","@id":"https:\/\/fcspartaktrnava.com\/#\/schema\/person\/24bc5b254af14f71d7d8af178790aa75","name":"spartak","image":{"@type":"ImageObject","inLanguage":"en-GB","@id":"https:\/\/fcspartaktrnava.com\/#\/schema\/person\/image\/","url":"https:\/\/secure.gravatar.com\/avatar\/f8ff8584f3fcf3909a11a6da9019f37749183b4015bca14e64556c52614cdc7f?s=96&d=mm&r=g","contentUrl":"https:\/\/secure.gravatar.com\/avatar\/f8ff8584f3fcf3909a11a6da9019f37749183b4015bca14e64556c52614cdc7f?s=96&d=mm&r=g","caption":"spartak"},"url":"https:\/\/fcspartaktrnava.com\/en\/author\/spartak\/"}]}},"_links":{"self":[{"href":"https:\/\/fcspartaktrnava.com\/en\/wp-json\/wp\/v2\/posts\/7614","targetHints":{"allow":["GET"]}}],"collection":[{"href":"https:\/\/fcspartaktrnava.com\/en\/wp-json\/wp\/v2\/posts"}],"about":[{"href":"https:\/\/fcspartaktrnava.com\/en\/wp-json\/wp\/v2\/types\/post"}],"author":[{"embeddable":true,"href":"https:\/\/fcspartaktrnava.com\/en\/wp-json\/wp\/v2\/users\/2"}],"replies":[{"embeddable":true,"href":"https:\/\/fcspartaktrnava.com\/en\/wp-json\/wp\/v2\/comments?post=7614"}],"version-history":[{"count":0,"href":"https:\/\/fcspartaktrnava.com\/en\/wp-json\/wp\/v2\/posts\/7614\/revisions"}],"wp:featuredmedia":[{"embeddable":true,"href":"https:\/\/fcspartaktrnava.com\/en\/wp-json\/wp\/v2\/media\/7543"}],"wp:attachment":[{"href":"https:\/\/fcspartaktrnava.com\/en\/wp-json\/wp\/v2\/media?parent=7614"}],"wp:term":[{"taxonomy":"category","embeddable":true,"href":"https:\/\/fcspartaktrnava.com\/en\/wp-json\/wp\/v2\/categories?post=7614"},{"taxonomy":"post_tag","embeddable":true,"href":"https:\/\/fcspartaktrnava.com\/en\/wp-json\/wp\/v2\/tags?post=7614"}],"curies":[{"name":"wp","href":"https:\/\/api.w.org\/{rel}","templated":true}]}}