{"id":7608,"date":"2023-05-14T19:37:13","date_gmt":"2023-05-14T19:37:13","guid":{"rendered":"https:\/\/fcspartaktrnava.com\/?p=7608"},"modified":"2023-05-14T19:37:14","modified_gmt":"2023-05-14T19:37:14","slug":"vacsine-mladeznickych-timov-sa-podarilo-cez-vikend-bodovat","status":"publish","type":"post","link":"https:\/\/fcspartaktrnava.com\/en\/vacsine-mladeznickych-timov-sa-podarilo-cez-vikend-bodovat\/","title":{"rendered":"V\u00e4\u010d\u0161ine ml\u00e1de\u017en\u00edckych t\u00edmov sa podarilo cez v\u00edkend bodova\u0165"},"content":{"rendered":"<p><strong>FC Spartak Trnava U19 \u2013 MFK Ru\u017eomberok U19 2:0 (0:0)<\/strong><\/p>\n\n\n\n<p>V&nbsp;priamom s\u00faboji o&nbsp;piate miesto boli \u00faspe\u0161nej\u0161\u00ed spartakovci. S\u00fapera z&nbsp;Ru\u017eomberka dok\u00e1zala na\u0161a dev\u00e4tn\u00e1stka zlomi\u0165 a\u017e po vyl\u00fa\u010den\u00ed v&nbsp;77. min\u00fate, ktor\u00e9 potrestala o&nbsp;p\u00e1r desiatok sek\u00fand z\u00e1sluhou striedaj\u00faceho Bil\u010d\u00edka. Tr\u00e9ner Peter Ga\u017ei mal pri person\u00e1lnych v\u00fdmen\u00e1ch na tr\u00e1vniku \u0161\u0165astn\u00fa ruku, preto\u017ee v\u00ed\u0165azstvo Trnavy spe\u010datil v&nbsp;90. min\u00fate Justh, \u010fal\u0161\u00ed striedaj\u00faci hr\u00e1\u010d.<\/p>\n\n\n\n<p><strong>FCST U19: <\/strong>Vasi\u013e \u2013 Rusn\u00e1k, Va\u0161ko, Popik, R\u00fdzek, Kumpan (62. Justh), \u0160arm\u00edr (C), Horn\u00edk (75. Bil\u010d\u00edk), Kurej, Kuchar\u00edk (86. Adamkovi\u010d), Repa (75. Mas\u00e1r)<\/p>\n\n\n\n<p><strong>Goals: <\/strong>78. Bil\u010d\u00edk, 90. Justh<\/p>\n\n\n\n<p><strong>Yellow cards: <\/strong>Rusn\u00e1k, Vasi\u013e<\/p>\n\n\n\n<p><strong>Peter Ga\u017ei: \u201eV z\u00e1pase sme podali dobr\u00fd koncentrovan\u00fd v\u00fdkon a&nbsp;po cel\u00fd \u010das sme dok\u00e1zali eliminova\u0165 s\u00faperove typick\u00e9 \u010dinnosti v&nbsp;ofenz\u00edve. Z\u00e1rove\u0148 sme uk\u00e1zali aj ur\u010dit\u00e9 zlep\u0161enia v&nbsp;pressingovej obrane. K\u013e\u00fa\u010dov\u00fdm momentom bola pr\u00e1ve pressingov\u00e1 situ\u00e1cia, pri ktorej Kuchar\u00edk z\u00edskal loptu a&nbsp;vybojoval priamy kop. Z&nbsp;neho padol aj rozhoduj\u00faci g\u00f3l z\u00e1pasu.\u201c<\/strong><\/p>\n\n\n\n<p>T\u00edmy mlad\u0161\u00edch dorastencov sa po vz\u00e1jomnej dohode s&nbsp;Ru\u017eomberkom dohodli na n\u00e1hradnom term\u00edne z\u00e1pasov na 23. m\u00e1ja, preto\u017ee je aktu\u00e1lne reprezenta\u010dn\u00fd zraz. Slovensk\u00e9 farby h\u00e1ja v&nbsp;drese do 16 rokov spartakovci Turansk\u00fd, Bukovsk\u00fd a&nbsp;Trello.<\/p>\n\n\n\n<p><strong>FC Spartak Trnava U15 \u2013 AS Tren\u010d\u00edn U15 8:0 (0:0)<\/strong><\/p>\n\n\n\n<p>Po bezg\u00f3lovom prvom pol\u010dase spustili najstar\u0161\u00ed \u017eiaci g\u00f3lov\u00fa kanon\u00e1du a&nbsp;\u00f4smimi presn\u00fdmi z\u00e1sahmi vybojovali d\u00f4le\u017eit\u00e9 tri body. Trnav\u010dania zvl\u00e1dli dom\u00e1ci z\u00e1pas aj napriek absencii reprezentantov Daniela a&nbsp;Pittela, ke\u010f sa hetrikom blysol Pol\u0165\u00e1k.<\/p>\n\n\n\n<p><strong>FCST U15: <\/strong>Luko\u0161\u00edk \u2013 \u0160tev\u00edk, Kunda, No\u0161ka, Rep\u00e1\u0148, Ma\u0165o, Tejzr, Benkovsk\u00fd (C), Terenkov, Vete\u0161ka (62. Sobota), Pol\u0165\u00e1k<\/p>\n\n\n\n<p><strong>Goals: <\/strong>47., 57. a&nbsp;79. Pol\u0165\u00e1k, 50. Benkovsk\u00fd, 63. Terenkov, 66. a&nbsp;74. Ma\u0165o, 80. Tejzr.<\/p>\n\n\n\n<p><strong>Yellow cards: <\/strong>Rep\u00e1\u0148, No\u0161ka<\/p>\n\n\n\n<p><strong>Tom\u00e1\u0161 K\u00e1nik: \u201eV prvom pol\u010dase sme boli zbyto\u010dne nerv\u00f3zni, \u010do viedlo k&nbsp;ni\u017e\u0161ej kvalite a&nbsp;r\u00fdchlosti na\u0161ich kombin\u00e1ci\u00ed. Ch\u00fdbali n\u00e1m \u00faseky hry, kde sme s\u00fapera dostali pod v\u00e4\u010d\u0161\u00ed tlak. Cez pol\u010das sa n\u00e1m podarilo hr\u00e1\u010dov dobre nastavi\u0165 do zvy\u0161ku z\u00e1pasu a&nbsp;vy\u0161lo n\u00e1m skoro v\u0161etko. Na\u0161e \u00fatoky boli nebezpe\u010dn\u00e9, boli sme presnej\u0161\u00ed a&nbsp;z\u00e1pas sme \u00faplne ovl\u00e1dli. Uk\u00e1zali sme aj slu\u0161n\u00fa efektivitu a&nbsp;t\u00fdm p\u00e1dom sme dosiahli vysok\u00fa a&nbsp;zasl\u00fa\u017een\u00fa v\u00fdhru. Za druh\u00fd pol\u010das hr\u00e1\u010dom patr\u00ed pochvala.\u201c<\/strong><\/p>\n\n\n\n<p><strong>FC Spartak Trnava U14 \u2013 AS Tren\u010d\u00edn U14 0:2 (0:1)<\/strong><\/p>\n\n\n\n<p>\u0160trn\u00e1stka u\u017e tak \u00faspe\u0161n\u00e1 nebola. V&nbsp;z\u00e1pase prv\u00e9ho s&nbsp;druh\u00fdm \u0165ahali na\u0161i hr\u00e1\u010di za krat\u0161\u00ed koniec, ke\u010f v&nbsp;oboch pol\u010dasoch inkasovali zhodne jedenkr\u00e1t.<\/p>\n\n\n\n<p><strong>FCST U14: <\/strong>Slim\u00e1k \u2013 Studen\u00fd (55. Mego), Furek (55. Magdolen), Bohunick\u00fd (C), Bartovi\u010d (68. Feh\u00e9r), Kostol\u00e1ni (65. Mar\u010di\u0161), \u0160ev\u010d\u00edk, He\u010dko, Zemko, Fojta (68. Fra\u0148o), Bartalo\u0161 (65. U\u0161\u00e1k)<\/p>\n\n\n\n<p><strong>D\u00e1vid Mi\u0161kovi\u010d: \u201eV z\u00e1pase o\u00a0prv\u00e9 miesto rozhodla efektivita, v\u00a0ktorej sme oproti s\u00faperovi zaostali. Tempo a\u00a0kvalita z\u00e1pasu boli primeran\u00e9 postaveniu mu\u017estiev v\u00a0tabu\u013eke, prevahu nad loptou sme mali len po \u0161estn\u00e1stku s\u00fapera. Individu\u00e1lne defenz\u00edvne chyby, podobn\u00e9 z\u00e1pasu s\u00a0Tren\u010d\u00ednom, by sa n\u00e1m v\u00a0tak\u00fdchto z\u00e1pasoch u\u017e nemali st\u00e1va\u0165. Hr\u00e1\u010dom patr\u00ed pochvala za ve\u013ek\u00e9 chcenie a\u00a0bojovnos\u0165 do poslednej min\u00faty.\u201c<\/strong><\/p>\n\n\n\n<p><strong>\u0160K Slovan Bratislava U13 \u2013 FC Spartak Trnava U13 1:1 (0:1)<\/strong><\/p>\n\n\n\n<p>V&nbsp;derby z\u00e1pase \u017eiakov do 13 rokov, ktor\u00fd sa uskuto\u010dnil na Tehelnom poli, sa zrodila spravodliv\u00e1 rem\u00edza 1:1. Vo fantastickom stretnut\u00ed podali oba celky bojovn\u00e9 a obetav\u00e9 v\u00fdkony.<\/p>\n\n\n\n<p><strong>FCST U13: <\/strong>Vlkovi\u010d \u2013 Lenghardt (C), Kalam\u00e1r, Martinkovi\u010d, Holb\u00edk, Feni\u010d, Rak\u00fas, B\u00f6hmer, Bo\u0161ansk\u00fd, Kr\u00e1\u013eovi\u010d, Dreven\u00e1k, Zaj\u00e1no\u0161, Kore\u0148, Kri\u0161ka, Kasan<\/p>\n\n\n\n<p><strong>Goals: <\/strong>34. Kri\u0161ka<\/p>\n\n\n\n<p><strong>Oliver Burian: \u201eV\u00fdborn\u00fd ml\u00e1de\u017en\u00edcky z\u00e1pas, v&nbsp;ktorom nasadenie a&nbsp;em\u00f3cie boli presne tak\u00e9, ako sa na derby patr\u00ed. Cel\u00fd z\u00e1pas sa odohr\u00e1val vo vysokom tempe, kedy sa striedali lep\u0161ie pas\u00e1\u017ee Slovana a&nbsp;pas\u00e1\u017ee, kedy sme mali prevahu a&nbsp;dominanciu my. V&nbsp;prvom pol\u010dase sa n\u00e1m darilo vyhr\u00e1va\u0165 osobn\u00e9 s\u00faboje v&nbsp;strede a&nbsp;zbiera\u0165 odrazen\u00e9 lopty, \u010d\u00edm sme sa dostali do miernej prevahy, ktor\u00fa sme min\u00fatu pred koncom pol\u010dasu zu\u017eitkovali na ved\u00faci g\u00f3l. Prv\u00fdch 15 min\u00fat druh\u00e9ho pol\u010dasu sme pokra\u010dovali v&nbsp;nastolenom tempe, vypracovali sme si zop\u00e1r pr\u00edle\u017eitost\u00ed, kedy sme mohli z\u00e1pas strhn\u00fa\u0165 u\u017e \u00faplne na svoju stranu. Potom sme smolne inkasovali a&nbsp;od toho momentu sme boli zbyto\u010dne zbrkl\u00ed a&nbsp;nerozv\u00e1\u017eni na lopte, \u010do Slovan vyu\u017eil a&nbsp;dostal sa do tlaku. Ten ale na\u0161a v\u00fdborne hraj\u00faca defenz\u00edva ust\u00e1la s&nbsp;preh\u013eadom. Obe mu\u017estv\u00e1 i\u0161li za v\u00ed\u0165azstvom s&nbsp;ve\u013ekou t\u00fa\u017ebou, no nakoniec sa zrodila spravodliv\u00e1 rem\u00edza.\u201c<\/strong><\/p>\n\n\n\n<p><strong>\u0160K Slovan Bratislava U12 \u2013 FC Spartak Trnava U12 10:2 (1:1)<\/strong><\/p>\n\n\n\n<p>Z\u00e1pas najmlad\u0161ej \u017eiackej kateg\u00f3rie bol rovnako vyrovnan\u00fd, ale iba v&nbsp;prvom dejstve. Po v\u00fdmene str\u00e1n prebrali opraty z\u00e1pasu pevne do svojej moci dom\u00e1ci a&nbsp;s\u00e9riou nieko\u013ek\u00fdch g\u00f3lov si vybojovali vysok\u00e9 v\u00ed\u0165azstvo 10:2.<\/p>\n\n\n\n<p><strong>FCST U12: <\/strong>Trebatick\u00fd, Hamb\u00e1lek, Krchn\u00e1k \u2013 Li\u010d\u00e1k, Podolin\u010diak, Rep\u00e1\u0148, Mikulec, Pol\u00e1\u010dek, Poliak, Miklovi\u010d, Kohutovi\u010d, Strojn\u00fd, G\u00e1l, Junas, Dvorsk\u00fd, \u0160matl\u00e1nek, Urdz\u00edk, Fojta, Mar\u010di\u0161, Pie\u0161\u0165ansk\u00fd<\/p>\n\n\n\n<p><strong>Goals: <\/strong>30. Fojta, 45. Mar\u010di\u0161<\/p>\n\n\n\n<p><strong>Filip N\u00e1dask\u00fd: \u201eDerby na N\u00e1rodnom futbalovom \u0161tadi\u00f3ne n\u00e1m v\u00f4bec nevy\u0161lo pod\u013ea predst\u00e1v. Prv\u00fd pol\u010das nebol z&nbsp;na\u0161ej strany v\u00f4bec zl\u00fd, av\u0161ak nastalo to, \u010domu sme sa chceli vyvarova\u0165, a&nbsp;to zahadzovaniu \u0161anc\u00ed. V&nbsp;koncovke sme boli \u017ealostn\u00ed, a&nbsp;to sa podp\u00edsalo k&nbsp;tomu, \u017ee pol\u010das bol nerozhodn\u00fd. V&nbsp;druhom pol\u010dase sme herne upadli, ch\u00fdbalo n\u00e1m tam od hr\u00e1\u010dov nasadenie, bojovnos\u0165 a&nbsp;samotn\u00e9 chcenie sa pobi\u0165 o&nbsp;v\u00fdsledok a&nbsp;taktie\u017e sme urobili nespo\u010detn\u00e9 mno\u017estvo individu\u00e1lnych ch\u00fdb, ktor\u00e9 dopomohli s\u00faperovi k&nbsp;streleniu g\u00f3lov.\u201c<\/strong><\/p>\n\n\n\n<p><strong>MFK Ru\u017eomberok WA \u2013 FC Spartak Trnava WA 3:2 (2:1)<\/strong><\/p>\n\n\n\n<p>\u017deny odohrali dohr\u00e1vku 4. kola netradi\u010dne v&nbsp;stredu. V s\u00faboji o&nbsp;tretie miesto \u0165ahali Trnav\u010danky v&nbsp;Ru\u017eomberku za krat\u0161\u00ed koniec a&nbsp;v&nbsp;z\u00e1pase ako na hojda\u010dke pri\u0161li aspo\u0148 o&nbsp;bod za rem\u00edzu p\u00e4\u0165 min\u00fat pred koncom. Na r\u00fdchly g\u00f3l Mudr\u00e1kovej z&nbsp;piatej min\u00faty dok\u00e1zali dom\u00e1ce reagova\u0165 o&nbsp;zhruba desa\u0165 min\u00fat a&nbsp;tesne pred pol\u010dasov\u00fdm hvizdom i\u0161la Ru\u017ea do vedenia.<\/p>\n\n\n\n<p><strong>FCST WA: <\/strong>Nemochovsk\u00e1 \u2013 S. Horv\u00e1thov\u00e1, \u010ceriov\u00e1, Belicov\u00e1, Mudr\u00e1kov\u00e1 (C), Bederkov\u00e1 (61. Slukov\u00e1), Marti\u0161kov\u00e1, Hankov\u00e1, Trajl\u00ednkov\u00e1, Serv\u00e1tkov\u00e1, Ty\u010diakov\u00e1<\/p>\n\n\n\n<p><strong>Goals: <\/strong>5. Mudr\u00e1kov\u00e1, 56. Hankov\u00e1<\/p>\n\n\n\n<p><strong>Yellow cards: <\/strong>Marti\u0161kov\u00e1<\/p>\n\n\n\n<p><strong>Peter Kore\u0148: \u201eV priamom s\u00faboji o&nbsp;tretiu prie\u010dku sme chceli minim\u00e1lne bodova\u0165. Na zlej hracej ploche sme sa ujali vedenia hne\u010f v&nbsp;\u00favode, ale dom\u00e1cim sa podarilo do pol\u010dasu sk\u00f3re oto\u010di\u0165 na 2:1. Do druh\u00e9ho pol\u010dasu i\u0161li diev\u010dat\u00e1 s&nbsp;odhodlan\u00edm oto\u010di\u0165 nepriazniv\u00fd stav. \u0164a\u017eko sa n\u00e1m kombinovalo, ale napriek tomu sa n\u00e1m podarilo zv\u00fd\u0161i\u0165 dynamiku hry a&nbsp;s\u00fapera sme dostali pod s\u00favisl\u00fd tlak. Odmenou bol g\u00f3l na 2:2. Diev\u010dat\u00e1 v&nbsp;aktivite nepo\u013eavili a&nbsp;siahali po v\u00ed\u0165aznom g\u00f3le. \u017dia\u013e, futbal nebol spravodliv\u00fd a&nbsp;inkasovali sme pred z\u00e1verom z&nbsp;ojedinelej akcie dom\u00e1cich.\u201c<\/strong><\/p>\n\n\n\n<p><strong>M\u0160K \u017dilina WU19 \u2013 FC Spartak Trnava WU19 1:1 (0:1)<\/strong><\/p>\n\n\n\n<p>Dorastenky si chceli v&nbsp;druhom nadstavbovom kole napravi\u0165 chu\u0165 po minulot\u00fd\u017ed\u0148ovom zav\u00e1han\u00ed s&nbsp;Tren\u010d\u00ednom. Doplatili v\u0161ak na nie najlep\u0161iu efektivitu a&nbsp;v&nbsp;\u017diline napriek viacer\u00fdm g\u00f3lov\u00fdm \u0161anciam len remizovali 1:1.<\/p>\n\n\n\n<p><strong>FCST WU19: <\/strong>Bukrotinov\u00e1 (60. Nemochovsk\u00e1) \u2013 Serv\u00e1tkov\u00e1, \u017digov\u00e1, Belicov\u00e1, Vo\u0161\u010din\u00e1rov\u00e1, Pola\u010dkov\u00e1 (C), S. Horv\u00e1thov\u00e1, Trajl\u00ednkov\u00e1 (41. Gregu\u0161ov\u00e1), G\u00e1likov\u00e1 (60. H. Ba\u010dikov\u00e1), Marti\u0161kov\u00e1, Eckerov\u00e1 (41. Obuchov\u00e1)<\/p>\n\n\n\n<p><strong>Goals: <\/strong>40. \u017digov\u00e1<\/p>\n\n\n\n<p><strong>Matej Chocina: \u201eDo \u010fal\u0161ieho kola nadstavbovej \u010dasti sme vst\u00fapili akt\u00edvne s&nbsp;jasn\u00fdm z\u00e1merom zv\u00ed\u0165azi\u0165. Darilo sa n\u00e1m dobre kombinova\u0165, vyu\u017e\u00edvali sme vo\u013en\u00e9 priestory v&nbsp;strede ihriska, vych\u00e1dzal n\u00e1m pressing pri rozohr\u00e1vke s\u00fapera. Na na\u0161u smolu sme nedo\u0165ahovali akcie do konca a&nbsp;zo \u0161tyroch s\u013eubn\u00fdch pr\u00edle\u017eitost\u00ed sme nesk\u00f3rovali. Podarilo sa n\u00e1m otvori\u0165 sk\u00f3re stretnutia po na\u0161om rohovom kope a&nbsp;dobrom d\u00f4raze a&nbsp;zakon\u010den\u00ed v&nbsp;podan\u00ed \u017digovej. Druh\u00fd pol\u010das sme mali hru op\u00e4\u0165 pevne v&nbsp;na\u0161ich ruk\u00e1ch, av\u0161ak miesto toho, aby sme s\u00faperovi odsko\u010dili na vy\u0161\u0161\u00ed g\u00f3lov\u00fd rozdiel, sme po \u0161tandardnej situ\u00e1cii inkasovali. Sna\u017eili sme sa v&nbsp;z\u00e1vere strhn\u00fa\u0165 v\u00ed\u0165azstvo na na\u0161u stranu, no op\u00e4\u0165 sme zlyhali v&nbsp;koncovke a&nbsp;zo \u017diliny si odn\u00e1\u0161ame len bod.\u201c<\/strong><\/p>\n\n\n<div class=\"wp-block-image\">\n<figure class=\"aligncenter size-large\"><img loading=\"lazy\" decoding=\"async\" width=\"1024\" height=\"676\" src=\"https:\/\/fcspartaktrnava.com\/wp-content\/uploads\/2023\/05\/DSC_7294-1024x676.jpg\" alt=\"\" class=\"wp-image-7610\" srcset=\"https:\/\/fcspartaktrnava.com\/wp-content\/uploads\/2023\/05\/DSC_7294-1024x676.jpg 1024w, https:\/\/fcspartaktrnava.com\/wp-content\/uploads\/2023\/05\/DSC_7294-300x198.jpg 300w, https:\/\/fcspartaktrnava.com\/wp-content\/uploads\/2023\/05\/DSC_7294-768x507.jpg 768w, https:\/\/fcspartaktrnava.com\/wp-content\/uploads\/2023\/05\/DSC_7294-1536x1013.jpg 1536w, https:\/\/fcspartaktrnava.com\/wp-content\/uploads\/2023\/05\/DSC_7294-2048x1351.jpg 2048w, https:\/\/fcspartaktrnava.com\/wp-content\/uploads\/2023\/05\/DSC_7294-18x12.jpg 18w\" sizes=\"auto, (max-width: 1024px) 100vw, 1024px\" \/><figcaption class=\"wp-element-caption\"><strong>\u00a9 \u013dubom\u00edr Hor\u0148\u00e1k<\/strong><\/figcaption><\/figure>\n<\/div>\n\n\n<p><strong>M\u0160K \u017dilina WU15 \u2013 FC Spartak Trnava WU15 0:5 (0:3)<\/strong><\/p>\n\n\n\n<p>Trnavsk\u00e9 \u017eia\u010dky pokra\u010duj\u00fa v&nbsp;dominantn\u00fdch v\u00fdkonoch aj v&nbsp;nadstavbovej \u010dasti. Tentokr\u00e1t si ich silu odniesli \u017dilin\u010danky, ktor\u00e9 doma prehrali 0:5. Na\u0161e hr\u00e1\u010dky sa dostali v&nbsp;tabu\u013eke na \u010delo pr\u00e1ve pred svojho v\u00edkendov\u00e9ho s\u00fapera.<\/p>\n\n\n\n<p><strong>FCST WU15: <\/strong>Pre\u0161insk\u00e1 \u2013 Volekov\u00e1, Stankov\u00e1, Vej\u010d\u00edkov\u00e1, He\u010dkov\u00e1, Tan\u010dokov\u00e1, Kri\u0161tofiakov\u00e1, Amrichov\u00e1, Hal\u00e1sov\u00e1, Tankov\u00e1, Pek\u00e1rov\u00e1 (C), Geschwandtnerov\u00e1, Reh\u00e1kov\u00e1, Z. Horv\u00e1thov\u00e1, Vl\u010dkov\u00e1, Hudecov\u00e1, Kr\u00e1likov\u00e1, Vlkov\u00e1<\/p>\n\n\n\n<p><strong>Goals: <\/strong>7. Hal\u00e1sov\u00e1, 20. a&nbsp;56. Pek\u00e1rov\u00e1, 34. vlastn\u00fd, 41. Tankov\u00e1<\/p>\n\n\n\n<p><strong>R\u00f3bert Halada: \u201eV z\u00e1pase sa stretli v\u00ed\u0165azi jednotliv\u00fdch l\u00edg, pri\u010dom \u017dilina t\u00fa svoju pre\u0161la bez straty jedin\u00e9ho bodu. \u00davod z\u00e1pasu patril dom\u00e1cim hr\u00e1\u010dkam, ktor\u00e9 sa sna\u017eili prekvapi\u0165 na\u0161u obranu dlh\u00fdmi loptami. Diev\u010dat\u00e1 si na to dali pozor a&nbsp;postupne preberali iniciat\u00edvu s&nbsp;lep\u0161\u00edm dr\u017ean\u00edm lopty a&nbsp;r\u00fdchlymi prienikov\u00fdmi prihr\u00e1vkami n\u00fatili s\u00faperky k&nbsp;chyb\u00e1m a&nbsp;tak si vytv\u00e1rali g\u00f3lov\u00e9 pr\u00edle\u017eitosti, ktor\u00e9 aj zu\u017eitkovali. Druh\u00fd pol\u010das sa obraz hry nezmenil, hralo sa vo vysokom tempe, diev\u010dat\u00e1 bojovali jedna za druh\u00fa a&nbsp;dok\u00e1zali sa v\u00fdborne dop\u013a\u0148a\u0165 v&nbsp;tak n\u00e1ro\u010dnom z\u00e1pase. \u010eakujeme im za kolekt\u00edvny a&nbsp;zodpovedn\u00fd v\u00fdkon.\u201c<\/strong><\/p>","protected":false},"excerpt":{"rendered":"<p>FC Spartak Trnava U19 \u2013 MFK Ru\u017eomberok U19&#8230;<\/p>","protected":false},"author":2,"featured_media":7609,"comment_status":"closed","ping_status":"closed","sticky":false,"template":"","format":"standard","meta":{"footnotes":""},"categories":[52,12],"tags":[84,53],"class_list":["post-7608","post","type-post","status-publish","format-standard","has-post-thumbnail","hentry","category-mladez","category-spravy","tag-zeny","tag-mladez","post-number-1"],"yoast_head":"<!-- This site is optimized with the Yoast SEO plugin v27.1.1 - https:\/\/yoast.com\/product\/yoast-seo-wordpress\/ -->\n<title>V\u00e4\u010d\u0161ine ml\u00e1de\u017en\u00edckych t\u00edmov sa podarilo cez v\u00edkend bodova\u0165 - FC Spartak Trnava<\/title>\n<meta name=\"robots\" content=\"index, follow, max-snippet:-1, max-image-preview:large, max-video-preview:-1\" \/>\n<link rel=\"canonical\" href=\"https:\/\/fcspartaktrnava.com\/en\/vacsine-mladeznickych-timov-sa-podarilo-cez-vikend-bodovat\/\" \/>\n<meta name=\"twitter:label1\" content=\"Written by\" \/>\n\t<meta name=\"twitter:data1\" content=\"spartak\" \/>\n\t<meta name=\"twitter:label2\" content=\"Estimated reading time\" \/>\n\t<meta name=\"twitter:data2\" content=\"8 minutes\" \/>\n<script type=\"application\/ld+json\" class=\"yoast-schema-graph\">{\"@context\":\"https:\/\/schema.org\",\"@graph\":[{\"@type\":\"Article\",\"@id\":\"https:\/\/fcspartaktrnava.com\/vacsine-mladeznickych-timov-sa-podarilo-cez-vikend-bodovat\/#article\",\"isPartOf\":{\"@id\":\"https:\/\/fcspartaktrnava.com\/vacsine-mladeznickych-timov-sa-podarilo-cez-vikend-bodovat\/\"},\"author\":{\"name\":\"spartak\",\"@id\":\"https:\/\/fcspartaktrnava.com\/#\/schema\/person\/24bc5b254af14f71d7d8af178790aa75\"},\"headline\":\"V\u00e4\u010d\u0161ine ml\u00e1de\u017en\u00edckych t\u00edmov sa podarilo cez v\u00edkend bodova\u0165\",\"datePublished\":\"2023-05-14T19:37:13+00:00\",\"dateModified\":\"2023-05-14T19:37:14+00:00\",\"mainEntityOfPage\":{\"@id\":\"https:\/\/fcspartaktrnava.com\/vacsine-mladeznickych-timov-sa-podarilo-cez-vikend-bodovat\/\"},\"wordCount\":1838,\"publisher\":{\"@id\":\"https:\/\/fcspartaktrnava.com\/#organization\"},\"image\":{\"@id\":\"https:\/\/fcspartaktrnava.com\/vacsine-mladeznickych-timov-sa-podarilo-cez-vikend-bodovat\/#primaryimage\"},\"thumbnailUrl\":\"https:\/\/fcspartaktrnava.com\/wp-content\/uploads\/2023\/05\/n.jpg\",\"keywords\":[\"\u017eeny\",\"ml\u00e1de\u017e\"],\"articleSection\":[\"Ml\u00e1de\u017e\",\"Spr\u00e1vy\"],\"inLanguage\":\"en-GB\"},{\"@type\":\"WebPage\",\"@id\":\"https:\/\/fcspartaktrnava.com\/vacsine-mladeznickych-timov-sa-podarilo-cez-vikend-bodovat\/\",\"url\":\"https:\/\/fcspartaktrnava.com\/vacsine-mladeznickych-timov-sa-podarilo-cez-vikend-bodovat\/\",\"name\":\"V\u00e4\u010d\u0161ine ml\u00e1de\u017en\u00edckych t\u00edmov sa podarilo cez v\u00edkend bodova\u0165 - FC Spartak Trnava\",\"isPartOf\":{\"@id\":\"https:\/\/fcspartaktrnava.com\/#website\"},\"primaryImageOfPage\":{\"@id\":\"https:\/\/fcspartaktrnava.com\/vacsine-mladeznickych-timov-sa-podarilo-cez-vikend-bodovat\/#primaryimage\"},\"image\":{\"@id\":\"https:\/\/fcspartaktrnava.com\/vacsine-mladeznickych-timov-sa-podarilo-cez-vikend-bodovat\/#primaryimage\"},\"thumbnailUrl\":\"https:\/\/fcspartaktrnava.com\/wp-content\/uploads\/2023\/05\/n.jpg\",\"datePublished\":\"2023-05-14T19:37:13+00:00\",\"dateModified\":\"2023-05-14T19:37:14+00:00\",\"breadcrumb\":{\"@id\":\"https:\/\/fcspartaktrnava.com\/vacsine-mladeznickych-timov-sa-podarilo-cez-vikend-bodovat\/#breadcrumb\"},\"inLanguage\":\"en-GB\",\"potentialAction\":[{\"@type\":\"ReadAction\",\"target\":[\"https:\/\/fcspartaktrnava.com\/vacsine-mladeznickych-timov-sa-podarilo-cez-vikend-bodovat\/\"]}]},{\"@type\":\"ImageObject\",\"inLanguage\":\"en-GB\",\"@id\":\"https:\/\/fcspartaktrnava.com\/vacsine-mladeznickych-timov-sa-podarilo-cez-vikend-bodovat\/#primaryimage\",\"url\":\"https:\/\/fcspartaktrnava.com\/wp-content\/uploads\/2023\/05\/n.jpg\",\"contentUrl\":\"https:\/\/fcspartaktrnava.com\/wp-content\/uploads\/2023\/05\/n.jpg\",\"width\":1600,\"height\":1200},{\"@type\":\"BreadcrumbList\",\"@id\":\"https:\/\/fcspartaktrnava.com\/vacsine-mladeznickych-timov-sa-podarilo-cez-vikend-bodovat\/#breadcrumb\",\"itemListElement\":[{\"@type\":\"ListItem\",\"position\":1,\"name\":\"Home\",\"item\":\"https:\/\/fcspartaktrnava.com\/\"},{\"@type\":\"ListItem\",\"position\":2,\"name\":\"V\u00e4\u010d\u0161ine ml\u00e1de\u017en\u00edckych t\u00edmov sa podarilo cez v\u00edkend bodova\u0165\"}]},{\"@type\":\"WebSite\",\"@id\":\"https:\/\/fcspartaktrnava.com\/#website\",\"url\":\"https:\/\/fcspartaktrnava.com\/\",\"name\":\"FC Spartak Trnava\",\"description\":\"ofici\u00e1lna webstr\u00e1nka futbalov\u00e9ho klubu\",\"publisher\":{\"@id\":\"https:\/\/fcspartaktrnava.com\/#organization\"},\"potentialAction\":[{\"@type\":\"SearchAction\",\"target\":{\"@type\":\"EntryPoint\",\"urlTemplate\":\"https:\/\/fcspartaktrnava.com\/?s={search_term_string}\"},\"query-input\":{\"@type\":\"PropertyValueSpecification\",\"valueRequired\":true,\"valueName\":\"search_term_string\"}}],\"inLanguage\":\"en-GB\"},{\"@type\":\"Organization\",\"@id\":\"https:\/\/fcspartaktrnava.com\/#organization\",\"name\":\"FC Spartak Trnava\",\"alternateName\":\"Spartak\",\"url\":\"https:\/\/fcspartaktrnava.com\/\",\"logo\":{\"@type\":\"ImageObject\",\"inLanguage\":\"en-GB\",\"@id\":\"https:\/\/fcspartaktrnava.com\/#\/schema\/logo\/image\/\",\"url\":\"https:\/\/fcspartaktrnava.com\/wp-content\/uploads\/2022\/08\/cropped-site_logo.png\",\"contentUrl\":\"https:\/\/fcspartaktrnava.com\/wp-content\/uploads\/2022\/08\/cropped-site_logo.png\",\"width\":140,\"height\":140,\"caption\":\"FC Spartak Trnava\"},\"image\":{\"@id\":\"https:\/\/fcspartaktrnava.com\/#\/schema\/logo\/image\/\"},\"sameAs\":[\"https:\/\/www.facebook.com\/SpartakTrnava\",\"https:\/\/x.com\/SpartakTrnava1\",\"https:\/\/www.instagram.com\/spartak_sk\/\"]},{\"@type\":\"Person\",\"@id\":\"https:\/\/fcspartaktrnava.com\/#\/schema\/person\/24bc5b254af14f71d7d8af178790aa75\",\"name\":\"spartak\",\"image\":{\"@type\":\"ImageObject\",\"inLanguage\":\"en-GB\",\"@id\":\"https:\/\/fcspartaktrnava.com\/#\/schema\/person\/image\/\",\"url\":\"https:\/\/secure.gravatar.com\/avatar\/f8ff8584f3fcf3909a11a6da9019f37749183b4015bca14e64556c52614cdc7f?s=96&d=mm&r=g\",\"contentUrl\":\"https:\/\/secure.gravatar.com\/avatar\/f8ff8584f3fcf3909a11a6da9019f37749183b4015bca14e64556c52614cdc7f?s=96&d=mm&r=g\",\"caption\":\"spartak\"},\"url\":\"https:\/\/fcspartaktrnava.com\/en\/author\/spartak\/\"}]}<\/script>\n<!-- \/ Yoast SEO plugin. -->","yoast_head_json":{"title":"V\u00e4\u010d\u0161ine ml\u00e1de\u017en\u00edckych t\u00edmov sa podarilo cez v\u00edkend bodova\u0165 - FC Spartak Trnava","robots":{"index":"index","follow":"follow","max-snippet":"max-snippet:-1","max-image-preview":"max-image-preview:large","max-video-preview":"max-video-preview:-1"},"canonical":"https:\/\/fcspartaktrnava.com\/en\/vacsine-mladeznickych-timov-sa-podarilo-cez-vikend-bodovat\/","twitter_misc":{"Written by":"spartak","Estimated reading time":"8 minutes"},"schema":{"@context":"https:\/\/schema.org","@graph":[{"@type":"Article","@id":"https:\/\/fcspartaktrnava.com\/vacsine-mladeznickych-timov-sa-podarilo-cez-vikend-bodovat\/#article","isPartOf":{"@id":"https:\/\/fcspartaktrnava.com\/vacsine-mladeznickych-timov-sa-podarilo-cez-vikend-bodovat\/"},"author":{"name":"spartak","@id":"https:\/\/fcspartaktrnava.com\/#\/schema\/person\/24bc5b254af14f71d7d8af178790aa75"},"headline":"V\u00e4\u010d\u0161ine ml\u00e1de\u017en\u00edckych t\u00edmov sa podarilo cez v\u00edkend bodova\u0165","datePublished":"2023-05-14T19:37:13+00:00","dateModified":"2023-05-14T19:37:14+00:00","mainEntityOfPage":{"@id":"https:\/\/fcspartaktrnava.com\/vacsine-mladeznickych-timov-sa-podarilo-cez-vikend-bodovat\/"},"wordCount":1838,"publisher":{"@id":"https:\/\/fcspartaktrnava.com\/#organization"},"image":{"@id":"https:\/\/fcspartaktrnava.com\/vacsine-mladeznickych-timov-sa-podarilo-cez-vikend-bodovat\/#primaryimage"},"thumbnailUrl":"https:\/\/fcspartaktrnava.com\/wp-content\/uploads\/2023\/05\/n.jpg","keywords":["\u017eeny","ml\u00e1de\u017e"],"articleSection":["Ml\u00e1de\u017e","Spr\u00e1vy"],"inLanguage":"en-GB"},{"@type":"WebPage","@id":"https:\/\/fcspartaktrnava.com\/vacsine-mladeznickych-timov-sa-podarilo-cez-vikend-bodovat\/","url":"https:\/\/fcspartaktrnava.com\/vacsine-mladeznickych-timov-sa-podarilo-cez-vikend-bodovat\/","name":"V\u00e4\u010d\u0161ine ml\u00e1de\u017en\u00edckych t\u00edmov sa podarilo cez v\u00edkend bodova\u0165 - FC Spartak Trnava","isPartOf":{"@id":"https:\/\/fcspartaktrnava.com\/#website"},"primaryImageOfPage":{"@id":"https:\/\/fcspartaktrnava.com\/vacsine-mladeznickych-timov-sa-podarilo-cez-vikend-bodovat\/#primaryimage"},"image":{"@id":"https:\/\/fcspartaktrnava.com\/vacsine-mladeznickych-timov-sa-podarilo-cez-vikend-bodovat\/#primaryimage"},"thumbnailUrl":"https:\/\/fcspartaktrnava.com\/wp-content\/uploads\/2023\/05\/n.jpg","datePublished":"2023-05-14T19:37:13+00:00","dateModified":"2023-05-14T19:37:14+00:00","breadcrumb":{"@id":"https:\/\/fcspartaktrnava.com\/vacsine-mladeznickych-timov-sa-podarilo-cez-vikend-bodovat\/#breadcrumb"},"inLanguage":"en-GB","potentialAction":[{"@type":"ReadAction","target":["https:\/\/fcspartaktrnava.com\/vacsine-mladeznickych-timov-sa-podarilo-cez-vikend-bodovat\/"]}]},{"@type":"ImageObject","inLanguage":"en-GB","@id":"https:\/\/fcspartaktrnava.com\/vacsine-mladeznickych-timov-sa-podarilo-cez-vikend-bodovat\/#primaryimage","url":"https:\/\/fcspartaktrnava.com\/wp-content\/uploads\/2023\/05\/n.jpg","contentUrl":"https:\/\/fcspartaktrnava.com\/wp-content\/uploads\/2023\/05\/n.jpg","width":1600,"height":1200},{"@type":"BreadcrumbList","@id":"https:\/\/fcspartaktrnava.com\/vacsine-mladeznickych-timov-sa-podarilo-cez-vikend-bodovat\/#breadcrumb","itemListElement":[{"@type":"ListItem","position":1,"name":"Home","item":"https:\/\/fcspartaktrnava.com\/"},{"@type":"ListItem","position":2,"name":"V\u00e4\u010d\u0161ine ml\u00e1de\u017en\u00edckych t\u00edmov sa podarilo cez v\u00edkend bodova\u0165"}]},{"@type":"WebSite","@id":"https:\/\/fcspartaktrnava.com\/#website","url":"https:\/\/fcspartaktrnava.com\/","name":"FC Spartak Trnava","description":"ofici\u00e1lna webstr\u00e1nka futbalov\u00e9ho klubu","publisher":{"@id":"https:\/\/fcspartaktrnava.com\/#organization"},"potentialAction":[{"@type":"SearchAction","target":{"@type":"EntryPoint","urlTemplate":"https:\/\/fcspartaktrnava.com\/?s={search_term_string}"},"query-input":{"@type":"PropertyValueSpecification","valueRequired":true,"valueName":"search_term_string"}}],"inLanguage":"en-GB"},{"@type":"Organization","@id":"https:\/\/fcspartaktrnava.com\/#organization","name":"FC Spartak Trnava","alternateName":"Spartak","url":"https:\/\/fcspartaktrnava.com\/","logo":{"@type":"ImageObject","inLanguage":"en-GB","@id":"https:\/\/fcspartaktrnava.com\/#\/schema\/logo\/image\/","url":"https:\/\/fcspartaktrnava.com\/wp-content\/uploads\/2022\/08\/cropped-site_logo.png","contentUrl":"https:\/\/fcspartaktrnava.com\/wp-content\/uploads\/2022\/08\/cropped-site_logo.png","width":140,"height":140,"caption":"FC Spartak Trnava"},"image":{"@id":"https:\/\/fcspartaktrnava.com\/#\/schema\/logo\/image\/"},"sameAs":["https:\/\/www.facebook.com\/SpartakTrnava","https:\/\/x.com\/SpartakTrnava1","https:\/\/www.instagram.com\/spartak_sk\/"]},{"@type":"Person","@id":"https:\/\/fcspartaktrnava.com\/#\/schema\/person\/24bc5b254af14f71d7d8af178790aa75","name":"spartak","image":{"@type":"ImageObject","inLanguage":"en-GB","@id":"https:\/\/fcspartaktrnava.com\/#\/schema\/person\/image\/","url":"https:\/\/secure.gravatar.com\/avatar\/f8ff8584f3fcf3909a11a6da9019f37749183b4015bca14e64556c52614cdc7f?s=96&d=mm&r=g","contentUrl":"https:\/\/secure.gravatar.com\/avatar\/f8ff8584f3fcf3909a11a6da9019f37749183b4015bca14e64556c52614cdc7f?s=96&d=mm&r=g","caption":"spartak"},"url":"https:\/\/fcspartaktrnava.com\/en\/author\/spartak\/"}]}},"_links":{"self":[{"href":"https:\/\/fcspartaktrnava.com\/en\/wp-json\/wp\/v2\/posts\/7608","targetHints":{"allow":["GET"]}}],"collection":[{"href":"https:\/\/fcspartaktrnava.com\/en\/wp-json\/wp\/v2\/posts"}],"about":[{"href":"https:\/\/fcspartaktrnava.com\/en\/wp-json\/wp\/v2\/types\/post"}],"author":[{"embeddable":true,"href":"https:\/\/fcspartaktrnava.com\/en\/wp-json\/wp\/v2\/users\/2"}],"replies":[{"embeddable":true,"href":"https:\/\/fcspartaktrnava.com\/en\/wp-json\/wp\/v2\/comments?post=7608"}],"version-history":[{"count":0,"href":"https:\/\/fcspartaktrnava.com\/en\/wp-json\/wp\/v2\/posts\/7608\/revisions"}],"wp:featuredmedia":[{"embeddable":true,"href":"https:\/\/fcspartaktrnava.com\/en\/wp-json\/wp\/v2\/media\/7609"}],"wp:attachment":[{"href":"https:\/\/fcspartaktrnava.com\/en\/wp-json\/wp\/v2\/media?parent=7608"}],"wp:term":[{"taxonomy":"category","embeddable":true,"href":"https:\/\/fcspartaktrnava.com\/en\/wp-json\/wp\/v2\/categories?post=7608"},{"taxonomy":"post_tag","embeddable":true,"href":"https:\/\/fcspartaktrnava.com\/en\/wp-json\/wp\/v2\/tags?post=7608"}],"curies":[{"name":"wp","href":"https:\/\/api.w.org\/{rel}","templated":true}]}}