{"id":7513,"date":"2023-05-07T07:25:58","date_gmt":"2023-05-07T07:25:58","guid":{"rendered":"https:\/\/fcspartaktrnava.com\/?p=7513"},"modified":"2023-05-09T12:34:04","modified_gmt":"2023-05-09T12:34:04","slug":"nasa-liga-moze-byt-zasa-v-niecom-unikatna","status":"publish","type":"post","link":"https:\/\/fcspartaktrnava.com\/en\/nasa-liga-moze-byt-zasa-v-niecom-unikatna\/","title":{"rendered":"Na\u0161a liga m\u00f4\u017ee by\u0165 zasa v\u00a0nie\u010dom unik\u00e1tna"},"content":{"rendered":"<p>Bansk\u00e1 Bystrica dostala v&nbsp;tejto sez\u00f3ne od Spartaka tri z\u00e1pasov\u00e9 \u201edar\u010deky\u201c a&nbsp;v\u0161etky pretavila na v\u00ed\u0165azstv\u00e1. Prv\u00fd vz\u00e1jomn\u00fd z\u00e1pas odohrali obaja s\u00faperi tri dni po vstupe spartakovcov do Eur\u00f3pskej konferen\u010dnej ligy a&nbsp;Dukle sta\u010dili dve strely na br\u00e1nky (jedna z&nbsp;penalty), aby vyhrala 2:1. V&nbsp;nadstavbovej \u010dasti u\u017e v&nbsp;apr\u00edli cestovali Trnav\u010dania do Banskej Bystrice zdecimovan\u00ed covidom, zahodili penaltu a&nbsp;znova prehrali, tentoraz 0:2. V\u010deraj\u0161\u00ed z\u00e1pas mal tie\u017e svoj pr\u00edbeh a&nbsp;Dukle sta\u010dil len sporadick\u00fd pobyt v&nbsp;s\u00faperovej \u0161estn\u00e1stke a op\u00e4\u0165 iba jedna strela na br\u00e1nku na v\u00ed\u0165azstvo.<\/p>\n\n\n\n<p><strong><em>\u201eDalo sa to o\u010dak\u00e1va\u0165. Po t\u00fdch oslav\u00e1ch a&nbsp;tej em\u00f3cii sily ch\u00fdbali. Tr\u00e9ningov\u00fd proces nebol tak\u00fd, ako m\u00e1 by\u0165, ale trochu sa s&nbsp;t\u00fdm aj r\u00e1talo. Bohu\u017eia\u013e, ten futbal n\u00e1m to dnes vr\u00e1til,\u201c<\/em><\/strong> priznal po z\u00e1pase tr\u00e9ner Michal Ga\u0161par\u00edk, ktor\u00fd vedel, \u017ee to nebude \u013eahk\u00fd z\u00e1pas a&nbsp;hr\u00e1\u010dom bude ch\u00fdba\u0165 viacero atrib\u00fatov k&nbsp;svojmu optim\u00e1lnemu v\u00fdkonu. Jeho slov\u00e1 potvrdil aj Kristi\u00e1n Ko\u0161trna.<\/p>\n\n\n\n<p><strong><em>\u201eBansk\u00e1 Bystrica vy\u0165a\u017eili z&nbsp;minima maximum a&nbsp;vyhrali. Na n\u00e1s bolo vidno, \u017ee po tej euf\u00f3rii v&nbsp;poh\u00e1ri, zrazu&nbsp; pri\u0161lo tak\u00e9 uspokojenie a&nbsp;bolo to bez energie. \u0160koda, mali sme to vo vlastn\u00fdch ruk\u00e1ch, ak by sme dnes vyhrali, tak viac-menej by to tretie miesto bolo ist\u00e9, ale prehrali sme a&nbsp;budeme musie\u0165 bojova\u0165.\u201c<\/em><\/strong><\/p>\n\n\n\n<p>Spartakovcom sa tak skomplikovala obhajoba tretieho miesta, na ktor\u00e9 sa tla\u010dia Bansk\u00e1 Bystrica a&nbsp;aj Podbrezov\u00e1. Pr\u00e1ve na Horehron\u00ed sa najbli\u017e\u0161ie predstav\u00ed aj Trnava. <strong><em>\u201eTeraz ideme do Podbrezovej a&nbsp;tam sa asi rozhodne. Keby sme tam n\u00e1hodu prehrali, tak to bude \u0165a\u017ek\u00e9 obh\u00e1ji\u0165. Ke\u010f tam neprehr\u00e1me, tam op\u00e4\u0165 budeme ma\u0165 v\u0161etko vo vlastn\u00fdch ruk\u00e1ch. Chceme tretie miesto a&nbsp;ver\u00edm, \u017ee sa na posledn\u00e9 dve kol\u00e1 zomkneme,\u201c <\/em><\/strong>hovor\u00ed Ko\u0161trna, ktor\u00fd nechce vo zvy\u0161ku sez\u00f3ny rezignova\u0165, hoci si poh\u00e1rov\u00e9 miestenku u\u017e zabezpe\u010dil. <strong><em>\u201eTreba sa nasra\u0165 a&nbsp;da\u0165 do toho maximum. Odkedy som pri\u0161iel do Trnavy, tak som vyhral dva razy poh\u00e1r a&nbsp;boli sme minim\u00e1lne tret\u00ed a&nbsp;hor\u0161ie nechcem skon\u010di\u0165 ani teraz.\u201c<\/em><\/strong><\/p>\n\n\n\n<figure class=\"wp-block-embed is-type-video is-provider-youtube wp-block-embed-youtube wp-embed-aspect-16-9 wp-has-aspect-ratio\"><div class=\"wp-block-embed__wrapper\">\n<iframe loading=\"lazy\" title=\"Kristi\u00e1n Ko\u0161trna po z\u00e1pase s Duklou\" width=\"500\" height=\"281\" src=\"https:\/\/www.youtube.com\/embed\/nnCylr3GYLA?feature=oembed\" frameborder=\"0\" allow=\"accelerometer; autoplay; clipboard-write; encrypted-media; gyroscope; picture-in-picture; web-share\" referrerpolicy=\"strict-origin-when-cross-origin\" allowfullscreen><\/iframe>\n<\/div><\/figure>\n\n\n\n<p>Futbalistom Trnavy mo\u017eno vy\u010d\u00edta\u0165, \u017ee nedok\u00e1zali nadviaza\u0165 na v\u00fdkon z&nbsp;poh\u00e1rov\u00e9ho fin\u00e1le proti Slovanu. Tam ich hnalo dopredu vypredan\u00e9 h\u013eadisko a&nbsp;siahali na svoje rezervy. Na v\u010deraj\u0161om z\u00e1pase nech\u00fdbali iba t\u00ed najvernej\u0161\u00ed, ktor\u00ed nechodia na s\u00fapera, ale na Spartak. Kotol na ju\u017enej trib\u00fane napriek nepriazniv\u00e9mu sk\u00f3re pracoval na pln\u00e9 obr\u00e1tky a&nbsp;detsk\u00fd sektor uk\u00e1zal, \u017ee t\u00fdm najmen\u0161\u00edm nez\u00e1le\u017e\u00ed na tom, proti komu sa hr\u00e1, ale sta\u010d\u00ed vhodn\u00e1 doba a&nbsp;prijate\u013en\u00e9 po\u010dasie. Odmenou im bola prekrikova\u010dka s&nbsp;kotlom, \u010do bolo asi to najkraj\u0161ie na v\u010deraj\u0161om z\u00e1pase. T\u00ed ostatn\u00ed z&nbsp;pondelka u\u017e zrejme maj\u00fa svoju fin\u00e1lov\u00fa fotku na sie\u0165ach a&nbsp;te\u0161ia sa na \u017ereb eur\u00f3pskych poh\u00e1rov.<\/p>\n\n\n\n<p><strong><em>\u201eChceli sme vyhra\u0165, ale pracovali sme aj so scen\u00e1rom, \u017ee sa m\u00f4\u017ee sta\u0165 toto. M\u00f4\u017ee sa sta\u0165 aj to, \u017ee Podbrezov\u00e1 pod\u00e1 v\u00fdborn\u00fd v\u00fdkon a\u00a0vyhr\u00e1 nad nami a\u00a0presko\u010d\u00ed n\u00e1s. My m\u00e1m v\u00a0poslednom kole \u017dilinu a\u00a0Dukla s\u00a0Podbrezovou maj\u00fa Slovan a\u00a0Dunajsk\u00fa Stredu. Dost\u00e1vame sa t\u00fdm do divnej situ\u00e1cie, \u017ee pokia\u013e sa m\u00e1 hra\u0165 bar\u00e1\u017e o\u00a0Eur\u00f3pu, tak je potrebn\u00e9, aby sme my skon\u010dili tret\u00ed&#8230;\u201c<\/em><\/strong> nar\u00e1\u017ea Ga\u0161par\u00edk na paradoxn\u00fa situ\u00e1ciu, ktor\u00e1 zrejme nem\u00e1 v\u00a0eur\u00f3pskych s\u00fa\u0165a\u017eiach obdobu. V\u00a0poslednom kole host\u00ed Spartak \u017dilinu, ktor\u00e1 u\u017e nem\u00f4\u017ee skon\u010di\u0165 na tre\u0165om mieste a\u00a0do bar\u00e1\u017ee o\u00a0Konferen\u010dn\u00fa ligu sa dostane len v\u00a0pr\u00edpade, ak na bronzovej prie\u010dke udr\u017e\u00ed Trnava. Ak\u00fa maj\u00fa ma\u0165 \u017dilin\u010dania motiv\u00e1ciu zdola\u0165 Trnavu?!<\/p>\n\n\n\n<div class=\"wp-block-buttons is-layout-flex wp-block-buttons-is-layout-flex\">\n<div class=\"wp-block-button aligncenter is-style-fill\"><a class=\"wp-block-button__link has-white-color has-text-color has-background wp-element-button\" href=\"https:\/\/fcspartaktrnava.com\/en\/galerii\/30-kolo-fc-spartak-trnava-vs-mfk-dukla-banska-bystrica\/\" style=\"border-radius:0px;background-color:#d40133\" target=\"_blank\" rel=\"noreferrer noopener\">PHOTO GALLERY<\/a><\/div>\n<\/div>","protected":false},"excerpt":{"rendered":"<p>Bansk\u00e1 Bystrica dostala v&nbsp;tejto sez\u00f3ne od Spartaka tri&#8230;<\/p>","protected":false},"author":2,"featured_media":7488,"comment_status":"closed","ping_status":"closed","sticky":false,"template":"","format":"standard","meta":{"footnotes":""},"categories":[41],"tags":[11],"class_list":["post-7513","post","type-post","status-publish","format-standard","has-post-thumbnail","hentry","category-intervju","tag-michal-gasparik","post-number-1"],"yoast_head":"<!-- This site is optimized with the Yoast SEO plugin v27.1.1 - https:\/\/yoast.com\/product\/yoast-seo-wordpress\/ -->\n<title>Na\u0161a liga m\u00f4\u017ee by\u0165 zasa v\u00a0nie\u010dom unik\u00e1tna - FC Spartak Trnava<\/title>\n<meta name=\"robots\" content=\"index, follow, max-snippet:-1, max-image-preview:large, max-video-preview:-1\" \/>\n<link rel=\"canonical\" href=\"https:\/\/fcspartaktrnava.com\/en\/nasa-liga-moze-byt-zasa-v-niecom-unikatna\/\" \/>\n<meta name=\"twitter:label1\" content=\"Written by\" \/>\n\t<meta name=\"twitter:data1\" content=\"spartak\" \/>\n\t<meta name=\"twitter:label2\" content=\"Estimated reading time\" \/>\n\t<meta name=\"twitter:data2\" content=\"3 minutes\" \/>\n<script type=\"application\/ld+json\" class=\"yoast-schema-graph\">{\"@context\":\"https:\/\/schema.org\",\"@graph\":[{\"@type\":\"Article\",\"@id\":\"https:\/\/fcspartaktrnava.com\/nasa-liga-moze-byt-zasa-v-niecom-unikatna\/#article\",\"isPartOf\":{\"@id\":\"https:\/\/fcspartaktrnava.com\/nasa-liga-moze-byt-zasa-v-niecom-unikatna\/\"},\"author\":{\"name\":\"spartak\",\"@id\":\"https:\/\/fcspartaktrnava.com\/#\/schema\/person\/24bc5b254af14f71d7d8af178790aa75\"},\"headline\":\"Na\u0161a liga m\u00f4\u017ee by\u0165 zasa v\u00a0nie\u010dom unik\u00e1tna\",\"datePublished\":\"2023-05-07T07:25:58+00:00\",\"dateModified\":\"2023-05-09T12:34:04+00:00\",\"mainEntityOfPage\":{\"@id\":\"https:\/\/fcspartaktrnava.com\/nasa-liga-moze-byt-zasa-v-niecom-unikatna\/\"},\"wordCount\":721,\"publisher\":{\"@id\":\"https:\/\/fcspartaktrnava.com\/#organization\"},\"image\":{\"@id\":\"https:\/\/fcspartaktrnava.com\/nasa-liga-moze-byt-zasa-v-niecom-unikatna\/#primaryimage\"},\"thumbnailUrl\":\"https:\/\/fcspartaktrnava.com\/wp-content\/uploads\/2023\/05\/DSC_4262.jpg\",\"keywords\":[\"Michal Ga\u0161par\u00edk\"],\"articleSection\":[\"Rozhovory\"],\"inLanguage\":\"en-GB\"},{\"@type\":\"WebPage\",\"@id\":\"https:\/\/fcspartaktrnava.com\/nasa-liga-moze-byt-zasa-v-niecom-unikatna\/\",\"url\":\"https:\/\/fcspartaktrnava.com\/nasa-liga-moze-byt-zasa-v-niecom-unikatna\/\",\"name\":\"Na\u0161a liga m\u00f4\u017ee by\u0165 zasa v\u00a0nie\u010dom unik\u00e1tna - FC Spartak Trnava\",\"isPartOf\":{\"@id\":\"https:\/\/fcspartaktrnava.com\/#website\"},\"primaryImageOfPage\":{\"@id\":\"https:\/\/fcspartaktrnava.com\/nasa-liga-moze-byt-zasa-v-niecom-unikatna\/#primaryimage\"},\"image\":{\"@id\":\"https:\/\/fcspartaktrnava.com\/nasa-liga-moze-byt-zasa-v-niecom-unikatna\/#primaryimage\"},\"thumbnailUrl\":\"https:\/\/fcspartaktrnava.com\/wp-content\/uploads\/2023\/05\/DSC_4262.jpg\",\"datePublished\":\"2023-05-07T07:25:58+00:00\",\"dateModified\":\"2023-05-09T12:34:04+00:00\",\"breadcrumb\":{\"@id\":\"https:\/\/fcspartaktrnava.com\/nasa-liga-moze-byt-zasa-v-niecom-unikatna\/#breadcrumb\"},\"inLanguage\":\"en-GB\",\"potentialAction\":[{\"@type\":\"ReadAction\",\"target\":[\"https:\/\/fcspartaktrnava.com\/nasa-liga-moze-byt-zasa-v-niecom-unikatna\/\"]}]},{\"@type\":\"ImageObject\",\"inLanguage\":\"en-GB\",\"@id\":\"https:\/\/fcspartaktrnava.com\/nasa-liga-moze-byt-zasa-v-niecom-unikatna\/#primaryimage\",\"url\":\"https:\/\/fcspartaktrnava.com\/wp-content\/uploads\/2023\/05\/DSC_4262.jpg\",\"contentUrl\":\"https:\/\/fcspartaktrnava.com\/wp-content\/uploads\/2023\/05\/DSC_4262.jpg\",\"width\":1500,\"height\":1000},{\"@type\":\"BreadcrumbList\",\"@id\":\"https:\/\/fcspartaktrnava.com\/nasa-liga-moze-byt-zasa-v-niecom-unikatna\/#breadcrumb\",\"itemListElement\":[{\"@type\":\"ListItem\",\"position\":1,\"name\":\"Home\",\"item\":\"https:\/\/fcspartaktrnava.com\/\"},{\"@type\":\"ListItem\",\"position\":2,\"name\":\"Na\u0161a liga m\u00f4\u017ee by\u0165 zasa v\u00a0nie\u010dom unik\u00e1tna\"}]},{\"@type\":\"WebSite\",\"@id\":\"https:\/\/fcspartaktrnava.com\/#website\",\"url\":\"https:\/\/fcspartaktrnava.com\/\",\"name\":\"FC Spartak Trnava\",\"description\":\"ofici\u00e1lna webstr\u00e1nka futbalov\u00e9ho klubu\",\"publisher\":{\"@id\":\"https:\/\/fcspartaktrnava.com\/#organization\"},\"potentialAction\":[{\"@type\":\"SearchAction\",\"target\":{\"@type\":\"EntryPoint\",\"urlTemplate\":\"https:\/\/fcspartaktrnava.com\/?s={search_term_string}\"},\"query-input\":{\"@type\":\"PropertyValueSpecification\",\"valueRequired\":true,\"valueName\":\"search_term_string\"}}],\"inLanguage\":\"en-GB\"},{\"@type\":\"Organization\",\"@id\":\"https:\/\/fcspartaktrnava.com\/#organization\",\"name\":\"FC Spartak Trnava\",\"alternateName\":\"Spartak\",\"url\":\"https:\/\/fcspartaktrnava.com\/\",\"logo\":{\"@type\":\"ImageObject\",\"inLanguage\":\"en-GB\",\"@id\":\"https:\/\/fcspartaktrnava.com\/#\/schema\/logo\/image\/\",\"url\":\"https:\/\/fcspartaktrnava.com\/wp-content\/uploads\/2022\/08\/cropped-site_logo.png\",\"contentUrl\":\"https:\/\/fcspartaktrnava.com\/wp-content\/uploads\/2022\/08\/cropped-site_logo.png\",\"width\":140,\"height\":140,\"caption\":\"FC Spartak Trnava\"},\"image\":{\"@id\":\"https:\/\/fcspartaktrnava.com\/#\/schema\/logo\/image\/\"},\"sameAs\":[\"https:\/\/www.facebook.com\/SpartakTrnava\",\"https:\/\/x.com\/SpartakTrnava1\",\"https:\/\/www.instagram.com\/spartak_sk\/\"]},{\"@type\":\"Person\",\"@id\":\"https:\/\/fcspartaktrnava.com\/#\/schema\/person\/24bc5b254af14f71d7d8af178790aa75\",\"name\":\"spartak\",\"image\":{\"@type\":\"ImageObject\",\"inLanguage\":\"en-GB\",\"@id\":\"https:\/\/fcspartaktrnava.com\/#\/schema\/person\/image\/\",\"url\":\"https:\/\/secure.gravatar.com\/avatar\/f8ff8584f3fcf3909a11a6da9019f37749183b4015bca14e64556c52614cdc7f?s=96&d=mm&r=g\",\"contentUrl\":\"https:\/\/secure.gravatar.com\/avatar\/f8ff8584f3fcf3909a11a6da9019f37749183b4015bca14e64556c52614cdc7f?s=96&d=mm&r=g\",\"caption\":\"spartak\"},\"url\":\"https:\/\/fcspartaktrnava.com\/en\/author\/spartak\/\"}]}<\/script>\n<!-- \/ Yoast SEO plugin. -->","yoast_head_json":{"title":"Na\u0161a liga m\u00f4\u017ee by\u0165 zasa v\u00a0nie\u010dom unik\u00e1tna - FC Spartak Trnava","robots":{"index":"index","follow":"follow","max-snippet":"max-snippet:-1","max-image-preview":"max-image-preview:large","max-video-preview":"max-video-preview:-1"},"canonical":"https:\/\/fcspartaktrnava.com\/en\/nasa-liga-moze-byt-zasa-v-niecom-unikatna\/","twitter_misc":{"Written by":"spartak","Estimated reading time":"3 minutes"},"schema":{"@context":"https:\/\/schema.org","@graph":[{"@type":"Article","@id":"https:\/\/fcspartaktrnava.com\/nasa-liga-moze-byt-zasa-v-niecom-unikatna\/#article","isPartOf":{"@id":"https:\/\/fcspartaktrnava.com\/nasa-liga-moze-byt-zasa-v-niecom-unikatna\/"},"author":{"name":"spartak","@id":"https:\/\/fcspartaktrnava.com\/#\/schema\/person\/24bc5b254af14f71d7d8af178790aa75"},"headline":"Na\u0161a liga m\u00f4\u017ee by\u0165 zasa v\u00a0nie\u010dom unik\u00e1tna","datePublished":"2023-05-07T07:25:58+00:00","dateModified":"2023-05-09T12:34:04+00:00","mainEntityOfPage":{"@id":"https:\/\/fcspartaktrnava.com\/nasa-liga-moze-byt-zasa-v-niecom-unikatna\/"},"wordCount":721,"publisher":{"@id":"https:\/\/fcspartaktrnava.com\/#organization"},"image":{"@id":"https:\/\/fcspartaktrnava.com\/nasa-liga-moze-byt-zasa-v-niecom-unikatna\/#primaryimage"},"thumbnailUrl":"https:\/\/fcspartaktrnava.com\/wp-content\/uploads\/2023\/05\/DSC_4262.jpg","keywords":["Michal Ga\u0161par\u00edk"],"articleSection":["Rozhovory"],"inLanguage":"en-GB"},{"@type":"WebPage","@id":"https:\/\/fcspartaktrnava.com\/nasa-liga-moze-byt-zasa-v-niecom-unikatna\/","url":"https:\/\/fcspartaktrnava.com\/nasa-liga-moze-byt-zasa-v-niecom-unikatna\/","name":"Na\u0161a liga m\u00f4\u017ee by\u0165 zasa v\u00a0nie\u010dom unik\u00e1tna - FC Spartak Trnava","isPartOf":{"@id":"https:\/\/fcspartaktrnava.com\/#website"},"primaryImageOfPage":{"@id":"https:\/\/fcspartaktrnava.com\/nasa-liga-moze-byt-zasa-v-niecom-unikatna\/#primaryimage"},"image":{"@id":"https:\/\/fcspartaktrnava.com\/nasa-liga-moze-byt-zasa-v-niecom-unikatna\/#primaryimage"},"thumbnailUrl":"https:\/\/fcspartaktrnava.com\/wp-content\/uploads\/2023\/05\/DSC_4262.jpg","datePublished":"2023-05-07T07:25:58+00:00","dateModified":"2023-05-09T12:34:04+00:00","breadcrumb":{"@id":"https:\/\/fcspartaktrnava.com\/nasa-liga-moze-byt-zasa-v-niecom-unikatna\/#breadcrumb"},"inLanguage":"en-GB","potentialAction":[{"@type":"ReadAction","target":["https:\/\/fcspartaktrnava.com\/nasa-liga-moze-byt-zasa-v-niecom-unikatna\/"]}]},{"@type":"ImageObject","inLanguage":"en-GB","@id":"https:\/\/fcspartaktrnava.com\/nasa-liga-moze-byt-zasa-v-niecom-unikatna\/#primaryimage","url":"https:\/\/fcspartaktrnava.com\/wp-content\/uploads\/2023\/05\/DSC_4262.jpg","contentUrl":"https:\/\/fcspartaktrnava.com\/wp-content\/uploads\/2023\/05\/DSC_4262.jpg","width":1500,"height":1000},{"@type":"BreadcrumbList","@id":"https:\/\/fcspartaktrnava.com\/nasa-liga-moze-byt-zasa-v-niecom-unikatna\/#breadcrumb","itemListElement":[{"@type":"ListItem","position":1,"name":"Home","item":"https:\/\/fcspartaktrnava.com\/"},{"@type":"ListItem","position":2,"name":"Na\u0161a liga m\u00f4\u017ee by\u0165 zasa v\u00a0nie\u010dom unik\u00e1tna"}]},{"@type":"WebSite","@id":"https:\/\/fcspartaktrnava.com\/#website","url":"https:\/\/fcspartaktrnava.com\/","name":"FC Spartak Trnava","description":"ofici\u00e1lna webstr\u00e1nka futbalov\u00e9ho klubu","publisher":{"@id":"https:\/\/fcspartaktrnava.com\/#organization"},"potentialAction":[{"@type":"SearchAction","target":{"@type":"EntryPoint","urlTemplate":"https:\/\/fcspartaktrnava.com\/?s={search_term_string}"},"query-input":{"@type":"PropertyValueSpecification","valueRequired":true,"valueName":"search_term_string"}}],"inLanguage":"en-GB"},{"@type":"Organization","@id":"https:\/\/fcspartaktrnava.com\/#organization","name":"FC Spartak Trnava","alternateName":"Spartak","url":"https:\/\/fcspartaktrnava.com\/","logo":{"@type":"ImageObject","inLanguage":"en-GB","@id":"https:\/\/fcspartaktrnava.com\/#\/schema\/logo\/image\/","url":"https:\/\/fcspartaktrnava.com\/wp-content\/uploads\/2022\/08\/cropped-site_logo.png","contentUrl":"https:\/\/fcspartaktrnava.com\/wp-content\/uploads\/2022\/08\/cropped-site_logo.png","width":140,"height":140,"caption":"FC Spartak Trnava"},"image":{"@id":"https:\/\/fcspartaktrnava.com\/#\/schema\/logo\/image\/"},"sameAs":["https:\/\/www.facebook.com\/SpartakTrnava","https:\/\/x.com\/SpartakTrnava1","https:\/\/www.instagram.com\/spartak_sk\/"]},{"@type":"Person","@id":"https:\/\/fcspartaktrnava.com\/#\/schema\/person\/24bc5b254af14f71d7d8af178790aa75","name":"spartak","image":{"@type":"ImageObject","inLanguage":"en-GB","@id":"https:\/\/fcspartaktrnava.com\/#\/schema\/person\/image\/","url":"https:\/\/secure.gravatar.com\/avatar\/f8ff8584f3fcf3909a11a6da9019f37749183b4015bca14e64556c52614cdc7f?s=96&d=mm&r=g","contentUrl":"https:\/\/secure.gravatar.com\/avatar\/f8ff8584f3fcf3909a11a6da9019f37749183b4015bca14e64556c52614cdc7f?s=96&d=mm&r=g","caption":"spartak"},"url":"https:\/\/fcspartaktrnava.com\/en\/author\/spartak\/"}]}},"_links":{"self":[{"href":"https:\/\/fcspartaktrnava.com\/en\/wp-json\/wp\/v2\/posts\/7513","targetHints":{"allow":["GET"]}}],"collection":[{"href":"https:\/\/fcspartaktrnava.com\/en\/wp-json\/wp\/v2\/posts"}],"about":[{"href":"https:\/\/fcspartaktrnava.com\/en\/wp-json\/wp\/v2\/types\/post"}],"author":[{"embeddable":true,"href":"https:\/\/fcspartaktrnava.com\/en\/wp-json\/wp\/v2\/users\/2"}],"replies":[{"embeddable":true,"href":"https:\/\/fcspartaktrnava.com\/en\/wp-json\/wp\/v2\/comments?post=7513"}],"version-history":[{"count":0,"href":"https:\/\/fcspartaktrnava.com\/en\/wp-json\/wp\/v2\/posts\/7513\/revisions"}],"wp:featuredmedia":[{"embeddable":true,"href":"https:\/\/fcspartaktrnava.com\/en\/wp-json\/wp\/v2\/media\/7488"}],"wp:attachment":[{"href":"https:\/\/fcspartaktrnava.com\/en\/wp-json\/wp\/v2\/media?parent=7513"}],"wp:term":[{"taxonomy":"category","embeddable":true,"href":"https:\/\/fcspartaktrnava.com\/en\/wp-json\/wp\/v2\/categories?post=7513"},{"taxonomy":"post_tag","embeddable":true,"href":"https:\/\/fcspartaktrnava.com\/en\/wp-json\/wp\/v2\/tags?post=7513"}],"curies":[{"name":"wp","href":"https:\/\/api.w.org\/{rel}","templated":true}]}}