{"id":7439,"date":"2023-05-03T15:06:42","date_gmt":"2023-05-03T15:06:42","guid":{"rendered":"https:\/\/fcspartaktrnava.com\/?p=7439"},"modified":"2023-05-03T15:10:33","modified_gmt":"2023-05-03T15:10:33","slug":"aftermovie-z-finale-pohara","status":"publish","type":"post","link":"https:\/\/fcspartaktrnava.com\/en\/aftermovie-z-finale-pohara\/","title":{"rendered":"Aftermovie z fin\u00e1le poh\u00e1ra ako pozv\u00e1nka na Duklu"},"content":{"rendered":"<p>Pripome\u0148me si spolo\u010dne v kr\u00e1tkom videu tie najkraj\u0161ie em\u00f3cie z pondelkov\u00e9ho fin\u00e1lov\u00e9ho, v ktorom Spartak zdolal Slovan 3:1 a obh\u00e1jil prvenstvo v Slovenskom poh\u00e1ri. V\u0161etko sa to za\u010dalo na n\u00e1mest\u00ed, odkia\u013e sa fan\u00fa\u0161ikovia pres\u00favali spolo\u010dne na \u0160tadi\u00f3n Antona Malatinsk\u00e9ho, kde za\u017eili tri g\u00f3lov\u00e9 erupcie radosti. Hne\u010f po z\u00e1pase pri\u0161la prv\u00e1 oslava s poh\u00e1rom priamo na ploche, aby sa ve\u010der skon\u010dil tam, kde sa za\u010dal. Davy fan\u00fa\u0161ikov pri\u0161ili na Troji\u010dn\u00e9 n\u00e1mestie pozdravi\u0165 aj hr\u00e1\u010di a spolo\u010dne si zaspievali trnavsk\u00e9 chor\u00e1ly.<\/p>\n\n\n\n<p>T\u00e1to nov patrila Spartaku a ver\u00edme, \u017ee jej bud\u00fa patri\u0165 aj \u010fal\u0161ie z\u00e1pasy. Liga sa e\u0161te nekon\u010d\u00ed a verme, \u017ee toto video fan\u00fa\u0161ikov navnad\u00ed, aby si pri\u0161li pozrie\u0165 na spartakovcov aj v sobotu, kedy ich od 18. hodiny \u010dak\u00e1 z\u00e1pas s Banskou Bystricou. V\u00ed\u0165azstvom si m\u00f4\u017eu dve kol\u00e1 pred koncom definit\u00edvne zaisti\u0165 tretiu prie\u010dku v tabu\u013eke a definit\u00edvne t\u00fdm splni\u0165 svoje predsez\u00f3nne ciele.<\/p>\n\n\n\n<p>Vstupenky s\u00fa v predaji vo fanshope alebo online na <a href=\"https:\/\/cityarena.maxiticket.sk\/fc-spartak-trnava-vs-mfk-dukla-banska-bystrica-2023.\" target=\"_blank\" rel=\"noreferrer noopener\">https:\/\/cityarena.maxiticket.sk\/fc-spartak-trnava-vs-mfk-dukla-banska-bystrica-2023.<\/a><\/p>\n\n\n\n<figure class=\"wp-block-embed is-type-video is-provider-youtube wp-block-embed-youtube wp-embed-aspect-16-9 wp-has-aspect-ratio\"><div class=\"wp-block-embed__wrapper\">\n<iframe loading=\"lazy\" title=\"AFTERMOVIE | Fin\u00e1le Slovnaft Cup-u 2022\/2023\" width=\"500\" height=\"281\" src=\"https:\/\/www.youtube.com\/embed\/2RfyijDD0Sw?feature=oembed\" frameborder=\"0\" allow=\"accelerometer; autoplay; clipboard-write; encrypted-media; gyroscope; picture-in-picture; web-share\" referrerpolicy=\"strict-origin-when-cross-origin\" allowfullscreen><\/iframe>\n<\/div><\/figure>","protected":false},"excerpt":{"rendered":"<p>Pripome\u0148me si spolo\u010dne v kr\u00e1tkom videu tie najkraj\u0161ie&#8230;<\/p>","protected":false},"author":2,"featured_media":7350,"comment_status":"closed","ping_status":"closed","sticky":false,"template":"","format":"standard","meta":{"footnotes":""},"categories":[18],"tags":[57],"class_list":["post-7439","post","type-post","status-publish","format-standard","has-post-thumbnail","hentry","category-video","tag-slovnaft-cup","post-number-1"],"yoast_head":"<!-- This site is optimized with the Yoast SEO plugin v27.1.1 - https:\/\/yoast.com\/product\/yoast-seo-wordpress\/ -->\n<title>Aftermovie z fin\u00e1le poh\u00e1ra ako pozv\u00e1nka na Duklu - FC Spartak Trnava<\/title>\n<meta name=\"robots\" content=\"index, follow, max-snippet:-1, max-image-preview:large, max-video-preview:-1\" \/>\n<link rel=\"canonical\" href=\"https:\/\/fcspartaktrnava.com\/en\/aftermovie-z-finale-pohara\/\" \/>\n<meta name=\"twitter:label1\" content=\"Written by\" \/>\n\t<meta name=\"twitter:data1\" content=\"spartak\" \/>\n\t<meta name=\"twitter:label2\" content=\"Estimated reading time\" \/>\n\t<meta name=\"twitter:data2\" content=\"1 minute\" \/>\n<script type=\"application\/ld+json\" class=\"yoast-schema-graph\">{\"@context\":\"https:\/\/schema.org\",\"@graph\":[{\"@type\":\"Article\",\"@id\":\"https:\/\/fcspartaktrnava.com\/aftermovie-z-finale-pohara\/#article\",\"isPartOf\":{\"@id\":\"https:\/\/fcspartaktrnava.com\/aftermovie-z-finale-pohara\/\"},\"author\":{\"name\":\"spartak\",\"@id\":\"https:\/\/fcspartaktrnava.com\/#\/schema\/person\/24bc5b254af14f71d7d8af178790aa75\"},\"headline\":\"Aftermovie z fin\u00e1le poh\u00e1ra ako pozv\u00e1nka na Duklu\",\"datePublished\":\"2023-05-03T15:06:42+00:00\",\"dateModified\":\"2023-05-03T15:10:33+00:00\",\"mainEntityOfPage\":{\"@id\":\"https:\/\/fcspartaktrnava.com\/aftermovie-z-finale-pohara\/\"},\"wordCount\":222,\"publisher\":{\"@id\":\"https:\/\/fcspartaktrnava.com\/#organization\"},\"image\":{\"@id\":\"https:\/\/fcspartaktrnava.com\/aftermovie-z-finale-pohara\/#primaryimage\"},\"thumbnailUrl\":\"https:\/\/fcspartaktrnava.com\/wp-content\/uploads\/2023\/05\/DSC_3095.jpg\",\"keywords\":[\"Slovnaft Cup\"],\"articleSection\":[\"Video\"],\"inLanguage\":\"en-GB\"},{\"@type\":\"WebPage\",\"@id\":\"https:\/\/fcspartaktrnava.com\/aftermovie-z-finale-pohara\/\",\"url\":\"https:\/\/fcspartaktrnava.com\/aftermovie-z-finale-pohara\/\",\"name\":\"Aftermovie z fin\u00e1le poh\u00e1ra ako pozv\u00e1nka na Duklu - FC Spartak Trnava\",\"isPartOf\":{\"@id\":\"https:\/\/fcspartaktrnava.com\/#website\"},\"primaryImageOfPage\":{\"@id\":\"https:\/\/fcspartaktrnava.com\/aftermovie-z-finale-pohara\/#primaryimage\"},\"image\":{\"@id\":\"https:\/\/fcspartaktrnava.com\/aftermovie-z-finale-pohara\/#primaryimage\"},\"thumbnailUrl\":\"https:\/\/fcspartaktrnava.com\/wp-content\/uploads\/2023\/05\/DSC_3095.jpg\",\"datePublished\":\"2023-05-03T15:06:42+00:00\",\"dateModified\":\"2023-05-03T15:10:33+00:00\",\"breadcrumb\":{\"@id\":\"https:\/\/fcspartaktrnava.com\/aftermovie-z-finale-pohara\/#breadcrumb\"},\"inLanguage\":\"en-GB\",\"potentialAction\":[{\"@type\":\"ReadAction\",\"target\":[\"https:\/\/fcspartaktrnava.com\/aftermovie-z-finale-pohara\/\"]}]},{\"@type\":\"ImageObject\",\"inLanguage\":\"en-GB\",\"@id\":\"https:\/\/fcspartaktrnava.com\/aftermovie-z-finale-pohara\/#primaryimage\",\"url\":\"https:\/\/fcspartaktrnava.com\/wp-content\/uploads\/2023\/05\/DSC_3095.jpg\",\"contentUrl\":\"https:\/\/fcspartaktrnava.com\/wp-content\/uploads\/2023\/05\/DSC_3095.jpg\",\"width\":1520,\"height\":1011},{\"@type\":\"BreadcrumbList\",\"@id\":\"https:\/\/fcspartaktrnava.com\/aftermovie-z-finale-pohara\/#breadcrumb\",\"itemListElement\":[{\"@type\":\"ListItem\",\"position\":1,\"name\":\"Home\",\"item\":\"https:\/\/fcspartaktrnava.com\/\"},{\"@type\":\"ListItem\",\"position\":2,\"name\":\"Aftermovie z fin\u00e1le poh\u00e1ra ako pozv\u00e1nka na Duklu\"}]},{\"@type\":\"WebSite\",\"@id\":\"https:\/\/fcspartaktrnava.com\/#website\",\"url\":\"https:\/\/fcspartaktrnava.com\/\",\"name\":\"FC Spartak Trnava\",\"description\":\"ofici\u00e1lna webstr\u00e1nka futbalov\u00e9ho klubu\",\"publisher\":{\"@id\":\"https:\/\/fcspartaktrnava.com\/#organization\"},\"potentialAction\":[{\"@type\":\"SearchAction\",\"target\":{\"@type\":\"EntryPoint\",\"urlTemplate\":\"https:\/\/fcspartaktrnava.com\/?s={search_term_string}\"},\"query-input\":{\"@type\":\"PropertyValueSpecification\",\"valueRequired\":true,\"valueName\":\"search_term_string\"}}],\"inLanguage\":\"en-GB\"},{\"@type\":\"Organization\",\"@id\":\"https:\/\/fcspartaktrnava.com\/#organization\",\"name\":\"FC Spartak Trnava\",\"alternateName\":\"Spartak\",\"url\":\"https:\/\/fcspartaktrnava.com\/\",\"logo\":{\"@type\":\"ImageObject\",\"inLanguage\":\"en-GB\",\"@id\":\"https:\/\/fcspartaktrnava.com\/#\/schema\/logo\/image\/\",\"url\":\"https:\/\/fcspartaktrnava.com\/wp-content\/uploads\/2022\/08\/cropped-site_logo.png\",\"contentUrl\":\"https:\/\/fcspartaktrnava.com\/wp-content\/uploads\/2022\/08\/cropped-site_logo.png\",\"width\":140,\"height\":140,\"caption\":\"FC Spartak Trnava\"},\"image\":{\"@id\":\"https:\/\/fcspartaktrnava.com\/#\/schema\/logo\/image\/\"},\"sameAs\":[\"https:\/\/www.facebook.com\/SpartakTrnava\",\"https:\/\/x.com\/SpartakTrnava1\",\"https:\/\/www.instagram.com\/spartak_sk\/\"]},{\"@type\":\"Person\",\"@id\":\"https:\/\/fcspartaktrnava.com\/#\/schema\/person\/24bc5b254af14f71d7d8af178790aa75\",\"name\":\"spartak\",\"image\":{\"@type\":\"ImageObject\",\"inLanguage\":\"en-GB\",\"@id\":\"https:\/\/fcspartaktrnava.com\/#\/schema\/person\/image\/\",\"url\":\"https:\/\/secure.gravatar.com\/avatar\/f8ff8584f3fcf3909a11a6da9019f37749183b4015bca14e64556c52614cdc7f?s=96&d=mm&r=g\",\"contentUrl\":\"https:\/\/secure.gravatar.com\/avatar\/f8ff8584f3fcf3909a11a6da9019f37749183b4015bca14e64556c52614cdc7f?s=96&d=mm&r=g\",\"caption\":\"spartak\"},\"url\":\"https:\/\/fcspartaktrnava.com\/en\/author\/spartak\/\"}]}<\/script>\n<!-- \/ Yoast SEO plugin. -->","yoast_head_json":{"title":"Aftermovie z fin\u00e1le poh\u00e1ra ako pozv\u00e1nka na Duklu - FC Spartak Trnava","robots":{"index":"index","follow":"follow","max-snippet":"max-snippet:-1","max-image-preview":"max-image-preview:large","max-video-preview":"max-video-preview:-1"},"canonical":"https:\/\/fcspartaktrnava.com\/en\/aftermovie-z-finale-pohara\/","twitter_misc":{"Written by":"spartak","Estimated reading time":"1 minute"},"schema":{"@context":"https:\/\/schema.org","@graph":[{"@type":"Article","@id":"https:\/\/fcspartaktrnava.com\/aftermovie-z-finale-pohara\/#article","isPartOf":{"@id":"https:\/\/fcspartaktrnava.com\/aftermovie-z-finale-pohara\/"},"author":{"name":"spartak","@id":"https:\/\/fcspartaktrnava.com\/#\/schema\/person\/24bc5b254af14f71d7d8af178790aa75"},"headline":"Aftermovie z fin\u00e1le poh\u00e1ra ako pozv\u00e1nka na Duklu","datePublished":"2023-05-03T15:06:42+00:00","dateModified":"2023-05-03T15:10:33+00:00","mainEntityOfPage":{"@id":"https:\/\/fcspartaktrnava.com\/aftermovie-z-finale-pohara\/"},"wordCount":222,"publisher":{"@id":"https:\/\/fcspartaktrnava.com\/#organization"},"image":{"@id":"https:\/\/fcspartaktrnava.com\/aftermovie-z-finale-pohara\/#primaryimage"},"thumbnailUrl":"https:\/\/fcspartaktrnava.com\/wp-content\/uploads\/2023\/05\/DSC_3095.jpg","keywords":["Slovnaft Cup"],"articleSection":["Video"],"inLanguage":"en-GB"},{"@type":"WebPage","@id":"https:\/\/fcspartaktrnava.com\/aftermovie-z-finale-pohara\/","url":"https:\/\/fcspartaktrnava.com\/aftermovie-z-finale-pohara\/","name":"Aftermovie z fin\u00e1le poh\u00e1ra ako pozv\u00e1nka na Duklu - FC Spartak Trnava","isPartOf":{"@id":"https:\/\/fcspartaktrnava.com\/#website"},"primaryImageOfPage":{"@id":"https:\/\/fcspartaktrnava.com\/aftermovie-z-finale-pohara\/#primaryimage"},"image":{"@id":"https:\/\/fcspartaktrnava.com\/aftermovie-z-finale-pohara\/#primaryimage"},"thumbnailUrl":"https:\/\/fcspartaktrnava.com\/wp-content\/uploads\/2023\/05\/DSC_3095.jpg","datePublished":"2023-05-03T15:06:42+00:00","dateModified":"2023-05-03T15:10:33+00:00","breadcrumb":{"@id":"https:\/\/fcspartaktrnava.com\/aftermovie-z-finale-pohara\/#breadcrumb"},"inLanguage":"en-GB","potentialAction":[{"@type":"ReadAction","target":["https:\/\/fcspartaktrnava.com\/aftermovie-z-finale-pohara\/"]}]},{"@type":"ImageObject","inLanguage":"en-GB","@id":"https:\/\/fcspartaktrnava.com\/aftermovie-z-finale-pohara\/#primaryimage","url":"https:\/\/fcspartaktrnava.com\/wp-content\/uploads\/2023\/05\/DSC_3095.jpg","contentUrl":"https:\/\/fcspartaktrnava.com\/wp-content\/uploads\/2023\/05\/DSC_3095.jpg","width":1520,"height":1011},{"@type":"BreadcrumbList","@id":"https:\/\/fcspartaktrnava.com\/aftermovie-z-finale-pohara\/#breadcrumb","itemListElement":[{"@type":"ListItem","position":1,"name":"Home","item":"https:\/\/fcspartaktrnava.com\/"},{"@type":"ListItem","position":2,"name":"Aftermovie z fin\u00e1le poh\u00e1ra ako pozv\u00e1nka na Duklu"}]},{"@type":"WebSite","@id":"https:\/\/fcspartaktrnava.com\/#website","url":"https:\/\/fcspartaktrnava.com\/","name":"FC Spartak Trnava","description":"ofici\u00e1lna webstr\u00e1nka futbalov\u00e9ho klubu","publisher":{"@id":"https:\/\/fcspartaktrnava.com\/#organization"},"potentialAction":[{"@type":"SearchAction","target":{"@type":"EntryPoint","urlTemplate":"https:\/\/fcspartaktrnava.com\/?s={search_term_string}"},"query-input":{"@type":"PropertyValueSpecification","valueRequired":true,"valueName":"search_term_string"}}],"inLanguage":"en-GB"},{"@type":"Organization","@id":"https:\/\/fcspartaktrnava.com\/#organization","name":"FC Spartak Trnava","alternateName":"Spartak","url":"https:\/\/fcspartaktrnava.com\/","logo":{"@type":"ImageObject","inLanguage":"en-GB","@id":"https:\/\/fcspartaktrnava.com\/#\/schema\/logo\/image\/","url":"https:\/\/fcspartaktrnava.com\/wp-content\/uploads\/2022\/08\/cropped-site_logo.png","contentUrl":"https:\/\/fcspartaktrnava.com\/wp-content\/uploads\/2022\/08\/cropped-site_logo.png","width":140,"height":140,"caption":"FC Spartak Trnava"},"image":{"@id":"https:\/\/fcspartaktrnava.com\/#\/schema\/logo\/image\/"},"sameAs":["https:\/\/www.facebook.com\/SpartakTrnava","https:\/\/x.com\/SpartakTrnava1","https:\/\/www.instagram.com\/spartak_sk\/"]},{"@type":"Person","@id":"https:\/\/fcspartaktrnava.com\/#\/schema\/person\/24bc5b254af14f71d7d8af178790aa75","name":"spartak","image":{"@type":"ImageObject","inLanguage":"en-GB","@id":"https:\/\/fcspartaktrnava.com\/#\/schema\/person\/image\/","url":"https:\/\/secure.gravatar.com\/avatar\/f8ff8584f3fcf3909a11a6da9019f37749183b4015bca14e64556c52614cdc7f?s=96&d=mm&r=g","contentUrl":"https:\/\/secure.gravatar.com\/avatar\/f8ff8584f3fcf3909a11a6da9019f37749183b4015bca14e64556c52614cdc7f?s=96&d=mm&r=g","caption":"spartak"},"url":"https:\/\/fcspartaktrnava.com\/en\/author\/spartak\/"}]}},"_links":{"self":[{"href":"https:\/\/fcspartaktrnava.com\/en\/wp-json\/wp\/v2\/posts\/7439","targetHints":{"allow":["GET"]}}],"collection":[{"href":"https:\/\/fcspartaktrnava.com\/en\/wp-json\/wp\/v2\/posts"}],"about":[{"href":"https:\/\/fcspartaktrnava.com\/en\/wp-json\/wp\/v2\/types\/post"}],"author":[{"embeddable":true,"href":"https:\/\/fcspartaktrnava.com\/en\/wp-json\/wp\/v2\/users\/2"}],"replies":[{"embeddable":true,"href":"https:\/\/fcspartaktrnava.com\/en\/wp-json\/wp\/v2\/comments?post=7439"}],"version-history":[{"count":0,"href":"https:\/\/fcspartaktrnava.com\/en\/wp-json\/wp\/v2\/posts\/7439\/revisions"}],"wp:featuredmedia":[{"embeddable":true,"href":"https:\/\/fcspartaktrnava.com\/en\/wp-json\/wp\/v2\/media\/7350"}],"wp:attachment":[{"href":"https:\/\/fcspartaktrnava.com\/en\/wp-json\/wp\/v2\/media?parent=7439"}],"wp:term":[{"taxonomy":"category","embeddable":true,"href":"https:\/\/fcspartaktrnava.com\/en\/wp-json\/wp\/v2\/categories?post=7439"},{"taxonomy":"post_tag","embeddable":true,"href":"https:\/\/fcspartaktrnava.com\/en\/wp-json\/wp\/v2\/tags?post=7439"}],"curies":[{"name":"wp","href":"https:\/\/api.w.org\/{rel}","templated":true}]}}