{"id":7432,"date":"2023-05-02T07:36:39","date_gmt":"2023-05-02T07:36:39","guid":{"rendered":"https:\/\/fcspartaktrnava.com\/?p=7432"},"modified":"2023-05-02T07:36:40","modified_gmt":"2023-05-02T07:36:40","slug":"gasparik-kuskom-sme-sa-zapisali-do-historie-spartaka","status":"publish","type":"post","link":"https:\/\/fcspartaktrnava.com\/en\/gasparik-kuskom-sme-sa-zapisali-do-historie-spartaka\/","title":{"rendered":"Ga\u0161par\u00edk: \u201eK\u00faskom sme sa zap\u00edsali do hist\u00f3rie Spartaka\u201c"},"content":{"rendered":"<p>Pomerne dlho \u010dakali m\u00e9di\u00e1, k\u00fdm na tla\u010dov\u00fa konferenciu pr\u00edde aj tr\u00e9ner v\u00ed\u0165azn\u00e9ho mu\u017estva. Oslava a&nbsp;povinnosti ho zdr\u017eali, no potom o&nbsp;to \u00faprimnej\u0161ie a&nbsp;uvo\u013enenej\u0161ie porozpr\u00e1val o&nbsp;svojich pocitoch bez fr\u00e1z.<\/p>\n\n\n\n<p><strong><em>\u201eV&nbsp;hodine dvan\u00e1stej sme sa vr\u00e1tili do z\u00e1pasu a&nbsp;potom u\u017e hr\u00e1\u010di hrali fantasticky. Bolo vidno, \u017ee aj Slovanu doch\u00e1dzaj\u00fa sily, pritom ako hovoril tr\u00e9ner, t\u00ed star\u0161\u00ed hr\u00e1\u010di ako Kucka, Kankava, Ka\u0161ia to s\u00fa ma\u0161iny, t\u00ed bez probl\u00e9mov vydr\u017eali. My sme museli kopec hr\u00e1\u010dov, ktor\u00ed s\u00fa aj dobre fyzicky pripraven\u00ed museli strieda\u0165. Bolo to pekn\u00e9 vyvrcholenie fin\u00e1le, mo\u017eno e\u0161te o&nbsp;nie\u010do kraj\u0161ie ako minul\u00fd rok, lebo dali sme e\u0161te aj ten tret\u00ed g\u00f3l. Ledva tam do\u0161la z&nbsp;tej penalty, dokot\u00fa\u013eala sa poza \u010diaru. Pre div\u00e1kov v\u00fdborn\u00fd z\u00e1pas, hlavne pre trnavsk\u00fdch,\u201c<\/em><\/strong> hovoril Michal Ga\u0161par\u00edk. Jeho mu\u017estvo rovnako ako vlani na ceste do fin\u00e1le pre\u0161lo cez dva penaltov\u00e9 rozstrely. Pritom ten prv\u00fd absolvovalo hne\u010f na za\u010diatku cesty proti Boler\u00e1zu a&nbsp;zrejme tam boli spartakovci najbli\u017e\u0161ie od vyradenia.<\/p>\n\n\n\n<p>Trnav\u010dania tr\u00e9novali penalty aj pred fin\u00e1le. Ni\u010d nechceli ponecha\u0165 na n\u00e1hodu, a&nbsp;hoci sa najsk\u00f4r zdalo, \u017ee penalty nebud\u00fa, lebo Slovan vyhr\u00e1 v&nbsp;riadnom \u010dase, napokon neboli preto, lebo Spartak rozhodol v&nbsp;pred\u013a\u017een\u00ed. Vlastne jedna predsa len bola, ale za faul na Taiwa a&nbsp;Twardzik ju s&nbsp;d\u00e1vkou \u0161\u0165astia premenil. <strong><em>\u201eV&nbsp;pred\u013a\u017eeniach v\u00e1m vypad\u00e1vaj\u00fa hr\u00e1\u010di, ktor\u00ed u\u017e nevl\u00e1dzu, m\u00e1te iba ur\u010dit\u00fd po\u010det preru\u0161en\u00ed a&nbsp;striedan\u00ed. V&nbsp;hlave som u\u017e mal nachystan\u00e9 nejak\u00e9 veci na penalty. Niektor\u00fdch som tam chcel necha\u0165 a&nbsp;nejak\u00e9ho hr\u00e1\u010da tam zasa dosta\u0165, ktor\u00fd p\u00f4jde na penaltu, plus e\u0161te brank\u00e1ra sme chceli strieda\u0165 na penalty. Don\u00fatil som hr\u00e1\u010dov, aby mi povedali, kam bud\u00fa kopa\u0165 penaltu, aby si to p\u00e4\u0165 dn\u00ed tr\u00e9novali, \u017ee to tam d\u00e1 a&nbsp;premen\u00ed. Aby potom pod takom fin\u00e1le neboli nerozodn\u00ed.\u201c<\/em><\/strong><\/p>\n\n\n\n<p>Cel\u00fa tla\u010dovku si m\u00f4\u017eete pozrie\u0165 na na\u0161om klubovom youtube kan\u00e1li:<\/p>\n\n\n\n<figure class=\"wp-block-embed is-type-video is-provider-youtube wp-block-embed-youtube wp-embed-aspect-16-9 wp-has-aspect-ratio\"><div class=\"wp-block-embed__wrapper\">\n<iframe loading=\"lazy\" title=\"Michal Ga\u0161par\u00edk po v\u00fdhre v Slovnaft Cupe\" width=\"500\" height=\"281\" src=\"https:\/\/www.youtube.com\/embed\/jzcxqf6-krg?feature=oembed\" frameborder=\"0\" allow=\"accelerometer; autoplay; clipboard-write; encrypted-media; gyroscope; picture-in-picture; web-share\" referrerpolicy=\"strict-origin-when-cross-origin\" allowfullscreen><\/iframe>\n<\/div><\/figure>","protected":false},"excerpt":{"rendered":"<p>Pomerne dlho \u010dakali m\u00e9di\u00e1, k\u00fdm na tla\u010dov\u00fa konferenciu&#8230;<\/p>","protected":false},"author":2,"featured_media":7414,"comment_status":"closed","ping_status":"closed","sticky":false,"template":"","format":"standard","meta":{"footnotes":""},"categories":[20],"tags":[11,57],"class_list":["post-7432","post","type-post","status-publish","format-standard","has-post-thumbnail","hentry","category-zapas","tag-michal-gasparik","tag-slovnaft-cup","post-number-1"],"yoast_head":"<!-- This site is optimized with the Yoast SEO plugin v27.1.1 - https:\/\/yoast.com\/product\/yoast-seo-wordpress\/ -->\n<title>Ga\u0161par\u00edk: \u201eK\u00faskom sme sa zap\u00edsali do hist\u00f3rie Spartaka\u201c - FC Spartak Trnava<\/title>\n<meta name=\"robots\" content=\"index, follow, max-snippet:-1, max-image-preview:large, max-video-preview:-1\" \/>\n<link rel=\"canonical\" href=\"https:\/\/fcspartaktrnava.com\/en\/gasparik-kuskom-sme-sa-zapisali-do-historie-spartaka\/\" \/>\n<meta name=\"twitter:label1\" content=\"Written by\" \/>\n\t<meta name=\"twitter:data1\" content=\"spartak\" \/>\n\t<meta name=\"twitter:label2\" content=\"Estimated reading time\" \/>\n\t<meta name=\"twitter:data2\" content=\"2 minutes\" \/>\n<script type=\"application\/ld+json\" class=\"yoast-schema-graph\">{\"@context\":\"https:\/\/schema.org\",\"@graph\":[{\"@type\":\"Article\",\"@id\":\"https:\/\/fcspartaktrnava.com\/gasparik-kuskom-sme-sa-zapisali-do-historie-spartaka\/#article\",\"isPartOf\":{\"@id\":\"https:\/\/fcspartaktrnava.com\/gasparik-kuskom-sme-sa-zapisali-do-historie-spartaka\/\"},\"author\":{\"name\":\"spartak\",\"@id\":\"https:\/\/fcspartaktrnava.com\/#\/schema\/person\/24bc5b254af14f71d7d8af178790aa75\"},\"headline\":\"Ga\u0161par\u00edk: \u201eK\u00faskom sme sa zap\u00edsali do hist\u00f3rie Spartaka\u201c\",\"datePublished\":\"2023-05-02T07:36:39+00:00\",\"dateModified\":\"2023-05-02T07:36:40+00:00\",\"mainEntityOfPage\":{\"@id\":\"https:\/\/fcspartaktrnava.com\/gasparik-kuskom-sme-sa-zapisali-do-historie-spartaka\/\"},\"wordCount\":410,\"publisher\":{\"@id\":\"https:\/\/fcspartaktrnava.com\/#organization\"},\"image\":{\"@id\":\"https:\/\/fcspartaktrnava.com\/gasparik-kuskom-sme-sa-zapisali-do-historie-spartaka\/#primaryimage\"},\"thumbnailUrl\":\"https:\/\/fcspartaktrnava.com\/wp-content\/uploads\/2023\/05\/DSC_3457.jpg\",\"keywords\":[\"Michal Ga\u0161par\u00edk\",\"Slovnaft Cup\"],\"articleSection\":[\"Z\u00e1pas\"],\"inLanguage\":\"en-GB\"},{\"@type\":\"WebPage\",\"@id\":\"https:\/\/fcspartaktrnava.com\/gasparik-kuskom-sme-sa-zapisali-do-historie-spartaka\/\",\"url\":\"https:\/\/fcspartaktrnava.com\/gasparik-kuskom-sme-sa-zapisali-do-historie-spartaka\/\",\"name\":\"Ga\u0161par\u00edk: \u201eK\u00faskom sme sa zap\u00edsali do hist\u00f3rie Spartaka\u201c - FC Spartak Trnava\",\"isPartOf\":{\"@id\":\"https:\/\/fcspartaktrnava.com\/#website\"},\"primaryImageOfPage\":{\"@id\":\"https:\/\/fcspartaktrnava.com\/gasparik-kuskom-sme-sa-zapisali-do-historie-spartaka\/#primaryimage\"},\"image\":{\"@id\":\"https:\/\/fcspartaktrnava.com\/gasparik-kuskom-sme-sa-zapisali-do-historie-spartaka\/#primaryimage\"},\"thumbnailUrl\":\"https:\/\/fcspartaktrnava.com\/wp-content\/uploads\/2023\/05\/DSC_3457.jpg\",\"datePublished\":\"2023-05-02T07:36:39+00:00\",\"dateModified\":\"2023-05-02T07:36:40+00:00\",\"breadcrumb\":{\"@id\":\"https:\/\/fcspartaktrnava.com\/gasparik-kuskom-sme-sa-zapisali-do-historie-spartaka\/#breadcrumb\"},\"inLanguage\":\"en-GB\",\"potentialAction\":[{\"@type\":\"ReadAction\",\"target\":[\"https:\/\/fcspartaktrnava.com\/gasparik-kuskom-sme-sa-zapisali-do-historie-spartaka\/\"]}]},{\"@type\":\"ImageObject\",\"inLanguage\":\"en-GB\",\"@id\":\"https:\/\/fcspartaktrnava.com\/gasparik-kuskom-sme-sa-zapisali-do-historie-spartaka\/#primaryimage\",\"url\":\"https:\/\/fcspartaktrnava.com\/wp-content\/uploads\/2023\/05\/DSC_3457.jpg\",\"contentUrl\":\"https:\/\/fcspartaktrnava.com\/wp-content\/uploads\/2023\/05\/DSC_3457.jpg\",\"width\":1520,\"height\":1013},{\"@type\":\"BreadcrumbList\",\"@id\":\"https:\/\/fcspartaktrnava.com\/gasparik-kuskom-sme-sa-zapisali-do-historie-spartaka\/#breadcrumb\",\"itemListElement\":[{\"@type\":\"ListItem\",\"position\":1,\"name\":\"Home\",\"item\":\"https:\/\/fcspartaktrnava.com\/\"},{\"@type\":\"ListItem\",\"position\":2,\"name\":\"Ga\u0161par\u00edk: \u201eK\u00faskom sme sa zap\u00edsali do hist\u00f3rie Spartaka\u201c\"}]},{\"@type\":\"WebSite\",\"@id\":\"https:\/\/fcspartaktrnava.com\/#website\",\"url\":\"https:\/\/fcspartaktrnava.com\/\",\"name\":\"FC Spartak Trnava\",\"description\":\"ofici\u00e1lna webstr\u00e1nka futbalov\u00e9ho klubu\",\"publisher\":{\"@id\":\"https:\/\/fcspartaktrnava.com\/#organization\"},\"potentialAction\":[{\"@type\":\"SearchAction\",\"target\":{\"@type\":\"EntryPoint\",\"urlTemplate\":\"https:\/\/fcspartaktrnava.com\/?s={search_term_string}\"},\"query-input\":{\"@type\":\"PropertyValueSpecification\",\"valueRequired\":true,\"valueName\":\"search_term_string\"}}],\"inLanguage\":\"en-GB\"},{\"@type\":\"Organization\",\"@id\":\"https:\/\/fcspartaktrnava.com\/#organization\",\"name\":\"FC Spartak Trnava\",\"alternateName\":\"Spartak\",\"url\":\"https:\/\/fcspartaktrnava.com\/\",\"logo\":{\"@type\":\"ImageObject\",\"inLanguage\":\"en-GB\",\"@id\":\"https:\/\/fcspartaktrnava.com\/#\/schema\/logo\/image\/\",\"url\":\"https:\/\/fcspartaktrnava.com\/wp-content\/uploads\/2022\/08\/cropped-site_logo.png\",\"contentUrl\":\"https:\/\/fcspartaktrnava.com\/wp-content\/uploads\/2022\/08\/cropped-site_logo.png\",\"width\":140,\"height\":140,\"caption\":\"FC Spartak Trnava\"},\"image\":{\"@id\":\"https:\/\/fcspartaktrnava.com\/#\/schema\/logo\/image\/\"},\"sameAs\":[\"https:\/\/www.facebook.com\/SpartakTrnava\",\"https:\/\/x.com\/SpartakTrnava1\",\"https:\/\/www.instagram.com\/spartak_sk\/\"]},{\"@type\":\"Person\",\"@id\":\"https:\/\/fcspartaktrnava.com\/#\/schema\/person\/24bc5b254af14f71d7d8af178790aa75\",\"name\":\"spartak\",\"image\":{\"@type\":\"ImageObject\",\"inLanguage\":\"en-GB\",\"@id\":\"https:\/\/fcspartaktrnava.com\/#\/schema\/person\/image\/\",\"url\":\"https:\/\/secure.gravatar.com\/avatar\/f8ff8584f3fcf3909a11a6da9019f37749183b4015bca14e64556c52614cdc7f?s=96&d=mm&r=g\",\"contentUrl\":\"https:\/\/secure.gravatar.com\/avatar\/f8ff8584f3fcf3909a11a6da9019f37749183b4015bca14e64556c52614cdc7f?s=96&d=mm&r=g\",\"caption\":\"spartak\"},\"url\":\"https:\/\/fcspartaktrnava.com\/en\/author\/spartak\/\"}]}<\/script>\n<!-- \/ Yoast SEO plugin. -->","yoast_head_json":{"title":"Ga\u0161par\u00edk: \u201eK\u00faskom sme sa zap\u00edsali do hist\u00f3rie Spartaka\u201c - FC Spartak Trnava","robots":{"index":"index","follow":"follow","max-snippet":"max-snippet:-1","max-image-preview":"max-image-preview:large","max-video-preview":"max-video-preview:-1"},"canonical":"https:\/\/fcspartaktrnava.com\/en\/gasparik-kuskom-sme-sa-zapisali-do-historie-spartaka\/","twitter_misc":{"Written by":"spartak","Estimated reading time":"2 minutes"},"schema":{"@context":"https:\/\/schema.org","@graph":[{"@type":"Article","@id":"https:\/\/fcspartaktrnava.com\/gasparik-kuskom-sme-sa-zapisali-do-historie-spartaka\/#article","isPartOf":{"@id":"https:\/\/fcspartaktrnava.com\/gasparik-kuskom-sme-sa-zapisali-do-historie-spartaka\/"},"author":{"name":"spartak","@id":"https:\/\/fcspartaktrnava.com\/#\/schema\/person\/24bc5b254af14f71d7d8af178790aa75"},"headline":"Ga\u0161par\u00edk: \u201eK\u00faskom sme sa zap\u00edsali do hist\u00f3rie Spartaka\u201c","datePublished":"2023-05-02T07:36:39+00:00","dateModified":"2023-05-02T07:36:40+00:00","mainEntityOfPage":{"@id":"https:\/\/fcspartaktrnava.com\/gasparik-kuskom-sme-sa-zapisali-do-historie-spartaka\/"},"wordCount":410,"publisher":{"@id":"https:\/\/fcspartaktrnava.com\/#organization"},"image":{"@id":"https:\/\/fcspartaktrnava.com\/gasparik-kuskom-sme-sa-zapisali-do-historie-spartaka\/#primaryimage"},"thumbnailUrl":"https:\/\/fcspartaktrnava.com\/wp-content\/uploads\/2023\/05\/DSC_3457.jpg","keywords":["Michal Ga\u0161par\u00edk","Slovnaft Cup"],"articleSection":["Z\u00e1pas"],"inLanguage":"en-GB"},{"@type":"WebPage","@id":"https:\/\/fcspartaktrnava.com\/gasparik-kuskom-sme-sa-zapisali-do-historie-spartaka\/","url":"https:\/\/fcspartaktrnava.com\/gasparik-kuskom-sme-sa-zapisali-do-historie-spartaka\/","name":"Ga\u0161par\u00edk: \u201eK\u00faskom sme sa zap\u00edsali do hist\u00f3rie Spartaka\u201c - FC Spartak Trnava","isPartOf":{"@id":"https:\/\/fcspartaktrnava.com\/#website"},"primaryImageOfPage":{"@id":"https:\/\/fcspartaktrnava.com\/gasparik-kuskom-sme-sa-zapisali-do-historie-spartaka\/#primaryimage"},"image":{"@id":"https:\/\/fcspartaktrnava.com\/gasparik-kuskom-sme-sa-zapisali-do-historie-spartaka\/#primaryimage"},"thumbnailUrl":"https:\/\/fcspartaktrnava.com\/wp-content\/uploads\/2023\/05\/DSC_3457.jpg","datePublished":"2023-05-02T07:36:39+00:00","dateModified":"2023-05-02T07:36:40+00:00","breadcrumb":{"@id":"https:\/\/fcspartaktrnava.com\/gasparik-kuskom-sme-sa-zapisali-do-historie-spartaka\/#breadcrumb"},"inLanguage":"en-GB","potentialAction":[{"@type":"ReadAction","target":["https:\/\/fcspartaktrnava.com\/gasparik-kuskom-sme-sa-zapisali-do-historie-spartaka\/"]}]},{"@type":"ImageObject","inLanguage":"en-GB","@id":"https:\/\/fcspartaktrnava.com\/gasparik-kuskom-sme-sa-zapisali-do-historie-spartaka\/#primaryimage","url":"https:\/\/fcspartaktrnava.com\/wp-content\/uploads\/2023\/05\/DSC_3457.jpg","contentUrl":"https:\/\/fcspartaktrnava.com\/wp-content\/uploads\/2023\/05\/DSC_3457.jpg","width":1520,"height":1013},{"@type":"BreadcrumbList","@id":"https:\/\/fcspartaktrnava.com\/gasparik-kuskom-sme-sa-zapisali-do-historie-spartaka\/#breadcrumb","itemListElement":[{"@type":"ListItem","position":1,"name":"Home","item":"https:\/\/fcspartaktrnava.com\/"},{"@type":"ListItem","position":2,"name":"Ga\u0161par\u00edk: \u201eK\u00faskom sme sa zap\u00edsali do hist\u00f3rie Spartaka\u201c"}]},{"@type":"WebSite","@id":"https:\/\/fcspartaktrnava.com\/#website","url":"https:\/\/fcspartaktrnava.com\/","name":"FC Spartak Trnava","description":"ofici\u00e1lna webstr\u00e1nka futbalov\u00e9ho klubu","publisher":{"@id":"https:\/\/fcspartaktrnava.com\/#organization"},"potentialAction":[{"@type":"SearchAction","target":{"@type":"EntryPoint","urlTemplate":"https:\/\/fcspartaktrnava.com\/?s={search_term_string}"},"query-input":{"@type":"PropertyValueSpecification","valueRequired":true,"valueName":"search_term_string"}}],"inLanguage":"en-GB"},{"@type":"Organization","@id":"https:\/\/fcspartaktrnava.com\/#organization","name":"FC Spartak Trnava","alternateName":"Spartak","url":"https:\/\/fcspartaktrnava.com\/","logo":{"@type":"ImageObject","inLanguage":"en-GB","@id":"https:\/\/fcspartaktrnava.com\/#\/schema\/logo\/image\/","url":"https:\/\/fcspartaktrnava.com\/wp-content\/uploads\/2022\/08\/cropped-site_logo.png","contentUrl":"https:\/\/fcspartaktrnava.com\/wp-content\/uploads\/2022\/08\/cropped-site_logo.png","width":140,"height":140,"caption":"FC Spartak Trnava"},"image":{"@id":"https:\/\/fcspartaktrnava.com\/#\/schema\/logo\/image\/"},"sameAs":["https:\/\/www.facebook.com\/SpartakTrnava","https:\/\/x.com\/SpartakTrnava1","https:\/\/www.instagram.com\/spartak_sk\/"]},{"@type":"Person","@id":"https:\/\/fcspartaktrnava.com\/#\/schema\/person\/24bc5b254af14f71d7d8af178790aa75","name":"spartak","image":{"@type":"ImageObject","inLanguage":"en-GB","@id":"https:\/\/fcspartaktrnava.com\/#\/schema\/person\/image\/","url":"https:\/\/secure.gravatar.com\/avatar\/f8ff8584f3fcf3909a11a6da9019f37749183b4015bca14e64556c52614cdc7f?s=96&d=mm&r=g","contentUrl":"https:\/\/secure.gravatar.com\/avatar\/f8ff8584f3fcf3909a11a6da9019f37749183b4015bca14e64556c52614cdc7f?s=96&d=mm&r=g","caption":"spartak"},"url":"https:\/\/fcspartaktrnava.com\/en\/author\/spartak\/"}]}},"_links":{"self":[{"href":"https:\/\/fcspartaktrnava.com\/en\/wp-json\/wp\/v2\/posts\/7432","targetHints":{"allow":["GET"]}}],"collection":[{"href":"https:\/\/fcspartaktrnava.com\/en\/wp-json\/wp\/v2\/posts"}],"about":[{"href":"https:\/\/fcspartaktrnava.com\/en\/wp-json\/wp\/v2\/types\/post"}],"author":[{"embeddable":true,"href":"https:\/\/fcspartaktrnava.com\/en\/wp-json\/wp\/v2\/users\/2"}],"replies":[{"embeddable":true,"href":"https:\/\/fcspartaktrnava.com\/en\/wp-json\/wp\/v2\/comments?post=7432"}],"version-history":[{"count":0,"href":"https:\/\/fcspartaktrnava.com\/en\/wp-json\/wp\/v2\/posts\/7432\/revisions"}],"wp:featuredmedia":[{"embeddable":true,"href":"https:\/\/fcspartaktrnava.com\/en\/wp-json\/wp\/v2\/media\/7414"}],"wp:attachment":[{"href":"https:\/\/fcspartaktrnava.com\/en\/wp-json\/wp\/v2\/media?parent=7432"}],"wp:term":[{"taxonomy":"category","embeddable":true,"href":"https:\/\/fcspartaktrnava.com\/en\/wp-json\/wp\/v2\/categories?post=7432"},{"taxonomy":"post_tag","embeddable":true,"href":"https:\/\/fcspartaktrnava.com\/en\/wp-json\/wp\/v2\/tags?post=7432"}],"curies":[{"name":"wp","href":"https:\/\/api.w.org\/{rel}","templated":true}]}}