{"id":7279,"date":"2023-04-30T20:08:14","date_gmt":"2023-04-30T20:08:14","guid":{"rendered":"https:\/\/fcspartaktrnava.com\/?p=7279"},"modified":"2023-04-30T21:38:37","modified_gmt":"2023-04-30T21:38:37","slug":"zeny-beru-z-finale-pohara-striebro-mladez-ma-za-sebou-narocne-zapasy-s-prevazne-uspesnymi-vysledkami","status":"publish","type":"post","link":"https:\/\/fcspartaktrnava.com\/en\/zeny-beru-z-finale-pohara-striebro-mladez-ma-za-sebou-narocne-zapasy-s-prevazne-uspesnymi-vysledkami\/","title":{"rendered":"\u017deny ber\u00fa z\u00a0fin\u00e1le poh\u00e1ra striebro, ml\u00e1de\u017e m\u00e1 za sebou n\u00e1ro\u010dn\u00e9 z\u00e1pasy s\u00a0preva\u017ene \u00faspe\u0161n\u00fdmi v\u00fdsledkami"},"content":{"rendered":"<p><\/p>\n\n\n\n<p><strong>FC Spartak Trnava U19 \u2013 MFK Dukla Bansk\u00e1 Bystrica U19 2:0 (2:0)<\/strong><\/p>\n\n\n\n<p>Po minulot\u00fd\u017ed\u0148ovom zav\u00e1han\u00ed v&nbsp;Ko\u0161iciach je dev\u00e4tn\u00e1stka nasp\u00e4\u0165 na v\u00ed\u0165aznej vlne. O&nbsp;zisk troch bodov v&nbsp;z\u00e1pase proti poslednej Banskej Bystrici sa postaral dvoma presn\u00fdmi z\u00e1sahmi v&nbsp;prvom pol\u010dase Marcel Bil\u010d\u00edk. Spartakovci figuruj\u00fa na piatom mieste so \u0161tvorbodov\u00fdm mankom na ved\u00facu \u017dilinu.<\/p>\n\n\n\n<p><strong>FCST U19: <\/strong>Vasi\u013e \u2013 Rusn\u00e1k, Popik, Va\u0161ko, Krchn\u00e1r, \u0160arm\u00edr (C), Justh (88. \u0160ebek), Mas\u00e1r, Bil\u010d\u00edk (84. \u00cdr\u00f3), Kurej, Repa (78. Horn\u00edk)<\/p>\n\n\n\n<p><strong>Goals: <\/strong>32. a&nbsp;39. Bil\u010d\u00edk<\/p>\n\n\n\n<p><strong>Yellow cards: <\/strong>Bil\u010d\u00edk, Va\u0161ko, Krchn\u00e1r<\/p>\n\n\n\n<p><strong>Peter Ga\u017ei: \u201eProti kvalitn\u00e9mu s\u00faperovi sme podali v\u00fdborn\u00fd v\u00fdkon a&nbsp;hru sme celoz\u00e1pasovo kontrolovali. Po dobrom postupnom \u00fatoku otvoril sk\u00f3re z\u00e1pasu Bil\u010d\u00edk. Po r\u00fdchlom \u00fatoku pridal rovnak\u00fd hr\u00e1\u010d svoj druh\u00fd g\u00f3l, ktor\u00e9mu predch\u00e1dzala v\u00fdborn\u00e1 fin\u00e1lna prihr\u00e1vka Mas\u00e1ra. Te\u0161\u00ed n\u00e1s bodov\u00e9 pribl\u00ed\u017eenie sa k&nbsp;l\u00eddrovi ligy a&nbsp;z\u00e1rove\u0148 zlep\u0161enie sa v&nbsp;\u010dinnostiach, na ktor\u00e9 sa zameriavame posledn\u00e9 obdobie v&nbsp;tr\u00e9ningovom procese.\u201c<\/strong><\/p>\n\n\n\n<p><strong>MFK Dukla Bansk\u00e1 Bystrica U17 \u2013 FC Spartak Trnava U17 2:2 (1:2)<\/strong><\/p>\n\n\n\n<p>V&nbsp;z\u00e1pase tabu\u013ekov\u00fdch susedov sa zrodila rem\u00edza 2:2. V&nbsp;17. min\u00fate viedli spartakovci 2:1 a&nbsp;vyzeralo to na g\u00f3lov\u00fa prestrelku. Opak bol pravdou a&nbsp;do konca z\u00e1pasu padol u\u017e iba jeden g\u00f3l. Ten strelili po hodine hry dom\u00e1ci a&nbsp;stanovili v\u00fdsledku kone\u010dn\u00fa podobu.<\/p>\n\n\n\n<p><strong>FCST U17: <\/strong>H\u00faska \u2013 Karhan, Turo\u0148, Paulen, Turansk\u00fd, Farka\u0161 (C), Petr\u00e1\u0161 (76. Hesko), Henyig, Adamkovi\u010d, Vysko\u010d, Bukovsk\u00fd<\/p>\n\n\n\n<p><strong>Goals: <\/strong>11. Turansk\u00fd, 17. Vysko\u010d (z 11m)<\/p>\n\n\n\n<p><strong>Yellow cards: <\/strong>Bukovsk\u00fd<\/p>\n\n\n\n<p><strong>Patrik Mal\u00fd: \u201eV prvom rade sme chceli natiahnu\u0165 na\u0161u z\u00e1pasov\u00fa jarn\u00fa neporazite\u013enos\u0165 na \u010d\u00edslo 9 a&nbsp;z\u00e1pas sme chceli vyhra\u0165, no nakoniec sme odi\u0161li len s&nbsp;jedn\u00fdm bodom. V&nbsp;\u00favode sme inkasovali z&nbsp;prvej situ\u00e1cie, ktor\u00fa s\u00faper mal. N\u00e1sledne sme dobre zareagovali a&nbsp;z\u00e1pas sme oto\u010dili. Prv\u00fd pol\u010das sme hrali ve\u013emi dobre, akt\u00edvne s&nbsp;loptou i&nbsp;bez nej v&nbsp;oboch f\u00e1zach hry. V&nbsp;druhom pol\u010dase sme herne nenadviazali na ten prv\u00fd, no napriek tomu sme mohli z\u00e1pas uzavrie\u0165, no nestalo sa. S\u00faper vyrovnal z&nbsp;brejku. Neost\u00e1va n\u00e1m ni\u010d in\u00e9 ako sa pripravi\u0165 na najbli\u017e\u0161\u00ed z\u00e1pas a&nbsp;vyhra\u0165 ho.\u201c<\/strong><\/p>\n\n\n\n<p><strong>MFK Dukla Bansk\u00e1 Bystrica U16 \u2013 FC Spartak Trnava U16 0:2 (0:2)<\/strong><\/p>\n\n\n\n<p>Do tretice dali dorastenci Banskej Bystrici dva g\u00f3ly a&nbsp;op\u00e4\u0165 oba v&nbsp;prvom pol\u010dase. \u0160estn\u00e1stka viedla 2:0 u\u017e v&nbsp;dvan\u00e1stej min\u00fate, kedy si najprv dom\u00e1ci dali vlastn\u00fd g\u00f3l a&nbsp;potom sa presadil Priecel. Navy\u0161e v&nbsp;56. min\u00fate chytil brank\u00e1r Halada u\u017e tret\u00ed pokutov\u00fd kop v&nbsp;rade. Trnav\u010dania si poistili tretie miesto a&nbsp;na\u010falej dr\u017eia krok s&nbsp;druhou \u017dilinou.<\/p>\n\n\n\n<p><strong>FCST U16: <\/strong>Halada \u2013 Kov\u00e1\u010d, Velick\u00fd (50. Be\u0148o), Pristach, Bohmer, Konopka, Pta\u010d\u00edn, Trello (79. Kozachok), Kocian, Duchovi\u010d (C), Priecel<\/p>\n\n\n\n<p><strong>Goals: <\/strong>10. vlastn\u00fd, 12. Priecel<\/p>\n\n\n\n<p><strong>Yellow cards: <\/strong>Be\u0148o, Kov\u00e1\u010d, Duchovi\u010d<\/p>\n\n\n\n<p><strong>Adam Chorvath: \u201eZ\u00e1pas sa vyv\u00edjal presne tak, ako sme o\u010dak\u00e1vali. Na\u0161\u00edm cie\u013eom bolo streli\u0165 v&nbsp;\u00favode ide\u00e1lne dva r\u00fdchle g\u00f3ly, \u010do sa n\u00e1m aj podarilo. N\u00e1sledne to bol na \u0165a\u017ekom ter\u00e9ne ve\u013emi s\u00fabojov\u00fd z\u00e1pas, \u010do n\u00e1m \u00faplne nesed\u00ed. V&nbsp;druhom pol\u010dase sme vplyvom vyn\u00faten\u00fdch zmien hrali v&nbsp;zlo\u017een\u00ed, na ak\u00e9 nie sme zvyknut\u00ed a&nbsp;nebolo to z&nbsp;na\u0161ej strany ide\u00e1lne. S\u00faper c\u00edtil \u0161ancu a&nbsp;rovnako c\u00edtil \u0161ancu sa zvidite\u013eni\u0165 aj hlavn\u00fd hrdina z\u00e1pasu, ktor\u00fd odp\u00edskal sporn\u00fa penaltu. T\u00fa v\u0161ak na\u0161\u0165astie brank\u00e1r Halada chytil. Nakoniec to chalani dobojovali a\u017e do konca a&nbsp;zasl\u00fa\u017eene vyhrali. \u201c<\/strong><\/p>\n\n\n\n<p><strong>\u0160K Slovan Bratislava U15 \u2013 FC Spartak Trnava U15 4:3 (1:2)<\/strong><\/p>\n\n\n\n<p>Do sobotn\u00e9ho derby vst\u00fapila p\u00e4tn\u00e1stka v\u00fdborne, ke\u010f v&nbsp;22. min\u00fate viedla 2:0. Slovan skorigoval e\u0161te do pol\u010dasu a&nbsp;po v\u00fdmene str\u00e1n strelil e\u0161te \u010fal\u0161ie tri g\u00f3ly. V&nbsp;z\u00e1vere z\u00e1pasu zn\u00ed\u017eil na kone\u010dn\u00fdch 3:4 svoj\u00edm druh\u00fdm g\u00f3lom kapit\u00e1n Benkovsk\u00fd.<\/p>\n\n\n\n<p><strong>FCST U15: <\/strong>Luko\u0161\u00edk \u2013 Rep\u00e1\u0148 (59. Kunda), Pittel, No\u0161ka, Sobota, Ma\u0165o, Tejzr, Benkovsk\u00fd (C), Terenkov, Vete\u0161ka, Pol\u0165\u00e1k<\/p>\n\n\n\n<p><strong>Goals: <\/strong>4. Vete\u0161ka, 22. a&nbsp;74. Benkovsk\u00fd<\/p>\n\n\n\n<p><strong>Yellow cards: <\/strong>No\u0161ka, Pittel,<\/p>\n\n\n\n<p><strong>Tom\u00e1\u0161 K\u00e1nik: \u201eV prvom pol\u010dase sa n\u00e1\u0161 v\u00fdkon pribli\u017eoval k&nbsp;tomu, \u010do sme chceli v&nbsp;Bratislave predvies\u0165. V&nbsp;strednom bloku sme boli pomerne kompaktn\u00ed a&nbsp;boli sme nebezpe\u010dn\u00ed z&nbsp;proti\u00fatokov. Dve v\u00fdborne zvl\u00e1dnut\u00e9 situ\u00e1cie n\u00e1m priniesli n\u00e1dejn\u00fd n\u00e1skok. Nane\u0161\u0165astie pre n\u00e1s, s\u00faperovi sa podarilo v&nbsp;poslednej sekunde prv\u00e9ho pol\u010dasu streli\u0165 kontaktn\u00fd g\u00f3l. Na to sme reagovali dobr\u00fdm \u00favodom druh\u00e9ho pol\u010dasu, kedy sme po nastrelen\u00ed br\u00e1nkovej kon\u0161trukcie mohli znovu odsko\u010di\u0165 na rozdiel dvoch g\u00f3lov. To sa nestalo a&nbsp;potom pri\u0161iel rozhoduj\u00faci \u00fasek z\u00e1pasu, ktor\u00fd sme absol\u00fatne nezvl\u00e1dli a&nbsp;nechali s\u00fapera z\u00e1pas oto\u010di\u0165. Na\u0161a reakcia potom pri\u0161la a\u017e pr\u00edli\u0161 neskoro, \u010do n\u00e1m sta\u010dilo iba na korigovanie kone\u010dn\u00e9ho v\u00fdsledku.\u201c<\/strong><\/p>\n\n\n\n<p><strong>\u0160K Slovan Bratislava U14 \u2013 FC Spartak Trnava U14 1:2 (0:0)<\/strong><\/p>\n\n\n\n<p>\u0160trn\u00e1stka si dvojg\u00f3lov\u00e9 vedenie ujs\u0165 nenechala a&nbsp;neby\u0165 inkasovan\u00e9ho g\u00f3lu v&nbsp;poslednej min\u00fate z\u00e1pasu, udr\u017eali by si \u010dist\u00e9 konto. Po \u0161tyroch nadstavbov\u00fdch kol\u00e1ch m\u00e1 kateg\u00f3ria U14 na svojom konte dev\u00e4\u0165 bodov.<\/p>\n\n\n\n<p><strong>FCST U14: <\/strong>Slim\u00e1k \u2013 Slov\u00e1k, Studen\u00fd (69. Magdolen), Bartovi\u010d, Kostol\u00e1ni (36. Mego), \u0160ev\u010d\u00edk, He\u010dko (60. U\u0161\u00e1k), Zemko, Fojta, Bohunick\u00fd, Furek (51. Bodi\u0161)<\/p>\n\n\n\n<p><strong>Goals: <\/strong>38. \u0160ev\u010d\u00edk, 45. Bartovi\u010d<\/p>\n\n\n\n<p><strong>Yellow cards: <\/strong>Bodi\u0161<\/p>\n\n\n\n<p><strong>2. \u017dK: <\/strong>Bohunick\u00fd<\/p>\n\n\n\n<p><strong>D\u00e1vid Mi\u0161kovi\u010d: \u201eV derby z\u00e1pase predviedli hr\u00e1\u010di perfektn\u00fd v\u00fdkon podporen\u00fd ve\u013ekou bojovnos\u0165ou. V\u0161etci z&nbsp;mu\u017estva boli presved\u010den\u00ed o&nbsp;v\u00ed\u0165azstve, ktor\u00e9 n\u00e1m aj zasl\u00fa\u017eene patr\u00ed. Po dvoch centrovan\u00fdch prihr\u00e1vkach od v\u00fdborne hraj\u00faceho prav\u00e9ho obrancu Slov\u00e1ka sa n\u00e1m podarilo dvakr\u00e1t presadi\u0165 Bartovi\u010dom a&nbsp;\u0160ev\u010d\u00edkom, ktor\u00ed korunovali svoje vynikaj\u00face v\u00fdkony.\u201c<\/strong><\/p>\n\n\n<div class=\"wp-block-image\">\n<figure class=\"aligncenter size-large is-resized\"><img loading=\"lazy\" decoding=\"async\" src=\"https:\/\/fcspartaktrnava.com\/wp-content\/uploads\/2023\/04\/WhatsApp-Image-2023-04-29-at-13.51.44-1024x576.jpeg\" alt=\"\" class=\"wp-image-7283\" width=\"630\" height=\"354\" srcset=\"https:\/\/fcspartaktrnava.com\/wp-content\/uploads\/2023\/04\/WhatsApp-Image-2023-04-29-at-13.51.44-1024x576.jpeg 1024w, https:\/\/fcspartaktrnava.com\/wp-content\/uploads\/2023\/04\/WhatsApp-Image-2023-04-29-at-13.51.44-300x169.jpeg 300w, https:\/\/fcspartaktrnava.com\/wp-content\/uploads\/2023\/04\/WhatsApp-Image-2023-04-29-at-13.51.44-768x432.jpeg 768w, https:\/\/fcspartaktrnava.com\/wp-content\/uploads\/2023\/04\/WhatsApp-Image-2023-04-29-at-13.51.44-1536x864.jpeg 1536w, https:\/\/fcspartaktrnava.com\/wp-content\/uploads\/2023\/04\/WhatsApp-Image-2023-04-29-at-13.51.44-18x10.jpeg 18w, https:\/\/fcspartaktrnava.com\/wp-content\/uploads\/2023\/04\/WhatsApp-Image-2023-04-29-at-13.51.44.jpeg 2016w\" sizes=\"auto, (max-width: 630px) 100vw, 630px\" \/><\/figure>\n<\/div>\n\n\n<p><strong>Spartak Myjava WA \u2013 FC Spartak Trnava WA 3:0 (2:0)<\/strong><\/p>\n\n\n\n<p>Fin\u00e1le Slovensk\u00e9ho poh\u00e1ra nevy\u0161lo na\u0161im \u017een\u00e1m v\u00f4bec pod\u013ea predst\u00e1v. Svojim rivalk\u00e1m z&nbsp;Myjavy pod\u013eahli rozdielom triedy. Aj napriek prehre sa na\u0161e hr\u00e1\u010dky nemaj\u00fa za \u010do hanbi\u0165, ke\u010f z\u00edskali skvel\u00e9 strieborn\u00e9 medaily.<\/p>\n\n\n\n<p><strong>FCST WA: <\/strong>\u010cerv\u00edkov\u00e1 \u2013 Randov\u00e1 (63. Belicov\u00e1), \u010ceriov\u00e1 (C), Mudr\u00e1kov\u00e1, Ty\u010diakov\u00e1 (63. Tonkovi\u010dov\u00e1), Slukov\u00e1, Hankov\u00e1, Trajl\u00ednkov\u00e1 (46. Marti\u0161kov\u00e1), Horv\u00e1thov\u00e1, \u017digov\u00e1 (82. Bederkov\u00e1), Serv\u00e1tkov\u00e1<\/p>\n\n\n\n<p><strong>Yellow cards: <\/strong>Randov\u00e1<\/p>\n\n\n\n<p><strong>Peter Kore\u0148: \u201eDnes nebol n\u00e1\u0161 de\u0148. Hne\u010f v \u00favode z\u00e1pasu bolo vidie\u0165 nervozitu \u010di nesk\u00fasenos\u0165 n\u00e1\u0161ho mlad\u00e9ho t\u00edmu. \u010co je hor\u0161ie, nefungoval n\u00e1m stred po\u013ea, a preto sme nedok\u00e1zali nadviaza\u0165 na v\u00fdkon z posledn\u00e9ho ligov\u00e9ho z\u00e1pasu. Prechod do \u00fatoku bol kostrbat\u00fd a ve\u013ea sme sa nadreli, aby sme sa dostali do fin\u00e1lnej f\u00e1zy. Po prvom inkasovanom g\u00f3le sme mohli vyrovna\u0165 po kr\u00e1snej akcii Mudr\u00e1kovej a hlavi\u010dke Slukovej, \u017eia\u013e z proti\u00fatoku sme op\u00e4\u0165 inkasovali. Cez pol\u010das sme sa nastavili, \u017ee zvr\u00e1time dej fin\u00e1le a pok\u00fasime sa zopakova\u0165 obraz z poslednej konfront\u00e1cie. Bohu\u017eia\u013e, na \u00favod druh\u00e9ho dejstva n\u00e1s na kolen\u00e1 zrazil pr\u00edsne nariaden\u00fd pokutov\u00fd kop. Za tak\u00e9hoto stavu sa u\u017e \u0165a\u017eko h\u013eadala nejak\u00e1 odpove\u010f na hru v pokoji hraj\u00faceho sk\u00fasen\u00e9ho s\u00fapera. Sna\u017eili sme sa na\u0161u hru o\u017eivi\u0165 striedaniami a zmenami v syst\u00e9me na\u0161ej hry, no viac ako na udr\u017eanie stavu 0:3 v n\u00e1\u0161 neprospech to nesta\u010dilo. Treba \u0161portovo prizna\u0165, \u017ee s\u00faper bol nad na\u0161e sily.\u201c<\/strong> <\/p>\n\n\n<div class=\"wp-block-image\">\n<figure class=\"aligncenter size-large is-resized\"><img loading=\"lazy\" decoding=\"async\" src=\"https:\/\/fcspartaktrnava.com\/wp-content\/uploads\/2023\/04\/WhatsApp-Image-2023-04-30-at-21.49.22-1-1024x666.jpeg\" alt=\"\" class=\"wp-image-7281\" width=\"624\" height=\"406\" srcset=\"https:\/\/fcspartaktrnava.com\/wp-content\/uploads\/2023\/04\/WhatsApp-Image-2023-04-30-at-21.49.22-1-1024x666.jpeg 1024w, https:\/\/fcspartaktrnava.com\/wp-content\/uploads\/2023\/04\/WhatsApp-Image-2023-04-30-at-21.49.22-1-300x195.jpeg 300w, https:\/\/fcspartaktrnava.com\/wp-content\/uploads\/2023\/04\/WhatsApp-Image-2023-04-30-at-21.49.22-1-768x499.jpeg 768w, https:\/\/fcspartaktrnava.com\/wp-content\/uploads\/2023\/04\/WhatsApp-Image-2023-04-30-at-21.49.22-1-1536x998.jpeg 1536w, https:\/\/fcspartaktrnava.com\/wp-content\/uploads\/2023\/04\/WhatsApp-Image-2023-04-30-at-21.49.22-1-18x12.jpeg 18w, https:\/\/fcspartaktrnava.com\/wp-content\/uploads\/2023\/04\/WhatsApp-Image-2023-04-30-at-21.49.22-1.jpeg 1600w\" sizes=\"auto, (max-width: 624px) 100vw, 624px\" \/><\/figure>\n<\/div>\n\n\n<p class=\"has-text-align-center\"><strong>\u00a9 \u013dubom\u00edr Hor\u0148\u00e1k<\/strong><\/p>\n\n\n\n<p><strong>FC Spartak Trnava WU19 \u2013 FC ViOn Zlat\u00e9 Moravce WU19 5:3 (3:2)<\/strong><\/p>\n\n\n\n<p>Z\u00e1vere\u010dn\u00e9 kolo z\u00e1kladnej \u010dasti dorastenky zvl\u00e1dli a&nbsp;so Zlat\u00fdmi Moravcami zv\u00ed\u0165azili 5:3. Hostky sa dok\u00e1zali trikr\u00e1t dotiahnu\u0165, ale na g\u00f3ly zo 67. a&nbsp;75. min\u00faty odpoveda\u0165 nedok\u00e1zali.<\/p>\n\n\n\n<p><strong>FCST WU19: <\/strong>Bukrotinov\u00e1 \u2013 Barutov\u00e1, Pivar\u010diov\u00e1, Vo\u0161\u010din\u00e1rov\u00e1, Reh\u00e1kov\u00e1, Pola\u010dkov\u00e1 (41. H. Ba\u010dikov\u00e1), Gregu\u0161ov\u00e1 (C), Krupov\u00e1 (41. E. Ba\u010dikov\u00e1), G\u00e1likov\u00e1, Eckerov\u00e1, Sucho\u0148ov\u00e1<\/p>\n\n\n\n<p><strong>Goals: <\/strong>3. Eckerov\u00e1, 20. Pivar\u010diov\u00e1, 33. a&nbsp;75. Sucho\u0148ov\u00e1, 67. G\u00e1likov\u00e1<\/p>\n\n\n\n<p><strong>Matej Chocina: \u201ePosledn\u00fd z\u00e1pas z\u00e1kladnej \u010dasti sme \u00faspe\u0161ne zvl\u00e1dli. Podarilo sa n\u00e1m streli\u0165 op\u00e4\u0165 raz r\u00fdchly g\u00f3l, av\u0161ak nepodarilo sa n\u00e1m nadviaza\u0165 \u010fal\u0161\u00edm g\u00f3lom, \u010d\u00edm sme umo\u017enili s\u00faperovi neust\u00e1le sa na n\u00e1s dotiahnu\u0165. Diev\u010dat\u00e1 v\u0161ak hrali koncentrovane a\u017e do konca stretnutia a&nbsp;tri body zostali v&nbsp;Trnave.\u201c<\/strong><\/p>\n\n\n\n<p><strong>FC Spartak Trnava WU15 \u2013 FC ViOn Zlat\u00e9 Moravce WU15 15:0 (10:0)<\/strong><\/p>\n\n\n\n<p>\u017diacky z\u00e1pas bol omnoho jednozna\u010dnej\u0161\u00ed. Trnav\u010danky zv\u00ed\u0165azili vysoko 15:0, ke\u010f u\u017e do pol\u010dasu strelili desa\u0165 g\u00f3lov. Najviac sa darilo p\u00e4\u0165g\u00f3lovej kapit\u00e1nke Pek\u00e1rovej, ktorej sekundovali \u0161tvorg\u00f3lov\u00e1 Hal\u00e1sov\u00e1 a&nbsp;trojg\u00f3lov\u00e1 Amrichov\u00e1. Trnavsk\u00e9 \u017eia\u010dky s\u00fa po z\u00e1kladnej \u010dasti na \u010dele ligovej tabu\u013eky bez prehry a&nbsp;s&nbsp;n\u00e1skokom siedmich bodov.<\/p>\n\n\n\n<p><strong>FCST WU15: <\/strong>Pre\u0161insk\u00e1 \u2013 Volekov\u00e1, Stankov\u00e1, Horv\u00e1thov\u00e1, Kri\u0161tofiakov\u00e1, Hudecov\u00e1, Amrichov\u00e1, Kr\u00e1likov\u00e1, Hal\u00e1sov\u00e1, Tankov\u00e1, Pek\u00e1rov\u00e1 (C), Vl\u010dkov\u00e1, Tan\u010dokov\u00e1, \u0160kult\u00e9tyov\u00e1, Vlkov\u00e1<\/p>\n\n\n\n<p><strong>Goals: <\/strong>4. Tankov\u00e1, 6., 25., 28., 41. a&nbsp;62. Pek\u00e1rov\u00e1, 9., 43. a&nbsp;58. Amrichov\u00e1, 14., 16., 23. a&nbsp;32. Hal\u00e1sov\u00e1, 34. Hudecov\u00e1, 69. Kr\u00e1likov\u00e1<\/p>\n\n\n\n<p><strong>R\u00f3bert Halada: \u201eNa posledn\u00fd z\u00e1pas z\u00e1kladne \u010dasti nast\u00fapili diev\u010dat\u00e1 prv\u00fdkr\u00e1t na pr\u00edrodnej tr\u00e1ve proti s\u00faperk\u00e1m z&nbsp;opa\u010dn\u00e9ho konca tabu\u013eky. Na\u0161\u00edm cie\u013eom bolo r\u00fdchle ot\u00e1\u010danie hry a&nbsp;pos\u00favanie lopty, preto\u017ee cel\u00fd z\u00e1pas sa odohr\u00e1val na polovici s\u00fapera. Diev\u010dat\u00e1 striedali lep\u0161ie pas\u00e1\u017ee so slab\u0161\u00edmi a&nbsp;vytvorili si ve\u013ek\u00e9 mno\u017estvo g\u00f3lov\u00fdch pr\u00edle\u017eitost\u00ed, hlavne v&nbsp;prvom dejstve. V&nbsp;druhom pol\u010dase sme tro\u0161ku stratili hern\u00fd rytmus a&nbsp;tie\u017e ve\u013ea g\u00f3lov\u00fdch pr\u00edle\u017eitost\u00ed zlikvidovala v\u00fdborn\u00e1 brank\u00e1ra host\u00ed. Diev\u010dat\u00e1m \u010fakujeme za v\u00fdkon a chceme sa dobre pripravi\u0165 do nadstavby.\u201c<\/strong><\/p>","protected":false},"excerpt":{"rendered":"<p>FC Spartak Trnava U19 \u2013 MFK Dukla Bansk\u00e1&#8230;<\/p>","protected":false},"author":2,"featured_media":7280,"comment_status":"closed","ping_status":"closed","sticky":false,"template":"","format":"standard","meta":{"footnotes":""},"categories":[52,12],"tags":[84,53],"class_list":["post-7279","post","type-post","status-publish","format-standard","has-post-thumbnail","hentry","category-mladez","category-spravy","tag-zeny","tag-mladez","post-number-1"],"yoast_head":"<!-- This site is optimized with the Yoast SEO plugin v27.1.1 - https:\/\/yoast.com\/product\/yoast-seo-wordpress\/ -->\n<title>\u017deny ber\u00fa z\u00a0fin\u00e1le poh\u00e1ra striebro, ml\u00e1de\u017e m\u00e1 za sebou n\u00e1ro\u010dn\u00e9 z\u00e1pasy s\u00a0preva\u017ene \u00faspe\u0161n\u00fdmi v\u00fdsledkami - FC Spartak Trnava<\/title>\n<meta name=\"robots\" content=\"index, follow, max-snippet:-1, max-image-preview:large, max-video-preview:-1\" \/>\n<link rel=\"canonical\" href=\"https:\/\/fcspartaktrnava.com\/en\/zeny-beru-z-finale-pohara-striebro-mladez-ma-za-sebou-narocne-zapasy-s-prevazne-uspesnymi-vysledkami\/\" \/>\n<meta name=\"twitter:label1\" content=\"Written by\" \/>\n\t<meta name=\"twitter:data1\" content=\"spartak\" \/>\n\t<meta name=\"twitter:label2\" content=\"Estimated reading time\" \/>\n\t<meta name=\"twitter:data2\" content=\"8 minutes\" \/>\n<script type=\"application\/ld+json\" class=\"yoast-schema-graph\">{\"@context\":\"https:\/\/schema.org\",\"@graph\":[{\"@type\":\"Article\",\"@id\":\"https:\/\/fcspartaktrnava.com\/zeny-beru-z-finale-pohara-striebro-mladez-ma-za-sebou-narocne-zapasy-s-prevazne-uspesnymi-vysledkami\/#article\",\"isPartOf\":{\"@id\":\"https:\/\/fcspartaktrnava.com\/zeny-beru-z-finale-pohara-striebro-mladez-ma-za-sebou-narocne-zapasy-s-prevazne-uspesnymi-vysledkami\/\"},\"author\":{\"name\":\"spartak\",\"@id\":\"https:\/\/fcspartaktrnava.com\/#\/schema\/person\/24bc5b254af14f71d7d8af178790aa75\"},\"headline\":\"\u017deny ber\u00fa z\u00a0fin\u00e1le poh\u00e1ra striebro, ml\u00e1de\u017e m\u00e1 za sebou n\u00e1ro\u010dn\u00e9 z\u00e1pasy s\u00a0preva\u017ene \u00faspe\u0161n\u00fdmi v\u00fdsledkami\",\"datePublished\":\"2023-04-30T20:08:14+00:00\",\"dateModified\":\"2023-04-30T21:38:37+00:00\",\"mainEntityOfPage\":{\"@id\":\"https:\/\/fcspartaktrnava.com\/zeny-beru-z-finale-pohara-striebro-mladez-ma-za-sebou-narocne-zapasy-s-prevazne-uspesnymi-vysledkami\/\"},\"wordCount\":1780,\"publisher\":{\"@id\":\"https:\/\/fcspartaktrnava.com\/#organization\"},\"image\":{\"@id\":\"https:\/\/fcspartaktrnava.com\/zeny-beru-z-finale-pohara-striebro-mladez-ma-za-sebou-narocne-zapasy-s-prevazne-uspesnymi-vysledkami\/#primaryimage\"},\"thumbnailUrl\":\"https:\/\/fcspartaktrnava.com\/wp-content\/uploads\/2023\/04\/WhatsApp-Image-2023-04-30-at-21.49.22-e1682885587106.jpeg\",\"keywords\":[\"\u017eeny\",\"ml\u00e1de\u017e\"],\"articleSection\":[\"Ml\u00e1de\u017e\",\"Spr\u00e1vy\"],\"inLanguage\":\"en-GB\"},{\"@type\":\"WebPage\",\"@id\":\"https:\/\/fcspartaktrnava.com\/zeny-beru-z-finale-pohara-striebro-mladez-ma-za-sebou-narocne-zapasy-s-prevazne-uspesnymi-vysledkami\/\",\"url\":\"https:\/\/fcspartaktrnava.com\/zeny-beru-z-finale-pohara-striebro-mladez-ma-za-sebou-narocne-zapasy-s-prevazne-uspesnymi-vysledkami\/\",\"name\":\"\u017deny ber\u00fa z\u00a0fin\u00e1le poh\u00e1ra striebro, ml\u00e1de\u017e m\u00e1 za sebou n\u00e1ro\u010dn\u00e9 z\u00e1pasy s\u00a0preva\u017ene \u00faspe\u0161n\u00fdmi v\u00fdsledkami - FC Spartak Trnava\",\"isPartOf\":{\"@id\":\"https:\/\/fcspartaktrnava.com\/#website\"},\"primaryImageOfPage\":{\"@id\":\"https:\/\/fcspartaktrnava.com\/zeny-beru-z-finale-pohara-striebro-mladez-ma-za-sebou-narocne-zapasy-s-prevazne-uspesnymi-vysledkami\/#primaryimage\"},\"image\":{\"@id\":\"https:\/\/fcspartaktrnava.com\/zeny-beru-z-finale-pohara-striebro-mladez-ma-za-sebou-narocne-zapasy-s-prevazne-uspesnymi-vysledkami\/#primaryimage\"},\"thumbnailUrl\":\"https:\/\/fcspartaktrnava.com\/wp-content\/uploads\/2023\/04\/WhatsApp-Image-2023-04-30-at-21.49.22-e1682885587106.jpeg\",\"datePublished\":\"2023-04-30T20:08:14+00:00\",\"dateModified\":\"2023-04-30T21:38:37+00:00\",\"breadcrumb\":{\"@id\":\"https:\/\/fcspartaktrnava.com\/zeny-beru-z-finale-pohara-striebro-mladez-ma-za-sebou-narocne-zapasy-s-prevazne-uspesnymi-vysledkami\/#breadcrumb\"},\"inLanguage\":\"en-GB\",\"potentialAction\":[{\"@type\":\"ReadAction\",\"target\":[\"https:\/\/fcspartaktrnava.com\/zeny-beru-z-finale-pohara-striebro-mladez-ma-za-sebou-narocne-zapasy-s-prevazne-uspesnymi-vysledkami\/\"]}]},{\"@type\":\"ImageObject\",\"inLanguage\":\"en-GB\",\"@id\":\"https:\/\/fcspartaktrnava.com\/zeny-beru-z-finale-pohara-striebro-mladez-ma-za-sebou-narocne-zapasy-s-prevazne-uspesnymi-vysledkami\/#primaryimage\",\"url\":\"https:\/\/fcspartaktrnava.com\/wp-content\/uploads\/2023\/04\/WhatsApp-Image-2023-04-30-at-21.49.22-e1682885587106.jpeg\",\"contentUrl\":\"https:\/\/fcspartaktrnava.com\/wp-content\/uploads\/2023\/04\/WhatsApp-Image-2023-04-30-at-21.49.22-e1682885587106.jpeg\",\"width\":899,\"height\":242},{\"@type\":\"BreadcrumbList\",\"@id\":\"https:\/\/fcspartaktrnava.com\/zeny-beru-z-finale-pohara-striebro-mladez-ma-za-sebou-narocne-zapasy-s-prevazne-uspesnymi-vysledkami\/#breadcrumb\",\"itemListElement\":[{\"@type\":\"ListItem\",\"position\":1,\"name\":\"Home\",\"item\":\"https:\/\/fcspartaktrnava.com\/\"},{\"@type\":\"ListItem\",\"position\":2,\"name\":\"\u017deny ber\u00fa z\u00a0fin\u00e1le poh\u00e1ra striebro, ml\u00e1de\u017e m\u00e1 za sebou n\u00e1ro\u010dn\u00e9 z\u00e1pasy s\u00a0preva\u017ene \u00faspe\u0161n\u00fdmi v\u00fdsledkami\"}]},{\"@type\":\"WebSite\",\"@id\":\"https:\/\/fcspartaktrnava.com\/#website\",\"url\":\"https:\/\/fcspartaktrnava.com\/\",\"name\":\"FC Spartak Trnava\",\"description\":\"ofici\u00e1lna webstr\u00e1nka futbalov\u00e9ho klubu\",\"publisher\":{\"@id\":\"https:\/\/fcspartaktrnava.com\/#organization\"},\"potentialAction\":[{\"@type\":\"SearchAction\",\"target\":{\"@type\":\"EntryPoint\",\"urlTemplate\":\"https:\/\/fcspartaktrnava.com\/?s={search_term_string}\"},\"query-input\":{\"@type\":\"PropertyValueSpecification\",\"valueRequired\":true,\"valueName\":\"search_term_string\"}}],\"inLanguage\":\"en-GB\"},{\"@type\":\"Organization\",\"@id\":\"https:\/\/fcspartaktrnava.com\/#organization\",\"name\":\"FC Spartak Trnava\",\"alternateName\":\"Spartak\",\"url\":\"https:\/\/fcspartaktrnava.com\/\",\"logo\":{\"@type\":\"ImageObject\",\"inLanguage\":\"en-GB\",\"@id\":\"https:\/\/fcspartaktrnava.com\/#\/schema\/logo\/image\/\",\"url\":\"https:\/\/fcspartaktrnava.com\/wp-content\/uploads\/2022\/08\/cropped-site_logo.png\",\"contentUrl\":\"https:\/\/fcspartaktrnava.com\/wp-content\/uploads\/2022\/08\/cropped-site_logo.png\",\"width\":140,\"height\":140,\"caption\":\"FC Spartak Trnava\"},\"image\":{\"@id\":\"https:\/\/fcspartaktrnava.com\/#\/schema\/logo\/image\/\"},\"sameAs\":[\"https:\/\/www.facebook.com\/SpartakTrnava\",\"https:\/\/x.com\/SpartakTrnava1\",\"https:\/\/www.instagram.com\/spartak_sk\/\"]},{\"@type\":\"Person\",\"@id\":\"https:\/\/fcspartaktrnava.com\/#\/schema\/person\/24bc5b254af14f71d7d8af178790aa75\",\"name\":\"spartak\",\"image\":{\"@type\":\"ImageObject\",\"inLanguage\":\"en-GB\",\"@id\":\"https:\/\/fcspartaktrnava.com\/#\/schema\/person\/image\/\",\"url\":\"https:\/\/secure.gravatar.com\/avatar\/f8ff8584f3fcf3909a11a6da9019f37749183b4015bca14e64556c52614cdc7f?s=96&d=mm&r=g\",\"contentUrl\":\"https:\/\/secure.gravatar.com\/avatar\/f8ff8584f3fcf3909a11a6da9019f37749183b4015bca14e64556c52614cdc7f?s=96&d=mm&r=g\",\"caption\":\"spartak\"},\"url\":\"https:\/\/fcspartaktrnava.com\/en\/author\/spartak\/\"}]}<\/script>\n<!-- \/ Yoast SEO plugin. -->","yoast_head_json":{"title":"\u017deny ber\u00fa z\u00a0fin\u00e1le poh\u00e1ra striebro, ml\u00e1de\u017e m\u00e1 za sebou n\u00e1ro\u010dn\u00e9 z\u00e1pasy s\u00a0preva\u017ene \u00faspe\u0161n\u00fdmi v\u00fdsledkami - FC Spartak Trnava","robots":{"index":"index","follow":"follow","max-snippet":"max-snippet:-1","max-image-preview":"max-image-preview:large","max-video-preview":"max-video-preview:-1"},"canonical":"https:\/\/fcspartaktrnava.com\/en\/zeny-beru-z-finale-pohara-striebro-mladez-ma-za-sebou-narocne-zapasy-s-prevazne-uspesnymi-vysledkami\/","twitter_misc":{"Written by":"spartak","Estimated reading time":"8 minutes"},"schema":{"@context":"https:\/\/schema.org","@graph":[{"@type":"Article","@id":"https:\/\/fcspartaktrnava.com\/zeny-beru-z-finale-pohara-striebro-mladez-ma-za-sebou-narocne-zapasy-s-prevazne-uspesnymi-vysledkami\/#article","isPartOf":{"@id":"https:\/\/fcspartaktrnava.com\/zeny-beru-z-finale-pohara-striebro-mladez-ma-za-sebou-narocne-zapasy-s-prevazne-uspesnymi-vysledkami\/"},"author":{"name":"spartak","@id":"https:\/\/fcspartaktrnava.com\/#\/schema\/person\/24bc5b254af14f71d7d8af178790aa75"},"headline":"\u017deny ber\u00fa z\u00a0fin\u00e1le poh\u00e1ra striebro, ml\u00e1de\u017e m\u00e1 za sebou n\u00e1ro\u010dn\u00e9 z\u00e1pasy s\u00a0preva\u017ene \u00faspe\u0161n\u00fdmi v\u00fdsledkami","datePublished":"2023-04-30T20:08:14+00:00","dateModified":"2023-04-30T21:38:37+00:00","mainEntityOfPage":{"@id":"https:\/\/fcspartaktrnava.com\/zeny-beru-z-finale-pohara-striebro-mladez-ma-za-sebou-narocne-zapasy-s-prevazne-uspesnymi-vysledkami\/"},"wordCount":1780,"publisher":{"@id":"https:\/\/fcspartaktrnava.com\/#organization"},"image":{"@id":"https:\/\/fcspartaktrnava.com\/zeny-beru-z-finale-pohara-striebro-mladez-ma-za-sebou-narocne-zapasy-s-prevazne-uspesnymi-vysledkami\/#primaryimage"},"thumbnailUrl":"https:\/\/fcspartaktrnava.com\/wp-content\/uploads\/2023\/04\/WhatsApp-Image-2023-04-30-at-21.49.22-e1682885587106.jpeg","keywords":["\u017eeny","ml\u00e1de\u017e"],"articleSection":["Ml\u00e1de\u017e","Spr\u00e1vy"],"inLanguage":"en-GB"},{"@type":"WebPage","@id":"https:\/\/fcspartaktrnava.com\/zeny-beru-z-finale-pohara-striebro-mladez-ma-za-sebou-narocne-zapasy-s-prevazne-uspesnymi-vysledkami\/","url":"https:\/\/fcspartaktrnava.com\/zeny-beru-z-finale-pohara-striebro-mladez-ma-za-sebou-narocne-zapasy-s-prevazne-uspesnymi-vysledkami\/","name":"\u017deny ber\u00fa z\u00a0fin\u00e1le poh\u00e1ra striebro, ml\u00e1de\u017e m\u00e1 za sebou n\u00e1ro\u010dn\u00e9 z\u00e1pasy s\u00a0preva\u017ene \u00faspe\u0161n\u00fdmi v\u00fdsledkami - FC Spartak Trnava","isPartOf":{"@id":"https:\/\/fcspartaktrnava.com\/#website"},"primaryImageOfPage":{"@id":"https:\/\/fcspartaktrnava.com\/zeny-beru-z-finale-pohara-striebro-mladez-ma-za-sebou-narocne-zapasy-s-prevazne-uspesnymi-vysledkami\/#primaryimage"},"image":{"@id":"https:\/\/fcspartaktrnava.com\/zeny-beru-z-finale-pohara-striebro-mladez-ma-za-sebou-narocne-zapasy-s-prevazne-uspesnymi-vysledkami\/#primaryimage"},"thumbnailUrl":"https:\/\/fcspartaktrnava.com\/wp-content\/uploads\/2023\/04\/WhatsApp-Image-2023-04-30-at-21.49.22-e1682885587106.jpeg","datePublished":"2023-04-30T20:08:14+00:00","dateModified":"2023-04-30T21:38:37+00:00","breadcrumb":{"@id":"https:\/\/fcspartaktrnava.com\/zeny-beru-z-finale-pohara-striebro-mladez-ma-za-sebou-narocne-zapasy-s-prevazne-uspesnymi-vysledkami\/#breadcrumb"},"inLanguage":"en-GB","potentialAction":[{"@type":"ReadAction","target":["https:\/\/fcspartaktrnava.com\/zeny-beru-z-finale-pohara-striebro-mladez-ma-za-sebou-narocne-zapasy-s-prevazne-uspesnymi-vysledkami\/"]}]},{"@type":"ImageObject","inLanguage":"en-GB","@id":"https:\/\/fcspartaktrnava.com\/zeny-beru-z-finale-pohara-striebro-mladez-ma-za-sebou-narocne-zapasy-s-prevazne-uspesnymi-vysledkami\/#primaryimage","url":"https:\/\/fcspartaktrnava.com\/wp-content\/uploads\/2023\/04\/WhatsApp-Image-2023-04-30-at-21.49.22-e1682885587106.jpeg","contentUrl":"https:\/\/fcspartaktrnava.com\/wp-content\/uploads\/2023\/04\/WhatsApp-Image-2023-04-30-at-21.49.22-e1682885587106.jpeg","width":899,"height":242},{"@type":"BreadcrumbList","@id":"https:\/\/fcspartaktrnava.com\/zeny-beru-z-finale-pohara-striebro-mladez-ma-za-sebou-narocne-zapasy-s-prevazne-uspesnymi-vysledkami\/#breadcrumb","itemListElement":[{"@type":"ListItem","position":1,"name":"Home","item":"https:\/\/fcspartaktrnava.com\/"},{"@type":"ListItem","position":2,"name":"\u017deny ber\u00fa z\u00a0fin\u00e1le poh\u00e1ra striebro, ml\u00e1de\u017e m\u00e1 za sebou n\u00e1ro\u010dn\u00e9 z\u00e1pasy s\u00a0preva\u017ene \u00faspe\u0161n\u00fdmi v\u00fdsledkami"}]},{"@type":"WebSite","@id":"https:\/\/fcspartaktrnava.com\/#website","url":"https:\/\/fcspartaktrnava.com\/","name":"FC Spartak Trnava","description":"ofici\u00e1lna webstr\u00e1nka futbalov\u00e9ho klubu","publisher":{"@id":"https:\/\/fcspartaktrnava.com\/#organization"},"potentialAction":[{"@type":"SearchAction","target":{"@type":"EntryPoint","urlTemplate":"https:\/\/fcspartaktrnava.com\/?s={search_term_string}"},"query-input":{"@type":"PropertyValueSpecification","valueRequired":true,"valueName":"search_term_string"}}],"inLanguage":"en-GB"},{"@type":"Organization","@id":"https:\/\/fcspartaktrnava.com\/#organization","name":"FC Spartak Trnava","alternateName":"Spartak","url":"https:\/\/fcspartaktrnava.com\/","logo":{"@type":"ImageObject","inLanguage":"en-GB","@id":"https:\/\/fcspartaktrnava.com\/#\/schema\/logo\/image\/","url":"https:\/\/fcspartaktrnava.com\/wp-content\/uploads\/2022\/08\/cropped-site_logo.png","contentUrl":"https:\/\/fcspartaktrnava.com\/wp-content\/uploads\/2022\/08\/cropped-site_logo.png","width":140,"height":140,"caption":"FC Spartak Trnava"},"image":{"@id":"https:\/\/fcspartaktrnava.com\/#\/schema\/logo\/image\/"},"sameAs":["https:\/\/www.facebook.com\/SpartakTrnava","https:\/\/x.com\/SpartakTrnava1","https:\/\/www.instagram.com\/spartak_sk\/"]},{"@type":"Person","@id":"https:\/\/fcspartaktrnava.com\/#\/schema\/person\/24bc5b254af14f71d7d8af178790aa75","name":"spartak","image":{"@type":"ImageObject","inLanguage":"en-GB","@id":"https:\/\/fcspartaktrnava.com\/#\/schema\/person\/image\/","url":"https:\/\/secure.gravatar.com\/avatar\/f8ff8584f3fcf3909a11a6da9019f37749183b4015bca14e64556c52614cdc7f?s=96&d=mm&r=g","contentUrl":"https:\/\/secure.gravatar.com\/avatar\/f8ff8584f3fcf3909a11a6da9019f37749183b4015bca14e64556c52614cdc7f?s=96&d=mm&r=g","caption":"spartak"},"url":"https:\/\/fcspartaktrnava.com\/en\/author\/spartak\/"}]}},"_links":{"self":[{"href":"https:\/\/fcspartaktrnava.com\/en\/wp-json\/wp\/v2\/posts\/7279","targetHints":{"allow":["GET"]}}],"collection":[{"href":"https:\/\/fcspartaktrnava.com\/en\/wp-json\/wp\/v2\/posts"}],"about":[{"href":"https:\/\/fcspartaktrnava.com\/en\/wp-json\/wp\/v2\/types\/post"}],"author":[{"embeddable":true,"href":"https:\/\/fcspartaktrnava.com\/en\/wp-json\/wp\/v2\/users\/2"}],"replies":[{"embeddable":true,"href":"https:\/\/fcspartaktrnava.com\/en\/wp-json\/wp\/v2\/comments?post=7279"}],"version-history":[{"count":0,"href":"https:\/\/fcspartaktrnava.com\/en\/wp-json\/wp\/v2\/posts\/7279\/revisions"}],"wp:featuredmedia":[{"embeddable":true,"href":"https:\/\/fcspartaktrnava.com\/en\/wp-json\/wp\/v2\/media\/7280"}],"wp:attachment":[{"href":"https:\/\/fcspartaktrnava.com\/en\/wp-json\/wp\/v2\/media?parent=7279"}],"wp:term":[{"taxonomy":"category","embeddable":true,"href":"https:\/\/fcspartaktrnava.com\/en\/wp-json\/wp\/v2\/categories?post=7279"},{"taxonomy":"post_tag","embeddable":true,"href":"https:\/\/fcspartaktrnava.com\/en\/wp-json\/wp\/v2\/tags?post=7279"}],"curies":[{"name":"wp","href":"https:\/\/api.w.org\/{rel}","templated":true}]}}