{"id":6736,"date":"2023-04-06T08:27:27","date_gmt":"2023-04-06T08:27:27","guid":{"rendered":"https:\/\/fcspartaktrnava.com\/?p=6736"},"modified":"2023-04-06T08:28:53","modified_gmt":"2023-04-06T08:28:53","slug":"gasparik-si-vo-finale-praje-slovan","status":"publish","type":"post","link":"https:\/\/fcspartaktrnava.com\/en\/gasparik-si-vo-finale-praje-slovan\/","title":{"rendered":"Ga\u0161par\u00edk si vo fin\u00e1le praje Slovan"},"content":{"rendered":"<p>Spartak urobil v\u010dera rozhoduj\u00faci krok do fin\u00e1le poh\u00e1ra, ke\u010f v&nbsp;odvete zdolal Tren\u010d\u00edn hladko 3:0. Z\u00e1pas v\u0161ak nebol tak\u00fd jednoduch\u00fd, ako by mo\u017eno nahov\u00e1ral v\u00fdsledok. Najm\u00e4 prv\u00fd pol\u010das, ke\u010f bolo e\u0161te v\u0161etko otvoren\u00e9, ve\u013ea futbalovej kr\u00e1sy nepriniesol. V\u0161etko v\u0161ak definit\u00edvne zlomil n\u00e1dhern\u00fd center za obranu od Erika Daniela tesne pred prest\u00e1vkou, na ktor\u00fd sta\u010dilo Romanovi Proch\u00e1zkovi spr\u00e1vne nastavi\u0165 nohu a&nbsp;definit\u00edvne tak zlomil odpor s\u00fapera.<\/p>\n\n\n\n<p><strong><em>\u201eVedeli sme, \u017ee to nebude \u013eahk\u00fd z\u00e1pas, aj ke\u010f sme mali jeden g\u00f3l n\u00e1skok. Prv\u00fd pol\u010das nebol z&nbsp;na\u0161ej strany \u00faplne ide\u00e1lny, ale hralo sa o&nbsp;fin\u00e1le. Aj my sme asi boli trocha nerv\u00f3zni, Tren\u010d\u00edn nemal \u010do strati\u0165 a&nbsp;i\u0161iel do toho naplno,\u201c<\/em><\/strong> hovor\u00ed kapit\u00e1n, ktor\u00e9ho predch\u00e1dzaj\u00faci g\u00f3l do siete Podbrezovej a\u0161piruje na g\u00f3l mesiaca. Tentoraz by na ocenenie a\u0161pirovala sk\u00f4r asistencia.<\/p>\n\n\n\n<p>V&nbsp;druhom pol\u010dase sa Tren\u010dania e\u0161te striedaniami pok\u00fasili o&nbsp;nemo\u017en\u00e9, ale rovnako nemo\u017en\u00e9 bolo pre nich dosta\u0165 sa pred brank\u00e1ra Vantrubu. G\u00f3lov\u00fa poistku n\u00e1sledne pridali Bukata, aj s&nbsp;monoklom na oku, a&nbsp;v&nbsp;z\u00e1vere po peknom slalome, za ktor\u00fd by sa nehanbila ani Vlhov\u00e1, aj Azevedo.<\/p>\n\n\n\n<p>Spartakovci tak post\u00fapili do fin\u00e1le, ktor\u00e9 si zahraj\u00fa na vlastnom \u0161tadi\u00f3ne. <strong><em>\u201eBola to na\u0161a motiv\u00e1cia navy\u0161e. Vyhra\u0165 poh\u00e1r na na\u0161om \u0161tadi\u00f3ne by bolo nie\u010do n\u00e1dhern\u00e9. U\u017e len to fin\u00e1le si tu zahra\u0165 bude \u00fa\u017easn\u00e9. Som naozaj ve\u013emi r\u00e1d za cel\u00fa \u0161at\u0148u, za klub, aj za fan\u00fa\u0161ikov, \u017ee si tu u\u017eij\u00fa fin\u00e1le a\u00a0te\u0161\u00edme sa,\u201c<\/em><\/strong> neskr\u00fdval rados\u0165 Proch\u00e1zka.<\/p>\n\n\n\n<figure class=\"wp-block-embed is-type-video is-provider-youtube wp-block-embed-youtube wp-embed-aspect-16-9 wp-has-aspect-ratio\"><div class=\"wp-block-embed__wrapper\">\n<iframe loading=\"lazy\" title=\"Roman Proch\u00e1zka: Budeme tu ma\u0165 vyt\u00fa\u017een\u00e9 fin\u00e1le na vlastnom \u0161tadi\u00f3ne\" width=\"500\" height=\"281\" src=\"https:\/\/www.youtube.com\/embed\/i6ufKmR2hFs?feature=oembed\" frameborder=\"0\" allow=\"accelerometer; autoplay; clipboard-write; encrypted-media; gyroscope; picture-in-picture; web-share\" referrerpolicy=\"strict-origin-when-cross-origin\" allowfullscreen><\/iframe>\n<\/div><\/figure>\n\n\n\n<p>V&nbsp;druhom semifin\u00e1le, ktor\u00e9 sa e\u0161te nerozohralo, sa stretne Slovan so Skalicou. Z&nbsp;poh\u013eadu \u0161anc\u00ed na obhajobu by si fan\u00fa\u0161ikovia zrejme sk\u00f4r \u017eelali Z\u00e1hor\u00e1kov, ale ak ide o&nbsp;atraktivitu z\u00e1pasu, tak derby neprev\u00fd\u0161i ni\u010d. &nbsp;&nbsp;<\/p>\n\n\n\n<p><strong><em>\u201eJa osobne chcem ve\u013ek\u00e9 derby a&nbsp;chcem, aby tam bol Slovan a&nbsp;chcem, aby Trnav\u010dania \u0161tadi\u00f3n vypredali,\u201c<\/em><\/strong> bez v\u00e1hania hovor\u00ed Michal Ga\u0161par\u00edk a&nbsp;pokra\u010duje: <strong><em>\u201eUr\u010dite to bude nerv\u00f3zny z\u00e1pas, lebo p\u00f4jde o&nbsp;ve\u013ea. Semifin\u00e1le bolo pod\u013ea m\u0148a psychicky \u0165a\u017e\u0161ie ako fin\u00e1le. To si m\u00f4\u017eeme o&nbsp;nie\u010do viac u\u017ei\u0165. Je to najv\u00e4\u010d\u0161ie derby na Slovensko a&nbsp;v\u0161etci sa bud\u00fa na to te\u0161i\u0165, bude to v&nbsp;dobrej atmosf\u00e9re a&nbsp;ver\u00edm, \u017ee aj dobr\u00fd futbal a&nbsp;mo\u017eno so \u0161\u0165astn\u00fdm koncom pre n\u00e1s.\u201c<\/em><\/strong><\/p>\n\n\n\n<p>V\u00a0semifin\u00e1le sa g\u00f3lovo presadil aj strelec rozhoduj\u00faceho g\u00f3lu z\u00a0minul\u00e9ho fin\u00e1le Dyjan Azevedo. Ve\u013ea mo\u017enosti na z\u00e1kladn\u00fa zostavu nedost\u00e1va, ale pri zranen\u00ed Oforiho nast\u00fapil v\u00a0ostatn\u00fdch dvoch dueloch od za\u010diatku a\u00a0nesklamal. Zd\u00e1 sa, \u017ee najm\u00e4 poh\u00e1rov\u00e9 z\u00e1pasy mu sedia, lebo v\u00a0lige na prv\u00fd g\u00f3l za Trnavu st\u00e1le \u010dak\u00e1. Tr\u00e9ner pochv\u00e1lil najm\u00e4 jeho pr\u00edstup k\u00a0povinnostiam. <strong><em>\u201eAzevedo uk\u00e1zal najm\u00e4 charakter. Potrebovali sme pom\u00f4c\u0165 aj Mal\u017eeniciam, aby post\u00fapili do 2. ligy, lebo je to d\u00f4le\u017eit\u00e9 pre na\u0161ich mlad\u00fdch hr\u00e1\u010dov. Niektor\u00ed n\u00e1m to odmietli, ale on bol ochotn\u00fd tam \u00eds\u0165, pod\u00e1val tam dobr\u00e9 v\u00fdkony a\u00a0dal ta aj nejak\u00e9 g\u00f3ly. T\u00fdm si zasl\u00fa\u017eil aj \u0161ancu v\u00a0A\u00a0t\u00edme. Dnes predviedol v\u00fdborn\u00fd v\u00fdkon, aj so Slovanom ho bolo c\u00edti\u0165. Bodaj by mu to vydr\u017ealo do konca sez\u00f3ny.\u201c<\/em><\/strong><\/p>\n\n\n\n<figure class=\"wp-block-gallery has-nested-images columns-default is-cropped wp-block-gallery-1 is-layout-flex wp-block-gallery-is-layout-flex\">\n<figure class=\"wp-block-image size-large\"><img loading=\"lazy\" decoding=\"async\" width=\"1024\" height=\"683\" data-id=\"6655\" src=\"https:\/\/fcspartaktrnava.com\/wp-content\/uploads\/2023\/04\/DSC_6401-1024x683.jpg\" alt=\"\" class=\"wp-image-6655\" srcset=\"https:\/\/fcspartaktrnava.com\/wp-content\/uploads\/2023\/04\/DSC_6401-1024x683.jpg 1024w, https:\/\/fcspartaktrnava.com\/wp-content\/uploads\/2023\/04\/DSC_6401-300x200.jpg 300w, https:\/\/fcspartaktrnava.com\/wp-content\/uploads\/2023\/04\/DSC_6401-768x512.jpg 768w, https:\/\/fcspartaktrnava.com\/wp-content\/uploads\/2023\/04\/DSC_6401-18x12.jpg 18w, https:\/\/fcspartaktrnava.com\/wp-content\/uploads\/2023\/04\/DSC_6401.jpg 1500w\" sizes=\"auto, (max-width: 1024px) 100vw, 1024px\" \/><\/figure>\n\n\n\n<figure class=\"wp-block-image size-large\"><img loading=\"lazy\" decoding=\"async\" width=\"1024\" height=\"683\" data-id=\"6640\" src=\"https:\/\/fcspartaktrnava.com\/wp-content\/uploads\/2023\/04\/DSC_6334-1024x683.jpg\" alt=\"\" class=\"wp-image-6640\" srcset=\"https:\/\/fcspartaktrnava.com\/wp-content\/uploads\/2023\/04\/DSC_6334-1024x683.jpg 1024w, https:\/\/fcspartaktrnava.com\/wp-content\/uploads\/2023\/04\/DSC_6334-300x200.jpg 300w, https:\/\/fcspartaktrnava.com\/wp-content\/uploads\/2023\/04\/DSC_6334-768x512.jpg 768w, https:\/\/fcspartaktrnava.com\/wp-content\/uploads\/2023\/04\/DSC_6334-18x12.jpg 18w, https:\/\/fcspartaktrnava.com\/wp-content\/uploads\/2023\/04\/DSC_6334.jpg 1500w\" sizes=\"auto, (max-width: 1024px) 100vw, 1024px\" \/><\/figure>\n\n\n\n<figure class=\"wp-block-image size-large\"><img loading=\"lazy\" decoding=\"async\" width=\"1024\" height=\"683\" data-id=\"6676\" src=\"https:\/\/fcspartaktrnava.com\/wp-content\/uploads\/2023\/04\/DSC_6475-1024x683.jpg\" alt=\"\" class=\"wp-image-6676\" srcset=\"https:\/\/fcspartaktrnava.com\/wp-content\/uploads\/2023\/04\/DSC_6475-1024x683.jpg 1024w, https:\/\/fcspartaktrnava.com\/wp-content\/uploads\/2023\/04\/DSC_6475-300x200.jpg 300w, https:\/\/fcspartaktrnava.com\/wp-content\/uploads\/2023\/04\/DSC_6475-768x512.jpg 768w, https:\/\/fcspartaktrnava.com\/wp-content\/uploads\/2023\/04\/DSC_6475-18x12.jpg 18w, https:\/\/fcspartaktrnava.com\/wp-content\/uploads\/2023\/04\/DSC_6475.jpg 1500w\" sizes=\"auto, (max-width: 1024px) 100vw, 1024px\" \/><\/figure>\n\n\n\n<figure class=\"wp-block-image size-large\"><img loading=\"lazy\" decoding=\"async\" width=\"1024\" height=\"683\" data-id=\"6703\" src=\"https:\/\/fcspartaktrnava.com\/wp-content\/uploads\/2023\/04\/DSC_6607-1024x683.jpg\" alt=\"\" class=\"wp-image-6703\" srcset=\"https:\/\/fcspartaktrnava.com\/wp-content\/uploads\/2023\/04\/DSC_6607-1024x683.jpg 1024w, https:\/\/fcspartaktrnava.com\/wp-content\/uploads\/2023\/04\/DSC_6607-300x200.jpg 300w, https:\/\/fcspartaktrnava.com\/wp-content\/uploads\/2023\/04\/DSC_6607-768x512.jpg 768w, https:\/\/fcspartaktrnava.com\/wp-content\/uploads\/2023\/04\/DSC_6607-18x12.jpg 18w, https:\/\/fcspartaktrnava.com\/wp-content\/uploads\/2023\/04\/DSC_6607.jpg 1500w\" sizes=\"auto, (max-width: 1024px) 100vw, 1024px\" \/><\/figure>\n<\/figure>\n\n\n\n<div class=\"wp-block-group alignfull has-background\" style=\"background-color:#f2f0e9\"><div class=\"wp-block-group__inner-container is-layout-flow wp-block-group-is-layout-flow\">\n<div class=\"wp-block-group alignwide\"><div class=\"wp-block-group__inner-container is-layout-constrained wp-block-group-is-layout-constrained\">\n<div class=\"wp-block-columns alignwide are-vertically-aligned-center is-layout-flex wp-container-core-columns-is-layout-9d6595d7 wp-block-columns-is-layout-flex\">\n<div class=\"wp-block-column is-vertically-aligned-center is-layout-flow wp-block-column-is-layout-flow\" style=\"flex-basis:50%\">\n<p class=\"has-text-color\" style=\"color:#000000;font-size:30px;line-height:1.1\">Straka spom\u00ednal<\/p>\n<\/div>\n<\/div>\n<\/div><\/div>\n\n\n\n<p class=\"has-text-align-left has-black-color has-text-color\">Tren\u010d\u00edn priviedol do Trnavy \u010desk\u00fd tr\u00e9ner Franti\u0161ek Straka. Spomenul, \u017ee jeho \u00falohou je v\u00a0prvom rade zachr\u00e1ni\u0165 Tren\u010danov v\u00a0lige a\u00a0zaspom\u00ednal si aj na \u010dasy, ke\u010f do Trnavy chodil ako hr\u00e1\u010d Sparty Praha. <strong><em>\u201eToto tu je pre m\u0148a absol\u00fatna nostalgia. Spom\u00ednam si ako som tu hr\u00e1val. Jo\u017eko Adamec u\u017e, bohu\u017eia\u013e, nie je na\u017eive, Julo Bielik, Rudo Kramoli\u0161, tie\u017e u\u017e nie je \u017eiv\u00fd, Keketi v\u00a0br\u00e1nke, Karolko, na ktor\u00e9ho spom\u00edname v\u0161etci&#8230; Tu tie z\u00e1pasy boli neskuto\u010dn\u00e9, vyhecovan\u00e9. V\u017edy to tu malo neskuto\u010dn\u00fd n\u00e1boj. Toto je ba\u0161ta slovensk\u00e9ho futbalu a\u00a0v\u017edy bola. T\u00fdch reprezentantov, e\u0161te ke\u010f sme hrali za \u010ceskoslovensko, to sa skladalo zo Slovanu, z\u00a0Trnavy a\u00a0potom od n\u00e1s zo Sparty, Slavie a\u00a0tak \u010falej. Ve\u013emi r\u00e1d na to spom\u00ednam. Bol som tu naposledy, ke\u010f som tr\u00e9noval Slovan a\u00a0to sa \u0161tadi\u00f3n e\u0161te iba staval. To ke\u010f teraz vid\u00edm, ak\u00fd tu m\u00e1te st\u00e1no\u010dek ako hrom, tak klob\u00fak dolu.\u201c<\/em><\/strong><\/p>\n<\/div><\/div>\n\n\n\n<div class=\"wp-block-buttons is-layout-flex wp-block-buttons-is-layout-flex\">\n<div class=\"wp-block-button aligncenter is-style-fill\"><a class=\"wp-block-button__link has-white-color has-text-color has-background wp-element-button\" href=\"https:\/\/fcspartaktrnava.com\/en\/galerii\/odveta-semifinale\/\" style=\"border-radius:0px;background-color:#d40133\" target=\"_blank\" rel=\"noreferrer noopener\">PHOTO GALLERY<\/a><\/div>\n<\/div>","protected":false},"excerpt":{"rendered":"<p>Spartak urobil v\u010dera rozhoduj\u00faci krok do fin\u00e1le poh\u00e1ra,&#8230;<\/p>","protected":false},"author":2,"featured_media":6726,"comment_status":"closed","ping_status":"closed","sticky":false,"template":"","format":"standard","meta":{"footnotes":""},"categories":[12],"tags":[11,57],"class_list":["post-6736","post","type-post","status-publish","format-standard","has-post-thumbnail","hentry","category-spravy","tag-michal-gasparik","tag-slovnaft-cup","post-number-1"],"yoast_head":"<!-- This site is optimized with the Yoast SEO plugin v27.1.1 - https:\/\/yoast.com\/product\/yoast-seo-wordpress\/ -->\n<title>Ga\u0161par\u00edk si vo fin\u00e1le praje Slovan - FC Spartak Trnava<\/title>\n<meta name=\"robots\" content=\"index, follow, max-snippet:-1, max-image-preview:large, max-video-preview:-1\" \/>\n<link rel=\"canonical\" href=\"https:\/\/fcspartaktrnava.com\/en\/gasparik-si-vo-finale-praje-slovan\/\" \/>\n<meta name=\"twitter:label1\" content=\"Written by\" \/>\n\t<meta name=\"twitter:data1\" content=\"spartak\" \/>\n\t<meta name=\"twitter:label2\" content=\"Estimated reading time\" \/>\n\t<meta name=\"twitter:data2\" content=\"5 minutes\" \/>\n<script type=\"application\/ld+json\" class=\"yoast-schema-graph\">{\"@context\":\"https:\/\/schema.org\",\"@graph\":[{\"@type\":\"Article\",\"@id\":\"https:\/\/fcspartaktrnava.com\/gasparik-si-vo-finale-praje-slovan\/#article\",\"isPartOf\":{\"@id\":\"https:\/\/fcspartaktrnava.com\/gasparik-si-vo-finale-praje-slovan\/\"},\"author\":{\"name\":\"spartak\",\"@id\":\"https:\/\/fcspartaktrnava.com\/#\/schema\/person\/24bc5b254af14f71d7d8af178790aa75\"},\"headline\":\"Ga\u0161par\u00edk si vo fin\u00e1le praje Slovan\",\"datePublished\":\"2023-04-06T08:27:27+00:00\",\"dateModified\":\"2023-04-06T08:28:53+00:00\",\"mainEntityOfPage\":{\"@id\":\"https:\/\/fcspartaktrnava.com\/gasparik-si-vo-finale-praje-slovan\/\"},\"wordCount\":855,\"publisher\":{\"@id\":\"https:\/\/fcspartaktrnava.com\/#organization\"},\"image\":{\"@id\":\"https:\/\/fcspartaktrnava.com\/gasparik-si-vo-finale-praje-slovan\/#primaryimage\"},\"thumbnailUrl\":\"https:\/\/fcspartaktrnava.com\/wp-content\/uploads\/2023\/04\/DSC_6723.jpg\",\"keywords\":[\"Michal Ga\u0161par\u00edk\",\"Slovnaft Cup\"],\"articleSection\":[\"Spr\u00e1vy\"],\"inLanguage\":\"en-GB\"},{\"@type\":\"WebPage\",\"@id\":\"https:\/\/fcspartaktrnava.com\/gasparik-si-vo-finale-praje-slovan\/\",\"url\":\"https:\/\/fcspartaktrnava.com\/gasparik-si-vo-finale-praje-slovan\/\",\"name\":\"Ga\u0161par\u00edk si vo fin\u00e1le praje Slovan - FC Spartak Trnava\",\"isPartOf\":{\"@id\":\"https:\/\/fcspartaktrnava.com\/#website\"},\"primaryImageOfPage\":{\"@id\":\"https:\/\/fcspartaktrnava.com\/gasparik-si-vo-finale-praje-slovan\/#primaryimage\"},\"image\":{\"@id\":\"https:\/\/fcspartaktrnava.com\/gasparik-si-vo-finale-praje-slovan\/#primaryimage\"},\"thumbnailUrl\":\"https:\/\/fcspartaktrnava.com\/wp-content\/uploads\/2023\/04\/DSC_6723.jpg\",\"datePublished\":\"2023-04-06T08:27:27+00:00\",\"dateModified\":\"2023-04-06T08:28:53+00:00\",\"breadcrumb\":{\"@id\":\"https:\/\/fcspartaktrnava.com\/gasparik-si-vo-finale-praje-slovan\/#breadcrumb\"},\"inLanguage\":\"en-GB\",\"potentialAction\":[{\"@type\":\"ReadAction\",\"target\":[\"https:\/\/fcspartaktrnava.com\/gasparik-si-vo-finale-praje-slovan\/\"]}]},{\"@type\":\"ImageObject\",\"inLanguage\":\"en-GB\",\"@id\":\"https:\/\/fcspartaktrnava.com\/gasparik-si-vo-finale-praje-slovan\/#primaryimage\",\"url\":\"https:\/\/fcspartaktrnava.com\/wp-content\/uploads\/2023\/04\/DSC_6723.jpg\",\"contentUrl\":\"https:\/\/fcspartaktrnava.com\/wp-content\/uploads\/2023\/04\/DSC_6723.jpg\",\"width\":1500,\"height\":1000},{\"@type\":\"BreadcrumbList\",\"@id\":\"https:\/\/fcspartaktrnava.com\/gasparik-si-vo-finale-praje-slovan\/#breadcrumb\",\"itemListElement\":[{\"@type\":\"ListItem\",\"position\":1,\"name\":\"Home\",\"item\":\"https:\/\/fcspartaktrnava.com\/\"},{\"@type\":\"ListItem\",\"position\":2,\"name\":\"Ga\u0161par\u00edk si vo fin\u00e1le praje Slovan\"}]},{\"@type\":\"WebSite\",\"@id\":\"https:\/\/fcspartaktrnava.com\/#website\",\"url\":\"https:\/\/fcspartaktrnava.com\/\",\"name\":\"FC Spartak Trnava\",\"description\":\"ofici\u00e1lna webstr\u00e1nka futbalov\u00e9ho klubu\",\"publisher\":{\"@id\":\"https:\/\/fcspartaktrnava.com\/#organization\"},\"potentialAction\":[{\"@type\":\"SearchAction\",\"target\":{\"@type\":\"EntryPoint\",\"urlTemplate\":\"https:\/\/fcspartaktrnava.com\/?s={search_term_string}\"},\"query-input\":{\"@type\":\"PropertyValueSpecification\",\"valueRequired\":true,\"valueName\":\"search_term_string\"}}],\"inLanguage\":\"en-GB\"},{\"@type\":\"Organization\",\"@id\":\"https:\/\/fcspartaktrnava.com\/#organization\",\"name\":\"FC Spartak Trnava\",\"alternateName\":\"Spartak\",\"url\":\"https:\/\/fcspartaktrnava.com\/\",\"logo\":{\"@type\":\"ImageObject\",\"inLanguage\":\"en-GB\",\"@id\":\"https:\/\/fcspartaktrnava.com\/#\/schema\/logo\/image\/\",\"url\":\"https:\/\/fcspartaktrnava.com\/wp-content\/uploads\/2022\/08\/cropped-site_logo.png\",\"contentUrl\":\"https:\/\/fcspartaktrnava.com\/wp-content\/uploads\/2022\/08\/cropped-site_logo.png\",\"width\":140,\"height\":140,\"caption\":\"FC Spartak Trnava\"},\"image\":{\"@id\":\"https:\/\/fcspartaktrnava.com\/#\/schema\/logo\/image\/\"},\"sameAs\":[\"https:\/\/www.facebook.com\/SpartakTrnava\",\"https:\/\/x.com\/SpartakTrnava1\",\"https:\/\/www.instagram.com\/spartak_sk\/\"]},{\"@type\":\"Person\",\"@id\":\"https:\/\/fcspartaktrnava.com\/#\/schema\/person\/24bc5b254af14f71d7d8af178790aa75\",\"name\":\"spartak\",\"image\":{\"@type\":\"ImageObject\",\"inLanguage\":\"en-GB\",\"@id\":\"https:\/\/fcspartaktrnava.com\/#\/schema\/person\/image\/\",\"url\":\"https:\/\/secure.gravatar.com\/avatar\/f8ff8584f3fcf3909a11a6da9019f37749183b4015bca14e64556c52614cdc7f?s=96&d=mm&r=g\",\"contentUrl\":\"https:\/\/secure.gravatar.com\/avatar\/f8ff8584f3fcf3909a11a6da9019f37749183b4015bca14e64556c52614cdc7f?s=96&d=mm&r=g\",\"caption\":\"spartak\"},\"url\":\"https:\/\/fcspartaktrnava.com\/en\/author\/spartak\/\"}]}<\/script>\n<!-- \/ Yoast SEO plugin. -->","yoast_head_json":{"title":"Ga\u0161par\u00edk si vo fin\u00e1le praje Slovan - FC Spartak Trnava","robots":{"index":"index","follow":"follow","max-snippet":"max-snippet:-1","max-image-preview":"max-image-preview:large","max-video-preview":"max-video-preview:-1"},"canonical":"https:\/\/fcspartaktrnava.com\/en\/gasparik-si-vo-finale-praje-slovan\/","twitter_misc":{"Written by":"spartak","Estimated reading time":"5 minutes"},"schema":{"@context":"https:\/\/schema.org","@graph":[{"@type":"Article","@id":"https:\/\/fcspartaktrnava.com\/gasparik-si-vo-finale-praje-slovan\/#article","isPartOf":{"@id":"https:\/\/fcspartaktrnava.com\/gasparik-si-vo-finale-praje-slovan\/"},"author":{"name":"spartak","@id":"https:\/\/fcspartaktrnava.com\/#\/schema\/person\/24bc5b254af14f71d7d8af178790aa75"},"headline":"Ga\u0161par\u00edk si vo fin\u00e1le praje Slovan","datePublished":"2023-04-06T08:27:27+00:00","dateModified":"2023-04-06T08:28:53+00:00","mainEntityOfPage":{"@id":"https:\/\/fcspartaktrnava.com\/gasparik-si-vo-finale-praje-slovan\/"},"wordCount":855,"publisher":{"@id":"https:\/\/fcspartaktrnava.com\/#organization"},"image":{"@id":"https:\/\/fcspartaktrnava.com\/gasparik-si-vo-finale-praje-slovan\/#primaryimage"},"thumbnailUrl":"https:\/\/fcspartaktrnava.com\/wp-content\/uploads\/2023\/04\/DSC_6723.jpg","keywords":["Michal Ga\u0161par\u00edk","Slovnaft Cup"],"articleSection":["Spr\u00e1vy"],"inLanguage":"en-GB"},{"@type":"WebPage","@id":"https:\/\/fcspartaktrnava.com\/gasparik-si-vo-finale-praje-slovan\/","url":"https:\/\/fcspartaktrnava.com\/gasparik-si-vo-finale-praje-slovan\/","name":"Ga\u0161par\u00edk si vo fin\u00e1le praje Slovan - FC Spartak Trnava","isPartOf":{"@id":"https:\/\/fcspartaktrnava.com\/#website"},"primaryImageOfPage":{"@id":"https:\/\/fcspartaktrnava.com\/gasparik-si-vo-finale-praje-slovan\/#primaryimage"},"image":{"@id":"https:\/\/fcspartaktrnava.com\/gasparik-si-vo-finale-praje-slovan\/#primaryimage"},"thumbnailUrl":"https:\/\/fcspartaktrnava.com\/wp-content\/uploads\/2023\/04\/DSC_6723.jpg","datePublished":"2023-04-06T08:27:27+00:00","dateModified":"2023-04-06T08:28:53+00:00","breadcrumb":{"@id":"https:\/\/fcspartaktrnava.com\/gasparik-si-vo-finale-praje-slovan\/#breadcrumb"},"inLanguage":"en-GB","potentialAction":[{"@type":"ReadAction","target":["https:\/\/fcspartaktrnava.com\/gasparik-si-vo-finale-praje-slovan\/"]}]},{"@type":"ImageObject","inLanguage":"en-GB","@id":"https:\/\/fcspartaktrnava.com\/gasparik-si-vo-finale-praje-slovan\/#primaryimage","url":"https:\/\/fcspartaktrnava.com\/wp-content\/uploads\/2023\/04\/DSC_6723.jpg","contentUrl":"https:\/\/fcspartaktrnava.com\/wp-content\/uploads\/2023\/04\/DSC_6723.jpg","width":1500,"height":1000},{"@type":"BreadcrumbList","@id":"https:\/\/fcspartaktrnava.com\/gasparik-si-vo-finale-praje-slovan\/#breadcrumb","itemListElement":[{"@type":"ListItem","position":1,"name":"Home","item":"https:\/\/fcspartaktrnava.com\/"},{"@type":"ListItem","position":2,"name":"Ga\u0161par\u00edk si vo fin\u00e1le praje Slovan"}]},{"@type":"WebSite","@id":"https:\/\/fcspartaktrnava.com\/#website","url":"https:\/\/fcspartaktrnava.com\/","name":"FC Spartak Trnava","description":"ofici\u00e1lna webstr\u00e1nka futbalov\u00e9ho klubu","publisher":{"@id":"https:\/\/fcspartaktrnava.com\/#organization"},"potentialAction":[{"@type":"SearchAction","target":{"@type":"EntryPoint","urlTemplate":"https:\/\/fcspartaktrnava.com\/?s={search_term_string}"},"query-input":{"@type":"PropertyValueSpecification","valueRequired":true,"valueName":"search_term_string"}}],"inLanguage":"en-GB"},{"@type":"Organization","@id":"https:\/\/fcspartaktrnava.com\/#organization","name":"FC Spartak Trnava","alternateName":"Spartak","url":"https:\/\/fcspartaktrnava.com\/","logo":{"@type":"ImageObject","inLanguage":"en-GB","@id":"https:\/\/fcspartaktrnava.com\/#\/schema\/logo\/image\/","url":"https:\/\/fcspartaktrnava.com\/wp-content\/uploads\/2022\/08\/cropped-site_logo.png","contentUrl":"https:\/\/fcspartaktrnava.com\/wp-content\/uploads\/2022\/08\/cropped-site_logo.png","width":140,"height":140,"caption":"FC Spartak Trnava"},"image":{"@id":"https:\/\/fcspartaktrnava.com\/#\/schema\/logo\/image\/"},"sameAs":["https:\/\/www.facebook.com\/SpartakTrnava","https:\/\/x.com\/SpartakTrnava1","https:\/\/www.instagram.com\/spartak_sk\/"]},{"@type":"Person","@id":"https:\/\/fcspartaktrnava.com\/#\/schema\/person\/24bc5b254af14f71d7d8af178790aa75","name":"spartak","image":{"@type":"ImageObject","inLanguage":"en-GB","@id":"https:\/\/fcspartaktrnava.com\/#\/schema\/person\/image\/","url":"https:\/\/secure.gravatar.com\/avatar\/f8ff8584f3fcf3909a11a6da9019f37749183b4015bca14e64556c52614cdc7f?s=96&d=mm&r=g","contentUrl":"https:\/\/secure.gravatar.com\/avatar\/f8ff8584f3fcf3909a11a6da9019f37749183b4015bca14e64556c52614cdc7f?s=96&d=mm&r=g","caption":"spartak"},"url":"https:\/\/fcspartaktrnava.com\/en\/author\/spartak\/"}]}},"_links":{"self":[{"href":"https:\/\/fcspartaktrnava.com\/en\/wp-json\/wp\/v2\/posts\/6736","targetHints":{"allow":["GET"]}}],"collection":[{"href":"https:\/\/fcspartaktrnava.com\/en\/wp-json\/wp\/v2\/posts"}],"about":[{"href":"https:\/\/fcspartaktrnava.com\/en\/wp-json\/wp\/v2\/types\/post"}],"author":[{"embeddable":true,"href":"https:\/\/fcspartaktrnava.com\/en\/wp-json\/wp\/v2\/users\/2"}],"replies":[{"embeddable":true,"href":"https:\/\/fcspartaktrnava.com\/en\/wp-json\/wp\/v2\/comments?post=6736"}],"version-history":[{"count":0,"href":"https:\/\/fcspartaktrnava.com\/en\/wp-json\/wp\/v2\/posts\/6736\/revisions"}],"wp:featuredmedia":[{"embeddable":true,"href":"https:\/\/fcspartaktrnava.com\/en\/wp-json\/wp\/v2\/media\/6726"}],"wp:attachment":[{"href":"https:\/\/fcspartaktrnava.com\/en\/wp-json\/wp\/v2\/media?parent=6736"}],"wp:term":[{"taxonomy":"category","embeddable":true,"href":"https:\/\/fcspartaktrnava.com\/en\/wp-json\/wp\/v2\/categories?post=6736"},{"taxonomy":"post_tag","embeddable":true,"href":"https:\/\/fcspartaktrnava.com\/en\/wp-json\/wp\/v2\/tags?post=6736"}],"curies":[{"name":"wp","href":"https:\/\/api.w.org\/{rel}","templated":true}]}}