{"id":6441,"date":"2023-03-31T10:00:48","date_gmt":"2023-03-31T10:00:48","guid":{"rendered":"https:\/\/fcspartaktrnava.com\/?p=6441"},"modified":"2023-03-31T10:00:49","modified_gmt":"2023-03-31T10:00:49","slug":"na-slovan-nestaci-priemerny-vykon","status":"publish","type":"post","link":"https:\/\/fcspartaktrnava.com\/en\/na-slovan-nestaci-priemerny-vykon\/","title":{"rendered":"\u201eNa Slovan nesta\u010d\u00ed priemern\u00fd v\u00fdkon\u201c"},"content":{"rendered":"<p>V&nbsp;nede\u013eu podve\u010der sa v&nbsp;Trnave na p\u00e1r hod\u00edn bude zasa v\u0161etko to\u010di\u0165 okolo futbalu. Od 17:30 toti\u017e Spartak na \u0160tadi\u00f3ne Antona Malatinsk\u00e9ho priv\u00edta Slovan Bratislava. Derby je od nepam\u00e4ti l\u00e1kadlom nielen pre skaln\u00fdch fan\u00fa\u0161ikov, ktor\u00ed chodia pravidelne, ale tak\u00fdto z\u00e1pas si nenechaj\u00fa ujs\u0165 ani priaznivci, ktor\u00ed si v&nbsp;lige vyberaj\u00fa tie atrakt\u00edvnej\u0161ie z\u00e1pasy. V\u0161etci s\u00fa v\u00edtan\u00ed a&nbsp;spolo\u010dne m\u00f4\u017eu vytvori\u0165 zoskupenie, ktor\u00e9 ud\u00e1 t\u00f3n z\u00e1pasu a&nbsp;navod\u00ed t\u00fa spr\u00e1vnu futbalov\u00fa atmosf\u00e9ru. Fan\u00fa\u0161ikovia chc\u00fa prekona\u0165 dosia\u013e najvy\u0161\u0161iu n\u00e1v\u0161tevu sez\u00f3ny a&nbsp;zlomi\u0165 p\u00e4\u0165cifern\u00fd po\u010det pr\u00edtomn\u00fdch div\u00e1kov.<\/p>\n\n\n\n<p>Tak\u00e1to kulisa by bezo sporu pomohla aj hr\u00e1\u010dom k&nbsp;nadpriemern\u00fdm v\u00fdkonom, ktor\u00e9 bud\u00fa potrebova\u0165, ak chc\u00fa Slovan v&nbsp;derby zdola\u0165. <strong><em>\u201eChalanom som povedal, \u017ee na Slovan nesta\u010d\u00ed priemern\u00fd v\u00fdkon, potrebujeme nad\u0161tandardn\u00fd v\u00fdkon a&nbsp;potrebujeme ho minim\u00e1lne od deviatich \u2013 desiatich hr\u00e1\u010dov,\u201c <\/em><\/strong>hovor\u00ed tr\u00e9ner Michal Ga\u0161par\u00edk. Jeho mu\u017estvo v&nbsp;tejto sez\u00f3ne so Slovanom z\u00edskalo bod za dom\u00e1cu rem\u00edzu. Obaja s\u00faperi sa spolu stretli aj za\u010diatkom tohto mesiaca a&nbsp;e\u0161te minim\u00e1lne raz na seba narazia aj po tomto z\u00e1pase. Ve\u013ea priestoru na zav\u00e1dzanie nov\u00fdch prvkov v&nbsp;hre nie je.<strong><em> \u201eVych\u00e1dzam z&nbsp;n\u00e1\u0161ho posledn\u00e9ho z\u00e1pasu, ale aj z&nbsp;toho v&nbsp;Dunajskej Strede, preto\u017ee n\u00e1m niektor\u00e9 veci nefungovali. Oba z\u00e1pasy boli zl\u00e9 v\u00fdsledkovo, ale herne tam bolo ve\u013ea \u010dasov\u00fdch \u00fasekov dobr\u00fdch a&nbsp;boli sme lep\u0161\u00ed. Sna\u017eil som sa n\u00e1js\u0165 nie\u010do nov\u00e9, aby som im pomohol aj syst\u00e9movo, ale nie je toho ve\u013ea. Mu\u017estv\u00e1 sa navz\u00e1jom poznaj\u00fa, zostava Slovana bude z&nbsp;jeden\u00e1stich mien asi v&nbsp;desiatich pr\u00edpadov tak\u00e1, ak\u00fa predpoklad\u00e1m.\u201c<\/em><\/strong><\/p>\n\n\n\n<p>Hr\u00e1\u010di Spartaka si po\u010das reprezenta\u010dnej pauzy najm\u00e4 poriadne odd\u00fdchli. Ako obvykle v&nbsp;tomto term\u00edne, mali aj&nbsp;spolo\u010dn\u00fd teambuilding, tentoraz si vysk\u00fa\u0161ali bowling. \u010cak\u00e1 ich toti\u017e n\u00e1ro\u010dn\u00e1 pas\u00e1\u017e, ke\u010f za sedem dn\u00ed odohraj\u00fa tri z\u00e1pasy, a&nbsp;v\u0161etky d\u00f4le\u017eit\u00e9. <strong><em>\u201eZa\u010dneme so Slovanom a&nbsp;ver\u00edm, \u017ee pr\u00edde ve\u013ea \u013eud\u00ed. My potrebujeme body, aby sme odrazili moment\u00e1lne \u017dilinu, potom mo\u017eno aj Podbrezov\u00fa, v&nbsp;boji o&nbsp;tretie miesto. Nie je to len tento t\u00fd\u017ede\u0148, ale v&nbsp;nasleduj\u00facom mesiaci n\u00e1s \u010dak\u00e1 \u0161es\u0165 z\u00e1pasov, ktor\u00e9 bud\u00fa \u0165a\u017ek\u00e9 a&nbsp;rozhoduj\u00face. Po Slovane potrebujeme za tri dni post\u00fapi\u0165 do fin\u00e1le poh\u00e1ra, \u010do nebude \u013eahk\u00e9. Tren\u010d\u00edn m\u00e1 nov\u00e9ho tr\u00e9nera, ur\u010dite bud\u00fa vyhecovan\u00ed,&nbsp;nabuden\u00ed a&nbsp;spravia v\u0161etko pre to, aby sa tam dostali oni. Mus\u00edme sa dobre zregenerova\u0165 a&nbsp;nachysta\u0165 sa takticky aj fyzicky, aby sme mali dos\u0165 energie. To je futbal a&nbsp;mysl\u00edm, \u017ee je dobre, ke\u010f sa hr\u00e1 ve\u013ea z\u00e1pasov a&nbsp;nemusia chalani to\u013eko tr\u00e9nova\u0165.\u201c<\/em><\/strong><\/p>\n\n\n\n<p>Po\u010das repre pauzy si mohli hr\u00e1\u010di nielen odpo\u010din\u00fa\u0165, ale dolie\u010di\u0165 si aj drobn\u00e9 \u0161r\u00e1my. Neplat\u00ed to v\u0161ak pre dvojicu Kazeem Bolaji \u2013 Martin Mikovi\u010d, ktor\u00ed s\u00fa st\u00e1le zranen\u00ed. Zhodou okolnost\u00ed hr\u00e1vaj\u00fa na rovnakom poste. <strong><em>\u201eM\u00e1me dvoch \u013eav\u00fdch obrancov a&nbsp;obaja sa zrania. Jeden je mimo u\u017e dva mesiace a&nbsp;druh\u00fd do konca sez\u00f3ny. Probl\u00e9my m\u00e1 aj Twardzik a&nbsp;na tomto poste m\u00e1me najv\u00e4\u010d\u0161\u00ed probl\u00e9m. Ver\u00edm, \u017ee nast\u00fapi, ale nie je to ide\u00e1lne. Ostatn\u00e9 poz\u00edcie m\u00e1me zdrav\u00e9, jedin\u00fd, kto m\u00e1 trocha probl\u00e9m je Ofori. St\u00e1le m\u00e1me dva dni a&nbsp;uvid\u00edme ako sa d\u00e1 dokopy.\u201c<\/em><\/strong><\/p>\n\n\n\n<p>Z\u00e1pas bude rozhodova\u0165 Filip Glova a&nbsp;l\u00edstky je mo\u017en\u00e9 zak\u00fapi\u0165 online alebo vo fanshope. V&nbsp;de\u0148 z\u00e1pasu bud\u00fa otvoren\u00e9 pokladne na \u0160portovej a&nbsp;Koll\u00e1rovej ulici (od 14. do 16. h). Bli\u017e\u0161ie inform\u00e1cie na: <a href=\"https:\/\/fcspartaktrnava.com\/en\/predaj-listkov-na-slovan\/\">https:\/\/fcspartaktrnava.com\/predaj-listkov-na-slovan\/<\/a>.<\/p>\n\n\n\n<p><a href=\"https:\/\/fcspartaktrnava.com\/en\/bulletin\/\">Z\u00e1pasov\u00fd bulletin<\/a><\/p>\n\n\n\n<p>Cel\u00fd rozhovor s\u00a0Michalom Ga\u0161par\u00edkom si m\u00f4\u017eete pozrie\u0165 na klubovom youtube kan\u00e1li:<\/p>\n\n\n\n<figure class=\"wp-block-embed is-type-video is-provider-youtube wp-block-embed-youtube wp-embed-aspect-16-9 wp-has-aspect-ratio\"><div class=\"wp-block-embed__wrapper\">\n<iframe loading=\"lazy\" title=\"Michal Ga\u0161par\u00edk pred derby\" width=\"500\" height=\"281\" src=\"https:\/\/www.youtube.com\/embed\/WfqTgv81w1c?feature=oembed\" frameborder=\"0\" allow=\"accelerometer; autoplay; clipboard-write; encrypted-media; gyroscope; picture-in-picture; web-share\" referrerpolicy=\"strict-origin-when-cross-origin\" allowfullscreen><\/iframe>\n<\/div><\/figure>\n\n\n\n<div class=\"wp-block-group alignfull has-black-color has-text-color has-background has-link-color wp-elements-a9b0d4d0ea7cde1f069bfccfb284eed5\" style=\"background-color:#d2cdc7\"><div class=\"wp-block-group__inner-container is-layout-flow wp-block-group-is-layout-flow\">\n<p class=\"has-vivid-red-color has-text-color has-medium-font-size\"><strong>U\u017e druh\u00fd najdlh\u0161ie sl\u00fa\u017eiaci tr\u00e9ner<\/strong><\/p>\n\n\n\n<p>Michal Ga\u0161par\u00edk bude po z\u00e1pase so Slovanom tr\u00e9nerom Spartaka dvaa\u0161tvr\u0165 roka, \u010d\u00edm prekon\u00e1 \u0161t\u00e1ciu Juraja Jar\u00e1bka spred \u00f4smich rokov. Stane sa tak druh\u00fdm najdlh\u0161ie sl\u00fa\u017eiacim tr\u00e9nerom v&nbsp;Spartaku v&nbsp;\u00e9re samostatnosti. Ak ostane v&nbsp;klube do konca aktu\u00e1lneho roka, tak sa vyrovn\u00e1 aj Karolovi Peczemu.<\/p>\n\n\n\n<p><strong><em>\u201ePri\u0161iel som z&nbsp;dorastu ako nesk\u00fasen\u00fd tr\u00e9ner a&nbsp;v&nbsp;duchu som si hovoril, \u017ee ke\u010f to budem robi\u0165 dobre a&nbsp;budem ma\u0165 dobr\u00fdch hr\u00e1\u010dov a pr\u00eddu v\u00fdsledky, mohol by som tu vydr\u017ea\u0165 dlh\u0161ie. Ned\u00fafal som, \u017ee to bude cez dva roky, ale nie je to len o&nbsp;mne. Je to o&nbsp;hr\u00e1\u010doch, o&nbsp;veden\u00ed, o&nbsp;majite\u013eoch. U\u017e to nie je ako kedysi, \u017ee sa zav\u00e1halo a&nbsp;hne\u010f to horelo na streche a&nbsp;rie\u0161ilo sa to. V&nbsp;tomto m\u00e1m podporu vedenia a&nbsp;majite\u013eov. Mo\u017eno v&nbsp;minulosti by som tu nebol. Te\u0161\u00ed ma to. Viem, \u017ee to nie je a\u017e tak\u00e1 dlh\u00e1 doba a&nbsp;pritom u\u017e som na druhej prie\u010dke. Na Slovensku to v\u0161ak dlh\u00e1 doba je, lebo v&nbsp;lige som najdlh\u0161ie p\u00f4sobiaci tr\u00e9ner. Takto to vo futbale je a&nbsp;ako tr\u00e9neri to nem\u00e1me jednoduch\u00e9, ale to je futbal.\u201c<\/em><\/strong><\/p>\n\n\n\n<p>Rekord\u00e9rom je legend\u00e1rny Anton Malatinsk\u00fd, ktor\u00fd po dva razy p\u00f4sobil v&nbsp;Spartaku v&nbsp;piatich ro\u010dn\u00edkoch nepretr\u017eite. Dovedna str\u00e1vil ako tr\u00e9ner \u010derveno-\u010diernych 14 sez\u00f3n.<\/p>\n<\/div><\/div>","protected":false},"excerpt":{"rendered":"<p>V&nbsp;nede\u013eu podve\u010der sa v&nbsp;Trnave na p\u00e1r hod\u00edn bude&#8230;<\/p>","protected":false},"author":2,"featured_media":6280,"comment_status":"closed","ping_status":"closed","sticky":false,"template":"","format":"standard","meta":{"footnotes":""},"categories":[41],"tags":[11],"class_list":["post-6441","post","type-post","status-publish","format-standard","has-post-thumbnail","hentry","category-intervju","tag-michal-gasparik","post-number-1"],"yoast_head":"<!-- This site is optimized with the Yoast SEO plugin v27.1.1 - https:\/\/yoast.com\/product\/yoast-seo-wordpress\/ -->\n<title>\u201eNa Slovan nesta\u010d\u00ed priemern\u00fd v\u00fdkon\u201c - FC Spartak Trnava<\/title>\n<meta name=\"robots\" content=\"index, follow, max-snippet:-1, max-image-preview:large, max-video-preview:-1\" \/>\n<link rel=\"canonical\" href=\"https:\/\/fcspartaktrnava.com\/en\/na-slovan-nestaci-priemerny-vykon\/\" \/>\n<meta name=\"twitter:label1\" content=\"Written by\" \/>\n\t<meta name=\"twitter:data1\" content=\"spartak\" \/>\n\t<meta name=\"twitter:label2\" content=\"Estimated reading time\" \/>\n\t<meta name=\"twitter:data2\" content=\"5 minutes\" \/>\n<script type=\"application\/ld+json\" class=\"yoast-schema-graph\">{\"@context\":\"https:\/\/schema.org\",\"@graph\":[{\"@type\":\"Article\",\"@id\":\"https:\/\/fcspartaktrnava.com\/na-slovan-nestaci-priemerny-vykon\/#article\",\"isPartOf\":{\"@id\":\"https:\/\/fcspartaktrnava.com\/na-slovan-nestaci-priemerny-vykon\/\"},\"author\":{\"name\":\"spartak\",\"@id\":\"https:\/\/fcspartaktrnava.com\/#\/schema\/person\/24bc5b254af14f71d7d8af178790aa75\"},\"headline\":\"\u201eNa Slovan nesta\u010d\u00ed priemern\u00fd v\u00fdkon\u201c\",\"datePublished\":\"2023-03-31T10:00:48+00:00\",\"dateModified\":\"2023-03-31T10:00:49+00:00\",\"mainEntityOfPage\":{\"@id\":\"https:\/\/fcspartaktrnava.com\/na-slovan-nestaci-priemerny-vykon\/\"},\"wordCount\":1011,\"publisher\":{\"@id\":\"https:\/\/fcspartaktrnava.com\/#organization\"},\"image\":{\"@id\":\"https:\/\/fcspartaktrnava.com\/na-slovan-nestaci-priemerny-vykon\/#primaryimage\"},\"thumbnailUrl\":\"https:\/\/fcspartaktrnava.com\/wp-content\/uploads\/2023\/03\/DSC_3644.jpg\",\"keywords\":[\"Michal Ga\u0161par\u00edk\"],\"articleSection\":[\"Rozhovory\"],\"inLanguage\":\"en-GB\"},{\"@type\":\"WebPage\",\"@id\":\"https:\/\/fcspartaktrnava.com\/na-slovan-nestaci-priemerny-vykon\/\",\"url\":\"https:\/\/fcspartaktrnava.com\/na-slovan-nestaci-priemerny-vykon\/\",\"name\":\"\u201eNa Slovan nesta\u010d\u00ed priemern\u00fd v\u00fdkon\u201c - FC Spartak Trnava\",\"isPartOf\":{\"@id\":\"https:\/\/fcspartaktrnava.com\/#website\"},\"primaryImageOfPage\":{\"@id\":\"https:\/\/fcspartaktrnava.com\/na-slovan-nestaci-priemerny-vykon\/#primaryimage\"},\"image\":{\"@id\":\"https:\/\/fcspartaktrnava.com\/na-slovan-nestaci-priemerny-vykon\/#primaryimage\"},\"thumbnailUrl\":\"https:\/\/fcspartaktrnava.com\/wp-content\/uploads\/2023\/03\/DSC_3644.jpg\",\"datePublished\":\"2023-03-31T10:00:48+00:00\",\"dateModified\":\"2023-03-31T10:00:49+00:00\",\"breadcrumb\":{\"@id\":\"https:\/\/fcspartaktrnava.com\/na-slovan-nestaci-priemerny-vykon\/#breadcrumb\"},\"inLanguage\":\"en-GB\",\"potentialAction\":[{\"@type\":\"ReadAction\",\"target\":[\"https:\/\/fcspartaktrnava.com\/na-slovan-nestaci-priemerny-vykon\/\"]}]},{\"@type\":\"ImageObject\",\"inLanguage\":\"en-GB\",\"@id\":\"https:\/\/fcspartaktrnava.com\/na-slovan-nestaci-priemerny-vykon\/#primaryimage\",\"url\":\"https:\/\/fcspartaktrnava.com\/wp-content\/uploads\/2023\/03\/DSC_3644.jpg\",\"contentUrl\":\"https:\/\/fcspartaktrnava.com\/wp-content\/uploads\/2023\/03\/DSC_3644.jpg\",\"width\":1500,\"height\":1000},{\"@type\":\"BreadcrumbList\",\"@id\":\"https:\/\/fcspartaktrnava.com\/na-slovan-nestaci-priemerny-vykon\/#breadcrumb\",\"itemListElement\":[{\"@type\":\"ListItem\",\"position\":1,\"name\":\"Home\",\"item\":\"https:\/\/fcspartaktrnava.com\/\"},{\"@type\":\"ListItem\",\"position\":2,\"name\":\"\u201eNa Slovan nesta\u010d\u00ed priemern\u00fd v\u00fdkon\u201c\"}]},{\"@type\":\"WebSite\",\"@id\":\"https:\/\/fcspartaktrnava.com\/#website\",\"url\":\"https:\/\/fcspartaktrnava.com\/\",\"name\":\"FC Spartak Trnava\",\"description\":\"ofici\u00e1lna webstr\u00e1nka futbalov\u00e9ho klubu\",\"publisher\":{\"@id\":\"https:\/\/fcspartaktrnava.com\/#organization\"},\"potentialAction\":[{\"@type\":\"SearchAction\",\"target\":{\"@type\":\"EntryPoint\",\"urlTemplate\":\"https:\/\/fcspartaktrnava.com\/?s={search_term_string}\"},\"query-input\":{\"@type\":\"PropertyValueSpecification\",\"valueRequired\":true,\"valueName\":\"search_term_string\"}}],\"inLanguage\":\"en-GB\"},{\"@type\":\"Organization\",\"@id\":\"https:\/\/fcspartaktrnava.com\/#organization\",\"name\":\"FC Spartak Trnava\",\"alternateName\":\"Spartak\",\"url\":\"https:\/\/fcspartaktrnava.com\/\",\"logo\":{\"@type\":\"ImageObject\",\"inLanguage\":\"en-GB\",\"@id\":\"https:\/\/fcspartaktrnava.com\/#\/schema\/logo\/image\/\",\"url\":\"https:\/\/fcspartaktrnava.com\/wp-content\/uploads\/2022\/08\/cropped-site_logo.png\",\"contentUrl\":\"https:\/\/fcspartaktrnava.com\/wp-content\/uploads\/2022\/08\/cropped-site_logo.png\",\"width\":140,\"height\":140,\"caption\":\"FC Spartak Trnava\"},\"image\":{\"@id\":\"https:\/\/fcspartaktrnava.com\/#\/schema\/logo\/image\/\"},\"sameAs\":[\"https:\/\/www.facebook.com\/SpartakTrnava\",\"https:\/\/x.com\/SpartakTrnava1\",\"https:\/\/www.instagram.com\/spartak_sk\/\"]},{\"@type\":\"Person\",\"@id\":\"https:\/\/fcspartaktrnava.com\/#\/schema\/person\/24bc5b254af14f71d7d8af178790aa75\",\"name\":\"spartak\",\"image\":{\"@type\":\"ImageObject\",\"inLanguage\":\"en-GB\",\"@id\":\"https:\/\/fcspartaktrnava.com\/#\/schema\/person\/image\/\",\"url\":\"https:\/\/secure.gravatar.com\/avatar\/f8ff8584f3fcf3909a11a6da9019f37749183b4015bca14e64556c52614cdc7f?s=96&d=mm&r=g\",\"contentUrl\":\"https:\/\/secure.gravatar.com\/avatar\/f8ff8584f3fcf3909a11a6da9019f37749183b4015bca14e64556c52614cdc7f?s=96&d=mm&r=g\",\"caption\":\"spartak\"},\"url\":\"https:\/\/fcspartaktrnava.com\/en\/author\/spartak\/\"}]}<\/script>\n<!-- \/ Yoast SEO plugin. -->","yoast_head_json":{"title":"\u201eNa Slovan nesta\u010d\u00ed priemern\u00fd v\u00fdkon\u201c - FC Spartak Trnava","robots":{"index":"index","follow":"follow","max-snippet":"max-snippet:-1","max-image-preview":"max-image-preview:large","max-video-preview":"max-video-preview:-1"},"canonical":"https:\/\/fcspartaktrnava.com\/en\/na-slovan-nestaci-priemerny-vykon\/","twitter_misc":{"Written by":"spartak","Estimated reading time":"5 minutes"},"schema":{"@context":"https:\/\/schema.org","@graph":[{"@type":"Article","@id":"https:\/\/fcspartaktrnava.com\/na-slovan-nestaci-priemerny-vykon\/#article","isPartOf":{"@id":"https:\/\/fcspartaktrnava.com\/na-slovan-nestaci-priemerny-vykon\/"},"author":{"name":"spartak","@id":"https:\/\/fcspartaktrnava.com\/#\/schema\/person\/24bc5b254af14f71d7d8af178790aa75"},"headline":"\u201eNa Slovan nesta\u010d\u00ed priemern\u00fd v\u00fdkon\u201c","datePublished":"2023-03-31T10:00:48+00:00","dateModified":"2023-03-31T10:00:49+00:00","mainEntityOfPage":{"@id":"https:\/\/fcspartaktrnava.com\/na-slovan-nestaci-priemerny-vykon\/"},"wordCount":1011,"publisher":{"@id":"https:\/\/fcspartaktrnava.com\/#organization"},"image":{"@id":"https:\/\/fcspartaktrnava.com\/na-slovan-nestaci-priemerny-vykon\/#primaryimage"},"thumbnailUrl":"https:\/\/fcspartaktrnava.com\/wp-content\/uploads\/2023\/03\/DSC_3644.jpg","keywords":["Michal Ga\u0161par\u00edk"],"articleSection":["Rozhovory"],"inLanguage":"en-GB"},{"@type":"WebPage","@id":"https:\/\/fcspartaktrnava.com\/na-slovan-nestaci-priemerny-vykon\/","url":"https:\/\/fcspartaktrnava.com\/na-slovan-nestaci-priemerny-vykon\/","name":"\u201eNa Slovan nesta\u010d\u00ed priemern\u00fd v\u00fdkon\u201c - FC Spartak Trnava","isPartOf":{"@id":"https:\/\/fcspartaktrnava.com\/#website"},"primaryImageOfPage":{"@id":"https:\/\/fcspartaktrnava.com\/na-slovan-nestaci-priemerny-vykon\/#primaryimage"},"image":{"@id":"https:\/\/fcspartaktrnava.com\/na-slovan-nestaci-priemerny-vykon\/#primaryimage"},"thumbnailUrl":"https:\/\/fcspartaktrnava.com\/wp-content\/uploads\/2023\/03\/DSC_3644.jpg","datePublished":"2023-03-31T10:00:48+00:00","dateModified":"2023-03-31T10:00:49+00:00","breadcrumb":{"@id":"https:\/\/fcspartaktrnava.com\/na-slovan-nestaci-priemerny-vykon\/#breadcrumb"},"inLanguage":"en-GB","potentialAction":[{"@type":"ReadAction","target":["https:\/\/fcspartaktrnava.com\/na-slovan-nestaci-priemerny-vykon\/"]}]},{"@type":"ImageObject","inLanguage":"en-GB","@id":"https:\/\/fcspartaktrnava.com\/na-slovan-nestaci-priemerny-vykon\/#primaryimage","url":"https:\/\/fcspartaktrnava.com\/wp-content\/uploads\/2023\/03\/DSC_3644.jpg","contentUrl":"https:\/\/fcspartaktrnava.com\/wp-content\/uploads\/2023\/03\/DSC_3644.jpg","width":1500,"height":1000},{"@type":"BreadcrumbList","@id":"https:\/\/fcspartaktrnava.com\/na-slovan-nestaci-priemerny-vykon\/#breadcrumb","itemListElement":[{"@type":"ListItem","position":1,"name":"Home","item":"https:\/\/fcspartaktrnava.com\/"},{"@type":"ListItem","position":2,"name":"\u201eNa Slovan nesta\u010d\u00ed priemern\u00fd v\u00fdkon\u201c"}]},{"@type":"WebSite","@id":"https:\/\/fcspartaktrnava.com\/#website","url":"https:\/\/fcspartaktrnava.com\/","name":"FC Spartak Trnava","description":"ofici\u00e1lna webstr\u00e1nka futbalov\u00e9ho klubu","publisher":{"@id":"https:\/\/fcspartaktrnava.com\/#organization"},"potentialAction":[{"@type":"SearchAction","target":{"@type":"EntryPoint","urlTemplate":"https:\/\/fcspartaktrnava.com\/?s={search_term_string}"},"query-input":{"@type":"PropertyValueSpecification","valueRequired":true,"valueName":"search_term_string"}}],"inLanguage":"en-GB"},{"@type":"Organization","@id":"https:\/\/fcspartaktrnava.com\/#organization","name":"FC Spartak Trnava","alternateName":"Spartak","url":"https:\/\/fcspartaktrnava.com\/","logo":{"@type":"ImageObject","inLanguage":"en-GB","@id":"https:\/\/fcspartaktrnava.com\/#\/schema\/logo\/image\/","url":"https:\/\/fcspartaktrnava.com\/wp-content\/uploads\/2022\/08\/cropped-site_logo.png","contentUrl":"https:\/\/fcspartaktrnava.com\/wp-content\/uploads\/2022\/08\/cropped-site_logo.png","width":140,"height":140,"caption":"FC Spartak Trnava"},"image":{"@id":"https:\/\/fcspartaktrnava.com\/#\/schema\/logo\/image\/"},"sameAs":["https:\/\/www.facebook.com\/SpartakTrnava","https:\/\/x.com\/SpartakTrnava1","https:\/\/www.instagram.com\/spartak_sk\/"]},{"@type":"Person","@id":"https:\/\/fcspartaktrnava.com\/#\/schema\/person\/24bc5b254af14f71d7d8af178790aa75","name":"spartak","image":{"@type":"ImageObject","inLanguage":"en-GB","@id":"https:\/\/fcspartaktrnava.com\/#\/schema\/person\/image\/","url":"https:\/\/secure.gravatar.com\/avatar\/f8ff8584f3fcf3909a11a6da9019f37749183b4015bca14e64556c52614cdc7f?s=96&d=mm&r=g","contentUrl":"https:\/\/secure.gravatar.com\/avatar\/f8ff8584f3fcf3909a11a6da9019f37749183b4015bca14e64556c52614cdc7f?s=96&d=mm&r=g","caption":"spartak"},"url":"https:\/\/fcspartaktrnava.com\/en\/author\/spartak\/"}]}},"_links":{"self":[{"href":"https:\/\/fcspartaktrnava.com\/en\/wp-json\/wp\/v2\/posts\/6441","targetHints":{"allow":["GET"]}}],"collection":[{"href":"https:\/\/fcspartaktrnava.com\/en\/wp-json\/wp\/v2\/posts"}],"about":[{"href":"https:\/\/fcspartaktrnava.com\/en\/wp-json\/wp\/v2\/types\/post"}],"author":[{"embeddable":true,"href":"https:\/\/fcspartaktrnava.com\/en\/wp-json\/wp\/v2\/users\/2"}],"replies":[{"embeddable":true,"href":"https:\/\/fcspartaktrnava.com\/en\/wp-json\/wp\/v2\/comments?post=6441"}],"version-history":[{"count":0,"href":"https:\/\/fcspartaktrnava.com\/en\/wp-json\/wp\/v2\/posts\/6441\/revisions"}],"wp:featuredmedia":[{"embeddable":true,"href":"https:\/\/fcspartaktrnava.com\/en\/wp-json\/wp\/v2\/media\/6280"}],"wp:attachment":[{"href":"https:\/\/fcspartaktrnava.com\/en\/wp-json\/wp\/v2\/media?parent=6441"}],"wp:term":[{"taxonomy":"category","embeddable":true,"href":"https:\/\/fcspartaktrnava.com\/en\/wp-json\/wp\/v2\/categories?post=6441"},{"taxonomy":"post_tag","embeddable":true,"href":"https:\/\/fcspartaktrnava.com\/en\/wp-json\/wp\/v2\/tags?post=6441"}],"curies":[{"name":"wp","href":"https:\/\/api.w.org\/{rel}","templated":true}]}}