{"id":6433,"date":"2023-03-31T08:50:01","date_gmt":"2023-03-31T08:50:01","guid":{"rendered":"https:\/\/fcspartaktrnava.com\/?p=6433"},"modified":"2023-03-31T10:01:24","modified_gmt":"2023-03-31T10:01:24","slug":"olejnik-bol-pri-triumfe-reprezentacie-na-antalya-cupe-v-turecku-sa-vsak-zranil","status":"publish","type":"post","link":"https:\/\/fcspartaktrnava.com\/en\/olejnik-bol-pri-triumfe-reprezentacie-na-antalya-cupe-v-turecku-sa-vsak-zranil\/","title":{"rendered":"<strong>Olejn\u00edk bol pri triumfe reprezent\u00e1cie na Antalya Cupe, v\u00a0Turecku sa v\u0161ak zranil<\/strong>"},"content":{"rendered":"<p>Slovensk\u00e1 reprezent\u00e1cia do 21 rokov sa z\u00fa\u010dastnila po\u010das reprezenta\u010dnej prest\u00e1vky na tureckom Antalya Cupe. Premi\u00e9rov\u00fa pozv\u00e1nku do reprezent\u00e1cie si vysl\u00fa\u017eil svojimi v\u00fdkonmi aj spartakovec Stanislav Olejn\u00edk, ktor\u00fd je aktu\u00e1lne na hos\u0165ovan\u00ed v&nbsp;druholigovej Myjave. Bohu\u017eia\u013e, hne\u010f pri \u00favodnej bezg\u00f3lovej rem\u00edze so Slovinskom sa zranil a&nbsp;musel n\u00fatene strieda\u0165. <strong>\u201eVe\u013ea som toho neodohral, preto\u017ee som v&nbsp;prvom z\u00e1pase striedal v&nbsp;40. min\u00fate kv\u00f4li zraneniu. Do p\u00e1r dn\u00ed mi vybavili sono vy\u0161etrenie, aby som vedel, \u010do m\u00f4\u017eem a&nbsp;nem\u00f4\u017eem zatia\u013e robi\u0165. V\u010faka fyzioterapeutom sa to ka\u017ed\u00fdm d\u0148om zlep\u0161uje.\u201c <\/strong>Lek\u00e1rske vy\u0161etrenia uk\u00e1zali, \u017ee ide o&nbsp;natrhnut\u00fd predn\u00fd stehenn\u00fd sval, \u010do si vy\u017eiada 3-4 t\u00fd\u017ed\u0148ov\u00fa rekonvalescenciu.<\/p>\n\n\n<div class=\"wp-block-image\">\n<figure class=\"aligncenter size-full\"><img loading=\"lazy\" decoding=\"async\" width=\"741\" height=\"556\" src=\"https:\/\/fcspartaktrnava.com\/wp-content\/uploads\/2023\/03\/1-1.jpg\" alt=\"\" class=\"wp-image-6438\" srcset=\"https:\/\/fcspartaktrnava.com\/wp-content\/uploads\/2023\/03\/1-1.jpg 741w, https:\/\/fcspartaktrnava.com\/wp-content\/uploads\/2023\/03\/1-1-300x225.jpg 300w, https:\/\/fcspartaktrnava.com\/wp-content\/uploads\/2023\/03\/1-1-16x12.jpg 16w\" sizes=\"auto, (max-width: 741px) 100vw, 741px\" \/><figcaption class=\"wp-element-caption\">zdroj: SFZ<\/figcaption><\/figure>\n<\/div>\n\n\n<p>Do ne\u0161\u0165astn\u00e9ho momentu si v\u0161ak reprezenta\u010dn\u00fa atmosf\u00e9ru ve\u013emi pochva\u013eoval. <strong>\u201eOblieka\u0165 najcennej\u0161\u00ed dres je obrovsk\u00e1 \u010des\u0165, je to motiv\u00e1cia navy\u0161e pre ka\u017ed\u00e9ho jedn\u00e9ho chalana a&nbsp;z\u00e1rove\u0148 je to odmena za predveden\u00e9 v\u00fdkony v&nbsp;klube,\u201c <\/strong>pokra\u010doval Olejn\u00edk. Rozdiel medzi klubovou a&nbsp;reprezenta\u010dnou \u00farov\u0148ou je cite\u013en\u00fd. <strong>\u201eTr\u00e9ningy s\u00fa viac o&nbsp;taktike a&nbsp;syst\u00e9me, preto\u017ee pr\u00eddeme na zraz a&nbsp;o&nbsp;tri dni sa hr\u00e1 prv\u00fd z\u00e1pas a&nbsp;potrebujeme sa na s\u00fapera dobre nachysta\u0165. Rozdiel som poci\u0165oval aj vo vy\u0161\u0161om be\u017eeckom stupni a&nbsp;taktie\u017e vo vy\u0161\u0161om servise realiza\u010dn\u00e9ho t\u00edmu.\u201c<\/strong><\/p>\n\n\n<div class=\"wp-block-image\">\n<figure class=\"aligncenter size-full\"><img loading=\"lazy\" decoding=\"async\" width=\"849\" height=\"637\" src=\"https:\/\/fcspartaktrnava.com\/wp-content\/uploads\/2023\/03\/2-1.jpg\" alt=\"\" class=\"wp-image-6439\" srcset=\"https:\/\/fcspartaktrnava.com\/wp-content\/uploads\/2023\/03\/2-1.jpg 849w, https:\/\/fcspartaktrnava.com\/wp-content\/uploads\/2023\/03\/2-1-300x225.jpg 300w, https:\/\/fcspartaktrnava.com\/wp-content\/uploads\/2023\/03\/2-1-768x576.jpg 768w, https:\/\/fcspartaktrnava.com\/wp-content\/uploads\/2023\/03\/2-1-16x12.jpg 16w\" sizes=\"auto, (max-width: 849px) 100vw, 849px\" \/><figcaption class=\"wp-element-caption\">zdroj: SFZ<\/figcaption><\/figure>\n<\/div>\n\n\n<p>Stanislav Olejn\u00edk pod\u00e1val po\u010das zimnej pr\u00edpravy s\u013eubn\u00e9 v\u00fdkony aj v&nbsp;drese trnavsk\u00e9ho Spartaka. Sez\u00f3nu napokon dohr\u00e1 v&nbsp;Spartaku, ale na Myjave, kde je s&nbsp;deviatimi g\u00f3lmi najlep\u0161\u00ed strelec t\u00edmu. <strong>\u201eMojou \u00falohou je d\u00e1va\u0165 g\u00f3ly a&nbsp;som r\u00e1d, \u017ee sa mi tak dar\u00ed. D\u00fafam, \u017ee to p\u00f4jde takto aj \u010falej. Reprezenta\u010dn\u00fd zraz znamen\u00e1 pre m\u0148a motiv\u00e1ciu pos\u00fava\u0165 sa dopredu ka\u017ed\u00fdm jedn\u00fdm tr\u00e9ningom, aby som sa po sez\u00f3ne mohol sta\u0165 stabilnou s\u00fa\u010das\u0165ou prvoligistu,\u201c <\/strong>neskr\u00fdval Olejn\u00edk svoje ciele. V&nbsp;\u010dase reprezenta\u010dnej prest\u00e1vky hral jeho klub z\u00e1pas s&nbsp;rezervou bratislavsk\u00e9ho Slovana, \u010do by malo pre kme\u0148ov\u00e9ho hr\u00e1\u010da Spartaka \u0161peci\u00e1lny n\u00e1boj. <strong>\u201eBolo mi \u013e\u00fato, \u017ee som chalanom nemohol v&nbsp;tom z\u00e1pase pom\u00f4c\u0165, ale sledoval som to a&nbsp;dr\u017eal im palce. Tento v\u00edkend ale \u010dak\u00e1 na Spartak derby a&nbsp;ja ver\u00edm, \u017ee to chalani zvl\u00e1dnu a&nbsp;fan\u00fa\u0161ikovia im pripravia v\u00fdborn\u00fa atmosf\u00e9ru ako v\u017edy.\u201c <\/strong>Na derby by nemal ch\u00fdba\u0165 \u017eiadny spr\u00e1vny fan\u00fa\u0161ik, l\u00edstky na nede\u013en\u00fd z\u00e1pas si m\u00f4\u017eete k\u00fapi\u0165 <a href=\"https:\/\/cityarena.maxiticket.sk\/fc-spartak-trnava-vs-sk-slovan-bratislava-2023\" target=\"_blank\" rel=\"noreferrer noopener\">tu<\/a>.<\/p>\n\n\n\n<p>Dru\u017eina Jaroslava Kento\u0161a napokon turnaj v&nbsp;Turecku ovl\u00e1dla, ke\u010f na\u0161a reprezent\u00e1cia remizovala so Slovinskom 0:0 a&nbsp;potom dvakr\u00e1t vyhrala najtesnej\u0161\u00edm rozdielom 1:0, najprv s Bulharskom a&nbsp;potom so Severn\u00fdm Maced\u00f3nskom. <strong>\u201eV\u00ed\u0165azstvo sme si zasl\u00fa\u017eili. Vytvorili sme tu skvel\u00fa partiu. S&nbsp;v\u00e4\u010d\u0161inou chalanov sa pozn\u00e1me z&nbsp;mlad\u0161\u00edch kateg\u00f3ri\u00ed \u010di u\u017e z&nbsp;reprezent\u00e1cie, alebo z&nbsp;klubov, ke\u010f\u017ee proti sebe hr\u00e1vame, najm\u00e4 s&nbsp;Luk\u00e1\u0161om Jendrekom, s&nbsp;ktor\u00fdm sa pozn\u00e1me zo Spartaka.\u201c<\/strong><\/p>\n\n\n<div class=\"wp-block-image\">\n<figure class=\"aligncenter size-full\"><img loading=\"lazy\" decoding=\"async\" width=\"683\" height=\"512\" src=\"https:\/\/fcspartaktrnava.com\/wp-content\/uploads\/2023\/03\/3-1.jpg\" alt=\"\" class=\"wp-image-6440\" srcset=\"https:\/\/fcspartaktrnava.com\/wp-content\/uploads\/2023\/03\/3-1.jpg 683w, https:\/\/fcspartaktrnava.com\/wp-content\/uploads\/2023\/03\/3-1-300x225.jpg 300w, https:\/\/fcspartaktrnava.com\/wp-content\/uploads\/2023\/03\/3-1-16x12.jpg 16w\" sizes=\"auto, (max-width: 683px) 100vw, 683px\" \/><figcaption class=\"wp-element-caption\">zdroj: SFZ<\/figcaption><\/figure>\n<\/div>\n\n\n<p><\/p>","protected":false},"excerpt":{"rendered":"<p>Slovensk\u00e1 reprezent\u00e1cia do 21 rokov sa z\u00fa\u010dastnila po\u010das&#8230;<\/p>","protected":false},"author":2,"featured_media":6437,"comment_status":"closed","ping_status":"closed","sticky":false,"template":"","format":"standard","meta":{"footnotes":""},"categories":[41,12],"tags":[],"class_list":["post-6433","post","type-post","status-publish","format-standard","has-post-thumbnail","hentry","category-intervju","category-spravy","post-number-1"],"yoast_head":"<!-- This site is optimized with the Yoast SEO plugin v27.1.1 - https:\/\/yoast.com\/product\/yoast-seo-wordpress\/ -->\n<title>Olejn\u00edk bol pri triumfe reprezent\u00e1cie na Antalya Cupe, v\u00a0Turecku sa v\u0161ak zranil - FC Spartak Trnava<\/title>\n<meta name=\"robots\" content=\"index, follow, max-snippet:-1, max-image-preview:large, max-video-preview:-1\" \/>\n<link rel=\"canonical\" href=\"https:\/\/fcspartaktrnava.com\/en\/olejnik-bol-pri-triumfe-reprezentacie-na-antalya-cupe-v-turecku-sa-vsak-zranil\/\" \/>\n<meta name=\"twitter:label1\" content=\"Written by\" \/>\n\t<meta name=\"twitter:data1\" content=\"spartak\" \/>\n\t<meta name=\"twitter:label2\" content=\"Estimated reading time\" \/>\n\t<meta name=\"twitter:data2\" content=\"3 minutes\" \/>\n<script type=\"application\/ld+json\" class=\"yoast-schema-graph\">{\"@context\":\"https:\/\/schema.org\",\"@graph\":[{\"@type\":\"Article\",\"@id\":\"https:\/\/fcspartaktrnava.com\/olejnik-bol-pri-triumfe-reprezentacie-na-antalya-cupe-v-turecku-sa-vsak-zranil\/#article\",\"isPartOf\":{\"@id\":\"https:\/\/fcspartaktrnava.com\/olejnik-bol-pri-triumfe-reprezentacie-na-antalya-cupe-v-turecku-sa-vsak-zranil\/\"},\"author\":{\"name\":\"spartak\",\"@id\":\"https:\/\/fcspartaktrnava.com\/#\/schema\/person\/24bc5b254af14f71d7d8af178790aa75\"},\"headline\":\"Olejn\u00edk bol pri triumfe reprezent\u00e1cie na Antalya Cupe, v\u00a0Turecku sa v\u0161ak zranil\",\"datePublished\":\"2023-03-31T08:50:01+00:00\",\"dateModified\":\"2023-03-31T10:01:24+00:00\",\"mainEntityOfPage\":{\"@id\":\"https:\/\/fcspartaktrnava.com\/olejnik-bol-pri-triumfe-reprezentacie-na-antalya-cupe-v-turecku-sa-vsak-zranil\/\"},\"wordCount\":604,\"publisher\":{\"@id\":\"https:\/\/fcspartaktrnava.com\/#organization\"},\"image\":{\"@id\":\"https:\/\/fcspartaktrnava.com\/olejnik-bol-pri-triumfe-reprezentacie-na-antalya-cupe-v-turecku-sa-vsak-zranil\/#primaryimage\"},\"thumbnailUrl\":\"https:\/\/fcspartaktrnava.com\/wp-content\/uploads\/2023\/03\/titulka-1-e1680252676598.jpg\",\"articleSection\":[\"Rozhovory\",\"Spr\u00e1vy\"],\"inLanguage\":\"en-GB\"},{\"@type\":\"WebPage\",\"@id\":\"https:\/\/fcspartaktrnava.com\/olejnik-bol-pri-triumfe-reprezentacie-na-antalya-cupe-v-turecku-sa-vsak-zranil\/\",\"url\":\"https:\/\/fcspartaktrnava.com\/olejnik-bol-pri-triumfe-reprezentacie-na-antalya-cupe-v-turecku-sa-vsak-zranil\/\",\"name\":\"Olejn\u00edk bol pri triumfe reprezent\u00e1cie na Antalya Cupe, v\u00a0Turecku sa v\u0161ak zranil - FC Spartak Trnava\",\"isPartOf\":{\"@id\":\"https:\/\/fcspartaktrnava.com\/#website\"},\"primaryImageOfPage\":{\"@id\":\"https:\/\/fcspartaktrnava.com\/olejnik-bol-pri-triumfe-reprezentacie-na-antalya-cupe-v-turecku-sa-vsak-zranil\/#primaryimage\"},\"image\":{\"@id\":\"https:\/\/fcspartaktrnava.com\/olejnik-bol-pri-triumfe-reprezentacie-na-antalya-cupe-v-turecku-sa-vsak-zranil\/#primaryimage\"},\"thumbnailUrl\":\"https:\/\/fcspartaktrnava.com\/wp-content\/uploads\/2023\/03\/titulka-1-e1680252676598.jpg\",\"datePublished\":\"2023-03-31T08:50:01+00:00\",\"dateModified\":\"2023-03-31T10:01:24+00:00\",\"breadcrumb\":{\"@id\":\"https:\/\/fcspartaktrnava.com\/olejnik-bol-pri-triumfe-reprezentacie-na-antalya-cupe-v-turecku-sa-vsak-zranil\/#breadcrumb\"},\"inLanguage\":\"en-GB\",\"potentialAction\":[{\"@type\":\"ReadAction\",\"target\":[\"https:\/\/fcspartaktrnava.com\/olejnik-bol-pri-triumfe-reprezentacie-na-antalya-cupe-v-turecku-sa-vsak-zranil\/\"]}]},{\"@type\":\"ImageObject\",\"inLanguage\":\"en-GB\",\"@id\":\"https:\/\/fcspartaktrnava.com\/olejnik-bol-pri-triumfe-reprezentacie-na-antalya-cupe-v-turecku-sa-vsak-zranil\/#primaryimage\",\"url\":\"https:\/\/fcspartaktrnava.com\/wp-content\/uploads\/2023\/03\/titulka-1-e1680252676598.jpg\",\"contentUrl\":\"https:\/\/fcspartaktrnava.com\/wp-content\/uploads\/2023\/03\/titulka-1-e1680252676598.jpg\",\"width\":1000,\"height\":587},{\"@type\":\"BreadcrumbList\",\"@id\":\"https:\/\/fcspartaktrnava.com\/olejnik-bol-pri-triumfe-reprezentacie-na-antalya-cupe-v-turecku-sa-vsak-zranil\/#breadcrumb\",\"itemListElement\":[{\"@type\":\"ListItem\",\"position\":1,\"name\":\"Home\",\"item\":\"https:\/\/fcspartaktrnava.com\/\"},{\"@type\":\"ListItem\",\"position\":2,\"name\":\"Olejn\u00edk bol pri triumfe reprezent\u00e1cie na Antalya Cupe, v\u00a0Turecku sa v\u0161ak zranil\"}]},{\"@type\":\"WebSite\",\"@id\":\"https:\/\/fcspartaktrnava.com\/#website\",\"url\":\"https:\/\/fcspartaktrnava.com\/\",\"name\":\"FC Spartak Trnava\",\"description\":\"ofici\u00e1lna webstr\u00e1nka futbalov\u00e9ho klubu\",\"publisher\":{\"@id\":\"https:\/\/fcspartaktrnava.com\/#organization\"},\"potentialAction\":[{\"@type\":\"SearchAction\",\"target\":{\"@type\":\"EntryPoint\",\"urlTemplate\":\"https:\/\/fcspartaktrnava.com\/?s={search_term_string}\"},\"query-input\":{\"@type\":\"PropertyValueSpecification\",\"valueRequired\":true,\"valueName\":\"search_term_string\"}}],\"inLanguage\":\"en-GB\"},{\"@type\":\"Organization\",\"@id\":\"https:\/\/fcspartaktrnava.com\/#organization\",\"name\":\"FC Spartak Trnava\",\"alternateName\":\"Spartak\",\"url\":\"https:\/\/fcspartaktrnava.com\/\",\"logo\":{\"@type\":\"ImageObject\",\"inLanguage\":\"en-GB\",\"@id\":\"https:\/\/fcspartaktrnava.com\/#\/schema\/logo\/image\/\",\"url\":\"https:\/\/fcspartaktrnava.com\/wp-content\/uploads\/2022\/08\/cropped-site_logo.png\",\"contentUrl\":\"https:\/\/fcspartaktrnava.com\/wp-content\/uploads\/2022\/08\/cropped-site_logo.png\",\"width\":140,\"height\":140,\"caption\":\"FC Spartak Trnava\"},\"image\":{\"@id\":\"https:\/\/fcspartaktrnava.com\/#\/schema\/logo\/image\/\"},\"sameAs\":[\"https:\/\/www.facebook.com\/SpartakTrnava\",\"https:\/\/x.com\/SpartakTrnava1\",\"https:\/\/www.instagram.com\/spartak_sk\/\"]},{\"@type\":\"Person\",\"@id\":\"https:\/\/fcspartaktrnava.com\/#\/schema\/person\/24bc5b254af14f71d7d8af178790aa75\",\"name\":\"spartak\",\"image\":{\"@type\":\"ImageObject\",\"inLanguage\":\"en-GB\",\"@id\":\"https:\/\/fcspartaktrnava.com\/#\/schema\/person\/image\/\",\"url\":\"https:\/\/secure.gravatar.com\/avatar\/f8ff8584f3fcf3909a11a6da9019f37749183b4015bca14e64556c52614cdc7f?s=96&d=mm&r=g\",\"contentUrl\":\"https:\/\/secure.gravatar.com\/avatar\/f8ff8584f3fcf3909a11a6da9019f37749183b4015bca14e64556c52614cdc7f?s=96&d=mm&r=g\",\"caption\":\"spartak\"},\"url\":\"https:\/\/fcspartaktrnava.com\/en\/author\/spartak\/\"}]}<\/script>\n<!-- \/ Yoast SEO plugin. -->","yoast_head_json":{"title":"Olejn\u00edk bol pri triumfe reprezent\u00e1cie na Antalya Cupe, v\u00a0Turecku sa v\u0161ak zranil - FC Spartak Trnava","robots":{"index":"index","follow":"follow","max-snippet":"max-snippet:-1","max-image-preview":"max-image-preview:large","max-video-preview":"max-video-preview:-1"},"canonical":"https:\/\/fcspartaktrnava.com\/en\/olejnik-bol-pri-triumfe-reprezentacie-na-antalya-cupe-v-turecku-sa-vsak-zranil\/","twitter_misc":{"Written by":"spartak","Estimated reading time":"3 minutes"},"schema":{"@context":"https:\/\/schema.org","@graph":[{"@type":"Article","@id":"https:\/\/fcspartaktrnava.com\/olejnik-bol-pri-triumfe-reprezentacie-na-antalya-cupe-v-turecku-sa-vsak-zranil\/#article","isPartOf":{"@id":"https:\/\/fcspartaktrnava.com\/olejnik-bol-pri-triumfe-reprezentacie-na-antalya-cupe-v-turecku-sa-vsak-zranil\/"},"author":{"name":"spartak","@id":"https:\/\/fcspartaktrnava.com\/#\/schema\/person\/24bc5b254af14f71d7d8af178790aa75"},"headline":"Olejn\u00edk bol pri triumfe reprezent\u00e1cie na Antalya Cupe, v\u00a0Turecku sa v\u0161ak zranil","datePublished":"2023-03-31T08:50:01+00:00","dateModified":"2023-03-31T10:01:24+00:00","mainEntityOfPage":{"@id":"https:\/\/fcspartaktrnava.com\/olejnik-bol-pri-triumfe-reprezentacie-na-antalya-cupe-v-turecku-sa-vsak-zranil\/"},"wordCount":604,"publisher":{"@id":"https:\/\/fcspartaktrnava.com\/#organization"},"image":{"@id":"https:\/\/fcspartaktrnava.com\/olejnik-bol-pri-triumfe-reprezentacie-na-antalya-cupe-v-turecku-sa-vsak-zranil\/#primaryimage"},"thumbnailUrl":"https:\/\/fcspartaktrnava.com\/wp-content\/uploads\/2023\/03\/titulka-1-e1680252676598.jpg","articleSection":["Rozhovory","Spr\u00e1vy"],"inLanguage":"en-GB"},{"@type":"WebPage","@id":"https:\/\/fcspartaktrnava.com\/olejnik-bol-pri-triumfe-reprezentacie-na-antalya-cupe-v-turecku-sa-vsak-zranil\/","url":"https:\/\/fcspartaktrnava.com\/olejnik-bol-pri-triumfe-reprezentacie-na-antalya-cupe-v-turecku-sa-vsak-zranil\/","name":"Olejn\u00edk bol pri triumfe reprezent\u00e1cie na Antalya Cupe, v\u00a0Turecku sa v\u0161ak zranil - FC Spartak Trnava","isPartOf":{"@id":"https:\/\/fcspartaktrnava.com\/#website"},"primaryImageOfPage":{"@id":"https:\/\/fcspartaktrnava.com\/olejnik-bol-pri-triumfe-reprezentacie-na-antalya-cupe-v-turecku-sa-vsak-zranil\/#primaryimage"},"image":{"@id":"https:\/\/fcspartaktrnava.com\/olejnik-bol-pri-triumfe-reprezentacie-na-antalya-cupe-v-turecku-sa-vsak-zranil\/#primaryimage"},"thumbnailUrl":"https:\/\/fcspartaktrnava.com\/wp-content\/uploads\/2023\/03\/titulka-1-e1680252676598.jpg","datePublished":"2023-03-31T08:50:01+00:00","dateModified":"2023-03-31T10:01:24+00:00","breadcrumb":{"@id":"https:\/\/fcspartaktrnava.com\/olejnik-bol-pri-triumfe-reprezentacie-na-antalya-cupe-v-turecku-sa-vsak-zranil\/#breadcrumb"},"inLanguage":"en-GB","potentialAction":[{"@type":"ReadAction","target":["https:\/\/fcspartaktrnava.com\/olejnik-bol-pri-triumfe-reprezentacie-na-antalya-cupe-v-turecku-sa-vsak-zranil\/"]}]},{"@type":"ImageObject","inLanguage":"en-GB","@id":"https:\/\/fcspartaktrnava.com\/olejnik-bol-pri-triumfe-reprezentacie-na-antalya-cupe-v-turecku-sa-vsak-zranil\/#primaryimage","url":"https:\/\/fcspartaktrnava.com\/wp-content\/uploads\/2023\/03\/titulka-1-e1680252676598.jpg","contentUrl":"https:\/\/fcspartaktrnava.com\/wp-content\/uploads\/2023\/03\/titulka-1-e1680252676598.jpg","width":1000,"height":587},{"@type":"BreadcrumbList","@id":"https:\/\/fcspartaktrnava.com\/olejnik-bol-pri-triumfe-reprezentacie-na-antalya-cupe-v-turecku-sa-vsak-zranil\/#breadcrumb","itemListElement":[{"@type":"ListItem","position":1,"name":"Home","item":"https:\/\/fcspartaktrnava.com\/"},{"@type":"ListItem","position":2,"name":"Olejn\u00edk bol pri triumfe reprezent\u00e1cie na Antalya Cupe, v\u00a0Turecku sa v\u0161ak zranil"}]},{"@type":"WebSite","@id":"https:\/\/fcspartaktrnava.com\/#website","url":"https:\/\/fcspartaktrnava.com\/","name":"FC Spartak Trnava","description":"ofici\u00e1lna webstr\u00e1nka futbalov\u00e9ho klubu","publisher":{"@id":"https:\/\/fcspartaktrnava.com\/#organization"},"potentialAction":[{"@type":"SearchAction","target":{"@type":"EntryPoint","urlTemplate":"https:\/\/fcspartaktrnava.com\/?s={search_term_string}"},"query-input":{"@type":"PropertyValueSpecification","valueRequired":true,"valueName":"search_term_string"}}],"inLanguage":"en-GB"},{"@type":"Organization","@id":"https:\/\/fcspartaktrnava.com\/#organization","name":"FC Spartak Trnava","alternateName":"Spartak","url":"https:\/\/fcspartaktrnava.com\/","logo":{"@type":"ImageObject","inLanguage":"en-GB","@id":"https:\/\/fcspartaktrnava.com\/#\/schema\/logo\/image\/","url":"https:\/\/fcspartaktrnava.com\/wp-content\/uploads\/2022\/08\/cropped-site_logo.png","contentUrl":"https:\/\/fcspartaktrnava.com\/wp-content\/uploads\/2022\/08\/cropped-site_logo.png","width":140,"height":140,"caption":"FC Spartak Trnava"},"image":{"@id":"https:\/\/fcspartaktrnava.com\/#\/schema\/logo\/image\/"},"sameAs":["https:\/\/www.facebook.com\/SpartakTrnava","https:\/\/x.com\/SpartakTrnava1","https:\/\/www.instagram.com\/spartak_sk\/"]},{"@type":"Person","@id":"https:\/\/fcspartaktrnava.com\/#\/schema\/person\/24bc5b254af14f71d7d8af178790aa75","name":"spartak","image":{"@type":"ImageObject","inLanguage":"en-GB","@id":"https:\/\/fcspartaktrnava.com\/#\/schema\/person\/image\/","url":"https:\/\/secure.gravatar.com\/avatar\/f8ff8584f3fcf3909a11a6da9019f37749183b4015bca14e64556c52614cdc7f?s=96&d=mm&r=g","contentUrl":"https:\/\/secure.gravatar.com\/avatar\/f8ff8584f3fcf3909a11a6da9019f37749183b4015bca14e64556c52614cdc7f?s=96&d=mm&r=g","caption":"spartak"},"url":"https:\/\/fcspartaktrnava.com\/en\/author\/spartak\/"}]}},"_links":{"self":[{"href":"https:\/\/fcspartaktrnava.com\/en\/wp-json\/wp\/v2\/posts\/6433","targetHints":{"allow":["GET"]}}],"collection":[{"href":"https:\/\/fcspartaktrnava.com\/en\/wp-json\/wp\/v2\/posts"}],"about":[{"href":"https:\/\/fcspartaktrnava.com\/en\/wp-json\/wp\/v2\/types\/post"}],"author":[{"embeddable":true,"href":"https:\/\/fcspartaktrnava.com\/en\/wp-json\/wp\/v2\/users\/2"}],"replies":[{"embeddable":true,"href":"https:\/\/fcspartaktrnava.com\/en\/wp-json\/wp\/v2\/comments?post=6433"}],"version-history":[{"count":0,"href":"https:\/\/fcspartaktrnava.com\/en\/wp-json\/wp\/v2\/posts\/6433\/revisions"}],"wp:featuredmedia":[{"embeddable":true,"href":"https:\/\/fcspartaktrnava.com\/en\/wp-json\/wp\/v2\/media\/6437"}],"wp:attachment":[{"href":"https:\/\/fcspartaktrnava.com\/en\/wp-json\/wp\/v2\/media?parent=6433"}],"wp:term":[{"taxonomy":"category","embeddable":true,"href":"https:\/\/fcspartaktrnava.com\/en\/wp-json\/wp\/v2\/categories?post=6433"},{"taxonomy":"post_tag","embeddable":true,"href":"https:\/\/fcspartaktrnava.com\/en\/wp-json\/wp\/v2\/tags?post=6433"}],"curies":[{"name":"wp","href":"https:\/\/api.w.org\/{rel}","templated":true}]}}