{"id":6405,"date":"2023-03-24T08:51:29","date_gmt":"2023-03-24T08:51:29","guid":{"rendered":"https:\/\/fcspartaktrnava.com\/?p=6405"},"modified":"2023-03-24T08:51:29","modified_gmt":"2023-03-24T08:51:29","slug":"predaj-listkov-na-slovan","status":"publish","type":"post","link":"https:\/\/fcspartaktrnava.com\/en\/predaj-listkov-na-slovan\/","title":{"rendered":"Predaj l\u00edstkov na Slovan"},"content":{"rendered":"<p>U\u017e v\u00a0najbli\u017e\u0161om dom\u00e1com z\u00e1pase po reprezenta\u010dnej prest\u00e1vke znova priv\u00edtame na \u0160tadi\u00f3ne Antona Malatinsk\u00e9ho Slovan Bratislava. Po\u010fme urobi\u0165 megakotel na severnej trib\u00fane a\u00a0vytvori\u0165 atmosf\u00e9ru, ak\u00e1 k\u00a0derby prisl\u00facha. Pok\u00fasme sa spolo\u010dne urobi\u0165 tohtosez\u00f3nny rekord v n\u00e1v\u0161tevnosti na ligovom z\u00e1pase.  <\/p>\n\n\n\n<p>FC Spartak preto pripravil predpredajov\u00fa akciu, v\u00a0r\u00e1mci ktorej si mohli do minulej nedele fan\u00fa\u0161ikovia zak\u00fapi\u0165 l\u00edstok do hociktor\u00e9ho sektora na severnej trib\u00fane (1-6, 29 \u2013 34) za zv\u00fdhodnen\u00fa cenu 8 \u20ac. <\/p>\n\n\n\n<p>Vzh\u013eadom na to, \u017ee nadch\u00e1dzaj\u00faci z\u00e1pas so Slovanom je kompetentn\u00fdmi org\u00e1nmi ozna\u010den\u00fd ako rizikov\u00fd, v\u0161etky vstupenky sa bud\u00fa pred\u00e1va\u0165 na meno a priezvisko a v zmysle novely Z\u00e1kona\u010d. 1\/2014 Z. z. o organizovan\u00ed verejn\u00fdch \u0161portov\u00fdch podujat\u00ed, mus\u00ed organiz\u00e1tor podujatia uchov\u00e1va\u0165 po dobu 30 dn\u00ed po skon\u010den\u00ed podujatia \u00fadaje o div\u00e1kovi v rozsahu meno a priezvisko, d\u00e1tum narodenia a adresa trval\u00e9ho pobytu alebo obdobn\u00e9ho pobytu.<\/p>\n\n\n\n<figure class=\"wp-block-embed is-type-video is-provider-youtube wp-block-embed-youtube wp-embed-aspect-16-9 wp-has-aspect-ratio\"><div class=\"wp-block-embed__wrapper\">\n<iframe loading=\"lazy\" title=\"DERBY IS COMING \ud83d\udd34\u26ab\ufe0f\u2694\ufe0f 2.4. v\u0161etci na \u0160tadi\u00f3n Antona Malatinsk\u00e9ho \ud83d\udc4f\ud83c\udffc\" width=\"500\" height=\"281\" src=\"https:\/\/www.youtube.com\/embed\/T38ioLjA8-A?feature=oembed\" frameborder=\"0\" allow=\"accelerometer; autoplay; clipboard-write; encrypted-media; gyroscope; picture-in-picture; web-share\" referrerpolicy=\"strict-origin-when-cross-origin\" allowfullscreen><\/iframe>\n<\/div><\/figure>\n\n\n\n<p><strong>Mothers with children and organized groups<\/strong><\/p>\n\n\n\n<p>Z&nbsp;tohto d\u00f4vodu bude preru\u0161en\u00e1 akcia pre mami\u010dky s&nbsp;de\u0165mi a&nbsp;organizovan\u00e9 skupiny, ktor\u00e9 nebud\u00fa ma\u0165 na tento z\u00e1pas vo\u013en\u00fd vstup. Detsk\u00fd sektor v\u0161ak bude otvoren\u00fd. L\u00edstky do detsk\u00e9ho sektora s\u00fa v predaji, deti do 6 rokov v&nbsp;sprievode dospel\u00e9ho maj\u00fa vstup zdarma, deti do 12 rokov maj\u00fa 40-percentn\u00fa z\u013eavu.<\/p>\n\n\n\n<p><strong>Red and black mail<\/strong><\/p>\n\n\n\n<p>Op\u00e4\u0165 bude spusten\u00e1 \u010cerveno-\u010dierna po\u0161ta, no vzh\u013eadom na to, \u017ee ide o rizikov\u00fd z\u00e1pas a organiz\u00e1tor mus\u00ed zbiera\u0165 potrebn\u00e9 \u00fadaje, nebude v ob\u00e1lke vstupenka, ale voucher, ktor\u00fd je potrebn\u00e9 do piatka 31. marca vymeni\u0165 vo fanshope za bezplatn\u00fd l\u00edstok. Po pou\u017eit\u00ed takejto vstupenky a&nbsp;prejden\u00edm cez turnikety dostane n\u00e1v\u0161tevn\u00edk desa\u0165eurov\u00fd voucher na n\u00e1kup v&nbsp;klubovom fanshope. Traja z&nbsp;adres\u00e1tov \u010cerveno-\u010diernej po\u0161ty m\u00f4\u017eu vyhra\u0165 bal\u00ed\u010dek cien, podmienkou je, aby sa po\u010das prest\u00e1vky prihl\u00e1sili u&nbsp;hostesky v&nbsp;klubovom drese za detsk\u00fdm sektorom.<\/p>\n\n\n\n<p><strong>Ticket sales<\/strong><\/p>\n\n\n\n<p>Vstupenky u\u017e s\u00fa v&nbsp;predaji <a href=\"https:\/\/cityarena.maxiticket.sk\/fc-spartak-trnava-vs-sk-slovan-bratislava-2023\" target=\"_blank\" rel=\"noreferrer noopener\">online<\/a>, v&nbsp;klubovom fanshope po\u010das otv\u00e1rac\u00edch hod\u00edn od 9:30 do 17. hodiny alebo v&nbsp;pokladni \u0161tadi\u00f3na. Poklad\u0148a na \u0160portovej ulici bude otvoren\u00e1 v piatok 31. marca od 15:30 do 17:30 a v de\u0148 z\u00e1pasu 14:00 do 16. hodiny. V&nbsp;de\u0148 z\u00e1pasu bude otvoren\u00e1 aj poklad\u0148a na Koll\u00e1rovej ulici. V&nbsp;z\u00e1ujme ur\u00fdchlenia n\u00e1kupu po\u010das pokladni\u010dn\u00e9ho predaja m\u00f4\u017eete ma\u0165 vopred vyplnen\u00fd formul\u00e1r potrebn\u00fd pre n\u00e1kup vstupeniek, \u010d\u00edm sa ur\u00fdchli administrat\u00edva pri predaji.<\/p>\n\n\n\n<p>You can download the form here:<\/p>\n\n\n\n<div data-wp-interactive=\"core\/file\" class=\"wp-block-file\"><object data-wp-bind--hidden=\"!state.hasPdfPreview\" hidden class=\"wp-block-file__embed\" data=\"https:\/\/fcspartaktrnava.com\/wp-content\/uploads\/2023\/03\/suhlas_so_spracovanim_osobnych_udajov_pre_na_zapasy.pdf\" type=\"application\/pdf\" style=\"width:100%;height:600px\" aria-label=\"Embed of suhlas_so_spracovanim_osobnych_udajov_pre_na_zapasy.\"><\/object><a id=\"wp-block-file--media-d3935b64-a56d-44f9-81db-f50dfd7c41d5\" href=\"https:\/\/fcspartaktrnava.com\/wp-content\/uploads\/2023\/03\/suhlas_so_spracovanim_osobnych_udajov_pre_na_zapasy.pdf\">suhlas_so_spracovanim_osobnych_udajov_pre_na_zapasy<\/a><a href=\"https:\/\/fcspartaktrnava.com\/wp-content\/uploads\/2023\/03\/suhlas_so_spracovanim_osobnych_udajov_pre_na_zapasy.pdf\" class=\"wp-block-file__button wp-element-button\" download aria-describedby=\"wp-block-file--media-d3935b64-a56d-44f9-81db-f50dfd7c41d5\">Stiahnu\u0165<\/a><\/div>\n\n\n\n<p>Stretnutie so Slovanom Bratislava sa za\u010d\u00edna v&nbsp;nede\u013eu 2. apr\u00edla od 17:30 a br\u00e1ny \u0161tadi\u00f3na sa bud\u00fa zatv\u00e1ra\u0165 15 min\u00fat pred v\u00fdkopom. Vyz\u00fdvame fan\u00fa\u0161ikov, aby si nenech\u00e1vali k\u00fapu vstupenky na posledn\u00fa chv\u00ed\u013eu a&nbsp;vyu\u017eili mo\u017enos\u0165 n\u00e1kupu bez \u010dakania online.<\/p>","protected":false},"excerpt":{"rendered":"<p>U\u017e v\u00a0najbli\u017e\u0161om dom\u00e1com z\u00e1pase po reprezenta\u010dnej prest\u00e1vke znova&#8230;<\/p>","protected":false},"author":2,"featured_media":6211,"comment_status":"closed","ping_status":"closed","sticky":false,"template":"","format":"standard","meta":{"footnotes":""},"categories":[12],"tags":[79],"class_list":["post-6405","post","type-post","status-publish","format-standard","has-post-thumbnail","hentry","category-spravy","tag-vstupenky","post-number-1"],"yoast_head":"<!-- This site is optimized with the Yoast SEO plugin v27.1.1 - https:\/\/yoast.com\/product\/yoast-seo-wordpress\/ -->\n<title>Predaj l\u00edstkov na Slovan - FC Spartak Trnava<\/title>\n<meta name=\"robots\" content=\"index, follow, max-snippet:-1, max-image-preview:large, max-video-preview:-1\" \/>\n<link rel=\"canonical\" href=\"https:\/\/fcspartaktrnava.com\/en\/predaj-listkov-na-slovan\/\" \/>\n<meta name=\"twitter:label1\" content=\"Written by\" \/>\n\t<meta name=\"twitter:data1\" content=\"spartak\" \/>\n\t<meta name=\"twitter:label2\" content=\"Estimated reading time\" \/>\n\t<meta name=\"twitter:data2\" content=\"3 minutes\" \/>\n<script type=\"application\/ld+json\" class=\"yoast-schema-graph\">{\"@context\":\"https:\/\/schema.org\",\"@graph\":[{\"@type\":\"Article\",\"@id\":\"https:\/\/fcspartaktrnava.com\/predaj-listkov-na-slovan\/#article\",\"isPartOf\":{\"@id\":\"https:\/\/fcspartaktrnava.com\/predaj-listkov-na-slovan\/\"},\"author\":{\"name\":\"spartak\",\"@id\":\"https:\/\/fcspartaktrnava.com\/#\/schema\/person\/24bc5b254af14f71d7d8af178790aa75\"},\"headline\":\"Predaj l\u00edstkov na Slovan\",\"datePublished\":\"2023-03-24T08:51:29+00:00\",\"mainEntityOfPage\":{\"@id\":\"https:\/\/fcspartaktrnava.com\/predaj-listkov-na-slovan\/\"},\"wordCount\":535,\"publisher\":{\"@id\":\"https:\/\/fcspartaktrnava.com\/#organization\"},\"image\":{\"@id\":\"https:\/\/fcspartaktrnava.com\/predaj-listkov-na-slovan\/#primaryimage\"},\"thumbnailUrl\":\"https:\/\/fcspartaktrnava.com\/wp-content\/uploads\/2023\/03\/DSC_3149.jpg\",\"keywords\":[\"vstupenky\"],\"articleSection\":[\"Spr\u00e1vy\"],\"inLanguage\":\"en-GB\"},{\"@type\":\"WebPage\",\"@id\":\"https:\/\/fcspartaktrnava.com\/predaj-listkov-na-slovan\/\",\"url\":\"https:\/\/fcspartaktrnava.com\/predaj-listkov-na-slovan\/\",\"name\":\"Predaj l\u00edstkov na Slovan - FC Spartak Trnava\",\"isPartOf\":{\"@id\":\"https:\/\/fcspartaktrnava.com\/#website\"},\"primaryImageOfPage\":{\"@id\":\"https:\/\/fcspartaktrnava.com\/predaj-listkov-na-slovan\/#primaryimage\"},\"image\":{\"@id\":\"https:\/\/fcspartaktrnava.com\/predaj-listkov-na-slovan\/#primaryimage\"},\"thumbnailUrl\":\"https:\/\/fcspartaktrnava.com\/wp-content\/uploads\/2023\/03\/DSC_3149.jpg\",\"datePublished\":\"2023-03-24T08:51:29+00:00\",\"breadcrumb\":{\"@id\":\"https:\/\/fcspartaktrnava.com\/predaj-listkov-na-slovan\/#breadcrumb\"},\"inLanguage\":\"en-GB\",\"potentialAction\":[{\"@type\":\"ReadAction\",\"target\":[\"https:\/\/fcspartaktrnava.com\/predaj-listkov-na-slovan\/\"]}]},{\"@type\":\"ImageObject\",\"inLanguage\":\"en-GB\",\"@id\":\"https:\/\/fcspartaktrnava.com\/predaj-listkov-na-slovan\/#primaryimage\",\"url\":\"https:\/\/fcspartaktrnava.com\/wp-content\/uploads\/2023\/03\/DSC_3149.jpg\",\"contentUrl\":\"https:\/\/fcspartaktrnava.com\/wp-content\/uploads\/2023\/03\/DSC_3149.jpg\",\"width\":1500,\"height\":998},{\"@type\":\"BreadcrumbList\",\"@id\":\"https:\/\/fcspartaktrnava.com\/predaj-listkov-na-slovan\/#breadcrumb\",\"itemListElement\":[{\"@type\":\"ListItem\",\"position\":1,\"name\":\"Home\",\"item\":\"https:\/\/fcspartaktrnava.com\/\"},{\"@type\":\"ListItem\",\"position\":2,\"name\":\"Predaj l\u00edstkov na Slovan\"}]},{\"@type\":\"WebSite\",\"@id\":\"https:\/\/fcspartaktrnava.com\/#website\",\"url\":\"https:\/\/fcspartaktrnava.com\/\",\"name\":\"FC Spartak Trnava\",\"description\":\"ofici\u00e1lna webstr\u00e1nka futbalov\u00e9ho klubu\",\"publisher\":{\"@id\":\"https:\/\/fcspartaktrnava.com\/#organization\"},\"potentialAction\":[{\"@type\":\"SearchAction\",\"target\":{\"@type\":\"EntryPoint\",\"urlTemplate\":\"https:\/\/fcspartaktrnava.com\/?s={search_term_string}\"},\"query-input\":{\"@type\":\"PropertyValueSpecification\",\"valueRequired\":true,\"valueName\":\"search_term_string\"}}],\"inLanguage\":\"en-GB\"},{\"@type\":\"Organization\",\"@id\":\"https:\/\/fcspartaktrnava.com\/#organization\",\"name\":\"FC Spartak Trnava\",\"alternateName\":\"Spartak\",\"url\":\"https:\/\/fcspartaktrnava.com\/\",\"logo\":{\"@type\":\"ImageObject\",\"inLanguage\":\"en-GB\",\"@id\":\"https:\/\/fcspartaktrnava.com\/#\/schema\/logo\/image\/\",\"url\":\"https:\/\/fcspartaktrnava.com\/wp-content\/uploads\/2022\/08\/cropped-site_logo.png\",\"contentUrl\":\"https:\/\/fcspartaktrnava.com\/wp-content\/uploads\/2022\/08\/cropped-site_logo.png\",\"width\":140,\"height\":140,\"caption\":\"FC Spartak Trnava\"},\"image\":{\"@id\":\"https:\/\/fcspartaktrnava.com\/#\/schema\/logo\/image\/\"},\"sameAs\":[\"https:\/\/www.facebook.com\/SpartakTrnava\",\"https:\/\/x.com\/SpartakTrnava1\",\"https:\/\/www.instagram.com\/spartak_sk\/\"]},{\"@type\":\"Person\",\"@id\":\"https:\/\/fcspartaktrnava.com\/#\/schema\/person\/24bc5b254af14f71d7d8af178790aa75\",\"name\":\"spartak\",\"image\":{\"@type\":\"ImageObject\",\"inLanguage\":\"en-GB\",\"@id\":\"https:\/\/fcspartaktrnava.com\/#\/schema\/person\/image\/\",\"url\":\"https:\/\/secure.gravatar.com\/avatar\/f8ff8584f3fcf3909a11a6da9019f37749183b4015bca14e64556c52614cdc7f?s=96&d=mm&r=g\",\"contentUrl\":\"https:\/\/secure.gravatar.com\/avatar\/f8ff8584f3fcf3909a11a6da9019f37749183b4015bca14e64556c52614cdc7f?s=96&d=mm&r=g\",\"caption\":\"spartak\"},\"url\":\"https:\/\/fcspartaktrnava.com\/en\/author\/spartak\/\"}]}<\/script>\n<!-- \/ Yoast SEO plugin. -->","yoast_head_json":{"title":"Predaj l\u00edstkov na Slovan - FC Spartak Trnava","robots":{"index":"index","follow":"follow","max-snippet":"max-snippet:-1","max-image-preview":"max-image-preview:large","max-video-preview":"max-video-preview:-1"},"canonical":"https:\/\/fcspartaktrnava.com\/en\/predaj-listkov-na-slovan\/","twitter_misc":{"Written by":"spartak","Estimated reading time":"3 minutes"},"schema":{"@context":"https:\/\/schema.org","@graph":[{"@type":"Article","@id":"https:\/\/fcspartaktrnava.com\/predaj-listkov-na-slovan\/#article","isPartOf":{"@id":"https:\/\/fcspartaktrnava.com\/predaj-listkov-na-slovan\/"},"author":{"name":"spartak","@id":"https:\/\/fcspartaktrnava.com\/#\/schema\/person\/24bc5b254af14f71d7d8af178790aa75"},"headline":"Predaj l\u00edstkov na Slovan","datePublished":"2023-03-24T08:51:29+00:00","mainEntityOfPage":{"@id":"https:\/\/fcspartaktrnava.com\/predaj-listkov-na-slovan\/"},"wordCount":535,"publisher":{"@id":"https:\/\/fcspartaktrnava.com\/#organization"},"image":{"@id":"https:\/\/fcspartaktrnava.com\/predaj-listkov-na-slovan\/#primaryimage"},"thumbnailUrl":"https:\/\/fcspartaktrnava.com\/wp-content\/uploads\/2023\/03\/DSC_3149.jpg","keywords":["vstupenky"],"articleSection":["Spr\u00e1vy"],"inLanguage":"en-GB"},{"@type":"WebPage","@id":"https:\/\/fcspartaktrnava.com\/predaj-listkov-na-slovan\/","url":"https:\/\/fcspartaktrnava.com\/predaj-listkov-na-slovan\/","name":"Predaj l\u00edstkov na Slovan - FC Spartak Trnava","isPartOf":{"@id":"https:\/\/fcspartaktrnava.com\/#website"},"primaryImageOfPage":{"@id":"https:\/\/fcspartaktrnava.com\/predaj-listkov-na-slovan\/#primaryimage"},"image":{"@id":"https:\/\/fcspartaktrnava.com\/predaj-listkov-na-slovan\/#primaryimage"},"thumbnailUrl":"https:\/\/fcspartaktrnava.com\/wp-content\/uploads\/2023\/03\/DSC_3149.jpg","datePublished":"2023-03-24T08:51:29+00:00","breadcrumb":{"@id":"https:\/\/fcspartaktrnava.com\/predaj-listkov-na-slovan\/#breadcrumb"},"inLanguage":"en-GB","potentialAction":[{"@type":"ReadAction","target":["https:\/\/fcspartaktrnava.com\/predaj-listkov-na-slovan\/"]}]},{"@type":"ImageObject","inLanguage":"en-GB","@id":"https:\/\/fcspartaktrnava.com\/predaj-listkov-na-slovan\/#primaryimage","url":"https:\/\/fcspartaktrnava.com\/wp-content\/uploads\/2023\/03\/DSC_3149.jpg","contentUrl":"https:\/\/fcspartaktrnava.com\/wp-content\/uploads\/2023\/03\/DSC_3149.jpg","width":1500,"height":998},{"@type":"BreadcrumbList","@id":"https:\/\/fcspartaktrnava.com\/predaj-listkov-na-slovan\/#breadcrumb","itemListElement":[{"@type":"ListItem","position":1,"name":"Home","item":"https:\/\/fcspartaktrnava.com\/"},{"@type":"ListItem","position":2,"name":"Predaj l\u00edstkov na Slovan"}]},{"@type":"WebSite","@id":"https:\/\/fcspartaktrnava.com\/#website","url":"https:\/\/fcspartaktrnava.com\/","name":"FC Spartak Trnava","description":"ofici\u00e1lna webstr\u00e1nka futbalov\u00e9ho klubu","publisher":{"@id":"https:\/\/fcspartaktrnava.com\/#organization"},"potentialAction":[{"@type":"SearchAction","target":{"@type":"EntryPoint","urlTemplate":"https:\/\/fcspartaktrnava.com\/?s={search_term_string}"},"query-input":{"@type":"PropertyValueSpecification","valueRequired":true,"valueName":"search_term_string"}}],"inLanguage":"en-GB"},{"@type":"Organization","@id":"https:\/\/fcspartaktrnava.com\/#organization","name":"FC Spartak Trnava","alternateName":"Spartak","url":"https:\/\/fcspartaktrnava.com\/","logo":{"@type":"ImageObject","inLanguage":"en-GB","@id":"https:\/\/fcspartaktrnava.com\/#\/schema\/logo\/image\/","url":"https:\/\/fcspartaktrnava.com\/wp-content\/uploads\/2022\/08\/cropped-site_logo.png","contentUrl":"https:\/\/fcspartaktrnava.com\/wp-content\/uploads\/2022\/08\/cropped-site_logo.png","width":140,"height":140,"caption":"FC Spartak Trnava"},"image":{"@id":"https:\/\/fcspartaktrnava.com\/#\/schema\/logo\/image\/"},"sameAs":["https:\/\/www.facebook.com\/SpartakTrnava","https:\/\/x.com\/SpartakTrnava1","https:\/\/www.instagram.com\/spartak_sk\/"]},{"@type":"Person","@id":"https:\/\/fcspartaktrnava.com\/#\/schema\/person\/24bc5b254af14f71d7d8af178790aa75","name":"spartak","image":{"@type":"ImageObject","inLanguage":"en-GB","@id":"https:\/\/fcspartaktrnava.com\/#\/schema\/person\/image\/","url":"https:\/\/secure.gravatar.com\/avatar\/f8ff8584f3fcf3909a11a6da9019f37749183b4015bca14e64556c52614cdc7f?s=96&d=mm&r=g","contentUrl":"https:\/\/secure.gravatar.com\/avatar\/f8ff8584f3fcf3909a11a6da9019f37749183b4015bca14e64556c52614cdc7f?s=96&d=mm&r=g","caption":"spartak"},"url":"https:\/\/fcspartaktrnava.com\/en\/author\/spartak\/"}]}},"_links":{"self":[{"href":"https:\/\/fcspartaktrnava.com\/en\/wp-json\/wp\/v2\/posts\/6405","targetHints":{"allow":["GET"]}}],"collection":[{"href":"https:\/\/fcspartaktrnava.com\/en\/wp-json\/wp\/v2\/posts"}],"about":[{"href":"https:\/\/fcspartaktrnava.com\/en\/wp-json\/wp\/v2\/types\/post"}],"author":[{"embeddable":true,"href":"https:\/\/fcspartaktrnava.com\/en\/wp-json\/wp\/v2\/users\/2"}],"replies":[{"embeddable":true,"href":"https:\/\/fcspartaktrnava.com\/en\/wp-json\/wp\/v2\/comments?post=6405"}],"version-history":[{"count":0,"href":"https:\/\/fcspartaktrnava.com\/en\/wp-json\/wp\/v2\/posts\/6405\/revisions"}],"wp:featuredmedia":[{"embeddable":true,"href":"https:\/\/fcspartaktrnava.com\/en\/wp-json\/wp\/v2\/media\/6211"}],"wp:attachment":[{"href":"https:\/\/fcspartaktrnava.com\/en\/wp-json\/wp\/v2\/media?parent=6405"}],"wp:term":[{"taxonomy":"category","embeddable":true,"href":"https:\/\/fcspartaktrnava.com\/en\/wp-json\/wp\/v2\/categories?post=6405"},{"taxonomy":"post_tag","embeddable":true,"href":"https:\/\/fcspartaktrnava.com\/en\/wp-json\/wp\/v2\/tags?post=6405"}],"curies":[{"name":"wp","href":"https:\/\/api.w.org\/{rel}","templated":true}]}}