{"id":6322,"date":"2023-03-17T07:03:35","date_gmt":"2023-03-17T07:03:35","guid":{"rendered":"https:\/\/fcspartaktrnava.com\/?p=6322"},"modified":"2023-03-17T07:03:36","modified_gmt":"2023-03-17T07:03:36","slug":"oforiho-zatial-najdolezitejsi-gol","status":"publish","type":"post","link":"https:\/\/fcspartaktrnava.com\/en\/oforiho-zatial-najdolezitejsi-gol\/","title":{"rendered":"Oforiho zatia\u013e najd\u00f4le\u017eitej\u0161\u00ed g\u00f3l"},"content":{"rendered":"<p>Azda ka\u017ed\u00fd futbalista sn\u00edva o&nbsp;tom, \u017ee z&nbsp;poslednej \u0161ance alebo strely rozhodne z\u00e1pas. \u010ci u\u017e je to na detskom ihrisku alebo v&nbsp;Lige majstrov. V&nbsp;stredu sa v&nbsp;Tren\u010d\u00edne nie\u010do podobn\u00e9 po\u0161\u0165astilo trnavsk\u00e9mu futbalistovi Kelvinovi Oforimu, ktor\u00fd v&nbsp;posledn\u00fdch sekund\u00e1ch nadstaven\u00e9ho \u010dasu rozhodol \u00favodn\u00fd z\u00e1pas semifin\u00e1le Slovensk\u00e9ho poh\u00e1ra, v\u010faka \u010domu vyhral Spartak 2:1.<\/p>\n\n\n\n<p>Trnav\u010dania pritom v&nbsp;prvom pol\u010dase hrali zakr\u00edknuto a&nbsp;hne\u010f na za\u010diatku toho druh\u00e9ho inkasovali otv\u00e1rac\u00ed g\u00f3l. <strong><em>\u201eDo Tren\u010d\u00edna sme i\u0161li s&nbsp;cie\u013eom vyhra\u0165, ale prv\u00fd pol\u010das nebol z&nbsp;na\u0161ej strany pr\u00edli\u0161 dobr\u00fd. Mali sme tam viacero \u013eahk\u00fdch str\u00e1t. V&nbsp;druhom pol\u010dase sme sa po g\u00f3le r\u00fdchlo vr\u00e1tili do hry a&nbsp;boli sme lep\u0161\u00ed. Bojovali sme spolo\u010dne a&nbsp;napokon sa n\u00e1m z\u00e1pas podarilo oto\u010di\u0165,\u201c<\/em><\/strong> hovor\u00ed 21-ro\u010dn\u00fd Ghan\u010dan, ktor\u00fd pop\u00edsal zo svojho poh\u013eadu ako videl situ\u00e1ciu po poslednom rohu, ktor\u00fd zahral Filip Twardzik. <strong><em>\u201eDo posledn\u00e9ho hvizdu sme chceli vyhra\u0165. Videl som, \u017ee u\u017e sa bl\u00ed\u017ei koniec z\u00e1pasu a&nbsp;\u017ee ten roh bude asi na\u0161a posledn\u00e1 \u0161anca. Videl som, \u017ee lopta let\u00ed pred br\u00e1nku a&nbsp;obranca ju odvr\u00e1til. Letela presne na m\u0148a, tak som ju nap\u00e1lil nasp\u00e4\u0165. Ke\u010f som videl, ako pre\u0161la a\u017e do br\u00e1nky, bol to fantastick\u00fd pocit.\u201c<\/em><\/strong><\/p>\n\n\n\n<p>\u010co ti preblyslo hlavou, ke\u010f si videl, \u017ee odrazen\u00e1 lopta ti ide presne proti nohe? <strong><em>\u201eKe\u010f som zbadal ako sa lopta kot\u00fa\u013ea priamo na m\u0148a, tak to bolo ako v&nbsp;spomalenom filme. Prv\u00e1 my\u0161lienka, ktor\u00e1 mi napadla bola, \u017ee ju mus\u00edm nejako posla\u0165 do siete. Vystrelil som bez pr\u00edpravy a&nbsp;na\u0161\u0165astie sa to podarilo. Bol som nesmierne \u0161\u0165astn\u00fd,\u201c<\/em><\/strong> hovor\u00ed \u0161\u0165astn\u00fd strelec, ktor\u00fd pri\u0161iel do Trnavy v&nbsp;zimnej prest\u00e1vke a&nbsp;od svojho prestupu sa usadil v&nbsp;z\u00e1kladnej zostave. Sk\u00f3roval za Spartak aj v&nbsp;lige a&nbsp;znova to bolo proti Tren\u010d\u00ednu pri dom\u00e1cej v\u00fdhre 3:2. Tento poh\u00e1rov\u00fd z\u00e1sah pova\u017euje zo d\u00f4le\u017eitej\u0161\u00ed. <strong><em>\u201eM\u00f4\u017eem poveda\u0165, \u017ee v&nbsp;mojej kari\u00e9re to bol zatia\u013e najd\u00f4le\u017eitej\u0161\u00ed g\u00f3l. Ke\u010f potrebujete vyhra\u0165 a&nbsp;podar\u00ed sa to v&nbsp;poslednej min\u00fate z\u00e1pasu, tak je to v\u017edy neskuto\u010dn\u00fd pocit.\u201c<\/em><\/strong><\/p>\n\n\n\n<figure class=\"wp-block-gallery has-nested-images columns-default is-cropped wp-block-gallery-1 is-layout-flex wp-block-gallery-is-layout-flex\">\n<figure class=\"wp-block-image size-large\"><img loading=\"lazy\" decoding=\"async\" width=\"1024\" height=\"683\" data-id=\"6314\" src=\"https:\/\/fcspartaktrnava.com\/wp-content\/uploads\/2023\/03\/DSC_3812-1024x683.jpg\" alt=\"\" class=\"wp-image-6314\" srcset=\"https:\/\/fcspartaktrnava.com\/wp-content\/uploads\/2023\/03\/DSC_3812-1024x683.jpg 1024w, https:\/\/fcspartaktrnava.com\/wp-content\/uploads\/2023\/03\/DSC_3812-300x200.jpg 300w, https:\/\/fcspartaktrnava.com\/wp-content\/uploads\/2023\/03\/DSC_3812-768x512.jpg 768w, https:\/\/fcspartaktrnava.com\/wp-content\/uploads\/2023\/03\/DSC_3812-18x12.jpg 18w, https:\/\/fcspartaktrnava.com\/wp-content\/uploads\/2023\/03\/DSC_3812.jpg 1500w\" sizes=\"auto, (max-width: 1024px) 100vw, 1024px\" \/><\/figure>\n\n\n\n<figure class=\"wp-block-image size-large\"><img loading=\"lazy\" decoding=\"async\" width=\"1024\" height=\"683\" data-id=\"6310\" src=\"https:\/\/fcspartaktrnava.com\/wp-content\/uploads\/2023\/03\/DSC_3803-1024x683.jpg\" alt=\"\" class=\"wp-image-6310\" srcset=\"https:\/\/fcspartaktrnava.com\/wp-content\/uploads\/2023\/03\/DSC_3803-1024x683.jpg 1024w, https:\/\/fcspartaktrnava.com\/wp-content\/uploads\/2023\/03\/DSC_3803-300x200.jpg 300w, https:\/\/fcspartaktrnava.com\/wp-content\/uploads\/2023\/03\/DSC_3803-768x512.jpg 768w, https:\/\/fcspartaktrnava.com\/wp-content\/uploads\/2023\/03\/DSC_3803-18x12.jpg 18w, https:\/\/fcspartaktrnava.com\/wp-content\/uploads\/2023\/03\/DSC_3803.jpg 1500w\" sizes=\"auto, (max-width: 1024px) 100vw, 1024px\" \/><\/figure>\n\n\n\n<figure class=\"wp-block-image size-large\"><img loading=\"lazy\" decoding=\"async\" width=\"1024\" height=\"683\" data-id=\"6298\" src=\"https:\/\/fcspartaktrnava.com\/wp-content\/uploads\/2023\/03\/DSC_3750-1024x683.jpg\" alt=\"\" class=\"wp-image-6298\" srcset=\"https:\/\/fcspartaktrnava.com\/wp-content\/uploads\/2023\/03\/DSC_3750-1024x683.jpg 1024w, https:\/\/fcspartaktrnava.com\/wp-content\/uploads\/2023\/03\/DSC_3750-300x200.jpg 300w, https:\/\/fcspartaktrnava.com\/wp-content\/uploads\/2023\/03\/DSC_3750-768x512.jpg 768w, https:\/\/fcspartaktrnava.com\/wp-content\/uploads\/2023\/03\/DSC_3750-18x12.jpg 18w, https:\/\/fcspartaktrnava.com\/wp-content\/uploads\/2023\/03\/DSC_3750.jpg 1500w\" sizes=\"auto, (max-width: 1024px) 100vw, 1024px\" \/><\/figure>\n\n\n\n<figure class=\"wp-block-image size-large\"><img loading=\"lazy\" decoding=\"async\" width=\"1024\" height=\"683\" data-id=\"6283\" src=\"https:\/\/fcspartaktrnava.com\/wp-content\/uploads\/2023\/03\/DSC_3662-1024x683.jpg\" alt=\"\" class=\"wp-image-6283\" srcset=\"https:\/\/fcspartaktrnava.com\/wp-content\/uploads\/2023\/03\/DSC_3662-1024x683.jpg 1024w, https:\/\/fcspartaktrnava.com\/wp-content\/uploads\/2023\/03\/DSC_3662-300x200.jpg 300w, https:\/\/fcspartaktrnava.com\/wp-content\/uploads\/2023\/03\/DSC_3662-768x512.jpg 768w, https:\/\/fcspartaktrnava.com\/wp-content\/uploads\/2023\/03\/DSC_3662-18x12.jpg 18w, https:\/\/fcspartaktrnava.com\/wp-content\/uploads\/2023\/03\/DSC_3662.jpg 1500w\" sizes=\"auto, (max-width: 1024px) 100vw, 1024px\" \/><\/figure>\n<\/figure>\n\n\n\n<p>Pred dom\u00e1cou odvetou, ktor\u00e1 bude o&nbsp;tri t\u00fd\u017edne, m\u00e1 Spartak v\u0161etko vo svojich ruk\u00e1ch a&nbsp;m\u00f4\u017ee Tren\u010d\u00ednu vr\u00e1ti\u0165 vyradenie z&nbsp;poh\u00e1ra spred dvoch sez\u00f3n, ke\u010f sa kv\u00f4li covidu hralo na neutr\u00e1lnej p\u00f4de v&nbsp;Topo\u013e\u010danoch. <strong><em>\u201eUr\u010dite sme teraz vo v\u00fdhode, ke\u010f\u017ee sme dok\u00e1zali prv\u00fd z\u00e1pas vyhra\u0165, navy\u0161e u&nbsp;s\u00fapera. Teraz budeme hra\u0165 navy\u0161e doma a&nbsp;d\u00e1me do toho v\u0161etko, aby sme tu v\u00fdhodu vyu\u017eili a urobili ten najd\u00f4le\u017eitej\u0161\u00ed posledn\u00fd krok na ceste do fin\u00e1le.\u201c<\/em><\/strong><\/p>\n\n\n\n<p>Na oddych nie je ve\u013ea \u010dasu, ale u\u017e v&nbsp;nede\u013eu \u010dak\u00e1 spartakovcov nemenej d\u00f4le\u017eit\u00fd z\u00e1pas u&nbsp;l\u00eddra ligovej tabu\u013eky v&nbsp;Dunajskej Strede. Aj tam by chceli uspie\u0165. <strong><em>\u201eM\u00e1me za sebou dve v\u00fdhry v&nbsp;kr\u00e1tkom slede a&nbsp;mysl\u00edm, \u017ee sme ako t\u00edm v&nbsp;dobrom rozpolo\u017een\u00ed. M\u00e1m z&nbsp;toho dobr\u00fd pocit, a&nbsp;ke\u010f m\u00e1m hovori\u0165 za seba, tak sme pripraven\u00ed pokra\u010dova\u0165 a&nbsp;prida\u0165 \u010fal\u0161iu v\u00fdhru. Ka\u017edop\u00e1dne sa na z\u00e1pas ve\u013emi te\u0161\u00edme.\u201c<\/em><\/strong><\/p>\n\n\n\n<p>\u0160l\u00e1ger kola sa hr\u00e1 v&nbsp;nede\u013eu od 17:30 a&nbsp;chyst\u00e1 sa na\u0148ho aj po\u010detn\u00e1 skupina trnavsk\u00fdch fan\u00fa\u0161ikov, ktor\u00e1 aj v&nbsp;Tren\u010d\u00edne vytvorila \u010derveno-\u010diernym dom\u00e1ce prostredie a&nbsp;vytvorila z&nbsp;komornej atmosf\u00e9ry futbalov\u00fa. L\u00edstky na stretnutie sa daj\u00fa k\u00fapi\u0165 iba online do soboty do 20. h. Bli\u017e\u0161ie info na: <a href=\"https:\/\/fcspartaktrnava.com\/en\/vstupenky-do-dunajskej-stredy\/\">https:\/\/fcspartaktrnava.com\/vstupenky-do-dunajskej-stredy\/<\/a>.<\/p>","protected":false},"excerpt":{"rendered":"<p>Azda ka\u017ed\u00fd futbalista sn\u00edva o&nbsp;tom, \u017ee z&nbsp;poslednej \u0161ance&#8230;<\/p>","protected":false},"author":2,"featured_media":6315,"comment_status":"closed","ping_status":"closed","sticky":false,"template":"","format":"standard","meta":{"footnotes":""},"categories":[41],"tags":[],"class_list":["post-6322","post","type-post","status-publish","format-standard","has-post-thumbnail","hentry","category-intervju","post-number-1"],"yoast_head":"<!-- This site is optimized with the Yoast SEO plugin v27.1.1 - https:\/\/yoast.com\/product\/yoast-seo-wordpress\/ -->\n<title>Oforiho zatia\u013e najd\u00f4le\u017eitej\u0161\u00ed g\u00f3l - FC Spartak Trnava<\/title>\n<meta name=\"robots\" content=\"index, follow, max-snippet:-1, max-image-preview:large, max-video-preview:-1\" \/>\n<link rel=\"canonical\" href=\"https:\/\/fcspartaktrnava.com\/en\/oforiho-zatial-najdolezitejsi-gol\/\" \/>\n<meta name=\"twitter:label1\" content=\"Written by\" \/>\n\t<meta name=\"twitter:data1\" content=\"spartak\" \/>\n\t<meta name=\"twitter:label2\" content=\"Estimated reading time\" \/>\n\t<meta name=\"twitter:data2\" content=\"4 minutes\" \/>\n<script type=\"application\/ld+json\" class=\"yoast-schema-graph\">{\"@context\":\"https:\/\/schema.org\",\"@graph\":[{\"@type\":\"Article\",\"@id\":\"https:\/\/fcspartaktrnava.com\/en\/oforiho-zatial-najdolezitejsi-gol\/#article\",\"isPartOf\":{\"@id\":\"https:\/\/fcspartaktrnava.com\/en\/oforiho-zatial-najdolezitejsi-gol\/\"},\"author\":{\"name\":\"spartak\",\"@id\":\"https:\/\/fcspartaktrnava.com\/#\/schema\/person\/24bc5b254af14f71d7d8af178790aa75\"},\"headline\":\"Oforiho zatia\u013e najd\u00f4le\u017eitej\u0161\u00ed g\u00f3l\",\"datePublished\":\"2023-03-17T07:03:35+00:00\",\"dateModified\":\"2023-03-17T07:03:36+00:00\",\"mainEntityOfPage\":{\"@id\":\"https:\/\/fcspartaktrnava.com\/en\/oforiho-zatial-najdolezitejsi-gol\/\"},\"wordCount\":702,\"publisher\":{\"@id\":\"https:\/\/fcspartaktrnava.com\/#organization\"},\"image\":{\"@id\":\"https:\/\/fcspartaktrnava.com\/en\/oforiho-zatial-najdolezitejsi-gol\/#primaryimage\"},\"thumbnailUrl\":\"https:\/\/fcspartaktrnava.com\/wp-content\/uploads\/2023\/03\/DSC_3813.jpg\",\"articleSection\":[\"Rozhovory\"],\"inLanguage\":\"en-GB\"},{\"@type\":\"WebPage\",\"@id\":\"https:\/\/fcspartaktrnava.com\/en\/oforiho-zatial-najdolezitejsi-gol\/\",\"url\":\"https:\/\/fcspartaktrnava.com\/en\/oforiho-zatial-najdolezitejsi-gol\/\",\"name\":\"Oforiho zatia\u013e najd\u00f4le\u017eitej\u0161\u00ed g\u00f3l - FC Spartak Trnava\",\"isPartOf\":{\"@id\":\"https:\/\/fcspartaktrnava.com\/#website\"},\"primaryImageOfPage\":{\"@id\":\"https:\/\/fcspartaktrnava.com\/en\/oforiho-zatial-najdolezitejsi-gol\/#primaryimage\"},\"image\":{\"@id\":\"https:\/\/fcspartaktrnava.com\/en\/oforiho-zatial-najdolezitejsi-gol\/#primaryimage\"},\"thumbnailUrl\":\"https:\/\/fcspartaktrnava.com\/wp-content\/uploads\/2023\/03\/DSC_3813.jpg\",\"datePublished\":\"2023-03-17T07:03:35+00:00\",\"dateModified\":\"2023-03-17T07:03:36+00:00\",\"breadcrumb\":{\"@id\":\"https:\/\/fcspartaktrnava.com\/en\/oforiho-zatial-najdolezitejsi-gol\/#breadcrumb\"},\"inLanguage\":\"en-GB\",\"potentialAction\":[{\"@type\":\"ReadAction\",\"target\":[\"https:\/\/fcspartaktrnava.com\/en\/oforiho-zatial-najdolezitejsi-gol\/\"]}]},{\"@type\":\"ImageObject\",\"inLanguage\":\"en-GB\",\"@id\":\"https:\/\/fcspartaktrnava.com\/en\/oforiho-zatial-najdolezitejsi-gol\/#primaryimage\",\"url\":\"https:\/\/fcspartaktrnava.com\/wp-content\/uploads\/2023\/03\/DSC_3813.jpg\",\"contentUrl\":\"https:\/\/fcspartaktrnava.com\/wp-content\/uploads\/2023\/03\/DSC_3813.jpg\",\"width\":1500,\"height\":1000},{\"@type\":\"BreadcrumbList\",\"@id\":\"https:\/\/fcspartaktrnava.com\/en\/oforiho-zatial-najdolezitejsi-gol\/#breadcrumb\",\"itemListElement\":[{\"@type\":\"ListItem\",\"position\":1,\"name\":\"Home\",\"item\":\"https:\/\/fcspartaktrnava.com\/\"},{\"@type\":\"ListItem\",\"position\":2,\"name\":\"Oforiho zatia\u013e najd\u00f4le\u017eitej\u0161\u00ed g\u00f3l\"}]},{\"@type\":\"WebSite\",\"@id\":\"https:\/\/fcspartaktrnava.com\/#website\",\"url\":\"https:\/\/fcspartaktrnava.com\/\",\"name\":\"FC Spartak Trnava\",\"description\":\"ofici\u00e1lna webstr\u00e1nka futbalov\u00e9ho klubu\",\"publisher\":{\"@id\":\"https:\/\/fcspartaktrnava.com\/#organization\"},\"potentialAction\":[{\"@type\":\"SearchAction\",\"target\":{\"@type\":\"EntryPoint\",\"urlTemplate\":\"https:\/\/fcspartaktrnava.com\/?s={search_term_string}\"},\"query-input\":{\"@type\":\"PropertyValueSpecification\",\"valueRequired\":true,\"valueName\":\"search_term_string\"}}],\"inLanguage\":\"en-GB\"},{\"@type\":\"Organization\",\"@id\":\"https:\/\/fcspartaktrnava.com\/#organization\",\"name\":\"FC Spartak Trnava\",\"alternateName\":\"Spartak\",\"url\":\"https:\/\/fcspartaktrnava.com\/\",\"logo\":{\"@type\":\"ImageObject\",\"inLanguage\":\"en-GB\",\"@id\":\"https:\/\/fcspartaktrnava.com\/#\/schema\/logo\/image\/\",\"url\":\"https:\/\/fcspartaktrnava.com\/wp-content\/uploads\/2022\/08\/cropped-site_logo.png\",\"contentUrl\":\"https:\/\/fcspartaktrnava.com\/wp-content\/uploads\/2022\/08\/cropped-site_logo.png\",\"width\":140,\"height\":140,\"caption\":\"FC Spartak Trnava\"},\"image\":{\"@id\":\"https:\/\/fcspartaktrnava.com\/#\/schema\/logo\/image\/\"},\"sameAs\":[\"https:\/\/www.facebook.com\/SpartakTrnava\",\"https:\/\/x.com\/SpartakTrnava1\",\"https:\/\/www.instagram.com\/spartak_sk\/\"]},{\"@type\":\"Person\",\"@id\":\"https:\/\/fcspartaktrnava.com\/#\/schema\/person\/24bc5b254af14f71d7d8af178790aa75\",\"name\":\"spartak\",\"image\":{\"@type\":\"ImageObject\",\"inLanguage\":\"en-GB\",\"@id\":\"https:\/\/fcspartaktrnava.com\/#\/schema\/person\/image\/\",\"url\":\"https:\/\/secure.gravatar.com\/avatar\/f8ff8584f3fcf3909a11a6da9019f37749183b4015bca14e64556c52614cdc7f?s=96&d=mm&r=g\",\"contentUrl\":\"https:\/\/secure.gravatar.com\/avatar\/f8ff8584f3fcf3909a11a6da9019f37749183b4015bca14e64556c52614cdc7f?s=96&d=mm&r=g\",\"caption\":\"spartak\"},\"url\":\"https:\/\/fcspartaktrnava.com\/en\/author\/spartak\/\"}]}<\/script>\n<!-- \/ Yoast SEO plugin. -->","yoast_head_json":{"title":"Oforiho zatia\u013e najd\u00f4le\u017eitej\u0161\u00ed g\u00f3l - FC Spartak Trnava","robots":{"index":"index","follow":"follow","max-snippet":"max-snippet:-1","max-image-preview":"max-image-preview:large","max-video-preview":"max-video-preview:-1"},"canonical":"https:\/\/fcspartaktrnava.com\/en\/oforiho-zatial-najdolezitejsi-gol\/","twitter_misc":{"Written by":"spartak","Estimated reading time":"4 minutes"},"schema":{"@context":"https:\/\/schema.org","@graph":[{"@type":"Article","@id":"https:\/\/fcspartaktrnava.com\/en\/oforiho-zatial-najdolezitejsi-gol\/#article","isPartOf":{"@id":"https:\/\/fcspartaktrnava.com\/en\/oforiho-zatial-najdolezitejsi-gol\/"},"author":{"name":"spartak","@id":"https:\/\/fcspartaktrnava.com\/#\/schema\/person\/24bc5b254af14f71d7d8af178790aa75"},"headline":"Oforiho zatia\u013e najd\u00f4le\u017eitej\u0161\u00ed g\u00f3l","datePublished":"2023-03-17T07:03:35+00:00","dateModified":"2023-03-17T07:03:36+00:00","mainEntityOfPage":{"@id":"https:\/\/fcspartaktrnava.com\/en\/oforiho-zatial-najdolezitejsi-gol\/"},"wordCount":702,"publisher":{"@id":"https:\/\/fcspartaktrnava.com\/#organization"},"image":{"@id":"https:\/\/fcspartaktrnava.com\/en\/oforiho-zatial-najdolezitejsi-gol\/#primaryimage"},"thumbnailUrl":"https:\/\/fcspartaktrnava.com\/wp-content\/uploads\/2023\/03\/DSC_3813.jpg","articleSection":["Rozhovory"],"inLanguage":"en-GB"},{"@type":"WebPage","@id":"https:\/\/fcspartaktrnava.com\/en\/oforiho-zatial-najdolezitejsi-gol\/","url":"https:\/\/fcspartaktrnava.com\/en\/oforiho-zatial-najdolezitejsi-gol\/","name":"Oforiho zatia\u013e najd\u00f4le\u017eitej\u0161\u00ed g\u00f3l - FC Spartak Trnava","isPartOf":{"@id":"https:\/\/fcspartaktrnava.com\/#website"},"primaryImageOfPage":{"@id":"https:\/\/fcspartaktrnava.com\/en\/oforiho-zatial-najdolezitejsi-gol\/#primaryimage"},"image":{"@id":"https:\/\/fcspartaktrnava.com\/en\/oforiho-zatial-najdolezitejsi-gol\/#primaryimage"},"thumbnailUrl":"https:\/\/fcspartaktrnava.com\/wp-content\/uploads\/2023\/03\/DSC_3813.jpg","datePublished":"2023-03-17T07:03:35+00:00","dateModified":"2023-03-17T07:03:36+00:00","breadcrumb":{"@id":"https:\/\/fcspartaktrnava.com\/en\/oforiho-zatial-najdolezitejsi-gol\/#breadcrumb"},"inLanguage":"en-GB","potentialAction":[{"@type":"ReadAction","target":["https:\/\/fcspartaktrnava.com\/en\/oforiho-zatial-najdolezitejsi-gol\/"]}]},{"@type":"ImageObject","inLanguage":"en-GB","@id":"https:\/\/fcspartaktrnava.com\/en\/oforiho-zatial-najdolezitejsi-gol\/#primaryimage","url":"https:\/\/fcspartaktrnava.com\/wp-content\/uploads\/2023\/03\/DSC_3813.jpg","contentUrl":"https:\/\/fcspartaktrnava.com\/wp-content\/uploads\/2023\/03\/DSC_3813.jpg","width":1500,"height":1000},{"@type":"BreadcrumbList","@id":"https:\/\/fcspartaktrnava.com\/en\/oforiho-zatial-najdolezitejsi-gol\/#breadcrumb","itemListElement":[{"@type":"ListItem","position":1,"name":"Home","item":"https:\/\/fcspartaktrnava.com\/"},{"@type":"ListItem","position":2,"name":"Oforiho zatia\u013e najd\u00f4le\u017eitej\u0161\u00ed g\u00f3l"}]},{"@type":"WebSite","@id":"https:\/\/fcspartaktrnava.com\/#website","url":"https:\/\/fcspartaktrnava.com\/","name":"FC Spartak Trnava","description":"ofici\u00e1lna webstr\u00e1nka futbalov\u00e9ho klubu","publisher":{"@id":"https:\/\/fcspartaktrnava.com\/#organization"},"potentialAction":[{"@type":"SearchAction","target":{"@type":"EntryPoint","urlTemplate":"https:\/\/fcspartaktrnava.com\/?s={search_term_string}"},"query-input":{"@type":"PropertyValueSpecification","valueRequired":true,"valueName":"search_term_string"}}],"inLanguage":"en-GB"},{"@type":"Organization","@id":"https:\/\/fcspartaktrnava.com\/#organization","name":"FC Spartak Trnava","alternateName":"Spartak","url":"https:\/\/fcspartaktrnava.com\/","logo":{"@type":"ImageObject","inLanguage":"en-GB","@id":"https:\/\/fcspartaktrnava.com\/#\/schema\/logo\/image\/","url":"https:\/\/fcspartaktrnava.com\/wp-content\/uploads\/2022\/08\/cropped-site_logo.png","contentUrl":"https:\/\/fcspartaktrnava.com\/wp-content\/uploads\/2022\/08\/cropped-site_logo.png","width":140,"height":140,"caption":"FC Spartak Trnava"},"image":{"@id":"https:\/\/fcspartaktrnava.com\/#\/schema\/logo\/image\/"},"sameAs":["https:\/\/www.facebook.com\/SpartakTrnava","https:\/\/x.com\/SpartakTrnava1","https:\/\/www.instagram.com\/spartak_sk\/"]},{"@type":"Person","@id":"https:\/\/fcspartaktrnava.com\/#\/schema\/person\/24bc5b254af14f71d7d8af178790aa75","name":"spartak","image":{"@type":"ImageObject","inLanguage":"en-GB","@id":"https:\/\/fcspartaktrnava.com\/#\/schema\/person\/image\/","url":"https:\/\/secure.gravatar.com\/avatar\/f8ff8584f3fcf3909a11a6da9019f37749183b4015bca14e64556c52614cdc7f?s=96&d=mm&r=g","contentUrl":"https:\/\/secure.gravatar.com\/avatar\/f8ff8584f3fcf3909a11a6da9019f37749183b4015bca14e64556c52614cdc7f?s=96&d=mm&r=g","caption":"spartak"},"url":"https:\/\/fcspartaktrnava.com\/en\/author\/spartak\/"}]}},"_links":{"self":[{"href":"https:\/\/fcspartaktrnava.com\/en\/wp-json\/wp\/v2\/posts\/6322","targetHints":{"allow":["GET"]}}],"collection":[{"href":"https:\/\/fcspartaktrnava.com\/en\/wp-json\/wp\/v2\/posts"}],"about":[{"href":"https:\/\/fcspartaktrnava.com\/en\/wp-json\/wp\/v2\/types\/post"}],"author":[{"embeddable":true,"href":"https:\/\/fcspartaktrnava.com\/en\/wp-json\/wp\/v2\/users\/2"}],"replies":[{"embeddable":true,"href":"https:\/\/fcspartaktrnava.com\/en\/wp-json\/wp\/v2\/comments?post=6322"}],"version-history":[{"count":0,"href":"https:\/\/fcspartaktrnava.com\/en\/wp-json\/wp\/v2\/posts\/6322\/revisions"}],"wp:featuredmedia":[{"embeddable":true,"href":"https:\/\/fcspartaktrnava.com\/en\/wp-json\/wp\/v2\/media\/6315"}],"wp:attachment":[{"href":"https:\/\/fcspartaktrnava.com\/en\/wp-json\/wp\/v2\/media?parent=6322"}],"wp:term":[{"taxonomy":"category","embeddable":true,"href":"https:\/\/fcspartaktrnava.com\/en\/wp-json\/wp\/v2\/categories?post=6322"},{"taxonomy":"post_tag","embeddable":true,"href":"https:\/\/fcspartaktrnava.com\/en\/wp-json\/wp\/v2\/tags?post=6322"}],"curies":[{"name":"wp","href":"https:\/\/api.w.org\/{rel}","templated":true}]}}