{"id":6240,"date":"2023-03-13T07:54:48","date_gmt":"2023-03-13T07:54:48","guid":{"rendered":"https:\/\/fcspartaktrnava.com\/?p=6240"},"modified":"2023-03-13T07:54:49","modified_gmt":"2023-03-13T07:54:49","slug":"uspesny-vikend-rezirovali-timy-neznejsieho-pohlavia-stopercentni-boli-aj-ziaci-prehrali-sme-iba-raz","status":"publish","type":"post","link":"https:\/\/fcspartaktrnava.com\/en\/uspesny-vikend-rezirovali-timy-neznejsieho-pohlavia-stopercentni-boli-aj-ziaci-prehrali-sme-iba-raz\/","title":{"rendered":"<strong>\u00daspe\u0161n\u00fd v\u00edkend re\u017e\u00edrovali t\u00edmy ne\u017enej\u0161ieho pohlavia, stopercentn\u00ed boli aj \u017eiaci, prehrali sme iba raz<\/strong>"},"content":{"rendered":"<p><strong>\u00daspe\u0161n\u00fd v\u00edkend re\u017e\u00edrovali t\u00edmy ne\u017enej\u0161ieho pohlavia, stopercentn\u00ed boli aj \u017eiaci, prehrali sme iba raz<\/strong><\/p>\n\n\n\n<p><strong>FC Spartak Trnava U19 \u2013 M\u0160K \u017dilina U19 0:0<\/strong><\/p>\n\n\n\n<p>Trnavsk\u00e1 dev\u00e4tn\u00e1stka je po tre\u0165om jarnom kole na\u010falej nezdolan\u00e1. V&nbsp;s\u00faboji tabu\u013ekov\u00fdch susedov sa nepodarilo streli\u0165 g\u00f3l ani jedn\u00e9mu z&nbsp;celkov. Strelecky sa v\u0161ak cez v\u00edkend presadil dorastenec Sebastian Nagy, ktor\u00fd v&nbsp;z\u00e1pase III. ligy strelil v\u00ed\u0165azn\u00fd g\u00f3l za Mal\u017eenice na p\u00f4de \u0160ale. Okrem neho si v&nbsp;rovnakom drese odbil pln\u00fa minut\u00e1\u017e Oliver Rusn\u00e1k.<\/p>\n\n\n\n<p><strong>FCST U19: <\/strong>Vasi\u013e \u2013 Popik (58. Justh), Feren\u010d\u00edk, Va\u0161ko, R\u00fdzek, Kurej, \u0160arm\u00edr (C), Kumpan (75. Horn\u00edk), Kuchar\u00edk, Mas\u00e1r, Bil\u010d\u00edk (58. Nagy)<\/p>\n\n\n\n<p><strong>Yellow cards: <\/strong>Justh<\/p>\n\n\n\n<p><strong>Peter Ga\u017ei: \u201eNarazili sme na s\u00fapera, ktor\u00fd m\u00e1 v&nbsp;lige v\u00fdrazne najviac strelen\u00fdch g\u00f3lov. Po\u010das cel\u00e9ho z\u00e1pasu sme pracovali v&nbsp;obrannej f\u00e1ze kompaktne a&nbsp;s\u00fapera sme nep\u00fa\u0161\u0165ali do v\u00e1\u017enej\u0161ieho ohrozenia na\u0161ej br\u00e1ny. Na\u0161u najv\u00e4\u010d\u0161iu \u0161ancu v&nbsp;pol\u010dase Kumpan nepremenil. V&nbsp;druhom pol\u010dase sme chceli streli\u0165 v\u00ed\u0165azn\u00fd g\u00f3l. Pre\u0161li sme do vysok\u00e9ho pressingu, ale Horn\u00edk sa v&nbsp;dobrej poz\u00edcii do zakon\u010denia nedostal a&nbsp;Kuchar\u00edk takisto nebol \u00faspe\u0161n\u00fd. V&nbsp;poslednej akcii z\u00e1pasu sme po na\u0161ej ve\u013ekej chybe v&nbsp;rozohr\u00e1vke mohli inkasova\u0165 rozhoduj\u00faci g\u00f3l. S&nbsp;v\u00fdsledkom spokojn\u00ed nie sme, ale st\u00e1le sme na kontakt s&nbsp;najlep\u0161\u00edmi dru\u017estvami v&nbsp;lige.\u201c<\/strong><\/p>\n\n\n\n<p><strong>M\u0160K \u017dilina U17 \u2013 FC Spartak Trnava U17 1:1 (1:0)<\/strong><\/p>\n\n\n\n<p>Rem\u00edza sa zrodila aj v&nbsp;z\u00e1pase dorastencov do 17 rokov. Trnav\u010dania hasili bod na hor\u00facej p\u00f4de tretej \u017diliny a\u017e z&nbsp;poslednej akcie z\u00e1pasu.<\/p>\n\n\n\n<p><strong>FCST U17: <\/strong>Holl\u00f3sy \u2013 Karhan, \u010cavojsk\u00fd, Turo\u0148, Turansk\u00fd, Farka\u0161 (C), Paulen (70. Pristach), Vysko\u010d (74. Petr\u00e1\u0161), Henyig, Adamkovi\u010d, Ostrovsk\u00fd<\/p>\n\n\n\n<p><strong>Goals: <\/strong>90. Turo\u0148<\/p>\n\n\n\n<p><strong>Yellow cards: <\/strong>Turansk\u00fd<\/p>\n\n\n\n<p><strong>Patrik Mal\u00fd: \u201ePrv\u00fd pol\u010das sme boli zbyto\u010dne m\u00e1lo sebavedom\u00ed, mali sme probl\u00e9m udr\u017ea\u0165 loptu, \u010do s\u00faper vyu\u017e\u00edval k&nbsp;optick\u00e9mu tlaku. \u017dilina sa dostala do vedenia po hrubej individu\u00e1lnej chybe n\u00e1\u0161ho hr\u00e1\u010da. Napriek tomu sme si dok\u00e1zali vytvori\u0165 pr\u00edle\u017eitosti a&nbsp;zakon\u010denia na br\u00e1nu. V&nbsp;druhom pol\u010dase sme sa viac osmelili, boli sme akt\u00edvnej\u0161\u00ed na lopte. Podarilo sa n\u00e1m vyrovna\u0165 v&nbsp;poslednej min\u00fate, za \u010do si hr\u00e1\u010di zasl\u00fa\u017eia pochvalu a&nbsp;uznanie.\u201c<\/strong><\/p>\n\n\n\n<p><strong>M\u0160K \u017dilina U16 \u2013 FC Spartak Trnava U16 2:1 (0:0)<\/strong><\/p>\n\n\n\n<p>\u017dia\u013e, do tretice sa aspo\u0148 rem\u00edza nezrodila. V&nbsp;z\u00e1pase \u010fal\u0161\u00edch tabu\u013ekov\u00fdch susedov \u0165ahali najmlad\u0161\u00ed dorastenci za krat\u0161\u00ed koniec. Chlieb sa l\u00e1mal a\u017e v&nbsp;z\u00e1vere\u010dnej dvadsa\u0165min\u00fatovke, kedy sa dom\u00e1cim futbalistom podarilo sk\u00f3rova\u0165 dvakr\u00e1t, na \u010do reagovali na\u0161i hr\u00e1\u010di iba jedn\u00fdm presn\u00fdm z\u00e1sahom.<\/p>\n\n\n\n<p><strong>FCST U16: <\/strong>Halada \u2013 Kov\u00e1\u010d, Daniel, Konopka, Bohmer, Le\u017e\u00e1k, Kubovi\u010d (52. Pta\u010d\u00edn), Trello, Duchovi\u010d (C), Priecel, Bukovsk\u00fd<\/p>\n\n\n\n<p><strong>Goals: <\/strong>76. Priecel<\/p>\n\n\n\n<p><strong>Yellow cards: <\/strong>Daniel, Duchovi\u010d, Bukovsk\u00fd<\/p>\n\n\n\n<p><strong>Adam Chorvath: \u201eO\u010dak\u00e1vali sme ve\u013emi \u0165a\u017ek\u00fd z\u00e1pas proti s\u00faperovi, ktor\u00fd m\u00e1 kvalitu a&nbsp;tie\u017e hr\u00e1 in\u00fdm syst\u00e9mom, na \u010do sme sa museli pripravi\u0165. V&nbsp;defenz\u00edve sme nepracovali v\u00f4bec zle, no spravili sme hne\u010f v&nbsp;\u00favode nieko\u013eko rohov\u00fdch kopov, kde mal s\u00faper v\u00fd\u0161kov\u00fa prevahu, bol nebezpe\u010dn\u00fd a&nbsp;dostali sme sa pod tlak, tu n\u00e1s podr\u017eal brank\u00e1r Halada. N\u00e1sledne sme po\u010das cel\u00e9ho z\u00e1pasu p\u00f4sobili a\u017e pr\u00edli\u0161 nerv\u00f3zne a&nbsp;v&nbsp;\u00fato\u010dnej f\u00e1ze sme str\u00e1cali ve\u013ea \u013eahk\u00fdch l\u00f4pt a&nbsp;nedok\u00e1zali sme ju udr\u017ea\u0165 pod tlakom. Nakoniec sme mohli aj my streli\u0165 prv\u00fd g\u00f3l, mali sme 2-3 dobr\u00e9 pr\u00edle\u017eitosti, ktor\u00e9 sa nepremenili a&nbsp;s\u00faper zlomil v&nbsp;z\u00e1vere z\u00e1pas vo svoj prospech dvomi g\u00f3lmi. N\u00e1m sa podarilo zn\u00ed\u017ei\u0165, ale z\u00e1vere\u010dn\u00fd tlak sme si u\u017e vytvori\u0165 nedok\u00e1zali.\u201c<\/strong><\/p>\n\n\n\n<p><strong>FC Spartak Trnava U15 \u2013 FC ViOn Zlat\u00e9 Moravce U15 6:1 (5:0)<\/strong><\/p>\n\n\n\n<p>P\u00e4tn\u00e1stka napodobnila v&nbsp;nede\u013eu v\u00fdsledok mu\u017eov a&nbsp;zv\u00ed\u0165azila vysoko 6:1. Vyma\u013eovan\u00e9 bolo u\u017e po prvom pol\u010dase, v&nbsp;ktorom Trnav\u010dania strelili hne\u010f p\u00e4\u0165 g\u00f3lov. Vete\u0161ka s&nbsp;Terenkovom sa presadili zhodne po dvakr\u00e1t.<\/p>\n\n\n\n<p><strong>FCST U15: <\/strong>Va\u010dok (51. Luko\u0161\u00edk) \u2013 Tittel, Pittel, Bohunick\u00fd, Rep\u00e1\u0148 (41. Sobota), Tejzr, Benkovsk\u00fd (C), Slez\u00e1k (41. Ma\u0165o), Terenkov, Vete\u0161ka (51. Chnapko), Pol\u0165\u00e1k (70. No\u0161ka)<\/p>\n\n\n\n<p><strong>Goals: <\/strong>3. a&nbsp;16. Vete\u0161ka, 5. a&nbsp;10. Terenkov, 26. Pittel, 57. Pol\u0165\u00e1k<\/p>\n\n\n\n<p><strong>Tom\u00e1\u0161 K\u00e1nik: \u201eDo z\u00e1pasu sme vst\u00fapili v\u00fdborn\u00fdm sp\u00f4sobom, ke\u010f sme si do 16. min\u00faty vypracovali \u0161tvorg\u00f3lov\u00fd n\u00e1skok. Po\u010das cel\u00e9ho z\u00e1pasu sme si vytv\u00e1rali ve\u013ek\u00e9 mno\u017estvo vylo\u017een\u00fdch pr\u00edle\u017eitost\u00ed, v&nbsp;druhom pol\u010dase sme ale boli ve\u013emi m\u00e1lo efekt\u00edvni a&nbsp;s\u00faperovi sme z&nbsp;ojedinelej situ\u00e1cie umo\u017enili sk\u00f3rova\u0165.\u201c<\/strong><\/p>\n\n\n\n<figure class=\"wp-block-video\"><video height=\"1080\" style=\"aspect-ratio: 1920 \/ 1080;\" width=\"1920\" controls src=\"https:\/\/fcspartaktrnava.com\/wp-content\/uploads\/2023\/03\/001500-highlight.mp4\"><\/video><figcaption class=\"wp-element-caption\">Exportn\u00fd g\u00f3l Patrika Vete\u0161ku<\/figcaption><\/figure>\n\n\n\n<p><strong>FC Spartak Trnava U14 \u2013 FC ViOn Zlat\u00e9 Moravce U14 3:0 (3:0)<\/strong><\/p>\n\n\n\n<p>O&nbsp;osude stretnutia rozhodli v&nbsp;prvom pol\u010dase aj spartakovci do \u0161trn\u00e1s\u0165 rokov. T\u00ed porazili rovesn\u00edkov zo Zlat\u00fdch Moraviec rozdielom triedy a&nbsp;na\u010falej s\u00fa na o&nbsp;sk\u00f3re hor\u0161om druhom mieste.<\/p>\n\n\n\n<p><strong>FCST U14: <\/strong>Slim\u00e1k \u2013 U\u0161\u00e1k (36. Slov\u00e1k), Bartovi\u010d (36. Feh\u00e9r), Lenghardt, Studen\u00fd (40. Magdolen), Kostol\u00e1ni (36. Mar\u010di\u0161), Furek, Zemko (49. August\u00edn), Fojta, \u0160ev\u010d\u00edk, He\u010dko (49. Mi\u0161o)<\/p>\n\n\n\n<p><strong>Goals: <\/strong>5. \u0160ev\u010d\u00edk, 16. Kostol\u00e1ni (z 11m), 30. Zemko<\/p>\n\n\n\n<p><strong>D\u00e1vid Mi\u0161kovi\u010d: \u201eZ\u00e1pas dvoch rozdielnych pol\u010dasov. V&nbsp;prvom pol\u010dase pripom\u00ednal z\u00e1pas bago, ktor\u00e9 hral Real Madrid s&nbsp;Liverpoolom a&nbsp;bola sa na\u0148 rados\u0165 pozera\u0165, v&nbsp;druhom pol\u010dase sa obraz hry zmenil a&nbsp;s\u00edce sme boli v&nbsp;dr\u017ean\u00ed lopty, zaznamenali sme ve\u013ea str\u00e1t v&nbsp;pr\u00edpravnej z\u00f3ne a&nbsp;v&nbsp;oblasti predfin\u00e1lnych prihr\u00e1vok. Hr\u00e1\u010di volili zl\u00e9 rie\u0161enia situ\u00e1ci\u00ed a&nbsp;po nepremenen\u00fdch \u0161anciach na n\u00e1s padol \u00fatlm, ktor\u00fd ostal a\u017e do z\u00e1vere\u010dn\u00e9ho hvizdu.\u201c<\/strong><\/p>\n\n\n\n<p><strong>SDM Domino Bratislava U13 \u2013 FC Spartak Trnava U13 0:3 (0:0)<\/strong><\/p>\n\n\n\n<p>Z&nbsp;triumfu rozdielom triedy sa te\u0161ili aj \u017eiaci do trin\u00e1s\u0165 rokov. V&nbsp;Bratislave padli v\u0161etky g\u00f3ly pre zmenu a\u017e po v\u00fdmene str\u00e1n.<\/p>\n\n\n\n<p><strong>FCST U13: <\/strong>Vlkovi\u010d \u2013 Bo\u0161ansk\u00fd, Kalam\u00e1r, B\u00f6hmer, Martinkovi\u010d, Kore\u0148, Feni\u010d, \u010euri\u0161, Holb\u00edk, Zaj\u00e1no\u0161, Kr\u00e1\u013eovi\u010d, Kasan, Pavlis, Dreven\u00e1k<\/p>\n\n\n\n<p><strong>Goals: <\/strong>59. Zaj\u00e1no\u0161, 67. Kasan, 70. Feni\u010d<\/p>\n\n\n\n<p><strong>Oliver Burian: \u201eV nede\u013eu sme si vysk\u00fa\u0161ali po dlh\u0161om \u010dase z\u00e1pas do najhlb\u0161ieho mo\u017en\u00e9ho bloku, kedy sme museli ve\u013eakr\u00e1t \u010deli\u0165 naozaj jeden\u00e1stim s\u00faperov\u00fdm hr\u00e1\u010dom v&nbsp;pokutovom \u00fazem\u00ed. Tomuto bloku napom\u00e1halo aj rozmerovo men\u0161ie ihrisko, no hlavne sme sa tomu pri\u010dinili my, ke\u010f\u017ee na\u0161a hra hlavne v&nbsp;prvom pol\u010dase bola ve\u013emi pomal\u00e1, m\u00e1lo priamo\u010diara a&nbsp;bolo v&nbsp;nej ve\u013emi ve\u013ea zbyto\u010dn\u00fdch dotykov. V&nbsp;druhom pol\u010dase sme hru u\u017e patri\u010dne zr\u00fdchlili, vypracovali sme si ve\u013ek\u00e9 mno\u017estvo \u0161anc\u00ed a&nbsp;bolo len ot\u00e1zkou \u010dasu, kedy nejak\u00fd z&nbsp;\u00fatokov skon\u010d\u00ed g\u00f3lom. V&nbsp;z\u00e1pase sme v\u010faka zauj\u00edmav\u00e9mu sp\u00f4sobu hry s\u00fapera nedok\u00e1zali prenies\u0165 nacvi\u010den\u00e9 veci z&nbsp;tr\u00e9ningov\u00e9ho procesu, no museli sme sa adaptova\u0165 a&nbsp;zvoli\u0165 in\u00e9 varianty \u00fatokov, \u010do sa n\u00e1m darilo len \u010diasto\u010dne, no zase je to pre chalanov nov\u00e1 sk\u00fasenos\u0165.\u201c<\/strong><\/p>\n\n\n\n<p><strong>SDM Domino Bratislava U12 \u2013 FC Spartak Trnava U12 4:37 (2:18)<\/strong><\/p>\n\n\n\n<p>Suver\u00e9nne najviac g\u00f3lov padlo v&nbsp;z\u00e1pase najmlad\u0161ej \u017eiackej kateg\u00f3rie. Mlad\u00ed spartakovci nas\u00fakali bratislavsk\u00e9mu Dominu a\u017e 37 g\u00f3lov, z&nbsp;nich hne\u010f desa\u0165 nastrie\u013eal Junas.<\/p>\n\n\n\n<p><strong>FCST U12: <\/strong>Trebatick\u00fdch, Krchn\u00e1k \u2013 Podolin\u010diak, Li\u010d\u00e1k, Pol\u00e1\u010dek, \u0160matl\u00e1nek, Koll\u00e1r, Mikulec, Rep\u00e1\u0148, Poliak, Miklovi\u010d, Kohutovi\u010d, Pie\u0161\u0165ansk\u00fd, Fojta, G\u00e1l, Dvorsk\u00fd, Junas<\/p>\n\n\n\n<p><strong>Goals: <\/strong>10x Junas, 6x Dvorsk\u00fd, 5x Koll\u00e1r, 3x Kohutovi\u010d, 3x G\u00e1l, 2x Poliak, 2x Fojta, 2x Pie\u0161\u0165ansk\u00fd, Rep\u00e1\u0148, Miklovi\u010d, \u0160matl\u00e1nek, Pol\u00e1\u010dek<\/p>\n\n\n\n<p><strong>Filip N\u00e1dask\u00fd: \u201eV z\u00e1pase sme dominovali po\u010das cel\u00e9ho z\u00e1pasu. Pozorn\u00ed sme boli v&nbsp;defenz\u00edve, a\u017e na p\u00e1r individu\u00e1lnych ch\u00fdb, a&nbsp;neust\u00e1le sme boli nebezpe\u010dn\u00ed v&nbsp;ofenz\u00edve. Taktie\u017e treba chalanov pochv\u00e1li\u0165 za efektivitu v&nbsp;zakon\u010den\u00ed. Te\u0161\u00ed ma, \u017ee sa chalani neuspokojili s&nbsp;pol\u010dasov\u00fdm v\u00fdsledkom, ale hrali naplno a\u017e do samotn\u00e9ho z\u00e1veru z\u00e1pasu.\u201c<\/strong><\/p>\n\n\n\n<p><strong>M\u0160K \u017dilina WA \u2013 FC Spartak Trnava WA 0:6 &nbsp;(0:4)<\/strong><\/p>\n\n\n\n<p>Trnavsk\u00e9 \u017eeny si napravili chu\u0165 po nevydarenom vstupe do jarnej \u010dasti a&nbsp;\u017dilin\u010dank\u00e1m nas\u00fakali poltucet g\u00f3lov. K&nbsp;zisku troch bodov si Trnav\u010danky na\u0161liapli v&nbsp;prvom pol\u010dase, v&nbsp;ktorom dali hne\u010f \u0161tyri g\u00f3ly, z&nbsp;nich a\u017e tri v&nbsp;\u00favodn\u00fdch jeden\u00e1stich min\u00fatach.<\/p>\n\n\n\n<p><strong>FCST WA: <\/strong>\u010cerv\u00edkov\u00e1 (63. Kr\u00e1likov\u00e1) \u2013 Randov\u00e1, \u010ceriov\u00e1 (C), Serv\u00e1tkov\u00e1 (57. Hankov\u00e1), Mudr\u00e1kov\u00e1, Marti\u0161kov\u00e1 (70. Cedulov\u00e1), \u017digov\u00e1 (57. Hankov\u00e1), Tonkovi\u010dov\u00e1 (70. Bederkov\u00e1), Ty\u010diakov\u00e1, Belicov\u00e1, Slukov\u00e1<\/p>\n\n\n\n<p><strong>Goals: <\/strong>5. \u010ceriov\u00e1, 8. Tonkovi\u010dov\u00e1, 11. a&nbsp;67. Slukov\u00e1, 26. Ty\u010diakov\u00e1, 59. Hankov\u00e1<\/p>\n\n\n\n<p><strong>Peter Kore\u0148: \u201ePo dvoch n\u00e1ro\u010dn\u00fdch dueloch bolo ve\u013emi d\u00f4le\u017eit\u00e9 ako diev\u010dat\u00e1 zvl\u00e1dnu tento z\u00e1pas v&nbsp;hlav\u00e1ch. Prist\u00fapili k&nbsp;nemu ve\u013emi zodpovedne, ni\u010d nepodcenili a&nbsp;z\u00e1pas ovl\u00e1dli od prvej min\u00faty. V&nbsp;obrane sme hrali koncentrovane a&nbsp;uhrali sme z\u00e1pas bez inkasovan\u00e9ho g\u00f3lu. H\u00fa\u017eevnat\u00fd dom\u00e1ci t\u00edm, ktor\u00fd hral do posledn\u00e9ho hvizdu vo vysokom nasaden\u00ed, n\u00e1m ni\u010d nedaroval. Preto ma te\u0161\u00ed toto v\u00ed\u0165azstvo aj z&nbsp;poh\u013eadu rozdielu v&nbsp;sk\u00f3re. Diev\u010dat\u00e1 si tak\u00e9to v\u00ed\u0165azstvo za svoj pr\u00edstup zasl\u00fa\u017eili.\u201c<\/strong><\/p>\n\n\n\n<p><strong>FC Spartak Trnava WU19 \u2013 \u0160K Slovan Bratislava WU19 3:0 (2:0)<\/strong><\/p>\n\n\n\n<p>Trnavsk\u00e9 dorastenky zvl\u00e1dli dom\u00e1ce derby s&nbsp;tabu\u013ekov\u00fdm susedom viac ne\u017e v\u00fdborne. O&nbsp;v\u0161etky g\u00f3ly sa pri triumfe rozdielom triedy postarala autorka hetriku Tonkovi\u010dov\u00e1.<\/p>\n\n\n\n<p><strong>FCST WU19: <\/strong>Nemochovsk\u00e1 \u2013 Serv\u00e1tkov\u00e1, \u017digov\u00e1, Horv\u00e1thov\u00e1, Belicov\u00e1 (51. Kone\u010dn\u00e1), Pola\u010dkov\u00e1 (60. \u010ceriov\u00e1), Trajl\u00ednkov\u00e1 (C), Tonkovi\u010dov\u00e1 (75. Obuchov\u00e1), Marti\u0161kov\u00e1 (75. Vo\u0161\u010din\u00e1rov\u00e1), G\u00e1likov\u00e1 (41. Cedulov\u00e1), Bederkov\u00e1 (60. Eckerov\u00e1)<\/p>\n\n\n\n<p><strong>Goals: <\/strong>5., 33. a&nbsp;73. Tonkovi\u010dov\u00e1<\/p>\n\n\n\n<p><strong>Matej Chocina: \u201eV derby sa n\u00e1m podarilo nadviaza\u0165 na v\u00fdborn\u00fd v\u00fdkon z&nbsp;Myjavy. Do z\u00e1pasu sme vst\u00fapili akt\u00edvne a&nbsp;diev\u010dat\u00e1 p\u00f4sobili ve\u013emi sebavedom\u00fdm dojmom s&nbsp;jasn\u00fdm cie\u013eom vyhra\u0165 z\u00e1pas. U\u017e po p\u00e1r min\u00fatach sa po rohovom kope presadila Tonkovi\u010dov\u00e1, a&nbsp;to n\u00e1m pridalo pokoj na kopa\u010dky. Do pol\u010dasu sme neprestali s\u00fapera nap\u00e1da\u0165 a&nbsp;na\u0161ou akt\u00edvnou hrou sme pridali e\u0161te jeden g\u00f3l. V&nbsp;druhom pol\u010dase sa hra trochu vyrovnala, ale diev\u010dat\u00e1 si siahli na dno svojich s\u00edl a&nbsp;ich obetavos\u0165ou prispeli k&nbsp;\u010dist\u00e9mu kontu. P\u00e1r min\u00fat pred koncom dosiahla Tonkovi\u010dov\u00e1 hetrik a&nbsp;definit\u00edvne strhla v\u00ed\u0165azstvo na na\u0161u stranu. Diev\u010dat\u00e1 si zasl\u00fa\u017eia pochvalu a&nbsp;svoj\u00edm pr\u00edstupom op\u00e4\u0165 dok\u00e1zali, \u017ee patria k&nbsp;\u0161pi\u010dke na Slovensku.\u201c<\/strong><\/p>\n\n\n\n<figure class=\"wp-block-image size-large\"><img loading=\"lazy\" decoding=\"async\" width=\"1024\" height=\"678\" src=\"https:\/\/fcspartaktrnava.com\/wp-content\/uploads\/2023\/03\/wu19-1024x678.jpg\" alt=\"\" class=\"wp-image-6243\" srcset=\"https:\/\/fcspartaktrnava.com\/wp-content\/uploads\/2023\/03\/wu19-1024x678.jpg 1024w, https:\/\/fcspartaktrnava.com\/wp-content\/uploads\/2023\/03\/wu19-300x199.jpg 300w, https:\/\/fcspartaktrnava.com\/wp-content\/uploads\/2023\/03\/wu19-768x509.jpg 768w, https:\/\/fcspartaktrnava.com\/wp-content\/uploads\/2023\/03\/wu19-1536x1017.jpg 1536w, https:\/\/fcspartaktrnava.com\/wp-content\/uploads\/2023\/03\/wu19-2048x1356.jpg 2048w, https:\/\/fcspartaktrnava.com\/wp-content\/uploads\/2023\/03\/wu19-18x12.jpg 18w\" sizes=\"auto, (max-width: 1024px) 100vw, 1024px\" \/><figcaption class=\"wp-element-caption\"><strong>\u00a9 \u013dubom\u00edr Hor\u0148\u00e1k<\/strong><\/figcaption><\/figure>\n\n\n\n<p><strong>FC Spartak Trnava WU15 \u2013 \u0160K Slovan Bratislava WU15 5:1 (3:0)<\/strong><\/p>\n\n\n\n<p>Na svoje star\u0161ie spoluhr\u00e1\u010dky nadviazali na z\u00e1ver v\u00edkendu aj \u017eia\u010dky. Tie porazili Slovan e\u0161te suver\u00e9nnej\u0161\u00edm sp\u00f4sobom a&nbsp;v\u010faka tomu si upevnili postavenie na \u010dele ligovej tabu\u013eky.<\/p>\n\n\n\n<p><strong>FCST WU15: <\/strong>Pre\u0161insk\u00e1 \u2013 Volekov\u00e1, Stankov\u00e1, Reh\u00e1kov\u00e1, Geschwandtnerov\u00e1, Kri\u0161tofiakov\u00e1, Tan\u010dokov\u00e1, Amrichov\u00e1, Pek\u00e1rov\u00e1 (C), Hal\u00e1sov\u00e1, Sucho\u0148ov\u00e1, He\u010dkov\u00e1, Horv\u00e1thov\u00e1, Vl\u010dkov\u00e1, Hudecov\u00e1, Tankov\u00e1, Kr\u00e1likov\u00e1, Vlkov\u00e1<\/p>\n\n\n\n<p><strong>Goals: <\/strong>13. Sucho\u0148ov\u00e1, 24. a&nbsp;40. Amrichov\u00e1, 34. Tankov\u00e1, 69. Kri\u0161tofiakov\u00e1<\/p>\n\n\n\n<p><strong>R\u00f3bert Halada: \u201ePo \u00faspe\u0161ne zvl\u00e1dnutom z\u00e1pase s&nbsp;l\u00eddrom tabu\u013eky na jeho ihrisku, \u010dakalo na n\u00e1\u0161 t\u00edm tradi\u010dn\u00e9 derby so Slovanom. Diev\u010dat\u00e1 sa po\u010das t\u00fd\u017ed\u0148a na z\u00e1pas vzorne pripravovali, boli v\u00fdborne nastaven\u00e9 ako t\u00edm a&nbsp;na ihrisku odovzdali maximum. Vyu\u017eili svoje technick\u00e9 zru\u010dnosti v&nbsp;prospech dru\u017estva a&nbsp;dodr\u017eali v\u0161etky taktick\u00e9 prvky na to, aby s\u00fapera dost\u00e1vali pod tlak. U\u017e v&nbsp;prvom pol\u010dase si vypracovali dostato\u010dn\u00fd n\u00e1skok, \u010d\u00edm polo\u017eili z\u00e1klad k&nbsp;pekn\u00e9mu v\u00ed\u0165azstvu. Diev\u010dat\u00e1m \u010fakujeme za v\u00fdkon a&nbsp;zodpovedn\u00fd pr\u00edstup.\u201c<\/strong><\/p>\n\n\n\n<figure class=\"wp-block-image size-large\"><img loading=\"lazy\" decoding=\"async\" width=\"1024\" height=\"666\" src=\"https:\/\/fcspartaktrnava.com\/wp-content\/uploads\/2023\/03\/wu15-1024x666.jpg\" alt=\"\" class=\"wp-image-6244\" srcset=\"https:\/\/fcspartaktrnava.com\/wp-content\/uploads\/2023\/03\/wu15-1024x666.jpg 1024w, https:\/\/fcspartaktrnava.com\/wp-content\/uploads\/2023\/03\/wu15-300x195.jpg 300w, https:\/\/fcspartaktrnava.com\/wp-content\/uploads\/2023\/03\/wu15-768x500.jpg 768w, https:\/\/fcspartaktrnava.com\/wp-content\/uploads\/2023\/03\/wu15-1536x1000.jpg 1536w, https:\/\/fcspartaktrnava.com\/wp-content\/uploads\/2023\/03\/wu15-2048x1333.jpg 2048w, https:\/\/fcspartaktrnava.com\/wp-content\/uploads\/2023\/03\/wu15-18x12.jpg 18w\" sizes=\"auto, (max-width: 1024px) 100vw, 1024px\" \/><figcaption class=\"wp-element-caption\"><strong>\u00a9 \u013dubom\u00edr Hor\u0148\u00e1k<\/strong><\/figcaption><\/figure>","protected":false},"excerpt":{"rendered":"<p>\u00daspe\u0161n\u00fd v\u00edkend re\u017e\u00edrovali t\u00edmy ne\u017enej\u0161ieho pohlavia, stopercentn\u00ed boli&#8230;<\/p>","protected":false},"author":2,"featured_media":6242,"comment_status":"closed","ping_status":"closed","sticky":false,"template":"","format":"standard","meta":{"footnotes":""},"categories":[52,12],"tags":[53],"class_list":["post-6240","post","type-post","status-publish","format-standard","has-post-thumbnail","hentry","category-mladez","category-spravy","tag-mladez","post-number-1"],"yoast_head":"<!-- This site is optimized with the Yoast SEO plugin v27.1.1 - https:\/\/yoast.com\/product\/yoast-seo-wordpress\/ -->\n<title>\u00daspe\u0161n\u00fd v\u00edkend re\u017e\u00edrovali t\u00edmy ne\u017enej\u0161ieho pohlavia, stopercentn\u00ed boli aj \u017eiaci, prehrali sme iba raz - FC Spartak Trnava<\/title>\n<meta name=\"robots\" content=\"index, follow, max-snippet:-1, max-image-preview:large, max-video-preview:-1\" \/>\n<link rel=\"canonical\" href=\"https:\/\/fcspartaktrnava.com\/en\/uspesny-vikend-rezirovali-timy-neznejsieho-pohlavia-stopercentni-boli-aj-ziaci-prehrali-sme-iba-raz\/\" \/>\n<meta name=\"twitter:label1\" content=\"Written by\" \/>\n\t<meta name=\"twitter:data1\" content=\"spartak\" \/>\n\t<meta name=\"twitter:label2\" content=\"Estimated reading time\" \/>\n\t<meta name=\"twitter:data2\" content=\"9 minutes\" \/>\n<script type=\"application\/ld+json\" class=\"yoast-schema-graph\">{\"@context\":\"https:\/\/schema.org\",\"@graph\":[{\"@type\":\"Article\",\"@id\":\"https:\/\/fcspartaktrnava.com\/uspesny-vikend-rezirovali-timy-neznejsieho-pohlavia-stopercentni-boli-aj-ziaci-prehrali-sme-iba-raz\/#article\",\"isPartOf\":{\"@id\":\"https:\/\/fcspartaktrnava.com\/uspesny-vikend-rezirovali-timy-neznejsieho-pohlavia-stopercentni-boli-aj-ziaci-prehrali-sme-iba-raz\/\"},\"author\":{\"name\":\"spartak\",\"@id\":\"https:\/\/fcspartaktrnava.com\/#\/schema\/person\/24bc5b254af14f71d7d8af178790aa75\"},\"headline\":\"\u00daspe\u0161n\u00fd v\u00edkend re\u017e\u00edrovali t\u00edmy ne\u017enej\u0161ieho pohlavia, stopercentn\u00ed boli aj \u017eiaci, prehrali sme iba raz\",\"datePublished\":\"2023-03-13T07:54:48+00:00\",\"dateModified\":\"2023-03-13T07:54:49+00:00\",\"mainEntityOfPage\":{\"@id\":\"https:\/\/fcspartaktrnava.com\/uspesny-vikend-rezirovali-timy-neznejsieho-pohlavia-stopercentni-boli-aj-ziaci-prehrali-sme-iba-raz\/\"},\"wordCount\":2172,\"publisher\":{\"@id\":\"https:\/\/fcspartaktrnava.com\/#organization\"},\"image\":{\"@id\":\"https:\/\/fcspartaktrnava.com\/uspesny-vikend-rezirovali-timy-neznejsieho-pohlavia-stopercentni-boli-aj-ziaci-prehrali-sme-iba-raz\/#primaryimage\"},\"thumbnailUrl\":\"https:\/\/fcspartaktrnava.com\/wp-content\/uploads\/2023\/03\/titulka-scaled.jpg\",\"keywords\":[\"ml\u00e1de\u017e\"],\"articleSection\":[\"Ml\u00e1de\u017e\",\"Spr\u00e1vy\"],\"inLanguage\":\"en-GB\"},{\"@type\":\"WebPage\",\"@id\":\"https:\/\/fcspartaktrnava.com\/uspesny-vikend-rezirovali-timy-neznejsieho-pohlavia-stopercentni-boli-aj-ziaci-prehrali-sme-iba-raz\/\",\"url\":\"https:\/\/fcspartaktrnava.com\/uspesny-vikend-rezirovali-timy-neznejsieho-pohlavia-stopercentni-boli-aj-ziaci-prehrali-sme-iba-raz\/\",\"name\":\"\u00daspe\u0161n\u00fd v\u00edkend re\u017e\u00edrovali t\u00edmy ne\u017enej\u0161ieho pohlavia, stopercentn\u00ed boli aj \u017eiaci, prehrali sme iba raz - FC Spartak Trnava\",\"isPartOf\":{\"@id\":\"https:\/\/fcspartaktrnava.com\/#website\"},\"primaryImageOfPage\":{\"@id\":\"https:\/\/fcspartaktrnava.com\/uspesny-vikend-rezirovali-timy-neznejsieho-pohlavia-stopercentni-boli-aj-ziaci-prehrali-sme-iba-raz\/#primaryimage\"},\"image\":{\"@id\":\"https:\/\/fcspartaktrnava.com\/uspesny-vikend-rezirovali-timy-neznejsieho-pohlavia-stopercentni-boli-aj-ziaci-prehrali-sme-iba-raz\/#primaryimage\"},\"thumbnailUrl\":\"https:\/\/fcspartaktrnava.com\/wp-content\/uploads\/2023\/03\/titulka-scaled.jpg\",\"datePublished\":\"2023-03-13T07:54:48+00:00\",\"dateModified\":\"2023-03-13T07:54:49+00:00\",\"breadcrumb\":{\"@id\":\"https:\/\/fcspartaktrnava.com\/uspesny-vikend-rezirovali-timy-neznejsieho-pohlavia-stopercentni-boli-aj-ziaci-prehrali-sme-iba-raz\/#breadcrumb\"},\"inLanguage\":\"en-GB\",\"potentialAction\":[{\"@type\":\"ReadAction\",\"target\":[\"https:\/\/fcspartaktrnava.com\/uspesny-vikend-rezirovali-timy-neznejsieho-pohlavia-stopercentni-boli-aj-ziaci-prehrali-sme-iba-raz\/\"]}]},{\"@type\":\"ImageObject\",\"inLanguage\":\"en-GB\",\"@id\":\"https:\/\/fcspartaktrnava.com\/uspesny-vikend-rezirovali-timy-neznejsieho-pohlavia-stopercentni-boli-aj-ziaci-prehrali-sme-iba-raz\/#primaryimage\",\"url\":\"https:\/\/fcspartaktrnava.com\/wp-content\/uploads\/2023\/03\/titulka-scaled.jpg\",\"contentUrl\":\"https:\/\/fcspartaktrnava.com\/wp-content\/uploads\/2023\/03\/titulka-scaled.jpg\",\"width\":2560,\"height\":1671},{\"@type\":\"BreadcrumbList\",\"@id\":\"https:\/\/fcspartaktrnava.com\/uspesny-vikend-rezirovali-timy-neznejsieho-pohlavia-stopercentni-boli-aj-ziaci-prehrali-sme-iba-raz\/#breadcrumb\",\"itemListElement\":[{\"@type\":\"ListItem\",\"position\":1,\"name\":\"Home\",\"item\":\"https:\/\/fcspartaktrnava.com\/\"},{\"@type\":\"ListItem\",\"position\":2,\"name\":\"\u00daspe\u0161n\u00fd v\u00edkend re\u017e\u00edrovali t\u00edmy ne\u017enej\u0161ieho pohlavia, stopercentn\u00ed boli aj \u017eiaci, prehrali sme iba raz\"}]},{\"@type\":\"WebSite\",\"@id\":\"https:\/\/fcspartaktrnava.com\/#website\",\"url\":\"https:\/\/fcspartaktrnava.com\/\",\"name\":\"FC Spartak Trnava\",\"description\":\"ofici\u00e1lna webstr\u00e1nka futbalov\u00e9ho klubu\",\"publisher\":{\"@id\":\"https:\/\/fcspartaktrnava.com\/#organization\"},\"potentialAction\":[{\"@type\":\"SearchAction\",\"target\":{\"@type\":\"EntryPoint\",\"urlTemplate\":\"https:\/\/fcspartaktrnava.com\/?s={search_term_string}\"},\"query-input\":{\"@type\":\"PropertyValueSpecification\",\"valueRequired\":true,\"valueName\":\"search_term_string\"}}],\"inLanguage\":\"en-GB\"},{\"@type\":\"Organization\",\"@id\":\"https:\/\/fcspartaktrnava.com\/#organization\",\"name\":\"FC Spartak Trnava\",\"alternateName\":\"Spartak\",\"url\":\"https:\/\/fcspartaktrnava.com\/\",\"logo\":{\"@type\":\"ImageObject\",\"inLanguage\":\"en-GB\",\"@id\":\"https:\/\/fcspartaktrnava.com\/#\/schema\/logo\/image\/\",\"url\":\"https:\/\/fcspartaktrnava.com\/wp-content\/uploads\/2022\/08\/cropped-site_logo.png\",\"contentUrl\":\"https:\/\/fcspartaktrnava.com\/wp-content\/uploads\/2022\/08\/cropped-site_logo.png\",\"width\":140,\"height\":140,\"caption\":\"FC Spartak Trnava\"},\"image\":{\"@id\":\"https:\/\/fcspartaktrnava.com\/#\/schema\/logo\/image\/\"},\"sameAs\":[\"https:\/\/www.facebook.com\/SpartakTrnava\",\"https:\/\/x.com\/SpartakTrnava1\",\"https:\/\/www.instagram.com\/spartak_sk\/\"]},{\"@type\":\"Person\",\"@id\":\"https:\/\/fcspartaktrnava.com\/#\/schema\/person\/24bc5b254af14f71d7d8af178790aa75\",\"name\":\"spartak\",\"image\":{\"@type\":\"ImageObject\",\"inLanguage\":\"en-GB\",\"@id\":\"https:\/\/fcspartaktrnava.com\/#\/schema\/person\/image\/\",\"url\":\"https:\/\/secure.gravatar.com\/avatar\/f8ff8584f3fcf3909a11a6da9019f37749183b4015bca14e64556c52614cdc7f?s=96&d=mm&r=g\",\"contentUrl\":\"https:\/\/secure.gravatar.com\/avatar\/f8ff8584f3fcf3909a11a6da9019f37749183b4015bca14e64556c52614cdc7f?s=96&d=mm&r=g\",\"caption\":\"spartak\"},\"url\":\"https:\/\/fcspartaktrnava.com\/en\/author\/spartak\/\"}]}<\/script>\n<!-- \/ Yoast SEO plugin. -->","yoast_head_json":{"title":"\u00daspe\u0161n\u00fd v\u00edkend re\u017e\u00edrovali t\u00edmy ne\u017enej\u0161ieho pohlavia, stopercentn\u00ed boli aj \u017eiaci, prehrali sme iba raz - FC Spartak Trnava","robots":{"index":"index","follow":"follow","max-snippet":"max-snippet:-1","max-image-preview":"max-image-preview:large","max-video-preview":"max-video-preview:-1"},"canonical":"https:\/\/fcspartaktrnava.com\/en\/uspesny-vikend-rezirovali-timy-neznejsieho-pohlavia-stopercentni-boli-aj-ziaci-prehrali-sme-iba-raz\/","twitter_misc":{"Written by":"spartak","Estimated reading time":"9 minutes"},"schema":{"@context":"https:\/\/schema.org","@graph":[{"@type":"Article","@id":"https:\/\/fcspartaktrnava.com\/uspesny-vikend-rezirovali-timy-neznejsieho-pohlavia-stopercentni-boli-aj-ziaci-prehrali-sme-iba-raz\/#article","isPartOf":{"@id":"https:\/\/fcspartaktrnava.com\/uspesny-vikend-rezirovali-timy-neznejsieho-pohlavia-stopercentni-boli-aj-ziaci-prehrali-sme-iba-raz\/"},"author":{"name":"spartak","@id":"https:\/\/fcspartaktrnava.com\/#\/schema\/person\/24bc5b254af14f71d7d8af178790aa75"},"headline":"\u00daspe\u0161n\u00fd v\u00edkend re\u017e\u00edrovali t\u00edmy ne\u017enej\u0161ieho pohlavia, stopercentn\u00ed boli aj \u017eiaci, prehrali sme iba raz","datePublished":"2023-03-13T07:54:48+00:00","dateModified":"2023-03-13T07:54:49+00:00","mainEntityOfPage":{"@id":"https:\/\/fcspartaktrnava.com\/uspesny-vikend-rezirovali-timy-neznejsieho-pohlavia-stopercentni-boli-aj-ziaci-prehrali-sme-iba-raz\/"},"wordCount":2172,"publisher":{"@id":"https:\/\/fcspartaktrnava.com\/#organization"},"image":{"@id":"https:\/\/fcspartaktrnava.com\/uspesny-vikend-rezirovali-timy-neznejsieho-pohlavia-stopercentni-boli-aj-ziaci-prehrali-sme-iba-raz\/#primaryimage"},"thumbnailUrl":"https:\/\/fcspartaktrnava.com\/wp-content\/uploads\/2023\/03\/titulka-scaled.jpg","keywords":["ml\u00e1de\u017e"],"articleSection":["Ml\u00e1de\u017e","Spr\u00e1vy"],"inLanguage":"en-GB"},{"@type":"WebPage","@id":"https:\/\/fcspartaktrnava.com\/uspesny-vikend-rezirovali-timy-neznejsieho-pohlavia-stopercentni-boli-aj-ziaci-prehrali-sme-iba-raz\/","url":"https:\/\/fcspartaktrnava.com\/uspesny-vikend-rezirovali-timy-neznejsieho-pohlavia-stopercentni-boli-aj-ziaci-prehrali-sme-iba-raz\/","name":"\u00daspe\u0161n\u00fd v\u00edkend re\u017e\u00edrovali t\u00edmy ne\u017enej\u0161ieho pohlavia, stopercentn\u00ed boli aj \u017eiaci, prehrali sme iba raz - FC Spartak Trnava","isPartOf":{"@id":"https:\/\/fcspartaktrnava.com\/#website"},"primaryImageOfPage":{"@id":"https:\/\/fcspartaktrnava.com\/uspesny-vikend-rezirovali-timy-neznejsieho-pohlavia-stopercentni-boli-aj-ziaci-prehrali-sme-iba-raz\/#primaryimage"},"image":{"@id":"https:\/\/fcspartaktrnava.com\/uspesny-vikend-rezirovali-timy-neznejsieho-pohlavia-stopercentni-boli-aj-ziaci-prehrali-sme-iba-raz\/#primaryimage"},"thumbnailUrl":"https:\/\/fcspartaktrnava.com\/wp-content\/uploads\/2023\/03\/titulka-scaled.jpg","datePublished":"2023-03-13T07:54:48+00:00","dateModified":"2023-03-13T07:54:49+00:00","breadcrumb":{"@id":"https:\/\/fcspartaktrnava.com\/uspesny-vikend-rezirovali-timy-neznejsieho-pohlavia-stopercentni-boli-aj-ziaci-prehrali-sme-iba-raz\/#breadcrumb"},"inLanguage":"en-GB","potentialAction":[{"@type":"ReadAction","target":["https:\/\/fcspartaktrnava.com\/uspesny-vikend-rezirovali-timy-neznejsieho-pohlavia-stopercentni-boli-aj-ziaci-prehrali-sme-iba-raz\/"]}]},{"@type":"ImageObject","inLanguage":"en-GB","@id":"https:\/\/fcspartaktrnava.com\/uspesny-vikend-rezirovali-timy-neznejsieho-pohlavia-stopercentni-boli-aj-ziaci-prehrali-sme-iba-raz\/#primaryimage","url":"https:\/\/fcspartaktrnava.com\/wp-content\/uploads\/2023\/03\/titulka-scaled.jpg","contentUrl":"https:\/\/fcspartaktrnava.com\/wp-content\/uploads\/2023\/03\/titulka-scaled.jpg","width":2560,"height":1671},{"@type":"BreadcrumbList","@id":"https:\/\/fcspartaktrnava.com\/uspesny-vikend-rezirovali-timy-neznejsieho-pohlavia-stopercentni-boli-aj-ziaci-prehrali-sme-iba-raz\/#breadcrumb","itemListElement":[{"@type":"ListItem","position":1,"name":"Home","item":"https:\/\/fcspartaktrnava.com\/"},{"@type":"ListItem","position":2,"name":"\u00daspe\u0161n\u00fd v\u00edkend re\u017e\u00edrovali t\u00edmy ne\u017enej\u0161ieho pohlavia, stopercentn\u00ed boli aj \u017eiaci, prehrali sme iba raz"}]},{"@type":"WebSite","@id":"https:\/\/fcspartaktrnava.com\/#website","url":"https:\/\/fcspartaktrnava.com\/","name":"FC Spartak Trnava","description":"ofici\u00e1lna webstr\u00e1nka futbalov\u00e9ho klubu","publisher":{"@id":"https:\/\/fcspartaktrnava.com\/#organization"},"potentialAction":[{"@type":"SearchAction","target":{"@type":"EntryPoint","urlTemplate":"https:\/\/fcspartaktrnava.com\/?s={search_term_string}"},"query-input":{"@type":"PropertyValueSpecification","valueRequired":true,"valueName":"search_term_string"}}],"inLanguage":"en-GB"},{"@type":"Organization","@id":"https:\/\/fcspartaktrnava.com\/#organization","name":"FC Spartak Trnava","alternateName":"Spartak","url":"https:\/\/fcspartaktrnava.com\/","logo":{"@type":"ImageObject","inLanguage":"en-GB","@id":"https:\/\/fcspartaktrnava.com\/#\/schema\/logo\/image\/","url":"https:\/\/fcspartaktrnava.com\/wp-content\/uploads\/2022\/08\/cropped-site_logo.png","contentUrl":"https:\/\/fcspartaktrnava.com\/wp-content\/uploads\/2022\/08\/cropped-site_logo.png","width":140,"height":140,"caption":"FC Spartak Trnava"},"image":{"@id":"https:\/\/fcspartaktrnava.com\/#\/schema\/logo\/image\/"},"sameAs":["https:\/\/www.facebook.com\/SpartakTrnava","https:\/\/x.com\/SpartakTrnava1","https:\/\/www.instagram.com\/spartak_sk\/"]},{"@type":"Person","@id":"https:\/\/fcspartaktrnava.com\/#\/schema\/person\/24bc5b254af14f71d7d8af178790aa75","name":"spartak","image":{"@type":"ImageObject","inLanguage":"en-GB","@id":"https:\/\/fcspartaktrnava.com\/#\/schema\/person\/image\/","url":"https:\/\/secure.gravatar.com\/avatar\/f8ff8584f3fcf3909a11a6da9019f37749183b4015bca14e64556c52614cdc7f?s=96&d=mm&r=g","contentUrl":"https:\/\/secure.gravatar.com\/avatar\/f8ff8584f3fcf3909a11a6da9019f37749183b4015bca14e64556c52614cdc7f?s=96&d=mm&r=g","caption":"spartak"},"url":"https:\/\/fcspartaktrnava.com\/en\/author\/spartak\/"}]}},"_links":{"self":[{"href":"https:\/\/fcspartaktrnava.com\/en\/wp-json\/wp\/v2\/posts\/6240","targetHints":{"allow":["GET"]}}],"collection":[{"href":"https:\/\/fcspartaktrnava.com\/en\/wp-json\/wp\/v2\/posts"}],"about":[{"href":"https:\/\/fcspartaktrnava.com\/en\/wp-json\/wp\/v2\/types\/post"}],"author":[{"embeddable":true,"href":"https:\/\/fcspartaktrnava.com\/en\/wp-json\/wp\/v2\/users\/2"}],"replies":[{"embeddable":true,"href":"https:\/\/fcspartaktrnava.com\/en\/wp-json\/wp\/v2\/comments?post=6240"}],"version-history":[{"count":0,"href":"https:\/\/fcspartaktrnava.com\/en\/wp-json\/wp\/v2\/posts\/6240\/revisions"}],"wp:featuredmedia":[{"embeddable":true,"href":"https:\/\/fcspartaktrnava.com\/en\/wp-json\/wp\/v2\/media\/6242"}],"wp:attachment":[{"href":"https:\/\/fcspartaktrnava.com\/en\/wp-json\/wp\/v2\/media?parent=6240"}],"wp:term":[{"taxonomy":"category","embeddable":true,"href":"https:\/\/fcspartaktrnava.com\/en\/wp-json\/wp\/v2\/categories?post=6240"},{"taxonomy":"post_tag","embeddable":true,"href":"https:\/\/fcspartaktrnava.com\/en\/wp-json\/wp\/v2\/tags?post=6240"}],"curies":[{"name":"wp","href":"https:\/\/api.w.org\/{rel}","templated":true}]}}