{"id":6051,"date":"2023-03-05T20:51:15","date_gmt":"2023-03-05T20:51:15","guid":{"rendered":"https:\/\/fcspartaktrnava.com\/?p=6051"},"modified":"2023-03-05T20:59:03","modified_gmt":"2023-03-05T20:59:03","slug":"vitazstvo-s-lidrom-dotiahnutie-sa-na-spicu-tabulky-ci-vysoke-triumfy-aj-tak-vyzeral-dalsi-uspesny-vikend-nasej-mladeze","status":"publish","type":"post","link":"https:\/\/fcspartaktrnava.com\/en\/vitazstvo-s-lidrom-dotiahnutie-sa-na-spicu-tabulky-ci-vysoke-triumfy-aj-tak-vyzeral-dalsi-uspesny-vikend-nasej-mladeze\/","title":{"rendered":"V\u00ed\u0165azstvo s\u00a0l\u00eddrom, dotiahnutie sa na \u0161picu tabu\u013eky \u010di vysok\u00e9 triumfy. Aj tak vyzeral \u010fal\u0161\u00ed \u00faspe\u0161n\u00fd v\u00edkend na\u0161ej ml\u00e1de\u017ee"},"content":{"rendered":"<p><strong>AS Tren\u010d\u00edn U19 \u2013 FC Spartak Trnava U19 1:2 (0:1)<\/strong><\/p>\n\n\n\n<p>S&nbsp;tabu\u013ekovo lep\u0161ie postaven\u00fdm Tren\u010d\u00ednom i\u0161la na\u0161a dev\u00e4tn\u00e1stka do vedenia u\u017e v&nbsp;7. min\u00fate. V&nbsp;taktickom s\u00faboji mohol prida\u0165 svoj druh\u00fd g\u00f3l v&nbsp;z\u00e1pase Mas\u00e1r, ale pokutov\u00fd kop nepremenil. Mrzie\u0165 ho to v\u0161ak nemuselo, preto\u017ee na zne\u0161kodnen\u00fa penaltu v\u00fdborne zareagoval Kuchar\u00edk. Tren\u010d\u00edn dok\u00e1zal kr\u00e1tko pred koncom z\u00e1pasu skorigova\u0165 v\u00fdsledok a&nbsp;v&nbsp;nap\u00e4tom z\u00e1vere padlo viacero \u017elt\u00fdch kariet, medzi nimi aj dve pre Rusn\u00e1ka.<\/p>\n\n\n\n<p><strong>FCST U19: <\/strong>Vasi\u013e \u2013 R\u00fdzek, Feren\u010d\u00edk, Va\u0161ko, Rusn\u00e1k, \u0160arm\u00edr (C), Kumpan, Kuchar\u00edk (87. Krchn\u00e1r), Kurej, Mas\u00e1r, Bil\u010d\u00edk (62. Justh)<\/p>\n\n\n\n<p><strong>Goals: <\/strong>7. Mas\u00e1r, 77. Kuchar\u00edk<\/p>\n\n\n\n<p><strong>Yellow cards: <\/strong>Kuchar\u00edk, Justh<\/p>\n\n\n\n<p><strong>2 \u017dK: <\/strong>Rusn\u00e1k<\/p>\n\n\n\n<p><strong>Peter Ga\u017ei: \u201eDo z\u00e1pasu sme i\u0161li s&nbsp;cie\u013eom zv\u00ed\u0165azi\u0165 a&nbsp;pribl\u00ed\u017ei\u0165 sa l\u00eddrovi ligy na bod. Tento cie\u013e sa n\u00e1m podarilo naplni\u0165 a&nbsp;ver\u00edm, \u017ee to bude pre n\u00e1s motiv\u00e1ciou do \u010fal\u0161ej pr\u00e1ce. Te\u0161\u00ed ma druh\u00fd g\u00f3l Mas\u00e1ra v&nbsp;druhom z\u00e1pase za sebou a&nbsp;takisto sila kolekt\u00edvu, v\u010faka ktorej sme dok\u00e1zali nahradi\u0165 hr\u00e1\u010da z&nbsp;pl\u00e1novej z\u00e1kladnej zostavy.\u201c<\/strong><\/p>\n\n\n\n<p><strong>FC Spartak Trnava U17 \u2013 AS Tren\u010d\u00edn U17 4:3 (1:1)<\/strong><\/p>\n\n\n\n<p>V&nbsp;deviatej min\u00fate bol stav medzi dorastencami do 17 rokov u\u017e 1:1. Po v\u00fdmene str\u00e1n odsko\u010dili spartakovci Tren\u010d\u00ednu na rozdiel troch g\u00f3lov, ale hostia dok\u00e1zali v&nbsp;z\u00e1vere\u010dnej desa\u0165min\u00fatovke zdramatizova\u0165 z\u00e1ver stretnutia dvomi presn\u00fdmi z\u00e1sahmi.<\/p>\n\n\n\n<p><strong>FCST U17: <\/strong>Smie\u0161ko \u2013 Karhan, \u010cavojsk\u00fd, Turansk\u00fd, Turo\u0148, Farka\u0161 (C), Vysko\u010d (87. Moln\u00e1r), Henyig, Be\u0148o (76. Hesko), Bukovsk\u00fd, Adamkovi\u010d (46. Ostrovsk\u00fd)<\/p>\n\n\n\n<p><strong>Goals: <\/strong>9. Karhan, 50. Bukovsk\u00fd, 64. Be\u0148o, 73. Vysko\u010d<\/p>\n\n\n\n<p><strong>Yellow cards: <\/strong>Turo\u0148, Ostrovsk\u00fd<\/p>\n\n\n\n<p><strong>Patrik Mal\u00fd: \u201eProti prv\u00e9mu mu\u017estvu tabu\u013eky sme podali po\u010das cel\u00e9ho z\u00e1pasu t\u00edmov\u00fd a&nbsp;zodpovedn\u00fd v\u00fdkon. V&nbsp;prvom pol\u010dase sme dostali hne\u010f v&nbsp;\u00favode g\u00f3l, av\u0161ak o&nbsp;chv\u00ed\u013eku sme vyrovnali z\u00e1sluhou Karhana. V&nbsp;prvom pol\u010dase sme si vytvorili e\u0161te nieko\u013eko pr\u00edle\u017eitost\u00ed, pri\u010dom dve skon\u010dili na s\u00faperovej kon\u0161trukcii. V&nbsp;druhom pol\u010dase sa hralo proti vetru \u0165a\u017eko, no paradoxne sme boli efekt\u00edvni v&nbsp;na\u0161ich pr\u00edle\u017eitostiach a&nbsp;dostali sme sa postupne do vedenia 4:1. V&nbsp;z\u00e1vere sme inkasovali dva zbyto\u010dn\u00e9 g\u00f3ly. Celkovo sme v\u0161ak spokojn\u00ed s&nbsp;pr\u00edstupom hr\u00e1\u010dov a&nbsp;ver\u00edm, \u017ee v\u00ed\u0165azstvo n\u00e1m pom\u00f4\u017ee do \u010fal\u0161\u00edch z\u00e1pasov.\u201c<\/strong><\/p>\n\n\n\n<p><strong>FC Spartak Trnava U16 \u2013 AS Tren\u010d\u00edn U16 2:0 (2:0)<\/strong><\/p>\n\n\n\n<p>Aj do tretice videli div\u00e1ci v&nbsp;dorasteneckom z\u00e1pase r\u00fdchly \u00favodn\u00fd g\u00f3l. Tentokr\u00e1t sa o\u0148 postaral v&nbsp;7. min\u00fate Priecel. Toho kr\u00e1tko pred pol\u010dasovou prest\u00e1vkou doplnil presn\u00fdm zakon\u010den\u00edm Trello. Po v\u00fdmene str\u00e1n sa ni\u010d podstatn\u00e9 neudialo a&nbsp;najmlad\u0161\u00ed dorastenci na\u010falej dr\u017eia krok so \u0161picou tabu\u013eky, ke\u010f figuruj\u00fa na druhom mieste.<\/p>\n\n\n\n<p><strong>FCST U16: <\/strong>Halada \u2013 Kov\u00e1\u010d, Daniel, Konopka (C), Bohmer, Pta\u010d\u00edn, Le\u017e\u00e1k (78. Kozachok), Kubovi\u010d (66. Kocian), Trello, Duchovi\u010d (59. Be\u0148o), Priecel<\/p>\n\n\n\n<p><strong>Goals: <\/strong>7. Priecel, 34. Trello<\/p>\n\n\n\n<p><strong>Adam Chorvath: \u201eOdohrali sme kvalitn\u00fd z\u00e1pas proti s\u00faperovi, ktor\u00fd chce hra\u0165 otvoren\u00fd futbal. Bol to u\u017e piaty z\u00e1pas v&nbsp;rade, ktor\u00fd n\u00e1m naru\u0161il siln\u00fd vietor a&nbsp;je to u\u017e skuto\u010dne frustruj\u00face, preto\u017ee je to siln\u00fd faktor ovplyv\u0148uj\u00faci obraz hry v&nbsp;jednotliv\u00fdch pol\u010dasoch. V&nbsp;prvom dejstve sme mali navrch, boli sme nebezpe\u010dnej\u0161\u00ed, r\u00fdchlo sme z\u00edskavali lopty sp\u00e4\u0165 po strat\u00e1ch a&nbsp;dali sme dva pekn\u00e9 g\u00f3ly. V&nbsp;\u00favode druh\u00e9ho pol\u010dasu sme si vytvorili nieko\u013eko \u010dist\u00fdch g\u00f3lov\u00fdch pr\u00edle\u017eitost\u00ed, ktor\u00e9 sme trestuhodne zahodili. Mohli sme vyhr\u00e1va\u0165 vy\u0161\u0161\u00edm g\u00f3lov\u00fdm rozdielom a z\u00e1pas v&nbsp;pokoji dohra\u0165. Namiesto toho sme sa v&nbsp;z\u00e1vere znova za\u010dali ob\u00e1va\u0165 o&nbsp;udr\u017eanie si v\u00fdsledku a&nbsp;s\u00faper si aj s&nbsp;pomocou vetra vytvoril viacero nebezpe\u010dn\u00fdch pr\u00edle\u017eitost\u00ed. Udr\u017eali sme s\u00edce \u010dist\u00e9 konto, no tak\u00e9to z\u00e1pasy, kde je vy\u0161\u0161ia individu\u00e1lna kvalita na na\u0161ej strane, mus\u00edme uhra\u0165 v&nbsp;z\u00e1vere ove\u013ea rozumnej\u0161ie.\u201c<\/strong><\/p>\n\n\n\n<figure class=\"wp-block-image size-large\"><img loading=\"lazy\" decoding=\"async\" width=\"1024\" height=\"576\" src=\"https:\/\/fcspartaktrnava.com\/wp-content\/uploads\/2023\/03\/DSC00605-1024x576.jpg\" alt=\"\" class=\"wp-image-6052\" srcset=\"https:\/\/fcspartaktrnava.com\/wp-content\/uploads\/2023\/03\/DSC00605-1024x576.jpg 1024w, https:\/\/fcspartaktrnava.com\/wp-content\/uploads\/2023\/03\/DSC00605-300x169.jpg 300w, https:\/\/fcspartaktrnava.com\/wp-content\/uploads\/2023\/03\/DSC00605-768x432.jpg 768w, https:\/\/fcspartaktrnava.com\/wp-content\/uploads\/2023\/03\/DSC00605-1536x864.jpg 1536w, https:\/\/fcspartaktrnava.com\/wp-content\/uploads\/2023\/03\/DSC00605-2048x1152.jpg 2048w, https:\/\/fcspartaktrnava.com\/wp-content\/uploads\/2023\/03\/DSC00605-18x10.jpg 18w\" sizes=\"auto, (max-width: 1024px) 100vw, 1024px\" \/><figcaption class=\"wp-element-caption\"><br><strong>\u00a9 M\u00e1rio Duchovi\u010d<\/strong><\/figcaption><\/figure>\n\n\n\n<p><strong>FK Inter Bratislava U15 \u2013 FC Spartak Trnava U15 2:7 (1:3)<\/strong><\/p>\n\n\n\n<p>V&nbsp;s\u00faboji tabu\u013ekov\u00fdch susedov dok\u00e1zal vyu\u017ei\u0165 po\u010detn\u00fa v\u00fdhodu od 6. min\u00faty e\u0161te do pol\u010dasu tromi g\u00f3lmi Vete\u0161ka. V&nbsp;druhom pol\u010dase boli Trnav\u010dania mimoriadne efekt\u00edvni, preto\u017ee v&nbsp;rozmedz\u00ed od 43. do 47. min\u00faty sk\u00f3rovali hne\u010f \u0161tyrikr\u00e1t.<\/p>\n\n\n\n<p><strong>FCST U15: <\/strong>Luko\u0161\u00edk (41. Va\u010dok) \u2013 Tittel (41. \u0160tev\u00edk), Bohunick\u00fd, Pittel, Rep\u00e1\u0148, Tejzr, Benkovsk\u00fd (C), Ma\u0165o, Terenkov, Vete\u0161ka (41. Chnapko), Pol\u0165\u00e1k (51. Sobota)<\/p>\n\n\n\n<p><strong>Goals: <\/strong>9., 35. a&nbsp;40. Vete\u0161ka, 43. a&nbsp;45. Pol\u0165\u00e1k, 44. Benkovsk\u00fd, 47. Pittel<\/p>\n\n\n\n<p><strong>Yellow cards: <\/strong>Pittel, Benkovsk\u00fd, Va\u010dok, Chnapko<\/p>\n\n\n\n<p><strong>Tom\u00e1\u0161 K\u00e1nik: \u201eZ\u00e1pas pozna\u010dila r\u00fdchla \u010derven\u00e1 karta s\u00fapera u\u017e v&nbsp;6. min\u00fate. Kr\u00e1tko nato sme sa ujali vedenia, ale s\u00faper r\u00fdchlo reagoval g\u00f3lom zo \u0161tandardnej situ\u00e1cie. V&nbsp;prvom pol\u010dase n\u00e1s chyten\u00fdm pokutov\u00fdm kopom podr\u017eal brank\u00e1r Luko\u0161\u00edk a&nbsp;potom u\u017e mal pre n\u00e1s z\u00e1pas priazniv\u00fd priebeh. Do pol\u010dasu stihol zaznamena\u0165 hetrik \u00fato\u010dn\u00edk Vete\u0161ka a&nbsp;v\u00fdborne n\u00e1m vy\u0161iel vstup do druh\u00e9ho pol\u010dasu, kde sme strelili za 5 min\u00fat \u0161tyri g\u00f3ly. Z\u00e1pas sa n\u00e1sledne u\u017e iba dohr\u00e1val.\u201c<\/strong><\/p>\n\n\n\n<p><strong>FK Inter Bratislava U14 \u2013 FC Spartak Trnava U14 0:13 (0:6)<\/strong><\/p>\n\n\n\n<p>E\u0161te o&nbsp;nie\u010do hlad\u0161\u00ed priebeh mal z\u00e1pas kateg\u00f3rie do 14 rokov. Trnavsk\u00fd Spartak viedol po \u0161tvr\u0165hodine rozdielom triedy a&nbsp;v&nbsp;priebehu stretnutia nav\u00fd\u0161il svoj vedenie na rozdiel trin\u00e1stich g\u00f3lov. \u0160trn\u00e1stka je v&nbsp;ligovej tabu\u013eke na o&nbsp;sk\u00f3re hor\u0161om druhom mieste.<\/p>\n\n\n\n<p><strong>FCST U14: <\/strong>Pavelka \u2013 Studen\u00fd, Lenghardt, Feh\u00e9r, U\u0161\u00e1k, Kostol\u00e1ni, Furek, Zemko, Fojta, \u0160ev\u010d\u00edk, He\u010dko (C)<\/p>\n\n\n\n<p><strong>Goals: <\/strong>3. a&nbsp;32. Studen\u00fd, 6. a&nbsp;46. \u0160ev\u010d\u00edk, 14. a&nbsp;56. Kostol\u00e1ni, 19., 51. a&nbsp;66. He\u010dko, 27. a 43. Zemko, 41. Furek, 47. Fojta<\/p>\n\n\n\n<p><strong>D\u00e1vid Mi\u0161kovi\u010d: \u201eZ\u00e1pas proti Interu n\u00e1m padol vhod na zdokonalenie hern\u00fdch situ\u00e1ci\u00ed z&nbsp;tr\u00e9ningov\u00e9ho procesu. Od prvej min\u00faty sme sa zahryzli do s\u00fapera a&nbsp;vytrvali sme na jeho polovici a\u017e do z\u00e1vere\u010dn\u00e9ho hvizdu. Negat\u00edvnou str\u00e1nkou boli zbyto\u010dn\u00e9 straty v&nbsp;pr\u00edpravnej z\u00f3ne, kde mus\u00edme hru viac zr\u00fdchli\u0165.\u201c<\/strong><\/p>\n\n\n\n<p><strong>FC Spartak Trnava U13 \u2013 M\u0160K P\u00fachov U13 16:0 (6:0)<\/strong><\/p>\n\n\n\n<p>T\u00edmy mlad\u0161\u00edch \u017eiakov nasko\u010dili do ligov\u00e9ho koloto\u010da o&nbsp;t\u00fd\u017ede\u0148 nesk\u00f4r ako ostatn\u00e9 ml\u00e1de\u017en\u00edcke kateg\u00f3rie. Ich hlad po jarnej \u010dasti si odniesli hr\u00e1\u010di P\u00fachova, ktor\u00ed inkasovali 16 g\u00f3lov. Strelecky sa najviac darilo Kasanovi, ktor\u00fd sa presadil hne\u010f \u0161tyrikr\u00e1t.<\/p>\n\n\n\n<p><strong>FCST U13: <\/strong>Vlkovi\u010d \u2013 Bo\u0161ansk\u00fd, Kalam\u00e1r, B\u00f6hmer, Martinkovi\u010d, Kore\u0148, Rak\u00fas, Feni\u010d, \u010euri\u0161, Holb\u00edk, Zaj\u00e1no\u0161, Kr\u00e1\u013eovi\u010d, Kasan, Pavlis, Dreven\u00e1k, Kri\u0161ka<\/p>\n\n\n\n<p><strong>Goals: <\/strong>5. a&nbsp;36. Holb\u00edk, 8. a&nbsp;39. Zaj\u00e1no\u0161, 14. Martinkovi\u010d, 16., 42., 50. a&nbsp;58. Kasan, 22. a&nbsp;64. B\u00f6hmer, 27., 65. a&nbsp;70. Feni\u010d, 44. \u010euri\u0161, 62. Kr\u00e1\u013eovi\u010d<\/p>\n\n\n\n<p><strong>Oliver Burian: \u201eV z\u00e1pase nie je prakticky \u010do hodnoti\u0165. Cel\u00fd duel sa odohr\u00e1val ma polovici s\u00fapera a&nbsp;jedinou ot\u00e1zkou bolo sk\u00f3re, na ktorom sa \u010d\u00edseln\u00e1 tabu\u013ea zastav\u00ed. Te\u0161\u00ed ma pr\u00edstup hr\u00e1\u010dov, \u017ee aj napriek rozhodnut\u00e9mu stavu pokra\u010dovali v&nbsp;nastolenom tempe a&nbsp;schuti si zastrie\u013eali a\u017e do konca z\u00e1pasu.\u201c<\/strong><\/p>\n\n\n\n<p><strong>FC Spartak Trnava U12 \u2013 M\u0160K P\u00fachov U12 35:4 (15:3)<\/strong><\/p>\n\n\n\n<p>Na vysokom triumfe dvan\u00e1stky sa podie\u013eali najm\u00e4 \u0161es\u0165g\u00f3lov\u00ed Junas s&nbsp;Kohutovi\u010dom \u010di p\u00e4\u0165g\u00f3lov\u00fd Fojta. Celkovo nastrie\u013eali mlad\u00ed Trnav\u010dania rovesn\u00edkom z&nbsp;P\u00fachova a\u017e 35 g\u00f3lov.<\/p>\n\n\n\n<p><strong>FCST U12: <\/strong>Krchn\u00e1k, Hamb\u00e1lek \u2013 Poliak, Rep\u00e1\u0148, Podolin\u010diak, Mikulec, Miklovi\u010d, Kohutovi\u010d, G\u00e1l, Fojta, Dvorsk\u00fd, Junas, \u0160matl\u00e1nek, Pie\u0161\u0165ansk\u00fd, Koll\u00e1r, Strojn\u00fd, Vir\u00e1g, Dzielava<\/p>\n\n\n\n<p><strong>Goals: <\/strong>2. Podolin\u010diak, 4., 32., 33., 43., 44. a&nbsp;46. Kohutovi\u010d, 5., 18., 28. G\u00e1l, 7., Miklovi\u010d, 10. Koll\u00e1r, 12., 24. Pie\u0161\u0165ansk\u00fd, 14., 17., 37., 38., 39. a&nbsp;48. Junas, 16. a&nbsp;58. Vir\u00e1g, 19. a&nbsp;52. Poliak, 21. Rep\u00e1\u0148, 27., 31., 35., 38. a&nbsp;55. Fojta, 37. Mikulec, 50. Strojn\u00fd, 59. a&nbsp;60. Dvorsk\u00fd, 60. Trebatick\u00fd (z 11m)<\/p>\n\n\n\n<p><strong>Filip N\u00e1dask\u00fd: \u201e\u0164a\u017eko hodnoti\u0165 tak\u00e9to z\u00e1pasy, v&nbsp;ktor\u00fdch sme dominovali prakticky cel\u00fd \u010das, o&nbsp;\u010dom sved\u010d\u00ed aj fin\u00e1lne sk\u00f3re. Chalani si u\u017eili prv\u00e9 jarn\u00e9 kolo, plnili taktick\u00e9 pokyny, ktor\u00e9 sme si spolo\u010dne stanovili pred z\u00e1pasom a objavovali sa v&nbsp;\u0148om prvky z&nbsp;tr\u00e9ningov\u00e9ho procesu. Ver\u00edm, \u017ee dan\u00fdm v\u00fdsledkom naberieme zdrav\u00e9 sebavedomie do \u010fal\u0161\u00edch z\u00e1pasov a&nbsp;chalani sa bud\u00fa hlavne futbalom bavi\u0165.\u201c<\/strong><\/p>\n\n\n\n<p><strong>FC Spartak Trnava WA \u2013 \u0160K Slovan Bratislava WA 0:2 (0:1)<\/strong><\/p>\n\n\n\n<p>\u017densk\u00fd t\u00edm nevst\u00fapil do derby v\u00f4bec ide\u00e1lne, ke\u010f inkasoval u\u017e v&nbsp;druhej min\u00fate. N\u00e1sledne sa hrala vyrovnan\u00e1 partia, v&nbsp;ktorej mali mierne navrch pr\u00e1ve na\u0161e hr\u00e1\u010dky. G\u00f3l sa im v\u0161ak streli\u0165 nepodarilo a&nbsp;naopak, Bratislav\u010danky spe\u010datili svoj triumf v&nbsp;78. min\u00fate druh\u00fdm presn\u00fdm z\u00e1sahom.<\/p>\n\n\n\n<p><strong>FCST WA: <\/strong>Kr\u00e1likov\u00e1 \u2013 Randov\u00e1, \u010ceriov\u00e1 (C), Serv\u00e1tkov\u00e1, Mudr\u00e1kov\u00e1, Marti\u0161kov\u00e1, Hankov\u00e1 (73. Ty\u010diakov\u00e1), \u017digov\u00e1, Bederkov\u00e1 (58. Slukov\u00e1), Tonkovi\u010dov\u00e1, Horv\u00e1thov\u00e1 (80. Belicov\u00e1)<\/p>\n\n\n\n<p><strong>Peter Kore\u0148: \u201eOdohrali sme \u010fal\u0161\u00ed \u0165a\u017ek\u00fd ligov\u00fd z\u00e1pas. Op\u00e4\u0165 n\u00e1m odokryl ve\u013ek\u00fd priestor, kde sa d\u00e1 n\u00e1\u0161 hern\u00fd prejav zlep\u0161ova\u0165. Op\u00e4\u0165 sme inkasovali na za\u010diatku z\u00e1pasu, tentokr\u00e1t u\u017e v&nbsp;druhej min\u00fate z&nbsp;prv\u00e9ho rohu s\u00fapera. Nepolo\u017eilo n\u00e1s to a&nbsp;po zvy\u0161ok prv\u00e9ho dejstva sme boli lep\u0161\u00edm t\u00edmom. Urobili sme ve\u013ek\u00e9 mno\u017estvo drobn\u00fdch ch\u00fdb, ktor\u00e9 n\u00e1s v&nbsp;kone\u010dnom s\u00fa\u010dte st\u00e1li dobr\u00fd v\u00fdsledok. Po jednej z&nbsp;nich sme inkasovali aj druh\u00fd g\u00f3l, ktor\u00fd v&nbsp;podstate duel uzavrel.\u201c<\/strong><\/p>\n\n\n\n<figure class=\"wp-block-image size-large\"><img loading=\"lazy\" decoding=\"async\" width=\"1024\" height=\"668\" src=\"https:\/\/fcspartaktrnava.com\/wp-content\/uploads\/2023\/03\/DSC_2635-1024x668.jpg\" alt=\"\" class=\"wp-image-6053\" srcset=\"https:\/\/fcspartaktrnava.com\/wp-content\/uploads\/2023\/03\/DSC_2635-1024x668.jpg 1024w, https:\/\/fcspartaktrnava.com\/wp-content\/uploads\/2023\/03\/DSC_2635-300x196.jpg 300w, https:\/\/fcspartaktrnava.com\/wp-content\/uploads\/2023\/03\/DSC_2635-768x501.jpg 768w, https:\/\/fcspartaktrnava.com\/wp-content\/uploads\/2023\/03\/DSC_2635-1536x1003.jpg 1536w, https:\/\/fcspartaktrnava.com\/wp-content\/uploads\/2023\/03\/DSC_2635-2048x1337.jpg 2048w, https:\/\/fcspartaktrnava.com\/wp-content\/uploads\/2023\/03\/DSC_2635-18x12.jpg 18w\" sizes=\"auto, (max-width: 1024px) 100vw, 1024px\" \/><figcaption class=\"wp-element-caption\"><strong>\u00a9 \u013dubom\u00edr Hor\u0148\u00e1k<\/strong><\/figcaption><\/figure>\n\n\n\n<p><strong>FC Spartak Myjava WU19 \u2013 FC Spartak Trnava WU19 1:0 (1:0)<\/strong><\/p>\n\n\n\n<p>V&nbsp;priamom s\u00faboji o&nbsp;prv\u00e9 miesto \u0165ahali na\u0161e dorastenky za krat\u0161\u00ed koniec. O&nbsp;osude z\u00e1pasu rozhodli dom\u00e1ce jedin\u00fdm presn\u00fdm z\u00e1sahom kr\u00e1tko po polhodine hry.<\/p>\n\n\n\n<p><strong>FCST WU19: <\/strong>Kr\u00e1likov\u00e1 \u2013 Kone\u010dn\u00e1 (70. Obuchov\u00e1), \u017digov\u00e1, Horv\u00e1thov\u00e1, Belicov\u00e1, Trajl\u00ednkov\u00e1 (C), Marti\u0161kov\u00e1, Tonkovi\u010dov\u00e1, Eckerov\u00e1 (40. Bederkov\u00e1), G\u00e1likov\u00e1 (57. Pola\u010dkov\u00e1), Cedulov\u00e1 (70. Vo\u0161\u010din\u00e1rov\u00e1)<\/p>\n\n\n\n<p><strong>Matej Chocina: \u201eDo z\u00e1pasu sme vst\u00fapili ve\u013emi akt\u00edvne a&nbsp;sna\u017eili sme sa hrozi\u0165 najm\u00e4 po r\u00fdchlom prechode do \u00fatoku. Do konca pol\u010dasu sme prebrali iniciat\u00edvu a&nbsp;vytvorili sme si 3-4 s\u013eubn\u00e9 pr\u00edle\u017eitosti na g\u00f3l. Bohu\u017eia\u013e sme nedok\u00e1zali na\u0161e \u0161ance pretavi\u0165 do g\u00f3lu, \u010do n\u00e1s nesk\u00f4r mrzelo, ke\u010f s\u00faper sk\u00f3roval po te\u010dovanej strele spoza pokutov\u00e9ho \u00fazemia. Do druh\u00e9ho pol\u010dasu sme op\u00e4\u0165 vst\u00fapili akt\u00edvne, s\u00fapera sme zatla\u010dili v&nbsp;jeho pokutovom \u00fazem\u00ed, av\u0161ak na na\u0161u smolu sme op\u00e4\u0165 nedok\u00e1zali pretavi\u0165 na\u0161u aktivitu na g\u00f3l. Diev\u010dat\u00e1 mus\u00edm pochv\u00e1li\u0165 za pr\u00edstup k&nbsp;z\u00e1pasu, kde svojou aktivitou a&nbsp;nasaden\u00edm s\u00faperovi ni\u010d nedarovali a&nbsp;z\u00e1pas odmakali a\u017e do z\u00e1vere\u010dn\u00e9ho hvizdu. Mrz\u00ed n\u00e1s jedine to, \u017ee sme nedok\u00e1zali sk\u00f3rova\u0165 a&nbsp;t\u00fdm p\u00e1dom z\u00edska\u0165 aspo\u0148 jeden bod, av\u0161ak do bud\u00faco t\u00fd\u017ed\u0148ov\u00e9ho derby proti Slovanu vn\u00edmam tento z\u00e1pas ako pozit\u00edvny impulz.\u201c<\/strong><\/p>\n\n\n\n<p><strong>FC Spartak Myjava WU15 \u2013 FC Spartak Trnava WU15 0:6 (0:5)<\/strong><\/p>\n\n\n\n<p>Rovnako o&nbsp;\u0161picu tabu\u013eky hrali na Myjave aj \u017eia\u010dky. V&nbsp;tomto pr\u00edpade vzi\u0161iel zo z\u00e1pasu \u00faspe\u0161nej\u0161ie Spartak z&nbsp;Trnavy. Na\u0161e diev\u010dat\u00e1 nastrie\u013eali poltucet g\u00f3lov, z&nbsp;toho a\u017e p\u00e4\u0165 u\u017e v&nbsp;prvom dejstve.<\/p>\n\n\n\n<p><strong>FCST WU15: <\/strong>Pre\u0161insk\u00e1 \u2013 Volekov\u00e1, Stankov\u00e1, Reh\u00e1kov\u00e1, Vej\u010d\u00edkov\u00e1, Kri\u0161tofiakov\u00e1, Amrichov\u00e1, Tan\u010dokov\u00e1, Pek\u00e1rov\u00e1 (C), Hal\u00e1sov\u00e1, Sucho\u0148ov\u00e1, Geschwandtnerov\u00e1, Horv\u00e1thov\u00e1, Vl\u010dkov\u00e1, Hudecov\u00e1, Tankov\u00e1, Kr\u00e1likov\u00e1, Vlkov\u00e1<\/p>\n\n\n\n<p><strong>Goals: <\/strong>5. Sucho\u0148ov\u00e1, 11. Tan\u010dokov\u00e1, 17. Reh\u00e1kov\u00e1, 21. Tankov\u00e1, 29. a&nbsp;67. Pek\u00e1rov\u00e1<\/p>\n\n\n\n<p><strong>R\u00f3bert Halada: \u201eHne\u010f v&nbsp;druhom jarnom kole nast\u00fapili diev\u010dat\u00e1 na ve\u013emi d\u00f4le\u017eit\u00fd z\u00e1pas na ihrisku ved\u00facej Myjavy. Diev\u010dat\u00e1 chceli potvrdi\u0165 ve\u013emi dobr\u00e9 v\u00fdsledky v&nbsp;pr\u00edprave a&nbsp;svedomito sa na tento s\u00faboj pripravovali. Celkovo bola c\u00edti\u0165 v\u00e4\u010d\u0161ia nervozita, ale aj zodpovednos\u0165 a&nbsp;re\u0161pekt zo s\u00fapera. Prv\u00fd pol\u010das predviedli diev\u010dat\u00e1 svoju hru, dost\u00e1vali sa za obranu s\u00fapera kolm\u00fdmi prihr\u00e1vkami a&nbsp;tie\u017e sa sna\u017eili prenika\u0165 cez kr\u00eddeln\u00e9 priestory. Prv\u00e9 g\u00f3ly vsietili po strel\u00e1ch z&nbsp;dia\u013eky a&nbsp;ostatn\u00e9 pridali zvn\u00fatra \u0161estn\u00e1stky. Pohodln\u00fd n\u00e1skok z&nbsp;prv\u00e9ho pol\u010dasu sa v&nbsp;tom druhom nepodarilo nav\u00fd\u0161i\u0165 o&nbsp;viac g\u00f3lov. S\u00faper prehustil stred ihriska a&nbsp;hr\u00e1\u010dky prestali vyu\u017e\u00edva\u0165 \u0161\u00edrku a&nbsp;ot\u00e1\u010danie hry. Diev\u010dat\u00e1m \u010fakujeme za predveden\u00fd v\u00fdkon a&nbsp;posun na prv\u00e9 miesto v&nbsp;tabu\u013eke.\u201c<\/strong><\/p>","protected":false},"excerpt":{"rendered":"<p>AS Tren\u010d\u00edn U19 \u2013 FC Spartak Trnava U19&#8230;<\/p>","protected":false},"author":2,"featured_media":6054,"comment_status":"closed","ping_status":"closed","sticky":false,"template":"","format":"standard","meta":{"footnotes":""},"categories":[52,12],"tags":[53],"class_list":["post-6051","post","type-post","status-publish","format-standard","has-post-thumbnail","hentry","category-mladez","category-spravy","tag-mladez","post-number-1"],"yoast_head":"<!-- This site is optimized with the Yoast SEO plugin v27.1.1 - https:\/\/yoast.com\/product\/yoast-seo-wordpress\/ -->\n<title>V\u00ed\u0165azstvo s\u00a0l\u00eddrom, dotiahnutie sa na \u0161picu tabu\u013eky \u010di vysok\u00e9 triumfy. Aj tak vyzeral \u010fal\u0161\u00ed \u00faspe\u0161n\u00fd v\u00edkend na\u0161ej ml\u00e1de\u017ee - FC Spartak Trnava<\/title>\n<meta name=\"robots\" content=\"index, follow, max-snippet:-1, max-image-preview:large, max-video-preview:-1\" \/>\n<link rel=\"canonical\" href=\"https:\/\/fcspartaktrnava.com\/en\/vitazstvo-s-lidrom-dotiahnutie-sa-na-spicu-tabulky-ci-vysoke-triumfy-aj-tak-vyzeral-dalsi-uspesny-vikend-nasej-mladeze\/\" \/>\n<meta name=\"twitter:label1\" content=\"Written by\" \/>\n\t<meta name=\"twitter:data1\" content=\"spartak\" \/>\n<script type=\"application\/ld+json\" class=\"yoast-schema-graph\">{\"@context\":\"https:\/\/schema.org\",\"@graph\":[{\"@type\":\"Article\",\"@id\":\"https:\/\/fcspartaktrnava.com\/vitazstvo-s-lidrom-dotiahnutie-sa-na-spicu-tabulky-ci-vysoke-triumfy-aj-tak-vyzeral-dalsi-uspesny-vikend-nasej-mladeze\/#article\",\"isPartOf\":{\"@id\":\"https:\/\/fcspartaktrnava.com\/vitazstvo-s-lidrom-dotiahnutie-sa-na-spicu-tabulky-ci-vysoke-triumfy-aj-tak-vyzeral-dalsi-uspesny-vikend-nasej-mladeze\/\"},\"author\":{\"name\":\"spartak\",\"@id\":\"https:\/\/fcspartaktrnava.com\/#\/schema\/person\/24bc5b254af14f71d7d8af178790aa75\"},\"headline\":\"V\u00ed\u0165azstvo s\u00a0l\u00eddrom, dotiahnutie sa na \u0161picu tabu\u013eky \u010di vysok\u00e9 triumfy. Aj tak vyzeral \u010fal\u0161\u00ed \u00faspe\u0161n\u00fd v\u00edkend na\u0161ej ml\u00e1de\u017ee\",\"datePublished\":\"2023-03-05T20:51:15+00:00\",\"dateModified\":\"2023-03-05T20:59:03+00:00\",\"mainEntityOfPage\":{\"@id\":\"https:\/\/fcspartaktrnava.com\/vitazstvo-s-lidrom-dotiahnutie-sa-na-spicu-tabulky-ci-vysoke-triumfy-aj-tak-vyzeral-dalsi-uspesny-vikend-nasej-mladeze\/\"},\"wordCount\":2287,\"publisher\":{\"@id\":\"https:\/\/fcspartaktrnava.com\/#organization\"},\"image\":{\"@id\":\"https:\/\/fcspartaktrnava.com\/vitazstvo-s-lidrom-dotiahnutie-sa-na-spicu-tabulky-ci-vysoke-triumfy-aj-tak-vyzeral-dalsi-uspesny-vikend-nasej-mladeze\/#primaryimage\"},\"thumbnailUrl\":\"https:\/\/fcspartaktrnava.com\/wp-content\/uploads\/2023\/03\/DSC00556-scaled.jpg\",\"keywords\":[\"ml\u00e1de\u017e\"],\"articleSection\":[\"Ml\u00e1de\u017e\",\"Spr\u00e1vy\"],\"inLanguage\":\"en-GB\"},{\"@type\":\"WebPage\",\"@id\":\"https:\/\/fcspartaktrnava.com\/vitazstvo-s-lidrom-dotiahnutie-sa-na-spicu-tabulky-ci-vysoke-triumfy-aj-tak-vyzeral-dalsi-uspesny-vikend-nasej-mladeze\/\",\"url\":\"https:\/\/fcspartaktrnava.com\/vitazstvo-s-lidrom-dotiahnutie-sa-na-spicu-tabulky-ci-vysoke-triumfy-aj-tak-vyzeral-dalsi-uspesny-vikend-nasej-mladeze\/\",\"name\":\"V\u00ed\u0165azstvo s\u00a0l\u00eddrom, dotiahnutie sa na \u0161picu tabu\u013eky \u010di vysok\u00e9 triumfy. Aj tak vyzeral \u010fal\u0161\u00ed \u00faspe\u0161n\u00fd v\u00edkend na\u0161ej ml\u00e1de\u017ee - FC Spartak Trnava\",\"isPartOf\":{\"@id\":\"https:\/\/fcspartaktrnava.com\/#website\"},\"primaryImageOfPage\":{\"@id\":\"https:\/\/fcspartaktrnava.com\/vitazstvo-s-lidrom-dotiahnutie-sa-na-spicu-tabulky-ci-vysoke-triumfy-aj-tak-vyzeral-dalsi-uspesny-vikend-nasej-mladeze\/#primaryimage\"},\"image\":{\"@id\":\"https:\/\/fcspartaktrnava.com\/vitazstvo-s-lidrom-dotiahnutie-sa-na-spicu-tabulky-ci-vysoke-triumfy-aj-tak-vyzeral-dalsi-uspesny-vikend-nasej-mladeze\/#primaryimage\"},\"thumbnailUrl\":\"https:\/\/fcspartaktrnava.com\/wp-content\/uploads\/2023\/03\/DSC00556-scaled.jpg\",\"datePublished\":\"2023-03-05T20:51:15+00:00\",\"dateModified\":\"2023-03-05T20:59:03+00:00\",\"breadcrumb\":{\"@id\":\"https:\/\/fcspartaktrnava.com\/vitazstvo-s-lidrom-dotiahnutie-sa-na-spicu-tabulky-ci-vysoke-triumfy-aj-tak-vyzeral-dalsi-uspesny-vikend-nasej-mladeze\/#breadcrumb\"},\"inLanguage\":\"en-GB\",\"potentialAction\":[{\"@type\":\"ReadAction\",\"target\":[\"https:\/\/fcspartaktrnava.com\/vitazstvo-s-lidrom-dotiahnutie-sa-na-spicu-tabulky-ci-vysoke-triumfy-aj-tak-vyzeral-dalsi-uspesny-vikend-nasej-mladeze\/\"]}]},{\"@type\":\"ImageObject\",\"inLanguage\":\"en-GB\",\"@id\":\"https:\/\/fcspartaktrnava.com\/vitazstvo-s-lidrom-dotiahnutie-sa-na-spicu-tabulky-ci-vysoke-triumfy-aj-tak-vyzeral-dalsi-uspesny-vikend-nasej-mladeze\/#primaryimage\",\"url\":\"https:\/\/fcspartaktrnava.com\/wp-content\/uploads\/2023\/03\/DSC00556-scaled.jpg\",\"contentUrl\":\"https:\/\/fcspartaktrnava.com\/wp-content\/uploads\/2023\/03\/DSC00556-scaled.jpg\",\"width\":2560,\"height\":1440},{\"@type\":\"BreadcrumbList\",\"@id\":\"https:\/\/fcspartaktrnava.com\/vitazstvo-s-lidrom-dotiahnutie-sa-na-spicu-tabulky-ci-vysoke-triumfy-aj-tak-vyzeral-dalsi-uspesny-vikend-nasej-mladeze\/#breadcrumb\",\"itemListElement\":[{\"@type\":\"ListItem\",\"position\":1,\"name\":\"Home\",\"item\":\"https:\/\/fcspartaktrnava.com\/\"},{\"@type\":\"ListItem\",\"position\":2,\"name\":\"V\u00ed\u0165azstvo s\u00a0l\u00eddrom, dotiahnutie sa na \u0161picu tabu\u013eky \u010di vysok\u00e9 triumfy. Aj tak vyzeral \u010fal\u0161\u00ed \u00faspe\u0161n\u00fd v\u00edkend na\u0161ej ml\u00e1de\u017ee\"}]},{\"@type\":\"WebSite\",\"@id\":\"https:\/\/fcspartaktrnava.com\/#website\",\"url\":\"https:\/\/fcspartaktrnava.com\/\",\"name\":\"FC Spartak Trnava\",\"description\":\"ofici\u00e1lna webstr\u00e1nka futbalov\u00e9ho klubu\",\"publisher\":{\"@id\":\"https:\/\/fcspartaktrnava.com\/#organization\"},\"potentialAction\":[{\"@type\":\"SearchAction\",\"target\":{\"@type\":\"EntryPoint\",\"urlTemplate\":\"https:\/\/fcspartaktrnava.com\/?s={search_term_string}\"},\"query-input\":{\"@type\":\"PropertyValueSpecification\",\"valueRequired\":true,\"valueName\":\"search_term_string\"}}],\"inLanguage\":\"en-GB\"},{\"@type\":\"Organization\",\"@id\":\"https:\/\/fcspartaktrnava.com\/#organization\",\"name\":\"FC Spartak Trnava\",\"alternateName\":\"Spartak\",\"url\":\"https:\/\/fcspartaktrnava.com\/\",\"logo\":{\"@type\":\"ImageObject\",\"inLanguage\":\"en-GB\",\"@id\":\"https:\/\/fcspartaktrnava.com\/#\/schema\/logo\/image\/\",\"url\":\"https:\/\/fcspartaktrnava.com\/wp-content\/uploads\/2022\/08\/cropped-site_logo.png\",\"contentUrl\":\"https:\/\/fcspartaktrnava.com\/wp-content\/uploads\/2022\/08\/cropped-site_logo.png\",\"width\":140,\"height\":140,\"caption\":\"FC Spartak Trnava\"},\"image\":{\"@id\":\"https:\/\/fcspartaktrnava.com\/#\/schema\/logo\/image\/\"},\"sameAs\":[\"https:\/\/www.facebook.com\/SpartakTrnava\",\"https:\/\/x.com\/SpartakTrnava1\",\"https:\/\/www.instagram.com\/spartak_sk\/\"]},{\"@type\":\"Person\",\"@id\":\"https:\/\/fcspartaktrnava.com\/#\/schema\/person\/24bc5b254af14f71d7d8af178790aa75\",\"name\":\"spartak\",\"image\":{\"@type\":\"ImageObject\",\"inLanguage\":\"en-GB\",\"@id\":\"https:\/\/fcspartaktrnava.com\/#\/schema\/person\/image\/\",\"url\":\"https:\/\/secure.gravatar.com\/avatar\/f8ff8584f3fcf3909a11a6da9019f37749183b4015bca14e64556c52614cdc7f?s=96&d=mm&r=g\",\"contentUrl\":\"https:\/\/secure.gravatar.com\/avatar\/f8ff8584f3fcf3909a11a6da9019f37749183b4015bca14e64556c52614cdc7f?s=96&d=mm&r=g\",\"caption\":\"spartak\"},\"url\":\"https:\/\/fcspartaktrnava.com\/en\/author\/spartak\/\"}]}<\/script>\n<!-- \/ Yoast SEO plugin. -->","yoast_head_json":{"title":"V\u00ed\u0165azstvo s\u00a0l\u00eddrom, dotiahnutie sa na \u0161picu tabu\u013eky \u010di vysok\u00e9 triumfy. Aj tak vyzeral \u010fal\u0161\u00ed \u00faspe\u0161n\u00fd v\u00edkend na\u0161ej ml\u00e1de\u017ee - FC Spartak Trnava","robots":{"index":"index","follow":"follow","max-snippet":"max-snippet:-1","max-image-preview":"max-image-preview:large","max-video-preview":"max-video-preview:-1"},"canonical":"https:\/\/fcspartaktrnava.com\/en\/vitazstvo-s-lidrom-dotiahnutie-sa-na-spicu-tabulky-ci-vysoke-triumfy-aj-tak-vyzeral-dalsi-uspesny-vikend-nasej-mladeze\/","twitter_misc":{"Written by":"spartak"},"schema":{"@context":"https:\/\/schema.org","@graph":[{"@type":"Article","@id":"https:\/\/fcspartaktrnava.com\/vitazstvo-s-lidrom-dotiahnutie-sa-na-spicu-tabulky-ci-vysoke-triumfy-aj-tak-vyzeral-dalsi-uspesny-vikend-nasej-mladeze\/#article","isPartOf":{"@id":"https:\/\/fcspartaktrnava.com\/vitazstvo-s-lidrom-dotiahnutie-sa-na-spicu-tabulky-ci-vysoke-triumfy-aj-tak-vyzeral-dalsi-uspesny-vikend-nasej-mladeze\/"},"author":{"name":"spartak","@id":"https:\/\/fcspartaktrnava.com\/#\/schema\/person\/24bc5b254af14f71d7d8af178790aa75"},"headline":"V\u00ed\u0165azstvo s\u00a0l\u00eddrom, dotiahnutie sa na \u0161picu tabu\u013eky \u010di vysok\u00e9 triumfy. Aj tak vyzeral \u010fal\u0161\u00ed \u00faspe\u0161n\u00fd v\u00edkend na\u0161ej ml\u00e1de\u017ee","datePublished":"2023-03-05T20:51:15+00:00","dateModified":"2023-03-05T20:59:03+00:00","mainEntityOfPage":{"@id":"https:\/\/fcspartaktrnava.com\/vitazstvo-s-lidrom-dotiahnutie-sa-na-spicu-tabulky-ci-vysoke-triumfy-aj-tak-vyzeral-dalsi-uspesny-vikend-nasej-mladeze\/"},"wordCount":2287,"publisher":{"@id":"https:\/\/fcspartaktrnava.com\/#organization"},"image":{"@id":"https:\/\/fcspartaktrnava.com\/vitazstvo-s-lidrom-dotiahnutie-sa-na-spicu-tabulky-ci-vysoke-triumfy-aj-tak-vyzeral-dalsi-uspesny-vikend-nasej-mladeze\/#primaryimage"},"thumbnailUrl":"https:\/\/fcspartaktrnava.com\/wp-content\/uploads\/2023\/03\/DSC00556-scaled.jpg","keywords":["ml\u00e1de\u017e"],"articleSection":["Ml\u00e1de\u017e","Spr\u00e1vy"],"inLanguage":"en-GB"},{"@type":"WebPage","@id":"https:\/\/fcspartaktrnava.com\/vitazstvo-s-lidrom-dotiahnutie-sa-na-spicu-tabulky-ci-vysoke-triumfy-aj-tak-vyzeral-dalsi-uspesny-vikend-nasej-mladeze\/","url":"https:\/\/fcspartaktrnava.com\/vitazstvo-s-lidrom-dotiahnutie-sa-na-spicu-tabulky-ci-vysoke-triumfy-aj-tak-vyzeral-dalsi-uspesny-vikend-nasej-mladeze\/","name":"V\u00ed\u0165azstvo s\u00a0l\u00eddrom, dotiahnutie sa na \u0161picu tabu\u013eky \u010di vysok\u00e9 triumfy. Aj tak vyzeral \u010fal\u0161\u00ed \u00faspe\u0161n\u00fd v\u00edkend na\u0161ej ml\u00e1de\u017ee - FC Spartak Trnava","isPartOf":{"@id":"https:\/\/fcspartaktrnava.com\/#website"},"primaryImageOfPage":{"@id":"https:\/\/fcspartaktrnava.com\/vitazstvo-s-lidrom-dotiahnutie-sa-na-spicu-tabulky-ci-vysoke-triumfy-aj-tak-vyzeral-dalsi-uspesny-vikend-nasej-mladeze\/#primaryimage"},"image":{"@id":"https:\/\/fcspartaktrnava.com\/vitazstvo-s-lidrom-dotiahnutie-sa-na-spicu-tabulky-ci-vysoke-triumfy-aj-tak-vyzeral-dalsi-uspesny-vikend-nasej-mladeze\/#primaryimage"},"thumbnailUrl":"https:\/\/fcspartaktrnava.com\/wp-content\/uploads\/2023\/03\/DSC00556-scaled.jpg","datePublished":"2023-03-05T20:51:15+00:00","dateModified":"2023-03-05T20:59:03+00:00","breadcrumb":{"@id":"https:\/\/fcspartaktrnava.com\/vitazstvo-s-lidrom-dotiahnutie-sa-na-spicu-tabulky-ci-vysoke-triumfy-aj-tak-vyzeral-dalsi-uspesny-vikend-nasej-mladeze\/#breadcrumb"},"inLanguage":"en-GB","potentialAction":[{"@type":"ReadAction","target":["https:\/\/fcspartaktrnava.com\/vitazstvo-s-lidrom-dotiahnutie-sa-na-spicu-tabulky-ci-vysoke-triumfy-aj-tak-vyzeral-dalsi-uspesny-vikend-nasej-mladeze\/"]}]},{"@type":"ImageObject","inLanguage":"en-GB","@id":"https:\/\/fcspartaktrnava.com\/vitazstvo-s-lidrom-dotiahnutie-sa-na-spicu-tabulky-ci-vysoke-triumfy-aj-tak-vyzeral-dalsi-uspesny-vikend-nasej-mladeze\/#primaryimage","url":"https:\/\/fcspartaktrnava.com\/wp-content\/uploads\/2023\/03\/DSC00556-scaled.jpg","contentUrl":"https:\/\/fcspartaktrnava.com\/wp-content\/uploads\/2023\/03\/DSC00556-scaled.jpg","width":2560,"height":1440},{"@type":"BreadcrumbList","@id":"https:\/\/fcspartaktrnava.com\/vitazstvo-s-lidrom-dotiahnutie-sa-na-spicu-tabulky-ci-vysoke-triumfy-aj-tak-vyzeral-dalsi-uspesny-vikend-nasej-mladeze\/#breadcrumb","itemListElement":[{"@type":"ListItem","position":1,"name":"Home","item":"https:\/\/fcspartaktrnava.com\/"},{"@type":"ListItem","position":2,"name":"V\u00ed\u0165azstvo s\u00a0l\u00eddrom, dotiahnutie sa na \u0161picu tabu\u013eky \u010di vysok\u00e9 triumfy. Aj tak vyzeral \u010fal\u0161\u00ed \u00faspe\u0161n\u00fd v\u00edkend na\u0161ej ml\u00e1de\u017ee"}]},{"@type":"WebSite","@id":"https:\/\/fcspartaktrnava.com\/#website","url":"https:\/\/fcspartaktrnava.com\/","name":"FC Spartak Trnava","description":"ofici\u00e1lna webstr\u00e1nka futbalov\u00e9ho klubu","publisher":{"@id":"https:\/\/fcspartaktrnava.com\/#organization"},"potentialAction":[{"@type":"SearchAction","target":{"@type":"EntryPoint","urlTemplate":"https:\/\/fcspartaktrnava.com\/?s={search_term_string}"},"query-input":{"@type":"PropertyValueSpecification","valueRequired":true,"valueName":"search_term_string"}}],"inLanguage":"en-GB"},{"@type":"Organization","@id":"https:\/\/fcspartaktrnava.com\/#organization","name":"FC Spartak Trnava","alternateName":"Spartak","url":"https:\/\/fcspartaktrnava.com\/","logo":{"@type":"ImageObject","inLanguage":"en-GB","@id":"https:\/\/fcspartaktrnava.com\/#\/schema\/logo\/image\/","url":"https:\/\/fcspartaktrnava.com\/wp-content\/uploads\/2022\/08\/cropped-site_logo.png","contentUrl":"https:\/\/fcspartaktrnava.com\/wp-content\/uploads\/2022\/08\/cropped-site_logo.png","width":140,"height":140,"caption":"FC Spartak Trnava"},"image":{"@id":"https:\/\/fcspartaktrnava.com\/#\/schema\/logo\/image\/"},"sameAs":["https:\/\/www.facebook.com\/SpartakTrnava","https:\/\/x.com\/SpartakTrnava1","https:\/\/www.instagram.com\/spartak_sk\/"]},{"@type":"Person","@id":"https:\/\/fcspartaktrnava.com\/#\/schema\/person\/24bc5b254af14f71d7d8af178790aa75","name":"spartak","image":{"@type":"ImageObject","inLanguage":"en-GB","@id":"https:\/\/fcspartaktrnava.com\/#\/schema\/person\/image\/","url":"https:\/\/secure.gravatar.com\/avatar\/f8ff8584f3fcf3909a11a6da9019f37749183b4015bca14e64556c52614cdc7f?s=96&d=mm&r=g","contentUrl":"https:\/\/secure.gravatar.com\/avatar\/f8ff8584f3fcf3909a11a6da9019f37749183b4015bca14e64556c52614cdc7f?s=96&d=mm&r=g","caption":"spartak"},"url":"https:\/\/fcspartaktrnava.com\/en\/author\/spartak\/"}]}},"_links":{"self":[{"href":"https:\/\/fcspartaktrnava.com\/en\/wp-json\/wp\/v2\/posts\/6051","targetHints":{"allow":["GET"]}}],"collection":[{"href":"https:\/\/fcspartaktrnava.com\/en\/wp-json\/wp\/v2\/posts"}],"about":[{"href":"https:\/\/fcspartaktrnava.com\/en\/wp-json\/wp\/v2\/types\/post"}],"author":[{"embeddable":true,"href":"https:\/\/fcspartaktrnava.com\/en\/wp-json\/wp\/v2\/users\/2"}],"replies":[{"embeddable":true,"href":"https:\/\/fcspartaktrnava.com\/en\/wp-json\/wp\/v2\/comments?post=6051"}],"version-history":[{"count":0,"href":"https:\/\/fcspartaktrnava.com\/en\/wp-json\/wp\/v2\/posts\/6051\/revisions"}],"wp:featuredmedia":[{"embeddable":true,"href":"https:\/\/fcspartaktrnava.com\/en\/wp-json\/wp\/v2\/media\/6054"}],"wp:attachment":[{"href":"https:\/\/fcspartaktrnava.com\/en\/wp-json\/wp\/v2\/media?parent=6051"}],"wp:term":[{"taxonomy":"category","embeddable":true,"href":"https:\/\/fcspartaktrnava.com\/en\/wp-json\/wp\/v2\/categories?post=6051"},{"taxonomy":"post_tag","embeddable":true,"href":"https:\/\/fcspartaktrnava.com\/en\/wp-json\/wp\/v2\/tags?post=6051"}],"curies":[{"name":"wp","href":"https:\/\/api.w.org\/{rel}","templated":true}]}}