{"id":6045,"date":"2023-03-05T09:05:12","date_gmt":"2023-03-05T09:05:12","guid":{"rendered":"https:\/\/fcspartaktrnava.com\/?p=6045"},"modified":"2023-03-05T09:05:13","modified_gmt":"2023-03-05T09:05:13","slug":"zlyhania-v-obrane-a-nepochopitelny-verdikt-rozhodcu","status":"publish","type":"post","link":"https:\/\/fcspartaktrnava.com\/en\/zlyhania-v-obrane-a-nepochopitelny-verdikt-rozhodcu\/","title":{"rendered":"Zlyhania v\u00a0obrane a\u00a0nepochopite\u013en\u00fd verdikt rozhodcu"},"content":{"rendered":"<p>Spartak nezakon\u010dil z\u00e1kladn\u00fa \u010das\u0165 v\u00f4bec dobre. Prehra v&nbsp;poslednom z\u00e1pase je o&nbsp;to bolestivej\u0161ia, \u017ee pri\u0161la na ihrisku odvek\u00e9ho rivala na Tehelnom poli. O&nbsp;v\u0161etkom rozhodol u\u017e prv\u00fd pol\u010das, ktor\u00fd spartakovci prehrali hladko 0:3.<\/p>\n\n\n\n<p>K\u00fdm v&nbsp;poli boli dom\u00e1cim e\u0161te ako tak vyrovnan\u00fdm s\u00faperom, tentoraz \u00faplne zhoreli v&nbsp;defenz\u00edve. Inkasovali hne\u010f z&nbsp;prvej \u0161ance Slovana a&nbsp;dovedna dostali tri g\u00f3ly zo \u0161tyroch \u0161anc\u00ed. Slovan len potvrdil fakt, \u017ee na jar s\u00fa v\u0161etci s\u00faperi proti Trnave v\u00fdnimo\u010dne efekt\u00edvni, a&nbsp;to u\u017e nie je n\u00e1hoda. Potom sa z\u00e1pasy vyhr\u00e1vaj\u00fa \u0165a\u017eko, obzvl\u00e1\u0161\u0165 proti mu\u017estv\u00e1m, ktor\u00e9 t\u00fa obranu maj\u00fa pevnej\u0161iu.<\/p>\n\n\n\n<p><strong><em>\u201eRozhodli momenty, na ktor\u00e9 sme sa chystali a&nbsp;vedeli sme, \u017ee ich Slovan m\u00e1 siln\u00e9. Pr\u00e1ve po nich sme dostali g\u00f3ly a&nbsp;prv\u00fd pol\u010das rozhodol o&nbsp;celom dian\u00ed z\u00e1pasu,\u201c<\/em><\/strong> povedal po z\u00e1pase Sebasti\u00e1n K\u00f3\u0161a, ktor\u00fd strelil jedin\u00fd g\u00f3l Spartaka v&nbsp;druhom pol\u010dase.<\/p>\n\n\n\n<p>Pr\u00e1ve on mohol vykresa\u0165 iskierku e\u0161te na konci prvej polovice, ke\u010f si dobre nabehol na center po rohu, ale zbl\u00edzka trafil hlavou len Chovana. \u0160koda, lebo dvojg\u00f3lov\u00e9 manko v\u00a0prest\u00e1vke by e\u0161te d\u00e1valo do obr\u00e1tky nejak\u00fa n\u00e1dej na zvrat. <strong><em>\u201eMuseli sme si v\u00a0pol\u010dase nalia\u0165 \u010dist\u00e9ho v\u00edna, \u017ee ten z\u00e1pas je pomaly rozhodnut\u00fd, ale neve\u0161ali sme hlavu. Druh\u00fd pol\u010das sme vybehli na ihrisko s\u00a0t\u00fdm, \u017ee ideme s\u00a0t\u00fdm sk\u00fasi\u0165 nie\u010do spravi\u0165. Celkom sa n\u00e1m to darilo, a\u017e do tej smolnej situ\u00e1cie, ktor\u00e1 definit\u00edvne uzavrela z\u00e1pas. Mrz\u00ed n\u00e1s to, lebo tento z\u00e1pas n\u00e1s mohol posun\u00fa\u0165 vy\u0161\u0161ie. M\u00e1me e\u0161te ve\u013ea z\u00e1pasov a\u00a0m\u00f4\u017eeme z\u00edska\u0165 ve\u013ea bodov.\u201c<\/em><\/strong><\/p>\n\n\n\n<figure class=\"wp-block-embed is-type-video is-provider-youtube wp-block-embed-youtube wp-embed-aspect-16-9 wp-has-aspect-ratio\"><div class=\"wp-block-embed__wrapper\">\n<iframe loading=\"lazy\" title=\"HIGHLIGHTS | \u0160K Slovan Bratislava vs. FC Spartak Trnava 4:1 (3:0)\" width=\"500\" height=\"281\" src=\"https:\/\/www.youtube.com\/embed\/kROLa21GxRU?feature=oembed\" frameborder=\"0\" allow=\"accelerometer; autoplay; clipboard-write; encrypted-media; gyroscope; picture-in-picture; web-share\" referrerpolicy=\"strict-origin-when-cross-origin\" allowfullscreen><\/iframe>\n<\/div><\/figure>\n\n\n\n<p>Aby toho nebolo m\u00e1lo, tak probl\u00e9my v&nbsp;defenz\u00edve sa e\u0161te preh\u013abia. Twardzik s\u00edce na Slovane nast\u00fapil, ale st\u00e1le m\u00e1 zlomen\u00fa ruku a&nbsp;mus\u00ed hra\u0165 s&nbsp;ort\u00e9zou. Mikovi\u010d z\u00e1pas nedohral a&nbsp;striedal e\u0161te v&nbsp;prvom pol\u010dase. Na tr\u00e9ningu sa zrazil so spoluhr\u00e1\u010dom a&nbsp;narazil si chrb\u00e1t. Do z\u00e1pasu nast\u00fapil, ale po jednom zo s\u00fabojov mu&nbsp;Medvedev chrb\u00e1t dorazil a&nbsp;musel dolu z&nbsp;ihriska. No a&nbsp;v&nbsp;z\u00e1vere videl \u010derven\u00fa kartu aj Kristi\u00e1n Ko\u0161trna. Ten, kto z\u00e1pas videl, zrejme doteraz nech\u00e1pe, za \u010do videl druh\u00fa \u017elt\u00fa kartu. Ak m\u00e1 by\u0165 toto d\u00f4vod na vyl\u00fa\u010denie a&nbsp;n\u00e1sledne na penaltu, tak by sa musela penalta kopa\u0165 asi po ka\u017edom rohu. To, \u017ee bol z\u00e1pas u\u017e zrejme rozhodnut\u00fd je jedna vec, ale demon\u0161trova\u0165 neschopnos\u0165 hlavn\u00e9ho rozhodcu zvl\u00e1dnu\u0165 najv\u00e1\u017enej\u0161\u00ed z\u00e1pas v&nbsp;na\u0161ej lige je vec druh\u00e1. A&nbsp;doplatil na to Ko\u0161trna \u00faplne zbyto\u010dnou stopkou.<\/p>\n\n\n\n<p>Liga m\u00e1 pred sebou e\u0161te najd\u00f4le\u017eitej\u0161iu tretinu a\u00a0v\u00a0nej sa Slovanom stretneme e\u0161te dva razy. Pr\u00edle\u017eitosti na od\u010dinenie teda pr\u00eddu u\u017e \u010doskoro. D\u00f4le\u017eit\u00e9 bude vst\u00fapi\u0165 do nadstavby najbli\u017e\u0161\u00edm v\u00ed\u0165azstvom u\u017e t\u00fato sobotu doma proti Podbrezovej a\u00a0rozdeli\u0165 horn\u00fa \u0161estku na dve polovice.<\/p>\n\n\n\n<figure class=\"wp-block-embed is-type-video is-provider-youtube wp-block-embed-youtube wp-embed-aspect-16-9 wp-has-aspect-ratio\"><div class=\"wp-block-embed__wrapper\">\n<iframe loading=\"lazy\" title=\"Sebasti\u00e1n K\u00f3\u0161a po z\u00e1pase so Slovanom\" width=\"500\" height=\"281\" src=\"https:\/\/www.youtube.com\/embed\/cOHEqZymxm8?feature=oembed\" frameborder=\"0\" allow=\"accelerometer; autoplay; clipboard-write; encrypted-media; gyroscope; picture-in-picture; web-share\" referrerpolicy=\"strict-origin-when-cross-origin\" allowfullscreen><\/iframe>\n<\/div><\/figure>\n\n\n\n<div class=\"wp-block-buttons is-layout-flex wp-block-buttons-is-layout-flex\">\n<div class=\"wp-block-button aligncenter is-style-fill\"><a class=\"wp-block-button__link has-white-color has-text-color has-background wp-element-button\" href=\"https:\/\/fcspartaktrnava.com\/en\/galerii\/22-kolo-sk-slovan-bratislava-vs-fc-spartak-trnava\/\" style=\"border-radius:0px;background-color:#d40133\" target=\"_blank\" rel=\"noreferrer noopener\">PHOTO GALLERY<\/a><\/div>\n<\/div>","protected":false},"excerpt":{"rendered":"<p>Spartak nezakon\u010dil z\u00e1kladn\u00fa \u010das\u0165 v\u00f4bec dobre. Prehra v&nbsp;poslednom&#8230;<\/p>","protected":false},"author":2,"featured_media":6029,"comment_status":"closed","ping_status":"closed","sticky":false,"template":"","format":"standard","meta":{"footnotes":""},"categories":[41],"tags":[],"class_list":["post-6045","post","type-post","status-publish","format-standard","has-post-thumbnail","hentry","category-intervju","post-number-1"],"yoast_head":"<!-- This site is optimized with the Yoast SEO plugin v27.1.1 - https:\/\/yoast.com\/product\/yoast-seo-wordpress\/ -->\n<title>Zlyhania v\u00a0obrane a\u00a0nepochopite\u013en\u00fd verdikt rozhodcu - FC Spartak Trnava<\/title>\n<meta name=\"robots\" content=\"index, follow, max-snippet:-1, max-image-preview:large, max-video-preview:-1\" \/>\n<link rel=\"canonical\" href=\"https:\/\/fcspartaktrnava.com\/en\/zlyhania-v-obrane-a-nepochopitelny-verdikt-rozhodcu\/\" \/>\n<meta name=\"twitter:label1\" content=\"Written by\" \/>\n\t<meta name=\"twitter:data1\" content=\"spartak\" \/>\n\t<meta name=\"twitter:label2\" content=\"Estimated reading time\" \/>\n\t<meta name=\"twitter:data2\" content=\"3 minutes\" \/>\n<script type=\"application\/ld+json\" class=\"yoast-schema-graph\">{\"@context\":\"https:\/\/schema.org\",\"@graph\":[{\"@type\":\"Article\",\"@id\":\"https:\/\/fcspartaktrnava.com\/zlyhania-v-obrane-a-nepochopitelny-verdikt-rozhodcu\/#article\",\"isPartOf\":{\"@id\":\"https:\/\/fcspartaktrnava.com\/zlyhania-v-obrane-a-nepochopitelny-verdikt-rozhodcu\/\"},\"author\":{\"name\":\"spartak\",\"@id\":\"https:\/\/fcspartaktrnava.com\/#\/schema\/person\/24bc5b254af14f71d7d8af178790aa75\"},\"headline\":\"Zlyhania v\u00a0obrane a\u00a0nepochopite\u013en\u00fd verdikt rozhodcu\",\"datePublished\":\"2023-03-05T09:05:12+00:00\",\"dateModified\":\"2023-03-05T09:05:13+00:00\",\"mainEntityOfPage\":{\"@id\":\"https:\/\/fcspartaktrnava.com\/zlyhania-v-obrane-a-nepochopitelny-verdikt-rozhodcu\/\"},\"wordCount\":597,\"publisher\":{\"@id\":\"https:\/\/fcspartaktrnava.com\/#organization\"},\"image\":{\"@id\":\"https:\/\/fcspartaktrnava.com\/zlyhania-v-obrane-a-nepochopitelny-verdikt-rozhodcu\/#primaryimage\"},\"thumbnailUrl\":\"https:\/\/fcspartaktrnava.com\/wp-content\/uploads\/2023\/03\/DSC_2490.jpg\",\"articleSection\":[\"Rozhovory\"],\"inLanguage\":\"en-GB\"},{\"@type\":\"WebPage\",\"@id\":\"https:\/\/fcspartaktrnava.com\/zlyhania-v-obrane-a-nepochopitelny-verdikt-rozhodcu\/\",\"url\":\"https:\/\/fcspartaktrnava.com\/zlyhania-v-obrane-a-nepochopitelny-verdikt-rozhodcu\/\",\"name\":\"Zlyhania v\u00a0obrane a\u00a0nepochopite\u013en\u00fd verdikt rozhodcu - FC Spartak Trnava\",\"isPartOf\":{\"@id\":\"https:\/\/fcspartaktrnava.com\/#website\"},\"primaryImageOfPage\":{\"@id\":\"https:\/\/fcspartaktrnava.com\/zlyhania-v-obrane-a-nepochopitelny-verdikt-rozhodcu\/#primaryimage\"},\"image\":{\"@id\":\"https:\/\/fcspartaktrnava.com\/zlyhania-v-obrane-a-nepochopitelny-verdikt-rozhodcu\/#primaryimage\"},\"thumbnailUrl\":\"https:\/\/fcspartaktrnava.com\/wp-content\/uploads\/2023\/03\/DSC_2490.jpg\",\"datePublished\":\"2023-03-05T09:05:12+00:00\",\"dateModified\":\"2023-03-05T09:05:13+00:00\",\"breadcrumb\":{\"@id\":\"https:\/\/fcspartaktrnava.com\/zlyhania-v-obrane-a-nepochopitelny-verdikt-rozhodcu\/#breadcrumb\"},\"inLanguage\":\"en-GB\",\"potentialAction\":[{\"@type\":\"ReadAction\",\"target\":[\"https:\/\/fcspartaktrnava.com\/zlyhania-v-obrane-a-nepochopitelny-verdikt-rozhodcu\/\"]}]},{\"@type\":\"ImageObject\",\"inLanguage\":\"en-GB\",\"@id\":\"https:\/\/fcspartaktrnava.com\/zlyhania-v-obrane-a-nepochopitelny-verdikt-rozhodcu\/#primaryimage\",\"url\":\"https:\/\/fcspartaktrnava.com\/wp-content\/uploads\/2023\/03\/DSC_2490.jpg\",\"contentUrl\":\"https:\/\/fcspartaktrnava.com\/wp-content\/uploads\/2023\/03\/DSC_2490.jpg\",\"width\":1500,\"height\":1000},{\"@type\":\"BreadcrumbList\",\"@id\":\"https:\/\/fcspartaktrnava.com\/zlyhania-v-obrane-a-nepochopitelny-verdikt-rozhodcu\/#breadcrumb\",\"itemListElement\":[{\"@type\":\"ListItem\",\"position\":1,\"name\":\"Home\",\"item\":\"https:\/\/fcspartaktrnava.com\/\"},{\"@type\":\"ListItem\",\"position\":2,\"name\":\"Zlyhania v\u00a0obrane a\u00a0nepochopite\u013en\u00fd verdikt rozhodcu\"}]},{\"@type\":\"WebSite\",\"@id\":\"https:\/\/fcspartaktrnava.com\/#website\",\"url\":\"https:\/\/fcspartaktrnava.com\/\",\"name\":\"FC Spartak Trnava\",\"description\":\"ofici\u00e1lna webstr\u00e1nka futbalov\u00e9ho klubu\",\"publisher\":{\"@id\":\"https:\/\/fcspartaktrnava.com\/#organization\"},\"potentialAction\":[{\"@type\":\"SearchAction\",\"target\":{\"@type\":\"EntryPoint\",\"urlTemplate\":\"https:\/\/fcspartaktrnava.com\/?s={search_term_string}\"},\"query-input\":{\"@type\":\"PropertyValueSpecification\",\"valueRequired\":true,\"valueName\":\"search_term_string\"}}],\"inLanguage\":\"en-GB\"},{\"@type\":\"Organization\",\"@id\":\"https:\/\/fcspartaktrnava.com\/#organization\",\"name\":\"FC Spartak Trnava\",\"alternateName\":\"Spartak\",\"url\":\"https:\/\/fcspartaktrnava.com\/\",\"logo\":{\"@type\":\"ImageObject\",\"inLanguage\":\"en-GB\",\"@id\":\"https:\/\/fcspartaktrnava.com\/#\/schema\/logo\/image\/\",\"url\":\"https:\/\/fcspartaktrnava.com\/wp-content\/uploads\/2022\/08\/cropped-site_logo.png\",\"contentUrl\":\"https:\/\/fcspartaktrnava.com\/wp-content\/uploads\/2022\/08\/cropped-site_logo.png\",\"width\":140,\"height\":140,\"caption\":\"FC Spartak Trnava\"},\"image\":{\"@id\":\"https:\/\/fcspartaktrnava.com\/#\/schema\/logo\/image\/\"},\"sameAs\":[\"https:\/\/www.facebook.com\/SpartakTrnava\",\"https:\/\/x.com\/SpartakTrnava1\",\"https:\/\/www.instagram.com\/spartak_sk\/\"]},{\"@type\":\"Person\",\"@id\":\"https:\/\/fcspartaktrnava.com\/#\/schema\/person\/24bc5b254af14f71d7d8af178790aa75\",\"name\":\"spartak\",\"image\":{\"@type\":\"ImageObject\",\"inLanguage\":\"en-GB\",\"@id\":\"https:\/\/fcspartaktrnava.com\/#\/schema\/person\/image\/\",\"url\":\"https:\/\/secure.gravatar.com\/avatar\/f8ff8584f3fcf3909a11a6da9019f37749183b4015bca14e64556c52614cdc7f?s=96&d=mm&r=g\",\"contentUrl\":\"https:\/\/secure.gravatar.com\/avatar\/f8ff8584f3fcf3909a11a6da9019f37749183b4015bca14e64556c52614cdc7f?s=96&d=mm&r=g\",\"caption\":\"spartak\"},\"url\":\"https:\/\/fcspartaktrnava.com\/en\/author\/spartak\/\"}]}<\/script>\n<!-- \/ Yoast SEO plugin. -->","yoast_head_json":{"title":"Zlyhania v\u00a0obrane a\u00a0nepochopite\u013en\u00fd verdikt rozhodcu - FC Spartak Trnava","robots":{"index":"index","follow":"follow","max-snippet":"max-snippet:-1","max-image-preview":"max-image-preview:large","max-video-preview":"max-video-preview:-1"},"canonical":"https:\/\/fcspartaktrnava.com\/en\/zlyhania-v-obrane-a-nepochopitelny-verdikt-rozhodcu\/","twitter_misc":{"Written by":"spartak","Estimated reading time":"3 minutes"},"schema":{"@context":"https:\/\/schema.org","@graph":[{"@type":"Article","@id":"https:\/\/fcspartaktrnava.com\/zlyhania-v-obrane-a-nepochopitelny-verdikt-rozhodcu\/#article","isPartOf":{"@id":"https:\/\/fcspartaktrnava.com\/zlyhania-v-obrane-a-nepochopitelny-verdikt-rozhodcu\/"},"author":{"name":"spartak","@id":"https:\/\/fcspartaktrnava.com\/#\/schema\/person\/24bc5b254af14f71d7d8af178790aa75"},"headline":"Zlyhania v\u00a0obrane a\u00a0nepochopite\u013en\u00fd verdikt rozhodcu","datePublished":"2023-03-05T09:05:12+00:00","dateModified":"2023-03-05T09:05:13+00:00","mainEntityOfPage":{"@id":"https:\/\/fcspartaktrnava.com\/zlyhania-v-obrane-a-nepochopitelny-verdikt-rozhodcu\/"},"wordCount":597,"publisher":{"@id":"https:\/\/fcspartaktrnava.com\/#organization"},"image":{"@id":"https:\/\/fcspartaktrnava.com\/zlyhania-v-obrane-a-nepochopitelny-verdikt-rozhodcu\/#primaryimage"},"thumbnailUrl":"https:\/\/fcspartaktrnava.com\/wp-content\/uploads\/2023\/03\/DSC_2490.jpg","articleSection":["Rozhovory"],"inLanguage":"en-GB"},{"@type":"WebPage","@id":"https:\/\/fcspartaktrnava.com\/zlyhania-v-obrane-a-nepochopitelny-verdikt-rozhodcu\/","url":"https:\/\/fcspartaktrnava.com\/zlyhania-v-obrane-a-nepochopitelny-verdikt-rozhodcu\/","name":"Zlyhania v\u00a0obrane a\u00a0nepochopite\u013en\u00fd verdikt rozhodcu - FC Spartak Trnava","isPartOf":{"@id":"https:\/\/fcspartaktrnava.com\/#website"},"primaryImageOfPage":{"@id":"https:\/\/fcspartaktrnava.com\/zlyhania-v-obrane-a-nepochopitelny-verdikt-rozhodcu\/#primaryimage"},"image":{"@id":"https:\/\/fcspartaktrnava.com\/zlyhania-v-obrane-a-nepochopitelny-verdikt-rozhodcu\/#primaryimage"},"thumbnailUrl":"https:\/\/fcspartaktrnava.com\/wp-content\/uploads\/2023\/03\/DSC_2490.jpg","datePublished":"2023-03-05T09:05:12+00:00","dateModified":"2023-03-05T09:05:13+00:00","breadcrumb":{"@id":"https:\/\/fcspartaktrnava.com\/zlyhania-v-obrane-a-nepochopitelny-verdikt-rozhodcu\/#breadcrumb"},"inLanguage":"en-GB","potentialAction":[{"@type":"ReadAction","target":["https:\/\/fcspartaktrnava.com\/zlyhania-v-obrane-a-nepochopitelny-verdikt-rozhodcu\/"]}]},{"@type":"ImageObject","inLanguage":"en-GB","@id":"https:\/\/fcspartaktrnava.com\/zlyhania-v-obrane-a-nepochopitelny-verdikt-rozhodcu\/#primaryimage","url":"https:\/\/fcspartaktrnava.com\/wp-content\/uploads\/2023\/03\/DSC_2490.jpg","contentUrl":"https:\/\/fcspartaktrnava.com\/wp-content\/uploads\/2023\/03\/DSC_2490.jpg","width":1500,"height":1000},{"@type":"BreadcrumbList","@id":"https:\/\/fcspartaktrnava.com\/zlyhania-v-obrane-a-nepochopitelny-verdikt-rozhodcu\/#breadcrumb","itemListElement":[{"@type":"ListItem","position":1,"name":"Home","item":"https:\/\/fcspartaktrnava.com\/"},{"@type":"ListItem","position":2,"name":"Zlyhania v\u00a0obrane a\u00a0nepochopite\u013en\u00fd verdikt rozhodcu"}]},{"@type":"WebSite","@id":"https:\/\/fcspartaktrnava.com\/#website","url":"https:\/\/fcspartaktrnava.com\/","name":"FC Spartak Trnava","description":"ofici\u00e1lna webstr\u00e1nka futbalov\u00e9ho klubu","publisher":{"@id":"https:\/\/fcspartaktrnava.com\/#organization"},"potentialAction":[{"@type":"SearchAction","target":{"@type":"EntryPoint","urlTemplate":"https:\/\/fcspartaktrnava.com\/?s={search_term_string}"},"query-input":{"@type":"PropertyValueSpecification","valueRequired":true,"valueName":"search_term_string"}}],"inLanguage":"en-GB"},{"@type":"Organization","@id":"https:\/\/fcspartaktrnava.com\/#organization","name":"FC Spartak Trnava","alternateName":"Spartak","url":"https:\/\/fcspartaktrnava.com\/","logo":{"@type":"ImageObject","inLanguage":"en-GB","@id":"https:\/\/fcspartaktrnava.com\/#\/schema\/logo\/image\/","url":"https:\/\/fcspartaktrnava.com\/wp-content\/uploads\/2022\/08\/cropped-site_logo.png","contentUrl":"https:\/\/fcspartaktrnava.com\/wp-content\/uploads\/2022\/08\/cropped-site_logo.png","width":140,"height":140,"caption":"FC Spartak Trnava"},"image":{"@id":"https:\/\/fcspartaktrnava.com\/#\/schema\/logo\/image\/"},"sameAs":["https:\/\/www.facebook.com\/SpartakTrnava","https:\/\/x.com\/SpartakTrnava1","https:\/\/www.instagram.com\/spartak_sk\/"]},{"@type":"Person","@id":"https:\/\/fcspartaktrnava.com\/#\/schema\/person\/24bc5b254af14f71d7d8af178790aa75","name":"spartak","image":{"@type":"ImageObject","inLanguage":"en-GB","@id":"https:\/\/fcspartaktrnava.com\/#\/schema\/person\/image\/","url":"https:\/\/secure.gravatar.com\/avatar\/f8ff8584f3fcf3909a11a6da9019f37749183b4015bca14e64556c52614cdc7f?s=96&d=mm&r=g","contentUrl":"https:\/\/secure.gravatar.com\/avatar\/f8ff8584f3fcf3909a11a6da9019f37749183b4015bca14e64556c52614cdc7f?s=96&d=mm&r=g","caption":"spartak"},"url":"https:\/\/fcspartaktrnava.com\/en\/author\/spartak\/"}]}},"_links":{"self":[{"href":"https:\/\/fcspartaktrnava.com\/en\/wp-json\/wp\/v2\/posts\/6045","targetHints":{"allow":["GET"]}}],"collection":[{"href":"https:\/\/fcspartaktrnava.com\/en\/wp-json\/wp\/v2\/posts"}],"about":[{"href":"https:\/\/fcspartaktrnava.com\/en\/wp-json\/wp\/v2\/types\/post"}],"author":[{"embeddable":true,"href":"https:\/\/fcspartaktrnava.com\/en\/wp-json\/wp\/v2\/users\/2"}],"replies":[{"embeddable":true,"href":"https:\/\/fcspartaktrnava.com\/en\/wp-json\/wp\/v2\/comments?post=6045"}],"version-history":[{"count":0,"href":"https:\/\/fcspartaktrnava.com\/en\/wp-json\/wp\/v2\/posts\/6045\/revisions"}],"wp:featuredmedia":[{"embeddable":true,"href":"https:\/\/fcspartaktrnava.com\/en\/wp-json\/wp\/v2\/media\/6029"}],"wp:attachment":[{"href":"https:\/\/fcspartaktrnava.com\/en\/wp-json\/wp\/v2\/media?parent=6045"}],"wp:term":[{"taxonomy":"category","embeddable":true,"href":"https:\/\/fcspartaktrnava.com\/en\/wp-json\/wp\/v2\/categories?post=6045"},{"taxonomy":"post_tag","embeddable":true,"href":"https:\/\/fcspartaktrnava.com\/en\/wp-json\/wp\/v2\/tags?post=6045"}],"curies":[{"name":"wp","href":"https:\/\/api.w.org\/{rel}","templated":true}]}}