{"id":5967,"date":"2023-03-02T12:41:24","date_gmt":"2023-03-02T12:41:24","guid":{"rendered":"https:\/\/fcspartaktrnava.com\/?p=5967"},"modified":"2023-03-02T12:41:25","modified_gmt":"2023-03-02T12:41:25","slug":"rusov-vybavuje-sa-mi-ten-zivot-ktory-som-mal-predtym","status":"publish","type":"post","link":"https:\/\/fcspartaktrnava.com\/en\/rusov-vybavuje-sa-mi-ten-zivot-ktory-som-mal-predtym\/","title":{"rendered":"<strong><em>RUSOV: \u201eVybavuje sa mi ten \u017eivot, ktor\u00fd som mal predt\u00fdm\u201c<\/em><\/strong>"},"content":{"rendered":"<p>Zajtra to bude presne 11 mesiacov, kedy st\u00e1l Dobrivoj Rusov naposledy v&nbsp;s\u00fa\u0165a\u017enom z\u00e1pase. Mal to by\u0165 comeback po oper\u00e1cii kolena, no kr\u00e1tko po z\u00e1pase so Slovanom pri\u0161la recid\u00edva a&nbsp;Dobo putoval op\u00e4\u0165 na opera\u010dn\u00fd st\u00f4l. Nasledovala dlh\u00e1 rehabilit\u00e1cia, ktor\u00e1 sa op\u00e4\u0165 bl\u00ed\u017ei k&nbsp;svoju z\u00e1veru.<\/p>\n\n\n\n<p>\u010cerstv\u00fd tridsiatnik u\u017e tr\u00e9nuje s&nbsp;mu\u017estvom a&nbsp;pomali\u010dky prid\u00e1va do svojich cvikov aj brank\u00e1rske prvky.<\/p>\n\n\n\n<p><strong><em>\u201ePo t\u00fdch chv\u00ed\u013each, \u010do som bol st\u00e1le s\u00e1m, je to pr\u00edjemn\u00e9. Som r\u00e1d, \u017ee u\u017e som so spoluhr\u00e1\u010dmi, hoci nie v&nbsp;\u00faplnom tr\u00e9ningu, ale aspo\u0148 v&nbsp;ka\u017edodennom dian\u00ed. Stretneme sa, d\u00e1me si spolo\u010dne k\u00e1vu, posrandujeme a&nbsp;ideme na tr\u00e9ning. Ke\u010f \u010dlovek z&nbsp;toho vypadne, tak mu je po chv\u00edli smutno za t\u00fdm. Neviem si predstavi\u0165, \u017ee by som robil nejak\u00fa pr\u00e1cu, kde by som bol s\u00e1m,\u201c<\/em><\/strong> hovor\u00ed vidite\u013ene spokojnej\u0161\u00ed g\u00f3lman Spartaka po jednom z&nbsp;tr\u00e9ningov.<\/p>\n\n\n\n<p>Pri prvom poh\u013eade na tr\u00e9ningov\u00fa jednotku by sa ani nezdalo, \u017ee by mal Rusov nejak\u00e9 obmedzenia. Brank\u00e1rsku abecedu v\u0161ak za\u010d\u00edna l\u00faska\u0165 opatrnej\u0161ie a&nbsp;rozhodne nechce ni\u010d upon\u00e1h\u013ea\u0165, hoci pokroky ho te\u0161ia. <strong><em>\u201eZa\u010d\u00ednam robi\u0165 veci na ihrisku, s\u00edce \u00faplne od za\u010diatku, ale je to nie\u010do nov\u00e9. Rehabilit\u00e1cie a&nbsp;posilka s\u00fa na to, aby noha bola pevn\u00e1, ale druh\u00e1 vec s\u00fa futbalov\u00e9 a&nbsp;brank\u00e1rske prvky. Je to tak\u00e1 nostalgia a&nbsp;vybavuje sa mi postupne ten \u017eivot, ktor\u00fd som mal predt\u00fdm. K&nbsp;r\u00fdchlosti a&nbsp;dynamike sa mus\u00edm e\u0161te postupne pribl\u00ed\u017ei\u0165. \u0164a\u017eko poveda\u0165, \u010di to bude dva t\u00fd\u017edne alebo mesiac.\u201c<\/em><\/strong><\/p>\n\n\n\n<p>Dom\u00e1ce derby bolo jeho nateraz posledn\u00fdm z\u00e1pasom a&nbsp;pr\u00e1ve Slovan \u010dak\u00e1 na Trnav\u010danov aj v&nbsp;najbli\u017e\u0161om z\u00e1pase. Tentoraz v&nbsp;Bratislave a&nbsp;na z\u00e1pas sa te\u0161ia nielen nominovan\u00ed hr\u00e1\u010di, ale aj t\u00ed, ktor\u00ed do\u0148ho zasiahnu\u0165 nebud\u00fa m\u00f4c\u0165. <strong><em>\u201eKe\u010f hr\u00e1\u010d ide hra\u0165, je to in\u00e9. Zodpovednos\u0165 m\u00e1 o&nbsp;to v\u00e4\u010d\u0161iu. Ke\u010f nehr\u00e1, za\u017e\u00edva t\u00fa atmosf\u00e9ru, netreba spom\u00edna\u0165 o&nbsp;ak\u00fd z\u00e1pas ide. Dup\u013eom, ke\u010f je situ\u00e1cia v&nbsp;tabu\u013eke tak\u00e1, \u017ee p\u00f4jde o&nbsp;ve\u013ea a&nbsp;m\u00f4\u017eeme si vylep\u0161i\u0165 situ\u00e1ciu pred nadstavbovou \u010das\u0165ou. Budem to pre\u017e\u00edva\u0165 s&nbsp;chalanmi, budem dr\u017ea\u0165 palce a&nbsp;myslie\u0165 na nich.\u201c<\/em><\/strong><\/p>\n\n\n\n<p>Vlani sa Spartak te\u0161il z\u00a0fin\u00e1lov\u00e9ho v\u00ed\u0165azstva v\u00a0Slovenskom poh\u00e1ri. V\u00a0tomto t\u00fd\u017edni sa prebojoval do najlep\u0161ej \u0161tvorice a\u00a0dne\u0161n\u00fd \u017ereb rozhodol o\u00a0tom, \u017ee v\u00a0ceste do fin\u00e1le mu bude st\u00e1\u0165 jeden z\u00a0dvojice Tren\u010d\u00edn \u2013 Pre\u0161ov. <strong><em>\u201eNebudeme si klama\u0165, v\u00a0m\u00e1ji, hoci som mal barly, som mal jeden z\u00a0najlep\u0161\u00edch z\u00e1\u017eitkov vo futbale. Chceli by sme to za\u017ei\u0165 znova. Fin\u00e1le so Slovanom a\u00a0tentoraz na na\u0161om \u0161tadi\u00f3ne. Boli sme zvedav\u00ed, koho dostaneme. \u010cak\u00e1 n\u00e1s ve\u013emi \u0165a\u017ek\u00e1 \u00faloha a\u00a0aj posledn\u00fd z\u00e1pas uk\u00e1zal, \u017ee \u017eiaden t\u00edm nem\u00e1 ni\u010d ist\u00e9 a\u00a0za \u017eiadneho stavu. Proti Tren\u010d\u00ednu sme viedli 3:0 a\u00a0do poslednej min\u00faty sme bojovali o\u00a0tri body. \u013dahk\u00fd by nebol ani Pre\u0161ov, nie je n\u00e1hoda, \u017ee s\u00fa v\u00a02. lige prv\u00ed. Nezd\u00e1 sa to, ale m\u00e1 svoju kvalitu a\u00a0Pre\u0161ov by n\u00e1m nedaroval ni\u010d zadarmo.\u201c<\/em><\/strong><\/p>\n\n\n\n<figure class=\"wp-block-embed is-type-video is-provider-youtube wp-block-embed-youtube wp-embed-aspect-16-9 wp-has-aspect-ratio\"><div class=\"wp-block-embed__wrapper\">\n<iframe loading=\"lazy\" title=\"Dobrivoj Rusov: Je pr\u00edjemn\u00e9 by\u0165 nasp\u00e4\u0165 v \u0161atni so spoluhr\u00e1\u010dmi\" width=\"500\" height=\"281\" src=\"https:\/\/www.youtube.com\/embed\/sFcmFxXa6qk?feature=oembed\" frameborder=\"0\" allow=\"accelerometer; autoplay; clipboard-write; encrypted-media; gyroscope; picture-in-picture; web-share\" referrerpolicy=\"strict-origin-when-cross-origin\" allowfullscreen><\/iframe>\n<\/div><\/figure>","protected":false},"excerpt":{"rendered":"<p>Zajtra to bude presne 11 mesiacov, kedy st\u00e1l&#8230;<\/p>","protected":false},"author":2,"featured_media":5630,"comment_status":"closed","ping_status":"closed","sticky":false,"template":"","format":"standard","meta":{"footnotes":""},"categories":[41],"tags":[],"class_list":["post-5967","post","type-post","status-publish","format-standard","has-post-thumbnail","hentry","category-intervju","post-number-1"],"yoast_head":"<!-- This site is optimized with the Yoast SEO plugin v27.1.1 - https:\/\/yoast.com\/product\/yoast-seo-wordpress\/ -->\n<title>RUSOV: \u201eVybavuje sa mi ten \u017eivot, ktor\u00fd som mal predt\u00fdm\u201c - FC Spartak Trnava<\/title>\n<meta name=\"robots\" content=\"index, follow, max-snippet:-1, max-image-preview:large, max-video-preview:-1\" \/>\n<link rel=\"canonical\" href=\"https:\/\/fcspartaktrnava.com\/en\/rusov-vybavuje-sa-mi-ten-zivot-ktory-som-mal-predtym\/\" \/>\n<meta name=\"twitter:label1\" content=\"Written by\" \/>\n\t<meta name=\"twitter:data1\" content=\"spartak\" \/>\n\t<meta name=\"twitter:label2\" content=\"Estimated reading time\" \/>\n\t<meta name=\"twitter:data2\" content=\"3 minutes\" \/>\n<script type=\"application\/ld+json\" class=\"yoast-schema-graph\">{\"@context\":\"https:\/\/schema.org\",\"@graph\":[{\"@type\":\"Article\",\"@id\":\"https:\/\/fcspartaktrnava.com\/rusov-vybavuje-sa-mi-ten-zivot-ktory-som-mal-predtym\/#article\",\"isPartOf\":{\"@id\":\"https:\/\/fcspartaktrnava.com\/rusov-vybavuje-sa-mi-ten-zivot-ktory-som-mal-predtym\/\"},\"author\":{\"name\":\"spartak\",\"@id\":\"https:\/\/fcspartaktrnava.com\/#\/schema\/person\/24bc5b254af14f71d7d8af178790aa75\"},\"headline\":\"RUSOV: \u201eVybavuje sa mi ten \u017eivot, ktor\u00fd som mal predt\u00fdm\u201c\",\"datePublished\":\"2023-03-02T12:41:24+00:00\",\"dateModified\":\"2023-03-02T12:41:25+00:00\",\"mainEntityOfPage\":{\"@id\":\"https:\/\/fcspartaktrnava.com\/rusov-vybavuje-sa-mi-ten-zivot-ktory-som-mal-predtym\/\"},\"wordCount\":620,\"publisher\":{\"@id\":\"https:\/\/fcspartaktrnava.com\/#organization\"},\"image\":{\"@id\":\"https:\/\/fcspartaktrnava.com\/rusov-vybavuje-sa-mi-ten-zivot-ktory-som-mal-predtym\/#primaryimage\"},\"thumbnailUrl\":\"https:\/\/fcspartaktrnava.com\/wp-content\/uploads\/2023\/02\/DSC_0943.jpg\",\"articleSection\":[\"Rozhovory\"],\"inLanguage\":\"en-GB\"},{\"@type\":\"WebPage\",\"@id\":\"https:\/\/fcspartaktrnava.com\/rusov-vybavuje-sa-mi-ten-zivot-ktory-som-mal-predtym\/\",\"url\":\"https:\/\/fcspartaktrnava.com\/rusov-vybavuje-sa-mi-ten-zivot-ktory-som-mal-predtym\/\",\"name\":\"RUSOV: \u201eVybavuje sa mi ten \u017eivot, ktor\u00fd som mal predt\u00fdm\u201c - FC Spartak Trnava\",\"isPartOf\":{\"@id\":\"https:\/\/fcspartaktrnava.com\/#website\"},\"primaryImageOfPage\":{\"@id\":\"https:\/\/fcspartaktrnava.com\/rusov-vybavuje-sa-mi-ten-zivot-ktory-som-mal-predtym\/#primaryimage\"},\"image\":{\"@id\":\"https:\/\/fcspartaktrnava.com\/rusov-vybavuje-sa-mi-ten-zivot-ktory-som-mal-predtym\/#primaryimage\"},\"thumbnailUrl\":\"https:\/\/fcspartaktrnava.com\/wp-content\/uploads\/2023\/02\/DSC_0943.jpg\",\"datePublished\":\"2023-03-02T12:41:24+00:00\",\"dateModified\":\"2023-03-02T12:41:25+00:00\",\"breadcrumb\":{\"@id\":\"https:\/\/fcspartaktrnava.com\/rusov-vybavuje-sa-mi-ten-zivot-ktory-som-mal-predtym\/#breadcrumb\"},\"inLanguage\":\"en-GB\",\"potentialAction\":[{\"@type\":\"ReadAction\",\"target\":[\"https:\/\/fcspartaktrnava.com\/rusov-vybavuje-sa-mi-ten-zivot-ktory-som-mal-predtym\/\"]}]},{\"@type\":\"ImageObject\",\"inLanguage\":\"en-GB\",\"@id\":\"https:\/\/fcspartaktrnava.com\/rusov-vybavuje-sa-mi-ten-zivot-ktory-som-mal-predtym\/#primaryimage\",\"url\":\"https:\/\/fcspartaktrnava.com\/wp-content\/uploads\/2023\/02\/DSC_0943.jpg\",\"contentUrl\":\"https:\/\/fcspartaktrnava.com\/wp-content\/uploads\/2023\/02\/DSC_0943.jpg\",\"width\":1520,\"height\":1013},{\"@type\":\"BreadcrumbList\",\"@id\":\"https:\/\/fcspartaktrnava.com\/rusov-vybavuje-sa-mi-ten-zivot-ktory-som-mal-predtym\/#breadcrumb\",\"itemListElement\":[{\"@type\":\"ListItem\",\"position\":1,\"name\":\"Home\",\"item\":\"https:\/\/fcspartaktrnava.com\/\"},{\"@type\":\"ListItem\",\"position\":2,\"name\":\"RUSOV: \u201eVybavuje sa mi ten \u017eivot, ktor\u00fd som mal predt\u00fdm\u201c\"}]},{\"@type\":\"WebSite\",\"@id\":\"https:\/\/fcspartaktrnava.com\/#website\",\"url\":\"https:\/\/fcspartaktrnava.com\/\",\"name\":\"FC Spartak Trnava\",\"description\":\"ofici\u00e1lna webstr\u00e1nka futbalov\u00e9ho klubu\",\"publisher\":{\"@id\":\"https:\/\/fcspartaktrnava.com\/#organization\"},\"potentialAction\":[{\"@type\":\"SearchAction\",\"target\":{\"@type\":\"EntryPoint\",\"urlTemplate\":\"https:\/\/fcspartaktrnava.com\/?s={search_term_string}\"},\"query-input\":{\"@type\":\"PropertyValueSpecification\",\"valueRequired\":true,\"valueName\":\"search_term_string\"}}],\"inLanguage\":\"en-GB\"},{\"@type\":\"Organization\",\"@id\":\"https:\/\/fcspartaktrnava.com\/#organization\",\"name\":\"FC Spartak Trnava\",\"alternateName\":\"Spartak\",\"url\":\"https:\/\/fcspartaktrnava.com\/\",\"logo\":{\"@type\":\"ImageObject\",\"inLanguage\":\"en-GB\",\"@id\":\"https:\/\/fcspartaktrnava.com\/#\/schema\/logo\/image\/\",\"url\":\"https:\/\/fcspartaktrnava.com\/wp-content\/uploads\/2022\/08\/cropped-site_logo.png\",\"contentUrl\":\"https:\/\/fcspartaktrnava.com\/wp-content\/uploads\/2022\/08\/cropped-site_logo.png\",\"width\":140,\"height\":140,\"caption\":\"FC Spartak Trnava\"},\"image\":{\"@id\":\"https:\/\/fcspartaktrnava.com\/#\/schema\/logo\/image\/\"},\"sameAs\":[\"https:\/\/www.facebook.com\/SpartakTrnava\",\"https:\/\/x.com\/SpartakTrnava1\",\"https:\/\/www.instagram.com\/spartak_sk\/\"]},{\"@type\":\"Person\",\"@id\":\"https:\/\/fcspartaktrnava.com\/#\/schema\/person\/24bc5b254af14f71d7d8af178790aa75\",\"name\":\"spartak\",\"image\":{\"@type\":\"ImageObject\",\"inLanguage\":\"en-GB\",\"@id\":\"https:\/\/fcspartaktrnava.com\/#\/schema\/person\/image\/\",\"url\":\"https:\/\/secure.gravatar.com\/avatar\/f8ff8584f3fcf3909a11a6da9019f37749183b4015bca14e64556c52614cdc7f?s=96&d=mm&r=g\",\"contentUrl\":\"https:\/\/secure.gravatar.com\/avatar\/f8ff8584f3fcf3909a11a6da9019f37749183b4015bca14e64556c52614cdc7f?s=96&d=mm&r=g\",\"caption\":\"spartak\"},\"url\":\"https:\/\/fcspartaktrnava.com\/en\/author\/spartak\/\"}]}<\/script>\n<!-- \/ Yoast SEO plugin. -->","yoast_head_json":{"title":"RUSOV: \u201eVybavuje sa mi ten \u017eivot, ktor\u00fd som mal predt\u00fdm\u201c - FC Spartak Trnava","robots":{"index":"index","follow":"follow","max-snippet":"max-snippet:-1","max-image-preview":"max-image-preview:large","max-video-preview":"max-video-preview:-1"},"canonical":"https:\/\/fcspartaktrnava.com\/en\/rusov-vybavuje-sa-mi-ten-zivot-ktory-som-mal-predtym\/","twitter_misc":{"Written by":"spartak","Estimated reading time":"3 minutes"},"schema":{"@context":"https:\/\/schema.org","@graph":[{"@type":"Article","@id":"https:\/\/fcspartaktrnava.com\/rusov-vybavuje-sa-mi-ten-zivot-ktory-som-mal-predtym\/#article","isPartOf":{"@id":"https:\/\/fcspartaktrnava.com\/rusov-vybavuje-sa-mi-ten-zivot-ktory-som-mal-predtym\/"},"author":{"name":"spartak","@id":"https:\/\/fcspartaktrnava.com\/#\/schema\/person\/24bc5b254af14f71d7d8af178790aa75"},"headline":"RUSOV: \u201eVybavuje sa mi ten \u017eivot, ktor\u00fd som mal predt\u00fdm\u201c","datePublished":"2023-03-02T12:41:24+00:00","dateModified":"2023-03-02T12:41:25+00:00","mainEntityOfPage":{"@id":"https:\/\/fcspartaktrnava.com\/rusov-vybavuje-sa-mi-ten-zivot-ktory-som-mal-predtym\/"},"wordCount":620,"publisher":{"@id":"https:\/\/fcspartaktrnava.com\/#organization"},"image":{"@id":"https:\/\/fcspartaktrnava.com\/rusov-vybavuje-sa-mi-ten-zivot-ktory-som-mal-predtym\/#primaryimage"},"thumbnailUrl":"https:\/\/fcspartaktrnava.com\/wp-content\/uploads\/2023\/02\/DSC_0943.jpg","articleSection":["Rozhovory"],"inLanguage":"en-GB"},{"@type":"WebPage","@id":"https:\/\/fcspartaktrnava.com\/rusov-vybavuje-sa-mi-ten-zivot-ktory-som-mal-predtym\/","url":"https:\/\/fcspartaktrnava.com\/rusov-vybavuje-sa-mi-ten-zivot-ktory-som-mal-predtym\/","name":"RUSOV: \u201eVybavuje sa mi ten \u017eivot, ktor\u00fd som mal predt\u00fdm\u201c - FC Spartak Trnava","isPartOf":{"@id":"https:\/\/fcspartaktrnava.com\/#website"},"primaryImageOfPage":{"@id":"https:\/\/fcspartaktrnava.com\/rusov-vybavuje-sa-mi-ten-zivot-ktory-som-mal-predtym\/#primaryimage"},"image":{"@id":"https:\/\/fcspartaktrnava.com\/rusov-vybavuje-sa-mi-ten-zivot-ktory-som-mal-predtym\/#primaryimage"},"thumbnailUrl":"https:\/\/fcspartaktrnava.com\/wp-content\/uploads\/2023\/02\/DSC_0943.jpg","datePublished":"2023-03-02T12:41:24+00:00","dateModified":"2023-03-02T12:41:25+00:00","breadcrumb":{"@id":"https:\/\/fcspartaktrnava.com\/rusov-vybavuje-sa-mi-ten-zivot-ktory-som-mal-predtym\/#breadcrumb"},"inLanguage":"en-GB","potentialAction":[{"@type":"ReadAction","target":["https:\/\/fcspartaktrnava.com\/rusov-vybavuje-sa-mi-ten-zivot-ktory-som-mal-predtym\/"]}]},{"@type":"ImageObject","inLanguage":"en-GB","@id":"https:\/\/fcspartaktrnava.com\/rusov-vybavuje-sa-mi-ten-zivot-ktory-som-mal-predtym\/#primaryimage","url":"https:\/\/fcspartaktrnava.com\/wp-content\/uploads\/2023\/02\/DSC_0943.jpg","contentUrl":"https:\/\/fcspartaktrnava.com\/wp-content\/uploads\/2023\/02\/DSC_0943.jpg","width":1520,"height":1013},{"@type":"BreadcrumbList","@id":"https:\/\/fcspartaktrnava.com\/rusov-vybavuje-sa-mi-ten-zivot-ktory-som-mal-predtym\/#breadcrumb","itemListElement":[{"@type":"ListItem","position":1,"name":"Home","item":"https:\/\/fcspartaktrnava.com\/"},{"@type":"ListItem","position":2,"name":"RUSOV: \u201eVybavuje sa mi ten \u017eivot, ktor\u00fd som mal predt\u00fdm\u201c"}]},{"@type":"WebSite","@id":"https:\/\/fcspartaktrnava.com\/#website","url":"https:\/\/fcspartaktrnava.com\/","name":"FC Spartak Trnava","description":"ofici\u00e1lna webstr\u00e1nka futbalov\u00e9ho klubu","publisher":{"@id":"https:\/\/fcspartaktrnava.com\/#organization"},"potentialAction":[{"@type":"SearchAction","target":{"@type":"EntryPoint","urlTemplate":"https:\/\/fcspartaktrnava.com\/?s={search_term_string}"},"query-input":{"@type":"PropertyValueSpecification","valueRequired":true,"valueName":"search_term_string"}}],"inLanguage":"en-GB"},{"@type":"Organization","@id":"https:\/\/fcspartaktrnava.com\/#organization","name":"FC Spartak Trnava","alternateName":"Spartak","url":"https:\/\/fcspartaktrnava.com\/","logo":{"@type":"ImageObject","inLanguage":"en-GB","@id":"https:\/\/fcspartaktrnava.com\/#\/schema\/logo\/image\/","url":"https:\/\/fcspartaktrnava.com\/wp-content\/uploads\/2022\/08\/cropped-site_logo.png","contentUrl":"https:\/\/fcspartaktrnava.com\/wp-content\/uploads\/2022\/08\/cropped-site_logo.png","width":140,"height":140,"caption":"FC Spartak Trnava"},"image":{"@id":"https:\/\/fcspartaktrnava.com\/#\/schema\/logo\/image\/"},"sameAs":["https:\/\/www.facebook.com\/SpartakTrnava","https:\/\/x.com\/SpartakTrnava1","https:\/\/www.instagram.com\/spartak_sk\/"]},{"@type":"Person","@id":"https:\/\/fcspartaktrnava.com\/#\/schema\/person\/24bc5b254af14f71d7d8af178790aa75","name":"spartak","image":{"@type":"ImageObject","inLanguage":"en-GB","@id":"https:\/\/fcspartaktrnava.com\/#\/schema\/person\/image\/","url":"https:\/\/secure.gravatar.com\/avatar\/f8ff8584f3fcf3909a11a6da9019f37749183b4015bca14e64556c52614cdc7f?s=96&d=mm&r=g","contentUrl":"https:\/\/secure.gravatar.com\/avatar\/f8ff8584f3fcf3909a11a6da9019f37749183b4015bca14e64556c52614cdc7f?s=96&d=mm&r=g","caption":"spartak"},"url":"https:\/\/fcspartaktrnava.com\/en\/author\/spartak\/"}]}},"_links":{"self":[{"href":"https:\/\/fcspartaktrnava.com\/en\/wp-json\/wp\/v2\/posts\/5967","targetHints":{"allow":["GET"]}}],"collection":[{"href":"https:\/\/fcspartaktrnava.com\/en\/wp-json\/wp\/v2\/posts"}],"about":[{"href":"https:\/\/fcspartaktrnava.com\/en\/wp-json\/wp\/v2\/types\/post"}],"author":[{"embeddable":true,"href":"https:\/\/fcspartaktrnava.com\/en\/wp-json\/wp\/v2\/users\/2"}],"replies":[{"embeddable":true,"href":"https:\/\/fcspartaktrnava.com\/en\/wp-json\/wp\/v2\/comments?post=5967"}],"version-history":[{"count":0,"href":"https:\/\/fcspartaktrnava.com\/en\/wp-json\/wp\/v2\/posts\/5967\/revisions"}],"wp:featuredmedia":[{"embeddable":true,"href":"https:\/\/fcspartaktrnava.com\/en\/wp-json\/wp\/v2\/media\/5630"}],"wp:attachment":[{"href":"https:\/\/fcspartaktrnava.com\/en\/wp-json\/wp\/v2\/media?parent=5967"}],"wp:term":[{"taxonomy":"category","embeddable":true,"href":"https:\/\/fcspartaktrnava.com\/en\/wp-json\/wp\/v2\/categories?post=5967"},{"taxonomy":"post_tag","embeddable":true,"href":"https:\/\/fcspartaktrnava.com\/en\/wp-json\/wp\/v2\/tags?post=5967"}],"curies":[{"name":"wp","href":"https:\/\/api.w.org\/{rel}","templated":true}]}}