{"id":5860,"date":"2023-03-02T09:59:06","date_gmt":"2023-03-02T09:59:06","guid":{"rendered":"https:\/\/fcspartaktrnava.com\/?p=5860"},"modified":"2023-03-02T10:00:19","modified_gmt":"2023-03-02T10:00:19","slug":"futbal-spartak-lokalpatriotizmus-atributy-kazdeho-spravneho-trnavcana","status":"publish","type":"post","link":"https:\/\/fcspartaktrnava.com\/en\/futbal-spartak-lokalpatriotizmus-atributy-kazdeho-spravneho-trnavcana\/","title":{"rendered":"Futbal, Spartak, lok\u00e1lpatriotizmus, atrib\u00faty ka\u017ed\u00e9ho spr\u00e1vneho Trnav\u010dana"},"content":{"rendered":"<p>Z t\u00fdchto prozaick\u00fdch d\u00f4vodov je od roku 2020 partnerom n\u00e1\u0161ho klubu trnavsk\u00e1 z\u00e1hradn\u00edcka firma GARDENIERI. \u0160pecializovan\u00e1 z\u00e1hradn\u00edcka firma, ktor\u00e1 pon\u00faka komplexn\u00e9 z\u00e1hradn\u00edcke slu\u017eby. Pokl\u00e1dky tr\u00e1vnych kobercov, ter\u00e9nne \u00fapravy, mont\u00e1\u017e automatick\u00fdch z\u00e1vlahov\u00fdch syst\u00e9mov, vodn\u00e9 prvky, v\u00fdsadbu rastlinstva, stromov a mnoho \u010fal\u0161ieho.<br>Firemnou tv\u00e1rou Gardenierov je Attila V\u00e9gh, svetov\u00fd \u0161ampi\u00f3n MMA organiz\u00e1cie BELLATOR. Z tohto spojenia m\u00f4\u017eu \u0165a\u017ei\u0165 aj na\u0161i fan\u00fa\u0161ikovia.&nbsp;<br>V\u0161etci dr\u017eitelia permanentiek, ktor\u00ed sa rozhodn\u00fa vyu\u017ei\u0165 slu\u017eby tejto z\u00e1hradn\u00edckej firmy, bud\u00fa odmenen\u00ed 10% z\u013eavou na ak\u00fako\u013evek slu\u017ebu realizovan\u00fa Gardeniermi. Z\u013eava nem\u00e1 \u010dasov\u00e9 ohrani\u010denie.<\/p>\n\n\n\n<p><strong>AKCIA ROK 2023<\/strong><\/p>\n\n\n\n<p>Ak si dr\u017eite\u013e permanentky objedn\u00e1 slu\u017ebu Gardenierov, m\u00f4\u017ee okrem vy\u0161\u0161ie spomenutej z\u013eavy 10% vyu\u017ei\u0165 i&nbsp;akciu v\u00fdsadby 1ks stromu zdarma pod\u013ea v\u00fdberu z\u00e1kazn\u00edka. Strom bude vysaden\u00fd na jese\u0148 2023 a&nbsp;z\u00e1kazn\u00edk si m\u00f4\u017ee vybra\u0165 z&nbsp;t\u00fdchto stromov (okrasn\u00e1 \u010dere\u0161\u0148a, okrasn\u00e1 jablo\u0148, okrasn\u00e1 vi\u0161\u0148a, dub, javor, buk, lipa, smrek, jedli\u010dka, borovica).<\/p>\n\n\n<div class=\"wp-block-image\">\n<figure class=\"alignleft size-large is-resized\"><img decoding=\"async\" src=\"https:\/\/fcspartaktrnava.com\/wp-content\/uploads\/2023\/03\/gadrenieri-1024x267.jpg\" alt=\"\" class=\"wp-image-5862\" width=\"300\" srcset=\"https:\/\/fcspartaktrnava.com\/wp-content\/uploads\/2023\/03\/gadrenieri-1024x267.jpg 1024w, https:\/\/fcspartaktrnava.com\/wp-content\/uploads\/2023\/03\/gadrenieri-300x78.jpg 300w, https:\/\/fcspartaktrnava.com\/wp-content\/uploads\/2023\/03\/gadrenieri-768x200.jpg 768w, https:\/\/fcspartaktrnava.com\/wp-content\/uploads\/2023\/03\/gadrenieri-18x5.jpg 18w, https:\/\/fcspartaktrnava.com\/wp-content\/uploads\/2023\/03\/gadrenieri.jpg 1201w\" sizes=\"(max-width: 1024px) 100vw, 1024px\" \/><\/figure>\n<\/div>\n\n\n<p><br><\/p>\n\n\n\n<p><\/p>\n\n\n\n<p><\/p>\n\n\n\n<p><a href=\"https:\/\/gardenieri.sk\/\" target=\"_blank\" rel=\"noreferrer noopener\">https:\/\/gardenieri.sk\/<\/a><br><br><a href=\"https:\/\/www.instagram.com\/gardenieri.sk\/\" target=\"_blank\" rel=\"noreferrer noopener\">https:\/\/www.instagram.com\/gardenieri.sk\/<\/a><br><br><a href=\"https:\/\/www.facebook.com\/Gardenieri.sk\/\" target=\"_blank\" rel=\"noreferrer noopener\">https:\/\/www.facebook.com\/Gardenieri.sk\/<\/a><\/p>\n\n\n\n<p><\/p>\n\n\n\n<div class=\"wp-block-group has-cyan-bluish-gray-background-color has-background\"><div class=\"wp-block-group__inner-container is-layout-constrained wp-block-group-is-layout-constrained\">\n<p class=\"has-vivid-red-color has-cyan-bluish-gray-background-color has-text-color has-background has-medium-font-size\"><strong>\u010eal\u0161ie benefity a&nbsp;nov\u00ed partneri<\/strong><\/p>\n\n\n\n<p class=\"has-cyan-bluish-gray-background-color has-background\">Pripom\u00edname, \u017ee majitelia platn\u00fdch permanentn\u00fdch vstupeniek m\u00f4\u017eu \u010derpa\u0165 viacer\u00e9 benefity od na\u0161ich partnerov. V\u0161etky s\u00fa uveden\u00e9 na <a href=\"https:\/\/fcspartaktrnava.com\/en\/fanusikovia\/\">https:\/\/fcspartaktrnava.com\/fanusikovia\/<\/a>. Z\u00e1rove\u0148 pripom\u00edname, \u017ee z\u00e1ujemcovia, ktor\u00ed sa chc\u00fa sta\u0165 nov\u00fdm partnerom klubu prostredn\u00edctvom benefitov pre fan\u00fa\u0161ikov Spartaka sa m\u00f4\u017eu prihl\u00e1si\u0165 mailom na <a href=\"mailto:office@fcspartaktrnava.com\">office@fcspartaktrnava.com<\/a>.<\/p>\n<\/div><\/div>","protected":false},"excerpt":{"rendered":"<p>Z t\u00fdchto prozaick\u00fdch d\u00f4vodov je od roku 2020&#8230;<\/p>","protected":false},"author":2,"featured_media":5861,"comment_status":"closed","ping_status":"closed","sticky":false,"template":"","format":"standard","meta":{"footnotes":""},"categories":[12],"tags":[80],"class_list":["post-5860","post","type-post","status-publish","format-standard","has-post-thumbnail","hentry","category-spravy","tag-permanentkari","post-number-1"],"yoast_head":"<!-- This site is optimized with the Yoast SEO plugin v27.1.1 - https:\/\/yoast.com\/product\/yoast-seo-wordpress\/ -->\n<title>Futbal, Spartak, lok\u00e1lpatriotizmus, atrib\u00faty ka\u017ed\u00e9ho spr\u00e1vneho Trnav\u010dana - FC Spartak Trnava<\/title>\n<meta name=\"robots\" content=\"index, follow, max-snippet:-1, max-image-preview:large, max-video-preview:-1\" \/>\n<link rel=\"canonical\" href=\"https:\/\/fcspartaktrnava.com\/en\/futbal-spartak-lokalpatriotizmus-atributy-kazdeho-spravneho-trnavcana\/\" \/>\n<meta name=\"twitter:label1\" content=\"Written by\" \/>\n\t<meta name=\"twitter:data1\" content=\"spartak\" \/>\n\t<meta name=\"twitter:label2\" content=\"Estimated reading time\" \/>\n\t<meta name=\"twitter:data2\" content=\"2 minutes\" \/>\n<script type=\"application\/ld+json\" class=\"yoast-schema-graph\">{\"@context\":\"https:\/\/schema.org\",\"@graph\":[{\"@type\":\"Article\",\"@id\":\"https:\/\/fcspartaktrnava.com\/futbal-spartak-lokalpatriotizmus-atributy-kazdeho-spravneho-trnavcana\/#article\",\"isPartOf\":{\"@id\":\"https:\/\/fcspartaktrnava.com\/futbal-spartak-lokalpatriotizmus-atributy-kazdeho-spravneho-trnavcana\/\"},\"author\":{\"name\":\"spartak\",\"@id\":\"https:\/\/fcspartaktrnava.com\/#\/schema\/person\/24bc5b254af14f71d7d8af178790aa75\"},\"headline\":\"Futbal, Spartak, lok\u00e1lpatriotizmus, atrib\u00faty ka\u017ed\u00e9ho spr\u00e1vneho Trnav\u010dana\",\"datePublished\":\"2023-03-02T09:59:06+00:00\",\"dateModified\":\"2023-03-02T10:00:19+00:00\",\"mainEntityOfPage\":{\"@id\":\"https:\/\/fcspartaktrnava.com\/futbal-spartak-lokalpatriotizmus-atributy-kazdeho-spravneho-trnavcana\/\"},\"wordCount\":288,\"publisher\":{\"@id\":\"https:\/\/fcspartaktrnava.com\/#organization\"},\"image\":{\"@id\":\"https:\/\/fcspartaktrnava.com\/futbal-spartak-lokalpatriotizmus-atributy-kazdeho-spravneho-trnavcana\/#primaryimage\"},\"thumbnailUrl\":\"https:\/\/fcspartaktrnava.com\/wp-content\/uploads\/2023\/03\/zahrada.jpg\",\"keywords\":[\"permanentk\u00e1ri\"],\"articleSection\":[\"Spr\u00e1vy\"],\"inLanguage\":\"en-GB\"},{\"@type\":\"WebPage\",\"@id\":\"https:\/\/fcspartaktrnava.com\/futbal-spartak-lokalpatriotizmus-atributy-kazdeho-spravneho-trnavcana\/\",\"url\":\"https:\/\/fcspartaktrnava.com\/futbal-spartak-lokalpatriotizmus-atributy-kazdeho-spravneho-trnavcana\/\",\"name\":\"Futbal, Spartak, lok\u00e1lpatriotizmus, atrib\u00faty ka\u017ed\u00e9ho spr\u00e1vneho Trnav\u010dana - FC Spartak Trnava\",\"isPartOf\":{\"@id\":\"https:\/\/fcspartaktrnava.com\/#website\"},\"primaryImageOfPage\":{\"@id\":\"https:\/\/fcspartaktrnava.com\/futbal-spartak-lokalpatriotizmus-atributy-kazdeho-spravneho-trnavcana\/#primaryimage\"},\"image\":{\"@id\":\"https:\/\/fcspartaktrnava.com\/futbal-spartak-lokalpatriotizmus-atributy-kazdeho-spravneho-trnavcana\/#primaryimage\"},\"thumbnailUrl\":\"https:\/\/fcspartaktrnava.com\/wp-content\/uploads\/2023\/03\/zahrada.jpg\",\"datePublished\":\"2023-03-02T09:59:06+00:00\",\"dateModified\":\"2023-03-02T10:00:19+00:00\",\"breadcrumb\":{\"@id\":\"https:\/\/fcspartaktrnava.com\/futbal-spartak-lokalpatriotizmus-atributy-kazdeho-spravneho-trnavcana\/#breadcrumb\"},\"inLanguage\":\"en-GB\",\"potentialAction\":[{\"@type\":\"ReadAction\",\"target\":[\"https:\/\/fcspartaktrnava.com\/futbal-spartak-lokalpatriotizmus-atributy-kazdeho-spravneho-trnavcana\/\"]}]},{\"@type\":\"ImageObject\",\"inLanguage\":\"en-GB\",\"@id\":\"https:\/\/fcspartaktrnava.com\/futbal-spartak-lokalpatriotizmus-atributy-kazdeho-spravneho-trnavcana\/#primaryimage\",\"url\":\"https:\/\/fcspartaktrnava.com\/wp-content\/uploads\/2023\/03\/zahrada.jpg\",\"contentUrl\":\"https:\/\/fcspartaktrnava.com\/wp-content\/uploads\/2023\/03\/zahrada.jpg\",\"width\":1280,\"height\":1600},{\"@type\":\"BreadcrumbList\",\"@id\":\"https:\/\/fcspartaktrnava.com\/futbal-spartak-lokalpatriotizmus-atributy-kazdeho-spravneho-trnavcana\/#breadcrumb\",\"itemListElement\":[{\"@type\":\"ListItem\",\"position\":1,\"name\":\"Home\",\"item\":\"https:\/\/fcspartaktrnava.com\/\"},{\"@type\":\"ListItem\",\"position\":2,\"name\":\"Futbal, Spartak, lok\u00e1lpatriotizmus, atrib\u00faty ka\u017ed\u00e9ho spr\u00e1vneho Trnav\u010dana\"}]},{\"@type\":\"WebSite\",\"@id\":\"https:\/\/fcspartaktrnava.com\/#website\",\"url\":\"https:\/\/fcspartaktrnava.com\/\",\"name\":\"FC Spartak Trnava\",\"description\":\"ofici\u00e1lna webstr\u00e1nka futbalov\u00e9ho klubu\",\"publisher\":{\"@id\":\"https:\/\/fcspartaktrnava.com\/#organization\"},\"potentialAction\":[{\"@type\":\"SearchAction\",\"target\":{\"@type\":\"EntryPoint\",\"urlTemplate\":\"https:\/\/fcspartaktrnava.com\/?s={search_term_string}\"},\"query-input\":{\"@type\":\"PropertyValueSpecification\",\"valueRequired\":true,\"valueName\":\"search_term_string\"}}],\"inLanguage\":\"en-GB\"},{\"@type\":\"Organization\",\"@id\":\"https:\/\/fcspartaktrnava.com\/#organization\",\"name\":\"FC Spartak Trnava\",\"alternateName\":\"Spartak\",\"url\":\"https:\/\/fcspartaktrnava.com\/\",\"logo\":{\"@type\":\"ImageObject\",\"inLanguage\":\"en-GB\",\"@id\":\"https:\/\/fcspartaktrnava.com\/#\/schema\/logo\/image\/\",\"url\":\"https:\/\/fcspartaktrnava.com\/wp-content\/uploads\/2022\/08\/cropped-site_logo.png\",\"contentUrl\":\"https:\/\/fcspartaktrnava.com\/wp-content\/uploads\/2022\/08\/cropped-site_logo.png\",\"width\":140,\"height\":140,\"caption\":\"FC Spartak Trnava\"},\"image\":{\"@id\":\"https:\/\/fcspartaktrnava.com\/#\/schema\/logo\/image\/\"},\"sameAs\":[\"https:\/\/www.facebook.com\/SpartakTrnava\",\"https:\/\/x.com\/SpartakTrnava1\",\"https:\/\/www.instagram.com\/spartak_sk\/\"]},{\"@type\":\"Person\",\"@id\":\"https:\/\/fcspartaktrnava.com\/#\/schema\/person\/24bc5b254af14f71d7d8af178790aa75\",\"name\":\"spartak\",\"image\":{\"@type\":\"ImageObject\",\"inLanguage\":\"en-GB\",\"@id\":\"https:\/\/fcspartaktrnava.com\/#\/schema\/person\/image\/\",\"url\":\"https:\/\/secure.gravatar.com\/avatar\/f8ff8584f3fcf3909a11a6da9019f37749183b4015bca14e64556c52614cdc7f?s=96&d=mm&r=g\",\"contentUrl\":\"https:\/\/secure.gravatar.com\/avatar\/f8ff8584f3fcf3909a11a6da9019f37749183b4015bca14e64556c52614cdc7f?s=96&d=mm&r=g\",\"caption\":\"spartak\"},\"url\":\"https:\/\/fcspartaktrnava.com\/en\/author\/spartak\/\"}]}<\/script>\n<!-- \/ Yoast SEO plugin. -->","yoast_head_json":{"title":"Futbal, Spartak, lok\u00e1lpatriotizmus, atrib\u00faty ka\u017ed\u00e9ho spr\u00e1vneho Trnav\u010dana - FC Spartak Trnava","robots":{"index":"index","follow":"follow","max-snippet":"max-snippet:-1","max-image-preview":"max-image-preview:large","max-video-preview":"max-video-preview:-1"},"canonical":"https:\/\/fcspartaktrnava.com\/en\/futbal-spartak-lokalpatriotizmus-atributy-kazdeho-spravneho-trnavcana\/","twitter_misc":{"Written by":"spartak","Estimated reading time":"2 minutes"},"schema":{"@context":"https:\/\/schema.org","@graph":[{"@type":"Article","@id":"https:\/\/fcspartaktrnava.com\/futbal-spartak-lokalpatriotizmus-atributy-kazdeho-spravneho-trnavcana\/#article","isPartOf":{"@id":"https:\/\/fcspartaktrnava.com\/futbal-spartak-lokalpatriotizmus-atributy-kazdeho-spravneho-trnavcana\/"},"author":{"name":"spartak","@id":"https:\/\/fcspartaktrnava.com\/#\/schema\/person\/24bc5b254af14f71d7d8af178790aa75"},"headline":"Futbal, Spartak, lok\u00e1lpatriotizmus, atrib\u00faty ka\u017ed\u00e9ho spr\u00e1vneho Trnav\u010dana","datePublished":"2023-03-02T09:59:06+00:00","dateModified":"2023-03-02T10:00:19+00:00","mainEntityOfPage":{"@id":"https:\/\/fcspartaktrnava.com\/futbal-spartak-lokalpatriotizmus-atributy-kazdeho-spravneho-trnavcana\/"},"wordCount":288,"publisher":{"@id":"https:\/\/fcspartaktrnava.com\/#organization"},"image":{"@id":"https:\/\/fcspartaktrnava.com\/futbal-spartak-lokalpatriotizmus-atributy-kazdeho-spravneho-trnavcana\/#primaryimage"},"thumbnailUrl":"https:\/\/fcspartaktrnava.com\/wp-content\/uploads\/2023\/03\/zahrada.jpg","keywords":["permanentk\u00e1ri"],"articleSection":["Spr\u00e1vy"],"inLanguage":"en-GB"},{"@type":"WebPage","@id":"https:\/\/fcspartaktrnava.com\/futbal-spartak-lokalpatriotizmus-atributy-kazdeho-spravneho-trnavcana\/","url":"https:\/\/fcspartaktrnava.com\/futbal-spartak-lokalpatriotizmus-atributy-kazdeho-spravneho-trnavcana\/","name":"Futbal, Spartak, lok\u00e1lpatriotizmus, atrib\u00faty ka\u017ed\u00e9ho spr\u00e1vneho Trnav\u010dana - FC Spartak Trnava","isPartOf":{"@id":"https:\/\/fcspartaktrnava.com\/#website"},"primaryImageOfPage":{"@id":"https:\/\/fcspartaktrnava.com\/futbal-spartak-lokalpatriotizmus-atributy-kazdeho-spravneho-trnavcana\/#primaryimage"},"image":{"@id":"https:\/\/fcspartaktrnava.com\/futbal-spartak-lokalpatriotizmus-atributy-kazdeho-spravneho-trnavcana\/#primaryimage"},"thumbnailUrl":"https:\/\/fcspartaktrnava.com\/wp-content\/uploads\/2023\/03\/zahrada.jpg","datePublished":"2023-03-02T09:59:06+00:00","dateModified":"2023-03-02T10:00:19+00:00","breadcrumb":{"@id":"https:\/\/fcspartaktrnava.com\/futbal-spartak-lokalpatriotizmus-atributy-kazdeho-spravneho-trnavcana\/#breadcrumb"},"inLanguage":"en-GB","potentialAction":[{"@type":"ReadAction","target":["https:\/\/fcspartaktrnava.com\/futbal-spartak-lokalpatriotizmus-atributy-kazdeho-spravneho-trnavcana\/"]}]},{"@type":"ImageObject","inLanguage":"en-GB","@id":"https:\/\/fcspartaktrnava.com\/futbal-spartak-lokalpatriotizmus-atributy-kazdeho-spravneho-trnavcana\/#primaryimage","url":"https:\/\/fcspartaktrnava.com\/wp-content\/uploads\/2023\/03\/zahrada.jpg","contentUrl":"https:\/\/fcspartaktrnava.com\/wp-content\/uploads\/2023\/03\/zahrada.jpg","width":1280,"height":1600},{"@type":"BreadcrumbList","@id":"https:\/\/fcspartaktrnava.com\/futbal-spartak-lokalpatriotizmus-atributy-kazdeho-spravneho-trnavcana\/#breadcrumb","itemListElement":[{"@type":"ListItem","position":1,"name":"Home","item":"https:\/\/fcspartaktrnava.com\/"},{"@type":"ListItem","position":2,"name":"Futbal, Spartak, lok\u00e1lpatriotizmus, atrib\u00faty ka\u017ed\u00e9ho spr\u00e1vneho Trnav\u010dana"}]},{"@type":"WebSite","@id":"https:\/\/fcspartaktrnava.com\/#website","url":"https:\/\/fcspartaktrnava.com\/","name":"FC Spartak Trnava","description":"ofici\u00e1lna webstr\u00e1nka futbalov\u00e9ho klubu","publisher":{"@id":"https:\/\/fcspartaktrnava.com\/#organization"},"potentialAction":[{"@type":"SearchAction","target":{"@type":"EntryPoint","urlTemplate":"https:\/\/fcspartaktrnava.com\/?s={search_term_string}"},"query-input":{"@type":"PropertyValueSpecification","valueRequired":true,"valueName":"search_term_string"}}],"inLanguage":"en-GB"},{"@type":"Organization","@id":"https:\/\/fcspartaktrnava.com\/#organization","name":"FC Spartak Trnava","alternateName":"Spartak","url":"https:\/\/fcspartaktrnava.com\/","logo":{"@type":"ImageObject","inLanguage":"en-GB","@id":"https:\/\/fcspartaktrnava.com\/#\/schema\/logo\/image\/","url":"https:\/\/fcspartaktrnava.com\/wp-content\/uploads\/2022\/08\/cropped-site_logo.png","contentUrl":"https:\/\/fcspartaktrnava.com\/wp-content\/uploads\/2022\/08\/cropped-site_logo.png","width":140,"height":140,"caption":"FC Spartak Trnava"},"image":{"@id":"https:\/\/fcspartaktrnava.com\/#\/schema\/logo\/image\/"},"sameAs":["https:\/\/www.facebook.com\/SpartakTrnava","https:\/\/x.com\/SpartakTrnava1","https:\/\/www.instagram.com\/spartak_sk\/"]},{"@type":"Person","@id":"https:\/\/fcspartaktrnava.com\/#\/schema\/person\/24bc5b254af14f71d7d8af178790aa75","name":"spartak","image":{"@type":"ImageObject","inLanguage":"en-GB","@id":"https:\/\/fcspartaktrnava.com\/#\/schema\/person\/image\/","url":"https:\/\/secure.gravatar.com\/avatar\/f8ff8584f3fcf3909a11a6da9019f37749183b4015bca14e64556c52614cdc7f?s=96&d=mm&r=g","contentUrl":"https:\/\/secure.gravatar.com\/avatar\/f8ff8584f3fcf3909a11a6da9019f37749183b4015bca14e64556c52614cdc7f?s=96&d=mm&r=g","caption":"spartak"},"url":"https:\/\/fcspartaktrnava.com\/en\/author\/spartak\/"}]}},"_links":{"self":[{"href":"https:\/\/fcspartaktrnava.com\/en\/wp-json\/wp\/v2\/posts\/5860","targetHints":{"allow":["GET"]}}],"collection":[{"href":"https:\/\/fcspartaktrnava.com\/en\/wp-json\/wp\/v2\/posts"}],"about":[{"href":"https:\/\/fcspartaktrnava.com\/en\/wp-json\/wp\/v2\/types\/post"}],"author":[{"embeddable":true,"href":"https:\/\/fcspartaktrnava.com\/en\/wp-json\/wp\/v2\/users\/2"}],"replies":[{"embeddable":true,"href":"https:\/\/fcspartaktrnava.com\/en\/wp-json\/wp\/v2\/comments?post=5860"}],"version-history":[{"count":0,"href":"https:\/\/fcspartaktrnava.com\/en\/wp-json\/wp\/v2\/posts\/5860\/revisions"}],"wp:featuredmedia":[{"embeddable":true,"href":"https:\/\/fcspartaktrnava.com\/en\/wp-json\/wp\/v2\/media\/5861"}],"wp:attachment":[{"href":"https:\/\/fcspartaktrnava.com\/en\/wp-json\/wp\/v2\/media?parent=5860"}],"wp:term":[{"taxonomy":"category","embeddable":true,"href":"https:\/\/fcspartaktrnava.com\/en\/wp-json\/wp\/v2\/categories?post=5860"},{"taxonomy":"post_tag","embeddable":true,"href":"https:\/\/fcspartaktrnava.com\/en\/wp-json\/wp\/v2\/tags?post=5860"}],"curies":[{"name":"wp","href":"https:\/\/api.w.org\/{rel}","templated":true}]}}