{"id":5794,"date":"2023-02-28T15:40:18","date_gmt":"2023-02-28T15:40:18","guid":{"rendered":"https:\/\/fcspartaktrnava.com\/?p=5794"},"modified":"2023-02-28T15:41:17","modified_gmt":"2023-02-28T15:41:17","slug":"5794-2","status":"publish","type":"post","link":"https:\/\/fcspartaktrnava.com\/en\/5794-2\/","title":{"rendered":"Postup do semifin\u00e1le cez Kom\u00e1rno"},"content":{"rendered":"<div class=\"wp-block-group\"><div class=\"wp-block-group__inner-container is-layout-flow wp-block-group-is-layout-flow\">\n<p class=\"has-text-align-center\" style=\"font-size:16px\">Kom\u00e1rno, Slovnaft Cup, \u0161tvr\u0165fin\u00e1le, 28. 2. 2023 o 14:00<\/p>\n\n\n\n<p class=\"has-text-align-center has-large-font-size\">KFC KOM\u00c1RNO<br>SPARTAK TRNAVA<\/p>\n\n\n\n<p class=\"has-text-align-center has-x-large-font-size\" style=\"font-style:normal;font-weight:600\">0:2 <\/p>\n<\/div><\/div>\n\n\n\n<div class=\"wp-block-group has-black-color has-text-color has-background\" style=\"background-color:#e2e7ec\"><div class=\"wp-block-group__inner-container is-layout-flow wp-block-group-is-layout-flow\">\n<p><strong>KOM\u00c1RNO<\/strong>:<\/p>\n\n\n\n<p>Br\u00e9da \u2013 Adayilo (74. \u0160tepanovsk\u00fd), Sal\u00e1ta, \u0160piriak, \u0160urnovsk\u00fd \u2013 \u0160imko, O\u017evolda (80. Emmanuel) \u2013 \u0160mehyl, N\u00e9meth, Ganbold (74. M\u00e9sz\u00e1ros) &#8211; T\u00f3th<\/p>\n\n\n\n<p><strong>SPARTAK<\/strong>:<\/p>\n\n\n\n<p>Tak\u00e1\u010d \u2013 Ko\u0161trna, \u0160tetina, K\u00f3\u0161a (76. \u010curma), Mikovi\u010d \u2013 Ofori (76. Daniel), Proch\u00e1zka (46. Ristovski), Savvidis, Paur (76. \u0160tef\u00e1nik), Bukata (85. Oseni) \u2013 Taiwo<\/p>\n\n\n\n<p><strong>Goals<\/strong>: 63. Mikovi\u010d (\u0160tetina), 71. Taiwo (Ofori)<\/p>\n\n\n\n<p><strong>Rozhodoval<\/strong>: Martin Doh\u00e1l<\/p>\n\n\n\n<p><strong>Yellow cards<\/strong>: \u00a0Adayilo, \u0160imko, \u0160piriak &#8211; \u0160tetina, Savvidis<\/p>\n\n\n\n<p>920 div\u00e1kov<\/p>\n<\/div><\/div>\n\n\n\n<p>Spartak sa od \u00favodu \u0161tvr\u0165fin\u00e1lov\u00e9ho z\u00e1pasu Slovnaft Cupu tla\u010dil na polovicu s\u00fapera, ale Kom\u00e1r\u0148ania si obozretne str\u00e1\u017eili svoju \u0161estn\u00e1stku, do ktorej spartakovcov nep\u00fa\u0161\u0165ali. K&nbsp;prv\u00e9mu brank\u00e1rskemu z\u00e1kroku prin\u00fatil v&nbsp;13. min Tak\u00e1\u010da T\u00f3th, ale jeho hlavi\u010dka nemohla narobi\u0165 probl\u00e9my. Spartakovci pekne zakombinovali v&nbsp;25. min, Mikovi\u010d centroval z&nbsp;\u013eavej strany na \u00faplne vo\u013en\u00e9ho Taiwa, ale loptu mu z&nbsp;hlavy zobral brank\u00e1r. Zvy\u0161ok z\u00e1pasu pr\u00edli\u0161 ve\u013ea vzruchu pred br\u00e1nkami nepriniesol. O&nbsp;strelu sa spoza \u0161estn\u00e1stky po priamom kope pok\u00fasil Mikovi\u010d, ale z&nbsp;prvej netrafil br\u00e1nku.<\/p>\n\n\n\n<p>Do druh\u00e9ho pol\u010dasu poslal Michal Ga\u0161par\u00edk aj druh\u00e9ho \u00fato\u010dn\u00edka Ristovskeho. Spartak pridal v\u00a0aktivite na polovici s\u00fapera po hodine hry sa do\u010dkal otv\u00e1racieho g\u00f3lu. \u0160tetina zahr\u00e1val priamy kop z\u00a0pomerne ve\u013ekej vzdialenosti, v\u0161etci zrejme \u010dakali delovku priamo na br\u00e1nku, ale stop\u00e9r Trnavy vysunul rozbehnut\u00e9ho Mikovi\u010da. Ten za chrbtom obrany prudko h\u013eadal pred br\u00e1nkou niektor\u00e9ho zo spoluhr\u00e1\u010dov, ale lopta pre\u0161la cez cel\u00fa p\u00e4\u0165ku a\u017e do br\u00e1nky. Zakr\u00e1tko vy\u0161iel Trnave aj pekn\u00fd brejk, ktor\u00fd za\u010dal \u0160tetina na pravej strane, cez Ko\u0161trnu a\u00a0Oforiho sa lopta dostala k\u00a0Taiwovi, ktor\u00fd sa v\u00a0\u0161estn\u00e1stke oto\u010dil cez stop\u00e9ra a\u00a0k\u00a0ty\u010dke zv\u00fd\u0161il na 2:0. Nig\u00e9rijsk\u00fd \u00fato\u010dn\u00edk mohol prida\u0165 aj tret\u00ed g\u00f3l, ale netrafil dobre sp\u00e4tn\u00fa Mikovi\u010dovu prihr\u00e1vku. G\u00f3lov\u00fa bodku mohol da\u0165 za z\u00e1pasom striedaj\u00faci Oseni, ktor\u00fd si nabehol na Ristovskeho center, ale v\u00a0dobrej poz\u00edcii minul br\u00e1nku.<\/p>\n\n\n\n<p class=\"has-vivid-red-color has-text-color has-medium-font-size\"><strong>POVEDAL PO Z\u00c1PASE:<\/strong><\/p>\n\n\n\n<p>Michal Ga\u0161par\u00edk (Trnava): <strong><em>\u201eTak\u00fdto z\u00e1pas sme o\u010dak\u00e1vali. Ve\u013emi \u0165a\u017ek\u00fd ter\u00e9n, lopta bola viac vo vzduchu ako po zemi a\u00a0pod\u013ea toho sme volili na\u0161u zostavu, \u017ee tam bolo dos\u0165 vy\u0161\u0161\u00edch, s\u00fabojov\u00fdch hr\u00e1\u010dov. Mal som pocit po prvom pol\u010dase, \u017ee sme sa a\u017e pr\u00edli\u0161 prisp\u00f4sobili s\u00faperovi a\u00a0ter\u00e9nu a\u00a0nesk\u00fa\u0161ali sme viac kombinova\u0165 na s\u00faperovej polovi\u010dke. To sme chceli zmeni\u0165 v\u00a0druhom pol\u010dase, zmenili sme rozostavenie na 4 \u2013 4 \u2013 2, aby sme sk\u00fa\u0161ali centrova\u0165 a\u00a0mali v\u00e4\u010d\u0161\u00ed tlak v\u00a0\u0161estn\u00e1stke. Pokia\u013e bol ten z\u00e1pas tak\u00fd, \u017ee sa to nakop\u00e1va, tak aby sme tam mali dvoch hrotov\u00fdch \u00fato\u010dn\u00edkov. Nakoniec to rozhodla \u0161tandardka, ktor\u00fa si chalani sami vymysleli. To nebolo nacvi\u010den\u00e9 a\u00a0t\u00e1to \u0161tandardka rozhodla. Druh\u00fd g\u00f3l bol upokojuj\u00faci po peknej kombin\u00e1cii a\u00a0som r\u00e1d, \u017ee aj Taiwo sa presadil, lebo mu sype a\u00a0to je ve\u013emi d\u00f4le\u017eit\u00e9.\u201c<\/em><\/strong><\/p>\n\n\n\n<figure class=\"wp-block-embed is-type-video is-provider-youtube wp-block-embed-youtube wp-embed-aspect-16-9 wp-has-aspect-ratio\"><div class=\"wp-block-embed__wrapper\">\n<iframe loading=\"lazy\" title=\"Michal Ga\u0161par\u00edk po z\u00e1pase s Kom\u00e1rnom\" width=\"500\" height=\"281\" src=\"https:\/\/www.youtube.com\/embed\/kJf9WEucFWg?feature=oembed\" frameborder=\"0\" allow=\"accelerometer; autoplay; clipboard-write; encrypted-media; gyroscope; picture-in-picture; web-share\" referrerpolicy=\"strict-origin-when-cross-origin\" allowfullscreen><\/iframe>\n<\/div><\/figure>","protected":false},"excerpt":{"rendered":"<p>Kom\u00e1rno, Slovnaft Cup, \u0161tvr\u0165fin\u00e1le, 28. 2. 2023 o&#8230;<\/p>","protected":false},"author":2,"featured_media":5795,"comment_status":"closed","ping_status":"closed","sticky":false,"template":"","format":"standard","meta":{"footnotes":""},"categories":[12],"tags":[11,57],"class_list":["post-5794","post","type-post","status-publish","format-standard","has-post-thumbnail","hentry","category-spravy","tag-michal-gasparik","tag-slovnaft-cup","post-number-1"],"yoast_head":"<!-- This site is optimized with the Yoast SEO plugin v27.1.1 - https:\/\/yoast.com\/product\/yoast-seo-wordpress\/ -->\n<title>Postup do semifin\u00e1le cez Kom\u00e1rno - FC Spartak Trnava<\/title>\n<meta name=\"robots\" content=\"index, follow, max-snippet:-1, max-image-preview:large, max-video-preview:-1\" \/>\n<link rel=\"canonical\" href=\"https:\/\/fcspartaktrnava.com\/en\/5794-2\/\" \/>\n<meta name=\"twitter:label1\" content=\"Written by\" \/>\n\t<meta name=\"twitter:data1\" content=\"spartak\" \/>\n\t<meta name=\"twitter:label2\" content=\"Estimated reading time\" \/>\n\t<meta name=\"twitter:data2\" content=\"3 minutes\" \/>\n<script type=\"application\/ld+json\" class=\"yoast-schema-graph\">{\"@context\":\"https:\/\/schema.org\",\"@graph\":[{\"@type\":\"Article\",\"@id\":\"https:\/\/fcspartaktrnava.com\/5794-2\/#article\",\"isPartOf\":{\"@id\":\"https:\/\/fcspartaktrnava.com\/5794-2\/\"},\"author\":{\"name\":\"spartak\",\"@id\":\"https:\/\/fcspartaktrnava.com\/#\/schema\/person\/24bc5b254af14f71d7d8af178790aa75\"},\"headline\":\"Postup do semifin\u00e1le cez Kom\u00e1rno\",\"datePublished\":\"2023-02-28T15:40:18+00:00\",\"dateModified\":\"2023-02-28T15:41:17+00:00\",\"mainEntityOfPage\":{\"@id\":\"https:\/\/fcspartaktrnava.com\/5794-2\/\"},\"wordCount\":563,\"publisher\":{\"@id\":\"https:\/\/fcspartaktrnava.com\/#organization\"},\"image\":{\"@id\":\"https:\/\/fcspartaktrnava.com\/5794-2\/#primaryimage\"},\"thumbnailUrl\":\"https:\/\/fcspartaktrnava.com\/wp-content\/uploads\/2023\/02\/komarno-pohar.jpg\",\"keywords\":[\"Michal Ga\u0161par\u00edk\",\"Slovnaft Cup\"],\"articleSection\":[\"Spr\u00e1vy\"],\"inLanguage\":\"en-GB\"},{\"@type\":\"WebPage\",\"@id\":\"https:\/\/fcspartaktrnava.com\/5794-2\/\",\"url\":\"https:\/\/fcspartaktrnava.com\/5794-2\/\",\"name\":\"Postup do semifin\u00e1le cez Kom\u00e1rno - FC Spartak Trnava\",\"isPartOf\":{\"@id\":\"https:\/\/fcspartaktrnava.com\/#website\"},\"primaryImageOfPage\":{\"@id\":\"https:\/\/fcspartaktrnava.com\/5794-2\/#primaryimage\"},\"image\":{\"@id\":\"https:\/\/fcspartaktrnava.com\/5794-2\/#primaryimage\"},\"thumbnailUrl\":\"https:\/\/fcspartaktrnava.com\/wp-content\/uploads\/2023\/02\/komarno-pohar.jpg\",\"datePublished\":\"2023-02-28T15:40:18+00:00\",\"dateModified\":\"2023-02-28T15:41:17+00:00\",\"breadcrumb\":{\"@id\":\"https:\/\/fcspartaktrnava.com\/5794-2\/#breadcrumb\"},\"inLanguage\":\"en-GB\",\"potentialAction\":[{\"@type\":\"ReadAction\",\"target\":[\"https:\/\/fcspartaktrnava.com\/5794-2\/\"]}]},{\"@type\":\"ImageObject\",\"inLanguage\":\"en-GB\",\"@id\":\"https:\/\/fcspartaktrnava.com\/5794-2\/#primaryimage\",\"url\":\"https:\/\/fcspartaktrnava.com\/wp-content\/uploads\/2023\/02\/komarno-pohar.jpg\",\"contentUrl\":\"https:\/\/fcspartaktrnava.com\/wp-content\/uploads\/2023\/02\/komarno-pohar.jpg\",\"width\":1210,\"height\":805},{\"@type\":\"BreadcrumbList\",\"@id\":\"https:\/\/fcspartaktrnava.com\/5794-2\/#breadcrumb\",\"itemListElement\":[{\"@type\":\"ListItem\",\"position\":1,\"name\":\"Home\",\"item\":\"https:\/\/fcspartaktrnava.com\/\"},{\"@type\":\"ListItem\",\"position\":2,\"name\":\"Postup do semifin\u00e1le cez Kom\u00e1rno\"}]},{\"@type\":\"WebSite\",\"@id\":\"https:\/\/fcspartaktrnava.com\/#website\",\"url\":\"https:\/\/fcspartaktrnava.com\/\",\"name\":\"FC Spartak Trnava\",\"description\":\"ofici\u00e1lna webstr\u00e1nka futbalov\u00e9ho klubu\",\"publisher\":{\"@id\":\"https:\/\/fcspartaktrnava.com\/#organization\"},\"potentialAction\":[{\"@type\":\"SearchAction\",\"target\":{\"@type\":\"EntryPoint\",\"urlTemplate\":\"https:\/\/fcspartaktrnava.com\/?s={search_term_string}\"},\"query-input\":{\"@type\":\"PropertyValueSpecification\",\"valueRequired\":true,\"valueName\":\"search_term_string\"}}],\"inLanguage\":\"en-GB\"},{\"@type\":\"Organization\",\"@id\":\"https:\/\/fcspartaktrnava.com\/#organization\",\"name\":\"FC Spartak Trnava\",\"alternateName\":\"Spartak\",\"url\":\"https:\/\/fcspartaktrnava.com\/\",\"logo\":{\"@type\":\"ImageObject\",\"inLanguage\":\"en-GB\",\"@id\":\"https:\/\/fcspartaktrnava.com\/#\/schema\/logo\/image\/\",\"url\":\"https:\/\/fcspartaktrnava.com\/wp-content\/uploads\/2022\/08\/cropped-site_logo.png\",\"contentUrl\":\"https:\/\/fcspartaktrnava.com\/wp-content\/uploads\/2022\/08\/cropped-site_logo.png\",\"width\":140,\"height\":140,\"caption\":\"FC Spartak Trnava\"},\"image\":{\"@id\":\"https:\/\/fcspartaktrnava.com\/#\/schema\/logo\/image\/\"},\"sameAs\":[\"https:\/\/www.facebook.com\/SpartakTrnava\",\"https:\/\/x.com\/SpartakTrnava1\",\"https:\/\/www.instagram.com\/spartak_sk\/\"]},{\"@type\":\"Person\",\"@id\":\"https:\/\/fcspartaktrnava.com\/#\/schema\/person\/24bc5b254af14f71d7d8af178790aa75\",\"name\":\"spartak\",\"image\":{\"@type\":\"ImageObject\",\"inLanguage\":\"en-GB\",\"@id\":\"https:\/\/fcspartaktrnava.com\/#\/schema\/person\/image\/\",\"url\":\"https:\/\/secure.gravatar.com\/avatar\/f8ff8584f3fcf3909a11a6da9019f37749183b4015bca14e64556c52614cdc7f?s=96&d=mm&r=g\",\"contentUrl\":\"https:\/\/secure.gravatar.com\/avatar\/f8ff8584f3fcf3909a11a6da9019f37749183b4015bca14e64556c52614cdc7f?s=96&d=mm&r=g\",\"caption\":\"spartak\"},\"url\":\"https:\/\/fcspartaktrnava.com\/en\/author\/spartak\/\"}]}<\/script>\n<!-- \/ Yoast SEO plugin. -->","yoast_head_json":{"title":"Postup do semifin\u00e1le cez Kom\u00e1rno - FC Spartak Trnava","robots":{"index":"index","follow":"follow","max-snippet":"max-snippet:-1","max-image-preview":"max-image-preview:large","max-video-preview":"max-video-preview:-1"},"canonical":"https:\/\/fcspartaktrnava.com\/en\/5794-2\/","twitter_misc":{"Written by":"spartak","Estimated reading time":"3 minutes"},"schema":{"@context":"https:\/\/schema.org","@graph":[{"@type":"Article","@id":"https:\/\/fcspartaktrnava.com\/5794-2\/#article","isPartOf":{"@id":"https:\/\/fcspartaktrnava.com\/5794-2\/"},"author":{"name":"spartak","@id":"https:\/\/fcspartaktrnava.com\/#\/schema\/person\/24bc5b254af14f71d7d8af178790aa75"},"headline":"Postup do semifin\u00e1le cez Kom\u00e1rno","datePublished":"2023-02-28T15:40:18+00:00","dateModified":"2023-02-28T15:41:17+00:00","mainEntityOfPage":{"@id":"https:\/\/fcspartaktrnava.com\/5794-2\/"},"wordCount":563,"publisher":{"@id":"https:\/\/fcspartaktrnava.com\/#organization"},"image":{"@id":"https:\/\/fcspartaktrnava.com\/5794-2\/#primaryimage"},"thumbnailUrl":"https:\/\/fcspartaktrnava.com\/wp-content\/uploads\/2023\/02\/komarno-pohar.jpg","keywords":["Michal Ga\u0161par\u00edk","Slovnaft Cup"],"articleSection":["Spr\u00e1vy"],"inLanguage":"en-GB"},{"@type":"WebPage","@id":"https:\/\/fcspartaktrnava.com\/5794-2\/","url":"https:\/\/fcspartaktrnava.com\/5794-2\/","name":"Postup do semifin\u00e1le cez Kom\u00e1rno - FC Spartak Trnava","isPartOf":{"@id":"https:\/\/fcspartaktrnava.com\/#website"},"primaryImageOfPage":{"@id":"https:\/\/fcspartaktrnava.com\/5794-2\/#primaryimage"},"image":{"@id":"https:\/\/fcspartaktrnava.com\/5794-2\/#primaryimage"},"thumbnailUrl":"https:\/\/fcspartaktrnava.com\/wp-content\/uploads\/2023\/02\/komarno-pohar.jpg","datePublished":"2023-02-28T15:40:18+00:00","dateModified":"2023-02-28T15:41:17+00:00","breadcrumb":{"@id":"https:\/\/fcspartaktrnava.com\/5794-2\/#breadcrumb"},"inLanguage":"en-GB","potentialAction":[{"@type":"ReadAction","target":["https:\/\/fcspartaktrnava.com\/5794-2\/"]}]},{"@type":"ImageObject","inLanguage":"en-GB","@id":"https:\/\/fcspartaktrnava.com\/5794-2\/#primaryimage","url":"https:\/\/fcspartaktrnava.com\/wp-content\/uploads\/2023\/02\/komarno-pohar.jpg","contentUrl":"https:\/\/fcspartaktrnava.com\/wp-content\/uploads\/2023\/02\/komarno-pohar.jpg","width":1210,"height":805},{"@type":"BreadcrumbList","@id":"https:\/\/fcspartaktrnava.com\/5794-2\/#breadcrumb","itemListElement":[{"@type":"ListItem","position":1,"name":"Home","item":"https:\/\/fcspartaktrnava.com\/"},{"@type":"ListItem","position":2,"name":"Postup do semifin\u00e1le cez Kom\u00e1rno"}]},{"@type":"WebSite","@id":"https:\/\/fcspartaktrnava.com\/#website","url":"https:\/\/fcspartaktrnava.com\/","name":"FC Spartak Trnava","description":"ofici\u00e1lna webstr\u00e1nka futbalov\u00e9ho klubu","publisher":{"@id":"https:\/\/fcspartaktrnava.com\/#organization"},"potentialAction":[{"@type":"SearchAction","target":{"@type":"EntryPoint","urlTemplate":"https:\/\/fcspartaktrnava.com\/?s={search_term_string}"},"query-input":{"@type":"PropertyValueSpecification","valueRequired":true,"valueName":"search_term_string"}}],"inLanguage":"en-GB"},{"@type":"Organization","@id":"https:\/\/fcspartaktrnava.com\/#organization","name":"FC Spartak Trnava","alternateName":"Spartak","url":"https:\/\/fcspartaktrnava.com\/","logo":{"@type":"ImageObject","inLanguage":"en-GB","@id":"https:\/\/fcspartaktrnava.com\/#\/schema\/logo\/image\/","url":"https:\/\/fcspartaktrnava.com\/wp-content\/uploads\/2022\/08\/cropped-site_logo.png","contentUrl":"https:\/\/fcspartaktrnava.com\/wp-content\/uploads\/2022\/08\/cropped-site_logo.png","width":140,"height":140,"caption":"FC Spartak Trnava"},"image":{"@id":"https:\/\/fcspartaktrnava.com\/#\/schema\/logo\/image\/"},"sameAs":["https:\/\/www.facebook.com\/SpartakTrnava","https:\/\/x.com\/SpartakTrnava1","https:\/\/www.instagram.com\/spartak_sk\/"]},{"@type":"Person","@id":"https:\/\/fcspartaktrnava.com\/#\/schema\/person\/24bc5b254af14f71d7d8af178790aa75","name":"spartak","image":{"@type":"ImageObject","inLanguage":"en-GB","@id":"https:\/\/fcspartaktrnava.com\/#\/schema\/person\/image\/","url":"https:\/\/secure.gravatar.com\/avatar\/f8ff8584f3fcf3909a11a6da9019f37749183b4015bca14e64556c52614cdc7f?s=96&d=mm&r=g","contentUrl":"https:\/\/secure.gravatar.com\/avatar\/f8ff8584f3fcf3909a11a6da9019f37749183b4015bca14e64556c52614cdc7f?s=96&d=mm&r=g","caption":"spartak"},"url":"https:\/\/fcspartaktrnava.com\/en\/author\/spartak\/"}]}},"_links":{"self":[{"href":"https:\/\/fcspartaktrnava.com\/en\/wp-json\/wp\/v2\/posts\/5794","targetHints":{"allow":["GET"]}}],"collection":[{"href":"https:\/\/fcspartaktrnava.com\/en\/wp-json\/wp\/v2\/posts"}],"about":[{"href":"https:\/\/fcspartaktrnava.com\/en\/wp-json\/wp\/v2\/types\/post"}],"author":[{"embeddable":true,"href":"https:\/\/fcspartaktrnava.com\/en\/wp-json\/wp\/v2\/users\/2"}],"replies":[{"embeddable":true,"href":"https:\/\/fcspartaktrnava.com\/en\/wp-json\/wp\/v2\/comments?post=5794"}],"version-history":[{"count":0,"href":"https:\/\/fcspartaktrnava.com\/en\/wp-json\/wp\/v2\/posts\/5794\/revisions"}],"wp:featuredmedia":[{"embeddable":true,"href":"https:\/\/fcspartaktrnava.com\/en\/wp-json\/wp\/v2\/media\/5795"}],"wp:attachment":[{"href":"https:\/\/fcspartaktrnava.com\/en\/wp-json\/wp\/v2\/media?parent=5794"}],"wp:term":[{"taxonomy":"category","embeddable":true,"href":"https:\/\/fcspartaktrnava.com\/en\/wp-json\/wp\/v2\/categories?post=5794"},{"taxonomy":"post_tag","embeddable":true,"href":"https:\/\/fcspartaktrnava.com\/en\/wp-json\/wp\/v2\/tags?post=5794"}],"curies":[{"name":"wp","href":"https:\/\/api.w.org\/{rel}","templated":true}]}}