{"id":5691,"date":"2025-10-29T21:24:30","date_gmt":"2025-10-29T19:24:30","guid":{"rendered":"https:\/\/fcspartaktrnava.com\/?p=5691"},"modified":"2025-10-29T22:03:25","modified_gmt":"2025-10-29T20:03:25","slug":"spartak-otocil-zapas-a-porazil-doma-kosice","status":"publish","type":"post","link":"https:\/\/fcspartaktrnava.com\/en\/spartak-otocil-zapas-a-porazil-doma-kosice\/","title":{"rendered":"Spartak oto\u010dil z\u00e1pas a porazil doma Ko\u0161ice"},"content":{"rendered":"<p class=\"has-text-align-center has-black-color has-white-background-color has-text-color has-background has-link-color has-medium-font-size wp-elements-fd3d26258d786cc4d974f5f126fcae7f\"><br><strong>Spartak Trnava &#8211; FC Ko\u0161ice 3:1 (2:1)<\/strong><br><br><strong>Spartak<\/strong>: Frelih \u2013 Ko\u0161trna, Nwadike, Stojsavljevi\u010d &#8211; Hol\u00edk, Moistrapishvili (78. Khorkheli), Sabo (C), Jure\u0161kin &#8211; Gong (62. Proch\u00e1zka), Taiwo (78. \u010euri\u0161), \u0160krbo (31. Kudli\u010dka)<br><br><strong>Ko\u0161ice<\/strong>: Kira &#8211; Magda (86. Zsigmund), Teplan, Dimun, Kru\u017eliak (C), Kakay (78. Kov\u00e1cs) &#8211; Gallovi\u010d, Metu &#8211; Jones (69. Miljani\u010d) &#8211; \u010cerepkai (86. Palacin), Peri\u0161i\u010d (78. Rehu\u0161)<br><br><strong>Goals:<\/strong> 32. Kudli\u010dka, 33. Taiwo, 90. \u010euri\u0161 &#8211; 20. Peri\u0161i\u010d<br><strong>Yellow cards<\/strong>: Taiwo, Jure\u0161kin &#8211; Metu, Gallovi\u010d<br><br><strong>Rozhodoval<\/strong>: Kru\u017eliak<br><strong>Spectators<\/strong>: 3538<\/p>\n\n\n\n<p class=\"has-medium-font-size\"><br>Na dohr\u00e1van\u00fd z\u00e1pas \u0161tvrt\u00e9ho kola Nik\u00e9 ligy proti posledn\u00fdm Ko\u0161iciam poslal tr\u00e9ner \u0160\u010dasn\u00fd jeden\u00e1stku s viacer\u00fdmi zmenami. Na \u013eavom stop\u00e9rovi nast\u00fapil Stojsavljevi\u010d, nad n\u00edm operoval Jure\u0161kin. Na pravom kr\u00eddle nahradil potrestan\u00e9ho Azanga krajan Gong. V strede z\u00e1lohy hral s kapit\u00e1nskou p\u00e1skou Sabo.<br><br>U\u017e v \u0161iestej min\u00fate mohol otvori\u0165 sk\u00f3re Gong, ale pekn\u00fa loptu za obranu musel spracova\u0165 r\u00fdchlo a pred Kirom nemal pr\u00edli\u0161 priestor na zakon\u010denie. Na druhej strane mieril tesne mimo br\u00e1nku Peri\u0161i\u010d. Hoci umne obstrelil br\u00e1niaceho Nwadikeho, Frelih nemusel zasahova\u0165. V dvadsiatej min\u00fate poslal Ko\u0161ice do vedenia pr\u00e1ve Peri\u0161i\u010d, ke\u010f nap\u00e1lil loptu za Freliha po prihr\u00e1vke \u010cerepkaia z pravej strany &#8211; 0:1.<br><br>Reakcia trnavskej lavi\u010dky pri\u0161la onedlho a \u0160krba po polhodine hry vystriedal Kudli\u010dka. Kudli\u010dkova reakcia bola e\u0161te r\u00fdchlej\u0161ia. Po osi Gong &#8211; Hol\u00edk sa centrovan\u00e1 lopta dostala pr\u00e1ve ku Kudli\u010dkovi a ten hlavou prekonal Kiru po min\u00fate pobytu na ihrisku &#8211; 1:1. Neuplynula ani min\u00fatka a Spartak viedol. Loptu z pravej strany prudko prihr\u00e1val Gong a strelec Taiwo u\u017e nezav\u00e1hal &#8211; 2:1. R\u00fdchla oto\u010dka Ko\u0161ice o\u010dividne ochromila a do z\u00e1veru prv\u00e9ho pol\u010dasu hralo iba dom\u00e1ce mu\u017estvo.<br><br>Druh\u00e9 dejstvo z\u00e1pasu sa za\u010dalo bez striedania a do \u0161ance sa ako prv\u00e9 dostali Ko\u0161ice.  Magda na\u0161iel z pravej strany \u010cerepkaia, ktor\u00fd zadovkou namieril loptu do br\u00e1nky, av\u0161ak t\u00e1 sa odrazila od ty\u010de a Frelih ju stihol zobra\u0165 do r\u00fak. Po hodine hry nahradil Gonga Proch\u00e1zka, Sabo sa zasunul na poz\u00edciu \u0161estky. Spartak kontroloval hru a bol nebezpe\u010dn\u00fd smerom vpred. Dobr\u00fd n\u00e1beh Taiwa za obranu a zrejme faul v \u0161estn\u00e1stke zmaril avizovan\u00fd ofsajd. Kr\u00e1tko po 70. min\u00fate sa dostal do zakon\u010denia striedaj\u00faci Miljani\u010d, ale na\u0161\u0165astie trafil bo\u010dn\u00fa sie\u0165. <br><br>V 78. min\u00fate pri\u0161li na tr\u00e1vnik \u010euri\u0161 a Khorkheli, nahradili Taiwa a Moistrapishviliho. \u010euri\u0161 sa ihne\u010f zapojil do ofenz\u00edvy, po prihr\u00e1vke Proch\u00e1zku sa dostal do hlavi\u010dkov\u00e9ho zakon\u010denia, lopta v\u0161ak mierila tesne mimo br\u00e1nky Kiru. <br><br>Samotn\u00fd z\u00e1ver duelu si Trnav\u010dania kontrolovali a s\u00fapera do z\u00e1vere\u010dn\u00e9ho tlaku nepustili. Naopak po slalome Kudli\u010dku cez obranu sa Kirom vyrazen\u00e1 lopta dostala pred \u010euri\u0161a a ten pohodlne sk\u00f3roval &#8211; 3:1. Spartak dok\u00e1zal dvomi r\u00fdchlymi g\u00f3lmi v prvom pol\u010dase oto\u010di\u0165 nepriazniv\u00fd stav, v z\u00e1vere pridal g\u00f3lov\u00fa poistku a porazil Ko\u0161ice 3:1.<br><br><\/p>","protected":false},"excerpt":{"rendered":"<p>Spartak Trnava &#8211; FC Ko\u0161ice 3:1 (2:1)Spartak: Frelih&#8230;<\/p>","protected":false},"author":2,"featured_media":35765,"comment_status":"closed","ping_status":"closed","sticky":false,"template":"","format":"standard","meta":{"footnotes":""},"categories":[12],"tags":[],"class_list":["post-5691","post","type-post","status-publish","format-standard","has-post-thumbnail","hentry","category-spravy","post-number-1"],"yoast_head":"<!-- This site is optimized with the Yoast SEO plugin v27.1.1 - https:\/\/yoast.com\/product\/yoast-seo-wordpress\/ -->\n<title>Spartak oto\u010dil z\u00e1pas a porazil doma Ko\u0161ice - FC Spartak Trnava<\/title>\n<meta name=\"robots\" content=\"index, follow, max-snippet:-1, max-image-preview:large, max-video-preview:-1\" \/>\n<link rel=\"canonical\" href=\"https:\/\/fcspartaktrnava.com\/en\/spartak-otocil-zapas-a-porazil-doma-kosice\/\" \/>\n<meta name=\"twitter:label1\" content=\"Written by\" \/>\n\t<meta name=\"twitter:data1\" content=\"spartak\" \/>\n\t<meta name=\"twitter:label2\" content=\"Estimated reading time\" \/>\n\t<meta name=\"twitter:data2\" content=\"3 minutes\" \/>\n<script type=\"application\/ld+json\" class=\"yoast-schema-graph\">{\"@context\":\"https:\/\/schema.org\",\"@graph\":[{\"@type\":\"Article\",\"@id\":\"https:\/\/fcspartaktrnava.com\/spartak-otocil-zapas-a-porazil-doma-kosice\/#article\",\"isPartOf\":{\"@id\":\"https:\/\/fcspartaktrnava.com\/spartak-otocil-zapas-a-porazil-doma-kosice\/\"},\"author\":{\"name\":\"spartak\",\"@id\":\"https:\/\/fcspartaktrnava.com\/#\/schema\/person\/24bc5b254af14f71d7d8af178790aa75\"},\"headline\":\"Spartak oto\u010dil z\u00e1pas a porazil doma Ko\u0161ice\",\"datePublished\":\"2025-10-29T19:24:30+00:00\",\"dateModified\":\"2025-10-29T20:03:25+00:00\",\"mainEntityOfPage\":{\"@id\":\"https:\/\/fcspartaktrnava.com\/spartak-otocil-zapas-a-porazil-doma-kosice\/\"},\"wordCount\":533,\"publisher\":{\"@id\":\"https:\/\/fcspartaktrnava.com\/#organization\"},\"image\":{\"@id\":\"https:\/\/fcspartaktrnava.com\/spartak-otocil-zapas-a-porazil-doma-kosice\/#primaryimage\"},\"thumbnailUrl\":\"https:\/\/fcspartaktrnava.com\/wp-content\/uploads\/2025\/10\/0e9f342f-0a73-4e40-9dc8-82d21aec98ef.jpeg\",\"articleSection\":[\"Spr\u00e1vy\"],\"inLanguage\":\"en-GB\"},{\"@type\":\"WebPage\",\"@id\":\"https:\/\/fcspartaktrnava.com\/spartak-otocil-zapas-a-porazil-doma-kosice\/\",\"url\":\"https:\/\/fcspartaktrnava.com\/spartak-otocil-zapas-a-porazil-doma-kosice\/\",\"name\":\"Spartak oto\u010dil z\u00e1pas a porazil doma Ko\u0161ice - FC Spartak Trnava\",\"isPartOf\":{\"@id\":\"https:\/\/fcspartaktrnava.com\/#website\"},\"primaryImageOfPage\":{\"@id\":\"https:\/\/fcspartaktrnava.com\/spartak-otocil-zapas-a-porazil-doma-kosice\/#primaryimage\"},\"image\":{\"@id\":\"https:\/\/fcspartaktrnava.com\/spartak-otocil-zapas-a-porazil-doma-kosice\/#primaryimage\"},\"thumbnailUrl\":\"https:\/\/fcspartaktrnava.com\/wp-content\/uploads\/2025\/10\/0e9f342f-0a73-4e40-9dc8-82d21aec98ef.jpeg\",\"datePublished\":\"2025-10-29T19:24:30+00:00\",\"dateModified\":\"2025-10-29T20:03:25+00:00\",\"breadcrumb\":{\"@id\":\"https:\/\/fcspartaktrnava.com\/spartak-otocil-zapas-a-porazil-doma-kosice\/#breadcrumb\"},\"inLanguage\":\"en-GB\",\"potentialAction\":[{\"@type\":\"ReadAction\",\"target\":[\"https:\/\/fcspartaktrnava.com\/spartak-otocil-zapas-a-porazil-doma-kosice\/\"]}]},{\"@type\":\"ImageObject\",\"inLanguage\":\"en-GB\",\"@id\":\"https:\/\/fcspartaktrnava.com\/spartak-otocil-zapas-a-porazil-doma-kosice\/#primaryimage\",\"url\":\"https:\/\/fcspartaktrnava.com\/wp-content\/uploads\/2025\/10\/0e9f342f-0a73-4e40-9dc8-82d21aec98ef.jpeg\",\"contentUrl\":\"https:\/\/fcspartaktrnava.com\/wp-content\/uploads\/2025\/10\/0e9f342f-0a73-4e40-9dc8-82d21aec98ef.jpeg\",\"width\":2048,\"height\":1365},{\"@type\":\"BreadcrumbList\",\"@id\":\"https:\/\/fcspartaktrnava.com\/spartak-otocil-zapas-a-porazil-doma-kosice\/#breadcrumb\",\"itemListElement\":[{\"@type\":\"ListItem\",\"position\":1,\"name\":\"Home\",\"item\":\"https:\/\/fcspartaktrnava.com\/\"},{\"@type\":\"ListItem\",\"position\":2,\"name\":\"Spartak oto\u010dil z\u00e1pas a porazil doma Ko\u0161ice\"}]},{\"@type\":\"WebSite\",\"@id\":\"https:\/\/fcspartaktrnava.com\/#website\",\"url\":\"https:\/\/fcspartaktrnava.com\/\",\"name\":\"FC Spartak Trnava\",\"description\":\"ofici\u00e1lna webstr\u00e1nka futbalov\u00e9ho klubu\",\"publisher\":{\"@id\":\"https:\/\/fcspartaktrnava.com\/#organization\"},\"potentialAction\":[{\"@type\":\"SearchAction\",\"target\":{\"@type\":\"EntryPoint\",\"urlTemplate\":\"https:\/\/fcspartaktrnava.com\/?s={search_term_string}\"},\"query-input\":{\"@type\":\"PropertyValueSpecification\",\"valueRequired\":true,\"valueName\":\"search_term_string\"}}],\"inLanguage\":\"en-GB\"},{\"@type\":\"Organization\",\"@id\":\"https:\/\/fcspartaktrnava.com\/#organization\",\"name\":\"FC Spartak Trnava\",\"alternateName\":\"Spartak\",\"url\":\"https:\/\/fcspartaktrnava.com\/\",\"logo\":{\"@type\":\"ImageObject\",\"inLanguage\":\"en-GB\",\"@id\":\"https:\/\/fcspartaktrnava.com\/#\/schema\/logo\/image\/\",\"url\":\"https:\/\/fcspartaktrnava.com\/wp-content\/uploads\/2022\/08\/cropped-site_logo.png\",\"contentUrl\":\"https:\/\/fcspartaktrnava.com\/wp-content\/uploads\/2022\/08\/cropped-site_logo.png\",\"width\":140,\"height\":140,\"caption\":\"FC Spartak Trnava\"},\"image\":{\"@id\":\"https:\/\/fcspartaktrnava.com\/#\/schema\/logo\/image\/\"},\"sameAs\":[\"https:\/\/www.facebook.com\/SpartakTrnava\",\"https:\/\/x.com\/SpartakTrnava1\",\"https:\/\/www.instagram.com\/spartak_sk\/\"]},{\"@type\":\"Person\",\"@id\":\"https:\/\/fcspartaktrnava.com\/#\/schema\/person\/24bc5b254af14f71d7d8af178790aa75\",\"name\":\"spartak\",\"image\":{\"@type\":\"ImageObject\",\"inLanguage\":\"en-GB\",\"@id\":\"https:\/\/fcspartaktrnava.com\/#\/schema\/person\/image\/\",\"url\":\"https:\/\/secure.gravatar.com\/avatar\/f8ff8584f3fcf3909a11a6da9019f37749183b4015bca14e64556c52614cdc7f?s=96&d=mm&r=g\",\"contentUrl\":\"https:\/\/secure.gravatar.com\/avatar\/f8ff8584f3fcf3909a11a6da9019f37749183b4015bca14e64556c52614cdc7f?s=96&d=mm&r=g\",\"caption\":\"spartak\"},\"url\":\"https:\/\/fcspartaktrnava.com\/en\/author\/spartak\/\"}]}<\/script>\n<!-- \/ Yoast SEO plugin. -->","yoast_head_json":{"title":"Spartak oto\u010dil z\u00e1pas a porazil doma Ko\u0161ice - FC Spartak Trnava","robots":{"index":"index","follow":"follow","max-snippet":"max-snippet:-1","max-image-preview":"max-image-preview:large","max-video-preview":"max-video-preview:-1"},"canonical":"https:\/\/fcspartaktrnava.com\/en\/spartak-otocil-zapas-a-porazil-doma-kosice\/","twitter_misc":{"Written by":"spartak","Estimated reading time":"3 minutes"},"schema":{"@context":"https:\/\/schema.org","@graph":[{"@type":"Article","@id":"https:\/\/fcspartaktrnava.com\/spartak-otocil-zapas-a-porazil-doma-kosice\/#article","isPartOf":{"@id":"https:\/\/fcspartaktrnava.com\/spartak-otocil-zapas-a-porazil-doma-kosice\/"},"author":{"name":"spartak","@id":"https:\/\/fcspartaktrnava.com\/#\/schema\/person\/24bc5b254af14f71d7d8af178790aa75"},"headline":"Spartak oto\u010dil z\u00e1pas a porazil doma Ko\u0161ice","datePublished":"2025-10-29T19:24:30+00:00","dateModified":"2025-10-29T20:03:25+00:00","mainEntityOfPage":{"@id":"https:\/\/fcspartaktrnava.com\/spartak-otocil-zapas-a-porazil-doma-kosice\/"},"wordCount":533,"publisher":{"@id":"https:\/\/fcspartaktrnava.com\/#organization"},"image":{"@id":"https:\/\/fcspartaktrnava.com\/spartak-otocil-zapas-a-porazil-doma-kosice\/#primaryimage"},"thumbnailUrl":"https:\/\/fcspartaktrnava.com\/wp-content\/uploads\/2025\/10\/0e9f342f-0a73-4e40-9dc8-82d21aec98ef.jpeg","articleSection":["Spr\u00e1vy"],"inLanguage":"en-GB"},{"@type":"WebPage","@id":"https:\/\/fcspartaktrnava.com\/spartak-otocil-zapas-a-porazil-doma-kosice\/","url":"https:\/\/fcspartaktrnava.com\/spartak-otocil-zapas-a-porazil-doma-kosice\/","name":"Spartak oto\u010dil z\u00e1pas a porazil doma Ko\u0161ice - FC Spartak Trnava","isPartOf":{"@id":"https:\/\/fcspartaktrnava.com\/#website"},"primaryImageOfPage":{"@id":"https:\/\/fcspartaktrnava.com\/spartak-otocil-zapas-a-porazil-doma-kosice\/#primaryimage"},"image":{"@id":"https:\/\/fcspartaktrnava.com\/spartak-otocil-zapas-a-porazil-doma-kosice\/#primaryimage"},"thumbnailUrl":"https:\/\/fcspartaktrnava.com\/wp-content\/uploads\/2025\/10\/0e9f342f-0a73-4e40-9dc8-82d21aec98ef.jpeg","datePublished":"2025-10-29T19:24:30+00:00","dateModified":"2025-10-29T20:03:25+00:00","breadcrumb":{"@id":"https:\/\/fcspartaktrnava.com\/spartak-otocil-zapas-a-porazil-doma-kosice\/#breadcrumb"},"inLanguage":"en-GB","potentialAction":[{"@type":"ReadAction","target":["https:\/\/fcspartaktrnava.com\/spartak-otocil-zapas-a-porazil-doma-kosice\/"]}]},{"@type":"ImageObject","inLanguage":"en-GB","@id":"https:\/\/fcspartaktrnava.com\/spartak-otocil-zapas-a-porazil-doma-kosice\/#primaryimage","url":"https:\/\/fcspartaktrnava.com\/wp-content\/uploads\/2025\/10\/0e9f342f-0a73-4e40-9dc8-82d21aec98ef.jpeg","contentUrl":"https:\/\/fcspartaktrnava.com\/wp-content\/uploads\/2025\/10\/0e9f342f-0a73-4e40-9dc8-82d21aec98ef.jpeg","width":2048,"height":1365},{"@type":"BreadcrumbList","@id":"https:\/\/fcspartaktrnava.com\/spartak-otocil-zapas-a-porazil-doma-kosice\/#breadcrumb","itemListElement":[{"@type":"ListItem","position":1,"name":"Home","item":"https:\/\/fcspartaktrnava.com\/"},{"@type":"ListItem","position":2,"name":"Spartak oto\u010dil z\u00e1pas a porazil doma Ko\u0161ice"}]},{"@type":"WebSite","@id":"https:\/\/fcspartaktrnava.com\/#website","url":"https:\/\/fcspartaktrnava.com\/","name":"FC Spartak Trnava","description":"ofici\u00e1lna webstr\u00e1nka futbalov\u00e9ho klubu","publisher":{"@id":"https:\/\/fcspartaktrnava.com\/#organization"},"potentialAction":[{"@type":"SearchAction","target":{"@type":"EntryPoint","urlTemplate":"https:\/\/fcspartaktrnava.com\/?s={search_term_string}"},"query-input":{"@type":"PropertyValueSpecification","valueRequired":true,"valueName":"search_term_string"}}],"inLanguage":"en-GB"},{"@type":"Organization","@id":"https:\/\/fcspartaktrnava.com\/#organization","name":"FC Spartak Trnava","alternateName":"Spartak","url":"https:\/\/fcspartaktrnava.com\/","logo":{"@type":"ImageObject","inLanguage":"en-GB","@id":"https:\/\/fcspartaktrnava.com\/#\/schema\/logo\/image\/","url":"https:\/\/fcspartaktrnava.com\/wp-content\/uploads\/2022\/08\/cropped-site_logo.png","contentUrl":"https:\/\/fcspartaktrnava.com\/wp-content\/uploads\/2022\/08\/cropped-site_logo.png","width":140,"height":140,"caption":"FC Spartak Trnava"},"image":{"@id":"https:\/\/fcspartaktrnava.com\/#\/schema\/logo\/image\/"},"sameAs":["https:\/\/www.facebook.com\/SpartakTrnava","https:\/\/x.com\/SpartakTrnava1","https:\/\/www.instagram.com\/spartak_sk\/"]},{"@type":"Person","@id":"https:\/\/fcspartaktrnava.com\/#\/schema\/person\/24bc5b254af14f71d7d8af178790aa75","name":"spartak","image":{"@type":"ImageObject","inLanguage":"en-GB","@id":"https:\/\/fcspartaktrnava.com\/#\/schema\/person\/image\/","url":"https:\/\/secure.gravatar.com\/avatar\/f8ff8584f3fcf3909a11a6da9019f37749183b4015bca14e64556c52614cdc7f?s=96&d=mm&r=g","contentUrl":"https:\/\/secure.gravatar.com\/avatar\/f8ff8584f3fcf3909a11a6da9019f37749183b4015bca14e64556c52614cdc7f?s=96&d=mm&r=g","caption":"spartak"},"url":"https:\/\/fcspartaktrnava.com\/en\/author\/spartak\/"}]}},"_links":{"self":[{"href":"https:\/\/fcspartaktrnava.com\/en\/wp-json\/wp\/v2\/posts\/5691","targetHints":{"allow":["GET"]}}],"collection":[{"href":"https:\/\/fcspartaktrnava.com\/en\/wp-json\/wp\/v2\/posts"}],"about":[{"href":"https:\/\/fcspartaktrnava.com\/en\/wp-json\/wp\/v2\/types\/post"}],"author":[{"embeddable":true,"href":"https:\/\/fcspartaktrnava.com\/en\/wp-json\/wp\/v2\/users\/2"}],"replies":[{"embeddable":true,"href":"https:\/\/fcspartaktrnava.com\/en\/wp-json\/wp\/v2\/comments?post=5691"}],"version-history":[{"count":0,"href":"https:\/\/fcspartaktrnava.com\/en\/wp-json\/wp\/v2\/posts\/5691\/revisions"}],"wp:featuredmedia":[{"embeddable":true,"href":"https:\/\/fcspartaktrnava.com\/en\/wp-json\/wp\/v2\/media\/35765"}],"wp:attachment":[{"href":"https:\/\/fcspartaktrnava.com\/en\/wp-json\/wp\/v2\/media?parent=5691"}],"wp:term":[{"taxonomy":"category","embeddable":true,"href":"https:\/\/fcspartaktrnava.com\/en\/wp-json\/wp\/v2\/categories?post=5691"},{"taxonomy":"post_tag","embeddable":true,"href":"https:\/\/fcspartaktrnava.com\/en\/wp-json\/wp\/v2\/tags?post=5691"}],"curies":[{"name":"wp","href":"https:\/\/api.w.org\/{rel}","templated":true}]}}