{"id":5601,"date":"2023-02-24T07:52:00","date_gmt":"2023-02-24T07:52:00","guid":{"rendered":"https:\/\/fcspartaktrnava.com\/?p=5601"},"modified":"2023-02-24T08:02:34","modified_gmt":"2023-02-24T08:02:34","slug":"stefanik-je-po-zraneni-pripraveny","status":"publish","type":"post","link":"https:\/\/fcspartaktrnava.com\/en\/stefanik-je-po-zraneni-pripraveny\/","title":{"rendered":"\u0160tef\u00e1nik je po zranen\u00ed pripraven\u00fd"},"content":{"rendered":"<p>V&nbsp;sobotu od 15. hodiny bud\u00fa ma\u0165 proti Tren\u010d\u00ednu spartakovci druh\u00fd pokus na v\u00fdhru v&nbsp;dom\u00e1cich podmienkach. Proti Ru\u017eomberku vybehol na ihrisko v&nbsp;65. min\u00fate po dlh\u0161om \u010dase najprodukt\u00edvnej\u0161\u00ed hr\u00e1\u010d t\u00edmu Samuel \u0160tef\u00e1nik (4+4). Naposledy hral e\u0161te v&nbsp;okt\u00f3bri proti \u017diline. Odvtedy tr\u00e9noval pauzoval alebo tr\u00e9noval individu\u00e1lne. &nbsp;<\/p>\n\n\n\n<p><strong><em>\u201ePo komplik\u00e1ci\u00e1ch z&nbsp;jesene som si privodil \u010fal\u0161ie zranenie v&nbsp;prest\u00e1vke a&nbsp;chvalabohu u\u017e je v\u0161etko v&nbsp;poriadku. V&nbsp;poslednom z\u00e1pase u\u017e som nie\u010do odohral a&nbsp;som stopercentne fit,\u201c <\/em><\/strong>povedal \u0160tef\u00e1nik, ktor\u00fd sa vr\u00e1til do z\u00e1pasov\u00e9ho rytmu, hoci ani on nedok\u00e1zal zmeni\u0165 v\u00fdvoj z\u00e1pasu. O&nbsp;to viac chce teraz spolu s&nbsp;cel\u00fdm t\u00edmom zabra\u0165 naplno.<\/p>\n\n\n\n<p><strong><em>\u201eC\u00edtil som sa fajn. V&nbsp;pr\u00edprave som nabehal dos\u0165, tak\u017ee fyzicky som bol v&nbsp;pohode. Nebolo to dlho. V\u00fdsledkovo to bolo hor\u0161ie, mus\u00edme to hodi\u0165 za hlavu. Aby sme sa z&nbsp;toho pou\u010dili, museli sme vyvodi\u0165 nejak\u00e9 d\u00f4sledky. Neboli sme spokojn\u00ed, \u017ee z&nbsp;vonku sme doniesli tri body a&nbsp;doma sme v\u0161etky stratili. To n\u00e1s najviac mrzelo a&nbsp;v&nbsp;najbli\u017e\u0161om z\u00e1pase by sme to mali od\u010dini\u0165 troma bodmi.\u201c<\/em><\/strong><\/p>\n\n\n\n<p>V&nbsp;Tren\u010d\u00edne hral \u0160tef\u00e1nik dve sez\u00f3ny pred dvoma rokmi. V&nbsp;prvom vz\u00e1jomnom z\u00e1pase po\u010das jesene zasiahol do z\u00e1pasu a\u017e v&nbsp;samom z\u00e1vere na min\u00fatku. Cez zimn\u00fa prest\u00e1vku sa obaja s\u00faperi streli dva razy, no v&nbsp;oboch pr\u00edpadoch bez \u0160tef\u00e1nika. Najsk\u00f4r vyhrali doma Tren\u010dania 5:1 a&nbsp;potom na Malte bol \u00faspe\u0161nej\u0161\u00ed Spartak v&nbsp;pomere 2:1. &nbsp;<\/p>\n\n\n\n<p><strong><em>\u201ePozn\u00e1m to mu\u017estvo, aj ke\u010f som proti nim dlh\u0161ie nehral. Hoci som nehral, tak na z\u00e1pasoch som bol. Je to nebezpe\u010dn\u00e9 mu\u017estvo, ale n\u00e1\u0161 cie\u013e je vyhra\u0165. Tren\u010d\u00edn hr\u00e1 otvoren\u00fd futbal. Pri Ru\u017eomberku n\u00e1m trocha robilo probl\u00e9m, ke\u010f boli zac\u00favan\u00ed vo vlastnej \u0161estn\u00e1stke,\u201c<\/em><\/strong> mieni \u0161tvorg\u00f3lov\u00fd \u0160tef\u00e1nik. Rovnak\u00fd n\u00e1strel maj\u00fa na svojom konte Bukata, Daniel, Savvidis a&nbsp;Taiwo. Sn\u00e1\u010f u\u017e v&nbsp;najbli\u017e\u0161om kole sa niekto dostane aspo\u0148 na p\u00e4\u0165g\u00f3lov\u00fa m\u00e9tu.<\/p>\n\n\n\n<p>Proti Ru\u017eomberku si&nbsp;trest za p\u00e4\u0165 \u017elt\u00fdch kariet musel odst\u00e1\u0165 stop\u00e9r \u0160tetina, ktor\u00fd u\u017e bude k&nbsp;dispoz\u00edcii. Naopak, piatu kartu videl v&nbsp;minulom z\u00e1pase Kyriakos Savvidis a&nbsp;mo\u017eno pr\u00e1ve jeho miesto v&nbsp;strede z\u00e1lohy zaujme od \u00favodu Samuel \u0160tef\u00e1nik. Hrozba stopky vis\u00ed nad Jakubom Paurom.<\/p>\n\n\n\n<p>Vstupenky na z\u00e1pas s\u00fa u\u017e v&nbsp;predaji online v&nbsp;sieti maxiticket <a href=\"https:\/\/cityarena.maxiticket.sk\/\" target=\"_blank\" rel=\"noreferrer noopener\">https:\/\/cityarena.maxiticket.sk\/<\/a>, pr\u00edpadne v&nbsp;ofici\u00e1lnom fanshope a&nbsp;v&nbsp;de\u0148 z\u00e1pasu sa bud\u00fa da\u0165 k\u00fapi\u0165 v&nbsp;pokladni na \u0160portovej ulici. Bli\u017e\u0161ie inform\u00e1cie o&nbsp;pr\u00e1zdninovej akcii pre deti na: <a href=\"https:\/\/fcspartaktrnava.com\/en\/5112-2\/\">https:\/\/fcspartaktrnava.com\/5112-2\/<\/a>.<\/p>\n\n\n\n<figure class=\"wp-block-embed is-type-video is-provider-youtube wp-block-embed-youtube wp-embed-aspect-16-9 wp-has-aspect-ratio\"><div class=\"wp-block-embed__wrapper\">\n<iframe loading=\"lazy\" title=\"Samuel \u0160tef\u00e1nik: Na\u0161\u00edm cie\u013eom je vyhra\u0165\" width=\"500\" height=\"281\" src=\"https:\/\/www.youtube.com\/embed\/UKyk1p5JzSE?feature=oembed\" frameborder=\"0\" allow=\"accelerometer; autoplay; clipboard-write; encrypted-media; gyroscope; picture-in-picture; web-share\" referrerpolicy=\"strict-origin-when-cross-origin\" allowfullscreen><\/iframe>\n<\/div><\/figure>","protected":false},"excerpt":{"rendered":"<p>V&nbsp;sobotu od 15. hodiny bud\u00fa ma\u0165 proti Tren\u010d\u00ednu&#8230;<\/p>","protected":false},"author":2,"featured_media":5531,"comment_status":"closed","ping_status":"closed","sticky":false,"template":"","format":"standard","meta":{"footnotes":""},"categories":[41],"tags":[],"class_list":["post-5601","post","type-post","status-publish","format-standard","has-post-thumbnail","hentry","category-intervju","post-number-1"],"yoast_head":"<!-- This site is optimized with the Yoast SEO plugin v27.1.1 - https:\/\/yoast.com\/product\/yoast-seo-wordpress\/ -->\n<title>\u0160tef\u00e1nik je po zranen\u00ed pripraven\u00fd - FC Spartak Trnava<\/title>\n<meta name=\"robots\" content=\"index, follow, max-snippet:-1, max-image-preview:large, max-video-preview:-1\" \/>\n<link rel=\"canonical\" href=\"https:\/\/fcspartaktrnava.com\/en\/stefanik-je-po-zraneni-pripraveny\/\" \/>\n<meta name=\"twitter:label1\" content=\"Written by\" \/>\n\t<meta name=\"twitter:data1\" content=\"spartak\" \/>\n\t<meta name=\"twitter:label2\" content=\"Estimated reading time\" \/>\n\t<meta name=\"twitter:data2\" content=\"3 minutes\" \/>\n<script type=\"application\/ld+json\" class=\"yoast-schema-graph\">{\"@context\":\"https:\/\/schema.org\",\"@graph\":[{\"@type\":\"Article\",\"@id\":\"https:\/\/fcspartaktrnava.com\/stefanik-je-po-zraneni-pripraveny\/#article\",\"isPartOf\":{\"@id\":\"https:\/\/fcspartaktrnava.com\/stefanik-je-po-zraneni-pripraveny\/\"},\"author\":{\"name\":\"spartak\",\"@id\":\"https:\/\/fcspartaktrnava.com\/#\/schema\/person\/24bc5b254af14f71d7d8af178790aa75\"},\"headline\":\"\u0160tef\u00e1nik je po zranen\u00ed pripraven\u00fd\",\"datePublished\":\"2023-02-24T07:52:00+00:00\",\"dateModified\":\"2023-02-24T08:02:34+00:00\",\"mainEntityOfPage\":{\"@id\":\"https:\/\/fcspartaktrnava.com\/stefanik-je-po-zraneni-pripraveny\/\"},\"wordCount\":528,\"publisher\":{\"@id\":\"https:\/\/fcspartaktrnava.com\/#organization\"},\"image\":{\"@id\":\"https:\/\/fcspartaktrnava.com\/stefanik-je-po-zraneni-pripraveny\/#primaryimage\"},\"thumbnailUrl\":\"https:\/\/fcspartaktrnava.com\/wp-content\/uploads\/2023\/02\/DSC_0506.jpg\",\"articleSection\":[\"Rozhovory\"],\"inLanguage\":\"en-GB\"},{\"@type\":\"WebPage\",\"@id\":\"https:\/\/fcspartaktrnava.com\/stefanik-je-po-zraneni-pripraveny\/\",\"url\":\"https:\/\/fcspartaktrnava.com\/stefanik-je-po-zraneni-pripraveny\/\",\"name\":\"\u0160tef\u00e1nik je po zranen\u00ed pripraven\u00fd - FC Spartak Trnava\",\"isPartOf\":{\"@id\":\"https:\/\/fcspartaktrnava.com\/#website\"},\"primaryImageOfPage\":{\"@id\":\"https:\/\/fcspartaktrnava.com\/stefanik-je-po-zraneni-pripraveny\/#primaryimage\"},\"image\":{\"@id\":\"https:\/\/fcspartaktrnava.com\/stefanik-je-po-zraneni-pripraveny\/#primaryimage\"},\"thumbnailUrl\":\"https:\/\/fcspartaktrnava.com\/wp-content\/uploads\/2023\/02\/DSC_0506.jpg\",\"datePublished\":\"2023-02-24T07:52:00+00:00\",\"dateModified\":\"2023-02-24T08:02:34+00:00\",\"breadcrumb\":{\"@id\":\"https:\/\/fcspartaktrnava.com\/stefanik-je-po-zraneni-pripraveny\/#breadcrumb\"},\"inLanguage\":\"en-GB\",\"potentialAction\":[{\"@type\":\"ReadAction\",\"target\":[\"https:\/\/fcspartaktrnava.com\/stefanik-je-po-zraneni-pripraveny\/\"]}]},{\"@type\":\"ImageObject\",\"inLanguage\":\"en-GB\",\"@id\":\"https:\/\/fcspartaktrnava.com\/stefanik-je-po-zraneni-pripraveny\/#primaryimage\",\"url\":\"https:\/\/fcspartaktrnava.com\/wp-content\/uploads\/2023\/02\/DSC_0506.jpg\",\"contentUrl\":\"https:\/\/fcspartaktrnava.com\/wp-content\/uploads\/2023\/02\/DSC_0506.jpg\",\"width\":1517,\"height\":1011},{\"@type\":\"BreadcrumbList\",\"@id\":\"https:\/\/fcspartaktrnava.com\/stefanik-je-po-zraneni-pripraveny\/#breadcrumb\",\"itemListElement\":[{\"@type\":\"ListItem\",\"position\":1,\"name\":\"Home\",\"item\":\"https:\/\/fcspartaktrnava.com\/\"},{\"@type\":\"ListItem\",\"position\":2,\"name\":\"\u0160tef\u00e1nik je po zranen\u00ed pripraven\u00fd\"}]},{\"@type\":\"WebSite\",\"@id\":\"https:\/\/fcspartaktrnava.com\/#website\",\"url\":\"https:\/\/fcspartaktrnava.com\/\",\"name\":\"FC Spartak Trnava\",\"description\":\"ofici\u00e1lna webstr\u00e1nka futbalov\u00e9ho klubu\",\"publisher\":{\"@id\":\"https:\/\/fcspartaktrnava.com\/#organization\"},\"potentialAction\":[{\"@type\":\"SearchAction\",\"target\":{\"@type\":\"EntryPoint\",\"urlTemplate\":\"https:\/\/fcspartaktrnava.com\/?s={search_term_string}\"},\"query-input\":{\"@type\":\"PropertyValueSpecification\",\"valueRequired\":true,\"valueName\":\"search_term_string\"}}],\"inLanguage\":\"en-GB\"},{\"@type\":\"Organization\",\"@id\":\"https:\/\/fcspartaktrnava.com\/#organization\",\"name\":\"FC Spartak Trnava\",\"alternateName\":\"Spartak\",\"url\":\"https:\/\/fcspartaktrnava.com\/\",\"logo\":{\"@type\":\"ImageObject\",\"inLanguage\":\"en-GB\",\"@id\":\"https:\/\/fcspartaktrnava.com\/#\/schema\/logo\/image\/\",\"url\":\"https:\/\/fcspartaktrnava.com\/wp-content\/uploads\/2022\/08\/cropped-site_logo.png\",\"contentUrl\":\"https:\/\/fcspartaktrnava.com\/wp-content\/uploads\/2022\/08\/cropped-site_logo.png\",\"width\":140,\"height\":140,\"caption\":\"FC Spartak Trnava\"},\"image\":{\"@id\":\"https:\/\/fcspartaktrnava.com\/#\/schema\/logo\/image\/\"},\"sameAs\":[\"https:\/\/www.facebook.com\/SpartakTrnava\",\"https:\/\/x.com\/SpartakTrnava1\",\"https:\/\/www.instagram.com\/spartak_sk\/\"]},{\"@type\":\"Person\",\"@id\":\"https:\/\/fcspartaktrnava.com\/#\/schema\/person\/24bc5b254af14f71d7d8af178790aa75\",\"name\":\"spartak\",\"image\":{\"@type\":\"ImageObject\",\"inLanguage\":\"en-GB\",\"@id\":\"https:\/\/fcspartaktrnava.com\/#\/schema\/person\/image\/\",\"url\":\"https:\/\/secure.gravatar.com\/avatar\/f8ff8584f3fcf3909a11a6da9019f37749183b4015bca14e64556c52614cdc7f?s=96&d=mm&r=g\",\"contentUrl\":\"https:\/\/secure.gravatar.com\/avatar\/f8ff8584f3fcf3909a11a6da9019f37749183b4015bca14e64556c52614cdc7f?s=96&d=mm&r=g\",\"caption\":\"spartak\"},\"url\":\"https:\/\/fcspartaktrnava.com\/en\/author\/spartak\/\"}]}<\/script>\n<!-- \/ Yoast SEO plugin. -->","yoast_head_json":{"title":"\u0160tef\u00e1nik je po zranen\u00ed pripraven\u00fd - FC Spartak Trnava","robots":{"index":"index","follow":"follow","max-snippet":"max-snippet:-1","max-image-preview":"max-image-preview:large","max-video-preview":"max-video-preview:-1"},"canonical":"https:\/\/fcspartaktrnava.com\/en\/stefanik-je-po-zraneni-pripraveny\/","twitter_misc":{"Written by":"spartak","Estimated reading time":"3 minutes"},"schema":{"@context":"https:\/\/schema.org","@graph":[{"@type":"Article","@id":"https:\/\/fcspartaktrnava.com\/stefanik-je-po-zraneni-pripraveny\/#article","isPartOf":{"@id":"https:\/\/fcspartaktrnava.com\/stefanik-je-po-zraneni-pripraveny\/"},"author":{"name":"spartak","@id":"https:\/\/fcspartaktrnava.com\/#\/schema\/person\/24bc5b254af14f71d7d8af178790aa75"},"headline":"\u0160tef\u00e1nik je po zranen\u00ed pripraven\u00fd","datePublished":"2023-02-24T07:52:00+00:00","dateModified":"2023-02-24T08:02:34+00:00","mainEntityOfPage":{"@id":"https:\/\/fcspartaktrnava.com\/stefanik-je-po-zraneni-pripraveny\/"},"wordCount":528,"publisher":{"@id":"https:\/\/fcspartaktrnava.com\/#organization"},"image":{"@id":"https:\/\/fcspartaktrnava.com\/stefanik-je-po-zraneni-pripraveny\/#primaryimage"},"thumbnailUrl":"https:\/\/fcspartaktrnava.com\/wp-content\/uploads\/2023\/02\/DSC_0506.jpg","articleSection":["Rozhovory"],"inLanguage":"en-GB"},{"@type":"WebPage","@id":"https:\/\/fcspartaktrnava.com\/stefanik-je-po-zraneni-pripraveny\/","url":"https:\/\/fcspartaktrnava.com\/stefanik-je-po-zraneni-pripraveny\/","name":"\u0160tef\u00e1nik je po zranen\u00ed pripraven\u00fd - FC Spartak Trnava","isPartOf":{"@id":"https:\/\/fcspartaktrnava.com\/#website"},"primaryImageOfPage":{"@id":"https:\/\/fcspartaktrnava.com\/stefanik-je-po-zraneni-pripraveny\/#primaryimage"},"image":{"@id":"https:\/\/fcspartaktrnava.com\/stefanik-je-po-zraneni-pripraveny\/#primaryimage"},"thumbnailUrl":"https:\/\/fcspartaktrnava.com\/wp-content\/uploads\/2023\/02\/DSC_0506.jpg","datePublished":"2023-02-24T07:52:00+00:00","dateModified":"2023-02-24T08:02:34+00:00","breadcrumb":{"@id":"https:\/\/fcspartaktrnava.com\/stefanik-je-po-zraneni-pripraveny\/#breadcrumb"},"inLanguage":"en-GB","potentialAction":[{"@type":"ReadAction","target":["https:\/\/fcspartaktrnava.com\/stefanik-je-po-zraneni-pripraveny\/"]}]},{"@type":"ImageObject","inLanguage":"en-GB","@id":"https:\/\/fcspartaktrnava.com\/stefanik-je-po-zraneni-pripraveny\/#primaryimage","url":"https:\/\/fcspartaktrnava.com\/wp-content\/uploads\/2023\/02\/DSC_0506.jpg","contentUrl":"https:\/\/fcspartaktrnava.com\/wp-content\/uploads\/2023\/02\/DSC_0506.jpg","width":1517,"height":1011},{"@type":"BreadcrumbList","@id":"https:\/\/fcspartaktrnava.com\/stefanik-je-po-zraneni-pripraveny\/#breadcrumb","itemListElement":[{"@type":"ListItem","position":1,"name":"Home","item":"https:\/\/fcspartaktrnava.com\/"},{"@type":"ListItem","position":2,"name":"\u0160tef\u00e1nik je po zranen\u00ed pripraven\u00fd"}]},{"@type":"WebSite","@id":"https:\/\/fcspartaktrnava.com\/#website","url":"https:\/\/fcspartaktrnava.com\/","name":"FC Spartak Trnava","description":"ofici\u00e1lna webstr\u00e1nka futbalov\u00e9ho klubu","publisher":{"@id":"https:\/\/fcspartaktrnava.com\/#organization"},"potentialAction":[{"@type":"SearchAction","target":{"@type":"EntryPoint","urlTemplate":"https:\/\/fcspartaktrnava.com\/?s={search_term_string}"},"query-input":{"@type":"PropertyValueSpecification","valueRequired":true,"valueName":"search_term_string"}}],"inLanguage":"en-GB"},{"@type":"Organization","@id":"https:\/\/fcspartaktrnava.com\/#organization","name":"FC Spartak Trnava","alternateName":"Spartak","url":"https:\/\/fcspartaktrnava.com\/","logo":{"@type":"ImageObject","inLanguage":"en-GB","@id":"https:\/\/fcspartaktrnava.com\/#\/schema\/logo\/image\/","url":"https:\/\/fcspartaktrnava.com\/wp-content\/uploads\/2022\/08\/cropped-site_logo.png","contentUrl":"https:\/\/fcspartaktrnava.com\/wp-content\/uploads\/2022\/08\/cropped-site_logo.png","width":140,"height":140,"caption":"FC Spartak Trnava"},"image":{"@id":"https:\/\/fcspartaktrnava.com\/#\/schema\/logo\/image\/"},"sameAs":["https:\/\/www.facebook.com\/SpartakTrnava","https:\/\/x.com\/SpartakTrnava1","https:\/\/www.instagram.com\/spartak_sk\/"]},{"@type":"Person","@id":"https:\/\/fcspartaktrnava.com\/#\/schema\/person\/24bc5b254af14f71d7d8af178790aa75","name":"spartak","image":{"@type":"ImageObject","inLanguage":"en-GB","@id":"https:\/\/fcspartaktrnava.com\/#\/schema\/person\/image\/","url":"https:\/\/secure.gravatar.com\/avatar\/f8ff8584f3fcf3909a11a6da9019f37749183b4015bca14e64556c52614cdc7f?s=96&d=mm&r=g","contentUrl":"https:\/\/secure.gravatar.com\/avatar\/f8ff8584f3fcf3909a11a6da9019f37749183b4015bca14e64556c52614cdc7f?s=96&d=mm&r=g","caption":"spartak"},"url":"https:\/\/fcspartaktrnava.com\/en\/author\/spartak\/"}]}},"_links":{"self":[{"href":"https:\/\/fcspartaktrnava.com\/en\/wp-json\/wp\/v2\/posts\/5601","targetHints":{"allow":["GET"]}}],"collection":[{"href":"https:\/\/fcspartaktrnava.com\/en\/wp-json\/wp\/v2\/posts"}],"about":[{"href":"https:\/\/fcspartaktrnava.com\/en\/wp-json\/wp\/v2\/types\/post"}],"author":[{"embeddable":true,"href":"https:\/\/fcspartaktrnava.com\/en\/wp-json\/wp\/v2\/users\/2"}],"replies":[{"embeddable":true,"href":"https:\/\/fcspartaktrnava.com\/en\/wp-json\/wp\/v2\/comments?post=5601"}],"version-history":[{"count":0,"href":"https:\/\/fcspartaktrnava.com\/en\/wp-json\/wp\/v2\/posts\/5601\/revisions"}],"wp:featuredmedia":[{"embeddable":true,"href":"https:\/\/fcspartaktrnava.com\/en\/wp-json\/wp\/v2\/media\/5531"}],"wp:attachment":[{"href":"https:\/\/fcspartaktrnava.com\/en\/wp-json\/wp\/v2\/media?parent=5601"}],"wp:term":[{"taxonomy":"category","embeddable":true,"href":"https:\/\/fcspartaktrnava.com\/en\/wp-json\/wp\/v2\/categories?post=5601"},{"taxonomy":"post_tag","embeddable":true,"href":"https:\/\/fcspartaktrnava.com\/en\/wp-json\/wp\/v2\/tags?post=5601"}],"curies":[{"name":"wp","href":"https:\/\/api.w.org\/{rel}","templated":true}]}}