{"id":5541,"date":"2023-02-18T16:45:18","date_gmt":"2023-02-18T16:45:18","guid":{"rendered":"https:\/\/fcspartaktrnava.com\/?p=5541"},"modified":"2023-02-18T17:04:47","modified_gmt":"2023-02-18T17:04:47","slug":"hlavy-hore-treba-sa-od-toho-odrazit","status":"publish","type":"post","link":"https:\/\/fcspartaktrnava.com\/en\/hlavy-hore-treba-sa-od-toho-odrazit\/","title":{"rendered":"Hlavy hore, treba sa od toho odrazi\u0165"},"content":{"rendered":"<p>Na z\u00e1pas s&nbsp;Ru\u017eomberkom sa v\u0161etci te\u0161ili. Po dlhej s\u00e9rii bez v\u00ed\u0165azstva v\u0161etko vyzeralo tak, \u017ee teraz to mus\u00ed pr\u00eds\u0165. Posledn\u00fd vz\u00e1jomn\u00fd z\u00e1pas na Liptove, ktor\u00fd vyhral Ru\u017eomberok 3:2, bol vn\u00edman\u00fd ako zhoda okolnost\u00ed, ke\u010f hor\u0161ie mu\u017estvo vyhr\u00e1. Je na to tak\u00e9 zau\u017e\u00edvan\u00e9 kli\u0161\u00e9 \u2013 lekcia z&nbsp;efektivity. Rozmenen\u00e9 na drobn\u00e9, jedni hraj\u00fa a&nbsp;druh\u00ed d\u00e1vaj\u00fa g\u00f3ly aj z&nbsp;bufetu.<\/p>\n\n\n\n<p>Ak teda spartakovci dostali v&nbsp;Ru\u017eomberku t\u00fa pr\u00edslove\u010dn\u00fa lekciu, evidentne ned\u00e1vali pozor a&nbsp;v&nbsp;Trnave pri\u0161lo \u201edou\u010dovanie\u201c. Ako inak toti\u017e nazva\u0165, \u017ee dva z\u00e1pasy rovnak\u00fdch s\u00faperov bud\u00fa ma\u0165 podobn\u00fd priebeh a&nbsp;v&nbsp;oboch pr\u00edpadoch sa \u0161\u0165astie priklon\u00ed na stranu MFK. Hoci, ak je to dva razy po sebe, u\u017e to asi ani nem\u00f4\u017ee by\u0165 iba \u0161\u0165astie.<\/p>\n\n\n\n<p><strong><em>\u201eO\u010dak\u00e1vali sme, \u017ee takto sa m\u00f4\u017ee odv\u00edja\u0165 ten z\u00e1pas, ale verili sme, \u017ee tentoraz to budeme my, kto d\u00e1 prv\u00fd g\u00f3l. Je to \u0161iesty z\u00e1pas a&nbsp;nikdy sme ten prv\u00fd g\u00f3l nedali. \u0160anc\u00ed bolo dos\u0165, hr\u00e1\u010di videli \u0161tatistiky, c\u00edtia to, nad\u00e1vaj\u00fa a&nbsp;s\u00fa nespokojn\u00ed. V\u00fdkon nebol zl\u00fd, ale obraz hry bol in\u00fd ako v\u00fdsledok,\u201c<\/em><\/strong> povedal po z\u00e1pase tr\u00e9ner Spartaka Michal Ga\u0161par\u00edk, ktor\u00fd dlho neveril, \u017ee sa to stalo znova.<\/p>\n\n\n\n<div class=\"wp-block-media-text alignwide has-media-on-the-right is-stacked-on-mobile\"><div class=\"wp-block-media-text__content\">\n<p>Ak sa niekto pozrel na \u0161tatistky po z\u00e1pase bez kone\u010dn\u00e9ho v\u00fdsledku, asi by len s&nbsp;n\u00e1mahou trafil presn\u00fd v\u00fdsledok. Dr\u017eanie lopty 70:30, strely 25:7, na br\u00e1nku 9:3, rohy 10:1, \u00faspe\u0161n\u00e9 prihr\u00e1vky &nbsp;472:142. Hr\u00e1 sa v\u0161ak na g\u00f3ly a&nbsp;tie strelili Ru\u017eomber\u010dania. V&nbsp;posledn\u00fdch \u0161iestich z\u00e1pasoch dok\u00e1zali hr\u00e1\u010di Spartaka streli\u0165 g\u00f3l vo vz\u00e1jomn\u00fdch z\u00e1pasoch tomuto s\u00faperovi len v&nbsp;jednom. V&nbsp;tom predch\u00e1dzaj\u00facom, v&nbsp;ktorom urobili hrdinu z&nbsp;Kraj\u010d\u00edrika. Ten je teraz zranen\u00fd a&nbsp;do br\u00e1nky nast\u00fapil Domik \u0164apaj. Osemn\u00e1s\u0165ro\u010dn\u00fd chalan, ktor\u00fd&nbsp; nast\u00fapil na svoj druh\u00fd ligov\u00fd z\u00e1pas a&nbsp;vychytal nulu.<\/p>\n<\/div><figure class=\"wp-block-media-text__media\"><img loading=\"lazy\" decoding=\"async\" width=\"507\" height=\"591\" src=\"https:\/\/fcspartaktrnava.com\/wp-content\/uploads\/2023\/02\/statistiky-ruza.jpg\" alt=\"\" class=\"wp-image-5542 size-full\" srcset=\"https:\/\/fcspartaktrnava.com\/wp-content\/uploads\/2023\/02\/statistiky-ruza.jpg 507w, https:\/\/fcspartaktrnava.com\/wp-content\/uploads\/2023\/02\/statistiky-ruza-257x300.jpg 257w, https:\/\/fcspartaktrnava.com\/wp-content\/uploads\/2023\/02\/statistiky-ruza-10x12.jpg 10w\" sizes=\"auto, (max-width: 507px) 100vw, 507px\" \/><\/figure><\/div>\n\n\n\n<p><strong><em>\u201eZ&nbsp;25 pokusov by nie\u010do malo skon\u010di\u0165 v&nbsp;site. T\u00ed hr\u00e1\u010di maj\u00fa svoju kvalitu, dost\u00e1vali sa do situ\u00e1ci\u00ed, ale ich brank\u00e1r ve\u013emi dobre chytal. V&nbsp;tej najv\u00e4\u010d\u0161ej \u0161anci, ktor\u00fd mal Taiwo, sa dala lopta dala umiestni\u0165 hocikde, ale on ju dal presne tak, kde st\u00e1l brank\u00e1r. V&nbsp;t\u00fdch ostatn\u00fdch \u0161anciach to mali chalani \u0165a\u017ek\u00e9, blok bol hust\u00fd, ve\u013ea hr\u00e1\u010dov bolo pred \u0161estn\u00e1stkou, tam nem\u00e1m \u010do poveda\u0165,\u201c<\/em><\/strong> doplnil Ga\u0161par\u00edk<\/p>\n\n\n\n<p>Spartakovci v\u010deraj\u0161ou prehrou otvorili Ru\u017eomberku dvere do hornej \u0161estky, \u010d\u00edm dostan\u00fa e\u0161te v\u00a0tejto sez\u00f3ne dve mo\u017enosti, aby ru\u017eombersk\u00e9 \u0161tatistiky preklopili na svoju stranu. Sta\u010d\u00ed si spomen\u00fa\u0165 ak\u00fa negat\u00edvnu s\u00e9riu \u0165ahala Trnava so \u017dilinou a\u00a0odkedy sa to zlomilo, tak sa karta \u00faplne obr\u00e1tila. Sn\u00e1\u010f to bude aj v\u00a0tomto pr\u00edpade&#8230;<\/p>\n\n\n\n<figure class=\"wp-block-embed is-type-video is-provider-youtube wp-block-embed-youtube wp-embed-aspect-16-9 wp-has-aspect-ratio\"><div class=\"wp-block-embed__wrapper\">\n<iframe loading=\"lazy\" title=\"G\u00f3lov\u00e9 \u0161ance FC Spartak Trnava v z\u00e1pase s MFK Ru\u017eomberok\" width=\"500\" height=\"281\" src=\"https:\/\/www.youtube.com\/embed\/KNcmjki4C9I?feature=oembed\" frameborder=\"0\" allow=\"accelerometer; autoplay; clipboard-write; encrypted-media; gyroscope; picture-in-picture; web-share\" referrerpolicy=\"strict-origin-when-cross-origin\" allowfullscreen><\/iframe>\n<\/div><figcaption class=\"wp-element-caption\">Plej\u00e1da \u0161anc\u00ed Spartaka, no z g\u00f3lov sa te\u0161il iba Ru\u017eomberok<\/figcaption><\/figure>\n\n\n\n<p>Fan\u00fa\u0161ikovia po\u010das z\u00e1pasu ne\u00fanavne tla\u010dili spartakovcov za g\u00f3lom, no nepodarilo sa a odch\u00e1dzali sklaman\u00ed z&nbsp;v\u00fdsledku. Ka\u017ed\u00fd, kto bol v\u010dera nahnevan\u00fd na futbal, by si v\u0161ak mal predstavi\u0165, ako to zlostilo hr\u00e1\u010dov, ktor\u00ed znova prehrali z\u00e1pas, kde boli lep\u0161\u00ed. Kapit\u00e1n Martin Mikovi\u010d potvrdil, \u017ee napriek frustr\u00e1cii e\u0161te nie je \u010das na rezign\u00e1ciu.<\/p>\n\n\n\n<p><strong><em>\u201eHlavy hore, teraz sa nesmieme opusti\u0165, \u017ee sme prehrali z\u00e1pas. Ka\u017ed\u00e9ho to hnev\u00e1, ale ke\u010f budeme nad t\u00fdm st\u00e1le rozm\u00fd\u0161\u013ea\u0165, tak sa na tom zabrzd\u00edme a&nbsp;nebudeme pozera\u0165 dopredu. Mus\u00edme sa od toho odrazi\u0165, lebo si mysl\u00edm, \u017ee hra bola na \u00farovni. Tla\u010dili sme ich, v&nbsp;prvom pol\u010dase nemali absol\u00fatne ni\u010d, Ver\u00edm, \u017ee v\u0161etci dali stodvadsa\u0165 percent a&nbsp;nebudeme si nad\u00e1va\u0165.\u201c<\/em><\/strong><\/p>\n\n\n\n<figure class=\"wp-block-embed is-type-video is-provider-youtube wp-block-embed-youtube wp-embed-aspect-16-9 wp-has-aspect-ratio\"><div class=\"wp-block-embed__wrapper\">\n<iframe loading=\"lazy\" title=\"Martin Mikovi\u010d: Nezasl\u00fa\u017een\u00e9 v\u00ed\u0165azstvo Ru\u017eomberka\" width=\"500\" height=\"281\" src=\"https:\/\/www.youtube.com\/embed\/49BXp4b0wdU?feature=oembed\" frameborder=\"0\" allow=\"accelerometer; autoplay; clipboard-write; encrypted-media; gyroscope; picture-in-picture; web-share\" referrerpolicy=\"strict-origin-when-cross-origin\" allowfullscreen><\/iframe>\n<\/div><\/figure>\n\n\n\n<p>Mimochodom, po druh\u00fd raz nast\u00fapili spartakovci v&nbsp;nov\u00fdch dresoch a&nbsp;obe sady pokrstili prehrou. Najsk\u00f4r e\u0161te na jese\u0148 mali premi\u00e9ru \u010dierne v&nbsp;Dunajskej Strede, kde pod\u013eahli dom\u00e1cim 0:1. Potom v\u0161ak u\u017e fungovali v\u00ed\u0165azne a\u017e doteraz. Kie\u017e by to tak bolo aj pri tejto novej kolekcii, lebo v&nbsp;tejto sez\u00f3ne sa u\u017e \u010fal\u0161ia nov\u00e1 nepripravuje.<\/p>\n\n\n\n<div class=\"wp-block-buttons is-layout-flex wp-block-buttons-is-layout-flex\">\n<div class=\"wp-block-button aligncenter is-style-fill\"><a class=\"wp-block-button__link has-white-color has-text-color has-background wp-element-button\" href=\"https:\/\/fcspartaktrnava.com\/en\/galerii\/20-kolo-fc-spartak-trnava-vs-mfk-ruzomberok\/\" style=\"border-radius:0px;background-color:#d40133\" target=\"_blank\" rel=\"noreferrer noopener\">PHOTO GALLERY<\/a><\/div>\n<\/div>","protected":false},"excerpt":{"rendered":"<p>Na z\u00e1pas s&nbsp;Ru\u017eomberkom sa v\u0161etci te\u0161ili. Po dlhej&#8230;<\/p>","protected":false},"author":2,"featured_media":5539,"comment_status":"closed","ping_status":"closed","sticky":false,"template":"","format":"standard","meta":{"footnotes":""},"categories":[41],"tags":[11],"class_list":["post-5541","post","type-post","status-publish","format-standard","has-post-thumbnail","hentry","category-intervju","tag-michal-gasparik","post-number-1"],"yoast_head":"<!-- This site is optimized with the Yoast SEO plugin v27.1.1 - https:\/\/yoast.com\/product\/yoast-seo-wordpress\/ -->\n<title>Hlavy hore, treba sa od toho odrazi\u0165 - FC Spartak Trnava<\/title>\n<meta name=\"robots\" content=\"index, follow, max-snippet:-1, max-image-preview:large, max-video-preview:-1\" \/>\n<link rel=\"canonical\" href=\"https:\/\/fcspartaktrnava.com\/en\/hlavy-hore-treba-sa-od-toho-odrazit\/\" \/>\n<meta name=\"twitter:label1\" content=\"Written by\" \/>\n\t<meta name=\"twitter:data1\" content=\"spartak\" \/>\n\t<meta name=\"twitter:label2\" content=\"Estimated reading time\" \/>\n\t<meta name=\"twitter:data2\" content=\"4 minutes\" \/>\n<script type=\"application\/ld+json\" class=\"yoast-schema-graph\">{\"@context\":\"https:\/\/schema.org\",\"@graph\":[{\"@type\":\"Article\",\"@id\":\"https:\/\/fcspartaktrnava.com\/hlavy-hore-treba-sa-od-toho-odrazit\/#article\",\"isPartOf\":{\"@id\":\"https:\/\/fcspartaktrnava.com\/hlavy-hore-treba-sa-od-toho-odrazit\/\"},\"author\":{\"name\":\"spartak\",\"@id\":\"https:\/\/fcspartaktrnava.com\/#\/schema\/person\/24bc5b254af14f71d7d8af178790aa75\"},\"headline\":\"Hlavy hore, treba sa od toho odrazi\u0165\",\"datePublished\":\"2023-02-18T16:45:18+00:00\",\"dateModified\":\"2023-02-18T17:04:47+00:00\",\"mainEntityOfPage\":{\"@id\":\"https:\/\/fcspartaktrnava.com\/hlavy-hore-treba-sa-od-toho-odrazit\/\"},\"wordCount\":778,\"publisher\":{\"@id\":\"https:\/\/fcspartaktrnava.com\/#organization\"},\"image\":{\"@id\":\"https:\/\/fcspartaktrnava.com\/hlavy-hore-treba-sa-od-toho-odrazit\/#primaryimage\"},\"thumbnailUrl\":\"https:\/\/fcspartaktrnava.com\/wp-content\/uploads\/2023\/02\/DSC_0551.jpg\",\"keywords\":[\"Michal Ga\u0161par\u00edk\"],\"articleSection\":[\"Rozhovory\"],\"inLanguage\":\"en-GB\"},{\"@type\":\"WebPage\",\"@id\":\"https:\/\/fcspartaktrnava.com\/hlavy-hore-treba-sa-od-toho-odrazit\/\",\"url\":\"https:\/\/fcspartaktrnava.com\/hlavy-hore-treba-sa-od-toho-odrazit\/\",\"name\":\"Hlavy hore, treba sa od toho odrazi\u0165 - FC Spartak Trnava\",\"isPartOf\":{\"@id\":\"https:\/\/fcspartaktrnava.com\/#website\"},\"primaryImageOfPage\":{\"@id\":\"https:\/\/fcspartaktrnava.com\/hlavy-hore-treba-sa-od-toho-odrazit\/#primaryimage\"},\"image\":{\"@id\":\"https:\/\/fcspartaktrnava.com\/hlavy-hore-treba-sa-od-toho-odrazit\/#primaryimage\"},\"thumbnailUrl\":\"https:\/\/fcspartaktrnava.com\/wp-content\/uploads\/2023\/02\/DSC_0551.jpg\",\"datePublished\":\"2023-02-18T16:45:18+00:00\",\"dateModified\":\"2023-02-18T17:04:47+00:00\",\"breadcrumb\":{\"@id\":\"https:\/\/fcspartaktrnava.com\/hlavy-hore-treba-sa-od-toho-odrazit\/#breadcrumb\"},\"inLanguage\":\"en-GB\",\"potentialAction\":[{\"@type\":\"ReadAction\",\"target\":[\"https:\/\/fcspartaktrnava.com\/hlavy-hore-treba-sa-od-toho-odrazit\/\"]}]},{\"@type\":\"ImageObject\",\"inLanguage\":\"en-GB\",\"@id\":\"https:\/\/fcspartaktrnava.com\/hlavy-hore-treba-sa-od-toho-odrazit\/#primaryimage\",\"url\":\"https:\/\/fcspartaktrnava.com\/wp-content\/uploads\/2023\/02\/DSC_0551.jpg\",\"contentUrl\":\"https:\/\/fcspartaktrnava.com\/wp-content\/uploads\/2023\/02\/DSC_0551.jpg\",\"width\":1517,\"height\":1011},{\"@type\":\"BreadcrumbList\",\"@id\":\"https:\/\/fcspartaktrnava.com\/hlavy-hore-treba-sa-od-toho-odrazit\/#breadcrumb\",\"itemListElement\":[{\"@type\":\"ListItem\",\"position\":1,\"name\":\"Home\",\"item\":\"https:\/\/fcspartaktrnava.com\/\"},{\"@type\":\"ListItem\",\"position\":2,\"name\":\"Hlavy hore, treba sa od toho odrazi\u0165\"}]},{\"@type\":\"WebSite\",\"@id\":\"https:\/\/fcspartaktrnava.com\/#website\",\"url\":\"https:\/\/fcspartaktrnava.com\/\",\"name\":\"FC Spartak Trnava\",\"description\":\"ofici\u00e1lna webstr\u00e1nka futbalov\u00e9ho klubu\",\"publisher\":{\"@id\":\"https:\/\/fcspartaktrnava.com\/#organization\"},\"potentialAction\":[{\"@type\":\"SearchAction\",\"target\":{\"@type\":\"EntryPoint\",\"urlTemplate\":\"https:\/\/fcspartaktrnava.com\/?s={search_term_string}\"},\"query-input\":{\"@type\":\"PropertyValueSpecification\",\"valueRequired\":true,\"valueName\":\"search_term_string\"}}],\"inLanguage\":\"en-GB\"},{\"@type\":\"Organization\",\"@id\":\"https:\/\/fcspartaktrnava.com\/#organization\",\"name\":\"FC Spartak Trnava\",\"alternateName\":\"Spartak\",\"url\":\"https:\/\/fcspartaktrnava.com\/\",\"logo\":{\"@type\":\"ImageObject\",\"inLanguage\":\"en-GB\",\"@id\":\"https:\/\/fcspartaktrnava.com\/#\/schema\/logo\/image\/\",\"url\":\"https:\/\/fcspartaktrnava.com\/wp-content\/uploads\/2022\/08\/cropped-site_logo.png\",\"contentUrl\":\"https:\/\/fcspartaktrnava.com\/wp-content\/uploads\/2022\/08\/cropped-site_logo.png\",\"width\":140,\"height\":140,\"caption\":\"FC Spartak Trnava\"},\"image\":{\"@id\":\"https:\/\/fcspartaktrnava.com\/#\/schema\/logo\/image\/\"},\"sameAs\":[\"https:\/\/www.facebook.com\/SpartakTrnava\",\"https:\/\/x.com\/SpartakTrnava1\",\"https:\/\/www.instagram.com\/spartak_sk\/\"]},{\"@type\":\"Person\",\"@id\":\"https:\/\/fcspartaktrnava.com\/#\/schema\/person\/24bc5b254af14f71d7d8af178790aa75\",\"name\":\"spartak\",\"image\":{\"@type\":\"ImageObject\",\"inLanguage\":\"en-GB\",\"@id\":\"https:\/\/fcspartaktrnava.com\/#\/schema\/person\/image\/\",\"url\":\"https:\/\/secure.gravatar.com\/avatar\/f8ff8584f3fcf3909a11a6da9019f37749183b4015bca14e64556c52614cdc7f?s=96&d=mm&r=g\",\"contentUrl\":\"https:\/\/secure.gravatar.com\/avatar\/f8ff8584f3fcf3909a11a6da9019f37749183b4015bca14e64556c52614cdc7f?s=96&d=mm&r=g\",\"caption\":\"spartak\"},\"url\":\"https:\/\/fcspartaktrnava.com\/en\/author\/spartak\/\"}]}<\/script>\n<!-- \/ Yoast SEO plugin. -->","yoast_head_json":{"title":"Hlavy hore, treba sa od toho odrazi\u0165 - FC Spartak Trnava","robots":{"index":"index","follow":"follow","max-snippet":"max-snippet:-1","max-image-preview":"max-image-preview:large","max-video-preview":"max-video-preview:-1"},"canonical":"https:\/\/fcspartaktrnava.com\/en\/hlavy-hore-treba-sa-od-toho-odrazit\/","twitter_misc":{"Written by":"spartak","Estimated reading time":"4 minutes"},"schema":{"@context":"https:\/\/schema.org","@graph":[{"@type":"Article","@id":"https:\/\/fcspartaktrnava.com\/hlavy-hore-treba-sa-od-toho-odrazit\/#article","isPartOf":{"@id":"https:\/\/fcspartaktrnava.com\/hlavy-hore-treba-sa-od-toho-odrazit\/"},"author":{"name":"spartak","@id":"https:\/\/fcspartaktrnava.com\/#\/schema\/person\/24bc5b254af14f71d7d8af178790aa75"},"headline":"Hlavy hore, treba sa od toho odrazi\u0165","datePublished":"2023-02-18T16:45:18+00:00","dateModified":"2023-02-18T17:04:47+00:00","mainEntityOfPage":{"@id":"https:\/\/fcspartaktrnava.com\/hlavy-hore-treba-sa-od-toho-odrazit\/"},"wordCount":778,"publisher":{"@id":"https:\/\/fcspartaktrnava.com\/#organization"},"image":{"@id":"https:\/\/fcspartaktrnava.com\/hlavy-hore-treba-sa-od-toho-odrazit\/#primaryimage"},"thumbnailUrl":"https:\/\/fcspartaktrnava.com\/wp-content\/uploads\/2023\/02\/DSC_0551.jpg","keywords":["Michal Ga\u0161par\u00edk"],"articleSection":["Rozhovory"],"inLanguage":"en-GB"},{"@type":"WebPage","@id":"https:\/\/fcspartaktrnava.com\/hlavy-hore-treba-sa-od-toho-odrazit\/","url":"https:\/\/fcspartaktrnava.com\/hlavy-hore-treba-sa-od-toho-odrazit\/","name":"Hlavy hore, treba sa od toho odrazi\u0165 - FC Spartak Trnava","isPartOf":{"@id":"https:\/\/fcspartaktrnava.com\/#website"},"primaryImageOfPage":{"@id":"https:\/\/fcspartaktrnava.com\/hlavy-hore-treba-sa-od-toho-odrazit\/#primaryimage"},"image":{"@id":"https:\/\/fcspartaktrnava.com\/hlavy-hore-treba-sa-od-toho-odrazit\/#primaryimage"},"thumbnailUrl":"https:\/\/fcspartaktrnava.com\/wp-content\/uploads\/2023\/02\/DSC_0551.jpg","datePublished":"2023-02-18T16:45:18+00:00","dateModified":"2023-02-18T17:04:47+00:00","breadcrumb":{"@id":"https:\/\/fcspartaktrnava.com\/hlavy-hore-treba-sa-od-toho-odrazit\/#breadcrumb"},"inLanguage":"en-GB","potentialAction":[{"@type":"ReadAction","target":["https:\/\/fcspartaktrnava.com\/hlavy-hore-treba-sa-od-toho-odrazit\/"]}]},{"@type":"ImageObject","inLanguage":"en-GB","@id":"https:\/\/fcspartaktrnava.com\/hlavy-hore-treba-sa-od-toho-odrazit\/#primaryimage","url":"https:\/\/fcspartaktrnava.com\/wp-content\/uploads\/2023\/02\/DSC_0551.jpg","contentUrl":"https:\/\/fcspartaktrnava.com\/wp-content\/uploads\/2023\/02\/DSC_0551.jpg","width":1517,"height":1011},{"@type":"BreadcrumbList","@id":"https:\/\/fcspartaktrnava.com\/hlavy-hore-treba-sa-od-toho-odrazit\/#breadcrumb","itemListElement":[{"@type":"ListItem","position":1,"name":"Home","item":"https:\/\/fcspartaktrnava.com\/"},{"@type":"ListItem","position":2,"name":"Hlavy hore, treba sa od toho odrazi\u0165"}]},{"@type":"WebSite","@id":"https:\/\/fcspartaktrnava.com\/#website","url":"https:\/\/fcspartaktrnava.com\/","name":"FC Spartak Trnava","description":"ofici\u00e1lna webstr\u00e1nka futbalov\u00e9ho klubu","publisher":{"@id":"https:\/\/fcspartaktrnava.com\/#organization"},"potentialAction":[{"@type":"SearchAction","target":{"@type":"EntryPoint","urlTemplate":"https:\/\/fcspartaktrnava.com\/?s={search_term_string}"},"query-input":{"@type":"PropertyValueSpecification","valueRequired":true,"valueName":"search_term_string"}}],"inLanguage":"en-GB"},{"@type":"Organization","@id":"https:\/\/fcspartaktrnava.com\/#organization","name":"FC Spartak Trnava","alternateName":"Spartak","url":"https:\/\/fcspartaktrnava.com\/","logo":{"@type":"ImageObject","inLanguage":"en-GB","@id":"https:\/\/fcspartaktrnava.com\/#\/schema\/logo\/image\/","url":"https:\/\/fcspartaktrnava.com\/wp-content\/uploads\/2022\/08\/cropped-site_logo.png","contentUrl":"https:\/\/fcspartaktrnava.com\/wp-content\/uploads\/2022\/08\/cropped-site_logo.png","width":140,"height":140,"caption":"FC Spartak Trnava"},"image":{"@id":"https:\/\/fcspartaktrnava.com\/#\/schema\/logo\/image\/"},"sameAs":["https:\/\/www.facebook.com\/SpartakTrnava","https:\/\/x.com\/SpartakTrnava1","https:\/\/www.instagram.com\/spartak_sk\/"]},{"@type":"Person","@id":"https:\/\/fcspartaktrnava.com\/#\/schema\/person\/24bc5b254af14f71d7d8af178790aa75","name":"spartak","image":{"@type":"ImageObject","inLanguage":"en-GB","@id":"https:\/\/fcspartaktrnava.com\/#\/schema\/person\/image\/","url":"https:\/\/secure.gravatar.com\/avatar\/f8ff8584f3fcf3909a11a6da9019f37749183b4015bca14e64556c52614cdc7f?s=96&d=mm&r=g","contentUrl":"https:\/\/secure.gravatar.com\/avatar\/f8ff8584f3fcf3909a11a6da9019f37749183b4015bca14e64556c52614cdc7f?s=96&d=mm&r=g","caption":"spartak"},"url":"https:\/\/fcspartaktrnava.com\/en\/author\/spartak\/"}]}},"_links":{"self":[{"href":"https:\/\/fcspartaktrnava.com\/en\/wp-json\/wp\/v2\/posts\/5541","targetHints":{"allow":["GET"]}}],"collection":[{"href":"https:\/\/fcspartaktrnava.com\/en\/wp-json\/wp\/v2\/posts"}],"about":[{"href":"https:\/\/fcspartaktrnava.com\/en\/wp-json\/wp\/v2\/types\/post"}],"author":[{"embeddable":true,"href":"https:\/\/fcspartaktrnava.com\/en\/wp-json\/wp\/v2\/users\/2"}],"replies":[{"embeddable":true,"href":"https:\/\/fcspartaktrnava.com\/en\/wp-json\/wp\/v2\/comments?post=5541"}],"version-history":[{"count":0,"href":"https:\/\/fcspartaktrnava.com\/en\/wp-json\/wp\/v2\/posts\/5541\/revisions"}],"wp:featuredmedia":[{"embeddable":true,"href":"https:\/\/fcspartaktrnava.com\/en\/wp-json\/wp\/v2\/media\/5539"}],"wp:attachment":[{"href":"https:\/\/fcspartaktrnava.com\/en\/wp-json\/wp\/v2\/media?parent=5541"}],"wp:term":[{"taxonomy":"category","embeddable":true,"href":"https:\/\/fcspartaktrnava.com\/en\/wp-json\/wp\/v2\/categories?post=5541"},{"taxonomy":"post_tag","embeddable":true,"href":"https:\/\/fcspartaktrnava.com\/en\/wp-json\/wp\/v2\/tags?post=5541"}],"curies":[{"name":"wp","href":"https:\/\/api.w.org\/{rel}","templated":true}]}}