{"id":5488,"date":"2023-02-16T08:48:43","date_gmt":"2023-02-16T08:48:43","guid":{"rendered":"https:\/\/fcspartaktrnava.com\/?p=5488"},"modified":"2023-02-16T08:48:44","modified_gmt":"2023-02-16T08:48:44","slug":"dvojcislo-zapasoveho-bulletinu","status":"publish","type":"post","link":"https:\/\/fcspartaktrnava.com\/en\/dvojcislo-zapasoveho-bulletinu\/","title":{"rendered":"Dvoj\u010d\u00edslo z\u00e1pasov\u00e9ho bulletinu"},"content":{"rendered":"<p>Pred nadch\u00e1dzaj\u00facimi dvoma dom\u00e1cimi z\u00e1pasmi proti <a href=\"https:\/\/cityarena.maxiticket.sk\/fc-spartak-trnava-vs-mfk-ruzomberok-2023\" target=\"_blank\" rel=\"noreferrer noopener\">Ru\u017eomberku<\/a> (17. 2. o 17:30) a s <a href=\"https:\/\/cityarena.maxiticket.sk\/fc-spartak-trnava-vs-as-trencin-2023\" target=\"_blank\" rel=\"noreferrer noopener\">Tren\u010d\u00ednom<\/a> (25. 2. o 15. h) sme pripravili tradi\u010dn\u00fd z\u00e1pasov\u00fd bulletin. Tla\u010den\u00e1 verzia sa bude da\u0165 k\u00fapi\u0165 spolu s l\u00edstkami vo fanshope alebo v de\u0148 z\u00e1pasu v pokladni na \u0160portovej ulici.<\/p>\n\n\n\n<div data-wp-interactive=\"core\/file\" class=\"wp-block-file\"><object data-wp-bind--hidden=\"!state.hasPdfPreview\" hidden class=\"wp-block-file__embed\" data=\"https:\/\/fcspartaktrnava.com\/wp-content\/uploads\/2023\/02\/bulletin-BA-13_14.pdf\" type=\"application\/pdf\" style=\"width:100%;height:600px\" aria-label=\"Embed of bulletin-BA-13_14.\"><\/object><a id=\"wp-block-file--media-58b717e1-dc62-4a91-a62d-bfa63f2c818a\" href=\"https:\/\/fcspartaktrnava.com\/wp-content\/uploads\/2023\/02\/bulletin-BA-13_14.pdf\">bulletin-BA-13_14<\/a><a href=\"https:\/\/fcspartaktrnava.com\/wp-content\/uploads\/2023\/02\/bulletin-BA-13_14.pdf\" class=\"wp-block-file__button wp-element-button\" download aria-describedby=\"wp-block-file--media-58b717e1-dc62-4a91-a62d-bfa63f2c818a\">Stiahnu\u0165<\/a><\/div>","protected":false},"excerpt":{"rendered":"<p>Pred nadch\u00e1dzaj\u00facimi dvoma dom\u00e1cimi z\u00e1pasmi proti Ru\u017eomberku (17&#8230;.<\/p>","protected":false},"author":2,"featured_media":5490,"comment_status":"closed","ping_status":"closed","sticky":false,"template":"","format":"standard","meta":{"footnotes":""},"categories":[12],"tags":[78],"class_list":["post-5488","post","type-post","status-publish","format-standard","has-post-thumbnail","hentry","category-spravy","tag-bulletin","post-number-1"],"yoast_head":"<!-- This site is optimized with the Yoast SEO plugin v27.1.1 - https:\/\/yoast.com\/product\/yoast-seo-wordpress\/ -->\n<title>Dvoj\u010d\u00edslo z\u00e1pasov\u00e9ho bulletinu - FC Spartak Trnava<\/title>\n<meta name=\"robots\" content=\"index, follow, max-snippet:-1, max-image-preview:large, max-video-preview:-1\" \/>\n<link rel=\"canonical\" href=\"https:\/\/fcspartaktrnava.com\/en\/dvojcislo-zapasoveho-bulletinu\/\" \/>\n<meta name=\"twitter:label1\" content=\"Written by\" \/>\n\t<meta name=\"twitter:data1\" content=\"spartak\" \/>\n\t<meta name=\"twitter:label2\" content=\"Estimated reading time\" \/>\n\t<meta name=\"twitter:data2\" content=\"1 minute\" \/>\n<script type=\"application\/ld+json\" class=\"yoast-schema-graph\">{\"@context\":\"https:\/\/schema.org\",\"@graph\":[{\"@type\":\"Article\",\"@id\":\"https:\/\/fcspartaktrnava.com\/dvojcislo-zapasoveho-bulletinu\/#article\",\"isPartOf\":{\"@id\":\"https:\/\/fcspartaktrnava.com\/dvojcislo-zapasoveho-bulletinu\/\"},\"author\":{\"name\":\"spartak\",\"@id\":\"https:\/\/fcspartaktrnava.com\/#\/schema\/person\/24bc5b254af14f71d7d8af178790aa75\"},\"headline\":\"Dvoj\u010d\u00edslo z\u00e1pasov\u00e9ho bulletinu\",\"datePublished\":\"2023-02-16T08:48:43+00:00\",\"dateModified\":\"2023-02-16T08:48:44+00:00\",\"mainEntityOfPage\":{\"@id\":\"https:\/\/fcspartaktrnava.com\/dvojcislo-zapasoveho-bulletinu\/\"},\"wordCount\":58,\"publisher\":{\"@id\":\"https:\/\/fcspartaktrnava.com\/#organization\"},\"image\":{\"@id\":\"https:\/\/fcspartaktrnava.com\/dvojcislo-zapasoveho-bulletinu\/#primaryimage\"},\"thumbnailUrl\":\"https:\/\/fcspartaktrnava.com\/wp-content\/uploads\/2023\/02\/bulletin-13_14-nahlad.png\",\"keywords\":[\"Bulletin\"],\"articleSection\":[\"Spr\u00e1vy\"],\"inLanguage\":\"en-GB\"},{\"@type\":\"WebPage\",\"@id\":\"https:\/\/fcspartaktrnava.com\/dvojcislo-zapasoveho-bulletinu\/\",\"url\":\"https:\/\/fcspartaktrnava.com\/dvojcislo-zapasoveho-bulletinu\/\",\"name\":\"Dvoj\u010d\u00edslo z\u00e1pasov\u00e9ho bulletinu - FC Spartak Trnava\",\"isPartOf\":{\"@id\":\"https:\/\/fcspartaktrnava.com\/#website\"},\"primaryImageOfPage\":{\"@id\":\"https:\/\/fcspartaktrnava.com\/dvojcislo-zapasoveho-bulletinu\/#primaryimage\"},\"image\":{\"@id\":\"https:\/\/fcspartaktrnava.com\/dvojcislo-zapasoveho-bulletinu\/#primaryimage\"},\"thumbnailUrl\":\"https:\/\/fcspartaktrnava.com\/wp-content\/uploads\/2023\/02\/bulletin-13_14-nahlad.png\",\"datePublished\":\"2023-02-16T08:48:43+00:00\",\"dateModified\":\"2023-02-16T08:48:44+00:00\",\"breadcrumb\":{\"@id\":\"https:\/\/fcspartaktrnava.com\/dvojcislo-zapasoveho-bulletinu\/#breadcrumb\"},\"inLanguage\":\"en-GB\",\"potentialAction\":[{\"@type\":\"ReadAction\",\"target\":[\"https:\/\/fcspartaktrnava.com\/dvojcislo-zapasoveho-bulletinu\/\"]}]},{\"@type\":\"ImageObject\",\"inLanguage\":\"en-GB\",\"@id\":\"https:\/\/fcspartaktrnava.com\/dvojcislo-zapasoveho-bulletinu\/#primaryimage\",\"url\":\"https:\/\/fcspartaktrnava.com\/wp-content\/uploads\/2023\/02\/bulletin-13_14-nahlad.png\",\"contentUrl\":\"https:\/\/fcspartaktrnava.com\/wp-content\/uploads\/2023\/02\/bulletin-13_14-nahlad.png\",\"width\":1120,\"height\":652},{\"@type\":\"BreadcrumbList\",\"@id\":\"https:\/\/fcspartaktrnava.com\/dvojcislo-zapasoveho-bulletinu\/#breadcrumb\",\"itemListElement\":[{\"@type\":\"ListItem\",\"position\":1,\"name\":\"Home\",\"item\":\"https:\/\/fcspartaktrnava.com\/\"},{\"@type\":\"ListItem\",\"position\":2,\"name\":\"Dvoj\u010d\u00edslo z\u00e1pasov\u00e9ho bulletinu\"}]},{\"@type\":\"WebSite\",\"@id\":\"https:\/\/fcspartaktrnava.com\/#website\",\"url\":\"https:\/\/fcspartaktrnava.com\/\",\"name\":\"FC Spartak Trnava\",\"description\":\"ofici\u00e1lna webstr\u00e1nka futbalov\u00e9ho klubu\",\"publisher\":{\"@id\":\"https:\/\/fcspartaktrnava.com\/#organization\"},\"potentialAction\":[{\"@type\":\"SearchAction\",\"target\":{\"@type\":\"EntryPoint\",\"urlTemplate\":\"https:\/\/fcspartaktrnava.com\/?s={search_term_string}\"},\"query-input\":{\"@type\":\"PropertyValueSpecification\",\"valueRequired\":true,\"valueName\":\"search_term_string\"}}],\"inLanguage\":\"en-GB\"},{\"@type\":\"Organization\",\"@id\":\"https:\/\/fcspartaktrnava.com\/#organization\",\"name\":\"FC Spartak Trnava\",\"alternateName\":\"Spartak\",\"url\":\"https:\/\/fcspartaktrnava.com\/\",\"logo\":{\"@type\":\"ImageObject\",\"inLanguage\":\"en-GB\",\"@id\":\"https:\/\/fcspartaktrnava.com\/#\/schema\/logo\/image\/\",\"url\":\"https:\/\/fcspartaktrnava.com\/wp-content\/uploads\/2022\/08\/cropped-site_logo.png\",\"contentUrl\":\"https:\/\/fcspartaktrnava.com\/wp-content\/uploads\/2022\/08\/cropped-site_logo.png\",\"width\":140,\"height\":140,\"caption\":\"FC Spartak Trnava\"},\"image\":{\"@id\":\"https:\/\/fcspartaktrnava.com\/#\/schema\/logo\/image\/\"},\"sameAs\":[\"https:\/\/www.facebook.com\/SpartakTrnava\",\"https:\/\/x.com\/SpartakTrnava1\",\"https:\/\/www.instagram.com\/spartak_sk\/\"]},{\"@type\":\"Person\",\"@id\":\"https:\/\/fcspartaktrnava.com\/#\/schema\/person\/24bc5b254af14f71d7d8af178790aa75\",\"name\":\"spartak\",\"image\":{\"@type\":\"ImageObject\",\"inLanguage\":\"en-GB\",\"@id\":\"https:\/\/fcspartaktrnava.com\/#\/schema\/person\/image\/\",\"url\":\"https:\/\/secure.gravatar.com\/avatar\/f8ff8584f3fcf3909a11a6da9019f37749183b4015bca14e64556c52614cdc7f?s=96&d=mm&r=g\",\"contentUrl\":\"https:\/\/secure.gravatar.com\/avatar\/f8ff8584f3fcf3909a11a6da9019f37749183b4015bca14e64556c52614cdc7f?s=96&d=mm&r=g\",\"caption\":\"spartak\"},\"url\":\"https:\/\/fcspartaktrnava.com\/en\/author\/spartak\/\"}]}<\/script>\n<!-- \/ Yoast SEO plugin. -->","yoast_head_json":{"title":"Dvoj\u010d\u00edslo z\u00e1pasov\u00e9ho bulletinu - FC Spartak Trnava","robots":{"index":"index","follow":"follow","max-snippet":"max-snippet:-1","max-image-preview":"max-image-preview:large","max-video-preview":"max-video-preview:-1"},"canonical":"https:\/\/fcspartaktrnava.com\/en\/dvojcislo-zapasoveho-bulletinu\/","twitter_misc":{"Written by":"spartak","Estimated reading time":"1 minute"},"schema":{"@context":"https:\/\/schema.org","@graph":[{"@type":"Article","@id":"https:\/\/fcspartaktrnava.com\/dvojcislo-zapasoveho-bulletinu\/#article","isPartOf":{"@id":"https:\/\/fcspartaktrnava.com\/dvojcislo-zapasoveho-bulletinu\/"},"author":{"name":"spartak","@id":"https:\/\/fcspartaktrnava.com\/#\/schema\/person\/24bc5b254af14f71d7d8af178790aa75"},"headline":"Dvoj\u010d\u00edslo z\u00e1pasov\u00e9ho bulletinu","datePublished":"2023-02-16T08:48:43+00:00","dateModified":"2023-02-16T08:48:44+00:00","mainEntityOfPage":{"@id":"https:\/\/fcspartaktrnava.com\/dvojcislo-zapasoveho-bulletinu\/"},"wordCount":58,"publisher":{"@id":"https:\/\/fcspartaktrnava.com\/#organization"},"image":{"@id":"https:\/\/fcspartaktrnava.com\/dvojcislo-zapasoveho-bulletinu\/#primaryimage"},"thumbnailUrl":"https:\/\/fcspartaktrnava.com\/wp-content\/uploads\/2023\/02\/bulletin-13_14-nahlad.png","keywords":["Bulletin"],"articleSection":["Spr\u00e1vy"],"inLanguage":"en-GB"},{"@type":"WebPage","@id":"https:\/\/fcspartaktrnava.com\/dvojcislo-zapasoveho-bulletinu\/","url":"https:\/\/fcspartaktrnava.com\/dvojcislo-zapasoveho-bulletinu\/","name":"Dvoj\u010d\u00edslo z\u00e1pasov\u00e9ho bulletinu - FC Spartak Trnava","isPartOf":{"@id":"https:\/\/fcspartaktrnava.com\/#website"},"primaryImageOfPage":{"@id":"https:\/\/fcspartaktrnava.com\/dvojcislo-zapasoveho-bulletinu\/#primaryimage"},"image":{"@id":"https:\/\/fcspartaktrnava.com\/dvojcislo-zapasoveho-bulletinu\/#primaryimage"},"thumbnailUrl":"https:\/\/fcspartaktrnava.com\/wp-content\/uploads\/2023\/02\/bulletin-13_14-nahlad.png","datePublished":"2023-02-16T08:48:43+00:00","dateModified":"2023-02-16T08:48:44+00:00","breadcrumb":{"@id":"https:\/\/fcspartaktrnava.com\/dvojcislo-zapasoveho-bulletinu\/#breadcrumb"},"inLanguage":"en-GB","potentialAction":[{"@type":"ReadAction","target":["https:\/\/fcspartaktrnava.com\/dvojcislo-zapasoveho-bulletinu\/"]}]},{"@type":"ImageObject","inLanguage":"en-GB","@id":"https:\/\/fcspartaktrnava.com\/dvojcislo-zapasoveho-bulletinu\/#primaryimage","url":"https:\/\/fcspartaktrnava.com\/wp-content\/uploads\/2023\/02\/bulletin-13_14-nahlad.png","contentUrl":"https:\/\/fcspartaktrnava.com\/wp-content\/uploads\/2023\/02\/bulletin-13_14-nahlad.png","width":1120,"height":652},{"@type":"BreadcrumbList","@id":"https:\/\/fcspartaktrnava.com\/dvojcislo-zapasoveho-bulletinu\/#breadcrumb","itemListElement":[{"@type":"ListItem","position":1,"name":"Home","item":"https:\/\/fcspartaktrnava.com\/"},{"@type":"ListItem","position":2,"name":"Dvoj\u010d\u00edslo z\u00e1pasov\u00e9ho bulletinu"}]},{"@type":"WebSite","@id":"https:\/\/fcspartaktrnava.com\/#website","url":"https:\/\/fcspartaktrnava.com\/","name":"FC Spartak Trnava","description":"ofici\u00e1lna webstr\u00e1nka futbalov\u00e9ho klubu","publisher":{"@id":"https:\/\/fcspartaktrnava.com\/#organization"},"potentialAction":[{"@type":"SearchAction","target":{"@type":"EntryPoint","urlTemplate":"https:\/\/fcspartaktrnava.com\/?s={search_term_string}"},"query-input":{"@type":"PropertyValueSpecification","valueRequired":true,"valueName":"search_term_string"}}],"inLanguage":"en-GB"},{"@type":"Organization","@id":"https:\/\/fcspartaktrnava.com\/#organization","name":"FC Spartak Trnava","alternateName":"Spartak","url":"https:\/\/fcspartaktrnava.com\/","logo":{"@type":"ImageObject","inLanguage":"en-GB","@id":"https:\/\/fcspartaktrnava.com\/#\/schema\/logo\/image\/","url":"https:\/\/fcspartaktrnava.com\/wp-content\/uploads\/2022\/08\/cropped-site_logo.png","contentUrl":"https:\/\/fcspartaktrnava.com\/wp-content\/uploads\/2022\/08\/cropped-site_logo.png","width":140,"height":140,"caption":"FC Spartak Trnava"},"image":{"@id":"https:\/\/fcspartaktrnava.com\/#\/schema\/logo\/image\/"},"sameAs":["https:\/\/www.facebook.com\/SpartakTrnava","https:\/\/x.com\/SpartakTrnava1","https:\/\/www.instagram.com\/spartak_sk\/"]},{"@type":"Person","@id":"https:\/\/fcspartaktrnava.com\/#\/schema\/person\/24bc5b254af14f71d7d8af178790aa75","name":"spartak","image":{"@type":"ImageObject","inLanguage":"en-GB","@id":"https:\/\/fcspartaktrnava.com\/#\/schema\/person\/image\/","url":"https:\/\/secure.gravatar.com\/avatar\/f8ff8584f3fcf3909a11a6da9019f37749183b4015bca14e64556c52614cdc7f?s=96&d=mm&r=g","contentUrl":"https:\/\/secure.gravatar.com\/avatar\/f8ff8584f3fcf3909a11a6da9019f37749183b4015bca14e64556c52614cdc7f?s=96&d=mm&r=g","caption":"spartak"},"url":"https:\/\/fcspartaktrnava.com\/en\/author\/spartak\/"}]}},"_links":{"self":[{"href":"https:\/\/fcspartaktrnava.com\/en\/wp-json\/wp\/v2\/posts\/5488","targetHints":{"allow":["GET"]}}],"collection":[{"href":"https:\/\/fcspartaktrnava.com\/en\/wp-json\/wp\/v2\/posts"}],"about":[{"href":"https:\/\/fcspartaktrnava.com\/en\/wp-json\/wp\/v2\/types\/post"}],"author":[{"embeddable":true,"href":"https:\/\/fcspartaktrnava.com\/en\/wp-json\/wp\/v2\/users\/2"}],"replies":[{"embeddable":true,"href":"https:\/\/fcspartaktrnava.com\/en\/wp-json\/wp\/v2\/comments?post=5488"}],"version-history":[{"count":0,"href":"https:\/\/fcspartaktrnava.com\/en\/wp-json\/wp\/v2\/posts\/5488\/revisions"}],"wp:featuredmedia":[{"embeddable":true,"href":"https:\/\/fcspartaktrnava.com\/en\/wp-json\/wp\/v2\/media\/5490"}],"wp:attachment":[{"href":"https:\/\/fcspartaktrnava.com\/en\/wp-json\/wp\/v2\/media?parent=5488"}],"wp:term":[{"taxonomy":"category","embeddable":true,"href":"https:\/\/fcspartaktrnava.com\/en\/wp-json\/wp\/v2\/categories?post=5488"},{"taxonomy":"post_tag","embeddable":true,"href":"https:\/\/fcspartaktrnava.com\/en\/wp-json\/wp\/v2\/tags?post=5488"}],"curies":[{"name":"wp","href":"https:\/\/api.w.org\/{rel}","templated":true}]}}