{"id":5102,"date":"2023-02-03T10:53:51","date_gmt":"2023-02-03T10:53:51","guid":{"rendered":"https:\/\/fcspartaktrnava.com\/?p=5102"},"modified":"2023-02-06T10:54:50","modified_gmt":"2023-02-06T10:54:50","slug":"zajtra-generalka-v-rakuskom-hartbergu","status":"publish","type":"post","link":"https:\/\/fcspartaktrnava.com\/en\/zajtra-generalka-v-rakuskom-hartbergu\/","title":{"rendered":"Zajtra gener\u00e1lka v rak\u00faskom Hartbergu"},"content":{"rendered":"<p>Spartakovci maj\u00fa pred sebou posledn\u00fd pr\u00edpravn\u00fd z\u00e1pas pred \u0161tartom jarnej \u010dasti Fortuna ligy. Zajtra od 14. hodiny sa v rak\u00faskom Hartbergu predstavia proti dom\u00e1cemu bundesligov\u00e9mu t\u00edmu. Hoci p\u00f4jde o gener\u00e1lku na ostr\u00fd \u0161tart v Poprade proti Liptovsk\u00e9mu Mikul\u00e1\u0161u, pod\u013ea tr\u00e9nera Michala Ga\u0161par\u00edka e\u0161te nenast\u00fapi z\u00e1kladn\u00e1 zostava.<\/p>\n\n\n\n<p><strong><em>\u201eE\u0161te nebude hra\u0165 t\u00e1 zostava, ktor\u00e1 by mala hra\u0165 ligu. Potrebujeme si vysk\u00fa\u0161a\u0165 nejak\u00e9 veci, budeme pracova\u0165 v dvoch syst\u00e9moch a potrebujeme aj niektor\u00fdch hr\u00e1\u010dov viac vy\u0165a\u017ei\u0165. Ur\u010dite sa to nebude zhodova\u0165 s prv\u00fdm kolom, ale chceme si tam niektor\u00e9 veci pripravi\u0165. Tento t\u00fd\u017ede\u0148 bol v jeho z\u00e1vere pred z\u00e1pasom tak\u00fd vo\u013enej\u0161\u00ed, tak\u017ee hr\u00e1\u010di by mali by\u0165 odpo\u010dinut\u00ed a pripraven\u00ed tak, ako o t\u00fd\u017ede\u0148 na ligu.\u201c<\/em><\/strong><\/p>\n\n\n\n<figure class=\"wp-block-embed is-type-video is-provider-youtube wp-block-embed-youtube wp-embed-aspect-16-9 wp-has-aspect-ratio\"><div class=\"wp-block-embed__wrapper\">\n<iframe loading=\"lazy\" title=\"Michal Ga\u0161par\u00edk: V gener\u00e1lke sa nebude zostava zhodova\u0165 s prv\u00fdm jarn\u00fdm kolom\" width=\"500\" height=\"281\" src=\"https:\/\/www.youtube.com\/embed\/DUtgQZcistg?feature=oembed\" frameborder=\"0\" allow=\"accelerometer; autoplay; clipboard-write; encrypted-media; gyroscope; picture-in-picture; web-share\" referrerpolicy=\"strict-origin-when-cross-origin\" allowfullscreen><\/iframe>\n<\/div><\/figure>\n\n\n\n<p>Po\u010das janu\u00e1ra pauzovalo viacero hr\u00e1\u010dov. Erik Daniel neodcestoval ani na s\u00fastredenie na Maltu, individu\u00e1lne sa pripravovali Bukata, \u0160tef\u00e1nik, Twardzik, zo z\u00e1pasu so \u0160amor\u00ednom si zranenie priniesol Bolaji.<em>&nbsp;<strong><em>\u201eMoment\u00e1lne vyzer\u00e1me ove\u013ea lep\u0161ie, lebo v\u0161etci sa pridali do tr\u00e9ningov\u00e9ho procesu, okrem \u010curmu. Ten e\u0161te potrebuje p\u00e1r dn\u00ed a potom sa prid\u00e1 k n\u00e1m. Ostatn\u00ed u\u017e s nami tr\u00e9nuj\u00fa. Niektor\u00ed v pr\u00edprave vynechali viac, tak\u017ee musia zamaka\u0165. Po\u0161etr\u00edme aj k\u013e\u00fa\u010dov\u00fdch hr\u00e1\u010dov, mo\u017eno p\u00f4jdu v prvom kole a\u017e do druh\u00e9ho pol\u010dasu. To je jedin\u00e9 m\u00ednus pr\u00edpravy, \u017ee niektor\u00ed hr\u00e1\u010di na nejak\u00e9 obdobie z toho vypadli.\u201c<\/em><\/strong><\/em><\/p>\n\n\n\n<p>Dnes posilnil mu\u017estvo 21-ro\u010dn\u00fd ghansk\u00fd kr\u00eddeln\u00edk Kelvin Ofori, ktor\u00fd by si zajtra mohol odkr\u00fati\u0165 prv\u00e9 min\u00faty v spartakovskom drese s \u010d\u00edslom 97<em><em>.&nbsp;<strong><em>\u201eT\u00fdm, \u017ee dnes u\u017e sme ho mali na tr\u00e9ningu, \u010do bol tak\u00fd podstatn\u00fd tr\u00e9ning, aby trocha zapadol do mu\u017estva aj syst\u00e9movo, tak zajtra s n\u00edm ur\u010dite r\u00e1tame.\u201c<\/em><\/strong><\/em><\/em><\/p>\n\n\n\n<p>Z\u00e1pas TSV Hartberg \u2013 Spartak Trnava sa uskuto\u010dn\u00ed na hlavnom \u0161tadi\u00f3ne v Hartbergu od 14. hodiny.<\/p>","protected":false},"excerpt":{"rendered":"<p>Spartakovci maj\u00fa pred sebou posledn\u00fd pr\u00edpravn\u00fd z\u00e1pas pred&#8230;<\/p>","protected":false},"author":2,"featured_media":5103,"comment_status":"closed","ping_status":"closed","sticky":false,"template":"","format":"standard","meta":{"footnotes":""},"categories":[30,12],"tags":[11],"class_list":["post-5102","post","type-post","status-publish","format-standard","has-post-thumbnail","hentry","category-priprava","category-spravy","tag-michal-gasparik","post-number-1"],"yoast_head":"<!-- This site is optimized with the Yoast SEO plugin v27.1.1 - https:\/\/yoast.com\/product\/yoast-seo-wordpress\/ -->\n<title>Zajtra gener\u00e1lka v rak\u00faskom Hartbergu - FC Spartak Trnava<\/title>\n<meta name=\"robots\" content=\"index, follow, max-snippet:-1, max-image-preview:large, max-video-preview:-1\" \/>\n<link rel=\"canonical\" href=\"https:\/\/fcspartaktrnava.com\/en\/zajtra-generalka-v-rakuskom-hartbergu\/\" \/>\n<meta name=\"twitter:label1\" content=\"Written by\" \/>\n\t<meta name=\"twitter:data1\" content=\"spartak\" \/>\n\t<meta name=\"twitter:label2\" content=\"Estimated reading time\" \/>\n\t<meta name=\"twitter:data2\" content=\"2 minutes\" \/>\n<script type=\"application\/ld+json\" class=\"yoast-schema-graph\">{\"@context\":\"https:\/\/schema.org\",\"@graph\":[{\"@type\":\"Article\",\"@id\":\"https:\/\/fcspartaktrnava.com\/zajtra-generalka-v-rakuskom-hartbergu\/#article\",\"isPartOf\":{\"@id\":\"https:\/\/fcspartaktrnava.com\/zajtra-generalka-v-rakuskom-hartbergu\/\"},\"author\":{\"name\":\"spartak\",\"@id\":\"https:\/\/fcspartaktrnava.com\/#\/schema\/person\/24bc5b254af14f71d7d8af178790aa75\"},\"headline\":\"Zajtra gener\u00e1lka v rak\u00faskom Hartbergu\",\"datePublished\":\"2023-02-03T10:53:51+00:00\",\"dateModified\":\"2023-02-06T10:54:50+00:00\",\"mainEntityOfPage\":{\"@id\":\"https:\/\/fcspartaktrnava.com\/zajtra-generalka-v-rakuskom-hartbergu\/\"},\"wordCount\":364,\"publisher\":{\"@id\":\"https:\/\/fcspartaktrnava.com\/#organization\"},\"image\":{\"@id\":\"https:\/\/fcspartaktrnava.com\/zajtra-generalka-v-rakuskom-hartbergu\/#primaryimage\"},\"thumbnailUrl\":\"https:\/\/fcspartaktrnava.com\/wp-content\/uploads\/2023\/02\/priprava-trening.jpg\",\"keywords\":[\"Michal Ga\u0161par\u00edk\"],\"articleSection\":[\"Pr\u00edprava\",\"Spr\u00e1vy\"],\"inLanguage\":\"en-GB\"},{\"@type\":\"WebPage\",\"@id\":\"https:\/\/fcspartaktrnava.com\/zajtra-generalka-v-rakuskom-hartbergu\/\",\"url\":\"https:\/\/fcspartaktrnava.com\/zajtra-generalka-v-rakuskom-hartbergu\/\",\"name\":\"Zajtra gener\u00e1lka v rak\u00faskom Hartbergu - FC Spartak Trnava\",\"isPartOf\":{\"@id\":\"https:\/\/fcspartaktrnava.com\/#website\"},\"primaryImageOfPage\":{\"@id\":\"https:\/\/fcspartaktrnava.com\/zajtra-generalka-v-rakuskom-hartbergu\/#primaryimage\"},\"image\":{\"@id\":\"https:\/\/fcspartaktrnava.com\/zajtra-generalka-v-rakuskom-hartbergu\/#primaryimage\"},\"thumbnailUrl\":\"https:\/\/fcspartaktrnava.com\/wp-content\/uploads\/2023\/02\/priprava-trening.jpg\",\"datePublished\":\"2023-02-03T10:53:51+00:00\",\"dateModified\":\"2023-02-06T10:54:50+00:00\",\"breadcrumb\":{\"@id\":\"https:\/\/fcspartaktrnava.com\/zajtra-generalka-v-rakuskom-hartbergu\/#breadcrumb\"},\"inLanguage\":\"en-GB\",\"potentialAction\":[{\"@type\":\"ReadAction\",\"target\":[\"https:\/\/fcspartaktrnava.com\/zajtra-generalka-v-rakuskom-hartbergu\/\"]}]},{\"@type\":\"ImageObject\",\"inLanguage\":\"en-GB\",\"@id\":\"https:\/\/fcspartaktrnava.com\/zajtra-generalka-v-rakuskom-hartbergu\/#primaryimage\",\"url\":\"https:\/\/fcspartaktrnava.com\/wp-content\/uploads\/2023\/02\/priprava-trening.jpg\",\"contentUrl\":\"https:\/\/fcspartaktrnava.com\/wp-content\/uploads\/2023\/02\/priprava-trening.jpg\",\"width\":998,\"height\":665},{\"@type\":\"BreadcrumbList\",\"@id\":\"https:\/\/fcspartaktrnava.com\/zajtra-generalka-v-rakuskom-hartbergu\/#breadcrumb\",\"itemListElement\":[{\"@type\":\"ListItem\",\"position\":1,\"name\":\"Home\",\"item\":\"https:\/\/fcspartaktrnava.com\/\"},{\"@type\":\"ListItem\",\"position\":2,\"name\":\"Zajtra gener\u00e1lka v rak\u00faskom Hartbergu\"}]},{\"@type\":\"WebSite\",\"@id\":\"https:\/\/fcspartaktrnava.com\/#website\",\"url\":\"https:\/\/fcspartaktrnava.com\/\",\"name\":\"FC Spartak Trnava\",\"description\":\"ofici\u00e1lna webstr\u00e1nka futbalov\u00e9ho klubu\",\"publisher\":{\"@id\":\"https:\/\/fcspartaktrnava.com\/#organization\"},\"potentialAction\":[{\"@type\":\"SearchAction\",\"target\":{\"@type\":\"EntryPoint\",\"urlTemplate\":\"https:\/\/fcspartaktrnava.com\/?s={search_term_string}\"},\"query-input\":{\"@type\":\"PropertyValueSpecification\",\"valueRequired\":true,\"valueName\":\"search_term_string\"}}],\"inLanguage\":\"en-GB\"},{\"@type\":\"Organization\",\"@id\":\"https:\/\/fcspartaktrnava.com\/#organization\",\"name\":\"FC Spartak Trnava\",\"alternateName\":\"Spartak\",\"url\":\"https:\/\/fcspartaktrnava.com\/\",\"logo\":{\"@type\":\"ImageObject\",\"inLanguage\":\"en-GB\",\"@id\":\"https:\/\/fcspartaktrnava.com\/#\/schema\/logo\/image\/\",\"url\":\"https:\/\/fcspartaktrnava.com\/wp-content\/uploads\/2022\/08\/cropped-site_logo.png\",\"contentUrl\":\"https:\/\/fcspartaktrnava.com\/wp-content\/uploads\/2022\/08\/cropped-site_logo.png\",\"width\":140,\"height\":140,\"caption\":\"FC Spartak Trnava\"},\"image\":{\"@id\":\"https:\/\/fcspartaktrnava.com\/#\/schema\/logo\/image\/\"},\"sameAs\":[\"https:\/\/www.facebook.com\/SpartakTrnava\",\"https:\/\/x.com\/SpartakTrnava1\",\"https:\/\/www.instagram.com\/spartak_sk\/\"]},{\"@type\":\"Person\",\"@id\":\"https:\/\/fcspartaktrnava.com\/#\/schema\/person\/24bc5b254af14f71d7d8af178790aa75\",\"name\":\"spartak\",\"image\":{\"@type\":\"ImageObject\",\"inLanguage\":\"en-GB\",\"@id\":\"https:\/\/fcspartaktrnava.com\/#\/schema\/person\/image\/\",\"url\":\"https:\/\/secure.gravatar.com\/avatar\/f8ff8584f3fcf3909a11a6da9019f37749183b4015bca14e64556c52614cdc7f?s=96&d=mm&r=g\",\"contentUrl\":\"https:\/\/secure.gravatar.com\/avatar\/f8ff8584f3fcf3909a11a6da9019f37749183b4015bca14e64556c52614cdc7f?s=96&d=mm&r=g\",\"caption\":\"spartak\"},\"url\":\"https:\/\/fcspartaktrnava.com\/en\/author\/spartak\/\"}]}<\/script>\n<!-- \/ Yoast SEO plugin. -->","yoast_head_json":{"title":"Zajtra gener\u00e1lka v rak\u00faskom Hartbergu - FC Spartak Trnava","robots":{"index":"index","follow":"follow","max-snippet":"max-snippet:-1","max-image-preview":"max-image-preview:large","max-video-preview":"max-video-preview:-1"},"canonical":"https:\/\/fcspartaktrnava.com\/en\/zajtra-generalka-v-rakuskom-hartbergu\/","twitter_misc":{"Written by":"spartak","Estimated reading time":"2 minutes"},"schema":{"@context":"https:\/\/schema.org","@graph":[{"@type":"Article","@id":"https:\/\/fcspartaktrnava.com\/zajtra-generalka-v-rakuskom-hartbergu\/#article","isPartOf":{"@id":"https:\/\/fcspartaktrnava.com\/zajtra-generalka-v-rakuskom-hartbergu\/"},"author":{"name":"spartak","@id":"https:\/\/fcspartaktrnava.com\/#\/schema\/person\/24bc5b254af14f71d7d8af178790aa75"},"headline":"Zajtra gener\u00e1lka v rak\u00faskom Hartbergu","datePublished":"2023-02-03T10:53:51+00:00","dateModified":"2023-02-06T10:54:50+00:00","mainEntityOfPage":{"@id":"https:\/\/fcspartaktrnava.com\/zajtra-generalka-v-rakuskom-hartbergu\/"},"wordCount":364,"publisher":{"@id":"https:\/\/fcspartaktrnava.com\/#organization"},"image":{"@id":"https:\/\/fcspartaktrnava.com\/zajtra-generalka-v-rakuskom-hartbergu\/#primaryimage"},"thumbnailUrl":"https:\/\/fcspartaktrnava.com\/wp-content\/uploads\/2023\/02\/priprava-trening.jpg","keywords":["Michal Ga\u0161par\u00edk"],"articleSection":["Pr\u00edprava","Spr\u00e1vy"],"inLanguage":"en-GB"},{"@type":"WebPage","@id":"https:\/\/fcspartaktrnava.com\/zajtra-generalka-v-rakuskom-hartbergu\/","url":"https:\/\/fcspartaktrnava.com\/zajtra-generalka-v-rakuskom-hartbergu\/","name":"Zajtra gener\u00e1lka v rak\u00faskom Hartbergu - FC Spartak Trnava","isPartOf":{"@id":"https:\/\/fcspartaktrnava.com\/#website"},"primaryImageOfPage":{"@id":"https:\/\/fcspartaktrnava.com\/zajtra-generalka-v-rakuskom-hartbergu\/#primaryimage"},"image":{"@id":"https:\/\/fcspartaktrnava.com\/zajtra-generalka-v-rakuskom-hartbergu\/#primaryimage"},"thumbnailUrl":"https:\/\/fcspartaktrnava.com\/wp-content\/uploads\/2023\/02\/priprava-trening.jpg","datePublished":"2023-02-03T10:53:51+00:00","dateModified":"2023-02-06T10:54:50+00:00","breadcrumb":{"@id":"https:\/\/fcspartaktrnava.com\/zajtra-generalka-v-rakuskom-hartbergu\/#breadcrumb"},"inLanguage":"en-GB","potentialAction":[{"@type":"ReadAction","target":["https:\/\/fcspartaktrnava.com\/zajtra-generalka-v-rakuskom-hartbergu\/"]}]},{"@type":"ImageObject","inLanguage":"en-GB","@id":"https:\/\/fcspartaktrnava.com\/zajtra-generalka-v-rakuskom-hartbergu\/#primaryimage","url":"https:\/\/fcspartaktrnava.com\/wp-content\/uploads\/2023\/02\/priprava-trening.jpg","contentUrl":"https:\/\/fcspartaktrnava.com\/wp-content\/uploads\/2023\/02\/priprava-trening.jpg","width":998,"height":665},{"@type":"BreadcrumbList","@id":"https:\/\/fcspartaktrnava.com\/zajtra-generalka-v-rakuskom-hartbergu\/#breadcrumb","itemListElement":[{"@type":"ListItem","position":1,"name":"Home","item":"https:\/\/fcspartaktrnava.com\/"},{"@type":"ListItem","position":2,"name":"Zajtra gener\u00e1lka v rak\u00faskom Hartbergu"}]},{"@type":"WebSite","@id":"https:\/\/fcspartaktrnava.com\/#website","url":"https:\/\/fcspartaktrnava.com\/","name":"FC Spartak Trnava","description":"ofici\u00e1lna webstr\u00e1nka futbalov\u00e9ho klubu","publisher":{"@id":"https:\/\/fcspartaktrnava.com\/#organization"},"potentialAction":[{"@type":"SearchAction","target":{"@type":"EntryPoint","urlTemplate":"https:\/\/fcspartaktrnava.com\/?s={search_term_string}"},"query-input":{"@type":"PropertyValueSpecification","valueRequired":true,"valueName":"search_term_string"}}],"inLanguage":"en-GB"},{"@type":"Organization","@id":"https:\/\/fcspartaktrnava.com\/#organization","name":"FC Spartak Trnava","alternateName":"Spartak","url":"https:\/\/fcspartaktrnava.com\/","logo":{"@type":"ImageObject","inLanguage":"en-GB","@id":"https:\/\/fcspartaktrnava.com\/#\/schema\/logo\/image\/","url":"https:\/\/fcspartaktrnava.com\/wp-content\/uploads\/2022\/08\/cropped-site_logo.png","contentUrl":"https:\/\/fcspartaktrnava.com\/wp-content\/uploads\/2022\/08\/cropped-site_logo.png","width":140,"height":140,"caption":"FC Spartak Trnava"},"image":{"@id":"https:\/\/fcspartaktrnava.com\/#\/schema\/logo\/image\/"},"sameAs":["https:\/\/www.facebook.com\/SpartakTrnava","https:\/\/x.com\/SpartakTrnava1","https:\/\/www.instagram.com\/spartak_sk\/"]},{"@type":"Person","@id":"https:\/\/fcspartaktrnava.com\/#\/schema\/person\/24bc5b254af14f71d7d8af178790aa75","name":"spartak","image":{"@type":"ImageObject","inLanguage":"en-GB","@id":"https:\/\/fcspartaktrnava.com\/#\/schema\/person\/image\/","url":"https:\/\/secure.gravatar.com\/avatar\/f8ff8584f3fcf3909a11a6da9019f37749183b4015bca14e64556c52614cdc7f?s=96&d=mm&r=g","contentUrl":"https:\/\/secure.gravatar.com\/avatar\/f8ff8584f3fcf3909a11a6da9019f37749183b4015bca14e64556c52614cdc7f?s=96&d=mm&r=g","caption":"spartak"},"url":"https:\/\/fcspartaktrnava.com\/en\/author\/spartak\/"}]}},"_links":{"self":[{"href":"https:\/\/fcspartaktrnava.com\/en\/wp-json\/wp\/v2\/posts\/5102","targetHints":{"allow":["GET"]}}],"collection":[{"href":"https:\/\/fcspartaktrnava.com\/en\/wp-json\/wp\/v2\/posts"}],"about":[{"href":"https:\/\/fcspartaktrnava.com\/en\/wp-json\/wp\/v2\/types\/post"}],"author":[{"embeddable":true,"href":"https:\/\/fcspartaktrnava.com\/en\/wp-json\/wp\/v2\/users\/2"}],"replies":[{"embeddable":true,"href":"https:\/\/fcspartaktrnava.com\/en\/wp-json\/wp\/v2\/comments?post=5102"}],"version-history":[{"count":0,"href":"https:\/\/fcspartaktrnava.com\/en\/wp-json\/wp\/v2\/posts\/5102\/revisions"}],"wp:featuredmedia":[{"embeddable":true,"href":"https:\/\/fcspartaktrnava.com\/en\/wp-json\/wp\/v2\/media\/5103"}],"wp:attachment":[{"href":"https:\/\/fcspartaktrnava.com\/en\/wp-json\/wp\/v2\/media?parent=5102"}],"wp:term":[{"taxonomy":"category","embeddable":true,"href":"https:\/\/fcspartaktrnava.com\/en\/wp-json\/wp\/v2\/categories?post=5102"},{"taxonomy":"post_tag","embeddable":true,"href":"https:\/\/fcspartaktrnava.com\/en\/wp-json\/wp\/v2\/tags?post=5102"}],"curies":[{"name":"wp","href":"https:\/\/api.w.org\/{rel}","templated":true}]}}