{"id":48741,"date":"2026-09-06T21:29:58","date_gmt":"2026-09-06T19:29:58","guid":{"rendered":"https:\/\/fcspartaktrnava.com\/?p=48741"},"modified":"2026-09-06T21:29:59","modified_gmt":"2026-09-06T19:29:59","slug":"po-remize-ziskal-spartak-v-ruzomberku-iba-bod","status":"publish","type":"post","link":"https:\/\/fcspartaktrnava.com\/en\/po-remize-ziskal-spartak-v-ruzomberku-iba-bod\/","title":{"rendered":"Po rem\u00edze z\u00edskal Spartak v Ru\u017eomberku iba bod"},"content":{"rendered":"<p class=\"has-text-align-center has-black-color has-white-background-color has-text-color has-background has-link-color has-medium-font-size wp-elements-9a4c6c6baf6249150321ad91c6717304 wp-block-paragraph\"><strong>Nik\u00e9 liga 7. kolo<br><br>Ru\u017eomberok &#8211; FC Spartak Trnava 1:1 (1:0)<\/strong> \u00a0<br><br><strong>RU\u017dOMBEROK: <\/strong>Kraj\u010d\u00edrik \u2013 Luter\u00e1n (81. Jevo\u0161), Kostl, Maru\u0161in, Seleck\u00fd (89. Prekop) \u2013 Sou\u010dek, Kostka, Tu\u010dn\u00fd (64. Koubek), Lavrin\u010d\u00edk \u2013 Hrano\u0161 (81. Chobot), Hlad\u00edk\u00a0(C) (90. Gerec).<br><strong>SPARTAK:<\/strong> Vantruba \u2013 Ko\u0161trna, Sabo (C), Ujlaky (85. Wildeboer), Carri\u00f3n \u2013 Begala \/73. Moistrapishvili), Lau\u0161i\u010d \u2013 Mehmeti (59. Azango), Khorkheli, Trello (59. Bukovsk\u00fd) &#8211; Kudli\u010dka<br><strong>\u00a0<\/strong><br><strong>Goals: <\/strong>13. Tu\u010dn\u00fd \u2013 74. Bukovsk\u00fd<br>\u00a0<br><strong>Yellow cards: <\/strong>Tu\u010dn\u00fd, Kostka, Koubek &#8211; Lau\u0161i\u010d, Kudli\u010dka, Mehmeti, Ko\u0161trna, Vantruba, Khorkheli<br><br><strong>Judges: <\/strong>Benedik \u2013 Jekkel, Vass<br><br><strong>Spectators:<\/strong>1 771<\/p>\n\n\n\n<p class=\"wp-block-paragraph\"><\/p>\n\n\n\n<p class=\"has-text-align-center has-medium-font-size wp-block-paragraph\">Proti Ru\u017eomberku nahradil na \u013eavej obrane zranen\u00e9ho Mikovi\u010da Carri\u00f3n, od \u00favodu hral aj Mehmeti.<br><br>Dom\u00e1ci postavili do br\u00e1nky navr\u00e1tilca Kraj\u010dir\u00edka, v\u00a0\u00fatoku sa po pauze objavil Hlad\u00edk. V\u00a0tretej min\u00fate kopali dom\u00e1ci roh a\u00a0po skrum\u00e1\u017ei v\u00a0\u0161estn\u00e1stke sme takmer inkasovali, ale obrana si napokon svoju poz\u00edciu zastala. V\u00a0trin\u00e1stej min\u00fate mali Ru\u017eomber\u010dania nebezpe\u010dn\u00fd priamy kop zo vzdialenosti asi osemn\u00e1s\u0165 metrov a\u00a0exek\u00fator Tu\u010dn\u00fd to trafil presne \u2013 1:0.<br><br>O\u00a0p\u00e1r min\u00fat nesk\u00f4r dostal Mehmeti skvel\u00fa kr\u00ed\u017enu prihr\u00e1vku od Carri\u00f3na a\u00a0zakon\u010doval v\u0161ak tesne mimo br\u00e1nky dom\u00e1cich. Aktivitu na kopa\u010dk\u00e1ch Spartaka potvrdil aj Begala so svojim pokusom z\u00a0hranice \u0161estn\u00e1stky. Aj jeho pokus mieril mimo Kraj\u010d\u00edrikovej br\u00e1nky. Carri\u00f3n vy\u0161kolil \u013eav\u00e9ho obrancu, sol\u00eddne odcentroval a\u00a0Kraj\u010d\u00edrikovi lopta vypadla, Kudli\u010dka bol s\u00edce pozorn\u00fd, ale nemal dos\u0165 \u010dasu a\u00a0priestoru ju uprata\u0165 do siete.<br><br>Kr\u00e1tko po polhodine hry sa do ojedinelej akcie dostali Lipt\u00e1ci, po prensesen\u00ed hry na prav\u00fa stranu poslal nebezpe\u010dn\u00fa loptu na Vantrubu Kostka av\u0161ak na\u0161a jednotka si vysl\u00fa\u017eil potlesk aj dom\u00e1cich div\u00e1kov za skvel\u00fd z\u00e1krok. <br><br>Do kab\u00edn sme teda i\u0161li s\u00a0jednog\u00f3lov\u00fdm mankom. Druh\u00e9 dejstvo pokra\u010doval trnavsk\u00fd t\u00edm v\u00a0rovnakom zlo\u017een\u00ed a\u00a0tlak na s\u00fapera pokra\u010doval od \u00favodnej min\u00faty. Na hern\u00fa prevahu reagovala aj lavi\u010dka, do hry kr\u00e1tko pred hodinou hry pri\u0161li Azango a\u00a0Bukovsk\u00fd.Pri s\u00faboji Ujlakyho a\u00a0Koubeka uk\u00e1zal rozhodca dom\u00e1cemu hr\u00e1\u010dovi najprv \u017elt\u00fa kartu, po intervencii VAR si situ\u00e1ciu i\u0161iel pozrie\u0165 opakovane a\u00a0potvrdil trest. Hrala sa 73. min\u00fata a\u00a0podpori\u0165 ofenz\u00edvu pri\u0161iel Moistrapishvili. <br><br>Kr\u00e1tko potom n\u00e1m kone\u010dne akcia vy\u0161la, Azango podr\u017eal loptu na\u0161iel Ko\u0161trnu a\u00a0ten centrom na\u0161iel Bukovsk\u00e9ho, ktor\u00fd strelou od \u017erde vyrovnal \u2013 1:1. Dom\u00e1ci po vyrovnan\u00ed nevedeli kam sk\u00f4r sko\u010di\u0165, hralo iba jedno mu\u017estvo a\u00a0g\u00f3l visel vo vzduchu. Z\u00e1vere\u010dn\u00fd tlak podporil tr\u00e9ner Mu\u0148oz Wildeboerom, ten nahradil stop\u00e9ra Ujlakyho. Pr\u00e1ve Holan\u010fan mal jedine\u010dn\u00fa pr\u00edle\u017eitos\u0165 na g\u00f3l, ale v\u00a0\u00faplnom z\u00e1vere poslal loptu tesne mimo br\u00e1nku. Spartak si z\u00a0Ru\u017eomberku po prevahe najm\u00e4 z\u00a0druh\u00e9ho pol\u010dasu odv\u00e1\u017ea iba bod za rem\u00edzu 1:1.<br><br><\/p>\n\n\n\n<p class=\"wp-block-paragraph\"><\/p>","protected":false},"excerpt":{"rendered":"<p>Nik\u00e9 liga 7. koloRu\u017eomberok &#8211; FC Spartak Trnava&#8230;<\/p>","protected":false},"author":10,"featured_media":48742,"comment_status":"closed","ping_status":"closed","sticky":false,"template":"","format":"standard","meta":{"footnotes":""},"categories":[12],"tags":[],"class_list":["post-48741","post","type-post","status-publish","format-standard","has-post-thumbnail","hentry","category-spravy","post-number-1"],"yoast_head":"<!-- This site is optimized with the Yoast SEO plugin v28.1 - https:\/\/yoast.com\/product\/yoast-seo-wordpress\/ -->\n<title>Po rem\u00edze z\u00edskal Spartak v Ru\u017eomberku iba bod - FC Spartak Trnava<\/title>\n<meta name=\"robots\" content=\"index, follow, max-snippet:-1, max-image-preview:large, max-video-preview:-1\" \/>\n<link rel=\"canonical\" href=\"https:\/\/fcspartaktrnava.com\/en\/po-remize-ziskal-spartak-v-ruzomberku-iba-bod\/\" \/>\n<meta name=\"twitter:label1\" content=\"Written by\" \/>\n\t<meta name=\"twitter:data1\" content=\"Martin Jani\u0161\" \/>\n\t<meta name=\"twitter:label2\" content=\"Estimated reading time\" \/>\n\t<meta name=\"twitter:data2\" content=\"3 minutes\" \/>\n<script type=\"application\/ld+json\" class=\"yoast-schema-graph\">{\"@context\":\"https:\\\/\\\/schema.org\",\"@graph\":[{\"@type\":\"Article\",\"@id\":\"https:\\\/\\\/fcspartaktrnava.com\\\/po-remize-ziskal-spartak-v-ruzomberku-iba-bod\\\/#article\",\"isPartOf\":{\"@id\":\"https:\\\/\\\/fcspartaktrnava.com\\\/po-remize-ziskal-spartak-v-ruzomberku-iba-bod\\\/\"},\"author\":{\"name\":\"Martin Jani\u0161\",\"@id\":\"https:\\\/\\\/fcspartaktrnava.com\\\/#\\\/schema\\\/person\\\/7cdd4b929b99ded36250b65a912c3e50\"},\"headline\":\"Po rem\u00edze z\u00edskal Spartak v Ru\u017eomberku iba bod\",\"datePublished\":\"2026-09-06T19:29:58+00:00\",\"dateModified\":\"2026-09-06T19:29:59+00:00\",\"mainEntityOfPage\":{\"@id\":\"https:\\\/\\\/fcspartaktrnava.com\\\/po-remize-ziskal-spartak-v-ruzomberku-iba-bod\\\/\"},\"wordCount\":514,\"publisher\":{\"@id\":\"https:\\\/\\\/fcspartaktrnava.com\\\/#organization\"},\"image\":{\"@id\":\"https:\\\/\\\/fcspartaktrnava.com\\\/po-remize-ziskal-spartak-v-ruzomberku-iba-bod\\\/#primaryimage\"},\"thumbnailUrl\":\"https:\\\/\\\/fcspartaktrnava.com\\\/wp-content\\\/uploads\\\/2026\\\/09\\\/LUC_2152-scaled.jpg\",\"articleSection\":[\"Spr\u00e1vy\"],\"inLanguage\":\"en-GB\"},{\"@type\":\"WebPage\",\"@id\":\"https:\\\/\\\/fcspartaktrnava.com\\\/po-remize-ziskal-spartak-v-ruzomberku-iba-bod\\\/\",\"url\":\"https:\\\/\\\/fcspartaktrnava.com\\\/po-remize-ziskal-spartak-v-ruzomberku-iba-bod\\\/\",\"name\":\"Po rem\u00edze z\u00edskal Spartak v Ru\u017eomberku iba bod - FC Spartak Trnava\",\"isPartOf\":{\"@id\":\"https:\\\/\\\/fcspartaktrnava.com\\\/#website\"},\"primaryImageOfPage\":{\"@id\":\"https:\\\/\\\/fcspartaktrnava.com\\\/po-remize-ziskal-spartak-v-ruzomberku-iba-bod\\\/#primaryimage\"},\"image\":{\"@id\":\"https:\\\/\\\/fcspartaktrnava.com\\\/po-remize-ziskal-spartak-v-ruzomberku-iba-bod\\\/#primaryimage\"},\"thumbnailUrl\":\"https:\\\/\\\/fcspartaktrnava.com\\\/wp-content\\\/uploads\\\/2026\\\/09\\\/LUC_2152-scaled.jpg\",\"datePublished\":\"2026-09-06T19:29:58+00:00\",\"dateModified\":\"2026-09-06T19:29:59+00:00\",\"breadcrumb\":{\"@id\":\"https:\\\/\\\/fcspartaktrnava.com\\\/po-remize-ziskal-spartak-v-ruzomberku-iba-bod\\\/#breadcrumb\"},\"inLanguage\":\"en-GB\",\"potentialAction\":[{\"@type\":\"ReadAction\",\"target\":[\"https:\\\/\\\/fcspartaktrnava.com\\\/po-remize-ziskal-spartak-v-ruzomberku-iba-bod\\\/\"]}]},{\"@type\":\"ImageObject\",\"inLanguage\":\"en-GB\",\"@id\":\"https:\\\/\\\/fcspartaktrnava.com\\\/po-remize-ziskal-spartak-v-ruzomberku-iba-bod\\\/#primaryimage\",\"url\":\"https:\\\/\\\/fcspartaktrnava.com\\\/wp-content\\\/uploads\\\/2026\\\/09\\\/LUC_2152-scaled.jpg\",\"contentUrl\":\"https:\\\/\\\/fcspartaktrnava.com\\\/wp-content\\\/uploads\\\/2026\\\/09\\\/LUC_2152-scaled.jpg\",\"width\":2560,\"height\":1707},{\"@type\":\"BreadcrumbList\",\"@id\":\"https:\\\/\\\/fcspartaktrnava.com\\\/po-remize-ziskal-spartak-v-ruzomberku-iba-bod\\\/#breadcrumb\",\"itemListElement\":[{\"@type\":\"ListItem\",\"position\":1,\"name\":\"Home\",\"item\":\"https:\\\/\\\/fcspartaktrnava.com\\\/\"},{\"@type\":\"ListItem\",\"position\":2,\"name\":\"Po rem\u00edze z\u00edskal Spartak v Ru\u017eomberku iba bod\"}]},{\"@type\":\"WebSite\",\"@id\":\"https:\\\/\\\/fcspartaktrnava.com\\\/#website\",\"url\":\"https:\\\/\\\/fcspartaktrnava.com\\\/\",\"name\":\"FC Spartak Trnava\",\"description\":\"ofici\u00e1lna webstr\u00e1nka futbalov\u00e9ho klubu\",\"publisher\":{\"@id\":\"https:\\\/\\\/fcspartaktrnava.com\\\/#organization\"},\"potentialAction\":[{\"@type\":\"SearchAction\",\"target\":{\"@type\":\"EntryPoint\",\"urlTemplate\":\"https:\\\/\\\/fcspartaktrnava.com\\\/?s={search_term_string}\"},\"query-input\":{\"@type\":\"PropertyValueSpecification\",\"valueRequired\":true,\"valueName\":\"search_term_string\"}}],\"inLanguage\":\"en-GB\"},{\"@type\":\"Organization\",\"@id\":\"https:\\\/\\\/fcspartaktrnava.com\\\/#organization\",\"name\":\"FC Spartak Trnava\",\"alternateName\":\"Spartak\",\"url\":\"https:\\\/\\\/fcspartaktrnava.com\\\/\",\"logo\":{\"@type\":\"ImageObject\",\"inLanguage\":\"en-GB\",\"@id\":\"https:\\\/\\\/fcspartaktrnava.com\\\/#\\\/schema\\\/logo\\\/image\\\/\",\"url\":\"https:\\\/\\\/fcspartaktrnava.com\\\/wp-content\\\/uploads\\\/2022\\\/08\\\/cropped-site_logo.png\",\"contentUrl\":\"https:\\\/\\\/fcspartaktrnava.com\\\/wp-content\\\/uploads\\\/2022\\\/08\\\/cropped-site_logo.png\",\"width\":140,\"height\":140,\"caption\":\"FC Spartak Trnava\"},\"image\":{\"@id\":\"https:\\\/\\\/fcspartaktrnava.com\\\/#\\\/schema\\\/logo\\\/image\\\/\"},\"sameAs\":[\"https:\\\/\\\/www.facebook.com\\\/SpartakTrnava\",\"https:\\\/\\\/x.com\\\/SpartakTrnava1\",\"https:\\\/\\\/www.instagram.com\\\/spartak_sk\\\/\"]},{\"@type\":\"Person\",\"@id\":\"https:\\\/\\\/fcspartaktrnava.com\\\/#\\\/schema\\\/person\\\/7cdd4b929b99ded36250b65a912c3e50\",\"name\":\"Martin Jani\u0161\",\"image\":{\"@type\":\"ImageObject\",\"inLanguage\":\"en-GB\",\"@id\":\"https:\\\/\\\/secure.gravatar.com\\\/avatar\\\/fedc052aa0cc97945f02257b4d7403b58c43abc4a09851b80363a242b2276a06?s=96&d=mm&r=g\",\"url\":\"https:\\\/\\\/secure.gravatar.com\\\/avatar\\\/fedc052aa0cc97945f02257b4d7403b58c43abc4a09851b80363a242b2276a06?s=96&d=mm&r=g\",\"contentUrl\":\"https:\\\/\\\/secure.gravatar.com\\\/avatar\\\/fedc052aa0cc97945f02257b4d7403b58c43abc4a09851b80363a242b2276a06?s=96&d=mm&r=g\",\"caption\":\"Martin Jani\u0161\"},\"sameAs\":[\"http:\\\/\\\/Martin%20Janis\"],\"url\":\"https:\\\/\\\/fcspartaktrnava.com\\\/en\\\/author\\\/martin-janis\\\/\"}]}<\/script>\n<!-- \/ Yoast SEO plugin. -->","yoast_head_json":{"title":"Po rem\u00edze z\u00edskal Spartak v Ru\u017eomberku iba bod - FC Spartak Trnava","robots":{"index":"index","follow":"follow","max-snippet":"max-snippet:-1","max-image-preview":"max-image-preview:large","max-video-preview":"max-video-preview:-1"},"canonical":"https:\/\/fcspartaktrnava.com\/en\/po-remize-ziskal-spartak-v-ruzomberku-iba-bod\/","twitter_misc":{"Written by":"Martin Jani\u0161","Estimated reading time":"3 minutes"},"schema":{"@context":"https:\/\/schema.org","@graph":[{"@type":"Article","@id":"https:\/\/fcspartaktrnava.com\/po-remize-ziskal-spartak-v-ruzomberku-iba-bod\/#article","isPartOf":{"@id":"https:\/\/fcspartaktrnava.com\/po-remize-ziskal-spartak-v-ruzomberku-iba-bod\/"},"author":{"name":"Martin Jani\u0161","@id":"https:\/\/fcspartaktrnava.com\/#\/schema\/person\/7cdd4b929b99ded36250b65a912c3e50"},"headline":"Po rem\u00edze z\u00edskal Spartak v Ru\u017eomberku iba bod","datePublished":"2026-09-06T19:29:58+00:00","dateModified":"2026-09-06T19:29:59+00:00","mainEntityOfPage":{"@id":"https:\/\/fcspartaktrnava.com\/po-remize-ziskal-spartak-v-ruzomberku-iba-bod\/"},"wordCount":514,"publisher":{"@id":"https:\/\/fcspartaktrnava.com\/#organization"},"image":{"@id":"https:\/\/fcspartaktrnava.com\/po-remize-ziskal-spartak-v-ruzomberku-iba-bod\/#primaryimage"},"thumbnailUrl":"https:\/\/fcspartaktrnava.com\/wp-content\/uploads\/2026\/09\/LUC_2152-scaled.jpg","articleSection":["Spr\u00e1vy"],"inLanguage":"en-GB"},{"@type":"WebPage","@id":"https:\/\/fcspartaktrnava.com\/po-remize-ziskal-spartak-v-ruzomberku-iba-bod\/","url":"https:\/\/fcspartaktrnava.com\/po-remize-ziskal-spartak-v-ruzomberku-iba-bod\/","name":"Po rem\u00edze z\u00edskal Spartak v Ru\u017eomberku iba bod - FC Spartak Trnava","isPartOf":{"@id":"https:\/\/fcspartaktrnava.com\/#website"},"primaryImageOfPage":{"@id":"https:\/\/fcspartaktrnava.com\/po-remize-ziskal-spartak-v-ruzomberku-iba-bod\/#primaryimage"},"image":{"@id":"https:\/\/fcspartaktrnava.com\/po-remize-ziskal-spartak-v-ruzomberku-iba-bod\/#primaryimage"},"thumbnailUrl":"https:\/\/fcspartaktrnava.com\/wp-content\/uploads\/2026\/09\/LUC_2152-scaled.jpg","datePublished":"2026-09-06T19:29:58+00:00","dateModified":"2026-09-06T19:29:59+00:00","breadcrumb":{"@id":"https:\/\/fcspartaktrnava.com\/po-remize-ziskal-spartak-v-ruzomberku-iba-bod\/#breadcrumb"},"inLanguage":"en-GB","potentialAction":[{"@type":"ReadAction","target":["https:\/\/fcspartaktrnava.com\/po-remize-ziskal-spartak-v-ruzomberku-iba-bod\/"]}]},{"@type":"ImageObject","inLanguage":"en-GB","@id":"https:\/\/fcspartaktrnava.com\/po-remize-ziskal-spartak-v-ruzomberku-iba-bod\/#primaryimage","url":"https:\/\/fcspartaktrnava.com\/wp-content\/uploads\/2026\/09\/LUC_2152-scaled.jpg","contentUrl":"https:\/\/fcspartaktrnava.com\/wp-content\/uploads\/2026\/09\/LUC_2152-scaled.jpg","width":2560,"height":1707},{"@type":"BreadcrumbList","@id":"https:\/\/fcspartaktrnava.com\/po-remize-ziskal-spartak-v-ruzomberku-iba-bod\/#breadcrumb","itemListElement":[{"@type":"ListItem","position":1,"name":"Home","item":"https:\/\/fcspartaktrnava.com\/"},{"@type":"ListItem","position":2,"name":"Po rem\u00edze z\u00edskal Spartak v Ru\u017eomberku iba bod"}]},{"@type":"WebSite","@id":"https:\/\/fcspartaktrnava.com\/#website","url":"https:\/\/fcspartaktrnava.com\/","name":"FC Spartak Trnava","description":"ofici\u00e1lna webstr\u00e1nka futbalov\u00e9ho klubu","publisher":{"@id":"https:\/\/fcspartaktrnava.com\/#organization"},"potentialAction":[{"@type":"SearchAction","target":{"@type":"EntryPoint","urlTemplate":"https:\/\/fcspartaktrnava.com\/?s={search_term_string}"},"query-input":{"@type":"PropertyValueSpecification","valueRequired":true,"valueName":"search_term_string"}}],"inLanguage":"en-GB"},{"@type":"Organization","@id":"https:\/\/fcspartaktrnava.com\/#organization","name":"FC Spartak Trnava","alternateName":"Spartak","url":"https:\/\/fcspartaktrnava.com\/","logo":{"@type":"ImageObject","inLanguage":"en-GB","@id":"https:\/\/fcspartaktrnava.com\/#\/schema\/logo\/image\/","url":"https:\/\/fcspartaktrnava.com\/wp-content\/uploads\/2022\/08\/cropped-site_logo.png","contentUrl":"https:\/\/fcspartaktrnava.com\/wp-content\/uploads\/2022\/08\/cropped-site_logo.png","width":140,"height":140,"caption":"FC Spartak Trnava"},"image":{"@id":"https:\/\/fcspartaktrnava.com\/#\/schema\/logo\/image\/"},"sameAs":["https:\/\/www.facebook.com\/SpartakTrnava","https:\/\/x.com\/SpartakTrnava1","https:\/\/www.instagram.com\/spartak_sk\/"]},{"@type":"Person","@id":"https:\/\/fcspartaktrnava.com\/#\/schema\/person\/7cdd4b929b99ded36250b65a912c3e50","name":"Martin Jani\u0161","image":{"@type":"ImageObject","inLanguage":"en-GB","@id":"https:\/\/secure.gravatar.com\/avatar\/fedc052aa0cc97945f02257b4d7403b58c43abc4a09851b80363a242b2276a06?s=96&d=mm&r=g","url":"https:\/\/secure.gravatar.com\/avatar\/fedc052aa0cc97945f02257b4d7403b58c43abc4a09851b80363a242b2276a06?s=96&d=mm&r=g","contentUrl":"https:\/\/secure.gravatar.com\/avatar\/fedc052aa0cc97945f02257b4d7403b58c43abc4a09851b80363a242b2276a06?s=96&d=mm&r=g","caption":"Martin Jani\u0161"},"sameAs":["http:\/\/Martin%20Janis"],"url":"https:\/\/fcspartaktrnava.com\/en\/author\/martin-janis\/"}]}},"_links":{"self":[{"href":"https:\/\/fcspartaktrnava.com\/en\/wp-json\/wp\/v2\/posts\/48741","targetHints":{"allow":["GET"]}}],"collection":[{"href":"https:\/\/fcspartaktrnava.com\/en\/wp-json\/wp\/v2\/posts"}],"about":[{"href":"https:\/\/fcspartaktrnava.com\/en\/wp-json\/wp\/v2\/types\/post"}],"author":[{"embeddable":true,"href":"https:\/\/fcspartaktrnava.com\/en\/wp-json\/wp\/v2\/users\/10"}],"replies":[{"embeddable":true,"href":"https:\/\/fcspartaktrnava.com\/en\/wp-json\/wp\/v2\/comments?post=48741"}],"version-history":[{"count":0,"href":"https:\/\/fcspartaktrnava.com\/en\/wp-json\/wp\/v2\/posts\/48741\/revisions"}],"wp:featuredmedia":[{"embeddable":true,"href":"https:\/\/fcspartaktrnava.com\/en\/wp-json\/wp\/v2\/media\/48742"}],"wp:attachment":[{"href":"https:\/\/fcspartaktrnava.com\/en\/wp-json\/wp\/v2\/media?parent=48741"}],"wp:term":[{"taxonomy":"category","embeddable":true,"href":"https:\/\/fcspartaktrnava.com\/en\/wp-json\/wp\/v2\/categories?post=48741"},{"taxonomy":"post_tag","embeddable":true,"href":"https:\/\/fcspartaktrnava.com\/en\/wp-json\/wp\/v2\/tags?post=48741"}],"curies":[{"name":"wp","href":"https:\/\/api.w.org\/{rel}","templated":true}]}}